{"id":5451,"date":"2026-03-27T19:41:05","date_gmt":"2026-03-27T22:41:05","guid":{"rendered":"https:\/\/radioportoseguro.com.br\/site\/?p=5451"},"modified":"2026-03-27T19:41:05","modified_gmt":"2026-03-27T22:41:05","slug":"elizeu-alves-e-aline-souza-unem-vozes-na-emocionante-cancao-mais-bela","status":"publish","type":"post","link":"https:\/\/radioportoseguro.com.br\/site\/2026\/03\/27\/elizeu-alves-e-aline-souza-unem-vozes-na-emocionante-cancao-mais-bela\/","title":{"rendered":"Elizeu Alves e Aline Souza unem vozes na emocionante \u201cCan\u00e7\u00e3o Mais Bela\u201d"},"content":{"rendered":"<p data-path-to-node=\"5\">O cantor e compositor Elizeu Alves apresenta nesta sexta-feira (20) o single \u201cCan\u00e7\u00e3o Mais Bela\u201d. A faixa traz uma colabora\u00e7\u00e3o muito especial: a participa\u00e7\u00e3o da cantora Aline Souza, refor\u00e7ando o talento da nova gera\u00e7\u00e3o da m\u00fasica crist\u00e3 pernambucana.<\/p>\n<p data-path-to-node=\"7\">O novo projeto de Elizeu marca um amadurecimento em sua trajet\u00f3ria, trazendo can\u00e7\u00f5es que nasceram em diferentes momentos de sua caminhada com Deus. Mantendo a parceria de sucesso, o \u00e1lbum conta com a produ\u00e7\u00e3o musical de Felipe Trindade, que tamb\u00e9m assinou o aclamado trabalho anterior,\u00a0<i data-path-to-node=\"7\" data-index-in-node=\"286\">Cores<\/i>.<\/p>\n<p data-path-to-node=\"8\">Para o cantor, a ess\u00eancia deste repert\u00f3rio autoral \u00e9 a transpar\u00eancia.\u00a0<i data-path-to-node=\"9,0\" data-index-in-node=\"0\">\u201cEstou muito feliz com este trabalho. O repert\u00f3rio re\u00fane can\u00e7\u00f5es que nasceram em diferentes fases da minha vida, mas todas t\u00eam em comum a ess\u00eancia de um cora\u00e7\u00e3o sincero, desejando agradar ao Pai\u201d<\/i>, revela Elizeu Alves.<\/p>\n<p data-path-to-node=\"11\">\u201cCan\u00e7\u00e3o Mais Bela\u201d n\u00e3o \u00e9 apenas um t\u00edtulo, mas uma declara\u00e7\u00e3o de amor ao Criador. A letra reflete sobre como o amor divino alcan\u00e7a o ser humano mesmo em meio \u00e0s suas falhas.\u00a0<i data-path-to-node=\"12\" data-index-in-node=\"0\">\u201cMesmo com nossas falhas e fragilidades, o amor d\u2019Ele nos alcan\u00e7a, nos transforma e nunca nos abandona. E por isso tamb\u00e9m que nasceu \u2018Can\u00e7\u00e3o Mais Bela\u2019, como forma de gratid\u00e3o e expressando todo meu amor por Ele\u201d<\/i>, explica o artista.<\/p>\n<p data-path-to-node=\"14\">A escolha de Aline Souza para o dueto trouxe uma camada extra de emo\u00e7\u00e3o e identidade ao projeto. Conterr\u00e2neos, os artistas sintonizaram perfeitamente na interpreta\u00e7\u00e3o da faixa.\u00a0<i data-path-to-node=\"15\" data-index-in-node=\"0\">\u201cFoi uma alegria ministrar esta m\u00fasica com a querida Aline Souza, que tamb\u00e9m \u00e9 de Pernambuco, como eu!\u201d<\/i>, celebra Elizeu, destacando a conex\u00e3o regional e espiritual que selou a parceria.<\/p>\n<p data-path-to-node=\"16\"><strong><a href=\"https:\/\/mkmusic.ffm.to\/acancaomaisbelaaovivo\">Assista agora ao clipe de \u201cCan\u00e7\u00e3o Mais Bela\u201d no YouTube e ou\u00e7a na sua plataforma de m\u00fasica favorita.<\/a><\/strong><\/p>\n<p data-path-to-node=\"16\">\n<p data-path-to-node=\"16\"><div class=\"ose-youtube ose-uid-74a8929b5976aa8f8931f0b562b585de ose-embedpress-responsive\" style=\"width:600px; height:600px; max-height:600px; max-width:100%; display:inline-block;\" data-embed-type=\"Youtube\"><iframe allowFullScreen=\"true\" title=\"Elizeu Alves e Aline Souza - A Can\u00e7\u00e3o Mais Bela (Ao Vivo) (Clipe Oficial MK Music)\" width=\"600\" height=\"600\" src=\"https:\/\/www.youtube.com\/embed\/U2ibjZFO5Pk?feature=oembed&color=red&rel=0&controls=1&start=&end=&fs=0&iv_load_policy=0&autoplay=0&mute=0&modestbranding=0&cc_load_policy=1&playsinline=1\" frameborder=\"0\" allow=\"accelerometer; encrypted-media;accelerometer;autoplay;clipboard-write;gyroscope;picture-in-picture clipboard-write; encrypted-media; gyroscope; picture-in-picture; web-share\" referrerpolicy=\"strict-origin-when-cross-origin\" allowfullscreen><\/iframe><\/div><\/p>\n<p data-path-to-node=\"16\">\n<p data-path-to-node=\"16\">Fonte: mkmusic<\/p>\n","protected":false},"excerpt":{"rendered":"<p>O cantor e compositor Elizeu Alves apresenta nesta sexta-feira (20) o single \u201cCan\u00e7\u00e3o Mais Bela\u201d. A faixa traz uma colabora\u00e7\u00e3o muito especial: a participa\u00e7\u00e3o da cantora Aline Souza, refor\u00e7ando o talento da nova gera\u00e7\u00e3o da m\u00fasica crist\u00e3 pernambucana. O novo projeto de Elizeu marca um amadurecimento em sua trajet\u00f3ria, trazendo can\u00e7\u00f5es que nasceram em diferentes [&hellip;]<\/p>\n","protected":false},"author":2,"featured_media":5452,"comment_status":"closed","ping_status":"open","sticky":false,"template":"","format":"standard","meta":{"footnotes":""},"categories":[4],"tags":[],"class_list":["post-5451","post","type-post","status-publish","format-standard","has-post-thumbnail","hentry","category-musica"],"yoast_head":"<!-- This site is optimized with the Yoast SEO plugin v26.8 - https:\/\/yoast.com\/product\/yoast-seo-wordpress\/ -->\n<title>Elizeu Alves e Aline Souza unem vozes na emocionante \u201cCan\u00e7\u00e3o Mais Bela\u201d - R\u00e1dio Porto Seguro<\/title>\n<meta name=\"robots\" content=\"index, follow, max-snippet:-1, max-image-preview:large, max-video-preview:-1\" \/>\n<link rel=\"canonical\" href=\"https:\/\/radioportoseguro.com.br\/site\/2026\/03\/27\/elizeu-alves-e-aline-souza-unem-vozes-na-emocionante-cancao-mais-bela\/\" \/>\n<meta property=\"og:locale\" content=\"pt_BR\" \/>\n<meta property=\"og:type\" content=\"article\" \/>\n<meta property=\"og:title\" content=\"Elizeu Alves e Aline Souza unem vozes na emocionante \u201cCan\u00e7\u00e3o Mais Bela\u201d - R\u00e1dio Porto Seguro\" \/>\n<meta property=\"og:description\" content=\"O cantor e compositor Elizeu Alves apresenta nesta sexta-feira (20) o single \u201cCan\u00e7\u00e3o Mais Bela\u201d. A faixa traz uma colabora\u00e7\u00e3o muito especial: a participa\u00e7\u00e3o da cantora Aline Souza, refor\u00e7ando o talento da nova gera\u00e7\u00e3o da m\u00fasica crist\u00e3 pernambucana. O novo projeto de Elizeu marca um amadurecimento em sua trajet\u00f3ria, trazendo can\u00e7\u00f5es que nasceram em diferentes [&hellip;]\" \/>\n<meta property=\"og:url\" content=\"https:\/\/radioportoseguro.com.br\/site\/2026\/03\/27\/elizeu-alves-e-aline-souza-unem-vozes-na-emocionante-cancao-mais-bela\/\" \/>\n<meta property=\"og:site_name\" content=\"R\u00e1dio Porto Seguro\" \/>\n<meta property=\"article:published_time\" content=\"2026-03-27T22:41:05+00:00\" \/>\n<meta property=\"og:image\" content=\"https:\/\/radioportoseguro.com.br\/site\/wp-content\/uploads\/2026\/03\/Elizeu-Alves-e-Aline-Souza-A-Cancao-Mais-Bela.jpg\" \/>\n\t<meta property=\"og:image:width\" content=\"1280\" \/>\n\t<meta property=\"og:image:height\" content=\"720\" \/>\n\t<meta property=\"og:image:type\" content=\"image\/jpeg\" \/>\n<meta name=\"author\" content=\"Leandro\" \/>\n<meta name=\"twitter:card\" content=\"summary_large_image\" \/>\n<meta name=\"twitter:label1\" content=\"Escrito por\" \/>\n\t<meta name=\"twitter:data1\" content=\"Leandro\" \/>\n\t<meta name=\"twitter:label2\" content=\"Est. tempo de leitura\" \/>\n\t<meta name=\"twitter:data2\" content=\"2 minutos\" \/>\n<script type=\"application\/ld+json\" class=\"yoast-schema-graph\">{\"@context\":\"https:\/\/schema.org\",\"@graph\":[{\"@type\":\"Article\",\"@id\":\"https:\/\/radioportoseguro.com.br\/site\/2026\/03\/27\/elizeu-alves-e-aline-souza-unem-vozes-na-emocionante-cancao-mais-bela\/#article\",\"isPartOf\":{\"@id\":\"https:\/\/radioportoseguro.com.br\/site\/2026\/03\/27\/elizeu-alves-e-aline-souza-unem-vozes-na-emocionante-cancao-mais-bela\/\"},\"author\":{\"name\":\"Leandro\",\"@id\":\"https:\/\/radioportoseguro.com.br\/site\/#\/schema\/person\/d1960d33baebee56275cbda6d8aef297\"},\"headline\":\"Elizeu Alves e Aline Souza unem vozes na emocionante \u201cCan\u00e7\u00e3o Mais Bela\u201d\",\"datePublished\":\"2026-03-27T22:41:05+00:00\",\"mainEntityOfPage\":{\"@id\":\"https:\/\/radioportoseguro.com.br\/site\/2026\/03\/27\/elizeu-alves-e-aline-souza-unem-vozes-na-emocionante-cancao-mais-bela\/\"},\"wordCount\":338,\"image\":{\"@id\":\"https:\/\/radioportoseguro.com.br\/site\/2026\/03\/27\/elizeu-alves-e-aline-souza-unem-vozes-na-emocionante-cancao-mais-bela\/#primaryimage\"},\"thumbnailUrl\":\"https:\/\/radioportoseguro.com.br\/site\/wp-content\/uploads\/2026\/03\/Elizeu-Alves-e-Aline-Souza-A-Cancao-Mais-Bela.jpg\",\"articleSection\":[\"M\u00fasica\"],\"inLanguage\":\"pt-BR\"},{\"@type\":\"WebPage\",\"@id\":\"https:\/\/radioportoseguro.com.br\/site\/2026\/03\/27\/elizeu-alves-e-aline-souza-unem-vozes-na-emocionante-cancao-mais-bela\/\",\"url\":\"https:\/\/radioportoseguro.com.br\/site\/2026\/03\/27\/elizeu-alves-e-aline-souza-unem-vozes-na-emocionante-cancao-mais-bela\/\",\"name\":\"Elizeu Alves e Aline Souza unem vozes na emocionante \u201cCan\u00e7\u00e3o Mais Bela\u201d - R\u00e1dio Porto Seguro\",\"isPartOf\":{\"@id\":\"https:\/\/radioportoseguro.com.br\/site\/#website\"},\"primaryImageOfPage\":{\"@id\":\"https:\/\/radioportoseguro.com.br\/site\/2026\/03\/27\/elizeu-alves-e-aline-souza-unem-vozes-na-emocionante-cancao-mais-bela\/#primaryimage\"},\"image\":{\"@id\":\"https:\/\/radioportoseguro.com.br\/site\/2026\/03\/27\/elizeu-alves-e-aline-souza-unem-vozes-na-emocionante-cancao-mais-bela\/#primaryimage\"},\"thumbnailUrl\":\"https:\/\/radioportoseguro.com.br\/site\/wp-content\/uploads\/2026\/03\/Elizeu-Alves-e-Aline-Souza-A-Cancao-Mais-Bela.jpg\",\"datePublished\":\"2026-03-27T22:41:05+00:00\",\"author\":{\"@id\":\"https:\/\/radioportoseguro.com.br\/site\/#\/schema\/person\/d1960d33baebee56275cbda6d8aef297\"},\"breadcrumb\":{\"@id\":\"https:\/\/radioportoseguro.com.br\/site\/2026\/03\/27\/elizeu-alves-e-aline-souza-unem-vozes-na-emocionante-cancao-mais-bela\/#breadcrumb\"},\"inLanguage\":\"pt-BR\",\"potentialAction\":[{\"@type\":\"ReadAction\",\"target\":[\"https:\/\/radioportoseguro.com.br\/site\/2026\/03\/27\/elizeu-alves-e-aline-souza-unem-vozes-na-emocionante-cancao-mais-bela\/\"]}]},{\"@type\":\"ImageObject\",\"inLanguage\":\"pt-BR\",\"@id\":\"https:\/\/radioportoseguro.com.br\/site\/2026\/03\/27\/elizeu-alves-e-aline-souza-unem-vozes-na-emocionante-cancao-mais-bela\/#primaryimage\",\"url\":\"https:\/\/radioportoseguro.com.br\/site\/wp-content\/uploads\/2026\/03\/Elizeu-Alves-e-Aline-Souza-A-Cancao-Mais-Bela.jpg\",\"contentUrl\":\"https:\/\/radioportoseguro.com.br\/site\/wp-content\/uploads\/2026\/03\/Elizeu-Alves-e-Aline-Souza-A-Cancao-Mais-Bela.jpg\",\"width\":1280,\"height\":720},{\"@type\":\"BreadcrumbList\",\"@id\":\"https:\/\/radioportoseguro.com.br\/site\/2026\/03\/27\/elizeu-alves-e-aline-souza-unem-vozes-na-emocionante-cancao-mais-bela\/#breadcrumb\",\"itemListElement\":[{\"@type\":\"ListItem\",\"position\":1,\"name\":\"In\u00edcio\",\"item\":\"https:\/\/radioportoseguro.com.br\/site\/\"},{\"@type\":\"ListItem\",\"position\":2,\"name\":\"Elizeu Alves e Aline Souza unem vozes na emocionante \u201cCan\u00e7\u00e3o Mais Bela\u201d\"}]},{\"@type\":\"WebSite\",\"@id\":\"https:\/\/radioportoseguro.com.br\/site\/#website\",\"url\":\"https:\/\/radioportoseguro.com.br\/site\/\",\"name\":\"R\u00e1dio Porto Seguro\",\"description\":\"\",\"potentialAction\":[{\"@type\":\"SearchAction\",\"target\":{\"@type\":\"EntryPoint\",\"urlTemplate\":\"https:\/\/radioportoseguro.com.br\/site\/?s={search_term_string}\"},\"query-input\":{\"@type\":\"PropertyValueSpecification\",\"valueRequired\":true,\"valueName\":\"search_term_string\"}}],\"inLanguage\":\"pt-BR\"},{\"@type\":\"Person\",\"@id\":\"https:\/\/radioportoseguro.com.br\/site\/#\/schema\/person\/d1960d33baebee56275cbda6d8aef297\",\"name\":\"Leandro\",\"image\":{\"@type\":\"ImageObject\",\"inLanguage\":\"pt-BR\",\"@id\":\"https:\/\/radioportoseguro.com.br\/site\/#\/schema\/person\/image\/\",\"url\":\"https:\/\/secure.gravatar.com\/avatar\/ef93c9092aa97a95069df7b16c09c8dbc33c82d44a4f084e05b8f74f7ee2dd04?s=96&d=mm&r=g\",\"contentUrl\":\"https:\/\/secure.gravatar.com\/avatar\/ef93c9092aa97a95069df7b16c09c8dbc33c82d44a4f084e05b8f74f7ee2dd04?s=96&d=mm&r=g\",\"caption\":\"Leandro\"},\"url\":\"https:\/\/radioportoseguro.com.br\/site\/author\/leandro\/\"}]}<\/script>\n<!-- \/ Yoast SEO plugin. -->","yoast_head_json":{"title":"Elizeu Alves e Aline Souza unem vozes na emocionante \u201cCan\u00e7\u00e3o Mais Bela\u201d - R\u00e1dio Porto Seguro","robots":{"index":"index","follow":"follow","max-snippet":"max-snippet:-1","max-image-preview":"max-image-preview:large","max-video-preview":"max-video-preview:-1"},"canonical":"https:\/\/radioportoseguro.com.br\/site\/2026\/03\/27\/elizeu-alves-e-aline-souza-unem-vozes-na-emocionante-cancao-mais-bela\/","og_locale":"pt_BR","og_type":"article","og_title":"Elizeu Alves e Aline Souza unem vozes na emocionante \u201cCan\u00e7\u00e3o Mais Bela\u201d - R\u00e1dio Porto Seguro","og_description":"O cantor e compositor Elizeu Alves apresenta nesta sexta-feira (20) o single \u201cCan\u00e7\u00e3o Mais Bela\u201d. A faixa traz uma colabora\u00e7\u00e3o muito especial: a participa\u00e7\u00e3o da cantora Aline Souza, refor\u00e7ando o talento da nova gera\u00e7\u00e3o da m\u00fasica crist\u00e3 pernambucana. O novo projeto de Elizeu marca um amadurecimento em sua trajet\u00f3ria, trazendo can\u00e7\u00f5es que nasceram em diferentes [&hellip;]","og_url":"https:\/\/radioportoseguro.com.br\/site\/2026\/03\/27\/elizeu-alves-e-aline-souza-unem-vozes-na-emocionante-cancao-mais-bela\/","og_site_name":"R\u00e1dio Porto Seguro","article_published_time":"2026-03-27T22:41:05+00:00","og_image":[{"width":1280,"height":720,"url":"https:\/\/radioportoseguro.com.br\/site\/wp-content\/uploads\/2026\/03\/Elizeu-Alves-e-Aline-Souza-A-Cancao-Mais-Bela.jpg","type":"image\/jpeg"}],"author":"Leandro","twitter_card":"summary_large_image","twitter_misc":{"Escrito por":"Leandro","Est. tempo de leitura":"2 minutos"},"schema":{"@context":"https:\/\/schema.org","@graph":[{"@type":"Article","@id":"https:\/\/radioportoseguro.com.br\/site\/2026\/03\/27\/elizeu-alves-e-aline-souza-unem-vozes-na-emocionante-cancao-mais-bela\/#article","isPartOf":{"@id":"https:\/\/radioportoseguro.com.br\/site\/2026\/03\/27\/elizeu-alves-e-aline-souza-unem-vozes-na-emocionante-cancao-mais-bela\/"},"author":{"name":"Leandro","@id":"https:\/\/radioportoseguro.com.br\/site\/#\/schema\/person\/d1960d33baebee56275cbda6d8aef297"},"headline":"Elizeu Alves e Aline Souza unem vozes na emocionante \u201cCan\u00e7\u00e3o Mais Bela\u201d","datePublished":"2026-03-27T22:41:05+00:00","mainEntityOfPage":{"@id":"https:\/\/radioportoseguro.com.br\/site\/2026\/03\/27\/elizeu-alves-e-aline-souza-unem-vozes-na-emocionante-cancao-mais-bela\/"},"wordCount":338,"image":{"@id":"https:\/\/radioportoseguro.com.br\/site\/2026\/03\/27\/elizeu-alves-e-aline-souza-unem-vozes-na-emocionante-cancao-mais-bela\/#primaryimage"},"thumbnailUrl":"https:\/\/radioportoseguro.com.br\/site\/wp-content\/uploads\/2026\/03\/Elizeu-Alves-e-Aline-Souza-A-Cancao-Mais-Bela.jpg","articleSection":["M\u00fasica"],"inLanguage":"pt-BR"},{"@type":"WebPage","@id":"https:\/\/radioportoseguro.com.br\/site\/2026\/03\/27\/elizeu-alves-e-aline-souza-unem-vozes-na-emocionante-cancao-mais-bela\/","url":"https:\/\/radioportoseguro.com.br\/site\/2026\/03\/27\/elizeu-alves-e-aline-souza-unem-vozes-na-emocionante-cancao-mais-bela\/","name":"Elizeu Alves e Aline Souza unem vozes na emocionante \u201cCan\u00e7\u00e3o Mais Bela\u201d - R\u00e1dio Porto Seguro","isPartOf":{"@id":"https:\/\/radioportoseguro.com.br\/site\/#website"},"primaryImageOfPage":{"@id":"https:\/\/radioportoseguro.com.br\/site\/2026\/03\/27\/elizeu-alves-e-aline-souza-unem-vozes-na-emocionante-cancao-mais-bela\/#primaryimage"},"image":{"@id":"https:\/\/radioportoseguro.com.br\/site\/2026\/03\/27\/elizeu-alves-e-aline-souza-unem-vozes-na-emocionante-cancao-mais-bela\/#primaryimage"},"thumbnailUrl":"https:\/\/radioportoseguro.com.br\/site\/wp-content\/uploads\/2026\/03\/Elizeu-Alves-e-Aline-Souza-A-Cancao-Mais-Bela.jpg","datePublished":"2026-03-27T22:41:05+00:00","author":{"@id":"https:\/\/radioportoseguro.com.br\/site\/#\/schema\/person\/d1960d33baebee56275cbda6d8aef297"},"breadcrumb":{"@id":"https:\/\/radioportoseguro.com.br\/site\/2026\/03\/27\/elizeu-alves-e-aline-souza-unem-vozes-na-emocionante-cancao-mais-bela\/#breadcrumb"},"inLanguage":"pt-BR","potentialAction":[{"@type":"ReadAction","target":["https:\/\/radioportoseguro.com.br\/site\/2026\/03\/27\/elizeu-alves-e-aline-souza-unem-vozes-na-emocionante-cancao-mais-bela\/"]}]},{"@type":"ImageObject","inLanguage":"pt-BR","@id":"https:\/\/radioportoseguro.com.br\/site\/2026\/03\/27\/elizeu-alves-e-aline-souza-unem-vozes-na-emocionante-cancao-mais-bela\/#primaryimage","url":"https:\/\/radioportoseguro.com.br\/site\/wp-content\/uploads\/2026\/03\/Elizeu-Alves-e-Aline-Souza-A-Cancao-Mais-Bela.jpg","contentUrl":"https:\/\/radioportoseguro.com.br\/site\/wp-content\/uploads\/2026\/03\/Elizeu-Alves-e-Aline-Souza-A-Cancao-Mais-Bela.jpg","width":1280,"height":720},{"@type":"BreadcrumbList","@id":"https:\/\/radioportoseguro.com.br\/site\/2026\/03\/27\/elizeu-alves-e-aline-souza-unem-vozes-na-emocionante-cancao-mais-bela\/#breadcrumb","itemListElement":[{"@type":"ListItem","position":1,"name":"In\u00edcio","item":"https:\/\/radioportoseguro.com.br\/site\/"},{"@type":"ListItem","position":2,"name":"Elizeu Alves e Aline Souza unem vozes na emocionante \u201cCan\u00e7\u00e3o Mais Bela\u201d"}]},{"@type":"WebSite","@id":"https:\/\/radioportoseguro.com.br\/site\/#website","url":"https:\/\/radioportoseguro.com.br\/site\/","name":"R\u00e1dio Porto Seguro","description":"","potentialAction":[{"@type":"SearchAction","target":{"@type":"EntryPoint","urlTemplate":"https:\/\/radioportoseguro.com.br\/site\/?s={search_term_string}"},"query-input":{"@type":"PropertyValueSpecification","valueRequired":true,"valueName":"search_term_string"}}],"inLanguage":"pt-BR"},{"@type":"Person","@id":"https:\/\/radioportoseguro.com.br\/site\/#\/schema\/person\/d1960d33baebee56275cbda6d8aef297","name":"Leandro","image":{"@type":"ImageObject","inLanguage":"pt-BR","@id":"https:\/\/radioportoseguro.com.br\/site\/#\/schema\/person\/image\/","url":"https:\/\/secure.gravatar.com\/avatar\/ef93c9092aa97a95069df7b16c09c8dbc33c82d44a4f084e05b8f74f7ee2dd04?s=96&d=mm&r=g","contentUrl":"https:\/\/secure.gravatar.com\/avatar\/ef93c9092aa97a95069df7b16c09c8dbc33c82d44a4f084e05b8f74f7ee2dd04?s=96&d=mm&r=g","caption":"Leandro"},"url":"https:\/\/radioportoseguro.com.br\/site\/author\/leandro\/"}]}},"_links":{"self":[{"href":"https:\/\/radioportoseguro.com.br\/site\/wp-json\/wp\/v2\/posts\/5451","targetHints":{"allow":["GET"]}}],"collection":[{"href":"https:\/\/radioportoseguro.com.br\/site\/wp-json\/wp\/v2\/posts"}],"about":[{"href":"https:\/\/radioportoseguro.com.br\/site\/wp-json\/wp\/v2\/types\/post"}],"author":[{"embeddable":true,"href":"https:\/\/radioportoseguro.com.br\/site\/wp-json\/wp\/v2\/users\/2"}],"replies":[{"embeddable":true,"href":"https:\/\/radioportoseguro.com.br\/site\/wp-json\/wp\/v2\/comments?post=5451"}],"version-history":[{"count":1,"href":"https:\/\/radioportoseguro.com.br\/site\/wp-json\/wp\/v2\/posts\/5451\/revisions"}],"predecessor-version":[{"id":5453,"href":"https:\/\/radioportoseguro.com.br\/site\/wp-json\/wp\/v2\/posts\/5451\/revisions\/5453"}],"wp:featuredmedia":[{"embeddable":true,"href":"https:\/\/radioportoseguro.com.br\/site\/wp-json\/wp\/v2\/media\/5452"}],"wp:attachment":[{"href":"https:\/\/radioportoseguro.com.br\/site\/wp-json\/wp\/v2\/media?parent=5451"}],"wp:term":[{"taxonomy":"category","embeddable":true,"href":"https:\/\/radioportoseguro.com.br\/site\/wp-json\/wp\/v2\/categories?post=5451"},{"taxonomy":"post_tag","embeddable":true,"href":"https:\/\/radioportoseguro.com.br\/site\/wp-json\/wp\/v2\/tags?post=5451"}],"curies":[{"name":"wp","href":"https:\/\/api.w.org\/{rel}","templated":true}]}}