{"id":5455,"date":"2026-03-27T19:46:40","date_gmt":"2026-03-27T22:46:40","guid":{"rendered":"https:\/\/radioportoseguro.com.br\/site\/?p=5455"},"modified":"2026-03-27T19:46:41","modified_gmt":"2026-03-27T22:46:41","slug":"marine-friesen-apresenta-este-e-o-mover","status":"publish","type":"post","link":"https:\/\/radioportoseguro.com.br\/site\/2026\/03\/27\/marine-friesen-apresenta-este-e-o-mover\/","title":{"rendered":"Marine Friesen apresenta \u201cEste \u00e9 o Mover\u201d"},"content":{"rendered":"<p>Nesta sexta-feira (27), Marine Friesen lan\u00e7a em todas as plataformas digitais a sua vers\u00e3o para \u201cEste \u00e9 o Mover\u201d, uma das faixas do seu novo EP JEOV\u00c1. Gravado ao vivo no Rio de Janeiro, o projeto traz uma sonoridade moderna sob a produ\u00e7\u00e3o musical de Daniel Friesen.<\/p>\n<p>\u201cMinistramos muito para sentir o que Deus queria de n\u00f3s nesse momento, neste tempo. E Ele foi falando claramente\u2026 A confirma\u00e7\u00e3o de tudo vem atrav\u00e9s da repercuss\u00e3o e dos testemunhos que temos recebido!\u201d, compartilha Marine, entusiasmada com o impacto que as primeiras can\u00e7\u00f5es do EP j\u00e1 causaram.<\/p>\n<p>\u201cEste \u00e9 o Mover\u201d \u00e9 a vers\u00e3o em portugu\u00eas de um dos maiores hits da adora\u00e7\u00e3o mundial contempor\u00e2nea (originalmente interpretada por artistas como Brandon Lake e Tasha Cobbs). A composi\u00e7\u00e3o, assinada por um time de peso (Tony Brown, Brandon Lake, Nate Moore e Tasha Cobbs), ganhou uma tradu\u00e7\u00e3o poderosa pelas m\u00e3os de Elizeu Gomes.<\/p>\n<p>Segundo Marine, a escolha da m\u00fasica foi estrat\u00e9gica e espiritual: \u201cEla casa muito com todo o prop\u00f3sito deste novo audiovisual\u201d, afirma. A letra \u00e9 um convite para que o Esp\u00edrito Santo flua com liberdade, operando cura, liberta\u00e7\u00e3o e transforma\u00e7\u00e3o.<\/p>\n<p><a href=\"https:\/\/mkmusic.ffm.to\/esteeomoveraovivo\"><strong>Assista ao clipe oficial de \u201cEste \u00e9 o Mover\u201d no canal da MK Music no YouTube e adicione a can\u00e7\u00e3o \u00e0 sua playlist favorita nas plataformas de streaming.<\/strong><\/a><\/p>\n<p>&nbsp;<\/p>\n<p><div class=\"ose-youtube ose-uid-0a965bc4dcc8653ef4ec1c73a3bb442f ose-embedpress-responsive\" style=\"width:600px; height:600px; max-height:600px; max-width:100%; display:inline-block;\" data-embed-type=\"Youtube\"><iframe allowFullScreen=\"true\" title=\"Marine Friesen - Este \u00e9 o Mover (Ao Vivo) (Clipe Oficial MK Music)\" width=\"600\" height=\"600\" src=\"https:\/\/www.youtube.com\/embed\/qd0mIA6yRJU?feature=oembed&color=red&rel=0&controls=1&start=&end=&fs=0&iv_load_policy=0&autoplay=0&mute=0&modestbranding=0&cc_load_policy=1&playsinline=1\" frameborder=\"0\" allow=\"accelerometer; encrypted-media;accelerometer;autoplay;clipboard-write;gyroscope;picture-in-picture clipboard-write; encrypted-media; gyroscope; picture-in-picture; web-share\" referrerpolicy=\"strict-origin-when-cross-origin\" allowfullscreen><\/iframe><\/div><\/p>\n<p>&nbsp;<\/p>\n<p>Fonte: mkmusic<\/p>\n","protected":false},"excerpt":{"rendered":"<p>Nesta sexta-feira (27), Marine Friesen lan\u00e7a em todas as plataformas digitais a sua vers\u00e3o para \u201cEste \u00e9 o Mover\u201d, uma das faixas do seu novo EP JEOV\u00c1. Gravado ao vivo no Rio de Janeiro, o projeto traz uma sonoridade moderna sob a produ\u00e7\u00e3o musical de Daniel Friesen. \u201cMinistramos muito para sentir o que Deus queria [&hellip;]<\/p>\n","protected":false},"author":2,"featured_media":5456,"comment_status":"closed","ping_status":"open","sticky":false,"template":"","format":"standard","meta":{"footnotes":""},"categories":[4],"tags":[],"class_list":["post-5455","post","type-post","status-publish","format-standard","has-post-thumbnail","hentry","category-musica"],"yoast_head":"<!-- This site is optimized with the Yoast SEO plugin v26.8 - https:\/\/yoast.com\/product\/yoast-seo-wordpress\/ -->\n<title>Marine Friesen apresenta \u201cEste \u00e9 o Mover\u201d - R\u00e1dio Porto Seguro<\/title>\n<meta name=\"robots\" content=\"index, follow, max-snippet:-1, max-image-preview:large, max-video-preview:-1\" \/>\n<link rel=\"canonical\" href=\"https:\/\/radioportoseguro.com.br\/site\/2026\/03\/27\/marine-friesen-apresenta-este-e-o-mover\/\" \/>\n<meta property=\"og:locale\" content=\"pt_BR\" \/>\n<meta property=\"og:type\" content=\"article\" \/>\n<meta property=\"og:title\" content=\"Marine Friesen apresenta \u201cEste \u00e9 o Mover\u201d - R\u00e1dio Porto Seguro\" \/>\n<meta property=\"og:description\" content=\"Nesta sexta-feira (27), Marine Friesen lan\u00e7a em todas as plataformas digitais a sua vers\u00e3o para \u201cEste \u00e9 o Mover\u201d, uma das faixas do seu novo EP JEOV\u00c1. Gravado ao vivo no Rio de Janeiro, o projeto traz uma sonoridade moderna sob a produ\u00e7\u00e3o musical de Daniel Friesen. \u201cMinistramos muito para sentir o que Deus queria [&hellip;]\" \/>\n<meta property=\"og:url\" content=\"https:\/\/radioportoseguro.com.br\/site\/2026\/03\/27\/marine-friesen-apresenta-este-e-o-mover\/\" \/>\n<meta property=\"og:site_name\" content=\"R\u00e1dio Porto Seguro\" \/>\n<meta property=\"article:published_time\" content=\"2026-03-27T22:46:40+00:00\" \/>\n<meta property=\"article:modified_time\" content=\"2026-03-27T22:46:41+00:00\" \/>\n<meta property=\"og:image\" content=\"https:\/\/radioportoseguro.com.br\/site\/wp-content\/uploads\/2026\/03\/Marine-Friesen-Este-e-o-Mover.jpg\" \/>\n\t<meta property=\"og:image:width\" content=\"1280\" \/>\n\t<meta property=\"og:image:height\" content=\"720\" \/>\n\t<meta property=\"og:image:type\" content=\"image\/jpeg\" \/>\n<meta name=\"author\" content=\"Leandro\" \/>\n<meta name=\"twitter:card\" content=\"summary_large_image\" \/>\n<meta name=\"twitter:label1\" content=\"Escrito por\" \/>\n\t<meta name=\"twitter:data1\" content=\"Leandro\" \/>\n\t<meta name=\"twitter:label2\" content=\"Est. tempo de leitura\" \/>\n\t<meta name=\"twitter:data2\" content=\"2 minutos\" \/>\n<script type=\"application\/ld+json\" class=\"yoast-schema-graph\">{\"@context\":\"https:\/\/schema.org\",\"@graph\":[{\"@type\":\"Article\",\"@id\":\"https:\/\/radioportoseguro.com.br\/site\/2026\/03\/27\/marine-friesen-apresenta-este-e-o-mover\/#article\",\"isPartOf\":{\"@id\":\"https:\/\/radioportoseguro.com.br\/site\/2026\/03\/27\/marine-friesen-apresenta-este-e-o-mover\/\"},\"author\":{\"name\":\"Leandro\",\"@id\":\"https:\/\/radioportoseguro.com.br\/site\/#\/schema\/person\/d1960d33baebee56275cbda6d8aef297\"},\"headline\":\"Marine Friesen apresenta \u201cEste \u00e9 o Mover\u201d\",\"datePublished\":\"2026-03-27T22:46:40+00:00\",\"dateModified\":\"2026-03-27T22:46:41+00:00\",\"mainEntityOfPage\":{\"@id\":\"https:\/\/radioportoseguro.com.br\/site\/2026\/03\/27\/marine-friesen-apresenta-este-e-o-mover\/\"},\"wordCount\":249,\"image\":{\"@id\":\"https:\/\/radioportoseguro.com.br\/site\/2026\/03\/27\/marine-friesen-apresenta-este-e-o-mover\/#primaryimage\"},\"thumbnailUrl\":\"https:\/\/radioportoseguro.com.br\/site\/wp-content\/uploads\/2026\/03\/Marine-Friesen-Este-e-o-Mover.jpg\",\"articleSection\":[\"M\u00fasica\"],\"inLanguage\":\"pt-BR\"},{\"@type\":\"WebPage\",\"@id\":\"https:\/\/radioportoseguro.com.br\/site\/2026\/03\/27\/marine-friesen-apresenta-este-e-o-mover\/\",\"url\":\"https:\/\/radioportoseguro.com.br\/site\/2026\/03\/27\/marine-friesen-apresenta-este-e-o-mover\/\",\"name\":\"Marine Friesen apresenta \u201cEste \u00e9 o Mover\u201d - R\u00e1dio Porto Seguro\",\"isPartOf\":{\"@id\":\"https:\/\/radioportoseguro.com.br\/site\/#website\"},\"primaryImageOfPage\":{\"@id\":\"https:\/\/radioportoseguro.com.br\/site\/2026\/03\/27\/marine-friesen-apresenta-este-e-o-mover\/#primaryimage\"},\"image\":{\"@id\":\"https:\/\/radioportoseguro.com.br\/site\/2026\/03\/27\/marine-friesen-apresenta-este-e-o-mover\/#primaryimage\"},\"thumbnailUrl\":\"https:\/\/radioportoseguro.com.br\/site\/wp-content\/uploads\/2026\/03\/Marine-Friesen-Este-e-o-Mover.jpg\",\"datePublished\":\"2026-03-27T22:46:40+00:00\",\"dateModified\":\"2026-03-27T22:46:41+00:00\",\"author\":{\"@id\":\"https:\/\/radioportoseguro.com.br\/site\/#\/schema\/person\/d1960d33baebee56275cbda6d8aef297\"},\"breadcrumb\":{\"@id\":\"https:\/\/radioportoseguro.com.br\/site\/2026\/03\/27\/marine-friesen-apresenta-este-e-o-mover\/#breadcrumb\"},\"inLanguage\":\"pt-BR\",\"potentialAction\":[{\"@type\":\"ReadAction\",\"target\":[\"https:\/\/radioportoseguro.com.br\/site\/2026\/03\/27\/marine-friesen-apresenta-este-e-o-mover\/\"]}]},{\"@type\":\"ImageObject\",\"inLanguage\":\"pt-BR\",\"@id\":\"https:\/\/radioportoseguro.com.br\/site\/2026\/03\/27\/marine-friesen-apresenta-este-e-o-mover\/#primaryimage\",\"url\":\"https:\/\/radioportoseguro.com.br\/site\/wp-content\/uploads\/2026\/03\/Marine-Friesen-Este-e-o-Mover.jpg\",\"contentUrl\":\"https:\/\/radioportoseguro.com.br\/site\/wp-content\/uploads\/2026\/03\/Marine-Friesen-Este-e-o-Mover.jpg\",\"width\":1280,\"height\":720},{\"@type\":\"BreadcrumbList\",\"@id\":\"https:\/\/radioportoseguro.com.br\/site\/2026\/03\/27\/marine-friesen-apresenta-este-e-o-mover\/#breadcrumb\",\"itemListElement\":[{\"@type\":\"ListItem\",\"position\":1,\"name\":\"In\u00edcio\",\"item\":\"https:\/\/radioportoseguro.com.br\/site\/\"},{\"@type\":\"ListItem\",\"position\":2,\"name\":\"Marine Friesen apresenta \u201cEste \u00e9 o Mover\u201d\"}]},{\"@type\":\"WebSite\",\"@id\":\"https:\/\/radioportoseguro.com.br\/site\/#website\",\"url\":\"https:\/\/radioportoseguro.com.br\/site\/\",\"name\":\"R\u00e1dio Porto Seguro\",\"description\":\"\",\"potentialAction\":[{\"@type\":\"SearchAction\",\"target\":{\"@type\":\"EntryPoint\",\"urlTemplate\":\"https:\/\/radioportoseguro.com.br\/site\/?s={search_term_string}\"},\"query-input\":{\"@type\":\"PropertyValueSpecification\",\"valueRequired\":true,\"valueName\":\"search_term_string\"}}],\"inLanguage\":\"pt-BR\"},{\"@type\":\"Person\",\"@id\":\"https:\/\/radioportoseguro.com.br\/site\/#\/schema\/person\/d1960d33baebee56275cbda6d8aef297\",\"name\":\"Leandro\",\"image\":{\"@type\":\"ImageObject\",\"inLanguage\":\"pt-BR\",\"@id\":\"https:\/\/radioportoseguro.com.br\/site\/#\/schema\/person\/image\/\",\"url\":\"https:\/\/secure.gravatar.com\/avatar\/ef93c9092aa97a95069df7b16c09c8dbc33c82d44a4f084e05b8f74f7ee2dd04?s=96&d=mm&r=g\",\"contentUrl\":\"https:\/\/secure.gravatar.com\/avatar\/ef93c9092aa97a95069df7b16c09c8dbc33c82d44a4f084e05b8f74f7ee2dd04?s=96&d=mm&r=g\",\"caption\":\"Leandro\"},\"url\":\"https:\/\/radioportoseguro.com.br\/site\/author\/leandro\/\"}]}<\/script>\n<!-- \/ Yoast SEO plugin. -->","yoast_head_json":{"title":"Marine Friesen apresenta \u201cEste \u00e9 o Mover\u201d - R\u00e1dio Porto Seguro","robots":{"index":"index","follow":"follow","max-snippet":"max-snippet:-1","max-image-preview":"max-image-preview:large","max-video-preview":"max-video-preview:-1"},"canonical":"https:\/\/radioportoseguro.com.br\/site\/2026\/03\/27\/marine-friesen-apresenta-este-e-o-mover\/","og_locale":"pt_BR","og_type":"article","og_title":"Marine Friesen apresenta \u201cEste \u00e9 o Mover\u201d - R\u00e1dio Porto Seguro","og_description":"Nesta sexta-feira (27), Marine Friesen lan\u00e7a em todas as plataformas digitais a sua vers\u00e3o para \u201cEste \u00e9 o Mover\u201d, uma das faixas do seu novo EP JEOV\u00c1. Gravado ao vivo no Rio de Janeiro, o projeto traz uma sonoridade moderna sob a produ\u00e7\u00e3o musical de Daniel Friesen. \u201cMinistramos muito para sentir o que Deus queria [&hellip;]","og_url":"https:\/\/radioportoseguro.com.br\/site\/2026\/03\/27\/marine-friesen-apresenta-este-e-o-mover\/","og_site_name":"R\u00e1dio Porto Seguro","article_published_time":"2026-03-27T22:46:40+00:00","article_modified_time":"2026-03-27T22:46:41+00:00","og_image":[{"width":1280,"height":720,"url":"https:\/\/radioportoseguro.com.br\/site\/wp-content\/uploads\/2026\/03\/Marine-Friesen-Este-e-o-Mover.jpg","type":"image\/jpeg"}],"author":"Leandro","twitter_card":"summary_large_image","twitter_misc":{"Escrito por":"Leandro","Est. tempo de leitura":"2 minutos"},"schema":{"@context":"https:\/\/schema.org","@graph":[{"@type":"Article","@id":"https:\/\/radioportoseguro.com.br\/site\/2026\/03\/27\/marine-friesen-apresenta-este-e-o-mover\/#article","isPartOf":{"@id":"https:\/\/radioportoseguro.com.br\/site\/2026\/03\/27\/marine-friesen-apresenta-este-e-o-mover\/"},"author":{"name":"Leandro","@id":"https:\/\/radioportoseguro.com.br\/site\/#\/schema\/person\/d1960d33baebee56275cbda6d8aef297"},"headline":"Marine Friesen apresenta \u201cEste \u00e9 o Mover\u201d","datePublished":"2026-03-27T22:46:40+00:00","dateModified":"2026-03-27T22:46:41+00:00","mainEntityOfPage":{"@id":"https:\/\/radioportoseguro.com.br\/site\/2026\/03\/27\/marine-friesen-apresenta-este-e-o-mover\/"},"wordCount":249,"image":{"@id":"https:\/\/radioportoseguro.com.br\/site\/2026\/03\/27\/marine-friesen-apresenta-este-e-o-mover\/#primaryimage"},"thumbnailUrl":"https:\/\/radioportoseguro.com.br\/site\/wp-content\/uploads\/2026\/03\/Marine-Friesen-Este-e-o-Mover.jpg","articleSection":["M\u00fasica"],"inLanguage":"pt-BR"},{"@type":"WebPage","@id":"https:\/\/radioportoseguro.com.br\/site\/2026\/03\/27\/marine-friesen-apresenta-este-e-o-mover\/","url":"https:\/\/radioportoseguro.com.br\/site\/2026\/03\/27\/marine-friesen-apresenta-este-e-o-mover\/","name":"Marine Friesen apresenta \u201cEste \u00e9 o Mover\u201d - R\u00e1dio Porto Seguro","isPartOf":{"@id":"https:\/\/radioportoseguro.com.br\/site\/#website"},"primaryImageOfPage":{"@id":"https:\/\/radioportoseguro.com.br\/site\/2026\/03\/27\/marine-friesen-apresenta-este-e-o-mover\/#primaryimage"},"image":{"@id":"https:\/\/radioportoseguro.com.br\/site\/2026\/03\/27\/marine-friesen-apresenta-este-e-o-mover\/#primaryimage"},"thumbnailUrl":"https:\/\/radioportoseguro.com.br\/site\/wp-content\/uploads\/2026\/03\/Marine-Friesen-Este-e-o-Mover.jpg","datePublished":"2026-03-27T22:46:40+00:00","dateModified":"2026-03-27T22:46:41+00:00","author":{"@id":"https:\/\/radioportoseguro.com.br\/site\/#\/schema\/person\/d1960d33baebee56275cbda6d8aef297"},"breadcrumb":{"@id":"https:\/\/radioportoseguro.com.br\/site\/2026\/03\/27\/marine-friesen-apresenta-este-e-o-mover\/#breadcrumb"},"inLanguage":"pt-BR","potentialAction":[{"@type":"ReadAction","target":["https:\/\/radioportoseguro.com.br\/site\/2026\/03\/27\/marine-friesen-apresenta-este-e-o-mover\/"]}]},{"@type":"ImageObject","inLanguage":"pt-BR","@id":"https:\/\/radioportoseguro.com.br\/site\/2026\/03\/27\/marine-friesen-apresenta-este-e-o-mover\/#primaryimage","url":"https:\/\/radioportoseguro.com.br\/site\/wp-content\/uploads\/2026\/03\/Marine-Friesen-Este-e-o-Mover.jpg","contentUrl":"https:\/\/radioportoseguro.com.br\/site\/wp-content\/uploads\/2026\/03\/Marine-Friesen-Este-e-o-Mover.jpg","width":1280,"height":720},{"@type":"BreadcrumbList","@id":"https:\/\/radioportoseguro.com.br\/site\/2026\/03\/27\/marine-friesen-apresenta-este-e-o-mover\/#breadcrumb","itemListElement":[{"@type":"ListItem","position":1,"name":"In\u00edcio","item":"https:\/\/radioportoseguro.com.br\/site\/"},{"@type":"ListItem","position":2,"name":"Marine Friesen apresenta \u201cEste \u00e9 o Mover\u201d"}]},{"@type":"WebSite","@id":"https:\/\/radioportoseguro.com.br\/site\/#website","url":"https:\/\/radioportoseguro.com.br\/site\/","name":"R\u00e1dio Porto Seguro","description":"","potentialAction":[{"@type":"SearchAction","target":{"@type":"EntryPoint","urlTemplate":"https:\/\/radioportoseguro.com.br\/site\/?s={search_term_string}"},"query-input":{"@type":"PropertyValueSpecification","valueRequired":true,"valueName":"search_term_string"}}],"inLanguage":"pt-BR"},{"@type":"Person","@id":"https:\/\/radioportoseguro.com.br\/site\/#\/schema\/person\/d1960d33baebee56275cbda6d8aef297","name":"Leandro","image":{"@type":"ImageObject","inLanguage":"pt-BR","@id":"https:\/\/radioportoseguro.com.br\/site\/#\/schema\/person\/image\/","url":"https:\/\/secure.gravatar.com\/avatar\/ef93c9092aa97a95069df7b16c09c8dbc33c82d44a4f084e05b8f74f7ee2dd04?s=96&d=mm&r=g","contentUrl":"https:\/\/secure.gravatar.com\/avatar\/ef93c9092aa97a95069df7b16c09c8dbc33c82d44a4f084e05b8f74f7ee2dd04?s=96&d=mm&r=g","caption":"Leandro"},"url":"https:\/\/radioportoseguro.com.br\/site\/author\/leandro\/"}]}},"_links":{"self":[{"href":"https:\/\/radioportoseguro.com.br\/site\/wp-json\/wp\/v2\/posts\/5455","targetHints":{"allow":["GET"]}}],"collection":[{"href":"https:\/\/radioportoseguro.com.br\/site\/wp-json\/wp\/v2\/posts"}],"about":[{"href":"https:\/\/radioportoseguro.com.br\/site\/wp-json\/wp\/v2\/types\/post"}],"author":[{"embeddable":true,"href":"https:\/\/radioportoseguro.com.br\/site\/wp-json\/wp\/v2\/users\/2"}],"replies":[{"embeddable":true,"href":"https:\/\/radioportoseguro.com.br\/site\/wp-json\/wp\/v2\/comments?post=5455"}],"version-history":[{"count":1,"href":"https:\/\/radioportoseguro.com.br\/site\/wp-json\/wp\/v2\/posts\/5455\/revisions"}],"predecessor-version":[{"id":5457,"href":"https:\/\/radioportoseguro.com.br\/site\/wp-json\/wp\/v2\/posts\/5455\/revisions\/5457"}],"wp:featuredmedia":[{"embeddable":true,"href":"https:\/\/radioportoseguro.com.br\/site\/wp-json\/wp\/v2\/media\/5456"}],"wp:attachment":[{"href":"https:\/\/radioportoseguro.com.br\/site\/wp-json\/wp\/v2\/media?parent=5455"}],"wp:term":[{"taxonomy":"category","embeddable":true,"href":"https:\/\/radioportoseguro.com.br\/site\/wp-json\/wp\/v2\/categories?post=5455"},{"taxonomy":"post_tag","embeddable":true,"href":"https:\/\/radioportoseguro.com.br\/site\/wp-json\/wp\/v2\/tags?post=5455"}],"curies":[{"name":"wp","href":"https:\/\/api.w.org\/{rel}","templated":true}]}}