{"id":5489,"date":"2026-03-28T10:18:52","date_gmt":"2026-03-28T13:18:52","guid":{"rendered":"https:\/\/radioportoseguro.com.br\/site\/2026\/03\/28\/preso-por-engano-no-laos-cristao-transforma-cela-em-campo-missionario\/"},"modified":"2026-03-28T10:18:52","modified_gmt":"2026-03-28T13:18:52","slug":"preso-por-engano-no-laos-cristao-transforma-cela-em-campo-missionario","status":"publish","type":"post","link":"https:\/\/radioportoseguro.com.br\/site\/2026\/03\/28\/preso-por-engano-no-laos-cristao-transforma-cela-em-campo-missionario\/","title":{"rendered":"Preso por engano no Laos, crist\u00e3o transforma cela em campo mission\u00e1rio"},"content":{"rendered":"<p><br \/>\n<br \/><\/p>\n<div>\n<p>O crist\u00e3o Kham La viveu dias de sofrimento e f\u00e9 inabal\u00e1vel ap\u00f3s ser preso injustamente no<span style=\"color: #800000;\"> <strong>Laos<\/strong><\/span>, em um caso que chamou aten\u00e7\u00e3o por seu desfecho e testemunho de perseveran\u00e7a crist\u00e3.<\/p>\n<p>Kham foi preso injustamente, mas acredita que foi uma oportunidade para <span style=\"color: #800000;\"><strong>compartilhar o Evangelho<\/strong><\/span>:<\/p>\n<p>\u201cGra\u00e7as a Deus que fui preso\u201d, afirmou. \u201cNunca fiquei revoltado com isso. Pelo contr\u00e1rio, fico feliz. Deus me proporcionou uma boa experi\u00eancia na pris\u00e3o.\u201d<\/p>\n<p>Ele conta que foi trancado dentro da pequena cela sem janelas pelos oficiais penitenci\u00e1rios: \u201cEu n\u00e3o conseguia ver nada\u201d, disse ele. \u201cS\u00f3 sabia que era de dia quando ouvia uma vaca do lado de fora.\u201d<\/p>\n<p>Ap\u00f3s quatro dias detido, o homem foi retirado da cela por policiais, que exigiram uma confiss\u00e3o por escrito sobre suas atividades evangel\u00edsticas.<\/p>\n<p>Durante o interrogat\u00f3rio, foi questionado sobre viagens a outras aldeias e encontros com outros crist\u00e3os.<\/p>\n<p>Kham foi transferido para uma pris\u00e3o superlotada, onde dividia espa\u00e7o com mais de 60 detentos.<\/p>\n<p><strong>Compartilhando o Evangelho<\/strong><\/p>\n<p>Durante esse per\u00edodo, ele ficou sem acesso \u00e0 fam\u00edlia e ou a um advogado e sem ter sido informado sobre as acusa\u00e7\u00f5es que pesavam contra ele.<\/p>\n<p>Kham conta que aproveitou o per\u00edodo de deten\u00e7\u00e3o para compartilhar a mensagem do Evangelho com os demais presos.<\/p>\n<p>Os demais detentos, que frequentemente se vangloriavam de suas atividades criminosas ou buscavam justificar suas a\u00e7\u00f5es, perceberam que Kham era diferente.<\/p>\n<p>Intrigados, passaram a questionar o motivo de sua pris\u00e3o, j\u00e1 que ele n\u00e3o apresentava o perfil de um criminoso.<\/p>\n<p><strong>Aproveitando as oportunidades<\/strong><\/p>\n<p>Kham aproveitou todas as oportunidades para relatar sua trajet\u00f3ria e compartilhar o Evangelho. Durante o processo, conversou com os detentos que se vangloriavam de seus crimes, e os incentivou a refletir e a considerar escolhas diferentes para o futuro.<\/p>\n<p>Nas pris\u00f5es do Laos, \u00e9 comum que familiares sejam respons\u00e1veis por fornecer itens b\u00e1sicos de subsist\u00eancia aos detentos.<\/p>\n<p>Proibido de manter contato com a fam\u00edlia, Kham La enfrentou escassez de alimentos durante o per\u00edodo em que esteve preso.<\/p>\n<p>\u201cEu estava muito fraco enquanto estava na cadeia\u201d, relatou.<\/p>\n<p>\u201cPerdi muito peso nesse per\u00edodo. Em alguns momentos, a falta de alimenta\u00e7\u00e3o adequada me deixava t\u00e3o cansado que eu mal conseguia falar.\u201d<\/p>\n<p><strong>Grato pela pris\u00e3o<\/strong><\/p>\n<p>Apesar das condi\u00e7\u00f5es adversas, o crist\u00e3o n\u00e3o se deixou abater. Em meio \u00e0 pris\u00e3o, ele passou a compartilhar o Evangelho com outros detentos, que perceberam algo diferente em sua postura e demonstraram interesse em ouvir sua mensagem.<\/p>\n<p>Ap\u00f3s cerca de tr\u00eas semanas, Kham recebeu a not\u00edcia de que sua pris\u00e3o havia ocorrido por um erro administrativo relacionado a uma pequena d\u00edvida, inferior a 25 d\u00f3lares. Por isso, foi libertado.<\/p>\n<p>Apesar da injusti\u00e7a, sua rea\u00e7\u00e3o surpreendeu. Alguns ainda perguntam se ele processaria as autoridades que o prenderam, mas sua resposta foi direta: \u201cEu entreguei isso a Deus. N\u00e3o vou processar.\u201d<\/p>\n<p>Kham La tamb\u00e9m continua orando pelos 61 homens a quem prestou apoio espiritual enquanto esteve na pris\u00e3o. Alguns morreram e outros foram libertados, mas ele acredita que todos tiveram a oportunidade de ouvir o Evangelho.<\/p>\n<\/div>\n<p><br \/>\n<br \/>Fonte: Guiame <\/p>\n","protected":false},"excerpt":{"rendered":"<p>O crist\u00e3o Kham La viveu dias de sofrimento e f\u00e9 inabal\u00e1vel ap\u00f3s ser preso injustamente no Laos, em um caso que chamou aten\u00e7\u00e3o por seu desfecho e testemunho de perseveran\u00e7a crist\u00e3. Kham foi preso injustamente, mas acredita que foi uma oportunidade para compartilhar o Evangelho: \u201cGra\u00e7as a Deus que fui preso\u201d, afirmou. \u201cNunca fiquei revoltado [&hellip;]<\/p>\n","protected":false},"author":1,"featured_media":5490,"comment_status":"","ping_status":"open","sticky":false,"template":"","format":"standard","meta":{"footnotes":""},"categories":[43],"tags":[],"class_list":["post-5489","post","type-post","status-publish","format-standard","has-post-thumbnail","hentry","category-destaques"],"yoast_head":"<!-- This site is optimized with the Yoast SEO plugin v26.8 - https:\/\/yoast.com\/product\/yoast-seo-wordpress\/ -->\n<title>Preso por engano no Laos, crist\u00e3o transforma cela em campo mission\u00e1rio - R\u00e1dio Porto Seguro<\/title>\n<meta name=\"robots\" content=\"index, follow, max-snippet:-1, max-image-preview:large, max-video-preview:-1\" \/>\n<link rel=\"canonical\" href=\"https:\/\/radioportoseguro.com.br\/site\/2026\/03\/28\/preso-por-engano-no-laos-cristao-transforma-cela-em-campo-missionario\/\" \/>\n<meta property=\"og:locale\" content=\"pt_BR\" \/>\n<meta property=\"og:type\" content=\"article\" \/>\n<meta property=\"og:title\" content=\"Preso por engano no Laos, crist\u00e3o transforma cela em campo mission\u00e1rio - R\u00e1dio Porto Seguro\" \/>\n<meta property=\"og:description\" content=\"O crist\u00e3o Kham La viveu dias de sofrimento e f\u00e9 inabal\u00e1vel ap\u00f3s ser preso injustamente no Laos, em um caso que chamou aten\u00e7\u00e3o por seu desfecho e testemunho de perseveran\u00e7a crist\u00e3. Kham foi preso injustamente, mas acredita que foi uma oportunidade para compartilhar o Evangelho: \u201cGra\u00e7as a Deus que fui preso\u201d, afirmou. \u201cNunca fiquei revoltado [&hellip;]\" \/>\n<meta property=\"og:url\" content=\"https:\/\/radioportoseguro.com.br\/site\/2026\/03\/28\/preso-por-engano-no-laos-cristao-transforma-cela-em-campo-missionario\/\" \/>\n<meta property=\"og:site_name\" content=\"R\u00e1dio Porto Seguro\" \/>\n<meta property=\"article:published_time\" content=\"2026-03-28T13:18:52+00:00\" \/>\n<meta property=\"og:image\" content=\"https:\/\/media.guiame.com.br\/archives\/2026\/03\/26\/2473725900-kham-la.png\" \/>\n<meta name=\"author\" content=\"admin\" \/>\n<meta name=\"twitter:card\" content=\"summary_large_image\" \/>\n<meta name=\"twitter:label1\" content=\"Escrito por\" \/>\n\t<meta name=\"twitter:data1\" content=\"admin\" \/>\n\t<meta name=\"twitter:label2\" content=\"Est. tempo de leitura\" \/>\n\t<meta name=\"twitter:data2\" content=\"3 minutos\" \/>\n<script type=\"application\/ld+json\" class=\"yoast-schema-graph\">{\"@context\":\"https:\/\/schema.org\",\"@graph\":[{\"@type\":\"Article\",\"@id\":\"https:\/\/radioportoseguro.com.br\/site\/2026\/03\/28\/preso-por-engano-no-laos-cristao-transforma-cela-em-campo-missionario\/#article\",\"isPartOf\":{\"@id\":\"https:\/\/radioportoseguro.com.br\/site\/2026\/03\/28\/preso-por-engano-no-laos-cristao-transforma-cela-em-campo-missionario\/\"},\"author\":{\"name\":\"admin\",\"@id\":\"https:\/\/radioportoseguro.com.br\/site\/#\/schema\/person\/7630acdc320186f13639d3c067ec089b\"},\"headline\":\"Preso por engano no Laos, crist\u00e3o transforma cela em campo mission\u00e1rio\",\"datePublished\":\"2026-03-28T13:18:52+00:00\",\"mainEntityOfPage\":{\"@id\":\"https:\/\/radioportoseguro.com.br\/site\/2026\/03\/28\/preso-por-engano-no-laos-cristao-transforma-cela-em-campo-missionario\/\"},\"wordCount\":554,\"image\":{\"@id\":\"https:\/\/radioportoseguro.com.br\/site\/2026\/03\/28\/preso-por-engano-no-laos-cristao-transforma-cela-em-campo-missionario\/#primaryimage\"},\"thumbnailUrl\":\"https:\/\/radioportoseguro.com.br\/site\/wp-content\/uploads\/2026\/03\/2473725900-kham-la.png\",\"articleSection\":[\"Destaques\"],\"inLanguage\":\"pt-BR\"},{\"@type\":\"WebPage\",\"@id\":\"https:\/\/radioportoseguro.com.br\/site\/2026\/03\/28\/preso-por-engano-no-laos-cristao-transforma-cela-em-campo-missionario\/\",\"url\":\"https:\/\/radioportoseguro.com.br\/site\/2026\/03\/28\/preso-por-engano-no-laos-cristao-transforma-cela-em-campo-missionario\/\",\"name\":\"Preso por engano no Laos, crist\u00e3o transforma cela em campo mission\u00e1rio - R\u00e1dio Porto Seguro\",\"isPartOf\":{\"@id\":\"https:\/\/radioportoseguro.com.br\/site\/#website\"},\"primaryImageOfPage\":{\"@id\":\"https:\/\/radioportoseguro.com.br\/site\/2026\/03\/28\/preso-por-engano-no-laos-cristao-transforma-cela-em-campo-missionario\/#primaryimage\"},\"image\":{\"@id\":\"https:\/\/radioportoseguro.com.br\/site\/2026\/03\/28\/preso-por-engano-no-laos-cristao-transforma-cela-em-campo-missionario\/#primaryimage\"},\"thumbnailUrl\":\"https:\/\/radioportoseguro.com.br\/site\/wp-content\/uploads\/2026\/03\/2473725900-kham-la.png\",\"datePublished\":\"2026-03-28T13:18:52+00:00\",\"author\":{\"@id\":\"https:\/\/radioportoseguro.com.br\/site\/#\/schema\/person\/7630acdc320186f13639d3c067ec089b\"},\"breadcrumb\":{\"@id\":\"https:\/\/radioportoseguro.com.br\/site\/2026\/03\/28\/preso-por-engano-no-laos-cristao-transforma-cela-em-campo-missionario\/#breadcrumb\"},\"inLanguage\":\"pt-BR\",\"potentialAction\":[{\"@type\":\"ReadAction\",\"target\":[\"https:\/\/radioportoseguro.com.br\/site\/2026\/03\/28\/preso-por-engano-no-laos-cristao-transforma-cela-em-campo-missionario\/\"]}]},{\"@type\":\"ImageObject\",\"inLanguage\":\"pt-BR\",\"@id\":\"https:\/\/radioportoseguro.com.br\/site\/2026\/03\/28\/preso-por-engano-no-laos-cristao-transforma-cela-em-campo-missionario\/#primaryimage\",\"url\":\"https:\/\/radioportoseguro.com.br\/site\/wp-content\/uploads\/2026\/03\/2473725900-kham-la.png\",\"contentUrl\":\"https:\/\/radioportoseguro.com.br\/site\/wp-content\/uploads\/2026\/03\/2473725900-kham-la.png\",\"width\":1200,\"height\":600},{\"@type\":\"BreadcrumbList\",\"@id\":\"https:\/\/radioportoseguro.com.br\/site\/2026\/03\/28\/preso-por-engano-no-laos-cristao-transforma-cela-em-campo-missionario\/#breadcrumb\",\"itemListElement\":[{\"@type\":\"ListItem\",\"position\":1,\"name\":\"In\u00edcio\",\"item\":\"https:\/\/radioportoseguro.com.br\/site\/\"},{\"@type\":\"ListItem\",\"position\":2,\"name\":\"Preso por engano no Laos, crist\u00e3o transforma cela em campo mission\u00e1rio\"}]},{\"@type\":\"WebSite\",\"@id\":\"https:\/\/radioportoseguro.com.br\/site\/#website\",\"url\":\"https:\/\/radioportoseguro.com.br\/site\/\",\"name\":\"R\u00e1dio Porto Seguro\",\"description\":\"\",\"potentialAction\":[{\"@type\":\"SearchAction\",\"target\":{\"@type\":\"EntryPoint\",\"urlTemplate\":\"https:\/\/radioportoseguro.com.br\/site\/?s={search_term_string}\"},\"query-input\":{\"@type\":\"PropertyValueSpecification\",\"valueRequired\":true,\"valueName\":\"search_term_string\"}}],\"inLanguage\":\"pt-BR\"},{\"@type\":\"Person\",\"@id\":\"https:\/\/radioportoseguro.com.br\/site\/#\/schema\/person\/7630acdc320186f13639d3c067ec089b\",\"name\":\"admin\",\"image\":{\"@type\":\"ImageObject\",\"inLanguage\":\"pt-BR\",\"@id\":\"https:\/\/radioportoseguro.com.br\/site\/#\/schema\/person\/image\/\",\"url\":\"https:\/\/secure.gravatar.com\/avatar\/caacf4dc1eedb68fab0df8e1ed46c448e578b2466351bbcb61e47d2ac0caaef0?s=96&d=mm&r=g\",\"contentUrl\":\"https:\/\/secure.gravatar.com\/avatar\/caacf4dc1eedb68fab0df8e1ed46c448e578b2466351bbcb61e47d2ac0caaef0?s=96&d=mm&r=g\",\"caption\":\"admin\"},\"sameAs\":[\"https:\/\/radioportoseguro.com.br\/site\"],\"url\":\"https:\/\/radioportoseguro.com.br\/site\/author\/hezio\/\"}]}<\/script>\n<!-- \/ Yoast SEO plugin. -->","yoast_head_json":{"title":"Preso por engano no Laos, crist\u00e3o transforma cela em campo mission\u00e1rio - R\u00e1dio Porto Seguro","robots":{"index":"index","follow":"follow","max-snippet":"max-snippet:-1","max-image-preview":"max-image-preview:large","max-video-preview":"max-video-preview:-1"},"canonical":"https:\/\/radioportoseguro.com.br\/site\/2026\/03\/28\/preso-por-engano-no-laos-cristao-transforma-cela-em-campo-missionario\/","og_locale":"pt_BR","og_type":"article","og_title":"Preso por engano no Laos, crist\u00e3o transforma cela em campo mission\u00e1rio - R\u00e1dio Porto Seguro","og_description":"O crist\u00e3o Kham La viveu dias de sofrimento e f\u00e9 inabal\u00e1vel ap\u00f3s ser preso injustamente no Laos, em um caso que chamou aten\u00e7\u00e3o por seu desfecho e testemunho de perseveran\u00e7a crist\u00e3. Kham foi preso injustamente, mas acredita que foi uma oportunidade para compartilhar o Evangelho: \u201cGra\u00e7as a Deus que fui preso\u201d, afirmou. \u201cNunca fiquei revoltado [&hellip;]","og_url":"https:\/\/radioportoseguro.com.br\/site\/2026\/03\/28\/preso-por-engano-no-laos-cristao-transforma-cela-em-campo-missionario\/","og_site_name":"R\u00e1dio Porto Seguro","article_published_time":"2026-03-28T13:18:52+00:00","og_image":[{"url":"https:\/\/media.guiame.com.br\/archives\/2026\/03\/26\/2473725900-kham-la.png","type":"","width":"","height":""}],"author":"admin","twitter_card":"summary_large_image","twitter_misc":{"Escrito por":"admin","Est. tempo de leitura":"3 minutos"},"schema":{"@context":"https:\/\/schema.org","@graph":[{"@type":"Article","@id":"https:\/\/radioportoseguro.com.br\/site\/2026\/03\/28\/preso-por-engano-no-laos-cristao-transforma-cela-em-campo-missionario\/#article","isPartOf":{"@id":"https:\/\/radioportoseguro.com.br\/site\/2026\/03\/28\/preso-por-engano-no-laos-cristao-transforma-cela-em-campo-missionario\/"},"author":{"name":"admin","@id":"https:\/\/radioportoseguro.com.br\/site\/#\/schema\/person\/7630acdc320186f13639d3c067ec089b"},"headline":"Preso por engano no Laos, crist\u00e3o transforma cela em campo mission\u00e1rio","datePublished":"2026-03-28T13:18:52+00:00","mainEntityOfPage":{"@id":"https:\/\/radioportoseguro.com.br\/site\/2026\/03\/28\/preso-por-engano-no-laos-cristao-transforma-cela-em-campo-missionario\/"},"wordCount":554,"image":{"@id":"https:\/\/radioportoseguro.com.br\/site\/2026\/03\/28\/preso-por-engano-no-laos-cristao-transforma-cela-em-campo-missionario\/#primaryimage"},"thumbnailUrl":"https:\/\/radioportoseguro.com.br\/site\/wp-content\/uploads\/2026\/03\/2473725900-kham-la.png","articleSection":["Destaques"],"inLanguage":"pt-BR"},{"@type":"WebPage","@id":"https:\/\/radioportoseguro.com.br\/site\/2026\/03\/28\/preso-por-engano-no-laos-cristao-transforma-cela-em-campo-missionario\/","url":"https:\/\/radioportoseguro.com.br\/site\/2026\/03\/28\/preso-por-engano-no-laos-cristao-transforma-cela-em-campo-missionario\/","name":"Preso por engano no Laos, crist\u00e3o transforma cela em campo mission\u00e1rio - R\u00e1dio Porto Seguro","isPartOf":{"@id":"https:\/\/radioportoseguro.com.br\/site\/#website"},"primaryImageOfPage":{"@id":"https:\/\/radioportoseguro.com.br\/site\/2026\/03\/28\/preso-por-engano-no-laos-cristao-transforma-cela-em-campo-missionario\/#primaryimage"},"image":{"@id":"https:\/\/radioportoseguro.com.br\/site\/2026\/03\/28\/preso-por-engano-no-laos-cristao-transforma-cela-em-campo-missionario\/#primaryimage"},"thumbnailUrl":"https:\/\/radioportoseguro.com.br\/site\/wp-content\/uploads\/2026\/03\/2473725900-kham-la.png","datePublished":"2026-03-28T13:18:52+00:00","author":{"@id":"https:\/\/radioportoseguro.com.br\/site\/#\/schema\/person\/7630acdc320186f13639d3c067ec089b"},"breadcrumb":{"@id":"https:\/\/radioportoseguro.com.br\/site\/2026\/03\/28\/preso-por-engano-no-laos-cristao-transforma-cela-em-campo-missionario\/#breadcrumb"},"inLanguage":"pt-BR","potentialAction":[{"@type":"ReadAction","target":["https:\/\/radioportoseguro.com.br\/site\/2026\/03\/28\/preso-por-engano-no-laos-cristao-transforma-cela-em-campo-missionario\/"]}]},{"@type":"ImageObject","inLanguage":"pt-BR","@id":"https:\/\/radioportoseguro.com.br\/site\/2026\/03\/28\/preso-por-engano-no-laos-cristao-transforma-cela-em-campo-missionario\/#primaryimage","url":"https:\/\/radioportoseguro.com.br\/site\/wp-content\/uploads\/2026\/03\/2473725900-kham-la.png","contentUrl":"https:\/\/radioportoseguro.com.br\/site\/wp-content\/uploads\/2026\/03\/2473725900-kham-la.png","width":1200,"height":600},{"@type":"BreadcrumbList","@id":"https:\/\/radioportoseguro.com.br\/site\/2026\/03\/28\/preso-por-engano-no-laos-cristao-transforma-cela-em-campo-missionario\/#breadcrumb","itemListElement":[{"@type":"ListItem","position":1,"name":"In\u00edcio","item":"https:\/\/radioportoseguro.com.br\/site\/"},{"@type":"ListItem","position":2,"name":"Preso por engano no Laos, crist\u00e3o transforma cela em campo mission\u00e1rio"}]},{"@type":"WebSite","@id":"https:\/\/radioportoseguro.com.br\/site\/#website","url":"https:\/\/radioportoseguro.com.br\/site\/","name":"R\u00e1dio Porto Seguro","description":"","potentialAction":[{"@type":"SearchAction","target":{"@type":"EntryPoint","urlTemplate":"https:\/\/radioportoseguro.com.br\/site\/?s={search_term_string}"},"query-input":{"@type":"PropertyValueSpecification","valueRequired":true,"valueName":"search_term_string"}}],"inLanguage":"pt-BR"},{"@type":"Person","@id":"https:\/\/radioportoseguro.com.br\/site\/#\/schema\/person\/7630acdc320186f13639d3c067ec089b","name":"admin","image":{"@type":"ImageObject","inLanguage":"pt-BR","@id":"https:\/\/radioportoseguro.com.br\/site\/#\/schema\/person\/image\/","url":"https:\/\/secure.gravatar.com\/avatar\/caacf4dc1eedb68fab0df8e1ed46c448e578b2466351bbcb61e47d2ac0caaef0?s=96&d=mm&r=g","contentUrl":"https:\/\/secure.gravatar.com\/avatar\/caacf4dc1eedb68fab0df8e1ed46c448e578b2466351bbcb61e47d2ac0caaef0?s=96&d=mm&r=g","caption":"admin"},"sameAs":["https:\/\/radioportoseguro.com.br\/site"],"url":"https:\/\/radioportoseguro.com.br\/site\/author\/hezio\/"}]}},"_links":{"self":[{"href":"https:\/\/radioportoseguro.com.br\/site\/wp-json\/wp\/v2\/posts\/5489","targetHints":{"allow":["GET"]}}],"collection":[{"href":"https:\/\/radioportoseguro.com.br\/site\/wp-json\/wp\/v2\/posts"}],"about":[{"href":"https:\/\/radioportoseguro.com.br\/site\/wp-json\/wp\/v2\/types\/post"}],"author":[{"embeddable":true,"href":"https:\/\/radioportoseguro.com.br\/site\/wp-json\/wp\/v2\/users\/1"}],"replies":[{"embeddable":true,"href":"https:\/\/radioportoseguro.com.br\/site\/wp-json\/wp\/v2\/comments?post=5489"}],"version-history":[{"count":0,"href":"https:\/\/radioportoseguro.com.br\/site\/wp-json\/wp\/v2\/posts\/5489\/revisions"}],"wp:featuredmedia":[{"embeddable":true,"href":"https:\/\/radioportoseguro.com.br\/site\/wp-json\/wp\/v2\/media\/5490"}],"wp:attachment":[{"href":"https:\/\/radioportoseguro.com.br\/site\/wp-json\/wp\/v2\/media?parent=5489"}],"wp:term":[{"taxonomy":"category","embeddable":true,"href":"https:\/\/radioportoseguro.com.br\/site\/wp-json\/wp\/v2\/categories?post=5489"},{"taxonomy":"post_tag","embeddable":true,"href":"https:\/\/radioportoseguro.com.br\/site\/wp-json\/wp\/v2\/tags?post=5489"}],"curies":[{"name":"wp","href":"https:\/\/api.w.org\/{rel}","templated":true}]}}