{"id":5520,"date":"2026-03-28T22:41:50","date_gmt":"2026-03-29T01:41:50","guid":{"rendered":"https:\/\/radioportoseguro.com.br\/site\/2026\/03\/28\/jovem-e-declarada-morta-pela-familia-por-nao-negar-jesus-deus-nao-me-abandonou\/"},"modified":"2026-03-28T22:41:50","modified_gmt":"2026-03-29T01:41:50","slug":"jovem-e-declarada-morta-pela-familia-por-nao-negar-jesus-deus-nao-me-abandonou","status":"publish","type":"post","link":"https:\/\/radioportoseguro.com.br\/site\/2026\/03\/28\/jovem-e-declarada-morta-pela-familia-por-nao-negar-jesus-deus-nao-me-abandonou\/","title":{"rendered":"Jovem \u00e9 declarada morta pela fam\u00edlia por n\u00e3o negar Jesus: \u2018Deus n\u00e3o me abandonou\u2019"},"content":{"rendered":"<p><br \/>\n<br \/><\/p>\n<div>\n<p><span style=\"font-weight: 400;\">Ap\u00f3s ser expulsa de casa e declarada \u201cmorta\u201d pela pr\u00f3pria fam\u00edlia por se recusar a negar Jesus em uma aldeia no estado de Chhattisgarh, na \u00cdndia, uma jovem crist\u00e3 revelou que, mesmo perdendo tudo, <\/span><span style=\"color: #993300;\"><strong>encontrou em Deus um Pai<\/strong><\/span><span style=\"font-weight: 400;\"> que nunca a abandonou.\u00a0<\/span><\/p>\n<p><span style=\"font-weight: 400;\">Sonia se rendeu a Cristo ap\u00f3s viver uma experi\u00eancia de cura em um albergue crist\u00e3o. Desde ent\u00e3o, passou a seguir Jesus em segredo por anos.<\/span><\/p>\n<p><span style=\"font-weight: 400;\">Um dia, ao retornar \u00e0 aldeia natal, sua convers\u00e3o foi descoberta. Segundo a organiza\u00e7\u00e3o Global Christian Relief, centenas de pessoas se reuniram e exigiram que ela negasse publicamente Jesus.<\/span><\/p>\n<p><span style=\"font-weight: 400;\">Na ocasi\u00e3o, um morador jogou a B\u00edblia de Sonia no ch\u00e3o e ordenou que ela pisasse na Palavra de Deus. Por\u00e9m, ela se recusou.<\/span><\/p>\n<blockquote class=\"instagram-media\" style=\"background: #FFF; border: 0; border-radius: 3px; box-shadow: 0 0 1px 0 rgba(0,0,0,0.5),0 1px 10px 0 rgba(0,0,0,0.15); margin: 1px; max-width: 540px; min-width: 326px; padding: 0; width: calc(100% - 2px);\" data-instgrm-permalink=\"https:\/\/www.instagram.com\/reel\/DWZTYQTgVUH\/?utm_source=ig_embed&amp;utm_campaign=loading\" data-instgrm-version=\"14\"><p>&#13;<br \/>\n&#13;\n<\/p><\/blockquote>\n<p><span style=\"font-weight: 400;\">Diante disso, o pr\u00f3prio pai a agrediu e realizou um ritual simb\u00f3lico de funeral, quebrando um vaso de barro e lavando as m\u00e3os \u2014 pr\u00e1tica usada em algumas regi\u00f5es para declarar algu\u00e9m \u201cmorto\u201d para a fam\u00edlia.<\/span><\/p>\n<p><span style=\"font-weight: 400;\">Na mesma noite, Sonia foi expulsa da aldeia apenas com a roupa do corpo. Desde ent\u00e3o, ela n\u00e3o teve mais contato com os familiares.<\/span><\/p>\n<p><strong>\u2018N\u00e3o h\u00e1 amor maior do que o amor de Jesus\u2019<\/strong><\/p>\n<p><span style=\"font-weight: 400;\">Apesar da rejei\u00e7\u00e3o e de precisar escolher entre a fam\u00edlia e a f\u00e9, Sonia permaneceu firme no Senhor.<\/span><\/p>\n<p><span style=\"font-weight: 400;\">\u201cEla perdeu sua casa. Sua fam\u00edlia. Tudo o que conhecia. Mas encontrou algo que seu pai n\u00e3o p\u00f4de tirar dela\u201d, relatou a Global Christian Relief.\u00a0<\/span><\/p>\n<p><span style=\"font-weight: 400;\">E Sonia acrescentou: \u201cN\u00e3o h\u00e1 amor maior do que <\/span><span style=\"color: #993300;\"><strong>o amor de Jesus<\/strong><\/span><span style=\"font-weight: 400;\">\u201d.<\/span><\/p>\n<p><span style=\"font-weight: 400;\">A organiza\u00e7\u00e3o compartilhou o testemunho de Sonia no Instagram e levou milhares de crist\u00e3os ao redor do mundo a refletir:<\/span><\/p>\n<p><span style=\"font-weight: 400;\">\u201cO que te sustenta quando a vida fica dif\u00edcil? A qual amor voc\u00ea se apega quando tudo parece incerto?\u201d.<\/span><\/p>\n<p><span style=\"font-weight: 400;\">Assim como Sonia, o amor de Jesus tem sustentado a Igreja Perseguida em diversas na\u00e7\u00f5es, onde crist\u00e3os seguem firmes na f\u00e9, mesmo sob persegui\u00e7\u00e3o, viol\u00eancia e amea\u00e7as de morte.<\/span><\/p>\n<p><span style=\"font-weight: 400;\">\u201cVamos orar por Sonia e por outros crentes como ela que perderam suas fam\u00edlias por seguirem Jesus: \u2018Senhor, encontre-os em sua dor. D\u00ea-lhes a sua paz que excede todo entendimento. Envolva-os com o seu amor e com comunh\u00e3o. Deixe-os saber que n\u00e3o est\u00e3o sozinhos. Am\u00e9m\u2019\u201d, concluiu a Global Christian Relief.<\/span><\/p>\n<\/div>\n<p><script async src=\"\/\/www.instagram.com\/embed.js\"><\/script><br \/>\n<br \/><br \/>\n<br \/>Fonte: Guiame <\/p>\n","protected":false},"excerpt":{"rendered":"<p>Ap\u00f3s ser expulsa de casa e declarada \u201cmorta\u201d pela pr\u00f3pria fam\u00edlia por se recusar a negar Jesus em uma aldeia no estado de Chhattisgarh, na \u00cdndia, uma jovem crist\u00e3 revelou que, mesmo perdendo tudo, encontrou em Deus um Pai que nunca a abandonou.\u00a0 Sonia se rendeu a Cristo ap\u00f3s viver uma experi\u00eancia de cura em [&hellip;]<\/p>\n","protected":false},"author":1,"featured_media":5521,"comment_status":"","ping_status":"open","sticky":false,"template":"","format":"standard","meta":{"footnotes":""},"categories":[43],"tags":[],"class_list":["post-5520","post","type-post","status-publish","format-standard","has-post-thumbnail","hentry","category-destaques"],"yoast_head":"<!-- This site is optimized with the Yoast SEO plugin v26.8 - https:\/\/yoast.com\/product\/yoast-seo-wordpress\/ -->\n<title>Jovem \u00e9 declarada morta pela fam\u00edlia por n\u00e3o negar Jesus: \u2018Deus n\u00e3o me abandonou\u2019 - R\u00e1dio Porto Seguro<\/title>\n<meta name=\"robots\" content=\"index, follow, max-snippet:-1, max-image-preview:large, max-video-preview:-1\" \/>\n<link rel=\"canonical\" href=\"https:\/\/radioportoseguro.com.br\/site\/2026\/03\/28\/jovem-e-declarada-morta-pela-familia-por-nao-negar-jesus-deus-nao-me-abandonou\/\" \/>\n<meta property=\"og:locale\" content=\"pt_BR\" \/>\n<meta property=\"og:type\" content=\"article\" \/>\n<meta property=\"og:title\" content=\"Jovem \u00e9 declarada morta pela fam\u00edlia por n\u00e3o negar Jesus: \u2018Deus n\u00e3o me abandonou\u2019 - R\u00e1dio Porto Seguro\" \/>\n<meta property=\"og:description\" content=\"Ap\u00f3s ser expulsa de casa e declarada \u201cmorta\u201d pela pr\u00f3pria fam\u00edlia por se recusar a negar Jesus em uma aldeia no estado de Chhattisgarh, na \u00cdndia, uma jovem crist\u00e3 revelou que, mesmo perdendo tudo, encontrou em Deus um Pai que nunca a abandonou.\u00a0 Sonia se rendeu a Cristo ap\u00f3s viver uma experi\u00eancia de cura em [&hellip;]\" \/>\n<meta property=\"og:url\" content=\"https:\/\/radioportoseguro.com.br\/site\/2026\/03\/28\/jovem-e-declarada-morta-pela-familia-por-nao-negar-jesus-deus-nao-me-abandonou\/\" \/>\n<meta property=\"og:site_name\" content=\"R\u00e1dio Porto Seguro\" \/>\n<meta property=\"article:published_time\" content=\"2026-03-29T01:41:50+00:00\" \/>\n<meta property=\"og:image\" content=\"https:\/\/media.guiame.com.br\/archives\/2026\/03\/27\/682679344-sonia.jpeg\" \/>\n<meta name=\"author\" content=\"admin\" \/>\n<meta name=\"twitter:card\" content=\"summary_large_image\" \/>\n<meta name=\"twitter:label1\" content=\"Escrito por\" \/>\n\t<meta name=\"twitter:data1\" content=\"admin\" \/>\n\t<meta name=\"twitter:label2\" content=\"Est. tempo de leitura\" \/>\n\t<meta name=\"twitter:data2\" content=\"2 minutos\" \/>\n<script type=\"application\/ld+json\" class=\"yoast-schema-graph\">{\"@context\":\"https:\/\/schema.org\",\"@graph\":[{\"@type\":\"Article\",\"@id\":\"https:\/\/radioportoseguro.com.br\/site\/2026\/03\/28\/jovem-e-declarada-morta-pela-familia-por-nao-negar-jesus-deus-nao-me-abandonou\/#article\",\"isPartOf\":{\"@id\":\"https:\/\/radioportoseguro.com.br\/site\/2026\/03\/28\/jovem-e-declarada-morta-pela-familia-por-nao-negar-jesus-deus-nao-me-abandonou\/\"},\"author\":{\"name\":\"admin\",\"@id\":\"https:\/\/radioportoseguro.com.br\/site\/#\/schema\/person\/7630acdc320186f13639d3c067ec089b\"},\"headline\":\"Jovem \u00e9 declarada morta pela fam\u00edlia por n\u00e3o negar Jesus: \u2018Deus n\u00e3o me abandonou\u2019\",\"datePublished\":\"2026-03-29T01:41:50+00:00\",\"mainEntityOfPage\":{\"@id\":\"https:\/\/radioportoseguro.com.br\/site\/2026\/03\/28\/jovem-e-declarada-morta-pela-familia-por-nao-negar-jesus-deus-nao-me-abandonou\/\"},\"wordCount\":426,\"image\":{\"@id\":\"https:\/\/radioportoseguro.com.br\/site\/2026\/03\/28\/jovem-e-declarada-morta-pela-familia-por-nao-negar-jesus-deus-nao-me-abandonou\/#primaryimage\"},\"thumbnailUrl\":\"https:\/\/radioportoseguro.com.br\/site\/wp-content\/uploads\/2026\/03\/682679344-sonia.jpeg\",\"articleSection\":[\"Destaques\"],\"inLanguage\":\"pt-BR\"},{\"@type\":\"WebPage\",\"@id\":\"https:\/\/radioportoseguro.com.br\/site\/2026\/03\/28\/jovem-e-declarada-morta-pela-familia-por-nao-negar-jesus-deus-nao-me-abandonou\/\",\"url\":\"https:\/\/radioportoseguro.com.br\/site\/2026\/03\/28\/jovem-e-declarada-morta-pela-familia-por-nao-negar-jesus-deus-nao-me-abandonou\/\",\"name\":\"Jovem \u00e9 declarada morta pela fam\u00edlia por n\u00e3o negar Jesus: \u2018Deus n\u00e3o me abandonou\u2019 - R\u00e1dio Porto Seguro\",\"isPartOf\":{\"@id\":\"https:\/\/radioportoseguro.com.br\/site\/#website\"},\"primaryImageOfPage\":{\"@id\":\"https:\/\/radioportoseguro.com.br\/site\/2026\/03\/28\/jovem-e-declarada-morta-pela-familia-por-nao-negar-jesus-deus-nao-me-abandonou\/#primaryimage\"},\"image\":{\"@id\":\"https:\/\/radioportoseguro.com.br\/site\/2026\/03\/28\/jovem-e-declarada-morta-pela-familia-por-nao-negar-jesus-deus-nao-me-abandonou\/#primaryimage\"},\"thumbnailUrl\":\"https:\/\/radioportoseguro.com.br\/site\/wp-content\/uploads\/2026\/03\/682679344-sonia.jpeg\",\"datePublished\":\"2026-03-29T01:41:50+00:00\",\"author\":{\"@id\":\"https:\/\/radioportoseguro.com.br\/site\/#\/schema\/person\/7630acdc320186f13639d3c067ec089b\"},\"breadcrumb\":{\"@id\":\"https:\/\/radioportoseguro.com.br\/site\/2026\/03\/28\/jovem-e-declarada-morta-pela-familia-por-nao-negar-jesus-deus-nao-me-abandonou\/#breadcrumb\"},\"inLanguage\":\"pt-BR\",\"potentialAction\":[{\"@type\":\"ReadAction\",\"target\":[\"https:\/\/radioportoseguro.com.br\/site\/2026\/03\/28\/jovem-e-declarada-morta-pela-familia-por-nao-negar-jesus-deus-nao-me-abandonou\/\"]}]},{\"@type\":\"ImageObject\",\"inLanguage\":\"pt-BR\",\"@id\":\"https:\/\/radioportoseguro.com.br\/site\/2026\/03\/28\/jovem-e-declarada-morta-pela-familia-por-nao-negar-jesus-deus-nao-me-abandonou\/#primaryimage\",\"url\":\"https:\/\/radioportoseguro.com.br\/site\/wp-content\/uploads\/2026\/03\/682679344-sonia.jpeg\",\"contentUrl\":\"https:\/\/radioportoseguro.com.br\/site\/wp-content\/uploads\/2026\/03\/682679344-sonia.jpeg\",\"width\":1200,\"height\":600},{\"@type\":\"BreadcrumbList\",\"@id\":\"https:\/\/radioportoseguro.com.br\/site\/2026\/03\/28\/jovem-e-declarada-morta-pela-familia-por-nao-negar-jesus-deus-nao-me-abandonou\/#breadcrumb\",\"itemListElement\":[{\"@type\":\"ListItem\",\"position\":1,\"name\":\"In\u00edcio\",\"item\":\"https:\/\/radioportoseguro.com.br\/site\/\"},{\"@type\":\"ListItem\",\"position\":2,\"name\":\"Jovem \u00e9 declarada morta pela fam\u00edlia por n\u00e3o negar Jesus: \u2018Deus n\u00e3o me abandonou\u2019\"}]},{\"@type\":\"WebSite\",\"@id\":\"https:\/\/radioportoseguro.com.br\/site\/#website\",\"url\":\"https:\/\/radioportoseguro.com.br\/site\/\",\"name\":\"R\u00e1dio Porto Seguro\",\"description\":\"\",\"potentialAction\":[{\"@type\":\"SearchAction\",\"target\":{\"@type\":\"EntryPoint\",\"urlTemplate\":\"https:\/\/radioportoseguro.com.br\/site\/?s={search_term_string}\"},\"query-input\":{\"@type\":\"PropertyValueSpecification\",\"valueRequired\":true,\"valueName\":\"search_term_string\"}}],\"inLanguage\":\"pt-BR\"},{\"@type\":\"Person\",\"@id\":\"https:\/\/radioportoseguro.com.br\/site\/#\/schema\/person\/7630acdc320186f13639d3c067ec089b\",\"name\":\"admin\",\"image\":{\"@type\":\"ImageObject\",\"inLanguage\":\"pt-BR\",\"@id\":\"https:\/\/radioportoseguro.com.br\/site\/#\/schema\/person\/image\/\",\"url\":\"https:\/\/secure.gravatar.com\/avatar\/caacf4dc1eedb68fab0df8e1ed46c448e578b2466351bbcb61e47d2ac0caaef0?s=96&d=mm&r=g\",\"contentUrl\":\"https:\/\/secure.gravatar.com\/avatar\/caacf4dc1eedb68fab0df8e1ed46c448e578b2466351bbcb61e47d2ac0caaef0?s=96&d=mm&r=g\",\"caption\":\"admin\"},\"sameAs\":[\"https:\/\/radioportoseguro.com.br\/site\"],\"url\":\"https:\/\/radioportoseguro.com.br\/site\/author\/hezio\/\"}]}<\/script>\n<!-- \/ Yoast SEO plugin. -->","yoast_head_json":{"title":"Jovem \u00e9 declarada morta pela fam\u00edlia por n\u00e3o negar Jesus: \u2018Deus n\u00e3o me abandonou\u2019 - R\u00e1dio Porto Seguro","robots":{"index":"index","follow":"follow","max-snippet":"max-snippet:-1","max-image-preview":"max-image-preview:large","max-video-preview":"max-video-preview:-1"},"canonical":"https:\/\/radioportoseguro.com.br\/site\/2026\/03\/28\/jovem-e-declarada-morta-pela-familia-por-nao-negar-jesus-deus-nao-me-abandonou\/","og_locale":"pt_BR","og_type":"article","og_title":"Jovem \u00e9 declarada morta pela fam\u00edlia por n\u00e3o negar Jesus: \u2018Deus n\u00e3o me abandonou\u2019 - R\u00e1dio Porto Seguro","og_description":"Ap\u00f3s ser expulsa de casa e declarada \u201cmorta\u201d pela pr\u00f3pria fam\u00edlia por se recusar a negar Jesus em uma aldeia no estado de Chhattisgarh, na \u00cdndia, uma jovem crist\u00e3 revelou que, mesmo perdendo tudo, encontrou em Deus um Pai que nunca a abandonou.\u00a0 Sonia se rendeu a Cristo ap\u00f3s viver uma experi\u00eancia de cura em [&hellip;]","og_url":"https:\/\/radioportoseguro.com.br\/site\/2026\/03\/28\/jovem-e-declarada-morta-pela-familia-por-nao-negar-jesus-deus-nao-me-abandonou\/","og_site_name":"R\u00e1dio Porto Seguro","article_published_time":"2026-03-29T01:41:50+00:00","og_image":[{"url":"https:\/\/media.guiame.com.br\/archives\/2026\/03\/27\/682679344-sonia.jpeg","type":"","width":"","height":""}],"author":"admin","twitter_card":"summary_large_image","twitter_misc":{"Escrito por":"admin","Est. tempo de leitura":"2 minutos"},"schema":{"@context":"https:\/\/schema.org","@graph":[{"@type":"Article","@id":"https:\/\/radioportoseguro.com.br\/site\/2026\/03\/28\/jovem-e-declarada-morta-pela-familia-por-nao-negar-jesus-deus-nao-me-abandonou\/#article","isPartOf":{"@id":"https:\/\/radioportoseguro.com.br\/site\/2026\/03\/28\/jovem-e-declarada-morta-pela-familia-por-nao-negar-jesus-deus-nao-me-abandonou\/"},"author":{"name":"admin","@id":"https:\/\/radioportoseguro.com.br\/site\/#\/schema\/person\/7630acdc320186f13639d3c067ec089b"},"headline":"Jovem \u00e9 declarada morta pela fam\u00edlia por n\u00e3o negar Jesus: \u2018Deus n\u00e3o me abandonou\u2019","datePublished":"2026-03-29T01:41:50+00:00","mainEntityOfPage":{"@id":"https:\/\/radioportoseguro.com.br\/site\/2026\/03\/28\/jovem-e-declarada-morta-pela-familia-por-nao-negar-jesus-deus-nao-me-abandonou\/"},"wordCount":426,"image":{"@id":"https:\/\/radioportoseguro.com.br\/site\/2026\/03\/28\/jovem-e-declarada-morta-pela-familia-por-nao-negar-jesus-deus-nao-me-abandonou\/#primaryimage"},"thumbnailUrl":"https:\/\/radioportoseguro.com.br\/site\/wp-content\/uploads\/2026\/03\/682679344-sonia.jpeg","articleSection":["Destaques"],"inLanguage":"pt-BR"},{"@type":"WebPage","@id":"https:\/\/radioportoseguro.com.br\/site\/2026\/03\/28\/jovem-e-declarada-morta-pela-familia-por-nao-negar-jesus-deus-nao-me-abandonou\/","url":"https:\/\/radioportoseguro.com.br\/site\/2026\/03\/28\/jovem-e-declarada-morta-pela-familia-por-nao-negar-jesus-deus-nao-me-abandonou\/","name":"Jovem \u00e9 declarada morta pela fam\u00edlia por n\u00e3o negar Jesus: \u2018Deus n\u00e3o me abandonou\u2019 - R\u00e1dio Porto Seguro","isPartOf":{"@id":"https:\/\/radioportoseguro.com.br\/site\/#website"},"primaryImageOfPage":{"@id":"https:\/\/radioportoseguro.com.br\/site\/2026\/03\/28\/jovem-e-declarada-morta-pela-familia-por-nao-negar-jesus-deus-nao-me-abandonou\/#primaryimage"},"image":{"@id":"https:\/\/radioportoseguro.com.br\/site\/2026\/03\/28\/jovem-e-declarada-morta-pela-familia-por-nao-negar-jesus-deus-nao-me-abandonou\/#primaryimage"},"thumbnailUrl":"https:\/\/radioportoseguro.com.br\/site\/wp-content\/uploads\/2026\/03\/682679344-sonia.jpeg","datePublished":"2026-03-29T01:41:50+00:00","author":{"@id":"https:\/\/radioportoseguro.com.br\/site\/#\/schema\/person\/7630acdc320186f13639d3c067ec089b"},"breadcrumb":{"@id":"https:\/\/radioportoseguro.com.br\/site\/2026\/03\/28\/jovem-e-declarada-morta-pela-familia-por-nao-negar-jesus-deus-nao-me-abandonou\/#breadcrumb"},"inLanguage":"pt-BR","potentialAction":[{"@type":"ReadAction","target":["https:\/\/radioportoseguro.com.br\/site\/2026\/03\/28\/jovem-e-declarada-morta-pela-familia-por-nao-negar-jesus-deus-nao-me-abandonou\/"]}]},{"@type":"ImageObject","inLanguage":"pt-BR","@id":"https:\/\/radioportoseguro.com.br\/site\/2026\/03\/28\/jovem-e-declarada-morta-pela-familia-por-nao-negar-jesus-deus-nao-me-abandonou\/#primaryimage","url":"https:\/\/radioportoseguro.com.br\/site\/wp-content\/uploads\/2026\/03\/682679344-sonia.jpeg","contentUrl":"https:\/\/radioportoseguro.com.br\/site\/wp-content\/uploads\/2026\/03\/682679344-sonia.jpeg","width":1200,"height":600},{"@type":"BreadcrumbList","@id":"https:\/\/radioportoseguro.com.br\/site\/2026\/03\/28\/jovem-e-declarada-morta-pela-familia-por-nao-negar-jesus-deus-nao-me-abandonou\/#breadcrumb","itemListElement":[{"@type":"ListItem","position":1,"name":"In\u00edcio","item":"https:\/\/radioportoseguro.com.br\/site\/"},{"@type":"ListItem","position":2,"name":"Jovem \u00e9 declarada morta pela fam\u00edlia por n\u00e3o negar Jesus: \u2018Deus n\u00e3o me abandonou\u2019"}]},{"@type":"WebSite","@id":"https:\/\/radioportoseguro.com.br\/site\/#website","url":"https:\/\/radioportoseguro.com.br\/site\/","name":"R\u00e1dio Porto Seguro","description":"","potentialAction":[{"@type":"SearchAction","target":{"@type":"EntryPoint","urlTemplate":"https:\/\/radioportoseguro.com.br\/site\/?s={search_term_string}"},"query-input":{"@type":"PropertyValueSpecification","valueRequired":true,"valueName":"search_term_string"}}],"inLanguage":"pt-BR"},{"@type":"Person","@id":"https:\/\/radioportoseguro.com.br\/site\/#\/schema\/person\/7630acdc320186f13639d3c067ec089b","name":"admin","image":{"@type":"ImageObject","inLanguage":"pt-BR","@id":"https:\/\/radioportoseguro.com.br\/site\/#\/schema\/person\/image\/","url":"https:\/\/secure.gravatar.com\/avatar\/caacf4dc1eedb68fab0df8e1ed46c448e578b2466351bbcb61e47d2ac0caaef0?s=96&d=mm&r=g","contentUrl":"https:\/\/secure.gravatar.com\/avatar\/caacf4dc1eedb68fab0df8e1ed46c448e578b2466351bbcb61e47d2ac0caaef0?s=96&d=mm&r=g","caption":"admin"},"sameAs":["https:\/\/radioportoseguro.com.br\/site"],"url":"https:\/\/radioportoseguro.com.br\/site\/author\/hezio\/"}]}},"_links":{"self":[{"href":"https:\/\/radioportoseguro.com.br\/site\/wp-json\/wp\/v2\/posts\/5520","targetHints":{"allow":["GET"]}}],"collection":[{"href":"https:\/\/radioportoseguro.com.br\/site\/wp-json\/wp\/v2\/posts"}],"about":[{"href":"https:\/\/radioportoseguro.com.br\/site\/wp-json\/wp\/v2\/types\/post"}],"author":[{"embeddable":true,"href":"https:\/\/radioportoseguro.com.br\/site\/wp-json\/wp\/v2\/users\/1"}],"replies":[{"embeddable":true,"href":"https:\/\/radioportoseguro.com.br\/site\/wp-json\/wp\/v2\/comments?post=5520"}],"version-history":[{"count":0,"href":"https:\/\/radioportoseguro.com.br\/site\/wp-json\/wp\/v2\/posts\/5520\/revisions"}],"wp:featuredmedia":[{"embeddable":true,"href":"https:\/\/radioportoseguro.com.br\/site\/wp-json\/wp\/v2\/media\/5521"}],"wp:attachment":[{"href":"https:\/\/radioportoseguro.com.br\/site\/wp-json\/wp\/v2\/media?parent=5520"}],"wp:term":[{"taxonomy":"category","embeddable":true,"href":"https:\/\/radioportoseguro.com.br\/site\/wp-json\/wp\/v2\/categories?post=5520"},{"taxonomy":"post_tag","embeddable":true,"href":"https:\/\/radioportoseguro.com.br\/site\/wp-json\/wp\/v2\/tags?post=5520"}],"curies":[{"name":"wp","href":"https:\/\/api.w.org\/{rel}","templated":true}]}}