{"id":5522,"date":"2026-03-29T00:45:02","date_gmt":"2026-03-29T03:45:02","guid":{"rendered":"https:\/\/radioportoseguro.com.br\/site\/2026\/03\/29\/mais-de-20-mil-cristaos-que-fugiram-de-perseguicao-recebem-ordem-de-despejo-no-paquistao\/"},"modified":"2026-03-29T00:45:02","modified_gmt":"2026-03-29T03:45:02","slug":"mais-de-20-mil-cristaos-que-fugiram-de-perseguicao-recebem-ordem-de-despejo-no-paquistao","status":"publish","type":"post","link":"https:\/\/radioportoseguro.com.br\/site\/2026\/03\/29\/mais-de-20-mil-cristaos-que-fugiram-de-perseguicao-recebem-ordem-de-despejo-no-paquistao\/","title":{"rendered":"Mais de 20 mil crist\u00e3os que fugiram de persegui\u00e7\u00e3o recebem ordem de despejo no Paquist\u00e3o"},"content":{"rendered":"<p><br \/>\n<br \/><\/p>\n<div>\n<p><span style=\"font-weight: 400;\">Milhares de fam\u00edlias crist\u00e3s que vivem em assentamentos informais na capital do <\/span><span style=\"color: #800000;\"><strong>Paquist\u00e3o<\/strong><\/span><span style=\"font-weight: 400;\"> receberam ordens de despejos do governo.<\/span><\/p>\n<p><span style=\"font-weight: 400;\">Segundo o Christian Daily Internacional, a Autoridade de Desenvolvimento da Capital (CDA) emitiu uma ordem verbal, no in\u00edcio de mar\u00e7o, ordenando que os moradores desocupassem v\u00e1rios assentamento em Islamabad, incluindo as col\u00f4nias de Rimsha, Sharpar e Akram Gill.<\/span><\/p>\n<p><span style=\"font-weight: 400;\">Os tr\u00eas assentamentos abrigam cerca de 25 mil pessoas, a maioria s\u00e3o <\/span><span style=\"color: #800000;\"><strong>crist\u00e3os<\/strong><\/span><span style=\"font-weight: 400;\"> pobres que trabalham no saneamento b\u00e1sico, na constru\u00e7\u00e3o civil e como empregados dom\u00e9sticos.<\/span><\/p>\n<p><span style=\"font-weight: 400;\">Os moradores relataram que o aviso de despejo causou p\u00e2nico entre as fam\u00edlias, que j\u00e1 vivem h\u00e1 mais de 10 anos na \u00e1rea e n\u00e3o t\u00eam condi\u00e7\u00f5es de ir para outro local.<\/span><\/p>\n<p><span style=\"font-weight: 400;\">&#8220;Para onde iremos?&#8221;, questionou Anwar Masih, morador da Col\u00f4nia Rimsha, em entrevista ao Christian Daily International.\u00a0<\/span><\/p>\n<p><span style=\"font-weight: 400;\">&#8220;Temos filhos pequenos. Desde que essa situa\u00e7\u00e3o come\u00e7ou, todo mundo na minha casa est\u00e1 preocupado. As crian\u00e7as n\u00e3o conseguem dormir \u00e0 noite\u201d.<\/span><\/p>\n<p><strong>Realocados ap\u00f3s caso de persegui\u00e7\u00e3o<\/strong><\/p>\n<p><span style=\"font-weight: 400;\">As col\u00f4nias foram criadas ap\u00f3s um caso de <\/span><span style=\"color: #800000;\"><strong>persegui\u00e7\u00e3o<\/strong><\/span><span style=\"font-weight: 400;\"> em 2012. Uma adolescente crist\u00e3, Rimsha Masih, que tinha defici\u00eancia mental, foi falsamente acusada de queimar p\u00e1ginas do Alcor\u00e3o em Islamabad.<\/span><\/p>\n<p><span style=\"font-weight: 400;\">O caso gerou tens\u00e3o e medo de ataques nos bairros crist\u00e3os pr\u00f3ximos. Durante a crise, muitas fam\u00edlias crist\u00e3s, que viviam na regi\u00e3o de Mehrabadi, fugiram de suas casas durante a noite.<\/span><\/p>\n<p><span style=\"font-weight: 400;\">Mais tarde, o pr\u00f3prio governo realocou os crentes nas col\u00f4nias de Rimsha, Sharpar e Akram Gill.<\/span><\/p>\n<p><span style=\"font-weight: 400;\">\u201cInicialmente havia tendas. Com o tempo, esses abrigos se tornaram lares permanentes\u201d, contou o l\u00edder comunit\u00e1rio Imran Shahzad Sahotra.<\/span><\/p>\n<p><span style=\"font-weight: 400;\">Hoje, os assentamentos abrigam uma comunidade muito unida, com pequenas igrejas, escolas informais e organiza\u00e7\u00f5es comunit\u00e1rias que ajudam os moradores. Por\u00e9m, ativistas observam que a regi\u00e3o ainda n\u00e3o possui servi\u00e7os b\u00e1sicos, incluindo acesso confi\u00e1vel a \u00e1gua pot\u00e1vel, saneamento e sa\u00fade.<\/span><\/p>\n<p style=\"text-align: left;\"><span style=\"font-weight: 400;\">Em 12 de mar\u00e7o, se iniciou uma s\u00e9rie de protestos e momentos de ora\u00e7\u00e3o contra a ordem de despejo. Moradores da Col\u00f4nia Rimsha e Sharpar afirmaram que a a\u00e7\u00e3o \u00e9 feita pelas autoridades sem planos de realoca\u00e7\u00e3o.<\/span><\/p>\n<p style=\"text-align: center;\"><iframe style=\"border: none; overflow: hidden;\" src=\"https:\/\/www.facebook.com\/plugins\/video.php?height=476&amp;href=https%3A%2F%2Fwww.facebook.com%2Freel%2F770929935783184%2F&amp;show_text=true&amp;width=267&amp;t=0\" width=\"267\" height=\"591\" frameborder=\"0\" scrolling=\"no\" allowfullscreen=\"allowfullscreen\"><\/iframe><\/p>\n<p><span style=\"font-weight: 400;\">\u201cEmitir diretrizes para que moradores das favelas desocupem a terra sem oferecer abrigos alternativos \u00e9 uma grande injusti\u00e7a&#8221;, criticou Sahotra.<\/span><\/p>\n<p><span style=\"font-weight: 400;\">Segundo o l\u00edder, a maioria dos moradores n\u00e3o t\u00eam condi\u00e7\u00f5es financeiras de ir para outro local e sofrem discrimina\u00e7\u00e3o no mercado imobili\u00e1rio do Paquist\u00e3o. &#8220;As pessoas est\u00e3o estabelecidas aqui e n\u00e3o t\u00eam outras op\u00e7\u00f5es&#8221;, pontuou.<\/span><\/p>\n<p><span style=\"font-weight: 400;\">O l\u00edder comunit\u00e1rio apelou \u00e0s autoridades para que forne\u00e7am outro reassentamento caso o terreno seja necess\u00e1rio para projetos de desenvolvimento da capital.<\/span><\/p>\n<p><strong>Assentamentos protegidos por lei<\/strong><\/p>\n<p><span style=\"font-weight: 400;\">Ativistas de direitos humanos condenaram a a\u00e7\u00e3o de despejo, afirmando que a ordem vai contra a legisla\u00e7\u00e3o paquistanesa.<\/span><\/p>\n<p><span style=\"font-weight: 400;\">&#8220;As pr\u00f3prias autoridades realocaram essas fam\u00edlias para c\u00e1 ap\u00f3s o caso Rimsha. Ainda assim, hoje eles est\u00e3o sendo amea\u00e7ados de despejo\u201d, afirmou a Comiss\u00e3o de Direitos Humanos do Paquist\u00e3o (HRCP) em um comunicado.<\/span><\/p>\n<p><span style=\"font-weight: 400;\">A Comiss\u00e3o lembrou que os assentamentos informais em Islamabad est\u00e3o protegidos por uma ordem de suspens\u00e3o emitida pela Suprema Corte do Paquist\u00e3o em 2015, proibindo o despejo de moradores de favelas sem os devidos arranjos de reassentamento.<\/span><\/p>\n<p><span style=\"font-weight: 400;\">&#8220;Solicitamos urgentemente ao primeiro-ministro, ao ministro da Justi\u00e7a, ao ministro do Interior e ao ministro de Assuntos Religiosos que tomem conhecimento desses iminentes despejos&#8221;, pediu a HRCP.<\/span><\/p>\n<p><span style=\"font-weight: 400;\">O Paquist\u00e3o, cuja popula\u00e7\u00e3o \u00e9 96% mu\u00e7ulmana, ficou em 8\u00ba lugar na Lista Mundial da Persegui\u00e7\u00e3o 2026 da Portas Abertas, dos lugares mais dif\u00edceis para ser crist\u00e3o.<\/span><\/p>\n<\/div>\n<p><br \/>\n<br \/>Fonte: Guiame <\/p>\n","protected":false},"excerpt":{"rendered":"<p>Milhares de fam\u00edlias crist\u00e3s que vivem em assentamentos informais na capital do Paquist\u00e3o receberam ordens de despejos do governo. Segundo o Christian Daily Internacional, a Autoridade de Desenvolvimento da Capital (CDA) emitiu uma ordem verbal, no in\u00edcio de mar\u00e7o, ordenando que os moradores desocupassem v\u00e1rios assentamento em Islamabad, incluindo as col\u00f4nias de Rimsha, Sharpar e [&hellip;]<\/p>\n","protected":false},"author":1,"featured_media":5523,"comment_status":"","ping_status":"open","sticky":false,"template":"","format":"standard","meta":{"footnotes":""},"categories":[43],"tags":[],"class_list":["post-5522","post","type-post","status-publish","format-standard","has-post-thumbnail","hentry","category-destaques"],"yoast_head":"<!-- This site is optimized with the Yoast SEO plugin v26.8 - https:\/\/yoast.com\/product\/yoast-seo-wordpress\/ -->\n<title>Mais de 20 mil crist\u00e3os que fugiram de persegui\u00e7\u00e3o recebem ordem de despejo no Paquist\u00e3o - R\u00e1dio Porto Seguro<\/title>\n<meta name=\"robots\" content=\"index, follow, max-snippet:-1, max-image-preview:large, max-video-preview:-1\" \/>\n<link rel=\"canonical\" href=\"https:\/\/radioportoseguro.com.br\/site\/2026\/03\/29\/mais-de-20-mil-cristaos-que-fugiram-de-perseguicao-recebem-ordem-de-despejo-no-paquistao\/\" \/>\n<meta property=\"og:locale\" content=\"pt_BR\" \/>\n<meta property=\"og:type\" content=\"article\" \/>\n<meta property=\"og:title\" content=\"Mais de 20 mil crist\u00e3os que fugiram de persegui\u00e7\u00e3o recebem ordem de despejo no Paquist\u00e3o - R\u00e1dio Porto Seguro\" \/>\n<meta property=\"og:description\" content=\"Milhares de fam\u00edlias crist\u00e3s que vivem em assentamentos informais na capital do Paquist\u00e3o receberam ordens de despejos do governo. Segundo o Christian Daily Internacional, a Autoridade de Desenvolvimento da Capital (CDA) emitiu uma ordem verbal, no in\u00edcio de mar\u00e7o, ordenando que os moradores desocupassem v\u00e1rios assentamento em Islamabad, incluindo as col\u00f4nias de Rimsha, Sharpar e [&hellip;]\" \/>\n<meta property=\"og:url\" content=\"https:\/\/radioportoseguro.com.br\/site\/2026\/03\/29\/mais-de-20-mil-cristaos-que-fugiram-de-perseguicao-recebem-ordem-de-despejo-no-paquistao\/\" \/>\n<meta property=\"og:site_name\" content=\"R\u00e1dio Porto Seguro\" \/>\n<meta property=\"article:published_time\" content=\"2026-03-29T03:45:02+00:00\" \/>\n<meta property=\"og:image\" content=\"https:\/\/media.guiame.com.br\/archives\/2026\/03\/27\/1840317119-paquistao.JPG\" \/>\n<meta name=\"author\" content=\"admin\" \/>\n<meta name=\"twitter:card\" content=\"summary_large_image\" \/>\n<meta name=\"twitter:label1\" content=\"Escrito por\" \/>\n\t<meta name=\"twitter:data1\" content=\"admin\" \/>\n\t<meta name=\"twitter:label2\" content=\"Est. tempo de leitura\" \/>\n\t<meta name=\"twitter:data2\" content=\"3 minutos\" \/>\n<script type=\"application\/ld+json\" class=\"yoast-schema-graph\">{\"@context\":\"https:\/\/schema.org\",\"@graph\":[{\"@type\":\"Article\",\"@id\":\"https:\/\/radioportoseguro.com.br\/site\/2026\/03\/29\/mais-de-20-mil-cristaos-que-fugiram-de-perseguicao-recebem-ordem-de-despejo-no-paquistao\/#article\",\"isPartOf\":{\"@id\":\"https:\/\/radioportoseguro.com.br\/site\/2026\/03\/29\/mais-de-20-mil-cristaos-que-fugiram-de-perseguicao-recebem-ordem-de-despejo-no-paquistao\/\"},\"author\":{\"name\":\"admin\",\"@id\":\"https:\/\/radioportoseguro.com.br\/site\/#\/schema\/person\/7630acdc320186f13639d3c067ec089b\"},\"headline\":\"Mais de 20 mil crist\u00e3os que fugiram de persegui\u00e7\u00e3o recebem ordem de despejo no Paquist\u00e3o\",\"datePublished\":\"2026-03-29T03:45:02+00:00\",\"mainEntityOfPage\":{\"@id\":\"https:\/\/radioportoseguro.com.br\/site\/2026\/03\/29\/mais-de-20-mil-cristaos-que-fugiram-de-perseguicao-recebem-ordem-de-despejo-no-paquistao\/\"},\"wordCount\":656,\"image\":{\"@id\":\"https:\/\/radioportoseguro.com.br\/site\/2026\/03\/29\/mais-de-20-mil-cristaos-que-fugiram-de-perseguicao-recebem-ordem-de-despejo-no-paquistao\/#primaryimage\"},\"thumbnailUrl\":\"https:\/\/radioportoseguro.com.br\/site\/wp-content\/uploads\/2026\/03\/1840317119-paquistao.JPG\",\"articleSection\":[\"Destaques\"],\"inLanguage\":\"pt-BR\"},{\"@type\":\"WebPage\",\"@id\":\"https:\/\/radioportoseguro.com.br\/site\/2026\/03\/29\/mais-de-20-mil-cristaos-que-fugiram-de-perseguicao-recebem-ordem-de-despejo-no-paquistao\/\",\"url\":\"https:\/\/radioportoseguro.com.br\/site\/2026\/03\/29\/mais-de-20-mil-cristaos-que-fugiram-de-perseguicao-recebem-ordem-de-despejo-no-paquistao\/\",\"name\":\"Mais de 20 mil crist\u00e3os que fugiram de persegui\u00e7\u00e3o recebem ordem de despejo no Paquist\u00e3o - R\u00e1dio Porto Seguro\",\"isPartOf\":{\"@id\":\"https:\/\/radioportoseguro.com.br\/site\/#website\"},\"primaryImageOfPage\":{\"@id\":\"https:\/\/radioportoseguro.com.br\/site\/2026\/03\/29\/mais-de-20-mil-cristaos-que-fugiram-de-perseguicao-recebem-ordem-de-despejo-no-paquistao\/#primaryimage\"},\"image\":{\"@id\":\"https:\/\/radioportoseguro.com.br\/site\/2026\/03\/29\/mais-de-20-mil-cristaos-que-fugiram-de-perseguicao-recebem-ordem-de-despejo-no-paquistao\/#primaryimage\"},\"thumbnailUrl\":\"https:\/\/radioportoseguro.com.br\/site\/wp-content\/uploads\/2026\/03\/1840317119-paquistao.JPG\",\"datePublished\":\"2026-03-29T03:45:02+00:00\",\"author\":{\"@id\":\"https:\/\/radioportoseguro.com.br\/site\/#\/schema\/person\/7630acdc320186f13639d3c067ec089b\"},\"breadcrumb\":{\"@id\":\"https:\/\/radioportoseguro.com.br\/site\/2026\/03\/29\/mais-de-20-mil-cristaos-que-fugiram-de-perseguicao-recebem-ordem-de-despejo-no-paquistao\/#breadcrumb\"},\"inLanguage\":\"pt-BR\",\"potentialAction\":[{\"@type\":\"ReadAction\",\"target\":[\"https:\/\/radioportoseguro.com.br\/site\/2026\/03\/29\/mais-de-20-mil-cristaos-que-fugiram-de-perseguicao-recebem-ordem-de-despejo-no-paquistao\/\"]}]},{\"@type\":\"ImageObject\",\"inLanguage\":\"pt-BR\",\"@id\":\"https:\/\/radioportoseguro.com.br\/site\/2026\/03\/29\/mais-de-20-mil-cristaos-que-fugiram-de-perseguicao-recebem-ordem-de-despejo-no-paquistao\/#primaryimage\",\"url\":\"https:\/\/radioportoseguro.com.br\/site\/wp-content\/uploads\/2026\/03\/1840317119-paquistao.JPG\",\"contentUrl\":\"https:\/\/radioportoseguro.com.br\/site\/wp-content\/uploads\/2026\/03\/1840317119-paquistao.JPG\",\"width\":1200,\"height\":600},{\"@type\":\"BreadcrumbList\",\"@id\":\"https:\/\/radioportoseguro.com.br\/site\/2026\/03\/29\/mais-de-20-mil-cristaos-que-fugiram-de-perseguicao-recebem-ordem-de-despejo-no-paquistao\/#breadcrumb\",\"itemListElement\":[{\"@type\":\"ListItem\",\"position\":1,\"name\":\"In\u00edcio\",\"item\":\"https:\/\/radioportoseguro.com.br\/site\/\"},{\"@type\":\"ListItem\",\"position\":2,\"name\":\"Mais de 20 mil crist\u00e3os que fugiram de persegui\u00e7\u00e3o recebem ordem de despejo no Paquist\u00e3o\"}]},{\"@type\":\"WebSite\",\"@id\":\"https:\/\/radioportoseguro.com.br\/site\/#website\",\"url\":\"https:\/\/radioportoseguro.com.br\/site\/\",\"name\":\"R\u00e1dio Porto Seguro\",\"description\":\"\",\"potentialAction\":[{\"@type\":\"SearchAction\",\"target\":{\"@type\":\"EntryPoint\",\"urlTemplate\":\"https:\/\/radioportoseguro.com.br\/site\/?s={search_term_string}\"},\"query-input\":{\"@type\":\"PropertyValueSpecification\",\"valueRequired\":true,\"valueName\":\"search_term_string\"}}],\"inLanguage\":\"pt-BR\"},{\"@type\":\"Person\",\"@id\":\"https:\/\/radioportoseguro.com.br\/site\/#\/schema\/person\/7630acdc320186f13639d3c067ec089b\",\"name\":\"admin\",\"image\":{\"@type\":\"ImageObject\",\"inLanguage\":\"pt-BR\",\"@id\":\"https:\/\/radioportoseguro.com.br\/site\/#\/schema\/person\/image\/\",\"url\":\"https:\/\/secure.gravatar.com\/avatar\/caacf4dc1eedb68fab0df8e1ed46c448e578b2466351bbcb61e47d2ac0caaef0?s=96&d=mm&r=g\",\"contentUrl\":\"https:\/\/secure.gravatar.com\/avatar\/caacf4dc1eedb68fab0df8e1ed46c448e578b2466351bbcb61e47d2ac0caaef0?s=96&d=mm&r=g\",\"caption\":\"admin\"},\"sameAs\":[\"https:\/\/radioportoseguro.com.br\/site\"],\"url\":\"https:\/\/radioportoseguro.com.br\/site\/author\/hezio\/\"}]}<\/script>\n<!-- \/ Yoast SEO plugin. -->","yoast_head_json":{"title":"Mais de 20 mil crist\u00e3os que fugiram de persegui\u00e7\u00e3o recebem ordem de despejo no Paquist\u00e3o - R\u00e1dio Porto Seguro","robots":{"index":"index","follow":"follow","max-snippet":"max-snippet:-1","max-image-preview":"max-image-preview:large","max-video-preview":"max-video-preview:-1"},"canonical":"https:\/\/radioportoseguro.com.br\/site\/2026\/03\/29\/mais-de-20-mil-cristaos-que-fugiram-de-perseguicao-recebem-ordem-de-despejo-no-paquistao\/","og_locale":"pt_BR","og_type":"article","og_title":"Mais de 20 mil crist\u00e3os que fugiram de persegui\u00e7\u00e3o recebem ordem de despejo no Paquist\u00e3o - R\u00e1dio Porto Seguro","og_description":"Milhares de fam\u00edlias crist\u00e3s que vivem em assentamentos informais na capital do Paquist\u00e3o receberam ordens de despejos do governo. Segundo o Christian Daily Internacional, a Autoridade de Desenvolvimento da Capital (CDA) emitiu uma ordem verbal, no in\u00edcio de mar\u00e7o, ordenando que os moradores desocupassem v\u00e1rios assentamento em Islamabad, incluindo as col\u00f4nias de Rimsha, Sharpar e [&hellip;]","og_url":"https:\/\/radioportoseguro.com.br\/site\/2026\/03\/29\/mais-de-20-mil-cristaos-que-fugiram-de-perseguicao-recebem-ordem-de-despejo-no-paquistao\/","og_site_name":"R\u00e1dio Porto Seguro","article_published_time":"2026-03-29T03:45:02+00:00","og_image":[{"url":"https:\/\/media.guiame.com.br\/archives\/2026\/03\/27\/1840317119-paquistao.JPG","type":"","width":"","height":""}],"author":"admin","twitter_card":"summary_large_image","twitter_misc":{"Escrito por":"admin","Est. tempo de leitura":"3 minutos"},"schema":{"@context":"https:\/\/schema.org","@graph":[{"@type":"Article","@id":"https:\/\/radioportoseguro.com.br\/site\/2026\/03\/29\/mais-de-20-mil-cristaos-que-fugiram-de-perseguicao-recebem-ordem-de-despejo-no-paquistao\/#article","isPartOf":{"@id":"https:\/\/radioportoseguro.com.br\/site\/2026\/03\/29\/mais-de-20-mil-cristaos-que-fugiram-de-perseguicao-recebem-ordem-de-despejo-no-paquistao\/"},"author":{"name":"admin","@id":"https:\/\/radioportoseguro.com.br\/site\/#\/schema\/person\/7630acdc320186f13639d3c067ec089b"},"headline":"Mais de 20 mil crist\u00e3os que fugiram de persegui\u00e7\u00e3o recebem ordem de despejo no Paquist\u00e3o","datePublished":"2026-03-29T03:45:02+00:00","mainEntityOfPage":{"@id":"https:\/\/radioportoseguro.com.br\/site\/2026\/03\/29\/mais-de-20-mil-cristaos-que-fugiram-de-perseguicao-recebem-ordem-de-despejo-no-paquistao\/"},"wordCount":656,"image":{"@id":"https:\/\/radioportoseguro.com.br\/site\/2026\/03\/29\/mais-de-20-mil-cristaos-que-fugiram-de-perseguicao-recebem-ordem-de-despejo-no-paquistao\/#primaryimage"},"thumbnailUrl":"https:\/\/radioportoseguro.com.br\/site\/wp-content\/uploads\/2026\/03\/1840317119-paquistao.JPG","articleSection":["Destaques"],"inLanguage":"pt-BR"},{"@type":"WebPage","@id":"https:\/\/radioportoseguro.com.br\/site\/2026\/03\/29\/mais-de-20-mil-cristaos-que-fugiram-de-perseguicao-recebem-ordem-de-despejo-no-paquistao\/","url":"https:\/\/radioportoseguro.com.br\/site\/2026\/03\/29\/mais-de-20-mil-cristaos-que-fugiram-de-perseguicao-recebem-ordem-de-despejo-no-paquistao\/","name":"Mais de 20 mil crist\u00e3os que fugiram de persegui\u00e7\u00e3o recebem ordem de despejo no Paquist\u00e3o - R\u00e1dio Porto Seguro","isPartOf":{"@id":"https:\/\/radioportoseguro.com.br\/site\/#website"},"primaryImageOfPage":{"@id":"https:\/\/radioportoseguro.com.br\/site\/2026\/03\/29\/mais-de-20-mil-cristaos-que-fugiram-de-perseguicao-recebem-ordem-de-despejo-no-paquistao\/#primaryimage"},"image":{"@id":"https:\/\/radioportoseguro.com.br\/site\/2026\/03\/29\/mais-de-20-mil-cristaos-que-fugiram-de-perseguicao-recebem-ordem-de-despejo-no-paquistao\/#primaryimage"},"thumbnailUrl":"https:\/\/radioportoseguro.com.br\/site\/wp-content\/uploads\/2026\/03\/1840317119-paquistao.JPG","datePublished":"2026-03-29T03:45:02+00:00","author":{"@id":"https:\/\/radioportoseguro.com.br\/site\/#\/schema\/person\/7630acdc320186f13639d3c067ec089b"},"breadcrumb":{"@id":"https:\/\/radioportoseguro.com.br\/site\/2026\/03\/29\/mais-de-20-mil-cristaos-que-fugiram-de-perseguicao-recebem-ordem-de-despejo-no-paquistao\/#breadcrumb"},"inLanguage":"pt-BR","potentialAction":[{"@type":"ReadAction","target":["https:\/\/radioportoseguro.com.br\/site\/2026\/03\/29\/mais-de-20-mil-cristaos-que-fugiram-de-perseguicao-recebem-ordem-de-despejo-no-paquistao\/"]}]},{"@type":"ImageObject","inLanguage":"pt-BR","@id":"https:\/\/radioportoseguro.com.br\/site\/2026\/03\/29\/mais-de-20-mil-cristaos-que-fugiram-de-perseguicao-recebem-ordem-de-despejo-no-paquistao\/#primaryimage","url":"https:\/\/radioportoseguro.com.br\/site\/wp-content\/uploads\/2026\/03\/1840317119-paquistao.JPG","contentUrl":"https:\/\/radioportoseguro.com.br\/site\/wp-content\/uploads\/2026\/03\/1840317119-paquistao.JPG","width":1200,"height":600},{"@type":"BreadcrumbList","@id":"https:\/\/radioportoseguro.com.br\/site\/2026\/03\/29\/mais-de-20-mil-cristaos-que-fugiram-de-perseguicao-recebem-ordem-de-despejo-no-paquistao\/#breadcrumb","itemListElement":[{"@type":"ListItem","position":1,"name":"In\u00edcio","item":"https:\/\/radioportoseguro.com.br\/site\/"},{"@type":"ListItem","position":2,"name":"Mais de 20 mil crist\u00e3os que fugiram de persegui\u00e7\u00e3o recebem ordem de despejo no Paquist\u00e3o"}]},{"@type":"WebSite","@id":"https:\/\/radioportoseguro.com.br\/site\/#website","url":"https:\/\/radioportoseguro.com.br\/site\/","name":"R\u00e1dio Porto Seguro","description":"","potentialAction":[{"@type":"SearchAction","target":{"@type":"EntryPoint","urlTemplate":"https:\/\/radioportoseguro.com.br\/site\/?s={search_term_string}"},"query-input":{"@type":"PropertyValueSpecification","valueRequired":true,"valueName":"search_term_string"}}],"inLanguage":"pt-BR"},{"@type":"Person","@id":"https:\/\/radioportoseguro.com.br\/site\/#\/schema\/person\/7630acdc320186f13639d3c067ec089b","name":"admin","image":{"@type":"ImageObject","inLanguage":"pt-BR","@id":"https:\/\/radioportoseguro.com.br\/site\/#\/schema\/person\/image\/","url":"https:\/\/secure.gravatar.com\/avatar\/caacf4dc1eedb68fab0df8e1ed46c448e578b2466351bbcb61e47d2ac0caaef0?s=96&d=mm&r=g","contentUrl":"https:\/\/secure.gravatar.com\/avatar\/caacf4dc1eedb68fab0df8e1ed46c448e578b2466351bbcb61e47d2ac0caaef0?s=96&d=mm&r=g","caption":"admin"},"sameAs":["https:\/\/radioportoseguro.com.br\/site"],"url":"https:\/\/radioportoseguro.com.br\/site\/author\/hezio\/"}]}},"_links":{"self":[{"href":"https:\/\/radioportoseguro.com.br\/site\/wp-json\/wp\/v2\/posts\/5522","targetHints":{"allow":["GET"]}}],"collection":[{"href":"https:\/\/radioportoseguro.com.br\/site\/wp-json\/wp\/v2\/posts"}],"about":[{"href":"https:\/\/radioportoseguro.com.br\/site\/wp-json\/wp\/v2\/types\/post"}],"author":[{"embeddable":true,"href":"https:\/\/radioportoseguro.com.br\/site\/wp-json\/wp\/v2\/users\/1"}],"replies":[{"embeddable":true,"href":"https:\/\/radioportoseguro.com.br\/site\/wp-json\/wp\/v2\/comments?post=5522"}],"version-history":[{"count":0,"href":"https:\/\/radioportoseguro.com.br\/site\/wp-json\/wp\/v2\/posts\/5522\/revisions"}],"wp:featuredmedia":[{"embeddable":true,"href":"https:\/\/radioportoseguro.com.br\/site\/wp-json\/wp\/v2\/media\/5523"}],"wp:attachment":[{"href":"https:\/\/radioportoseguro.com.br\/site\/wp-json\/wp\/v2\/media?parent=5522"}],"wp:term":[{"taxonomy":"category","embeddable":true,"href":"https:\/\/radioportoseguro.com.br\/site\/wp-json\/wp\/v2\/categories?post=5522"},{"taxonomy":"post_tag","embeddable":true,"href":"https:\/\/radioportoseguro.com.br\/site\/wp-json\/wp\/v2\/tags?post=5522"}],"curies":[{"name":"wp","href":"https:\/\/api.w.org\/{rel}","templated":true}]}}