{"id":5526,"date":"2026-03-29T02:45:58","date_gmt":"2026-03-29T05:45:58","guid":{"rendered":"https:\/\/radioportoseguro.com.br\/site\/2026\/03\/29\/mae-que-perdeu-filha-em-protestos-no-ira-encontra-paz-em-jesus-confiei-minha-vida-a-ele\/"},"modified":"2026-03-29T02:45:58","modified_gmt":"2026-03-29T05:45:58","slug":"mae-que-perdeu-filha-em-protestos-no-ira-encontra-paz-em-jesus-confiei-minha-vida-a-ele","status":"publish","type":"post","link":"https:\/\/radioportoseguro.com.br\/site\/2026\/03\/29\/mae-que-perdeu-filha-em-protestos-no-ira-encontra-paz-em-jesus-confiei-minha-vida-a-ele\/","title":{"rendered":"M\u00e3e que perdeu filha em protestos no Ir\u00e3 encontra paz em Jesus: \u201cConfiei minha vida a Ele\u201d"},"content":{"rendered":"<p><br \/>\n<br \/><\/p>\n<div>\n<p><span style=\"font-weight: 400;\">Uma m\u00e3e iraniana que perdeu a filha durante protestos contra o regime no <\/span><strong><span style=\"color: #993300;\">Ir\u00e3<\/span> <\/strong><span style=\"font-weight: 400;\">afirmou ter encontrado paz ap\u00f3s entregar sua vida a Jesus. Em entrevista recente, ela contou como a f\u00e9 tem sustentado sua vida ap\u00f3s a trag\u00e9dia.<\/span><\/p>\n<p><span style=\"font-weight: 400;\">Em janeiro, Sameera e sua filha de 16 anos participaram das manifesta\u00e7\u00f5es contra o regime em Karaj. Na ocasi\u00e3o, for\u00e7as de seguran\u00e7a abriram fogo contra os manifestantes, e a jovem Sevda foi atingida e morreu no local.<\/span><\/p>\n<p><span style=\"font-weight: 400;\">&#8220;O dia 19 de janeiro foi verdadeiramente terr\u00edvel, quando o governo da Rep\u00fablica Isl\u00e2mica deu ordens para atirar nos manifestantes. Mesmo assim, muita gente foi \u00e0s ruas&#8221;, disse ela \u00e0 CBN News.<\/span><\/p>\n<p><span style=\"font-weight: 400;\">Sameera contou que, mesmo cientes dos riscos, decidiu participar do protesto com a filha: &#8220;Sa\u00edmos naquela noite, deixando nossos celulares em casa, sabendo que poder\u00edamos enfrentar a morte ou ser presas&#8221;.<\/span><\/p>\n<p><span style=\"font-weight: 400;\">Segundo ela, a adolescente demonstrou coragem at\u00e9 os \u00faltimos momentos: &#8220;Ela foi incrivelmente corajosa. Falou com total bravura at\u00e9 seu \u00faltimo suspiro. Lutou. Cantou. Gritou\u201d.<\/span><\/p>\n<p><span style=\"font-weight: 400;\">Pouco depois, Sevda foi baleada no peito: \u201cAtiraram nela no cora\u00e7\u00e3o. A bala a atingiu e ela morreu instantaneamente&#8221;.<\/span><\/p>\n<p><strong>\u2018Sinto paz por causa de Cristo\u2019<\/strong><\/p>\n<p><span style=\"font-weight: 400;\">Por anos, a fam\u00edlia esteve envolvida em protestos contra o regime iraniano. Semanas ap\u00f3s a trag\u00e9dia, Sameera deixou o pa\u00eds e passou a viver no norte do Iraque. Em meio \u00e0 dor, ela testemunhou que teve um encontro com Jesus.<\/span><\/p>\n<p><span style=\"font-weight: 400;\">&#8220;Eu n\u00e3o era uma mu\u00e7ulmana muito religiosa quando crian\u00e7a. Na verdade, eu n\u00e3o aceitava o islamismo xiita. No entanto, eu sempre tive curiosidade sobre Jesus. Eu sabia algo sobre Cristo por assistir a v\u00eddeos no Instagram, mas nunca imaginei que teria um encontro como este&#8221;, afirmou ela.<\/span><\/p>\n<p><span style=\"font-weight: 400;\">Depois dessa experi\u00eancia, ela foi batizada em uma pequena igreja dom\u00e9stica no norte do Iraque:\u00a0<\/span><span style=\"font-weight: 400;\">&#8220;Desde que encontrei Cristo, muitas coisas boas aconteceram na minha vida. Sinto uma paz especial e confiei a minha vida e meu destino a Ele&#8221;.<\/span><\/p>\n<p><span style=\"font-weight: 400;\">&#8220;Hoje, embora esteja passando por muita coisa, sinto uma paz profunda por causa de Cristo&#8221;, acrescentou.<\/span><\/p>\n<p><span style=\"font-weight: 400;\">Sameera destacou que a morte da filha n\u00e3o deve ser esquecida: &#8220;Houve muitas vezes em que ela me incentivou a ir \u00e0s ruas. Ela implorou para que eu fosse com ela. Ela insistiu. Ela disse que t\u00ednhamos que protestar em nome daqueles que perderam a vida&#8221;.<\/span><\/p>\n<p><span style=\"font-weight: 400;\">E continuou: &#8220;Ela costumava dizer: &#8216;Eu adoraria que as pessoas fossem livres um dia&#8217;. Ela tamb\u00e9m dizia: &#8216;Se algo me acontecer, lembrem-se de mim no dia da liberdade'&#8221;.<\/span><\/p>\n<p><span style=\"font-weight: 400;\">A morte da jovem ocorreu em meio a uma onda de protestos no Ir\u00e3. Ao comentar o cen\u00e1rio no pa\u00eds, Sameera afirmou: &#8220;A Rep\u00fablica Isl\u00e2mica \u00e9 um c\u00e2ncer, \u00e9 realmente um c\u00e2ncer, e algu\u00e9m precisa destru\u00ed-la. Se isso n\u00e3o acontecer, ficarei profundamente triste, porque perdemos muitos jovens, e eles ainda est\u00e3o sendo executados hoje em dia&#8221;.<\/span><\/p>\n<p><strong>Milhares de manifestantes mortos<\/strong><\/p>\n<p><span style=\"font-weight: 400;\">Segundo o portal iraniano Iran International, <\/span><span style=\"color: #993300;\"><strong>mais de 36 mil pessoas foram mortas<\/strong><\/span><span style=\"font-weight: 400;\"> pelo regime aiatol\u00e1 durante o auge dos protestos no in\u00edcio de janeiro, n\u00fameros semelhantes aos divulgados pela revista Time.<\/span><\/p>\n<p><span style=\"font-weight: 400;\">Segundo o ve\u00edculo, a estimativa de mortos na violenta repress\u00e3o ocorrida em 8 e 9 de janeiro foi baseada em dados extensos obtidos a partir de \u201cdocumentos confidenciais, relat\u00f3rios de campo e relatos de profissionais de sa\u00fade, testemunhas e familiares das v\u00edtimas\u201d.<\/span><\/p>\n<p><span style=\"font-weight: 400;\">A publica\u00e7\u00e3o afirmou que os n\u00fameros tornam esses assassinatos \u201co massacre mais sangrento de civis durante protestos de rua, em um intervalo de dois dias, na hist\u00f3ria\u201d.<\/span><\/p>\n<p><span style=\"font-weight: 400;\">De acordo com o relat\u00f3rio, a maioria dos assassinatos foi cometida pelo Corpo da Guarda Revolucion\u00e1ria Isl\u00e2mica (IRGC) e pela mil\u00edcia aliada Basij, embora tamb\u00e9m tenham sido utilizados combatentes proxies vindos do Iraque e da S\u00edria.<\/span><\/p>\n<\/div>\n<p><br \/>\n<br \/>Fonte: Guiame <\/p>\n","protected":false},"excerpt":{"rendered":"<p>Uma m\u00e3e iraniana que perdeu a filha durante protestos contra o regime no Ir\u00e3 afirmou ter encontrado paz ap\u00f3s entregar sua vida a Jesus. Em entrevista recente, ela contou como a f\u00e9 tem sustentado sua vida ap\u00f3s a trag\u00e9dia. Em janeiro, Sameera e sua filha de 16 anos participaram das manifesta\u00e7\u00f5es contra o regime em [&hellip;]<\/p>\n","protected":false},"author":1,"featured_media":5527,"comment_status":"","ping_status":"open","sticky":false,"template":"","format":"standard","meta":{"footnotes":""},"categories":[43],"tags":[],"class_list":["post-5526","post","type-post","status-publish","format-standard","has-post-thumbnail","hentry","category-destaques"],"yoast_head":"<!-- This site is optimized with the Yoast SEO plugin v26.8 - https:\/\/yoast.com\/product\/yoast-seo-wordpress\/ -->\n<title>M\u00e3e que perdeu filha em protestos no Ir\u00e3 encontra paz em Jesus: \u201cConfiei minha vida a Ele\u201d - R\u00e1dio Porto Seguro<\/title>\n<meta name=\"robots\" content=\"index, follow, max-snippet:-1, max-image-preview:large, max-video-preview:-1\" \/>\n<link rel=\"canonical\" href=\"https:\/\/radioportoseguro.com.br\/site\/2026\/03\/29\/mae-que-perdeu-filha-em-protestos-no-ira-encontra-paz-em-jesus-confiei-minha-vida-a-ele\/\" \/>\n<meta property=\"og:locale\" content=\"pt_BR\" \/>\n<meta property=\"og:type\" content=\"article\" \/>\n<meta property=\"og:title\" content=\"M\u00e3e que perdeu filha em protestos no Ir\u00e3 encontra paz em Jesus: \u201cConfiei minha vida a Ele\u201d - R\u00e1dio Porto Seguro\" \/>\n<meta property=\"og:description\" content=\"Uma m\u00e3e iraniana que perdeu a filha durante protestos contra o regime no Ir\u00e3 afirmou ter encontrado paz ap\u00f3s entregar sua vida a Jesus. Em entrevista recente, ela contou como a f\u00e9 tem sustentado sua vida ap\u00f3s a trag\u00e9dia. Em janeiro, Sameera e sua filha de 16 anos participaram das manifesta\u00e7\u00f5es contra o regime em [&hellip;]\" \/>\n<meta property=\"og:url\" content=\"https:\/\/radioportoseguro.com.br\/site\/2026\/03\/29\/mae-que-perdeu-filha-em-protestos-no-ira-encontra-paz-em-jesus-confiei-minha-vida-a-ele\/\" \/>\n<meta property=\"og:site_name\" content=\"R\u00e1dio Porto Seguro\" \/>\n<meta property=\"article:published_time\" content=\"2026-03-29T05:45:58+00:00\" \/>\n<meta property=\"og:image\" content=\"https:\/\/media.guiame.com.br\/archives\/2026\/03\/27\/1666842774-adolescente-foi-assassinada-em-meio-aos-protestos-no-ira.jpeg\" \/>\n<meta name=\"author\" content=\"admin\" \/>\n<meta name=\"twitter:card\" content=\"summary_large_image\" \/>\n<meta name=\"twitter:label1\" content=\"Escrito por\" \/>\n\t<meta name=\"twitter:data1\" content=\"admin\" \/>\n\t<meta name=\"twitter:label2\" content=\"Est. tempo de leitura\" \/>\n\t<meta name=\"twitter:data2\" content=\"3 minutos\" \/>\n<script type=\"application\/ld+json\" class=\"yoast-schema-graph\">{\"@context\":\"https:\/\/schema.org\",\"@graph\":[{\"@type\":\"Article\",\"@id\":\"https:\/\/radioportoseguro.com.br\/site\/2026\/03\/29\/mae-que-perdeu-filha-em-protestos-no-ira-encontra-paz-em-jesus-confiei-minha-vida-a-ele\/#article\",\"isPartOf\":{\"@id\":\"https:\/\/radioportoseguro.com.br\/site\/2026\/03\/29\/mae-que-perdeu-filha-em-protestos-no-ira-encontra-paz-em-jesus-confiei-minha-vida-a-ele\/\"},\"author\":{\"name\":\"admin\",\"@id\":\"https:\/\/radioportoseguro.com.br\/site\/#\/schema\/person\/7630acdc320186f13639d3c067ec089b\"},\"headline\":\"M\u00e3e que perdeu filha em protestos no Ir\u00e3 encontra paz em Jesus: \u201cConfiei minha vida a Ele\u201d\",\"datePublished\":\"2026-03-29T05:45:58+00:00\",\"mainEntityOfPage\":{\"@id\":\"https:\/\/radioportoseguro.com.br\/site\/2026\/03\/29\/mae-que-perdeu-filha-em-protestos-no-ira-encontra-paz-em-jesus-confiei-minha-vida-a-ele\/\"},\"wordCount\":670,\"image\":{\"@id\":\"https:\/\/radioportoseguro.com.br\/site\/2026\/03\/29\/mae-que-perdeu-filha-em-protestos-no-ira-encontra-paz-em-jesus-confiei-minha-vida-a-ele\/#primaryimage\"},\"thumbnailUrl\":\"https:\/\/radioportoseguro.com.br\/site\/wp-content\/uploads\/2026\/03\/1666842774-adolescente-foi-assassinada-em-meio-aos-protestos-no-ira.jpeg\",\"articleSection\":[\"Destaques\"],\"inLanguage\":\"pt-BR\"},{\"@type\":\"WebPage\",\"@id\":\"https:\/\/radioportoseguro.com.br\/site\/2026\/03\/29\/mae-que-perdeu-filha-em-protestos-no-ira-encontra-paz-em-jesus-confiei-minha-vida-a-ele\/\",\"url\":\"https:\/\/radioportoseguro.com.br\/site\/2026\/03\/29\/mae-que-perdeu-filha-em-protestos-no-ira-encontra-paz-em-jesus-confiei-minha-vida-a-ele\/\",\"name\":\"M\u00e3e que perdeu filha em protestos no Ir\u00e3 encontra paz em Jesus: \u201cConfiei minha vida a Ele\u201d - R\u00e1dio Porto Seguro\",\"isPartOf\":{\"@id\":\"https:\/\/radioportoseguro.com.br\/site\/#website\"},\"primaryImageOfPage\":{\"@id\":\"https:\/\/radioportoseguro.com.br\/site\/2026\/03\/29\/mae-que-perdeu-filha-em-protestos-no-ira-encontra-paz-em-jesus-confiei-minha-vida-a-ele\/#primaryimage\"},\"image\":{\"@id\":\"https:\/\/radioportoseguro.com.br\/site\/2026\/03\/29\/mae-que-perdeu-filha-em-protestos-no-ira-encontra-paz-em-jesus-confiei-minha-vida-a-ele\/#primaryimage\"},\"thumbnailUrl\":\"https:\/\/radioportoseguro.com.br\/site\/wp-content\/uploads\/2026\/03\/1666842774-adolescente-foi-assassinada-em-meio-aos-protestos-no-ira.jpeg\",\"datePublished\":\"2026-03-29T05:45:58+00:00\",\"author\":{\"@id\":\"https:\/\/radioportoseguro.com.br\/site\/#\/schema\/person\/7630acdc320186f13639d3c067ec089b\"},\"breadcrumb\":{\"@id\":\"https:\/\/radioportoseguro.com.br\/site\/2026\/03\/29\/mae-que-perdeu-filha-em-protestos-no-ira-encontra-paz-em-jesus-confiei-minha-vida-a-ele\/#breadcrumb\"},\"inLanguage\":\"pt-BR\",\"potentialAction\":[{\"@type\":\"ReadAction\",\"target\":[\"https:\/\/radioportoseguro.com.br\/site\/2026\/03\/29\/mae-que-perdeu-filha-em-protestos-no-ira-encontra-paz-em-jesus-confiei-minha-vida-a-ele\/\"]}]},{\"@type\":\"ImageObject\",\"inLanguage\":\"pt-BR\",\"@id\":\"https:\/\/radioportoseguro.com.br\/site\/2026\/03\/29\/mae-que-perdeu-filha-em-protestos-no-ira-encontra-paz-em-jesus-confiei-minha-vida-a-ele\/#primaryimage\",\"url\":\"https:\/\/radioportoseguro.com.br\/site\/wp-content\/uploads\/2026\/03\/1666842774-adolescente-foi-assassinada-em-meio-aos-protestos-no-ira.jpeg\",\"contentUrl\":\"https:\/\/radioportoseguro.com.br\/site\/wp-content\/uploads\/2026\/03\/1666842774-adolescente-foi-assassinada-em-meio-aos-protestos-no-ira.jpeg\",\"width\":1200,\"height\":600},{\"@type\":\"BreadcrumbList\",\"@id\":\"https:\/\/radioportoseguro.com.br\/site\/2026\/03\/29\/mae-que-perdeu-filha-em-protestos-no-ira-encontra-paz-em-jesus-confiei-minha-vida-a-ele\/#breadcrumb\",\"itemListElement\":[{\"@type\":\"ListItem\",\"position\":1,\"name\":\"In\u00edcio\",\"item\":\"https:\/\/radioportoseguro.com.br\/site\/\"},{\"@type\":\"ListItem\",\"position\":2,\"name\":\"M\u00e3e que perdeu filha em protestos no Ir\u00e3 encontra paz em Jesus: \u201cConfiei minha vida a Ele\u201d\"}]},{\"@type\":\"WebSite\",\"@id\":\"https:\/\/radioportoseguro.com.br\/site\/#website\",\"url\":\"https:\/\/radioportoseguro.com.br\/site\/\",\"name\":\"R\u00e1dio Porto Seguro\",\"description\":\"\",\"potentialAction\":[{\"@type\":\"SearchAction\",\"target\":{\"@type\":\"EntryPoint\",\"urlTemplate\":\"https:\/\/radioportoseguro.com.br\/site\/?s={search_term_string}\"},\"query-input\":{\"@type\":\"PropertyValueSpecification\",\"valueRequired\":true,\"valueName\":\"search_term_string\"}}],\"inLanguage\":\"pt-BR\"},{\"@type\":\"Person\",\"@id\":\"https:\/\/radioportoseguro.com.br\/site\/#\/schema\/person\/7630acdc320186f13639d3c067ec089b\",\"name\":\"admin\",\"image\":{\"@type\":\"ImageObject\",\"inLanguage\":\"pt-BR\",\"@id\":\"https:\/\/radioportoseguro.com.br\/site\/#\/schema\/person\/image\/\",\"url\":\"https:\/\/secure.gravatar.com\/avatar\/caacf4dc1eedb68fab0df8e1ed46c448e578b2466351bbcb61e47d2ac0caaef0?s=96&d=mm&r=g\",\"contentUrl\":\"https:\/\/secure.gravatar.com\/avatar\/caacf4dc1eedb68fab0df8e1ed46c448e578b2466351bbcb61e47d2ac0caaef0?s=96&d=mm&r=g\",\"caption\":\"admin\"},\"sameAs\":[\"https:\/\/radioportoseguro.com.br\/site\"],\"url\":\"https:\/\/radioportoseguro.com.br\/site\/author\/hezio\/\"}]}<\/script>\n<!-- \/ Yoast SEO plugin. -->","yoast_head_json":{"title":"M\u00e3e que perdeu filha em protestos no Ir\u00e3 encontra paz em Jesus: \u201cConfiei minha vida a Ele\u201d - R\u00e1dio Porto Seguro","robots":{"index":"index","follow":"follow","max-snippet":"max-snippet:-1","max-image-preview":"max-image-preview:large","max-video-preview":"max-video-preview:-1"},"canonical":"https:\/\/radioportoseguro.com.br\/site\/2026\/03\/29\/mae-que-perdeu-filha-em-protestos-no-ira-encontra-paz-em-jesus-confiei-minha-vida-a-ele\/","og_locale":"pt_BR","og_type":"article","og_title":"M\u00e3e que perdeu filha em protestos no Ir\u00e3 encontra paz em Jesus: \u201cConfiei minha vida a Ele\u201d - R\u00e1dio Porto Seguro","og_description":"Uma m\u00e3e iraniana que perdeu a filha durante protestos contra o regime no Ir\u00e3 afirmou ter encontrado paz ap\u00f3s entregar sua vida a Jesus. Em entrevista recente, ela contou como a f\u00e9 tem sustentado sua vida ap\u00f3s a trag\u00e9dia. Em janeiro, Sameera e sua filha de 16 anos participaram das manifesta\u00e7\u00f5es contra o regime em [&hellip;]","og_url":"https:\/\/radioportoseguro.com.br\/site\/2026\/03\/29\/mae-que-perdeu-filha-em-protestos-no-ira-encontra-paz-em-jesus-confiei-minha-vida-a-ele\/","og_site_name":"R\u00e1dio Porto Seguro","article_published_time":"2026-03-29T05:45:58+00:00","og_image":[{"url":"https:\/\/media.guiame.com.br\/archives\/2026\/03\/27\/1666842774-adolescente-foi-assassinada-em-meio-aos-protestos-no-ira.jpeg","type":"","width":"","height":""}],"author":"admin","twitter_card":"summary_large_image","twitter_misc":{"Escrito por":"admin","Est. tempo de leitura":"3 minutos"},"schema":{"@context":"https:\/\/schema.org","@graph":[{"@type":"Article","@id":"https:\/\/radioportoseguro.com.br\/site\/2026\/03\/29\/mae-que-perdeu-filha-em-protestos-no-ira-encontra-paz-em-jesus-confiei-minha-vida-a-ele\/#article","isPartOf":{"@id":"https:\/\/radioportoseguro.com.br\/site\/2026\/03\/29\/mae-que-perdeu-filha-em-protestos-no-ira-encontra-paz-em-jesus-confiei-minha-vida-a-ele\/"},"author":{"name":"admin","@id":"https:\/\/radioportoseguro.com.br\/site\/#\/schema\/person\/7630acdc320186f13639d3c067ec089b"},"headline":"M\u00e3e que perdeu filha em protestos no Ir\u00e3 encontra paz em Jesus: \u201cConfiei minha vida a Ele\u201d","datePublished":"2026-03-29T05:45:58+00:00","mainEntityOfPage":{"@id":"https:\/\/radioportoseguro.com.br\/site\/2026\/03\/29\/mae-que-perdeu-filha-em-protestos-no-ira-encontra-paz-em-jesus-confiei-minha-vida-a-ele\/"},"wordCount":670,"image":{"@id":"https:\/\/radioportoseguro.com.br\/site\/2026\/03\/29\/mae-que-perdeu-filha-em-protestos-no-ira-encontra-paz-em-jesus-confiei-minha-vida-a-ele\/#primaryimage"},"thumbnailUrl":"https:\/\/radioportoseguro.com.br\/site\/wp-content\/uploads\/2026\/03\/1666842774-adolescente-foi-assassinada-em-meio-aos-protestos-no-ira.jpeg","articleSection":["Destaques"],"inLanguage":"pt-BR"},{"@type":"WebPage","@id":"https:\/\/radioportoseguro.com.br\/site\/2026\/03\/29\/mae-que-perdeu-filha-em-protestos-no-ira-encontra-paz-em-jesus-confiei-minha-vida-a-ele\/","url":"https:\/\/radioportoseguro.com.br\/site\/2026\/03\/29\/mae-que-perdeu-filha-em-protestos-no-ira-encontra-paz-em-jesus-confiei-minha-vida-a-ele\/","name":"M\u00e3e que perdeu filha em protestos no Ir\u00e3 encontra paz em Jesus: \u201cConfiei minha vida a Ele\u201d - R\u00e1dio Porto Seguro","isPartOf":{"@id":"https:\/\/radioportoseguro.com.br\/site\/#website"},"primaryImageOfPage":{"@id":"https:\/\/radioportoseguro.com.br\/site\/2026\/03\/29\/mae-que-perdeu-filha-em-protestos-no-ira-encontra-paz-em-jesus-confiei-minha-vida-a-ele\/#primaryimage"},"image":{"@id":"https:\/\/radioportoseguro.com.br\/site\/2026\/03\/29\/mae-que-perdeu-filha-em-protestos-no-ira-encontra-paz-em-jesus-confiei-minha-vida-a-ele\/#primaryimage"},"thumbnailUrl":"https:\/\/radioportoseguro.com.br\/site\/wp-content\/uploads\/2026\/03\/1666842774-adolescente-foi-assassinada-em-meio-aos-protestos-no-ira.jpeg","datePublished":"2026-03-29T05:45:58+00:00","author":{"@id":"https:\/\/radioportoseguro.com.br\/site\/#\/schema\/person\/7630acdc320186f13639d3c067ec089b"},"breadcrumb":{"@id":"https:\/\/radioportoseguro.com.br\/site\/2026\/03\/29\/mae-que-perdeu-filha-em-protestos-no-ira-encontra-paz-em-jesus-confiei-minha-vida-a-ele\/#breadcrumb"},"inLanguage":"pt-BR","potentialAction":[{"@type":"ReadAction","target":["https:\/\/radioportoseguro.com.br\/site\/2026\/03\/29\/mae-que-perdeu-filha-em-protestos-no-ira-encontra-paz-em-jesus-confiei-minha-vida-a-ele\/"]}]},{"@type":"ImageObject","inLanguage":"pt-BR","@id":"https:\/\/radioportoseguro.com.br\/site\/2026\/03\/29\/mae-que-perdeu-filha-em-protestos-no-ira-encontra-paz-em-jesus-confiei-minha-vida-a-ele\/#primaryimage","url":"https:\/\/radioportoseguro.com.br\/site\/wp-content\/uploads\/2026\/03\/1666842774-adolescente-foi-assassinada-em-meio-aos-protestos-no-ira.jpeg","contentUrl":"https:\/\/radioportoseguro.com.br\/site\/wp-content\/uploads\/2026\/03\/1666842774-adolescente-foi-assassinada-em-meio-aos-protestos-no-ira.jpeg","width":1200,"height":600},{"@type":"BreadcrumbList","@id":"https:\/\/radioportoseguro.com.br\/site\/2026\/03\/29\/mae-que-perdeu-filha-em-protestos-no-ira-encontra-paz-em-jesus-confiei-minha-vida-a-ele\/#breadcrumb","itemListElement":[{"@type":"ListItem","position":1,"name":"In\u00edcio","item":"https:\/\/radioportoseguro.com.br\/site\/"},{"@type":"ListItem","position":2,"name":"M\u00e3e que perdeu filha em protestos no Ir\u00e3 encontra paz em Jesus: \u201cConfiei minha vida a Ele\u201d"}]},{"@type":"WebSite","@id":"https:\/\/radioportoseguro.com.br\/site\/#website","url":"https:\/\/radioportoseguro.com.br\/site\/","name":"R\u00e1dio Porto Seguro","description":"","potentialAction":[{"@type":"SearchAction","target":{"@type":"EntryPoint","urlTemplate":"https:\/\/radioportoseguro.com.br\/site\/?s={search_term_string}"},"query-input":{"@type":"PropertyValueSpecification","valueRequired":true,"valueName":"search_term_string"}}],"inLanguage":"pt-BR"},{"@type":"Person","@id":"https:\/\/radioportoseguro.com.br\/site\/#\/schema\/person\/7630acdc320186f13639d3c067ec089b","name":"admin","image":{"@type":"ImageObject","inLanguage":"pt-BR","@id":"https:\/\/radioportoseguro.com.br\/site\/#\/schema\/person\/image\/","url":"https:\/\/secure.gravatar.com\/avatar\/caacf4dc1eedb68fab0df8e1ed46c448e578b2466351bbcb61e47d2ac0caaef0?s=96&d=mm&r=g","contentUrl":"https:\/\/secure.gravatar.com\/avatar\/caacf4dc1eedb68fab0df8e1ed46c448e578b2466351bbcb61e47d2ac0caaef0?s=96&d=mm&r=g","caption":"admin"},"sameAs":["https:\/\/radioportoseguro.com.br\/site"],"url":"https:\/\/radioportoseguro.com.br\/site\/author\/hezio\/"}]}},"_links":{"self":[{"href":"https:\/\/radioportoseguro.com.br\/site\/wp-json\/wp\/v2\/posts\/5526","targetHints":{"allow":["GET"]}}],"collection":[{"href":"https:\/\/radioportoseguro.com.br\/site\/wp-json\/wp\/v2\/posts"}],"about":[{"href":"https:\/\/radioportoseguro.com.br\/site\/wp-json\/wp\/v2\/types\/post"}],"author":[{"embeddable":true,"href":"https:\/\/radioportoseguro.com.br\/site\/wp-json\/wp\/v2\/users\/1"}],"replies":[{"embeddable":true,"href":"https:\/\/radioportoseguro.com.br\/site\/wp-json\/wp\/v2\/comments?post=5526"}],"version-history":[{"count":0,"href":"https:\/\/radioportoseguro.com.br\/site\/wp-json\/wp\/v2\/posts\/5526\/revisions"}],"wp:featuredmedia":[{"embeddable":true,"href":"https:\/\/radioportoseguro.com.br\/site\/wp-json\/wp\/v2\/media\/5527"}],"wp:attachment":[{"href":"https:\/\/radioportoseguro.com.br\/site\/wp-json\/wp\/v2\/media?parent=5526"}],"wp:term":[{"taxonomy":"category","embeddable":true,"href":"https:\/\/radioportoseguro.com.br\/site\/wp-json\/wp\/v2\/categories?post=5526"},{"taxonomy":"post_tag","embeddable":true,"href":"https:\/\/radioportoseguro.com.br\/site\/wp-json\/wp\/v2\/tags?post=5526"}],"curies":[{"name":"wp","href":"https:\/\/api.w.org\/{rel}","templated":true}]}}