{"id":5528,"date":"2026-03-29T04:49:24","date_gmt":"2026-03-29T07:49:24","guid":{"rendered":"https:\/\/radioportoseguro.com.br\/site\/2026\/03\/29\/superando-a-si-mesmo-lidando-com-a-sua-alma\/"},"modified":"2026-03-29T04:49:24","modified_gmt":"2026-03-29T07:49:24","slug":"superando-a-si-mesmo-lidando-com-a-sua-alma","status":"publish","type":"post","link":"https:\/\/radioportoseguro.com.br\/site\/2026\/03\/29\/superando-a-si-mesmo-lidando-com-a-sua-alma\/","title":{"rendered":"Superando a si mesmo: Lidando com a sua alma"},"content":{"rendered":"<p><br \/>\n<br \/><\/p>\n<div>\n<p>A nossa alma \u00e9 composta de mente, emo\u00e7\u00f5es e intelecto. N\u00e3o \u00e9 simples e f\u00e1cil lidar com a nossa alma, porque nela existem sentimentos que temos e est\u00e3o l\u00e1 bem guardados, ningu\u00e9m v\u00ea que estamos com problemas na alma, como se v\u00ea um problema f\u00edsico, por exemplo. Os sentimentos fazem parte do nosso ser e, por vezes, parece que \u201csomos\u201d aquilo que estamos sentindo. Precisamos nos levantar e superar dores e sentimentos que trouxeram danos a nossa vida.<\/p>\n<p>Por exemplo, quem tem problemas na \u00e1rea da sexualidade, problemas com rejei\u00e7\u00e3o, ansiedade, medo ou timidez extrema, sabe que certamente \u00e9 dif\u00edcil lidar com algo que, de certa forma, intrinsecamente est\u00e1 programando o que voc\u00ea sente. Ent\u00e3o, se levantar contra seus sentimentos \u00e9 uma batalha muito grande e exige muito esfor\u00e7o.<\/p>\n<p>Levantar-se contra um problema ou conflito na alma \u00e9 enfrentar a si mesmo. Um conselho: se voc\u00ea \u00e9 crist\u00e3o, congrega em uma igreja local, pare de colocar a culpa no seu pastor porque as coisas n\u00e3o est\u00e3o indo bem na sua vida. Voc\u00ea pode pensar: \u201cAh! mas ele n\u00e3o me telefona para saber como eu estou\u201d. Meu querido, j\u00e1 faz 10, 15 anos que voc\u00ea lida com esse problema na sua alma e voc\u00ea est\u00e1 esperando um telefonema do seu pastor para resolver? Voc\u00ea est\u00e1 esperando algu\u00e9m parar na porta da sua casa com um caminh\u00e3o de dinheiro para resolver esse problema dentro de voc\u00ea que se arrasta por anos? J\u00e1 faz tempo que esse neg\u00f3cio est\u00e1 te prendendo. Est\u00e1 na hora de voc\u00ea olhar para dentro de si mesmo e dizer: \u201cEu n\u00e3o sou isso!\u201d Est\u00e1 na hora de olhar para o espelho e dizer que ele est\u00e1 mentindo.<\/p>\n<p><strong>A import\u00e2ncia da ora\u00e7\u00e3o em l\u00ednguas<\/strong><\/p>\n<p>Atrav\u00e9s da ora\u00e7\u00e3o em l\u00ednguas voc\u00ea vai se libertar dessa imagem que a vida e os seus sentimentos impregnaram por anos dentro de voc\u00ea. A imagem que diz que voc\u00ea \u00e9 pobre e acabar\u00e1 assim, que voc\u00ea n\u00e3o vai romper financeiramente, dizendo que seu minist\u00e9rio nunca vai decolar, que nunca ser\u00e1 bem sucedido na vida. Meu irm\u00e3o, n\u00e3o deixe o espelho da vida te convencer. Paulo disse: \u201cEsquecendo-me das coisas que para tr\u00e1s ficam para tr\u00e1s\u2026\u201d (Filipenses 3:13).<\/p>\n<p>Alguns podem pensar: \u201cMas para ser curado eu preciso deletar as minhas mem\u00f3rias.\u201d Sim, algumas coisas ser\u00e3o deletadas, mas voc\u00ea n\u00e3o far\u00e1 isso sozinho, e sim com o Esp\u00edrito Santo. S\u00f3 que o Esp\u00edrito Santo n\u00e3o deleta as mem\u00f3rias em um passe de m\u00e1gica, mas trazendo-as \u00e0 tona. Ele traz o teu maior medo \u00e0 sua frente e a\u00ed voc\u00ea n\u00e3o pode mais transferir para o pai e a m\u00e3e resolver, nem para o pastor, ou empregado, nem para a amiga, o primo ou o marido, a esposa, porque voc\u00ea est\u00e1 se vendo. E \u00e9 nesse momento em que muitos param de orar em l\u00ednguas.<\/p>\n<p>Mas a ora\u00e7\u00e3o em l\u00ednguas \u00e9 a ora\u00e7\u00e3o perfeita, e ela veio para arrancar essa situa\u00e7\u00e3o da nossa vida. J\u00e1 percebeu que quando estamos atolados em sentimentos desagrad\u00e1veis como ang\u00fastia e ansiedade, as palavras em portugu\u00eas, muitas vezes, s\u00e3o totalmente insuficientes para definir o que estamos sentindo e nem sequer conseguimos orar como conv\u00e9m?<\/p>\n<p>Quando ficamos assim, o nosso racioc\u00ednio fica prejudicado, as palavras s\u00e3o sufocadas e o nosso vocabul\u00e1rio, por maior e melhor que seja, se torna nada diante da alma destro\u00e7ada. E \u00e9 por isso que nesses momentos precisamos nos levantar com for\u00e7a orando em outras l\u00ednguas nos fortalecendo. A\u00ed que entendemos o que Paulo diz: porque quando somos fracos \u00e9 que somos fortes, porque a for\u00e7a do Senhor se aperfei\u00e7oa na nossa fraqueza.<\/p>\n<p>E ent\u00e3o, voc\u00ea n\u00e3o se v\u00ea mais como a vida te apresenta. Talvez, voc\u00ea j\u00e1 tenha levado tanta pancada que um quadro mentiroso foi pintado a seu respeito, mas esse quadro mentiroso que o inimigo pintou n\u00e3o vale um centavo, porque \u00e9 falso. Algumas vezes a nossa alma precisa passar pelo \u201ctriturador do esp\u00edrito\u201d e nele n\u00f3s precisamos renov\u00e1-la pela palavra, mostrando a ela como pensar corretamente.<\/p>\n<p>No livro de Filipenses 4:8. Pensando a boa, agrad\u00e1vel e perfeita vontade de Deus para a nossa vida. Romanos 12:1 nos diz que precisamos transformar a nossa mente. N\u00e3o existe outra maneira de mudar. Aprendi que a mudan\u00e7a \u00e9 uma porta que s\u00f3 pode ser aberta por dentro. A nossa mente foi contaminada por esse mundo e precisa ser desintoxicada. Algumas vezes, profissionais ir\u00e3o nos ajudar, como, por exemplo, psic\u00f3logos e terapeutas crist\u00e3os e bons conselheiros. Talvez alguns de n\u00f3s precise deles para dar um impulso nesse come\u00e7o, mas lembra que o Esp\u00edrito de Deus \u00e9 seu maior assistente e conselheiro.<\/p>\n<p>Ele te conhece profundamente e sabe como lidar com voc\u00ea. Ou\u00e7a seus conselhos.<\/p>\n<p>\u00a0<\/p>\n<p><strong>Dione Alexsandra Ferreira<\/strong> \u00e9 publicit\u00e1ria, p\u00f3s-graduada em Comunica\u00e7\u00e3o Digital; Professora do Centro de Treinamento B\u00edblico Rhema; autora dos livros &#8220;Supera\u00e7\u00e3o&#8221; e &#8220;Jornada para a Liberdade&#8221;, publicados pela Editora Reinar e integrante do Departamento de Comunica\u00e7\u00e3o do Centro de Opera\u00e7\u00f5es do Minist\u00e9rio Verbo da Vida.<\/p>\n<p><em>* O conte\u00fado do texto acima \u00e9 uma colabora\u00e7\u00e3o volunt\u00e1ria, de total responsabilidade do autor e n\u00e3o reflete necessariamente a opini\u00e3o do Portal Guiame.<\/em><\/p>\n<p>Leia o artigo anterior: <span style=\"color: #800000;\"><strong>Conselhos de m\u00e3e!<\/strong><\/span><\/p>\n<\/div>\n<p><br \/>\n<br \/>Fonte: Guiame <\/p>\n","protected":false},"excerpt":{"rendered":"<p>A nossa alma \u00e9 composta de mente, emo\u00e7\u00f5es e intelecto. N\u00e3o \u00e9 simples e f\u00e1cil lidar com a nossa alma, porque nela existem sentimentos que temos e est\u00e3o l\u00e1 bem guardados, ningu\u00e9m v\u00ea que estamos com problemas na alma, como se v\u00ea um problema f\u00edsico, por exemplo. Os sentimentos fazem parte do nosso ser e, [&hellip;]<\/p>\n","protected":false},"author":1,"featured_media":5529,"comment_status":"","ping_status":"open","sticky":false,"template":"","format":"standard","meta":{"footnotes":""},"categories":[43],"tags":[],"class_list":["post-5528","post","type-post","status-publish","format-standard","has-post-thumbnail","hentry","category-destaques"],"yoast_head":"<!-- This site is optimized with the Yoast SEO plugin v26.8 - https:\/\/yoast.com\/product\/yoast-seo-wordpress\/ -->\n<title>Superando a si mesmo: Lidando com a sua alma - R\u00e1dio Porto Seguro<\/title>\n<meta name=\"robots\" content=\"index, follow, max-snippet:-1, max-image-preview:large, max-video-preview:-1\" \/>\n<link rel=\"canonical\" href=\"https:\/\/radioportoseguro.com.br\/site\/2026\/03\/29\/superando-a-si-mesmo-lidando-com-a-sua-alma\/\" \/>\n<meta property=\"og:locale\" content=\"pt_BR\" \/>\n<meta property=\"og:type\" content=\"article\" \/>\n<meta property=\"og:title\" content=\"Superando a si mesmo: Lidando com a sua alma - R\u00e1dio Porto Seguro\" \/>\n<meta property=\"og:description\" content=\"A nossa alma \u00e9 composta de mente, emo\u00e7\u00f5es e intelecto. N\u00e3o \u00e9 simples e f\u00e1cil lidar com a nossa alma, porque nela existem sentimentos que temos e est\u00e3o l\u00e1 bem guardados, ningu\u00e9m v\u00ea que estamos com problemas na alma, como se v\u00ea um problema f\u00edsico, por exemplo. Os sentimentos fazem parte do nosso ser e, [&hellip;]\" \/>\n<meta property=\"og:url\" content=\"https:\/\/radioportoseguro.com.br\/site\/2026\/03\/29\/superando-a-si-mesmo-lidando-com-a-sua-alma\/\" \/>\n<meta property=\"og:site_name\" content=\"R\u00e1dio Porto Seguro\" \/>\n<meta property=\"article:published_time\" content=\"2026-03-29T07:49:24+00:00\" \/>\n<meta property=\"og:image\" content=\"https:\/\/media.guiame.com.br\/archives\/2026\/03\/27\/2396910982-mulher.png\" \/>\n<meta name=\"author\" content=\"admin\" \/>\n<meta name=\"twitter:card\" content=\"summary_large_image\" \/>\n<meta name=\"twitter:label1\" content=\"Escrito por\" \/>\n\t<meta name=\"twitter:data1\" content=\"admin\" \/>\n\t<meta name=\"twitter:label2\" content=\"Est. tempo de leitura\" \/>\n\t<meta name=\"twitter:data2\" content=\"5 minutos\" \/>\n<script type=\"application\/ld+json\" class=\"yoast-schema-graph\">{\"@context\":\"https:\/\/schema.org\",\"@graph\":[{\"@type\":\"Article\",\"@id\":\"https:\/\/radioportoseguro.com.br\/site\/2026\/03\/29\/superando-a-si-mesmo-lidando-com-a-sua-alma\/#article\",\"isPartOf\":{\"@id\":\"https:\/\/radioportoseguro.com.br\/site\/2026\/03\/29\/superando-a-si-mesmo-lidando-com-a-sua-alma\/\"},\"author\":{\"name\":\"admin\",\"@id\":\"https:\/\/radioportoseguro.com.br\/site\/#\/schema\/person\/7630acdc320186f13639d3c067ec089b\"},\"headline\":\"Superando a si mesmo: Lidando com a sua alma\",\"datePublished\":\"2026-03-29T07:49:24+00:00\",\"mainEntityOfPage\":{\"@id\":\"https:\/\/radioportoseguro.com.br\/site\/2026\/03\/29\/superando-a-si-mesmo-lidando-com-a-sua-alma\/\"},\"wordCount\":927,\"image\":{\"@id\":\"https:\/\/radioportoseguro.com.br\/site\/2026\/03\/29\/superando-a-si-mesmo-lidando-com-a-sua-alma\/#primaryimage\"},\"thumbnailUrl\":\"https:\/\/radioportoseguro.com.br\/site\/wp-content\/uploads\/2026\/03\/2396910982-mulher.png\",\"articleSection\":[\"Destaques\"],\"inLanguage\":\"pt-BR\"},{\"@type\":\"WebPage\",\"@id\":\"https:\/\/radioportoseguro.com.br\/site\/2026\/03\/29\/superando-a-si-mesmo-lidando-com-a-sua-alma\/\",\"url\":\"https:\/\/radioportoseguro.com.br\/site\/2026\/03\/29\/superando-a-si-mesmo-lidando-com-a-sua-alma\/\",\"name\":\"Superando a si mesmo: Lidando com a sua alma - R\u00e1dio Porto Seguro\",\"isPartOf\":{\"@id\":\"https:\/\/radioportoseguro.com.br\/site\/#website\"},\"primaryImageOfPage\":{\"@id\":\"https:\/\/radioportoseguro.com.br\/site\/2026\/03\/29\/superando-a-si-mesmo-lidando-com-a-sua-alma\/#primaryimage\"},\"image\":{\"@id\":\"https:\/\/radioportoseguro.com.br\/site\/2026\/03\/29\/superando-a-si-mesmo-lidando-com-a-sua-alma\/#primaryimage\"},\"thumbnailUrl\":\"https:\/\/radioportoseguro.com.br\/site\/wp-content\/uploads\/2026\/03\/2396910982-mulher.png\",\"datePublished\":\"2026-03-29T07:49:24+00:00\",\"author\":{\"@id\":\"https:\/\/radioportoseguro.com.br\/site\/#\/schema\/person\/7630acdc320186f13639d3c067ec089b\"},\"breadcrumb\":{\"@id\":\"https:\/\/radioportoseguro.com.br\/site\/2026\/03\/29\/superando-a-si-mesmo-lidando-com-a-sua-alma\/#breadcrumb\"},\"inLanguage\":\"pt-BR\",\"potentialAction\":[{\"@type\":\"ReadAction\",\"target\":[\"https:\/\/radioportoseguro.com.br\/site\/2026\/03\/29\/superando-a-si-mesmo-lidando-com-a-sua-alma\/\"]}]},{\"@type\":\"ImageObject\",\"inLanguage\":\"pt-BR\",\"@id\":\"https:\/\/radioportoseguro.com.br\/site\/2026\/03\/29\/superando-a-si-mesmo-lidando-com-a-sua-alma\/#primaryimage\",\"url\":\"https:\/\/radioportoseguro.com.br\/site\/wp-content\/uploads\/2026\/03\/2396910982-mulher.png\",\"contentUrl\":\"https:\/\/radioportoseguro.com.br\/site\/wp-content\/uploads\/2026\/03\/2396910982-mulher.png\",\"width\":1200,\"height\":600},{\"@type\":\"BreadcrumbList\",\"@id\":\"https:\/\/radioportoseguro.com.br\/site\/2026\/03\/29\/superando-a-si-mesmo-lidando-com-a-sua-alma\/#breadcrumb\",\"itemListElement\":[{\"@type\":\"ListItem\",\"position\":1,\"name\":\"In\u00edcio\",\"item\":\"https:\/\/radioportoseguro.com.br\/site\/\"},{\"@type\":\"ListItem\",\"position\":2,\"name\":\"Superando a si mesmo: Lidando com a sua alma\"}]},{\"@type\":\"WebSite\",\"@id\":\"https:\/\/radioportoseguro.com.br\/site\/#website\",\"url\":\"https:\/\/radioportoseguro.com.br\/site\/\",\"name\":\"R\u00e1dio Porto Seguro\",\"description\":\"\",\"potentialAction\":[{\"@type\":\"SearchAction\",\"target\":{\"@type\":\"EntryPoint\",\"urlTemplate\":\"https:\/\/radioportoseguro.com.br\/site\/?s={search_term_string}\"},\"query-input\":{\"@type\":\"PropertyValueSpecification\",\"valueRequired\":true,\"valueName\":\"search_term_string\"}}],\"inLanguage\":\"pt-BR\"},{\"@type\":\"Person\",\"@id\":\"https:\/\/radioportoseguro.com.br\/site\/#\/schema\/person\/7630acdc320186f13639d3c067ec089b\",\"name\":\"admin\",\"image\":{\"@type\":\"ImageObject\",\"inLanguage\":\"pt-BR\",\"@id\":\"https:\/\/radioportoseguro.com.br\/site\/#\/schema\/person\/image\/\",\"url\":\"https:\/\/secure.gravatar.com\/avatar\/caacf4dc1eedb68fab0df8e1ed46c448e578b2466351bbcb61e47d2ac0caaef0?s=96&d=mm&r=g\",\"contentUrl\":\"https:\/\/secure.gravatar.com\/avatar\/caacf4dc1eedb68fab0df8e1ed46c448e578b2466351bbcb61e47d2ac0caaef0?s=96&d=mm&r=g\",\"caption\":\"admin\"},\"sameAs\":[\"https:\/\/radioportoseguro.com.br\/site\"],\"url\":\"https:\/\/radioportoseguro.com.br\/site\/author\/hezio\/\"}]}<\/script>\n<!-- \/ Yoast SEO plugin. -->","yoast_head_json":{"title":"Superando a si mesmo: Lidando com a sua alma - R\u00e1dio Porto Seguro","robots":{"index":"index","follow":"follow","max-snippet":"max-snippet:-1","max-image-preview":"max-image-preview:large","max-video-preview":"max-video-preview:-1"},"canonical":"https:\/\/radioportoseguro.com.br\/site\/2026\/03\/29\/superando-a-si-mesmo-lidando-com-a-sua-alma\/","og_locale":"pt_BR","og_type":"article","og_title":"Superando a si mesmo: Lidando com a sua alma - R\u00e1dio Porto Seguro","og_description":"A nossa alma \u00e9 composta de mente, emo\u00e7\u00f5es e intelecto. N\u00e3o \u00e9 simples e f\u00e1cil lidar com a nossa alma, porque nela existem sentimentos que temos e est\u00e3o l\u00e1 bem guardados, ningu\u00e9m v\u00ea que estamos com problemas na alma, como se v\u00ea um problema f\u00edsico, por exemplo. Os sentimentos fazem parte do nosso ser e, [&hellip;]","og_url":"https:\/\/radioportoseguro.com.br\/site\/2026\/03\/29\/superando-a-si-mesmo-lidando-com-a-sua-alma\/","og_site_name":"R\u00e1dio Porto Seguro","article_published_time":"2026-03-29T07:49:24+00:00","og_image":[{"url":"https:\/\/media.guiame.com.br\/archives\/2026\/03\/27\/2396910982-mulher.png","type":"","width":"","height":""}],"author":"admin","twitter_card":"summary_large_image","twitter_misc":{"Escrito por":"admin","Est. tempo de leitura":"5 minutos"},"schema":{"@context":"https:\/\/schema.org","@graph":[{"@type":"Article","@id":"https:\/\/radioportoseguro.com.br\/site\/2026\/03\/29\/superando-a-si-mesmo-lidando-com-a-sua-alma\/#article","isPartOf":{"@id":"https:\/\/radioportoseguro.com.br\/site\/2026\/03\/29\/superando-a-si-mesmo-lidando-com-a-sua-alma\/"},"author":{"name":"admin","@id":"https:\/\/radioportoseguro.com.br\/site\/#\/schema\/person\/7630acdc320186f13639d3c067ec089b"},"headline":"Superando a si mesmo: Lidando com a sua alma","datePublished":"2026-03-29T07:49:24+00:00","mainEntityOfPage":{"@id":"https:\/\/radioportoseguro.com.br\/site\/2026\/03\/29\/superando-a-si-mesmo-lidando-com-a-sua-alma\/"},"wordCount":927,"image":{"@id":"https:\/\/radioportoseguro.com.br\/site\/2026\/03\/29\/superando-a-si-mesmo-lidando-com-a-sua-alma\/#primaryimage"},"thumbnailUrl":"https:\/\/radioportoseguro.com.br\/site\/wp-content\/uploads\/2026\/03\/2396910982-mulher.png","articleSection":["Destaques"],"inLanguage":"pt-BR"},{"@type":"WebPage","@id":"https:\/\/radioportoseguro.com.br\/site\/2026\/03\/29\/superando-a-si-mesmo-lidando-com-a-sua-alma\/","url":"https:\/\/radioportoseguro.com.br\/site\/2026\/03\/29\/superando-a-si-mesmo-lidando-com-a-sua-alma\/","name":"Superando a si mesmo: Lidando com a sua alma - R\u00e1dio Porto Seguro","isPartOf":{"@id":"https:\/\/radioportoseguro.com.br\/site\/#website"},"primaryImageOfPage":{"@id":"https:\/\/radioportoseguro.com.br\/site\/2026\/03\/29\/superando-a-si-mesmo-lidando-com-a-sua-alma\/#primaryimage"},"image":{"@id":"https:\/\/radioportoseguro.com.br\/site\/2026\/03\/29\/superando-a-si-mesmo-lidando-com-a-sua-alma\/#primaryimage"},"thumbnailUrl":"https:\/\/radioportoseguro.com.br\/site\/wp-content\/uploads\/2026\/03\/2396910982-mulher.png","datePublished":"2026-03-29T07:49:24+00:00","author":{"@id":"https:\/\/radioportoseguro.com.br\/site\/#\/schema\/person\/7630acdc320186f13639d3c067ec089b"},"breadcrumb":{"@id":"https:\/\/radioportoseguro.com.br\/site\/2026\/03\/29\/superando-a-si-mesmo-lidando-com-a-sua-alma\/#breadcrumb"},"inLanguage":"pt-BR","potentialAction":[{"@type":"ReadAction","target":["https:\/\/radioportoseguro.com.br\/site\/2026\/03\/29\/superando-a-si-mesmo-lidando-com-a-sua-alma\/"]}]},{"@type":"ImageObject","inLanguage":"pt-BR","@id":"https:\/\/radioportoseguro.com.br\/site\/2026\/03\/29\/superando-a-si-mesmo-lidando-com-a-sua-alma\/#primaryimage","url":"https:\/\/radioportoseguro.com.br\/site\/wp-content\/uploads\/2026\/03\/2396910982-mulher.png","contentUrl":"https:\/\/radioportoseguro.com.br\/site\/wp-content\/uploads\/2026\/03\/2396910982-mulher.png","width":1200,"height":600},{"@type":"BreadcrumbList","@id":"https:\/\/radioportoseguro.com.br\/site\/2026\/03\/29\/superando-a-si-mesmo-lidando-com-a-sua-alma\/#breadcrumb","itemListElement":[{"@type":"ListItem","position":1,"name":"In\u00edcio","item":"https:\/\/radioportoseguro.com.br\/site\/"},{"@type":"ListItem","position":2,"name":"Superando a si mesmo: Lidando com a sua alma"}]},{"@type":"WebSite","@id":"https:\/\/radioportoseguro.com.br\/site\/#website","url":"https:\/\/radioportoseguro.com.br\/site\/","name":"R\u00e1dio Porto Seguro","description":"","potentialAction":[{"@type":"SearchAction","target":{"@type":"EntryPoint","urlTemplate":"https:\/\/radioportoseguro.com.br\/site\/?s={search_term_string}"},"query-input":{"@type":"PropertyValueSpecification","valueRequired":true,"valueName":"search_term_string"}}],"inLanguage":"pt-BR"},{"@type":"Person","@id":"https:\/\/radioportoseguro.com.br\/site\/#\/schema\/person\/7630acdc320186f13639d3c067ec089b","name":"admin","image":{"@type":"ImageObject","inLanguage":"pt-BR","@id":"https:\/\/radioportoseguro.com.br\/site\/#\/schema\/person\/image\/","url":"https:\/\/secure.gravatar.com\/avatar\/caacf4dc1eedb68fab0df8e1ed46c448e578b2466351bbcb61e47d2ac0caaef0?s=96&d=mm&r=g","contentUrl":"https:\/\/secure.gravatar.com\/avatar\/caacf4dc1eedb68fab0df8e1ed46c448e578b2466351bbcb61e47d2ac0caaef0?s=96&d=mm&r=g","caption":"admin"},"sameAs":["https:\/\/radioportoseguro.com.br\/site"],"url":"https:\/\/radioportoseguro.com.br\/site\/author\/hezio\/"}]}},"_links":{"self":[{"href":"https:\/\/radioportoseguro.com.br\/site\/wp-json\/wp\/v2\/posts\/5528","targetHints":{"allow":["GET"]}}],"collection":[{"href":"https:\/\/radioportoseguro.com.br\/site\/wp-json\/wp\/v2\/posts"}],"about":[{"href":"https:\/\/radioportoseguro.com.br\/site\/wp-json\/wp\/v2\/types\/post"}],"author":[{"embeddable":true,"href":"https:\/\/radioportoseguro.com.br\/site\/wp-json\/wp\/v2\/users\/1"}],"replies":[{"embeddable":true,"href":"https:\/\/radioportoseguro.com.br\/site\/wp-json\/wp\/v2\/comments?post=5528"}],"version-history":[{"count":0,"href":"https:\/\/radioportoseguro.com.br\/site\/wp-json\/wp\/v2\/posts\/5528\/revisions"}],"wp:featuredmedia":[{"embeddable":true,"href":"https:\/\/radioportoseguro.com.br\/site\/wp-json\/wp\/v2\/media\/5529"}],"wp:attachment":[{"href":"https:\/\/radioportoseguro.com.br\/site\/wp-json\/wp\/v2\/media?parent=5528"}],"wp:term":[{"taxonomy":"category","embeddable":true,"href":"https:\/\/radioportoseguro.com.br\/site\/wp-json\/wp\/v2\/categories?post=5528"},{"taxonomy":"post_tag","embeddable":true,"href":"https:\/\/radioportoseguro.com.br\/site\/wp-json\/wp\/v2\/tags?post=5528"}],"curies":[{"name":"wp","href":"https:\/\/api.w.org\/{rel}","templated":true}]}}