{"id":5558,"date":"2026-03-30T01:17:26","date_gmt":"2026-03-30T04:17:26","guid":{"rendered":"https:\/\/radioportoseguro.com.br\/site\/2026\/03\/30\/diagnosticado-como-autista-nao-verbal-menino-louva-na-igreja-ele-e-um-milagre\/"},"modified":"2026-03-30T01:17:26","modified_gmt":"2026-03-30T04:17:26","slug":"diagnosticado-como-autista-nao-verbal-menino-louva-na-igreja-ele-e-um-milagre","status":"publish","type":"post","link":"https:\/\/radioportoseguro.com.br\/site\/2026\/03\/30\/diagnosticado-como-autista-nao-verbal-menino-louva-na-igreja-ele-e-um-milagre\/","title":{"rendered":"Diagnosticado como autista n\u00e3o verbal, menino louva na igreja: \u2018Ele \u00e9 um milagre\u2019"},"content":{"rendered":"<p><br \/>\n<br \/><\/p>\n<div>\n<p>Um v\u00eddeo registrado durante um culto em uma <span style=\"color: #800000;\"><strong>igreja evang\u00e9lica<\/strong> <\/span>viralizou nas redes sociais ao mostrar um menino autista participando de um momento de louvor.<\/p>\n<p>Nas imagens compartilhadas inicialmente por Kelley Freire, m\u00e3e de Davy, de 11 anos, ela fala sobre o diagn\u00f3stico: \u00a0<\/p>\n<p>\u201cMeu filho foi diagnosticado com <span style=\"color: #800000;\"><strong>autismo<\/strong><\/span> e, por muito tempo, ele foi considerado autista n\u00e3o verbal. Eu me lembro de cada tentativa, cada esfor\u00e7o, cada ora\u00e7\u00e3o\u2026 palavras que n\u00e3o vinham, olhares que pareciam distantes, e um cora\u00e7\u00e3o de m\u00e3e que nunca deixou de crer\u201d.<\/p>\n<p>Al\u00e9m das dificuldades, ela tamb\u00e9m fala de f\u00e9:<\/p>\n<p>\u201cHouve dias dif\u00edceis, dias de incerteza, de medo do futuro. Mas tamb\u00e9m houve f\u00e9. Houve esperan\u00e7a. Houve entrega. E, acima de tudo, houve Deus.\u201d<\/p>\n<p>As imagens de Davy louvando rapidamente ganharam repercuss\u00e3o, sendo repostadas em diversos perfis no Instagram e TikTok.<\/p>\n<blockquote class=\"instagram-media\" style=\"background: #FFF; border: 0; border-radius: 3px; box-shadow: 0 0 1px 0 rgba(0,0,0,0.5),0 1px 10px 0 rgba(0,0,0,0.15); margin: 1px; max-width: 540px; min-width: 326px; padding: 0; width: calc(100% - 2px);\" data-instgrm-captioned=\"\" data-instgrm-permalink=\"https:\/\/www.instagram.com\/reel\/DPty4ygEVaE\/?utm_source=ig_embed&amp;utm_campaign=loading\" data-instgrm-version=\"14\"><p>&#13;<br \/>\n&#13;\n<\/p><\/blockquote>\n<p>No v\u00eddeo, o menino aparece cantando com intensidade e concentra\u00e7\u00e3o, em um momento que muitos descreveram como profundamente espiritual.<\/p>\n<p><strong>&#8216;Milagre&#8217;<\/strong><\/p>\n<p>Ao publicar o registro, Kelley tamb\u00e9m abriu o cora\u00e7\u00e3o sobre a trajet\u00f3ria do filho, revelando o caminho de f\u00e9 percorrido pela fam\u00edlia.<\/p>\n<p>\u201cO Davy \u00e9 um milagre\u201d, afirma.<\/p>\n<p>\u201cE hoje, aquele menino que n\u00e3o falava\u2026 canta. Louva. Eleva sua voz na igreja como quem sempre teve algo lindo para dizer, s\u00f3 estava esperando o tempo certo para florescer\u201d, declara.<\/p>\n<p>A mudan\u00e7a, segundo Kelley, \u00e9 motivo de profunda emo\u00e7\u00e3o:<\/p>\n<p>\u201c\u00c9 imposs\u00edvel explicar o que sinto ao v\u00ea-lo adorando, erguendo as m\u00e3os, pronunciando palavras que um dia pareciam t\u00e3o distantes. Cada som \u00e9 um testemunho. Cada louvor, um milagre em andamento\u201d.<\/p>\n<p>Nos coment\u00e1rios e republica\u00e7\u00f5es, internautas tamb\u00e9m expressaram impacto com a cena.<\/p>\n<p><strong>\u2018Un\u00e7\u00e3o que arrepia\u2019<\/strong><\/p>\n<p>Um dos perfis que compartilhou o conte\u00fado escreveu:<\/p>\n<p>\u201cEle \u00e9 autista\u2026 e canta com uma entrega, uma pureza, uma un\u00e7\u00e3o que arrepiam! E a\u00ed eu s\u00f3 consegui pensar numa coisa: qual \u00e9 a sua desculpa?\u201d.<\/p>\n<p>A reflex\u00e3o continua: \u201c\u00c0s vezes a gente inventa mil motivos pra n\u00e3o servir, n\u00e3o cantar, n\u00e3o se posicionar\u2026 Mas Deus usa quem se disp\u00f5e, n\u00e3o quem se acha pronto.\u201d<\/p>\n<p>E sua mensagem, a m\u00e3e de Davy ainda deixou uma mensagem de encorajamento a outras fam\u00edlias que enfrentam desafios semelhantes:<\/p>\n<p>\u201cSe voc\u00ea tamb\u00e9m vive um processo parecido, n\u00e3o desista. O sil\u00eancio n\u00e3o \u00e9 o fim. \u00c0s vezes, \u00e9 s\u00f3 o intervalo antes de uma can\u00e7\u00e3o. Meu filho \u00e9 prova viva de que Deus continua escrevendo hist\u00f3rias surpreendentes.\u201d<\/p>\n<p>Na legenda do v\u00eddeo ela escreveu: &#8220;O autismo pode mudar a forma de se expressar, mas n\u00e3o o poder de adorar.&#8221;<\/p>\n<\/div>\n<p><script async src=\"\/\/www.instagram.com\/embed.js\"><\/script><br \/>\n<br \/><br \/>\n<br \/>Fonte: Guiame <\/p>\n","protected":false},"excerpt":{"rendered":"<p>Um v\u00eddeo registrado durante um culto em uma igreja evang\u00e9lica viralizou nas redes sociais ao mostrar um menino autista participando de um momento de louvor. Nas imagens compartilhadas inicialmente por Kelley Freire, m\u00e3e de Davy, de 11 anos, ela fala sobre o diagn\u00f3stico: \u00a0 \u201cMeu filho foi diagnosticado com autismo e, por muito tempo, ele [&hellip;]<\/p>\n","protected":false},"author":1,"featured_media":5559,"comment_status":"","ping_status":"open","sticky":false,"template":"","format":"standard","meta":{"footnotes":""},"categories":[43],"tags":[],"class_list":["post-5558","post","type-post","status-publish","format-standard","has-post-thumbnail","hentry","category-destaques"],"yoast_head":"<!-- This site is optimized with the Yoast SEO plugin v26.8 - https:\/\/yoast.com\/product\/yoast-seo-wordpress\/ -->\n<title>Diagnosticado como autista n\u00e3o verbal, menino louva na igreja: \u2018Ele \u00e9 um milagre\u2019 - R\u00e1dio Porto Seguro<\/title>\n<meta name=\"robots\" content=\"index, follow, max-snippet:-1, max-image-preview:large, max-video-preview:-1\" \/>\n<link rel=\"canonical\" href=\"https:\/\/radioportoseguro.com.br\/site\/2026\/03\/30\/diagnosticado-como-autista-nao-verbal-menino-louva-na-igreja-ele-e-um-milagre\/\" \/>\n<meta property=\"og:locale\" content=\"pt_BR\" \/>\n<meta property=\"og:type\" content=\"article\" \/>\n<meta property=\"og:title\" content=\"Diagnosticado como autista n\u00e3o verbal, menino louva na igreja: \u2018Ele \u00e9 um milagre\u2019 - R\u00e1dio Porto Seguro\" \/>\n<meta property=\"og:description\" content=\"Um v\u00eddeo registrado durante um culto em uma igreja evang\u00e9lica viralizou nas redes sociais ao mostrar um menino autista participando de um momento de louvor. Nas imagens compartilhadas inicialmente por Kelley Freire, m\u00e3e de Davy, de 11 anos, ela fala sobre o diagn\u00f3stico: \u00a0 \u201cMeu filho foi diagnosticado com autismo e, por muito tempo, ele [&hellip;]\" \/>\n<meta property=\"og:url\" content=\"https:\/\/radioportoseguro.com.br\/site\/2026\/03\/30\/diagnosticado-como-autista-nao-verbal-menino-louva-na-igreja-ele-e-um-milagre\/\" \/>\n<meta property=\"og:site_name\" content=\"R\u00e1dio Porto Seguro\" \/>\n<meta property=\"article:published_time\" content=\"2026-03-30T04:17:26+00:00\" \/>\n<meta property=\"og:image\" content=\"https:\/\/media.guiame.com.br\/archives\/2026\/03\/26\/1475226231-davy.png\" \/>\n<meta name=\"author\" content=\"admin\" \/>\n<meta name=\"twitter:card\" content=\"summary_large_image\" \/>\n<meta name=\"twitter:label1\" content=\"Escrito por\" \/>\n\t<meta name=\"twitter:data1\" content=\"admin\" \/>\n\t<meta name=\"twitter:label2\" content=\"Est. tempo de leitura\" \/>\n\t<meta name=\"twitter:data2\" content=\"2 minutos\" \/>\n<script type=\"application\/ld+json\" class=\"yoast-schema-graph\">{\"@context\":\"https:\/\/schema.org\",\"@graph\":[{\"@type\":\"Article\",\"@id\":\"https:\/\/radioportoseguro.com.br\/site\/2026\/03\/30\/diagnosticado-como-autista-nao-verbal-menino-louva-na-igreja-ele-e-um-milagre\/#article\",\"isPartOf\":{\"@id\":\"https:\/\/radioportoseguro.com.br\/site\/2026\/03\/30\/diagnosticado-como-autista-nao-verbal-menino-louva-na-igreja-ele-e-um-milagre\/\"},\"author\":{\"name\":\"admin\",\"@id\":\"https:\/\/radioportoseguro.com.br\/site\/#\/schema\/person\/7630acdc320186f13639d3c067ec089b\"},\"headline\":\"Diagnosticado como autista n\u00e3o verbal, menino louva na igreja: \u2018Ele \u00e9 um milagre\u2019\",\"datePublished\":\"2026-03-30T04:17:26+00:00\",\"mainEntityOfPage\":{\"@id\":\"https:\/\/radioportoseguro.com.br\/site\/2026\/03\/30\/diagnosticado-como-autista-nao-verbal-menino-louva-na-igreja-ele-e-um-milagre\/\"},\"wordCount\":469,\"image\":{\"@id\":\"https:\/\/radioportoseguro.com.br\/site\/2026\/03\/30\/diagnosticado-como-autista-nao-verbal-menino-louva-na-igreja-ele-e-um-milagre\/#primaryimage\"},\"thumbnailUrl\":\"https:\/\/radioportoseguro.com.br\/site\/wp-content\/uploads\/2026\/03\/1475226231-davy.png\",\"articleSection\":[\"Destaques\"],\"inLanguage\":\"pt-BR\"},{\"@type\":\"WebPage\",\"@id\":\"https:\/\/radioportoseguro.com.br\/site\/2026\/03\/30\/diagnosticado-como-autista-nao-verbal-menino-louva-na-igreja-ele-e-um-milagre\/\",\"url\":\"https:\/\/radioportoseguro.com.br\/site\/2026\/03\/30\/diagnosticado-como-autista-nao-verbal-menino-louva-na-igreja-ele-e-um-milagre\/\",\"name\":\"Diagnosticado como autista n\u00e3o verbal, menino louva na igreja: \u2018Ele \u00e9 um milagre\u2019 - R\u00e1dio Porto Seguro\",\"isPartOf\":{\"@id\":\"https:\/\/radioportoseguro.com.br\/site\/#website\"},\"primaryImageOfPage\":{\"@id\":\"https:\/\/radioportoseguro.com.br\/site\/2026\/03\/30\/diagnosticado-como-autista-nao-verbal-menino-louva-na-igreja-ele-e-um-milagre\/#primaryimage\"},\"image\":{\"@id\":\"https:\/\/radioportoseguro.com.br\/site\/2026\/03\/30\/diagnosticado-como-autista-nao-verbal-menino-louva-na-igreja-ele-e-um-milagre\/#primaryimage\"},\"thumbnailUrl\":\"https:\/\/radioportoseguro.com.br\/site\/wp-content\/uploads\/2026\/03\/1475226231-davy.png\",\"datePublished\":\"2026-03-30T04:17:26+00:00\",\"author\":{\"@id\":\"https:\/\/radioportoseguro.com.br\/site\/#\/schema\/person\/7630acdc320186f13639d3c067ec089b\"},\"breadcrumb\":{\"@id\":\"https:\/\/radioportoseguro.com.br\/site\/2026\/03\/30\/diagnosticado-como-autista-nao-verbal-menino-louva-na-igreja-ele-e-um-milagre\/#breadcrumb\"},\"inLanguage\":\"pt-BR\",\"potentialAction\":[{\"@type\":\"ReadAction\",\"target\":[\"https:\/\/radioportoseguro.com.br\/site\/2026\/03\/30\/diagnosticado-como-autista-nao-verbal-menino-louva-na-igreja-ele-e-um-milagre\/\"]}]},{\"@type\":\"ImageObject\",\"inLanguage\":\"pt-BR\",\"@id\":\"https:\/\/radioportoseguro.com.br\/site\/2026\/03\/30\/diagnosticado-como-autista-nao-verbal-menino-louva-na-igreja-ele-e-um-milagre\/#primaryimage\",\"url\":\"https:\/\/radioportoseguro.com.br\/site\/wp-content\/uploads\/2026\/03\/1475226231-davy.png\",\"contentUrl\":\"https:\/\/radioportoseguro.com.br\/site\/wp-content\/uploads\/2026\/03\/1475226231-davy.png\",\"width\":1200,\"height\":600},{\"@type\":\"BreadcrumbList\",\"@id\":\"https:\/\/radioportoseguro.com.br\/site\/2026\/03\/30\/diagnosticado-como-autista-nao-verbal-menino-louva-na-igreja-ele-e-um-milagre\/#breadcrumb\",\"itemListElement\":[{\"@type\":\"ListItem\",\"position\":1,\"name\":\"In\u00edcio\",\"item\":\"https:\/\/radioportoseguro.com.br\/site\/\"},{\"@type\":\"ListItem\",\"position\":2,\"name\":\"Diagnosticado como autista n\u00e3o verbal, menino louva na igreja: \u2018Ele \u00e9 um milagre\u2019\"}]},{\"@type\":\"WebSite\",\"@id\":\"https:\/\/radioportoseguro.com.br\/site\/#website\",\"url\":\"https:\/\/radioportoseguro.com.br\/site\/\",\"name\":\"R\u00e1dio Porto Seguro\",\"description\":\"\",\"potentialAction\":[{\"@type\":\"SearchAction\",\"target\":{\"@type\":\"EntryPoint\",\"urlTemplate\":\"https:\/\/radioportoseguro.com.br\/site\/?s={search_term_string}\"},\"query-input\":{\"@type\":\"PropertyValueSpecification\",\"valueRequired\":true,\"valueName\":\"search_term_string\"}}],\"inLanguage\":\"pt-BR\"},{\"@type\":\"Person\",\"@id\":\"https:\/\/radioportoseguro.com.br\/site\/#\/schema\/person\/7630acdc320186f13639d3c067ec089b\",\"name\":\"admin\",\"image\":{\"@type\":\"ImageObject\",\"inLanguage\":\"pt-BR\",\"@id\":\"https:\/\/radioportoseguro.com.br\/site\/#\/schema\/person\/image\/\",\"url\":\"https:\/\/secure.gravatar.com\/avatar\/caacf4dc1eedb68fab0df8e1ed46c448e578b2466351bbcb61e47d2ac0caaef0?s=96&d=mm&r=g\",\"contentUrl\":\"https:\/\/secure.gravatar.com\/avatar\/caacf4dc1eedb68fab0df8e1ed46c448e578b2466351bbcb61e47d2ac0caaef0?s=96&d=mm&r=g\",\"caption\":\"admin\"},\"sameAs\":[\"https:\/\/radioportoseguro.com.br\/site\"],\"url\":\"https:\/\/radioportoseguro.com.br\/site\/author\/hezio\/\"}]}<\/script>\n<!-- \/ Yoast SEO plugin. -->","yoast_head_json":{"title":"Diagnosticado como autista n\u00e3o verbal, menino louva na igreja: \u2018Ele \u00e9 um milagre\u2019 - R\u00e1dio Porto Seguro","robots":{"index":"index","follow":"follow","max-snippet":"max-snippet:-1","max-image-preview":"max-image-preview:large","max-video-preview":"max-video-preview:-1"},"canonical":"https:\/\/radioportoseguro.com.br\/site\/2026\/03\/30\/diagnosticado-como-autista-nao-verbal-menino-louva-na-igreja-ele-e-um-milagre\/","og_locale":"pt_BR","og_type":"article","og_title":"Diagnosticado como autista n\u00e3o verbal, menino louva na igreja: \u2018Ele \u00e9 um milagre\u2019 - R\u00e1dio Porto Seguro","og_description":"Um v\u00eddeo registrado durante um culto em uma igreja evang\u00e9lica viralizou nas redes sociais ao mostrar um menino autista participando de um momento de louvor. Nas imagens compartilhadas inicialmente por Kelley Freire, m\u00e3e de Davy, de 11 anos, ela fala sobre o diagn\u00f3stico: \u00a0 \u201cMeu filho foi diagnosticado com autismo e, por muito tempo, ele [&hellip;]","og_url":"https:\/\/radioportoseguro.com.br\/site\/2026\/03\/30\/diagnosticado-como-autista-nao-verbal-menino-louva-na-igreja-ele-e-um-milagre\/","og_site_name":"R\u00e1dio Porto Seguro","article_published_time":"2026-03-30T04:17:26+00:00","og_image":[{"url":"https:\/\/media.guiame.com.br\/archives\/2026\/03\/26\/1475226231-davy.png","type":"","width":"","height":""}],"author":"admin","twitter_card":"summary_large_image","twitter_misc":{"Escrito por":"admin","Est. tempo de leitura":"2 minutos"},"schema":{"@context":"https:\/\/schema.org","@graph":[{"@type":"Article","@id":"https:\/\/radioportoseguro.com.br\/site\/2026\/03\/30\/diagnosticado-como-autista-nao-verbal-menino-louva-na-igreja-ele-e-um-milagre\/#article","isPartOf":{"@id":"https:\/\/radioportoseguro.com.br\/site\/2026\/03\/30\/diagnosticado-como-autista-nao-verbal-menino-louva-na-igreja-ele-e-um-milagre\/"},"author":{"name":"admin","@id":"https:\/\/radioportoseguro.com.br\/site\/#\/schema\/person\/7630acdc320186f13639d3c067ec089b"},"headline":"Diagnosticado como autista n\u00e3o verbal, menino louva na igreja: \u2018Ele \u00e9 um milagre\u2019","datePublished":"2026-03-30T04:17:26+00:00","mainEntityOfPage":{"@id":"https:\/\/radioportoseguro.com.br\/site\/2026\/03\/30\/diagnosticado-como-autista-nao-verbal-menino-louva-na-igreja-ele-e-um-milagre\/"},"wordCount":469,"image":{"@id":"https:\/\/radioportoseguro.com.br\/site\/2026\/03\/30\/diagnosticado-como-autista-nao-verbal-menino-louva-na-igreja-ele-e-um-milagre\/#primaryimage"},"thumbnailUrl":"https:\/\/radioportoseguro.com.br\/site\/wp-content\/uploads\/2026\/03\/1475226231-davy.png","articleSection":["Destaques"],"inLanguage":"pt-BR"},{"@type":"WebPage","@id":"https:\/\/radioportoseguro.com.br\/site\/2026\/03\/30\/diagnosticado-como-autista-nao-verbal-menino-louva-na-igreja-ele-e-um-milagre\/","url":"https:\/\/radioportoseguro.com.br\/site\/2026\/03\/30\/diagnosticado-como-autista-nao-verbal-menino-louva-na-igreja-ele-e-um-milagre\/","name":"Diagnosticado como autista n\u00e3o verbal, menino louva na igreja: \u2018Ele \u00e9 um milagre\u2019 - R\u00e1dio Porto Seguro","isPartOf":{"@id":"https:\/\/radioportoseguro.com.br\/site\/#website"},"primaryImageOfPage":{"@id":"https:\/\/radioportoseguro.com.br\/site\/2026\/03\/30\/diagnosticado-como-autista-nao-verbal-menino-louva-na-igreja-ele-e-um-milagre\/#primaryimage"},"image":{"@id":"https:\/\/radioportoseguro.com.br\/site\/2026\/03\/30\/diagnosticado-como-autista-nao-verbal-menino-louva-na-igreja-ele-e-um-milagre\/#primaryimage"},"thumbnailUrl":"https:\/\/radioportoseguro.com.br\/site\/wp-content\/uploads\/2026\/03\/1475226231-davy.png","datePublished":"2026-03-30T04:17:26+00:00","author":{"@id":"https:\/\/radioportoseguro.com.br\/site\/#\/schema\/person\/7630acdc320186f13639d3c067ec089b"},"breadcrumb":{"@id":"https:\/\/radioportoseguro.com.br\/site\/2026\/03\/30\/diagnosticado-como-autista-nao-verbal-menino-louva-na-igreja-ele-e-um-milagre\/#breadcrumb"},"inLanguage":"pt-BR","potentialAction":[{"@type":"ReadAction","target":["https:\/\/radioportoseguro.com.br\/site\/2026\/03\/30\/diagnosticado-como-autista-nao-verbal-menino-louva-na-igreja-ele-e-um-milagre\/"]}]},{"@type":"ImageObject","inLanguage":"pt-BR","@id":"https:\/\/radioportoseguro.com.br\/site\/2026\/03\/30\/diagnosticado-como-autista-nao-verbal-menino-louva-na-igreja-ele-e-um-milagre\/#primaryimage","url":"https:\/\/radioportoseguro.com.br\/site\/wp-content\/uploads\/2026\/03\/1475226231-davy.png","contentUrl":"https:\/\/radioportoseguro.com.br\/site\/wp-content\/uploads\/2026\/03\/1475226231-davy.png","width":1200,"height":600},{"@type":"BreadcrumbList","@id":"https:\/\/radioportoseguro.com.br\/site\/2026\/03\/30\/diagnosticado-como-autista-nao-verbal-menino-louva-na-igreja-ele-e-um-milagre\/#breadcrumb","itemListElement":[{"@type":"ListItem","position":1,"name":"In\u00edcio","item":"https:\/\/radioportoseguro.com.br\/site\/"},{"@type":"ListItem","position":2,"name":"Diagnosticado como autista n\u00e3o verbal, menino louva na igreja: \u2018Ele \u00e9 um milagre\u2019"}]},{"@type":"WebSite","@id":"https:\/\/radioportoseguro.com.br\/site\/#website","url":"https:\/\/radioportoseguro.com.br\/site\/","name":"R\u00e1dio Porto Seguro","description":"","potentialAction":[{"@type":"SearchAction","target":{"@type":"EntryPoint","urlTemplate":"https:\/\/radioportoseguro.com.br\/site\/?s={search_term_string}"},"query-input":{"@type":"PropertyValueSpecification","valueRequired":true,"valueName":"search_term_string"}}],"inLanguage":"pt-BR"},{"@type":"Person","@id":"https:\/\/radioportoseguro.com.br\/site\/#\/schema\/person\/7630acdc320186f13639d3c067ec089b","name":"admin","image":{"@type":"ImageObject","inLanguage":"pt-BR","@id":"https:\/\/radioportoseguro.com.br\/site\/#\/schema\/person\/image\/","url":"https:\/\/secure.gravatar.com\/avatar\/caacf4dc1eedb68fab0df8e1ed46c448e578b2466351bbcb61e47d2ac0caaef0?s=96&d=mm&r=g","contentUrl":"https:\/\/secure.gravatar.com\/avatar\/caacf4dc1eedb68fab0df8e1ed46c448e578b2466351bbcb61e47d2ac0caaef0?s=96&d=mm&r=g","caption":"admin"},"sameAs":["https:\/\/radioportoseguro.com.br\/site"],"url":"https:\/\/radioportoseguro.com.br\/site\/author\/hezio\/"}]}},"_links":{"self":[{"href":"https:\/\/radioportoseguro.com.br\/site\/wp-json\/wp\/v2\/posts\/5558","targetHints":{"allow":["GET"]}}],"collection":[{"href":"https:\/\/radioportoseguro.com.br\/site\/wp-json\/wp\/v2\/posts"}],"about":[{"href":"https:\/\/radioportoseguro.com.br\/site\/wp-json\/wp\/v2\/types\/post"}],"author":[{"embeddable":true,"href":"https:\/\/radioportoseguro.com.br\/site\/wp-json\/wp\/v2\/users\/1"}],"replies":[{"embeddable":true,"href":"https:\/\/radioportoseguro.com.br\/site\/wp-json\/wp\/v2\/comments?post=5558"}],"version-history":[{"count":0,"href":"https:\/\/radioportoseguro.com.br\/site\/wp-json\/wp\/v2\/posts\/5558\/revisions"}],"wp:featuredmedia":[{"embeddable":true,"href":"https:\/\/radioportoseguro.com.br\/site\/wp-json\/wp\/v2\/media\/5559"}],"wp:attachment":[{"href":"https:\/\/radioportoseguro.com.br\/site\/wp-json\/wp\/v2\/media?parent=5558"}],"wp:term":[{"taxonomy":"category","embeddable":true,"href":"https:\/\/radioportoseguro.com.br\/site\/wp-json\/wp\/v2\/categories?post=5558"},{"taxonomy":"post_tag","embeddable":true,"href":"https:\/\/radioportoseguro.com.br\/site\/wp-json\/wp\/v2\/tags?post=5558"}],"curies":[{"name":"wp","href":"https:\/\/api.w.org\/{rel}","templated":true}]}}