{"id":5600,"date":"2026-03-31T19:33:27","date_gmt":"2026-03-31T22:33:27","guid":{"rendered":"https:\/\/radioportoseguro.com.br\/site\/?p=5600"},"modified":"2026-03-31T19:36:41","modified_gmt":"2026-03-31T22:36:41","slug":"transformando-dor-em-proposito-atleta-conquistou-podios","status":"publish","type":"post","link":"https:\/\/radioportoseguro.com.br\/site\/2026\/03\/31\/transformando-dor-em-proposito-atleta-conquistou-podios\/","title":{"rendered":"Transformando dor em prop\u00f3sito, atleta conquistou p\u00f3dios"},"content":{"rendered":"<div class=\"elementor-element elementor-element-de3204a elementor-widget elementor-widget-theme-post-excerpt\" data-id=\"de3204a\" data-element_type=\"widget\" data-e-type=\"widget\" data-widget_type=\"theme-post-excerpt.default\">\n<div class=\"elementor-widget-container\">O que come\u00e7ou como escape em meio a circunst\u00e2ncias, tornou-se uma trajet\u00f3ria de vit\u00f3rias para Jussara Oliveira.<\/div>\n<\/div>\n<div><\/div>\n<div>\n<figure class=\"wp-block-image size-large wp-lightbox-container\" data-wp-context=\"{&quot;imageId&quot;:&quot;69cc33b3b1d28&quot;}\" data-wp-interactive=\"core\/image\" data-wp-key=\"69cc33b3b1d28\"><picture><img fetchpriority=\"high\" decoding=\"async\" class=\"wp-image-777596 webpexpress-processed\" src=\"https:\/\/verbodavida.org.br\/wp-content\/uploads\/2026\/03\/Transformando-dor-em-proposito-atleta-conquistou-podios-14-1024x576.jpg\" sizes=\"(max-width: 1024px) 100vw, 1024px\" srcset=\"https:\/\/verbodavida.org.br\/wp-content\/uploads\/2026\/03\/Transformando-dor-em-proposito-atleta-conquistou-podios-14-1024x576.jpg 1024w, https:\/\/verbodavida.org.br\/wp-content\/uploads\/2026\/03\/Transformando-dor-em-proposito-atleta-conquistou-podios-14-600x338.jpg 600w, https:\/\/verbodavida.org.br\/wp-content\/uploads\/2026\/03\/Transformando-dor-em-proposito-atleta-conquistou-podios-14-768x432.jpg 768w, https:\/\/verbodavida.org.br\/wp-content\/uploads\/2026\/03\/Transformando-dor-em-proposito-atleta-conquistou-podios-14-150x84.jpg 150w, https:\/\/verbodavida.org.br\/wp-content\/uploads\/2026\/03\/Transformando-dor-em-proposito-atleta-conquistou-podios-14.jpg 1280w\" alt=\"Transformando dor em prop\u00f3sito, atleta conquistou p\u00f3dios\" width=\"1024\" height=\"576\" data-wp-class--hide=\"state.isContentHidden\" data-wp-class--show=\"state.isContentVisible\" data-wp-init=\"callbacks.setButtonStyles\" data-wp-on--click=\"actions.showLightbox\" data-wp-on--load=\"callbacks.setButtonStyles\" data-wp-on-window--resize=\"callbacks.setButtonStyles\" \/><\/picture><figcaption class=\"wp-element-caption\">Jussara e sua filha, Larissa Oliveira<\/figcaption><\/figure>\n<p>Em meio a um momento desafiador, uma atitude mudou a hist\u00f3ria de Jussara Oliveira. Em 2016, sua filha, Larissa Oliveira, foi diagnosticada com c\u00e2ncer no seio. Ap\u00f3s receber alta, o tratamento precisou ser retomado, e foi nesse contexto que Jussara aderiu \u00e0s corridas como suporte diante das circunst\u00e2ncias. \u201cMe vi na necessidade de fazer algo para me sentir bem e sair daquela rotina. A\u00ed surgiu a corrida como um meio de escape em meio \u00e0quela situa\u00e7\u00e3o. Mas, com a chegada da pandemia, veio uma pausa, e o meu retorno foi em 2023\u201d, contou.<\/p>\n<p>Segundo ela, quando o diagn\u00f3stico foi constatado, a atleta vivia um per\u00edodo conturbado em sua vida. \u201cQuando descobrimos a doen\u00e7a, n\u00f3s n\u00e3o \u00e9ramos da igreja. Conhec\u00edamos a Deus, mas n\u00e3o viv\u00edamos para Ele. Est\u00e1vamos em um casamento fracassado, com a fam\u00edlia desestruturada e perdida, filhos que n\u00e3o obedeciam aos pais, e essa doen\u00e7a batendo \u00e0 porta da nossa casa. Foi ent\u00e3o que, em um encontro de c\u00e9lula na casa de uma amiga, tivemos um encontro com o Senhor, e tudo come\u00e7ou a se transformar. A minha filha, aos poucos, foi se rendendo a Deus, at\u00e9 que, no leito do hospital, confessou Jesus\u201d.<\/p>\n<h3 class=\"wp-block-heading\">A RECONSTRU\u00c7\u00c3O<\/h3>\n<figure class=\"wp-block-image size-large wp-lightbox-container\" data-wp-context=\"{&quot;imageId&quot;:&quot;69cc33b3b2290&quot;}\" data-wp-interactive=\"core\/image\" data-wp-key=\"69cc33b3b2290\"><picture><source srcset=\"https:\/\/verbodavida.org.br\/wp-content\/webp-express\/webp-images\/uploads\/2026\/03\/Transformando-dor-em-proposito-atleta-conquistou-podios-15-1024x680.jpg.webp 1024w, https:\/\/verbodavida.org.br\/wp-content\/webp-express\/webp-images\/uploads\/2026\/03\/Transformando-dor-em-proposito-atleta-conquistou-podios-15-600x398.jpg.webp 600w, https:\/\/verbodavida.org.br\/wp-content\/webp-express\/webp-images\/uploads\/2026\/03\/Transformando-dor-em-proposito-atleta-conquistou-podios-15-768x510.jpg.webp 768w, https:\/\/verbodavida.org.br\/wp-content\/webp-express\/webp-images\/uploads\/2026\/03\/Transformando-dor-em-proposito-atleta-conquistou-podios-15-150x100.jpg.webp 150w, https:\/\/verbodavida.org.br\/wp-content\/webp-express\/webp-images\/uploads\/2026\/03\/Transformando-dor-em-proposito-atleta-conquistou-podios-15.jpg.webp 1280w\" type=\"image\/webp\" sizes=\"(max-width: 1024px) 100vw, 1024px\" \/><img decoding=\"async\" class=\"wp-image-777597 webpexpress-processed\" src=\"https:\/\/verbodavida.org.br\/wp-content\/uploads\/2026\/03\/Transformando-dor-em-proposito-atleta-conquistou-podios-15-1024x680.jpg\" sizes=\"(max-width: 1024px) 100vw, 1024px\" srcset=\"https:\/\/verbodavida.org.br\/wp-content\/uploads\/2026\/03\/Transformando-dor-em-proposito-atleta-conquistou-podios-15-1024x680.jpg 1024w, https:\/\/verbodavida.org.br\/wp-content\/uploads\/2026\/03\/Transformando-dor-em-proposito-atleta-conquistou-podios-15-600x398.jpg 600w, https:\/\/verbodavida.org.br\/wp-content\/uploads\/2026\/03\/Transformando-dor-em-proposito-atleta-conquistou-podios-15-768x510.jpg 768w, https:\/\/verbodavida.org.br\/wp-content\/uploads\/2026\/03\/Transformando-dor-em-proposito-atleta-conquistou-podios-15-150x100.jpg 150w, https:\/\/verbodavida.org.br\/wp-content\/uploads\/2026\/03\/Transformando-dor-em-proposito-atleta-conquistou-podios-15.jpg 1280w\" alt=\"Transformando dor em prop\u00f3sito, atleta conquistou p\u00f3dios\" width=\"1024\" height=\"680\" data-wp-class--hide=\"state.isContentHidden\" data-wp-class--show=\"state.isContentVisible\" data-wp-init=\"callbacks.setButtonStyles\" data-wp-on--click=\"actions.showLightbox\" data-wp-on--load=\"callbacks.setButtonStyles\" data-wp-on-window--resize=\"callbacks.setButtonStyles\" \/><\/picture><\/figure>\n<p>A partir dessa experi\u00eancia, Jussara relata que o amor entre m\u00e3e e filha foi sendo reconstru\u00eddo. Em paralelo ao tratamento de Larissa, a atleta come\u00e7ou a correr, enquanto acompanhava a batalha da filha em busca da cura. No entanto, em 2018, o luto se instalou, e Jussara se viu imersa em um turbilh\u00e3o de emo\u00e7\u00f5es e pensamentos caracter\u00edsticos de quem d\u00e1 um \u201cat\u00e9 logo\u201d a quem ama.<\/p>\n<p>\u201cPassamos dois anos lutando e acreditando na cura, mas, infelizmente, por causa do processo ser muito dif\u00edcil, a minha filha veio a falecer. A\u00ed come\u00e7ou a minha luta di\u00e1ria na mente e no esp\u00edrito. Foi muito dif\u00edcil para mim. Passei um m\u00eas depressiva, sem querer ver ningu\u00e9m nem sair de casa. Tudo que via me lembrava ela. Chorava de dia e de noite. Cheguei at\u00e9 a pensar em morrer, achando que iria encontr\u00e1-la. Eram muitas perguntas sem respostas. Mas, certo dia, o Senhor falou comigo no secreto. Eu me derramei aos Seus p\u00e9s, e Ele me mostrou que eu tinha um prop\u00f3sito para cumprir e que iria alcan\u00e7ar muitas pessoas\u201d, compartilhou.<\/p>\n<h3 class=\"wp-block-heading\">O RECOME\u00c7O<\/h3>\n<p><img decoding=\"async\" class=\"alignright\" src=\"https:\/\/verbodavida.org.br\/wp-content\/uploads\/2026\/03\/Transformando-dor-em-proposito-atleta-conquistou-podios-3-576x1024.jpg\" alt=\"Transformando dor em prop\u00f3sito, atleta conquistou p\u00f3dios\" width=\"315\" height=\"560\" \/>Mesmo em meio ao processo de luto, a atleta revela que voltou a servir na bandinha da Igreja Verbo da Vida Sede, em Campina Grande\u00a0(PB). Em seguida, retomou a pr\u00e1tica da corrida e passou a se reconhecer novamente. \u201cVoltei a correr e a ser quem eu era: uma mulher forte e resiliente\u201d.<\/p>\n<p>Em 2023, Jussara deu um passo ousado no esporte ao ingressar na assessoria de corrida Corre Mais. Como resultado dessa iniciativa, vieram as primeiras conquistas. \u201cOs treinos eram tr\u00eas vezes na semana, e, aos poucos, fui evoluindo e participando de corridas em busca de melhorar meu tempo. A primeira conquista veio em dezembro daquele ano, em uma corrida em Jo\u00e3o Pessoa (PB), na dist\u00e2ncia de 15 km. No ano seguinte, busquei me dedicar mais aos treinos, aperfei\u00e7oar a performance e consegui 13 vit\u00f3rias em diferentes dist\u00e2ncias: 3 km, 5 km, 8 km, 10 km e 21 km\u201d.<\/p>\n<p>Ap\u00f3s a primeira vit\u00f3ria em Jo\u00e3o Pessoa (PB), a atleta afirmou que sua perspectiva sobre a corrida mudou, e ela passou a planejar passos maiores. \u201cHoje me sinto mais forte e resiliente. Meu plano, em 2026, \u00e9 fazer uma maratona\u201d.<\/p>\n<p>Ela, no entanto, n\u00e3o est\u00e1 sozinha. Com seu constante desenvolvimento, Jussara incentivou a fam\u00edlia, que atualmente a acompanha nessa caminhada. \u201cHoje corremos juntos \u2014 esposo, filho, nora, neta, irm\u00e3os, sobrinho, cunhadas e cunhado\u201d, afirmou.<\/p>\n<p>Al\u00e9m disso, a atleta destacou que o esporte tem proporcionado oportunidades de pregar o Evangelho e alcan\u00e7ar pessoas, incluindo familiares. \u201cAlcancei minha nora, meu filho voltou para Cristo e muitas pessoas que correm comigo. Por onde eu passo, se tiver a oportunidade de falar do que Deus fez na minha vida e na minha fam\u00edlia nesse processo, eu falo\u201d.<\/p>\n<p>Ao refletir sobre os aprendizados com a corrida, ela foi assertiva ao afirmar que, independentemente dos desafios, \u00e9 preciso prosseguir. \u201cDesistir n\u00e3o \u00e9 uma prioridade. Temos que seguir, mesmo em meio \u00e0s circunst\u00e2ncias\u201d.<\/p>\n<p>Relembrando sua trajet\u00f3ria, Jussara Oliveira conclui que, assim como Deus ordenou coragem a Josu\u00e9, o crist\u00e3o precisa ser aguerrido, tendo a consci\u00eancia de que n\u00e3o est\u00e1 sozinho.<\/p>\n<p>Fonte: <a href=\"https:\/\/verbodavida.org.br\/\"><strong>verbodavida.org.br<\/strong><\/a><\/p>\n<\/div>\n","protected":false},"excerpt":{"rendered":"<p>O que come\u00e7ou como escape em meio a circunst\u00e2ncias, tornou-se uma trajet\u00f3ria de vit\u00f3rias para Jussara Oliveira. Jussara e sua filha, Larissa Oliveira Em meio a um momento desafiador, uma atitude mudou a hist\u00f3ria de Jussara Oliveira. Em 2016, sua filha, Larissa Oliveira, foi diagnosticada com c\u00e2ncer no seio. Ap\u00f3s receber alta, o tratamento precisou [&hellip;]<\/p>\n","protected":false},"author":2,"featured_media":5601,"comment_status":"closed","ping_status":"open","sticky":false,"template":"","format":"standard","meta":{"footnotes":""},"categories":[43],"tags":[],"class_list":["post-5600","post","type-post","status-publish","format-standard","has-post-thumbnail","hentry","category-destaques"],"yoast_head":"<!-- This site is optimized with the Yoast SEO plugin v26.8 - https:\/\/yoast.com\/product\/yoast-seo-wordpress\/ -->\n<title>Transformando dor em prop\u00f3sito, atleta conquistou p\u00f3dios - R\u00e1dio Porto Seguro<\/title>\n<meta name=\"robots\" content=\"index, follow, max-snippet:-1, max-image-preview:large, max-video-preview:-1\" \/>\n<link rel=\"canonical\" href=\"https:\/\/radioportoseguro.com.br\/site\/2026\/03\/31\/transformando-dor-em-proposito-atleta-conquistou-podios\/\" \/>\n<meta property=\"og:locale\" content=\"pt_BR\" \/>\n<meta property=\"og:type\" content=\"article\" \/>\n<meta property=\"og:title\" content=\"Transformando dor em prop\u00f3sito, atleta conquistou p\u00f3dios - R\u00e1dio Porto Seguro\" \/>\n<meta property=\"og:description\" content=\"O que come\u00e7ou como escape em meio a circunst\u00e2ncias, tornou-se uma trajet\u00f3ria de vit\u00f3rias para Jussara Oliveira. Jussara e sua filha, Larissa Oliveira Em meio a um momento desafiador, uma atitude mudou a hist\u00f3ria de Jussara Oliveira. Em 2016, sua filha, Larissa Oliveira, foi diagnosticada com c\u00e2ncer no seio. Ap\u00f3s receber alta, o tratamento precisou [&hellip;]\" \/>\n<meta property=\"og:url\" content=\"https:\/\/radioportoseguro.com.br\/site\/2026\/03\/31\/transformando-dor-em-proposito-atleta-conquistou-podios\/\" \/>\n<meta property=\"og:site_name\" content=\"R\u00e1dio Porto Seguro\" \/>\n<meta property=\"article:published_time\" content=\"2026-03-31T22:33:27+00:00\" \/>\n<meta property=\"article:modified_time\" content=\"2026-03-31T22:36:41+00:00\" \/>\n<meta property=\"og:image\" content=\"https:\/\/radioportoseguro.com.br\/site\/wp-content\/uploads\/2026\/03\/Jussara-Oliveira-Atleta.jpg\" \/>\n\t<meta property=\"og:image:width\" content=\"2048\" \/>\n\t<meta property=\"og:image:height\" content=\"1090\" \/>\n\t<meta property=\"og:image:type\" content=\"image\/jpeg\" \/>\n<meta name=\"author\" content=\"Leandro\" \/>\n<meta name=\"twitter:card\" content=\"summary_large_image\" \/>\n<meta name=\"twitter:label1\" content=\"Escrito por\" \/>\n\t<meta name=\"twitter:data1\" content=\"Leandro\" \/>\n\t<meta name=\"twitter:label2\" content=\"Est. tempo de leitura\" \/>\n\t<meta name=\"twitter:data2\" content=\"5 minutos\" \/>\n<script type=\"application\/ld+json\" class=\"yoast-schema-graph\">{\"@context\":\"https:\/\/schema.org\",\"@graph\":[{\"@type\":\"Article\",\"@id\":\"https:\/\/radioportoseguro.com.br\/site\/2026\/03\/31\/transformando-dor-em-proposito-atleta-conquistou-podios\/#article\",\"isPartOf\":{\"@id\":\"https:\/\/radioportoseguro.com.br\/site\/2026\/03\/31\/transformando-dor-em-proposito-atleta-conquistou-podios\/\"},\"author\":{\"name\":\"Leandro\",\"@id\":\"https:\/\/radioportoseguro.com.br\/site\/#\/schema\/person\/d1960d33baebee56275cbda6d8aef297\"},\"headline\":\"Transformando dor em prop\u00f3sito, atleta conquistou p\u00f3dios\",\"datePublished\":\"2026-03-31T22:33:27+00:00\",\"dateModified\":\"2026-03-31T22:36:41+00:00\",\"mainEntityOfPage\":{\"@id\":\"https:\/\/radioportoseguro.com.br\/site\/2026\/03\/31\/transformando-dor-em-proposito-atleta-conquistou-podios\/\"},\"wordCount\":805,\"image\":{\"@id\":\"https:\/\/radioportoseguro.com.br\/site\/2026\/03\/31\/transformando-dor-em-proposito-atleta-conquistou-podios\/#primaryimage\"},\"thumbnailUrl\":\"https:\/\/radioportoseguro.com.br\/site\/wp-content\/uploads\/2026\/03\/Jussara-Oliveira-Atleta.jpg\",\"articleSection\":[\"Destaques\"],\"inLanguage\":\"pt-BR\"},{\"@type\":\"WebPage\",\"@id\":\"https:\/\/radioportoseguro.com.br\/site\/2026\/03\/31\/transformando-dor-em-proposito-atleta-conquistou-podios\/\",\"url\":\"https:\/\/radioportoseguro.com.br\/site\/2026\/03\/31\/transformando-dor-em-proposito-atleta-conquistou-podios\/\",\"name\":\"Transformando dor em prop\u00f3sito, atleta conquistou p\u00f3dios - R\u00e1dio Porto Seguro\",\"isPartOf\":{\"@id\":\"https:\/\/radioportoseguro.com.br\/site\/#website\"},\"primaryImageOfPage\":{\"@id\":\"https:\/\/radioportoseguro.com.br\/site\/2026\/03\/31\/transformando-dor-em-proposito-atleta-conquistou-podios\/#primaryimage\"},\"image\":{\"@id\":\"https:\/\/radioportoseguro.com.br\/site\/2026\/03\/31\/transformando-dor-em-proposito-atleta-conquistou-podios\/#primaryimage\"},\"thumbnailUrl\":\"https:\/\/radioportoseguro.com.br\/site\/wp-content\/uploads\/2026\/03\/Jussara-Oliveira-Atleta.jpg\",\"datePublished\":\"2026-03-31T22:33:27+00:00\",\"dateModified\":\"2026-03-31T22:36:41+00:00\",\"author\":{\"@id\":\"https:\/\/radioportoseguro.com.br\/site\/#\/schema\/person\/d1960d33baebee56275cbda6d8aef297\"},\"breadcrumb\":{\"@id\":\"https:\/\/radioportoseguro.com.br\/site\/2026\/03\/31\/transformando-dor-em-proposito-atleta-conquistou-podios\/#breadcrumb\"},\"inLanguage\":\"pt-BR\",\"potentialAction\":[{\"@type\":\"ReadAction\",\"target\":[\"https:\/\/radioportoseguro.com.br\/site\/2026\/03\/31\/transformando-dor-em-proposito-atleta-conquistou-podios\/\"]}]},{\"@type\":\"ImageObject\",\"inLanguage\":\"pt-BR\",\"@id\":\"https:\/\/radioportoseguro.com.br\/site\/2026\/03\/31\/transformando-dor-em-proposito-atleta-conquistou-podios\/#primaryimage\",\"url\":\"https:\/\/radioportoseguro.com.br\/site\/wp-content\/uploads\/2026\/03\/Jussara-Oliveira-Atleta.jpg\",\"contentUrl\":\"https:\/\/radioportoseguro.com.br\/site\/wp-content\/uploads\/2026\/03\/Jussara-Oliveira-Atleta.jpg\",\"width\":2048,\"height\":1090},{\"@type\":\"BreadcrumbList\",\"@id\":\"https:\/\/radioportoseguro.com.br\/site\/2026\/03\/31\/transformando-dor-em-proposito-atleta-conquistou-podios\/#breadcrumb\",\"itemListElement\":[{\"@type\":\"ListItem\",\"position\":1,\"name\":\"In\u00edcio\",\"item\":\"https:\/\/radioportoseguro.com.br\/site\/\"},{\"@type\":\"ListItem\",\"position\":2,\"name\":\"Transformando dor em prop\u00f3sito, atleta conquistou p\u00f3dios\"}]},{\"@type\":\"WebSite\",\"@id\":\"https:\/\/radioportoseguro.com.br\/site\/#website\",\"url\":\"https:\/\/radioportoseguro.com.br\/site\/\",\"name\":\"R\u00e1dio Porto Seguro\",\"description\":\"\",\"potentialAction\":[{\"@type\":\"SearchAction\",\"target\":{\"@type\":\"EntryPoint\",\"urlTemplate\":\"https:\/\/radioportoseguro.com.br\/site\/?s={search_term_string}\"},\"query-input\":{\"@type\":\"PropertyValueSpecification\",\"valueRequired\":true,\"valueName\":\"search_term_string\"}}],\"inLanguage\":\"pt-BR\"},{\"@type\":\"Person\",\"@id\":\"https:\/\/radioportoseguro.com.br\/site\/#\/schema\/person\/d1960d33baebee56275cbda6d8aef297\",\"name\":\"Leandro\",\"image\":{\"@type\":\"ImageObject\",\"inLanguage\":\"pt-BR\",\"@id\":\"https:\/\/radioportoseguro.com.br\/site\/#\/schema\/person\/image\/\",\"url\":\"https:\/\/secure.gravatar.com\/avatar\/ef93c9092aa97a95069df7b16c09c8dbc33c82d44a4f084e05b8f74f7ee2dd04?s=96&d=mm&r=g\",\"contentUrl\":\"https:\/\/secure.gravatar.com\/avatar\/ef93c9092aa97a95069df7b16c09c8dbc33c82d44a4f084e05b8f74f7ee2dd04?s=96&d=mm&r=g\",\"caption\":\"Leandro\"},\"url\":\"https:\/\/radioportoseguro.com.br\/site\/author\/leandro\/\"}]}<\/script>\n<!-- \/ Yoast SEO plugin. -->","yoast_head_json":{"title":"Transformando dor em prop\u00f3sito, atleta conquistou p\u00f3dios - R\u00e1dio Porto Seguro","robots":{"index":"index","follow":"follow","max-snippet":"max-snippet:-1","max-image-preview":"max-image-preview:large","max-video-preview":"max-video-preview:-1"},"canonical":"https:\/\/radioportoseguro.com.br\/site\/2026\/03\/31\/transformando-dor-em-proposito-atleta-conquistou-podios\/","og_locale":"pt_BR","og_type":"article","og_title":"Transformando dor em prop\u00f3sito, atleta conquistou p\u00f3dios - R\u00e1dio Porto Seguro","og_description":"O que come\u00e7ou como escape em meio a circunst\u00e2ncias, tornou-se uma trajet\u00f3ria de vit\u00f3rias para Jussara Oliveira. Jussara e sua filha, Larissa Oliveira Em meio a um momento desafiador, uma atitude mudou a hist\u00f3ria de Jussara Oliveira. Em 2016, sua filha, Larissa Oliveira, foi diagnosticada com c\u00e2ncer no seio. Ap\u00f3s receber alta, o tratamento precisou [&hellip;]","og_url":"https:\/\/radioportoseguro.com.br\/site\/2026\/03\/31\/transformando-dor-em-proposito-atleta-conquistou-podios\/","og_site_name":"R\u00e1dio Porto Seguro","article_published_time":"2026-03-31T22:33:27+00:00","article_modified_time":"2026-03-31T22:36:41+00:00","og_image":[{"width":2048,"height":1090,"url":"https:\/\/radioportoseguro.com.br\/site\/wp-content\/uploads\/2026\/03\/Jussara-Oliveira-Atleta.jpg","type":"image\/jpeg"}],"author":"Leandro","twitter_card":"summary_large_image","twitter_misc":{"Escrito por":"Leandro","Est. tempo de leitura":"5 minutos"},"schema":{"@context":"https:\/\/schema.org","@graph":[{"@type":"Article","@id":"https:\/\/radioportoseguro.com.br\/site\/2026\/03\/31\/transformando-dor-em-proposito-atleta-conquistou-podios\/#article","isPartOf":{"@id":"https:\/\/radioportoseguro.com.br\/site\/2026\/03\/31\/transformando-dor-em-proposito-atleta-conquistou-podios\/"},"author":{"name":"Leandro","@id":"https:\/\/radioportoseguro.com.br\/site\/#\/schema\/person\/d1960d33baebee56275cbda6d8aef297"},"headline":"Transformando dor em prop\u00f3sito, atleta conquistou p\u00f3dios","datePublished":"2026-03-31T22:33:27+00:00","dateModified":"2026-03-31T22:36:41+00:00","mainEntityOfPage":{"@id":"https:\/\/radioportoseguro.com.br\/site\/2026\/03\/31\/transformando-dor-em-proposito-atleta-conquistou-podios\/"},"wordCount":805,"image":{"@id":"https:\/\/radioportoseguro.com.br\/site\/2026\/03\/31\/transformando-dor-em-proposito-atleta-conquistou-podios\/#primaryimage"},"thumbnailUrl":"https:\/\/radioportoseguro.com.br\/site\/wp-content\/uploads\/2026\/03\/Jussara-Oliveira-Atleta.jpg","articleSection":["Destaques"],"inLanguage":"pt-BR"},{"@type":"WebPage","@id":"https:\/\/radioportoseguro.com.br\/site\/2026\/03\/31\/transformando-dor-em-proposito-atleta-conquistou-podios\/","url":"https:\/\/radioportoseguro.com.br\/site\/2026\/03\/31\/transformando-dor-em-proposito-atleta-conquistou-podios\/","name":"Transformando dor em prop\u00f3sito, atleta conquistou p\u00f3dios - R\u00e1dio Porto Seguro","isPartOf":{"@id":"https:\/\/radioportoseguro.com.br\/site\/#website"},"primaryImageOfPage":{"@id":"https:\/\/radioportoseguro.com.br\/site\/2026\/03\/31\/transformando-dor-em-proposito-atleta-conquistou-podios\/#primaryimage"},"image":{"@id":"https:\/\/radioportoseguro.com.br\/site\/2026\/03\/31\/transformando-dor-em-proposito-atleta-conquistou-podios\/#primaryimage"},"thumbnailUrl":"https:\/\/radioportoseguro.com.br\/site\/wp-content\/uploads\/2026\/03\/Jussara-Oliveira-Atleta.jpg","datePublished":"2026-03-31T22:33:27+00:00","dateModified":"2026-03-31T22:36:41+00:00","author":{"@id":"https:\/\/radioportoseguro.com.br\/site\/#\/schema\/person\/d1960d33baebee56275cbda6d8aef297"},"breadcrumb":{"@id":"https:\/\/radioportoseguro.com.br\/site\/2026\/03\/31\/transformando-dor-em-proposito-atleta-conquistou-podios\/#breadcrumb"},"inLanguage":"pt-BR","potentialAction":[{"@type":"ReadAction","target":["https:\/\/radioportoseguro.com.br\/site\/2026\/03\/31\/transformando-dor-em-proposito-atleta-conquistou-podios\/"]}]},{"@type":"ImageObject","inLanguage":"pt-BR","@id":"https:\/\/radioportoseguro.com.br\/site\/2026\/03\/31\/transformando-dor-em-proposito-atleta-conquistou-podios\/#primaryimage","url":"https:\/\/radioportoseguro.com.br\/site\/wp-content\/uploads\/2026\/03\/Jussara-Oliveira-Atleta.jpg","contentUrl":"https:\/\/radioportoseguro.com.br\/site\/wp-content\/uploads\/2026\/03\/Jussara-Oliveira-Atleta.jpg","width":2048,"height":1090},{"@type":"BreadcrumbList","@id":"https:\/\/radioportoseguro.com.br\/site\/2026\/03\/31\/transformando-dor-em-proposito-atleta-conquistou-podios\/#breadcrumb","itemListElement":[{"@type":"ListItem","position":1,"name":"In\u00edcio","item":"https:\/\/radioportoseguro.com.br\/site\/"},{"@type":"ListItem","position":2,"name":"Transformando dor em prop\u00f3sito, atleta conquistou p\u00f3dios"}]},{"@type":"WebSite","@id":"https:\/\/radioportoseguro.com.br\/site\/#website","url":"https:\/\/radioportoseguro.com.br\/site\/","name":"R\u00e1dio Porto Seguro","description":"","potentialAction":[{"@type":"SearchAction","target":{"@type":"EntryPoint","urlTemplate":"https:\/\/radioportoseguro.com.br\/site\/?s={search_term_string}"},"query-input":{"@type":"PropertyValueSpecification","valueRequired":true,"valueName":"search_term_string"}}],"inLanguage":"pt-BR"},{"@type":"Person","@id":"https:\/\/radioportoseguro.com.br\/site\/#\/schema\/person\/d1960d33baebee56275cbda6d8aef297","name":"Leandro","image":{"@type":"ImageObject","inLanguage":"pt-BR","@id":"https:\/\/radioportoseguro.com.br\/site\/#\/schema\/person\/image\/","url":"https:\/\/secure.gravatar.com\/avatar\/ef93c9092aa97a95069df7b16c09c8dbc33c82d44a4f084e05b8f74f7ee2dd04?s=96&d=mm&r=g","contentUrl":"https:\/\/secure.gravatar.com\/avatar\/ef93c9092aa97a95069df7b16c09c8dbc33c82d44a4f084e05b8f74f7ee2dd04?s=96&d=mm&r=g","caption":"Leandro"},"url":"https:\/\/radioportoseguro.com.br\/site\/author\/leandro\/"}]}},"_links":{"self":[{"href":"https:\/\/radioportoseguro.com.br\/site\/wp-json\/wp\/v2\/posts\/5600","targetHints":{"allow":["GET"]}}],"collection":[{"href":"https:\/\/radioportoseguro.com.br\/site\/wp-json\/wp\/v2\/posts"}],"about":[{"href":"https:\/\/radioportoseguro.com.br\/site\/wp-json\/wp\/v2\/types\/post"}],"author":[{"embeddable":true,"href":"https:\/\/radioportoseguro.com.br\/site\/wp-json\/wp\/v2\/users\/2"}],"replies":[{"embeddable":true,"href":"https:\/\/radioportoseguro.com.br\/site\/wp-json\/wp\/v2\/comments?post=5600"}],"version-history":[{"count":4,"href":"https:\/\/radioportoseguro.com.br\/site\/wp-json\/wp\/v2\/posts\/5600\/revisions"}],"predecessor-version":[{"id":5605,"href":"https:\/\/radioportoseguro.com.br\/site\/wp-json\/wp\/v2\/posts\/5600\/revisions\/5605"}],"wp:featuredmedia":[{"embeddable":true,"href":"https:\/\/radioportoseguro.com.br\/site\/wp-json\/wp\/v2\/media\/5601"}],"wp:attachment":[{"href":"https:\/\/radioportoseguro.com.br\/site\/wp-json\/wp\/v2\/media?parent=5600"}],"wp:term":[{"taxonomy":"category","embeddable":true,"href":"https:\/\/radioportoseguro.com.br\/site\/wp-json\/wp\/v2\/categories?post=5600"},{"taxonomy":"post_tag","embeddable":true,"href":"https:\/\/radioportoseguro.com.br\/site\/wp-json\/wp\/v2\/tags?post=5600"}],"curies":[{"name":"wp","href":"https:\/\/api.w.org\/{rel}","templated":true}]}}