{"id":5618,"date":"2026-04-01T02:00:12","date_gmt":"2026-04-01T05:00:12","guid":{"rendered":"https:\/\/radioportoseguro.com.br\/site\/2026\/04\/01\/o-poder-do-perdao-da-condenacao-a-graca-transformadora\/"},"modified":"2026-04-01T02:00:12","modified_gmt":"2026-04-01T05:00:12","slug":"o-poder-do-perdao-da-condenacao-a-graca-transformadora","status":"publish","type":"post","link":"https:\/\/radioportoseguro.com.br\/site\/2026\/04\/01\/o-poder-do-perdao-da-condenacao-a-graca-transformadora\/","title":{"rendered":"O poder do perd\u00e3o: Da condena\u00e7\u00e3o \u00e0 gra\u00e7a transformadora"},"content":{"rendered":"<p><br \/>\n<br \/><\/p>\n<div>\n<p><span style=\"font-weight: 400;\">Ela foi arrastada publicamente, no auge da sua vergonha, para o centro de uma multid\u00e3o furiosa. Acusada, exposta, condenada pela lei e pelos homens, com pedras nas m\u00e3os para o seu fim. N\u00e3o h\u00e1 defesa, n\u00e3o h\u00e1 esperan\u00e7a, apenas a certeza de uma morte iminente.\u00a0<\/span><\/p>\n<p><span style=\"font-weight: 400;\">Mas, em meio a essa cena de \u00f3dio e julgamento, uma voz inesperada se levanta, n\u00e3o para condenar, mas para perdoar. Uma atitude de compaix\u00e3o que desarma os acusadores e oferece uma chance de recome\u00e7o, uma vida nova.\u00a0<\/span><\/p>\n<p><span style=\"font-weight: 400;\">A Mulher Ad\u00faltera, em seu momento de maior humilha\u00e7\u00e3o, experimentou o poder incondicional do perd\u00e3o e da gra\u00e7a divina e nos ensinou sobre o perd\u00e3o que liberta e transforma!<\/span><\/p>\n<p><strong>A Mulher Ad\u00faltera (da B\u00edblia) e a mulher deste s\u00e9culo<\/strong><\/p>\n<p><span style=\"font-weight: 400;\">Quantas de n\u00f3s, em algum momento, j\u00e1 nos sentimos expostas, julgadas, ou carregando o peso de um erro? Seja um pecado p\u00fablico, uma falha que parece nos desqualificar, ou o julgamento implac\u00e1vel da sociedade (e at\u00e9 da nossa pr\u00f3pria consci\u00eancia), a condena\u00e7\u00e3o pode ser um fardo esmagador.\u00a0<\/span><\/p>\n<p><span style=\"font-weight: 400;\">As redes sociais e a cultura do cancelamento amplificam o julgamento, tornando dif\u00edcil a cren\u00e7a em uma segunda chance ou na possibilidade de reden\u00e7\u00e3o. Mas a Mulher Ad\u00faltera nos ensina sobre a singularidade da gra\u00e7a de Jesus.\u00a0<\/span><\/p>\n<p><span style=\"font-weight: 400;\">Sua vida \u00e9 um poderoso lembrete de que, n\u00e3o importa a gravidade do pecado ou a intensidade da condena\u00e7\u00e3o humana, Jesus oferece perd\u00e3o incondicional, um perd\u00e3o que n\u00e3o apenas liberta da culpa, mas que capacita para uma nova vida sem o dom\u00ednio do pecado. Ela \u00e9 a prova de que o amor e o perd\u00e3o de Jesus s\u00e3o maiores que qualquer erro e que qualquer julgamento. \u00c9 hora de despertar a mulher perdoada e livre que existe em cada uma de n\u00f3s!<\/span><\/p>\n<p><strong>Quem foi a Mulher Ad\u00faltera?<\/strong><span style=\"font-weight: 400;\">\u00a0<\/span><\/p>\n<p><span style=\"font-weight: 400;\">Sua hist\u00f3ria est\u00e1 registrada em Jo\u00e3o 8.1-11. Ela foi pega em flagrante adult\u00e9rio pelos escribas e fariseus, que a trouxeram a Jesus no templo, buscando uma forma de acus\u00e1-Lo. De acordo com a Lei de Mois\u00e9s, o adult\u00e9rio era pun\u00edvel com a morte por apedrejamento.\u00a0<\/span><\/p>\n<p><span style=\"font-weight: 400;\">Os acusadores queriam for\u00e7ar Jesus a tomar uma posi\u00e7\u00e3o: se Ele a perdoasse, iria contrariar a Lei; se a condenasse, n\u00e3o seria o Messias de amor. Jesus, em vez de responder diretamente, inclinou-se e come\u00e7ou a escrever no ch\u00e3o com o dedo. Quando insistiram, Ele disse: &#8220;Aquele que dentre v\u00f3s est\u00e1 sem pecado seja o primeiro a atirar uma pedra nela.&#8221;\u00a0<\/span><\/p>\n<p><span style=\"font-weight: 400;\">Ele voltou a escrever no ch\u00e3o, e os acusadores, um a um, foram embora, come\u00e7ando pelos mais velhos. Ao final, apenas Jesus e a mulher permaneceram. Jesus, ent\u00e3o, perguntou-lhe se ningu\u00e9m a havia condenado e, ao ouvir que n\u00e3o, disse: &#8220;Nem eu te condeno; v\u00e1 e n\u00e3o peques mais.&#8221;<\/span><\/p>\n<p><strong>Pontos fortes e fracos da Mulher Ad\u00faltera<\/strong><span style=\"font-weight: 400;\">\u00a0<\/span><\/p>\n<p style=\"padding-left: 30px;\"><strong>Fortes:<\/strong><span style=\"font-weight: 400;\"> Embora a B\u00edblia n\u00e3o detalhe tra\u00e7os de car\u00e1ter positivos antes do encontro com Jesus, sua atitude de permanecer diante Dele (mesmo ap\u00f3s os acusadores sa\u00edrem) pode indicar um desejo de salva\u00e7\u00e3o ou um reconhecimento da autoridade de Jesus. Sua hist\u00f3ria \u00e9 um testemunho da gra\u00e7a que transforma fraquezas em for\u00e7a.<\/span><\/p>\n<p style=\"padding-left: 30px;\"><strong>Fraquezas:<\/strong><span style=\"font-weight: 400;\"> A mais \u00f3bvia era o pecado de adult\u00e9rio, que a colocava sob condena\u00e7\u00e3o. A vergonha p\u00fablica e o desespero de sua situa\u00e7\u00e3o tamb\u00e9m a mostram em um estado de vulnerabilidade extrema.<\/span><\/p>\n<p><strong>Contexto e curiosidades<\/strong><span style=\"font-weight: 400;\">\u00a0<\/span><\/p>\n<p><span style=\"font-weight: 400;\">O ato dos escribas e fariseus foi uma armadilha, uma forma de testar Jesus. Eles s\u00f3 trouxeram a mulher, e n\u00e3o o homem, demonstrando sua hipocrisia e seu desrespeito pela lei. A Lei de Mois\u00e9s exigia a morte de ambos os ad\u00falteros (Lev\u00edtico 20.10; Deuteron\u00f4mio 22.22).\u00a0<\/span><\/p>\n<p><span style=\"font-weight: 400;\">O ato de Jesus escrever no ch\u00e3o \u00e9 misterioso e tem sido objeto de muitas interpreta\u00e7\u00f5es (alguns sugerem que Ele escreveu os pecados dos acusadores, outros que Ele estava apenas ganhando tempo ou refletindo).\u00a0<\/span><\/p>\n<p><span style=\"font-weight: 400;\">Sua resposta &#8220;quem de voc\u00eas estiver sem pecado&#8230;&#8221; desmascarou a hipocrisia e revelou a impossibilidade humana de julgar sem falhas. A frase &#8220;Nem eu te condeno; v\u00e1 e n\u00e3o peques mais&#8221; \u00e9 o cerne do Evangelho: perd\u00e3o sem condena\u00e7\u00e3o, mas com um chamado \u00e0 transforma\u00e7\u00e3o e a uma nova vida. Jesus n\u00e3o minimizou o pecado, mas ofereceu gra\u00e7a.<\/span><\/p>\n<p><strong>Perd\u00e3o e novo come\u00e7o<\/strong><span style=\"font-weight: 400;\">\u00a0<\/span><\/p>\n<p style=\"padding-left: 30px;\"><strong>PERD\u00c3O<\/strong><span style=\"font-weight: 400;\"> \u00e9 o ato de liberar algu\u00e9m (ou a si mesmo) da culpa, da d\u00edvida ou da condena\u00e7\u00e3o, renunciando ao ressentimento e \u00e0 retribui\u00e7\u00e3o. Na perspectiva divina, o perd\u00e3o de Deus remove a mancha do pecado, nos reconcilia com Ele e nos liberta da condena\u00e7\u00e3o eterna.\u00a0<\/span><\/p>\n<p style=\"padding-left: 30px;\"><strong>NOVO COME\u00c7O<\/strong><span style=\"font-weight: 400;\"> \u00e9 a oportunidade de reiniciar a vida ap\u00f3s o perd\u00e3o, com uma nova identidade em Cristo e uma nova dire\u00e7\u00e3o. \u00c9 viver sem o peso do passado, capacitado pela gra\u00e7a para trilhar um caminho de retid\u00e3o e prop\u00f3sito.<\/span><\/p>\n<p style=\"text-align: center;\"><strong>Jo\u00e3o 8.11 (NVI): Nem eu te condeno, disse Jesus. V\u00e1, e de agora em diante n\u00e3o peques mais.<\/strong><\/p>\n<p><span style=\"font-weight: 400;\">Esta passagem oferece a solu\u00e7\u00e3o divina para a condena\u00e7\u00e3o do pecado. Ela nos ensina que Jesus, o \u00fanico que tinha o direito de condenar, escolhe perdoar e oferecer uma chance de recome\u00e7o, habilitando a pessoa a viver uma nova vida, livre do dom\u00ednio do pecado.<\/span><\/p>\n<p><strong>Li\u00e7\u00f5es que aprendemos com a Mulher Perdoada<\/strong><\/p>\n<p style=\"padding-left: 30px;\"><strong>A gra\u00e7a de Jesus \u00e9 maior que qualquer pecado:<\/strong><span style=\"font-weight: 400;\"> N\u00e3o importa a gravidade do seu erro ou o julgamento dos outros, o perd\u00e3o de Jesus \u00e9 suficiente e completo.<\/span><\/p>\n<p style=\"padding-left: 30px;\"><strong>Jesus n\u00e3o condena, mas oferece nova chance:<\/strong><span style=\"font-weight: 400;\"> Ele n\u00e3o minimiza o pecado, mas sua prioridade \u00e9 o perd\u00e3o e a restaura\u00e7\u00e3o, n\u00e3o a condena\u00e7\u00e3o. Voc\u00ea n\u00e3o precisa viver sob o peso da culpa.<\/span><\/p>\n<p style=\"padding-left: 30px;\"><strong>Cuidado com o julgamento e a hipocrisia:<\/strong><span style=\"font-weight: 400;\"> A hist\u00f3ria revela a hipocrisia dos acusadores. Examine seu pr\u00f3prio cora\u00e7\u00e3o para n\u00e3o ser r\u00e1pida em julgar e condenar os outros.<\/span><\/p>\n<p style=\"padding-left: 30px;\"><strong>O perd\u00e3o liberta para uma nova vida:<\/strong><span style=\"font-weight: 400;\"> A mulher foi instru\u00edda a &#8220;n\u00e3o pecar mais&#8221;. O perd\u00e3o de Jesus n\u00e3o \u00e9 licen\u00e7a para o pecado, mas poder para viver em novidade de vida.<\/span><\/p>\n<p style=\"padding-left: 30px;\"><strong>Sua experi\u00eancia de perd\u00e3o pode ser um testemunho poderoso:<\/strong><span style=\"font-weight: 400;\"> Embora a B\u00edblia n\u00e3o registre o futuro dela, sua hist\u00f3ria \u00e9 um testemunho eterno do amor e da gra\u00e7a de Jesus. Deixe sua vida perdoada brilhar.<\/span><\/p>\n<p><strong>Aplica\u00e7\u00e3o pr\u00e1tica<\/strong><span style=\"font-weight: 400;\">\u00a0<\/span><\/p>\n<p><span style=\"font-weight: 400;\">Se o peso do pecado, da culpa, da vergonha ou do julgamento tem tentado mant\u00ea-la presa, a hist\u00f3ria da Mulher Ad\u00faltera \u00e9 a sua hist\u00f3ria de liberta\u00e7\u00e3o! Venha a Jesus, o \u00danico que pode perdoar verdadeiramente. Entregue a Ele o seu passado, creia em Sua gra\u00e7a e aceite a Sua Palavra: &#8220;Nem eu te condeno; v\u00e1 e n\u00e3o peques mais.&#8221; Abrace seu novo come\u00e7o e viva a liberdade que s\u00f3 o perd\u00e3o de Cristo pode dar!<\/span><\/p>\n<p><strong>Desafio da semana<\/strong><span style=\"font-weight: 400;\">\u00a0<\/span><\/p>\n<p><span style=\"font-weight: 400;\">Identifique um <\/span><strong>pecado ou erro do passado<\/strong><span style=\"font-weight: 400;\"> (seu ou de algu\u00e9m que te feriu) que voc\u00ea ainda carrega o peso da culpa, da vergonha ou da falta de perd\u00e3o. Durante esta semana, todos os dias, leia e medite em <\/span><strong>Jo\u00e3o 8.11<\/strong><span style=\"font-weight: 400;\">. Escreva em um peda\u00e7o pequeno de papel esse pecado ou fardo. Em um momento de ora\u00e7\u00e3o, visualize Jesus diante de voc\u00ea, como Ele estava diante da mulher. Declare em voz alta: &#8220;Jesus, eu creio no Teu perd\u00e3o. Tu n\u00e3o me condenas.&#8221; E, simbolicamente, rasgue ou queime o papel, liberando esse fardo. Pe\u00e7a a Jesus a for\u00e7a para &#8220;n\u00e3o pecar mais&#8221; nessa \u00e1rea.<\/span><\/p>\n<p><strong>Pr\u00f3ximo estudo<\/strong><\/p>\n<p><span style=\"font-weight: 400;\">Vamos mergulhar na vida de uma mulher que, longe de Jerusal\u00e9m, encontrou um prop\u00f3sito em um novo continente. Ela nos ensinar\u00e1 sobre a sensibilidade ao chamado divino, a import\u00e2ncia da abertura do cora\u00e7\u00e3o para a Palavra e como Ele usa as mulheres em diferentes contextos para o avan\u00e7o do Seu Reino. Quer descobrir como a f\u00e9 de uma empres\u00e1ria pode abrir portas para o Evangelho e para a comunh\u00e3o? Continue seguindo a S\u00e9rie Aprendendo com as Mulheres da B\u00edblia.\u00a0<\/span><\/p>\n<p><span style=\"font-weight: 400;\">Espero ter tirado sua d\u00favida e tamb\u00e9m colaborado para seu crescimento espiritual. Beijo no cora\u00e7\u00e3o e at\u00e9 a pr\u00f3xima, se Deus quiser!<\/span><\/p>\n<p>\u00a0<\/p>\n<p><span style=\"font-weight: 400;\">Por <\/span><span style=\"color: #800000;\"><strong>Cris Beloni<\/strong><\/span><span style=\"font-weight: 400;\">, jornalista crist\u00e3, pesquisadora e escritora. Lidera o <\/span><span style=\"color: #800000;\"><strong>movimento B\u00edblia Investigada<\/strong><\/span> <span style=\"font-weight: 400;\">e ajuda as pessoas no entendimento b\u00edblico, na organiza\u00e7\u00e3o de ideias e na <\/span><strong><span style=\"color: #800000;\">ativa\u00e7\u00e3o de seus dons<\/span><\/strong><span style=\"font-weight: 400;\">.<\/span><span style=\"font-weight: 400;\"> Trabalha com miss\u00f5es transculturais, Igreja Perseguida, teorias cient\u00edficas, escatologia e an\u00e1lise de textos b\u00edblicos.<\/span><\/p>\n<p><em><span style=\"font-weight: 400;\">*O conte\u00fado do texto acima \u00e9 de colabora\u00e7\u00e3o volunt\u00e1ria, seu teor \u00e9 de total responsabilidade do autor e n\u00e3o reflete necessariamente a opini\u00e3o do Portal Guiame.<\/span><\/em><\/p>\n<p><span style=\"font-weight: 400;\">Leia o artigo anterior: <\/span><span style=\"color: #800000;\"><strong>3 Jo\u00e3o em 1 minuto<\/strong><\/span><\/p>\n<\/div>\n<p><script async src=\"\/\/www.instagram.com\/embed.js\"><\/script><br \/>\n<br \/><br \/>\n<br \/>Fonte: Guiame <\/p>\n","protected":false},"excerpt":{"rendered":"<p>Ela foi arrastada publicamente, no auge da sua vergonha, para o centro de uma multid\u00e3o furiosa. Acusada, exposta, condenada pela lei e pelos homens, com pedras nas m\u00e3os para o seu fim. N\u00e3o h\u00e1 defesa, n\u00e3o h\u00e1 esperan\u00e7a, apenas a certeza de uma morte iminente.\u00a0 Mas, em meio a essa cena de \u00f3dio e julgamento, [&hellip;]<\/p>\n","protected":false},"author":1,"featured_media":5619,"comment_status":"","ping_status":"open","sticky":false,"template":"","format":"standard","meta":{"footnotes":""},"categories":[43],"tags":[],"class_list":["post-5618","post","type-post","status-publish","format-standard","has-post-thumbnail","hentry","category-destaques"],"yoast_head":"<!-- This site is optimized with the Yoast SEO plugin v26.8 - https:\/\/yoast.com\/product\/yoast-seo-wordpress\/ -->\n<title>O poder do perd\u00e3o: Da condena\u00e7\u00e3o \u00e0 gra\u00e7a transformadora - R\u00e1dio Porto Seguro<\/title>\n<meta name=\"robots\" content=\"index, follow, max-snippet:-1, max-image-preview:large, max-video-preview:-1\" \/>\n<link rel=\"canonical\" href=\"https:\/\/radioportoseguro.com.br\/site\/2026\/04\/01\/o-poder-do-perdao-da-condenacao-a-graca-transformadora\/\" \/>\n<meta property=\"og:locale\" content=\"pt_BR\" \/>\n<meta property=\"og:type\" content=\"article\" \/>\n<meta property=\"og:title\" content=\"O poder do perd\u00e3o: Da condena\u00e7\u00e3o \u00e0 gra\u00e7a transformadora - R\u00e1dio Porto Seguro\" \/>\n<meta property=\"og:description\" content=\"Ela foi arrastada publicamente, no auge da sua vergonha, para o centro de uma multid\u00e3o furiosa. Acusada, exposta, condenada pela lei e pelos homens, com pedras nas m\u00e3os para o seu fim. N\u00e3o h\u00e1 defesa, n\u00e3o h\u00e1 esperan\u00e7a, apenas a certeza de uma morte iminente.\u00a0 Mas, em meio a essa cena de \u00f3dio e julgamento, [&hellip;]\" \/>\n<meta property=\"og:url\" content=\"https:\/\/radioportoseguro.com.br\/site\/2026\/04\/01\/o-poder-do-perdao-da-condenacao-a-graca-transformadora\/\" \/>\n<meta property=\"og:site_name\" content=\"R\u00e1dio Porto Seguro\" \/>\n<meta property=\"article:published_time\" content=\"2026-04-01T05:00:12+00:00\" \/>\n<meta property=\"og:image\" content=\"https:\/\/media.guiame.com.br\/archives\/2026\/03\/30\/677760423-mulher-choro.png\" \/>\n<meta name=\"author\" content=\"admin\" \/>\n<meta name=\"twitter:card\" content=\"summary_large_image\" \/>\n<meta name=\"twitter:label1\" content=\"Escrito por\" \/>\n\t<meta name=\"twitter:data1\" content=\"admin\" \/>\n\t<meta name=\"twitter:label2\" content=\"Est. tempo de leitura\" \/>\n\t<meta name=\"twitter:data2\" content=\"8 minutos\" \/>\n<script type=\"application\/ld+json\" class=\"yoast-schema-graph\">{\"@context\":\"https:\/\/schema.org\",\"@graph\":[{\"@type\":\"Article\",\"@id\":\"https:\/\/radioportoseguro.com.br\/site\/2026\/04\/01\/o-poder-do-perdao-da-condenacao-a-graca-transformadora\/#article\",\"isPartOf\":{\"@id\":\"https:\/\/radioportoseguro.com.br\/site\/2026\/04\/01\/o-poder-do-perdao-da-condenacao-a-graca-transformadora\/\"},\"author\":{\"name\":\"admin\",\"@id\":\"https:\/\/radioportoseguro.com.br\/site\/#\/schema\/person\/7630acdc320186f13639d3c067ec089b\"},\"headline\":\"O poder do perd\u00e3o: Da condena\u00e7\u00e3o \u00e0 gra\u00e7a transformadora\",\"datePublished\":\"2026-04-01T05:00:12+00:00\",\"mainEntityOfPage\":{\"@id\":\"https:\/\/radioportoseguro.com.br\/site\/2026\/04\/01\/o-poder-do-perdao-da-condenacao-a-graca-transformadora\/\"},\"wordCount\":1538,\"image\":{\"@id\":\"https:\/\/radioportoseguro.com.br\/site\/2026\/04\/01\/o-poder-do-perdao-da-condenacao-a-graca-transformadora\/#primaryimage\"},\"thumbnailUrl\":\"https:\/\/radioportoseguro.com.br\/site\/wp-content\/uploads\/2026\/04\/677760423-mulher-choro.png\",\"articleSection\":[\"Destaques\"],\"inLanguage\":\"pt-BR\"},{\"@type\":\"WebPage\",\"@id\":\"https:\/\/radioportoseguro.com.br\/site\/2026\/04\/01\/o-poder-do-perdao-da-condenacao-a-graca-transformadora\/\",\"url\":\"https:\/\/radioportoseguro.com.br\/site\/2026\/04\/01\/o-poder-do-perdao-da-condenacao-a-graca-transformadora\/\",\"name\":\"O poder do perd\u00e3o: Da condena\u00e7\u00e3o \u00e0 gra\u00e7a transformadora - R\u00e1dio Porto Seguro\",\"isPartOf\":{\"@id\":\"https:\/\/radioportoseguro.com.br\/site\/#website\"},\"primaryImageOfPage\":{\"@id\":\"https:\/\/radioportoseguro.com.br\/site\/2026\/04\/01\/o-poder-do-perdao-da-condenacao-a-graca-transformadora\/#primaryimage\"},\"image\":{\"@id\":\"https:\/\/radioportoseguro.com.br\/site\/2026\/04\/01\/o-poder-do-perdao-da-condenacao-a-graca-transformadora\/#primaryimage\"},\"thumbnailUrl\":\"https:\/\/radioportoseguro.com.br\/site\/wp-content\/uploads\/2026\/04\/677760423-mulher-choro.png\",\"datePublished\":\"2026-04-01T05:00:12+00:00\",\"author\":{\"@id\":\"https:\/\/radioportoseguro.com.br\/site\/#\/schema\/person\/7630acdc320186f13639d3c067ec089b\"},\"breadcrumb\":{\"@id\":\"https:\/\/radioportoseguro.com.br\/site\/2026\/04\/01\/o-poder-do-perdao-da-condenacao-a-graca-transformadora\/#breadcrumb\"},\"inLanguage\":\"pt-BR\",\"potentialAction\":[{\"@type\":\"ReadAction\",\"target\":[\"https:\/\/radioportoseguro.com.br\/site\/2026\/04\/01\/o-poder-do-perdao-da-condenacao-a-graca-transformadora\/\"]}]},{\"@type\":\"ImageObject\",\"inLanguage\":\"pt-BR\",\"@id\":\"https:\/\/radioportoseguro.com.br\/site\/2026\/04\/01\/o-poder-do-perdao-da-condenacao-a-graca-transformadora\/#primaryimage\",\"url\":\"https:\/\/radioportoseguro.com.br\/site\/wp-content\/uploads\/2026\/04\/677760423-mulher-choro.png\",\"contentUrl\":\"https:\/\/radioportoseguro.com.br\/site\/wp-content\/uploads\/2026\/04\/677760423-mulher-choro.png\",\"width\":1200,\"height\":600},{\"@type\":\"BreadcrumbList\",\"@id\":\"https:\/\/radioportoseguro.com.br\/site\/2026\/04\/01\/o-poder-do-perdao-da-condenacao-a-graca-transformadora\/#breadcrumb\",\"itemListElement\":[{\"@type\":\"ListItem\",\"position\":1,\"name\":\"In\u00edcio\",\"item\":\"https:\/\/radioportoseguro.com.br\/site\/\"},{\"@type\":\"ListItem\",\"position\":2,\"name\":\"O poder do perd\u00e3o: Da condena\u00e7\u00e3o \u00e0 gra\u00e7a transformadora\"}]},{\"@type\":\"WebSite\",\"@id\":\"https:\/\/radioportoseguro.com.br\/site\/#website\",\"url\":\"https:\/\/radioportoseguro.com.br\/site\/\",\"name\":\"R\u00e1dio Porto Seguro\",\"description\":\"\",\"potentialAction\":[{\"@type\":\"SearchAction\",\"target\":{\"@type\":\"EntryPoint\",\"urlTemplate\":\"https:\/\/radioportoseguro.com.br\/site\/?s={search_term_string}\"},\"query-input\":{\"@type\":\"PropertyValueSpecification\",\"valueRequired\":true,\"valueName\":\"search_term_string\"}}],\"inLanguage\":\"pt-BR\"},{\"@type\":\"Person\",\"@id\":\"https:\/\/radioportoseguro.com.br\/site\/#\/schema\/person\/7630acdc320186f13639d3c067ec089b\",\"name\":\"admin\",\"image\":{\"@type\":\"ImageObject\",\"inLanguage\":\"pt-BR\",\"@id\":\"https:\/\/radioportoseguro.com.br\/site\/#\/schema\/person\/image\/\",\"url\":\"https:\/\/secure.gravatar.com\/avatar\/caacf4dc1eedb68fab0df8e1ed46c448e578b2466351bbcb61e47d2ac0caaef0?s=96&d=mm&r=g\",\"contentUrl\":\"https:\/\/secure.gravatar.com\/avatar\/caacf4dc1eedb68fab0df8e1ed46c448e578b2466351bbcb61e47d2ac0caaef0?s=96&d=mm&r=g\",\"caption\":\"admin\"},\"sameAs\":[\"https:\/\/radioportoseguro.com.br\/site\"],\"url\":\"https:\/\/radioportoseguro.com.br\/site\/author\/hezio\/\"}]}<\/script>\n<!-- \/ Yoast SEO plugin. -->","yoast_head_json":{"title":"O poder do perd\u00e3o: Da condena\u00e7\u00e3o \u00e0 gra\u00e7a transformadora - R\u00e1dio Porto Seguro","robots":{"index":"index","follow":"follow","max-snippet":"max-snippet:-1","max-image-preview":"max-image-preview:large","max-video-preview":"max-video-preview:-1"},"canonical":"https:\/\/radioportoseguro.com.br\/site\/2026\/04\/01\/o-poder-do-perdao-da-condenacao-a-graca-transformadora\/","og_locale":"pt_BR","og_type":"article","og_title":"O poder do perd\u00e3o: Da condena\u00e7\u00e3o \u00e0 gra\u00e7a transformadora - R\u00e1dio Porto Seguro","og_description":"Ela foi arrastada publicamente, no auge da sua vergonha, para o centro de uma multid\u00e3o furiosa. Acusada, exposta, condenada pela lei e pelos homens, com pedras nas m\u00e3os para o seu fim. N\u00e3o h\u00e1 defesa, n\u00e3o h\u00e1 esperan\u00e7a, apenas a certeza de uma morte iminente.\u00a0 Mas, em meio a essa cena de \u00f3dio e julgamento, [&hellip;]","og_url":"https:\/\/radioportoseguro.com.br\/site\/2026\/04\/01\/o-poder-do-perdao-da-condenacao-a-graca-transformadora\/","og_site_name":"R\u00e1dio Porto Seguro","article_published_time":"2026-04-01T05:00:12+00:00","og_image":[{"url":"https:\/\/media.guiame.com.br\/archives\/2026\/03\/30\/677760423-mulher-choro.png","type":"","width":"","height":""}],"author":"admin","twitter_card":"summary_large_image","twitter_misc":{"Escrito por":"admin","Est. tempo de leitura":"8 minutos"},"schema":{"@context":"https:\/\/schema.org","@graph":[{"@type":"Article","@id":"https:\/\/radioportoseguro.com.br\/site\/2026\/04\/01\/o-poder-do-perdao-da-condenacao-a-graca-transformadora\/#article","isPartOf":{"@id":"https:\/\/radioportoseguro.com.br\/site\/2026\/04\/01\/o-poder-do-perdao-da-condenacao-a-graca-transformadora\/"},"author":{"name":"admin","@id":"https:\/\/radioportoseguro.com.br\/site\/#\/schema\/person\/7630acdc320186f13639d3c067ec089b"},"headline":"O poder do perd\u00e3o: Da condena\u00e7\u00e3o \u00e0 gra\u00e7a transformadora","datePublished":"2026-04-01T05:00:12+00:00","mainEntityOfPage":{"@id":"https:\/\/radioportoseguro.com.br\/site\/2026\/04\/01\/o-poder-do-perdao-da-condenacao-a-graca-transformadora\/"},"wordCount":1538,"image":{"@id":"https:\/\/radioportoseguro.com.br\/site\/2026\/04\/01\/o-poder-do-perdao-da-condenacao-a-graca-transformadora\/#primaryimage"},"thumbnailUrl":"https:\/\/radioportoseguro.com.br\/site\/wp-content\/uploads\/2026\/04\/677760423-mulher-choro.png","articleSection":["Destaques"],"inLanguage":"pt-BR"},{"@type":"WebPage","@id":"https:\/\/radioportoseguro.com.br\/site\/2026\/04\/01\/o-poder-do-perdao-da-condenacao-a-graca-transformadora\/","url":"https:\/\/radioportoseguro.com.br\/site\/2026\/04\/01\/o-poder-do-perdao-da-condenacao-a-graca-transformadora\/","name":"O poder do perd\u00e3o: Da condena\u00e7\u00e3o \u00e0 gra\u00e7a transformadora - R\u00e1dio Porto Seguro","isPartOf":{"@id":"https:\/\/radioportoseguro.com.br\/site\/#website"},"primaryImageOfPage":{"@id":"https:\/\/radioportoseguro.com.br\/site\/2026\/04\/01\/o-poder-do-perdao-da-condenacao-a-graca-transformadora\/#primaryimage"},"image":{"@id":"https:\/\/radioportoseguro.com.br\/site\/2026\/04\/01\/o-poder-do-perdao-da-condenacao-a-graca-transformadora\/#primaryimage"},"thumbnailUrl":"https:\/\/radioportoseguro.com.br\/site\/wp-content\/uploads\/2026\/04\/677760423-mulher-choro.png","datePublished":"2026-04-01T05:00:12+00:00","author":{"@id":"https:\/\/radioportoseguro.com.br\/site\/#\/schema\/person\/7630acdc320186f13639d3c067ec089b"},"breadcrumb":{"@id":"https:\/\/radioportoseguro.com.br\/site\/2026\/04\/01\/o-poder-do-perdao-da-condenacao-a-graca-transformadora\/#breadcrumb"},"inLanguage":"pt-BR","potentialAction":[{"@type":"ReadAction","target":["https:\/\/radioportoseguro.com.br\/site\/2026\/04\/01\/o-poder-do-perdao-da-condenacao-a-graca-transformadora\/"]}]},{"@type":"ImageObject","inLanguage":"pt-BR","@id":"https:\/\/radioportoseguro.com.br\/site\/2026\/04\/01\/o-poder-do-perdao-da-condenacao-a-graca-transformadora\/#primaryimage","url":"https:\/\/radioportoseguro.com.br\/site\/wp-content\/uploads\/2026\/04\/677760423-mulher-choro.png","contentUrl":"https:\/\/radioportoseguro.com.br\/site\/wp-content\/uploads\/2026\/04\/677760423-mulher-choro.png","width":1200,"height":600},{"@type":"BreadcrumbList","@id":"https:\/\/radioportoseguro.com.br\/site\/2026\/04\/01\/o-poder-do-perdao-da-condenacao-a-graca-transformadora\/#breadcrumb","itemListElement":[{"@type":"ListItem","position":1,"name":"In\u00edcio","item":"https:\/\/radioportoseguro.com.br\/site\/"},{"@type":"ListItem","position":2,"name":"O poder do perd\u00e3o: Da condena\u00e7\u00e3o \u00e0 gra\u00e7a transformadora"}]},{"@type":"WebSite","@id":"https:\/\/radioportoseguro.com.br\/site\/#website","url":"https:\/\/radioportoseguro.com.br\/site\/","name":"R\u00e1dio Porto Seguro","description":"","potentialAction":[{"@type":"SearchAction","target":{"@type":"EntryPoint","urlTemplate":"https:\/\/radioportoseguro.com.br\/site\/?s={search_term_string}"},"query-input":{"@type":"PropertyValueSpecification","valueRequired":true,"valueName":"search_term_string"}}],"inLanguage":"pt-BR"},{"@type":"Person","@id":"https:\/\/radioportoseguro.com.br\/site\/#\/schema\/person\/7630acdc320186f13639d3c067ec089b","name":"admin","image":{"@type":"ImageObject","inLanguage":"pt-BR","@id":"https:\/\/radioportoseguro.com.br\/site\/#\/schema\/person\/image\/","url":"https:\/\/secure.gravatar.com\/avatar\/caacf4dc1eedb68fab0df8e1ed46c448e578b2466351bbcb61e47d2ac0caaef0?s=96&d=mm&r=g","contentUrl":"https:\/\/secure.gravatar.com\/avatar\/caacf4dc1eedb68fab0df8e1ed46c448e578b2466351bbcb61e47d2ac0caaef0?s=96&d=mm&r=g","caption":"admin"},"sameAs":["https:\/\/radioportoseguro.com.br\/site"],"url":"https:\/\/radioportoseguro.com.br\/site\/author\/hezio\/"}]}},"_links":{"self":[{"href":"https:\/\/radioportoseguro.com.br\/site\/wp-json\/wp\/v2\/posts\/5618","targetHints":{"allow":["GET"]}}],"collection":[{"href":"https:\/\/radioportoseguro.com.br\/site\/wp-json\/wp\/v2\/posts"}],"about":[{"href":"https:\/\/radioportoseguro.com.br\/site\/wp-json\/wp\/v2\/types\/post"}],"author":[{"embeddable":true,"href":"https:\/\/radioportoseguro.com.br\/site\/wp-json\/wp\/v2\/users\/1"}],"replies":[{"embeddable":true,"href":"https:\/\/radioportoseguro.com.br\/site\/wp-json\/wp\/v2\/comments?post=5618"}],"version-history":[{"count":0,"href":"https:\/\/radioportoseguro.com.br\/site\/wp-json\/wp\/v2\/posts\/5618\/revisions"}],"wp:featuredmedia":[{"embeddable":true,"href":"https:\/\/radioportoseguro.com.br\/site\/wp-json\/wp\/v2\/media\/5619"}],"wp:attachment":[{"href":"https:\/\/radioportoseguro.com.br\/site\/wp-json\/wp\/v2\/media?parent=5618"}],"wp:term":[{"taxonomy":"category","embeddable":true,"href":"https:\/\/radioportoseguro.com.br\/site\/wp-json\/wp\/v2\/categories?post=5618"},{"taxonomy":"post_tag","embeddable":true,"href":"https:\/\/radioportoseguro.com.br\/site\/wp-json\/wp\/v2\/tags?post=5618"}],"curies":[{"name":"wp","href":"https:\/\/api.w.org\/{rel}","templated":true}]}}