{"id":5624,"date":"2026-04-01T06:07:15","date_gmt":"2026-04-01T09:07:15","guid":{"rendered":"https:\/\/radioportoseguro.com.br\/site\/2026\/04\/01\/mais-de-120-pessoas-aceitam-jesus-em-culto-na-praca-em-brasilia-famintas-por-deus\/"},"modified":"2026-04-01T06:07:15","modified_gmt":"2026-04-01T09:07:15","slug":"mais-de-120-pessoas-aceitam-jesus-em-culto-na-praca-em-brasilia-famintas-por-deus","status":"publish","type":"post","link":"https:\/\/radioportoseguro.com.br\/site\/2026\/04\/01\/mais-de-120-pessoas-aceitam-jesus-em-culto-na-praca-em-brasilia-famintas-por-deus\/","title":{"rendered":"Mais de 120 pessoas aceitam Jesus em culto na pra\u00e7a em Bras\u00edlia: \u201cFamintas por Deus\u201d"},"content":{"rendered":"<p><br \/>\n<br \/><\/p>\n<div>\n<p><span style=\"font-weight: 400;\">Uma multid\u00e3o de pessoas, a maioria jovens, transformaram uma <\/span><span style=\"color: #800000;\"><strong>pra\u00e7a<\/strong><\/span><span style=\"font-weight: 400;\"> de Bras\u00edlia em um altar de adora\u00e7\u00e3o, na \u00faltima sexta-feira (27).<\/span><\/p>\n<p><span style=\"font-weight: 400;\">O culto, promovido pelo <\/span><span style=\"color: #800000;\"><strong>\u201cCe\u0301u Na Terra Movement\u201d<\/strong><\/span><span style=\"font-weight: 400;\">, aconteceu no Parque Sul em um ambiente de quebrantamente e fome espiritual. \u201cUma pra\u00e7a cheia de pessoas famintas por um encontro com Deus\u201d, relatou a miss\u00e3o.<\/span><\/p>\n<blockquote class=\"instagram-media\" style=\"background: #FFF; border: 0; border-radius: 3px; box-shadow: 0 0 1px 0 rgba(0,0,0,0.5),0 1px 10px 0 rgba(0,0,0,0.15); margin: 1px; max-width: 540px; min-width: 326px; padding: 0; width: calc(100% - 2px);\" data-instgrm-captioned=\"\" data-instgrm-permalink=\"https:\/\/www.instagram.com\/reel\/DWaOWREkSK5\/?utm_source=ig_embed&amp;utm_campaign=loading\" data-instgrm-version=\"14\"><p>&#13;<br \/>\n&#13;\n<\/p><\/blockquote>\n<p><span style=\"font-weight: 400;\">O encontro contou com momentos de louvor e prega\u00e7\u00e3o da mensagem de Salva\u00e7\u00e3o em Jesus.<\/span><\/p>\n<p><span style=\"font-weight: 400;\">\u201cMais que uma reuni\u00e3o, s\u00e3o pessoas sendo cheias para transbordar\u201d, comentou o evangelista Pedro Lucas Rios, que participou do culto.<\/span><\/p>\n<blockquote class=\"instagram-media\" style=\"background: #FFF; border: 0; border-radius: 3px; box-shadow: 0 0 1px 0 rgba(0,0,0,0.5),0 1px 10px 0 rgba(0,0,0,0.15); margin: 1px; max-width: 540px; min-width: 326px; padding: 0; width: calc(100% - 2px);\" data-instgrm-captioned=\"\" data-instgrm-permalink=\"https:\/\/www.instagram.com\/reel\/DWaK8MelYgv\/?utm_source=ig_embed&amp;utm_campaign=loading\" data-instgrm-version=\"14\"><p>&#13;<br \/>\n&#13;\n<\/p><\/blockquote>\n<p><span style=\"font-weight: 400;\">Durante o apelo, centenas foram \u00e0 frente para receber Jesus ou voltar para os caminhos do Senhor. No total, 129 pessoas entregaram suas vidas a Cristo.<\/span><\/p>\n<p><span style=\"font-weight: 400;\">\u201cN\u00e3o faz sentido pra\u00e7a cheia, evento lotado ou n\u00fameros altos\u2026 se n\u00e3o terminar em vidas rendidas a Jesus. Ontem, no final da nossa reuni\u00e3o, vimos o que realmente importa.<\/span><\/p>\n<p><span style=\"font-weight: 400;\">129 pessoas decidiram voltar para os caminhos do Senhor. Toda gl\u00f3ria a Deus\u201d, testemunhou o \u201cCe\u0301u Na Terra Movement\u201d, em postagem no Instagram.<\/span><\/p>\n<blockquote class=\"instagram-media\" style=\"background: #FFF; border: 0; border-radius: 3px; box-shadow: 0 0 1px 0 rgba(0,0,0,0.5),0 1px 10px 0 rgba(0,0,0,0.15); margin: 1px; max-width: 540px; min-width: 326px; padding: 0; width: calc(100% - 2px);\" data-instgrm-captioned=\"\" data-instgrm-permalink=\"https:\/\/www.instagram.com\/reel\/DWcU6G5EdB9\/?utm_source=ig_embed&amp;utm_campaign=loading\" data-instgrm-version=\"14\"><p>&#13;<br \/>\n&#13;\n<\/p><\/blockquote>\n<p><strong>Ce\u0301u Na Terra Movement<\/strong><\/p>\n<p><span style=\"font-weight: 400;\">O Ce\u0301u Na Terra Movement \u00e9 uma miss\u00e3o que prega Jesus nas ruas e em pra\u00e7as de Bras\u00edlia, criada pelo <\/span><span style=\"color: #800000;\"><strong>evangelista Joa\u0303o Paulo<\/strong><\/span><span style=\"font-weight: 400;\"> e amigos h\u00e1 cerca de 10 anos.<\/span><\/p>\n<p><span style=\"font-weight: 400;\">Dois anos atr\u00e1s, Jo\u00e3o precisou dar uma pausa em seu minist\u00e9rio para tratar crises de ansiedade e S\u00edndrome do P\u00e2nico.<\/span><\/p>\n<p><span style=\"font-weight: 400;\">Recentemente, o evangelista est\u00e1 voltando a participar de eventos evangel\u00edsticos e tem testemunhado a melhora em sua sa\u00fade mental.<\/span><\/p>\n<p><span style=\"font-weight: 400;\">\u201cOntem, Deus me permitiu viver isto depois de muito tempo, pois n\u00e3o senti nenhum sintoma do transtorno ao qual fui acometido nos \u00faltimos anos\u201d, disse Jo\u00e3o Paulo no Instagram, no s\u00e1bado (28).<\/span><\/p>\n<p><span style=\"font-weight: 400;\">\u201cN\u00e3o havia conseguido ir nas \u00faltimas duas reuni\u00f5es porque estava exausto mentalmente, mas ontem Deus me deu gra\u00e7a e eu fui visitado por Sua compaix\u00e3o por almas. A sensa\u00e7\u00e3o de desmaio t\u00e3o comum h\u00e1 alguns anos, a fome, o cansa\u00e7o, o sono, tudo se foi embora porque nada disto se compara a compaix\u00e3o de Deus pelas pessoas. Obrigado, Jesus!\u201d, declarou.<\/span><\/p>\n<\/div>\n<p><script async src=\"\/\/www.instagram.com\/embed.js\"><\/script><br \/>\n<br \/><br \/>\n<br \/>Fonte: Guiame <\/p>\n","protected":false},"excerpt":{"rendered":"<p>Uma multid\u00e3o de pessoas, a maioria jovens, transformaram uma pra\u00e7a de Bras\u00edlia em um altar de adora\u00e7\u00e3o, na \u00faltima sexta-feira (27). O culto, promovido pelo \u201cCe\u0301u Na Terra Movement\u201d, aconteceu no Parque Sul em um ambiente de quebrantamente e fome espiritual. \u201cUma pra\u00e7a cheia de pessoas famintas por um encontro com Deus\u201d, relatou a miss\u00e3o. [&hellip;]<\/p>\n","protected":false},"author":1,"featured_media":5625,"comment_status":"","ping_status":"open","sticky":false,"template":"","format":"standard","meta":{"footnotes":""},"categories":[43],"tags":[],"class_list":["post-5624","post","type-post","status-publish","format-standard","has-post-thumbnail","hentry","category-destaques"],"yoast_head":"<!-- This site is optimized with the Yoast SEO plugin v26.8 - https:\/\/yoast.com\/product\/yoast-seo-wordpress\/ -->\n<title>Mais de 120 pessoas aceitam Jesus em culto na pra\u00e7a em Bras\u00edlia: \u201cFamintas por Deus\u201d - R\u00e1dio Porto Seguro<\/title>\n<meta name=\"robots\" content=\"index, follow, max-snippet:-1, max-image-preview:large, max-video-preview:-1\" \/>\n<link rel=\"canonical\" href=\"https:\/\/radioportoseguro.com.br\/site\/2026\/04\/01\/mais-de-120-pessoas-aceitam-jesus-em-culto-na-praca-em-brasilia-famintas-por-deus\/\" \/>\n<meta property=\"og:locale\" content=\"pt_BR\" \/>\n<meta property=\"og:type\" content=\"article\" \/>\n<meta property=\"og:title\" content=\"Mais de 120 pessoas aceitam Jesus em culto na pra\u00e7a em Bras\u00edlia: \u201cFamintas por Deus\u201d - R\u00e1dio Porto Seguro\" \/>\n<meta property=\"og:description\" content=\"Uma multid\u00e3o de pessoas, a maioria jovens, transformaram uma pra\u00e7a de Bras\u00edlia em um altar de adora\u00e7\u00e3o, na \u00faltima sexta-feira (27). O culto, promovido pelo \u201cCe\u0301u Na Terra Movement\u201d, aconteceu no Parque Sul em um ambiente de quebrantamente e fome espiritual. \u201cUma pra\u00e7a cheia de pessoas famintas por um encontro com Deus\u201d, relatou a miss\u00e3o. [&hellip;]\" \/>\n<meta property=\"og:url\" content=\"https:\/\/radioportoseguro.com.br\/site\/2026\/04\/01\/mais-de-120-pessoas-aceitam-jesus-em-culto-na-praca-em-brasilia-famintas-por-deus\/\" \/>\n<meta property=\"og:site_name\" content=\"R\u00e1dio Porto Seguro\" \/>\n<meta property=\"article:published_time\" content=\"2026-04-01T09:07:15+00:00\" \/>\n<meta property=\"og:image\" content=\"https:\/\/media.guiame.com.br\/archives\/2026\/03\/30\/178425157-praca.jpeg\" \/>\n<meta name=\"author\" content=\"admin\" \/>\n<meta name=\"twitter:card\" content=\"summary_large_image\" \/>\n<meta name=\"twitter:label1\" content=\"Escrito por\" \/>\n\t<meta name=\"twitter:data1\" content=\"admin\" \/>\n\t<meta name=\"twitter:label2\" content=\"Est. tempo de leitura\" \/>\n\t<meta name=\"twitter:data2\" content=\"2 minutos\" \/>\n<script type=\"application\/ld+json\" class=\"yoast-schema-graph\">{\"@context\":\"https:\/\/schema.org\",\"@graph\":[{\"@type\":\"Article\",\"@id\":\"https:\/\/radioportoseguro.com.br\/site\/2026\/04\/01\/mais-de-120-pessoas-aceitam-jesus-em-culto-na-praca-em-brasilia-famintas-por-deus\/#article\",\"isPartOf\":{\"@id\":\"https:\/\/radioportoseguro.com.br\/site\/2026\/04\/01\/mais-de-120-pessoas-aceitam-jesus-em-culto-na-praca-em-brasilia-famintas-por-deus\/\"},\"author\":{\"name\":\"admin\",\"@id\":\"https:\/\/radioportoseguro.com.br\/site\/#\/schema\/person\/7630acdc320186f13639d3c067ec089b\"},\"headline\":\"Mais de 120 pessoas aceitam Jesus em culto na pra\u00e7a em Bras\u00edlia: \u201cFamintas por Deus\u201d\",\"datePublished\":\"2026-04-01T09:07:15+00:00\",\"mainEntityOfPage\":{\"@id\":\"https:\/\/radioportoseguro.com.br\/site\/2026\/04\/01\/mais-de-120-pessoas-aceitam-jesus-em-culto-na-praca-em-brasilia-famintas-por-deus\/\"},\"wordCount\":388,\"image\":{\"@id\":\"https:\/\/radioportoseguro.com.br\/site\/2026\/04\/01\/mais-de-120-pessoas-aceitam-jesus-em-culto-na-praca-em-brasilia-famintas-por-deus\/#primaryimage\"},\"thumbnailUrl\":\"https:\/\/radioportoseguro.com.br\/site\/wp-content\/uploads\/2026\/04\/178425157-praca.jpeg\",\"articleSection\":[\"Destaques\"],\"inLanguage\":\"pt-BR\"},{\"@type\":\"WebPage\",\"@id\":\"https:\/\/radioportoseguro.com.br\/site\/2026\/04\/01\/mais-de-120-pessoas-aceitam-jesus-em-culto-na-praca-em-brasilia-famintas-por-deus\/\",\"url\":\"https:\/\/radioportoseguro.com.br\/site\/2026\/04\/01\/mais-de-120-pessoas-aceitam-jesus-em-culto-na-praca-em-brasilia-famintas-por-deus\/\",\"name\":\"Mais de 120 pessoas aceitam Jesus em culto na pra\u00e7a em Bras\u00edlia: \u201cFamintas por Deus\u201d - R\u00e1dio Porto Seguro\",\"isPartOf\":{\"@id\":\"https:\/\/radioportoseguro.com.br\/site\/#website\"},\"primaryImageOfPage\":{\"@id\":\"https:\/\/radioportoseguro.com.br\/site\/2026\/04\/01\/mais-de-120-pessoas-aceitam-jesus-em-culto-na-praca-em-brasilia-famintas-por-deus\/#primaryimage\"},\"image\":{\"@id\":\"https:\/\/radioportoseguro.com.br\/site\/2026\/04\/01\/mais-de-120-pessoas-aceitam-jesus-em-culto-na-praca-em-brasilia-famintas-por-deus\/#primaryimage\"},\"thumbnailUrl\":\"https:\/\/radioportoseguro.com.br\/site\/wp-content\/uploads\/2026\/04\/178425157-praca.jpeg\",\"datePublished\":\"2026-04-01T09:07:15+00:00\",\"author\":{\"@id\":\"https:\/\/radioportoseguro.com.br\/site\/#\/schema\/person\/7630acdc320186f13639d3c067ec089b\"},\"breadcrumb\":{\"@id\":\"https:\/\/radioportoseguro.com.br\/site\/2026\/04\/01\/mais-de-120-pessoas-aceitam-jesus-em-culto-na-praca-em-brasilia-famintas-por-deus\/#breadcrumb\"},\"inLanguage\":\"pt-BR\",\"potentialAction\":[{\"@type\":\"ReadAction\",\"target\":[\"https:\/\/radioportoseguro.com.br\/site\/2026\/04\/01\/mais-de-120-pessoas-aceitam-jesus-em-culto-na-praca-em-brasilia-famintas-por-deus\/\"]}]},{\"@type\":\"ImageObject\",\"inLanguage\":\"pt-BR\",\"@id\":\"https:\/\/radioportoseguro.com.br\/site\/2026\/04\/01\/mais-de-120-pessoas-aceitam-jesus-em-culto-na-praca-em-brasilia-famintas-por-deus\/#primaryimage\",\"url\":\"https:\/\/radioportoseguro.com.br\/site\/wp-content\/uploads\/2026\/04\/178425157-praca.jpeg\",\"contentUrl\":\"https:\/\/radioportoseguro.com.br\/site\/wp-content\/uploads\/2026\/04\/178425157-praca.jpeg\",\"width\":1200,\"height\":600},{\"@type\":\"BreadcrumbList\",\"@id\":\"https:\/\/radioportoseguro.com.br\/site\/2026\/04\/01\/mais-de-120-pessoas-aceitam-jesus-em-culto-na-praca-em-brasilia-famintas-por-deus\/#breadcrumb\",\"itemListElement\":[{\"@type\":\"ListItem\",\"position\":1,\"name\":\"In\u00edcio\",\"item\":\"https:\/\/radioportoseguro.com.br\/site\/\"},{\"@type\":\"ListItem\",\"position\":2,\"name\":\"Mais de 120 pessoas aceitam Jesus em culto na pra\u00e7a em Bras\u00edlia: \u201cFamintas por Deus\u201d\"}]},{\"@type\":\"WebSite\",\"@id\":\"https:\/\/radioportoseguro.com.br\/site\/#website\",\"url\":\"https:\/\/radioportoseguro.com.br\/site\/\",\"name\":\"R\u00e1dio Porto Seguro\",\"description\":\"\",\"potentialAction\":[{\"@type\":\"SearchAction\",\"target\":{\"@type\":\"EntryPoint\",\"urlTemplate\":\"https:\/\/radioportoseguro.com.br\/site\/?s={search_term_string}\"},\"query-input\":{\"@type\":\"PropertyValueSpecification\",\"valueRequired\":true,\"valueName\":\"search_term_string\"}}],\"inLanguage\":\"pt-BR\"},{\"@type\":\"Person\",\"@id\":\"https:\/\/radioportoseguro.com.br\/site\/#\/schema\/person\/7630acdc320186f13639d3c067ec089b\",\"name\":\"admin\",\"image\":{\"@type\":\"ImageObject\",\"inLanguage\":\"pt-BR\",\"@id\":\"https:\/\/radioportoseguro.com.br\/site\/#\/schema\/person\/image\/\",\"url\":\"https:\/\/secure.gravatar.com\/avatar\/caacf4dc1eedb68fab0df8e1ed46c448e578b2466351bbcb61e47d2ac0caaef0?s=96&d=mm&r=g\",\"contentUrl\":\"https:\/\/secure.gravatar.com\/avatar\/caacf4dc1eedb68fab0df8e1ed46c448e578b2466351bbcb61e47d2ac0caaef0?s=96&d=mm&r=g\",\"caption\":\"admin\"},\"sameAs\":[\"https:\/\/radioportoseguro.com.br\/site\"],\"url\":\"https:\/\/radioportoseguro.com.br\/site\/author\/hezio\/\"}]}<\/script>\n<!-- \/ Yoast SEO plugin. -->","yoast_head_json":{"title":"Mais de 120 pessoas aceitam Jesus em culto na pra\u00e7a em Bras\u00edlia: \u201cFamintas por Deus\u201d - R\u00e1dio Porto Seguro","robots":{"index":"index","follow":"follow","max-snippet":"max-snippet:-1","max-image-preview":"max-image-preview:large","max-video-preview":"max-video-preview:-1"},"canonical":"https:\/\/radioportoseguro.com.br\/site\/2026\/04\/01\/mais-de-120-pessoas-aceitam-jesus-em-culto-na-praca-em-brasilia-famintas-por-deus\/","og_locale":"pt_BR","og_type":"article","og_title":"Mais de 120 pessoas aceitam Jesus em culto na pra\u00e7a em Bras\u00edlia: \u201cFamintas por Deus\u201d - R\u00e1dio Porto Seguro","og_description":"Uma multid\u00e3o de pessoas, a maioria jovens, transformaram uma pra\u00e7a de Bras\u00edlia em um altar de adora\u00e7\u00e3o, na \u00faltima sexta-feira (27). O culto, promovido pelo \u201cCe\u0301u Na Terra Movement\u201d, aconteceu no Parque Sul em um ambiente de quebrantamente e fome espiritual. \u201cUma pra\u00e7a cheia de pessoas famintas por um encontro com Deus\u201d, relatou a miss\u00e3o. [&hellip;]","og_url":"https:\/\/radioportoseguro.com.br\/site\/2026\/04\/01\/mais-de-120-pessoas-aceitam-jesus-em-culto-na-praca-em-brasilia-famintas-por-deus\/","og_site_name":"R\u00e1dio Porto Seguro","article_published_time":"2026-04-01T09:07:15+00:00","og_image":[{"url":"https:\/\/media.guiame.com.br\/archives\/2026\/03\/30\/178425157-praca.jpeg","type":"","width":"","height":""}],"author":"admin","twitter_card":"summary_large_image","twitter_misc":{"Escrito por":"admin","Est. tempo de leitura":"2 minutos"},"schema":{"@context":"https:\/\/schema.org","@graph":[{"@type":"Article","@id":"https:\/\/radioportoseguro.com.br\/site\/2026\/04\/01\/mais-de-120-pessoas-aceitam-jesus-em-culto-na-praca-em-brasilia-famintas-por-deus\/#article","isPartOf":{"@id":"https:\/\/radioportoseguro.com.br\/site\/2026\/04\/01\/mais-de-120-pessoas-aceitam-jesus-em-culto-na-praca-em-brasilia-famintas-por-deus\/"},"author":{"name":"admin","@id":"https:\/\/radioportoseguro.com.br\/site\/#\/schema\/person\/7630acdc320186f13639d3c067ec089b"},"headline":"Mais de 120 pessoas aceitam Jesus em culto na pra\u00e7a em Bras\u00edlia: \u201cFamintas por Deus\u201d","datePublished":"2026-04-01T09:07:15+00:00","mainEntityOfPage":{"@id":"https:\/\/radioportoseguro.com.br\/site\/2026\/04\/01\/mais-de-120-pessoas-aceitam-jesus-em-culto-na-praca-em-brasilia-famintas-por-deus\/"},"wordCount":388,"image":{"@id":"https:\/\/radioportoseguro.com.br\/site\/2026\/04\/01\/mais-de-120-pessoas-aceitam-jesus-em-culto-na-praca-em-brasilia-famintas-por-deus\/#primaryimage"},"thumbnailUrl":"https:\/\/radioportoseguro.com.br\/site\/wp-content\/uploads\/2026\/04\/178425157-praca.jpeg","articleSection":["Destaques"],"inLanguage":"pt-BR"},{"@type":"WebPage","@id":"https:\/\/radioportoseguro.com.br\/site\/2026\/04\/01\/mais-de-120-pessoas-aceitam-jesus-em-culto-na-praca-em-brasilia-famintas-por-deus\/","url":"https:\/\/radioportoseguro.com.br\/site\/2026\/04\/01\/mais-de-120-pessoas-aceitam-jesus-em-culto-na-praca-em-brasilia-famintas-por-deus\/","name":"Mais de 120 pessoas aceitam Jesus em culto na pra\u00e7a em Bras\u00edlia: \u201cFamintas por Deus\u201d - R\u00e1dio Porto Seguro","isPartOf":{"@id":"https:\/\/radioportoseguro.com.br\/site\/#website"},"primaryImageOfPage":{"@id":"https:\/\/radioportoseguro.com.br\/site\/2026\/04\/01\/mais-de-120-pessoas-aceitam-jesus-em-culto-na-praca-em-brasilia-famintas-por-deus\/#primaryimage"},"image":{"@id":"https:\/\/radioportoseguro.com.br\/site\/2026\/04\/01\/mais-de-120-pessoas-aceitam-jesus-em-culto-na-praca-em-brasilia-famintas-por-deus\/#primaryimage"},"thumbnailUrl":"https:\/\/radioportoseguro.com.br\/site\/wp-content\/uploads\/2026\/04\/178425157-praca.jpeg","datePublished":"2026-04-01T09:07:15+00:00","author":{"@id":"https:\/\/radioportoseguro.com.br\/site\/#\/schema\/person\/7630acdc320186f13639d3c067ec089b"},"breadcrumb":{"@id":"https:\/\/radioportoseguro.com.br\/site\/2026\/04\/01\/mais-de-120-pessoas-aceitam-jesus-em-culto-na-praca-em-brasilia-famintas-por-deus\/#breadcrumb"},"inLanguage":"pt-BR","potentialAction":[{"@type":"ReadAction","target":["https:\/\/radioportoseguro.com.br\/site\/2026\/04\/01\/mais-de-120-pessoas-aceitam-jesus-em-culto-na-praca-em-brasilia-famintas-por-deus\/"]}]},{"@type":"ImageObject","inLanguage":"pt-BR","@id":"https:\/\/radioportoseguro.com.br\/site\/2026\/04\/01\/mais-de-120-pessoas-aceitam-jesus-em-culto-na-praca-em-brasilia-famintas-por-deus\/#primaryimage","url":"https:\/\/radioportoseguro.com.br\/site\/wp-content\/uploads\/2026\/04\/178425157-praca.jpeg","contentUrl":"https:\/\/radioportoseguro.com.br\/site\/wp-content\/uploads\/2026\/04\/178425157-praca.jpeg","width":1200,"height":600},{"@type":"BreadcrumbList","@id":"https:\/\/radioportoseguro.com.br\/site\/2026\/04\/01\/mais-de-120-pessoas-aceitam-jesus-em-culto-na-praca-em-brasilia-famintas-por-deus\/#breadcrumb","itemListElement":[{"@type":"ListItem","position":1,"name":"In\u00edcio","item":"https:\/\/radioportoseguro.com.br\/site\/"},{"@type":"ListItem","position":2,"name":"Mais de 120 pessoas aceitam Jesus em culto na pra\u00e7a em Bras\u00edlia: \u201cFamintas por Deus\u201d"}]},{"@type":"WebSite","@id":"https:\/\/radioportoseguro.com.br\/site\/#website","url":"https:\/\/radioportoseguro.com.br\/site\/","name":"R\u00e1dio Porto Seguro","description":"","potentialAction":[{"@type":"SearchAction","target":{"@type":"EntryPoint","urlTemplate":"https:\/\/radioportoseguro.com.br\/site\/?s={search_term_string}"},"query-input":{"@type":"PropertyValueSpecification","valueRequired":true,"valueName":"search_term_string"}}],"inLanguage":"pt-BR"},{"@type":"Person","@id":"https:\/\/radioportoseguro.com.br\/site\/#\/schema\/person\/7630acdc320186f13639d3c067ec089b","name":"admin","image":{"@type":"ImageObject","inLanguage":"pt-BR","@id":"https:\/\/radioportoseguro.com.br\/site\/#\/schema\/person\/image\/","url":"https:\/\/secure.gravatar.com\/avatar\/caacf4dc1eedb68fab0df8e1ed46c448e578b2466351bbcb61e47d2ac0caaef0?s=96&d=mm&r=g","contentUrl":"https:\/\/secure.gravatar.com\/avatar\/caacf4dc1eedb68fab0df8e1ed46c448e578b2466351bbcb61e47d2ac0caaef0?s=96&d=mm&r=g","caption":"admin"},"sameAs":["https:\/\/radioportoseguro.com.br\/site"],"url":"https:\/\/radioportoseguro.com.br\/site\/author\/hezio\/"}]}},"_links":{"self":[{"href":"https:\/\/radioportoseguro.com.br\/site\/wp-json\/wp\/v2\/posts\/5624","targetHints":{"allow":["GET"]}}],"collection":[{"href":"https:\/\/radioportoseguro.com.br\/site\/wp-json\/wp\/v2\/posts"}],"about":[{"href":"https:\/\/radioportoseguro.com.br\/site\/wp-json\/wp\/v2\/types\/post"}],"author":[{"embeddable":true,"href":"https:\/\/radioportoseguro.com.br\/site\/wp-json\/wp\/v2\/users\/1"}],"replies":[{"embeddable":true,"href":"https:\/\/radioportoseguro.com.br\/site\/wp-json\/wp\/v2\/comments?post=5624"}],"version-history":[{"count":0,"href":"https:\/\/radioportoseguro.com.br\/site\/wp-json\/wp\/v2\/posts\/5624\/revisions"}],"wp:featuredmedia":[{"embeddable":true,"href":"https:\/\/radioportoseguro.com.br\/site\/wp-json\/wp\/v2\/media\/5625"}],"wp:attachment":[{"href":"https:\/\/radioportoseguro.com.br\/site\/wp-json\/wp\/v2\/media?parent=5624"}],"wp:term":[{"taxonomy":"category","embeddable":true,"href":"https:\/\/radioportoseguro.com.br\/site\/wp-json\/wp\/v2\/categories?post=5624"},{"taxonomy":"post_tag","embeddable":true,"href":"https:\/\/radioportoseguro.com.br\/site\/wp-json\/wp\/v2\/tags?post=5624"}],"curies":[{"name":"wp","href":"https:\/\/api.w.org\/{rel}","templated":true}]}}