{"id":5643,"date":"2026-04-01T16:28:29","date_gmt":"2026-04-01T19:28:29","guid":{"rendered":"https:\/\/radioportoseguro.com.br\/site\/2026\/04\/01\/estou-vivo-e-caminhando-por-causa-de-deus-diz-fisiculturista-com-paralisia-cerebral\/"},"modified":"2026-04-01T16:28:29","modified_gmt":"2026-04-01T19:28:29","slug":"estou-vivo-e-caminhando-por-causa-de-deus-diz-fisiculturista-com-paralisia-cerebral","status":"publish","type":"post","link":"https:\/\/radioportoseguro.com.br\/site\/2026\/04\/01\/estou-vivo-e-caminhando-por-causa-de-deus-diz-fisiculturista-com-paralisia-cerebral\/","title":{"rendered":"\u201cEstou vivo e caminhando por causa de Deus\u201d, diz fisiculturista com paralisia cerebral"},"content":{"rendered":"<p><br \/>\n<br \/><\/p>\n<div>\n<p><span style=\"font-weight: 400;\">Alex Luz, o influenciador e fisiculturista conhecido nas redes sociais como \u201cL\u00e9k\u00e3o\u201d, enfrentou dificuldades desde seu nascimento.<\/span><\/p>\n<p><span style=\"font-weight: 400;\">\u201cMinha m\u00e3e me deu \u00e0 luz com oito meses de gesta\u00e7\u00e3o e faltou oxig\u00eanio no meu c\u00e9rebro durante o parto. Fiquei 14 dias na UTI\u201d, contou ele, em entrevista ao UOL.<\/span><\/p>\n<p><span style=\"font-weight: 400;\">\u201cAos tr\u00eas meses de idade, minha m\u00e3e suspeitou que eu tivesse alguma defici\u00eancia, pois meu pesco\u00e7o era mole e ca\u00eddo, n\u00e3o conseguia levant\u00e1-lo. Com 1 aninho comecei a me rastejar no ch\u00e3o, n\u00e3o sentava, n\u00e3o engatinhava nem andava. Na \u00e9poca, n\u00e3o tive nenhum tipo de acompanhamento m\u00e9dico. Mor\u00e1vamos em um s\u00edtio no interior da Bahia e n\u00e3o havia hospitais perto de casa\u201d, explicou.<\/span><\/p>\n<p><span style=\"font-weight: 400;\">Com 2 anos, sua fam\u00edlia buscou atendimento m\u00e9dico em S\u00e3o Paulo e Alex foi diagnosticado com paralisia cerebral.<\/span><\/p>\n<p><span style=\"font-weight: 400;\">Para ter mais qualidade de vida, ele come\u00e7ou a fazer fisioterapia, fonoaudiologia e acompanhamento com neurologista.<\/span><\/p>\n<p><span style=\"font-weight: 400;\">\u201cMinha m\u00e3e nunca aceitou que eu usasse cadeiras de rodas, ela me levava para os lugares no colo ou nos ombros e dizia que eu ia conseguir andar\u201d, comentou Alex.<\/span><\/p>\n<p><span style=\"font-weight: 400;\">Em v\u00eddeo no Instagram com o fisiculturista Julio Balestrin, ele contou que enfrentou discrimina\u00e7\u00e3o desde a inf\u00e2ncia.<\/span><\/p>\n<p><span style=\"font-weight: 400;\">\u201cFalaram pra minha m\u00e3e: \u2018Vai ser uma cruz pro resto da vida e hoje eu estou aqui vivendo\u2019\u201d, declarou.<\/span><\/p>\n<blockquote class=\"instagram-media\" style=\"background: #FFF; border: 0; border-radius: 3px; box-shadow: 0 0 1px 0 rgba(0,0,0,0.5),0 1px 10px 0 rgba(0,0,0,0.15); margin: 1px; max-width: 540px; min-width: 326px; padding: 0; width: calc(100% - 2px);\" data-instgrm-captioned=\"\" data-instgrm-permalink=\"https:\/\/www.instagram.com\/reel\/DWe2SIKANaP\/?utm_source=ig_embed&amp;utm_campaign=loading\" data-instgrm-version=\"14\"><p>&#13;<br \/>\n&#13;\n<\/p><\/blockquote>\n<p><strong>Come\u00e7ou a andar aos 8 anos<\/strong><\/p>\n<p><span style=\"font-weight: 400;\">Com muito esfor\u00e7o, L\u00e9k\u00e3o come\u00e7ou a andar se apoiando em objetos aos 8 anos, e aos 12 conseguiu caminhar sozinho sem ajuda.<\/span><\/p>\n<p><span style=\"font-weight: 400;\">\u201cVivia caindo e com as m\u00e3os e joelhos machucados, mas levantava e seguia em frente. Enfrentava as limita\u00e7\u00f5es e buscava evoluir a cada dia\u201d, lembrou.<\/span><\/p>\n<p><strong>Praticando esportes<\/strong><\/p>\n<p><span style=\"font-weight: 400;\">Nessa \u00e9poca, ele come\u00e7ou a praticar capoeira. O esporte ajudou o adolescente a ter mais for\u00e7a, equil\u00edbrio e coordena\u00e7\u00e3o motora.<\/span><\/p>\n<p><span style=\"font-weight: 400;\">\u201cA capoeira trouxe muitos benef\u00edcios f\u00edsicos e mentais \u2014 os principais foram melhorar a minha autoestima e me ajudar a perder o medo de fazer as coisas e me machucar\u201d, observou.<\/span><\/p>\n<p><span style=\"font-weight: 400;\">Aos 19 anos, Alex passou a fazer muscula\u00e7\u00e3o em uma academia. \u201cNo come\u00e7o, enfrentei dificuldades e preconceito. Passei por algumas situa\u00e7\u00f5es que davam des\u00e2nimo, mas segui em frente\u201d, disse.<\/span><\/p>\n<p><span style=\"font-weight: 400;\">E acrescentou: \u201cEu chamava muito a aten\u00e7\u00e3o na academia, pois era um rapaz magrelo, s\u00f3 pele e osso, e com paralisia cerebral. Ia fazer os exerc\u00edcios e me tremia inteiro. Tinha bastante dificuldade para executar os movimentos e todos ficavam me olhando. Uns ficavam quietos, outros falavam: &#8216;Ele vai se machucar&#8217;, &#8216;O peso vai cair no p\u00e9 dele&#8217;, &#8220;Aqui n\u00e3o \u00e9 lugar pra ele&#8217;. Eu ouvia e seguia treinando\u201d.<\/span><\/p>\n<blockquote class=\"instagram-media\" style=\"background: #FFF; border: 0; border-radius: 3px; box-shadow: 0 0 1px 0 rgba(0,0,0,0.5),0 1px 10px 0 rgba(0,0,0,0.15); margin: 1px; max-width: 540px; min-width: 326px; padding: 0; width: calc(100% - 2px);\" data-instgrm-captioned=\"\" data-instgrm-permalink=\"https:\/\/www.instagram.com\/reel\/DWcdsU9gBxk\/?utm_source=ig_embed&amp;utm_campaign=loading\" data-instgrm-version=\"14\"><p>&#13;<br \/>\n&#13;\n<\/p><\/blockquote>\n<p><strong>Ajuda da f\u00e9<\/strong><\/p>\n<p><span style=\"font-weight: 400;\">O jovem perseverou na academia e o exerc\u00edcio f\u00edsico trouxe v\u00e1rios benef\u00edcios para sua sa\u00fade e independ\u00eancia no dia a dia.<\/span><\/p>\n<p><span style=\"font-weight: 400;\">\u201cEm um ano de muscula\u00e7\u00e3o, indo para a academia seis vezes por semana, diminu\u00ed os tremores e melhorei a coordena\u00e7\u00e3o motora e o equil\u00edbrio. Passei a executar melhor n\u00e3o s\u00f3 os exerc\u00edcios, como tamb\u00e9m atividades do dia a dia: comer sem derrubar a comida, escovar os dentes, arrumar o cabelo, lavar a lou\u00e7a, caminhar e subir e descer escadas\u201d, afirmou.<\/span><\/p>\n<p><span style=\"font-weight: 400;\">Em 2021, Alex iniciou um novo desafio: treinar para se tornar um fisiculturista. Desde ent\u00e3o, ele tem participado de competi\u00e7\u00f5es e compartilhado sua rotina de treinos no Instagram.<\/span><\/p>\n<p><span style=\"font-weight: 400;\">L\u00e9k\u00e3o tem testemunhado como sua f\u00e9 o fez superar os limites da defici\u00eancia. \u201cSe eu estou aqui vivo \u00e9 por causa de Deus. Se eu estou andando hoje, \u00e9 por causa Dele. Foi por causa da f\u00e9 que minha m\u00e3e teve Nele que eu estou aqui em p\u00e9 e treinando\u201d, testemunhou, em v\u00eddeo recente no Instagram.<\/span><\/p>\n<p><span style=\"font-weight: 400;\">\u201cA luta mental \u00e9 a mais dif\u00edcil que tem, mas eu penso em tudo o que eu j\u00e1 superei. Hoje eu estou aqui me superando, alcan\u00e7ando os meus sonhos e ajudando a minha m\u00e3e. Deus \u00e9 bom o tempo todo\u201d.<\/span><\/p>\n<blockquote class=\"instagram-media\" style=\"background: #FFF; border: 0; border-radius: 3px; box-shadow: 0 0 1px 0 rgba(0,0,0,0.5),0 1px 10px 0 rgba(0,0,0,0.15); margin: 1px; max-width: 540px; min-width: 326px; padding: 0; width: calc(100% - 2px);\" data-instgrm-captioned=\"\" data-instgrm-permalink=\"https:\/\/www.instagram.com\/reel\/DTnbXB4APdn\/?utm_source=ig_embed&amp;utm_campaign=loading\" data-instgrm-version=\"14\"><p>&#13;<br \/>\n&#13;\n<\/p><\/blockquote>\n<\/div>\n<p><script async src=\"\/\/www.instagram.com\/embed.js\"><\/script><br \/>\n<br \/><br \/>\n<br \/>Fonte: Guiame <\/p>\n","protected":false},"excerpt":{"rendered":"<p>Alex Luz, o influenciador e fisiculturista conhecido nas redes sociais como \u201cL\u00e9k\u00e3o\u201d, enfrentou dificuldades desde seu nascimento. \u201cMinha m\u00e3e me deu \u00e0 luz com oito meses de gesta\u00e7\u00e3o e faltou oxig\u00eanio no meu c\u00e9rebro durante o parto. Fiquei 14 dias na UTI\u201d, contou ele, em entrevista ao UOL. \u201cAos tr\u00eas meses de idade, minha m\u00e3e [&hellip;]<\/p>\n","protected":false},"author":1,"featured_media":5644,"comment_status":"","ping_status":"open","sticky":false,"template":"","format":"standard","meta":{"footnotes":""},"categories":[43],"tags":[],"class_list":["post-5643","post","type-post","status-publish","format-standard","has-post-thumbnail","hentry","category-destaques"],"yoast_head":"<!-- This site is optimized with the Yoast SEO plugin v26.8 - https:\/\/yoast.com\/product\/yoast-seo-wordpress\/ -->\n<title>\u201cEstou vivo e caminhando por causa de Deus\u201d, diz fisiculturista com paralisia cerebral - R\u00e1dio Porto Seguro<\/title>\n<meta name=\"robots\" content=\"index, follow, max-snippet:-1, max-image-preview:large, max-video-preview:-1\" \/>\n<link rel=\"canonical\" href=\"https:\/\/radioportoseguro.com.br\/site\/2026\/04\/01\/estou-vivo-e-caminhando-por-causa-de-deus-diz-fisiculturista-com-paralisia-cerebral\/\" \/>\n<meta property=\"og:locale\" content=\"pt_BR\" \/>\n<meta property=\"og:type\" content=\"article\" \/>\n<meta property=\"og:title\" content=\"\u201cEstou vivo e caminhando por causa de Deus\u201d, diz fisiculturista com paralisia cerebral - R\u00e1dio Porto Seguro\" \/>\n<meta property=\"og:description\" content=\"Alex Luz, o influenciador e fisiculturista conhecido nas redes sociais como \u201cL\u00e9k\u00e3o\u201d, enfrentou dificuldades desde seu nascimento. \u201cMinha m\u00e3e me deu \u00e0 luz com oito meses de gesta\u00e7\u00e3o e faltou oxig\u00eanio no meu c\u00e9rebro durante o parto. Fiquei 14 dias na UTI\u201d, contou ele, em entrevista ao UOL. \u201cAos tr\u00eas meses de idade, minha m\u00e3e [&hellip;]\" \/>\n<meta property=\"og:url\" content=\"https:\/\/radioportoseguro.com.br\/site\/2026\/04\/01\/estou-vivo-e-caminhando-por-causa-de-deus-diz-fisiculturista-com-paralisia-cerebral\/\" \/>\n<meta property=\"og:site_name\" content=\"R\u00e1dio Porto Seguro\" \/>\n<meta property=\"article:published_time\" content=\"2026-04-01T19:28:29+00:00\" \/>\n<meta property=\"og:image\" content=\"https:\/\/media.guiame.com.br\/archives\/2026\/03\/31\/3425163884-alex-luz.jpeg\" \/>\n<meta name=\"author\" content=\"admin\" \/>\n<meta name=\"twitter:card\" content=\"summary_large_image\" \/>\n<meta name=\"twitter:label1\" content=\"Escrito por\" \/>\n\t<meta name=\"twitter:data1\" content=\"admin\" \/>\n\t<meta name=\"twitter:label2\" content=\"Est. tempo de leitura\" \/>\n\t<meta name=\"twitter:data2\" content=\"3 minutos\" \/>\n<script type=\"application\/ld+json\" class=\"yoast-schema-graph\">{\"@context\":\"https:\/\/schema.org\",\"@graph\":[{\"@type\":\"Article\",\"@id\":\"https:\/\/radioportoseguro.com.br\/site\/2026\/04\/01\/estou-vivo-e-caminhando-por-causa-de-deus-diz-fisiculturista-com-paralisia-cerebral\/#article\",\"isPartOf\":{\"@id\":\"https:\/\/radioportoseguro.com.br\/site\/2026\/04\/01\/estou-vivo-e-caminhando-por-causa-de-deus-diz-fisiculturista-com-paralisia-cerebral\/\"},\"author\":{\"name\":\"admin\",\"@id\":\"https:\/\/radioportoseguro.com.br\/site\/#\/schema\/person\/7630acdc320186f13639d3c067ec089b\"},\"headline\":\"\u201cEstou vivo e caminhando por causa de Deus\u201d, diz fisiculturista com paralisia cerebral\",\"datePublished\":\"2026-04-01T19:28:29+00:00\",\"mainEntityOfPage\":{\"@id\":\"https:\/\/radioportoseguro.com.br\/site\/2026\/04\/01\/estou-vivo-e-caminhando-por-causa-de-deus-diz-fisiculturista-com-paralisia-cerebral\/\"},\"wordCount\":698,\"image\":{\"@id\":\"https:\/\/radioportoseguro.com.br\/site\/2026\/04\/01\/estou-vivo-e-caminhando-por-causa-de-deus-diz-fisiculturista-com-paralisia-cerebral\/#primaryimage\"},\"thumbnailUrl\":\"https:\/\/radioportoseguro.com.br\/site\/wp-content\/uploads\/2026\/04\/3425163884-alex-luz.jpeg\",\"articleSection\":[\"Destaques\"],\"inLanguage\":\"pt-BR\"},{\"@type\":\"WebPage\",\"@id\":\"https:\/\/radioportoseguro.com.br\/site\/2026\/04\/01\/estou-vivo-e-caminhando-por-causa-de-deus-diz-fisiculturista-com-paralisia-cerebral\/\",\"url\":\"https:\/\/radioportoseguro.com.br\/site\/2026\/04\/01\/estou-vivo-e-caminhando-por-causa-de-deus-diz-fisiculturista-com-paralisia-cerebral\/\",\"name\":\"\u201cEstou vivo e caminhando por causa de Deus\u201d, diz fisiculturista com paralisia cerebral - R\u00e1dio Porto Seguro\",\"isPartOf\":{\"@id\":\"https:\/\/radioportoseguro.com.br\/site\/#website\"},\"primaryImageOfPage\":{\"@id\":\"https:\/\/radioportoseguro.com.br\/site\/2026\/04\/01\/estou-vivo-e-caminhando-por-causa-de-deus-diz-fisiculturista-com-paralisia-cerebral\/#primaryimage\"},\"image\":{\"@id\":\"https:\/\/radioportoseguro.com.br\/site\/2026\/04\/01\/estou-vivo-e-caminhando-por-causa-de-deus-diz-fisiculturista-com-paralisia-cerebral\/#primaryimage\"},\"thumbnailUrl\":\"https:\/\/radioportoseguro.com.br\/site\/wp-content\/uploads\/2026\/04\/3425163884-alex-luz.jpeg\",\"datePublished\":\"2026-04-01T19:28:29+00:00\",\"author\":{\"@id\":\"https:\/\/radioportoseguro.com.br\/site\/#\/schema\/person\/7630acdc320186f13639d3c067ec089b\"},\"breadcrumb\":{\"@id\":\"https:\/\/radioportoseguro.com.br\/site\/2026\/04\/01\/estou-vivo-e-caminhando-por-causa-de-deus-diz-fisiculturista-com-paralisia-cerebral\/#breadcrumb\"},\"inLanguage\":\"pt-BR\",\"potentialAction\":[{\"@type\":\"ReadAction\",\"target\":[\"https:\/\/radioportoseguro.com.br\/site\/2026\/04\/01\/estou-vivo-e-caminhando-por-causa-de-deus-diz-fisiculturista-com-paralisia-cerebral\/\"]}]},{\"@type\":\"ImageObject\",\"inLanguage\":\"pt-BR\",\"@id\":\"https:\/\/radioportoseguro.com.br\/site\/2026\/04\/01\/estou-vivo-e-caminhando-por-causa-de-deus-diz-fisiculturista-com-paralisia-cerebral\/#primaryimage\",\"url\":\"https:\/\/radioportoseguro.com.br\/site\/wp-content\/uploads\/2026\/04\/3425163884-alex-luz.jpeg\",\"contentUrl\":\"https:\/\/radioportoseguro.com.br\/site\/wp-content\/uploads\/2026\/04\/3425163884-alex-luz.jpeg\",\"width\":1200,\"height\":600},{\"@type\":\"BreadcrumbList\",\"@id\":\"https:\/\/radioportoseguro.com.br\/site\/2026\/04\/01\/estou-vivo-e-caminhando-por-causa-de-deus-diz-fisiculturista-com-paralisia-cerebral\/#breadcrumb\",\"itemListElement\":[{\"@type\":\"ListItem\",\"position\":1,\"name\":\"In\u00edcio\",\"item\":\"https:\/\/radioportoseguro.com.br\/site\/\"},{\"@type\":\"ListItem\",\"position\":2,\"name\":\"\u201cEstou vivo e caminhando por causa de Deus\u201d, diz fisiculturista com paralisia cerebral\"}]},{\"@type\":\"WebSite\",\"@id\":\"https:\/\/radioportoseguro.com.br\/site\/#website\",\"url\":\"https:\/\/radioportoseguro.com.br\/site\/\",\"name\":\"R\u00e1dio Porto Seguro\",\"description\":\"\",\"potentialAction\":[{\"@type\":\"SearchAction\",\"target\":{\"@type\":\"EntryPoint\",\"urlTemplate\":\"https:\/\/radioportoseguro.com.br\/site\/?s={search_term_string}\"},\"query-input\":{\"@type\":\"PropertyValueSpecification\",\"valueRequired\":true,\"valueName\":\"search_term_string\"}}],\"inLanguage\":\"pt-BR\"},{\"@type\":\"Person\",\"@id\":\"https:\/\/radioportoseguro.com.br\/site\/#\/schema\/person\/7630acdc320186f13639d3c067ec089b\",\"name\":\"admin\",\"image\":{\"@type\":\"ImageObject\",\"inLanguage\":\"pt-BR\",\"@id\":\"https:\/\/radioportoseguro.com.br\/site\/#\/schema\/person\/image\/\",\"url\":\"https:\/\/secure.gravatar.com\/avatar\/caacf4dc1eedb68fab0df8e1ed46c448e578b2466351bbcb61e47d2ac0caaef0?s=96&d=mm&r=g\",\"contentUrl\":\"https:\/\/secure.gravatar.com\/avatar\/caacf4dc1eedb68fab0df8e1ed46c448e578b2466351bbcb61e47d2ac0caaef0?s=96&d=mm&r=g\",\"caption\":\"admin\"},\"sameAs\":[\"https:\/\/radioportoseguro.com.br\/site\"],\"url\":\"https:\/\/radioportoseguro.com.br\/site\/author\/hezio\/\"}]}<\/script>\n<!-- \/ Yoast SEO plugin. -->","yoast_head_json":{"title":"\u201cEstou vivo e caminhando por causa de Deus\u201d, diz fisiculturista com paralisia cerebral - R\u00e1dio Porto Seguro","robots":{"index":"index","follow":"follow","max-snippet":"max-snippet:-1","max-image-preview":"max-image-preview:large","max-video-preview":"max-video-preview:-1"},"canonical":"https:\/\/radioportoseguro.com.br\/site\/2026\/04\/01\/estou-vivo-e-caminhando-por-causa-de-deus-diz-fisiculturista-com-paralisia-cerebral\/","og_locale":"pt_BR","og_type":"article","og_title":"\u201cEstou vivo e caminhando por causa de Deus\u201d, diz fisiculturista com paralisia cerebral - R\u00e1dio Porto Seguro","og_description":"Alex Luz, o influenciador e fisiculturista conhecido nas redes sociais como \u201cL\u00e9k\u00e3o\u201d, enfrentou dificuldades desde seu nascimento. \u201cMinha m\u00e3e me deu \u00e0 luz com oito meses de gesta\u00e7\u00e3o e faltou oxig\u00eanio no meu c\u00e9rebro durante o parto. Fiquei 14 dias na UTI\u201d, contou ele, em entrevista ao UOL. \u201cAos tr\u00eas meses de idade, minha m\u00e3e [&hellip;]","og_url":"https:\/\/radioportoseguro.com.br\/site\/2026\/04\/01\/estou-vivo-e-caminhando-por-causa-de-deus-diz-fisiculturista-com-paralisia-cerebral\/","og_site_name":"R\u00e1dio Porto Seguro","article_published_time":"2026-04-01T19:28:29+00:00","og_image":[{"url":"https:\/\/media.guiame.com.br\/archives\/2026\/03\/31\/3425163884-alex-luz.jpeg","type":"","width":"","height":""}],"author":"admin","twitter_card":"summary_large_image","twitter_misc":{"Escrito por":"admin","Est. tempo de leitura":"3 minutos"},"schema":{"@context":"https:\/\/schema.org","@graph":[{"@type":"Article","@id":"https:\/\/radioportoseguro.com.br\/site\/2026\/04\/01\/estou-vivo-e-caminhando-por-causa-de-deus-diz-fisiculturista-com-paralisia-cerebral\/#article","isPartOf":{"@id":"https:\/\/radioportoseguro.com.br\/site\/2026\/04\/01\/estou-vivo-e-caminhando-por-causa-de-deus-diz-fisiculturista-com-paralisia-cerebral\/"},"author":{"name":"admin","@id":"https:\/\/radioportoseguro.com.br\/site\/#\/schema\/person\/7630acdc320186f13639d3c067ec089b"},"headline":"\u201cEstou vivo e caminhando por causa de Deus\u201d, diz fisiculturista com paralisia cerebral","datePublished":"2026-04-01T19:28:29+00:00","mainEntityOfPage":{"@id":"https:\/\/radioportoseguro.com.br\/site\/2026\/04\/01\/estou-vivo-e-caminhando-por-causa-de-deus-diz-fisiculturista-com-paralisia-cerebral\/"},"wordCount":698,"image":{"@id":"https:\/\/radioportoseguro.com.br\/site\/2026\/04\/01\/estou-vivo-e-caminhando-por-causa-de-deus-diz-fisiculturista-com-paralisia-cerebral\/#primaryimage"},"thumbnailUrl":"https:\/\/radioportoseguro.com.br\/site\/wp-content\/uploads\/2026\/04\/3425163884-alex-luz.jpeg","articleSection":["Destaques"],"inLanguage":"pt-BR"},{"@type":"WebPage","@id":"https:\/\/radioportoseguro.com.br\/site\/2026\/04\/01\/estou-vivo-e-caminhando-por-causa-de-deus-diz-fisiculturista-com-paralisia-cerebral\/","url":"https:\/\/radioportoseguro.com.br\/site\/2026\/04\/01\/estou-vivo-e-caminhando-por-causa-de-deus-diz-fisiculturista-com-paralisia-cerebral\/","name":"\u201cEstou vivo e caminhando por causa de Deus\u201d, diz fisiculturista com paralisia cerebral - R\u00e1dio Porto Seguro","isPartOf":{"@id":"https:\/\/radioportoseguro.com.br\/site\/#website"},"primaryImageOfPage":{"@id":"https:\/\/radioportoseguro.com.br\/site\/2026\/04\/01\/estou-vivo-e-caminhando-por-causa-de-deus-diz-fisiculturista-com-paralisia-cerebral\/#primaryimage"},"image":{"@id":"https:\/\/radioportoseguro.com.br\/site\/2026\/04\/01\/estou-vivo-e-caminhando-por-causa-de-deus-diz-fisiculturista-com-paralisia-cerebral\/#primaryimage"},"thumbnailUrl":"https:\/\/radioportoseguro.com.br\/site\/wp-content\/uploads\/2026\/04\/3425163884-alex-luz.jpeg","datePublished":"2026-04-01T19:28:29+00:00","author":{"@id":"https:\/\/radioportoseguro.com.br\/site\/#\/schema\/person\/7630acdc320186f13639d3c067ec089b"},"breadcrumb":{"@id":"https:\/\/radioportoseguro.com.br\/site\/2026\/04\/01\/estou-vivo-e-caminhando-por-causa-de-deus-diz-fisiculturista-com-paralisia-cerebral\/#breadcrumb"},"inLanguage":"pt-BR","potentialAction":[{"@type":"ReadAction","target":["https:\/\/radioportoseguro.com.br\/site\/2026\/04\/01\/estou-vivo-e-caminhando-por-causa-de-deus-diz-fisiculturista-com-paralisia-cerebral\/"]}]},{"@type":"ImageObject","inLanguage":"pt-BR","@id":"https:\/\/radioportoseguro.com.br\/site\/2026\/04\/01\/estou-vivo-e-caminhando-por-causa-de-deus-diz-fisiculturista-com-paralisia-cerebral\/#primaryimage","url":"https:\/\/radioportoseguro.com.br\/site\/wp-content\/uploads\/2026\/04\/3425163884-alex-luz.jpeg","contentUrl":"https:\/\/radioportoseguro.com.br\/site\/wp-content\/uploads\/2026\/04\/3425163884-alex-luz.jpeg","width":1200,"height":600},{"@type":"BreadcrumbList","@id":"https:\/\/radioportoseguro.com.br\/site\/2026\/04\/01\/estou-vivo-e-caminhando-por-causa-de-deus-diz-fisiculturista-com-paralisia-cerebral\/#breadcrumb","itemListElement":[{"@type":"ListItem","position":1,"name":"In\u00edcio","item":"https:\/\/radioportoseguro.com.br\/site\/"},{"@type":"ListItem","position":2,"name":"\u201cEstou vivo e caminhando por causa de Deus\u201d, diz fisiculturista com paralisia cerebral"}]},{"@type":"WebSite","@id":"https:\/\/radioportoseguro.com.br\/site\/#website","url":"https:\/\/radioportoseguro.com.br\/site\/","name":"R\u00e1dio Porto Seguro","description":"","potentialAction":[{"@type":"SearchAction","target":{"@type":"EntryPoint","urlTemplate":"https:\/\/radioportoseguro.com.br\/site\/?s={search_term_string}"},"query-input":{"@type":"PropertyValueSpecification","valueRequired":true,"valueName":"search_term_string"}}],"inLanguage":"pt-BR"},{"@type":"Person","@id":"https:\/\/radioportoseguro.com.br\/site\/#\/schema\/person\/7630acdc320186f13639d3c067ec089b","name":"admin","image":{"@type":"ImageObject","inLanguage":"pt-BR","@id":"https:\/\/radioportoseguro.com.br\/site\/#\/schema\/person\/image\/","url":"https:\/\/secure.gravatar.com\/avatar\/caacf4dc1eedb68fab0df8e1ed46c448e578b2466351bbcb61e47d2ac0caaef0?s=96&d=mm&r=g","contentUrl":"https:\/\/secure.gravatar.com\/avatar\/caacf4dc1eedb68fab0df8e1ed46c448e578b2466351bbcb61e47d2ac0caaef0?s=96&d=mm&r=g","caption":"admin"},"sameAs":["https:\/\/radioportoseguro.com.br\/site"],"url":"https:\/\/radioportoseguro.com.br\/site\/author\/hezio\/"}]}},"_links":{"self":[{"href":"https:\/\/radioportoseguro.com.br\/site\/wp-json\/wp\/v2\/posts\/5643","targetHints":{"allow":["GET"]}}],"collection":[{"href":"https:\/\/radioportoseguro.com.br\/site\/wp-json\/wp\/v2\/posts"}],"about":[{"href":"https:\/\/radioportoseguro.com.br\/site\/wp-json\/wp\/v2\/types\/post"}],"author":[{"embeddable":true,"href":"https:\/\/radioportoseguro.com.br\/site\/wp-json\/wp\/v2\/users\/1"}],"replies":[{"embeddable":true,"href":"https:\/\/radioportoseguro.com.br\/site\/wp-json\/wp\/v2\/comments?post=5643"}],"version-history":[{"count":0,"href":"https:\/\/radioportoseguro.com.br\/site\/wp-json\/wp\/v2\/posts\/5643\/revisions"}],"wp:featuredmedia":[{"embeddable":true,"href":"https:\/\/radioportoseguro.com.br\/site\/wp-json\/wp\/v2\/media\/5644"}],"wp:attachment":[{"href":"https:\/\/radioportoseguro.com.br\/site\/wp-json\/wp\/v2\/media?parent=5643"}],"wp:term":[{"taxonomy":"category","embeddable":true,"href":"https:\/\/radioportoseguro.com.br\/site\/wp-json\/wp\/v2\/categories?post=5643"},{"taxonomy":"post_tag","embeddable":true,"href":"https:\/\/radioportoseguro.com.br\/site\/wp-json\/wp\/v2\/tags?post=5643"}],"curies":[{"name":"wp","href":"https:\/\/api.w.org\/{rel}","templated":true}]}}