{"id":5651,"date":"2026-04-01T22:41:01","date_gmt":"2026-04-02T01:41:01","guid":{"rendered":"https:\/\/radioportoseguro.com.br\/site\/2026\/04\/01\/estudante-de-direito-evangeliza-amigos-na-faculdade-em-mg-meu-campo-missionario\/"},"modified":"2026-04-01T22:41:01","modified_gmt":"2026-04-02T01:41:01","slug":"estudante-de-direito-evangeliza-amigos-na-faculdade-em-mg-meu-campo-missionario","status":"publish","type":"post","link":"https:\/\/radioportoseguro.com.br\/site\/2026\/04\/01\/estudante-de-direito-evangeliza-amigos-na-faculdade-em-mg-meu-campo-missionario\/","title":{"rendered":"Estudante de Direito evangeliza amigos na faculdade em MG: \u2018Meu campo mission\u00e1rio\u2019"},"content":{"rendered":"<p><br \/>\n<\/p>\n<div>\n<p><span style=\"font-weight: 400;\">Uma jovem universit\u00e1ria encontrou seu prop\u00f3sito em meio \u00e0 rotina da vida acad\u00eamica ap\u00f3s participar de um <\/span><span style=\"color: #993300;\"><strong>estudo b\u00edblico<\/strong><\/span><span style=\"font-weight: 400;\"> na faculdade que tem levado muitos jovens a Jesus.<\/span><\/p>\n<p><span style=\"font-weight: 400;\">Mariana Brito, estudante de Direito, passou a participar de um grupo de estudo b\u00edblico realizado duas vezes por semana, durante o intervalo das aulas na Universidade de Uberaba (UNIUBE), campus de Uberl\u00e2ndia (MG).<\/span><\/p>\n<p><span style=\"font-weight: 400;\">\u00c0 medida que participava dos encontros, Mariana teve a f\u00e9 fortalecida e passou a entender a oportunidade de evangelizar outros <\/span><strong><span style=\"color: #993300;\">estudantes<\/span> <\/strong><span style=\"font-weight: 400;\">como sua miss\u00e3o.<\/span><\/p>\n<p><span style=\"font-weight: 400;\">\u201cTalvez eu possa ser a \u00fanica B\u00edblia que muitos v\u00e3o ler. Muitos n\u00e3o v\u00e3o \u00e0 igreja, mas eu posso levar a Palavra de Deus at\u00e9 eles\u201d, disse a jovem ao Not\u00edcias Adventistas.<\/span><\/p>\n<p><strong>Prop\u00f3sito de Deus<\/strong><\/p>\n<p><span style=\"font-weight: 400;\">Desde que come\u00e7ou a estudar a B\u00edblia, Mariana cresceu em seu relacionamento com Deus e busca refletir Cristo no dia a dia.<\/span><\/p>\n<p><span style=\"font-weight: 400;\">Entre estudos, trabalho e outros compromissos, ela afirmou: \u201cNa correria, parece que o tempo voa, mas eu entendi que estou aqui com um prop\u00f3sito. Deus precisa ser prioridade\u201d.<\/span><\/p>\n<p><span style=\"font-weight: 400;\">Assim, a faculdade se tornou seu campo mission\u00e1rio: \u201cDessa forma, ao transformar sua sala de aula em um lugar de testemunho, Mariana inspira outros a fazerem o mesmo: reconhecer que o lugar onde cada um est\u00e1 \u00e9, tamb\u00e9m, o lugar onde Deus quer agir\u201d.<\/span><\/p>\n<p style=\"text-align: center;\"><span style=\"font-weight: 400;\"><br \/><\/span><sup><span style=\"font-weight: 400; color: #808080;\">O grupo de estudo b\u00edblico acontece duas vezes por semana durante o intervalo das aulas. (Foto: Reprodu\u00e7\u00e3o\/Not\u00edcias Adventistas)<\/span><\/sup><\/p>\n<p><span style=\"font-weight: 400;\">No dia 21 de mar\u00e7o, muitos jovens mobilizaram uma a\u00e7\u00e3o evangel\u00edstica na regi\u00e3o oeste e sudoeste de Minas Gerais.<\/span><\/p>\n<p><span style=\"font-weight: 400;\">Dentre as a\u00e7\u00f5es evangel\u00edsticas, eles realizaram visitas a pessoas afastadas da igreja, atividades em asilos e orfanatos, feiras de sa\u00fade, arrecada\u00e7\u00e3o de alimentos e serenatas.\u00a0<\/span><\/p>\n<p><span style=\"font-weight: 400;\">O objetivo de cada iniciativa era demonstrar, na pr\u00e1tica, o amor de Jesus. Al\u00e9m disso, igrejas locais tamb\u00e9m participaram das a\u00e7\u00f5es encorajando os jovens a se posicionarem como \u201cagentes de transforma\u00e7\u00e3o\u201d.<\/span><\/p>\n<\/div>\n<p><br \/>\n<br \/>Fonte: Guiame <\/p>\n","protected":false},"excerpt":{"rendered":"<p>Uma jovem universit\u00e1ria encontrou seu prop\u00f3sito em meio \u00e0 rotina da vida acad\u00eamica ap\u00f3s participar de um estudo b\u00edblico na faculdade que tem levado muitos jovens a Jesus. Mariana Brito, estudante de Direito, passou a participar de um grupo de estudo b\u00edblico realizado duas vezes por semana, durante o intervalo das aulas na Universidade de [&hellip;]<\/p>\n","protected":false},"author":1,"featured_media":5652,"comment_status":"","ping_status":"open","sticky":false,"template":"","format":"standard","meta":{"footnotes":""},"categories":[43],"tags":[],"class_list":["post-5651","post","type-post","status-publish","format-standard","has-post-thumbnail","hentry","category-destaques"],"yoast_head":"<!-- This site is optimized with the Yoast SEO plugin v26.8 - https:\/\/yoast.com\/product\/yoast-seo-wordpress\/ -->\n<title>Estudante de Direito evangeliza amigos na faculdade em MG: \u2018Meu campo mission\u00e1rio\u2019 - R\u00e1dio Porto Seguro<\/title>\n<meta name=\"robots\" content=\"index, follow, max-snippet:-1, max-image-preview:large, max-video-preview:-1\" \/>\n<link rel=\"canonical\" href=\"https:\/\/radioportoseguro.com.br\/site\/2026\/04\/01\/estudante-de-direito-evangeliza-amigos-na-faculdade-em-mg-meu-campo-missionario\/\" \/>\n<meta property=\"og:locale\" content=\"pt_BR\" \/>\n<meta property=\"og:type\" content=\"article\" \/>\n<meta property=\"og:title\" content=\"Estudante de Direito evangeliza amigos na faculdade em MG: \u2018Meu campo mission\u00e1rio\u2019 - R\u00e1dio Porto Seguro\" \/>\n<meta property=\"og:description\" content=\"Uma jovem universit\u00e1ria encontrou seu prop\u00f3sito em meio \u00e0 rotina da vida acad\u00eamica ap\u00f3s participar de um estudo b\u00edblico na faculdade que tem levado muitos jovens a Jesus. Mariana Brito, estudante de Direito, passou a participar de um grupo de estudo b\u00edblico realizado duas vezes por semana, durante o intervalo das aulas na Universidade de [&hellip;]\" \/>\n<meta property=\"og:url\" content=\"https:\/\/radioportoseguro.com.br\/site\/2026\/04\/01\/estudante-de-direito-evangeliza-amigos-na-faculdade-em-mg-meu-campo-missionario\/\" \/>\n<meta property=\"og:site_name\" content=\"R\u00e1dio Porto Seguro\" \/>\n<meta property=\"article:published_time\" content=\"2026-04-02T01:41:01+00:00\" \/>\n<meta property=\"og:image\" content=\"https:\/\/thumbor.guiame.com.br\/unsafe\/smart\/https:\/\/media.guiame.com.br\/archives\/2026\/03\/31\/2213494159-.jpeg\" \/>\n<meta name=\"author\" content=\"admin\" \/>\n<meta name=\"twitter:card\" content=\"summary_large_image\" \/>\n<meta name=\"twitter:label1\" content=\"Escrito por\" \/>\n\t<meta name=\"twitter:data1\" content=\"admin\" \/>\n\t<meta name=\"twitter:label2\" content=\"Est. tempo de leitura\" \/>\n\t<meta name=\"twitter:data2\" content=\"2 minutos\" \/>\n<script type=\"application\/ld+json\" class=\"yoast-schema-graph\">{\"@context\":\"https:\/\/schema.org\",\"@graph\":[{\"@type\":\"Article\",\"@id\":\"https:\/\/radioportoseguro.com.br\/site\/2026\/04\/01\/estudante-de-direito-evangeliza-amigos-na-faculdade-em-mg-meu-campo-missionario\/#article\",\"isPartOf\":{\"@id\":\"https:\/\/radioportoseguro.com.br\/site\/2026\/04\/01\/estudante-de-direito-evangeliza-amigos-na-faculdade-em-mg-meu-campo-missionario\/\"},\"author\":{\"name\":\"admin\",\"@id\":\"https:\/\/radioportoseguro.com.br\/site\/#\/schema\/person\/7630acdc320186f13639d3c067ec089b\"},\"headline\":\"Estudante de Direito evangeliza amigos na faculdade em MG: \u2018Meu campo mission\u00e1rio\u2019\",\"datePublished\":\"2026-04-02T01:41:01+00:00\",\"mainEntityOfPage\":{\"@id\":\"https:\/\/radioportoseguro.com.br\/site\/2026\/04\/01\/estudante-de-direito-evangeliza-amigos-na-faculdade-em-mg-meu-campo-missionario\/\"},\"wordCount\":355,\"image\":{\"@id\":\"https:\/\/radioportoseguro.com.br\/site\/2026\/04\/01\/estudante-de-direito-evangeliza-amigos-na-faculdade-em-mg-meu-campo-missionario\/#primaryimage\"},\"thumbnailUrl\":\"https:\/\/radioportoseguro.com.br\/site\/wp-content\/uploads\/2026\/04\/1149612381-o-grupo-de-estudo-biblico-na-universidade-de-uberaba.jpeg\",\"articleSection\":[\"Destaques\"],\"inLanguage\":\"pt-BR\"},{\"@type\":\"WebPage\",\"@id\":\"https:\/\/radioportoseguro.com.br\/site\/2026\/04\/01\/estudante-de-direito-evangeliza-amigos-na-faculdade-em-mg-meu-campo-missionario\/\",\"url\":\"https:\/\/radioportoseguro.com.br\/site\/2026\/04\/01\/estudante-de-direito-evangeliza-amigos-na-faculdade-em-mg-meu-campo-missionario\/\",\"name\":\"Estudante de Direito evangeliza amigos na faculdade em MG: \u2018Meu campo mission\u00e1rio\u2019 - R\u00e1dio Porto Seguro\",\"isPartOf\":{\"@id\":\"https:\/\/radioportoseguro.com.br\/site\/#website\"},\"primaryImageOfPage\":{\"@id\":\"https:\/\/radioportoseguro.com.br\/site\/2026\/04\/01\/estudante-de-direito-evangeliza-amigos-na-faculdade-em-mg-meu-campo-missionario\/#primaryimage\"},\"image\":{\"@id\":\"https:\/\/radioportoseguro.com.br\/site\/2026\/04\/01\/estudante-de-direito-evangeliza-amigos-na-faculdade-em-mg-meu-campo-missionario\/#primaryimage\"},\"thumbnailUrl\":\"https:\/\/radioportoseguro.com.br\/site\/wp-content\/uploads\/2026\/04\/1149612381-o-grupo-de-estudo-biblico-na-universidade-de-uberaba.jpeg\",\"datePublished\":\"2026-04-02T01:41:01+00:00\",\"author\":{\"@id\":\"https:\/\/radioportoseguro.com.br\/site\/#\/schema\/person\/7630acdc320186f13639d3c067ec089b\"},\"breadcrumb\":{\"@id\":\"https:\/\/radioportoseguro.com.br\/site\/2026\/04\/01\/estudante-de-direito-evangeliza-amigos-na-faculdade-em-mg-meu-campo-missionario\/#breadcrumb\"},\"inLanguage\":\"pt-BR\",\"potentialAction\":[{\"@type\":\"ReadAction\",\"target\":[\"https:\/\/radioportoseguro.com.br\/site\/2026\/04\/01\/estudante-de-direito-evangeliza-amigos-na-faculdade-em-mg-meu-campo-missionario\/\"]}]},{\"@type\":\"ImageObject\",\"inLanguage\":\"pt-BR\",\"@id\":\"https:\/\/radioportoseguro.com.br\/site\/2026\/04\/01\/estudante-de-direito-evangeliza-amigos-na-faculdade-em-mg-meu-campo-missionario\/#primaryimage\",\"url\":\"https:\/\/radioportoseguro.com.br\/site\/wp-content\/uploads\/2026\/04\/1149612381-o-grupo-de-estudo-biblico-na-universidade-de-uberaba.jpeg\",\"contentUrl\":\"https:\/\/radioportoseguro.com.br\/site\/wp-content\/uploads\/2026\/04\/1149612381-o-grupo-de-estudo-biblico-na-universidade-de-uberaba.jpeg\",\"width\":1200,\"height\":600},{\"@type\":\"BreadcrumbList\",\"@id\":\"https:\/\/radioportoseguro.com.br\/site\/2026\/04\/01\/estudante-de-direito-evangeliza-amigos-na-faculdade-em-mg-meu-campo-missionario\/#breadcrumb\",\"itemListElement\":[{\"@type\":\"ListItem\",\"position\":1,\"name\":\"In\u00edcio\",\"item\":\"https:\/\/radioportoseguro.com.br\/site\/\"},{\"@type\":\"ListItem\",\"position\":2,\"name\":\"Estudante de Direito evangeliza amigos na faculdade em MG: \u2018Meu campo mission\u00e1rio\u2019\"}]},{\"@type\":\"WebSite\",\"@id\":\"https:\/\/radioportoseguro.com.br\/site\/#website\",\"url\":\"https:\/\/radioportoseguro.com.br\/site\/\",\"name\":\"R\u00e1dio Porto Seguro\",\"description\":\"\",\"potentialAction\":[{\"@type\":\"SearchAction\",\"target\":{\"@type\":\"EntryPoint\",\"urlTemplate\":\"https:\/\/radioportoseguro.com.br\/site\/?s={search_term_string}\"},\"query-input\":{\"@type\":\"PropertyValueSpecification\",\"valueRequired\":true,\"valueName\":\"search_term_string\"}}],\"inLanguage\":\"pt-BR\"},{\"@type\":\"Person\",\"@id\":\"https:\/\/radioportoseguro.com.br\/site\/#\/schema\/person\/7630acdc320186f13639d3c067ec089b\",\"name\":\"admin\",\"image\":{\"@type\":\"ImageObject\",\"inLanguage\":\"pt-BR\",\"@id\":\"https:\/\/radioportoseguro.com.br\/site\/#\/schema\/person\/image\/\",\"url\":\"https:\/\/secure.gravatar.com\/avatar\/caacf4dc1eedb68fab0df8e1ed46c448e578b2466351bbcb61e47d2ac0caaef0?s=96&d=mm&r=g\",\"contentUrl\":\"https:\/\/secure.gravatar.com\/avatar\/caacf4dc1eedb68fab0df8e1ed46c448e578b2466351bbcb61e47d2ac0caaef0?s=96&d=mm&r=g\",\"caption\":\"admin\"},\"sameAs\":[\"https:\/\/radioportoseguro.com.br\/site\"],\"url\":\"https:\/\/radioportoseguro.com.br\/site\/author\/hezio\/\"}]}<\/script>\n<!-- \/ Yoast SEO plugin. -->","yoast_head_json":{"title":"Estudante de Direito evangeliza amigos na faculdade em MG: \u2018Meu campo mission\u00e1rio\u2019 - R\u00e1dio Porto Seguro","robots":{"index":"index","follow":"follow","max-snippet":"max-snippet:-1","max-image-preview":"max-image-preview:large","max-video-preview":"max-video-preview:-1"},"canonical":"https:\/\/radioportoseguro.com.br\/site\/2026\/04\/01\/estudante-de-direito-evangeliza-amigos-na-faculdade-em-mg-meu-campo-missionario\/","og_locale":"pt_BR","og_type":"article","og_title":"Estudante de Direito evangeliza amigos na faculdade em MG: \u2018Meu campo mission\u00e1rio\u2019 - R\u00e1dio Porto Seguro","og_description":"Uma jovem universit\u00e1ria encontrou seu prop\u00f3sito em meio \u00e0 rotina da vida acad\u00eamica ap\u00f3s participar de um estudo b\u00edblico na faculdade que tem levado muitos jovens a Jesus. Mariana Brito, estudante de Direito, passou a participar de um grupo de estudo b\u00edblico realizado duas vezes por semana, durante o intervalo das aulas na Universidade de [&hellip;]","og_url":"https:\/\/radioportoseguro.com.br\/site\/2026\/04\/01\/estudante-de-direito-evangeliza-amigos-na-faculdade-em-mg-meu-campo-missionario\/","og_site_name":"R\u00e1dio Porto Seguro","article_published_time":"2026-04-02T01:41:01+00:00","og_image":[{"url":"https:\/\/thumbor.guiame.com.br\/unsafe\/smart\/https:\/\/media.guiame.com.br\/archives\/2026\/03\/31\/2213494159-.jpeg","type":"","width":"","height":""}],"author":"admin","twitter_card":"summary_large_image","twitter_misc":{"Escrito por":"admin","Est. tempo de leitura":"2 minutos"},"schema":{"@context":"https:\/\/schema.org","@graph":[{"@type":"Article","@id":"https:\/\/radioportoseguro.com.br\/site\/2026\/04\/01\/estudante-de-direito-evangeliza-amigos-na-faculdade-em-mg-meu-campo-missionario\/#article","isPartOf":{"@id":"https:\/\/radioportoseguro.com.br\/site\/2026\/04\/01\/estudante-de-direito-evangeliza-amigos-na-faculdade-em-mg-meu-campo-missionario\/"},"author":{"name":"admin","@id":"https:\/\/radioportoseguro.com.br\/site\/#\/schema\/person\/7630acdc320186f13639d3c067ec089b"},"headline":"Estudante de Direito evangeliza amigos na faculdade em MG: \u2018Meu campo mission\u00e1rio\u2019","datePublished":"2026-04-02T01:41:01+00:00","mainEntityOfPage":{"@id":"https:\/\/radioportoseguro.com.br\/site\/2026\/04\/01\/estudante-de-direito-evangeliza-amigos-na-faculdade-em-mg-meu-campo-missionario\/"},"wordCount":355,"image":{"@id":"https:\/\/radioportoseguro.com.br\/site\/2026\/04\/01\/estudante-de-direito-evangeliza-amigos-na-faculdade-em-mg-meu-campo-missionario\/#primaryimage"},"thumbnailUrl":"https:\/\/radioportoseguro.com.br\/site\/wp-content\/uploads\/2026\/04\/1149612381-o-grupo-de-estudo-biblico-na-universidade-de-uberaba.jpeg","articleSection":["Destaques"],"inLanguage":"pt-BR"},{"@type":"WebPage","@id":"https:\/\/radioportoseguro.com.br\/site\/2026\/04\/01\/estudante-de-direito-evangeliza-amigos-na-faculdade-em-mg-meu-campo-missionario\/","url":"https:\/\/radioportoseguro.com.br\/site\/2026\/04\/01\/estudante-de-direito-evangeliza-amigos-na-faculdade-em-mg-meu-campo-missionario\/","name":"Estudante de Direito evangeliza amigos na faculdade em MG: \u2018Meu campo mission\u00e1rio\u2019 - R\u00e1dio Porto Seguro","isPartOf":{"@id":"https:\/\/radioportoseguro.com.br\/site\/#website"},"primaryImageOfPage":{"@id":"https:\/\/radioportoseguro.com.br\/site\/2026\/04\/01\/estudante-de-direito-evangeliza-amigos-na-faculdade-em-mg-meu-campo-missionario\/#primaryimage"},"image":{"@id":"https:\/\/radioportoseguro.com.br\/site\/2026\/04\/01\/estudante-de-direito-evangeliza-amigos-na-faculdade-em-mg-meu-campo-missionario\/#primaryimage"},"thumbnailUrl":"https:\/\/radioportoseguro.com.br\/site\/wp-content\/uploads\/2026\/04\/1149612381-o-grupo-de-estudo-biblico-na-universidade-de-uberaba.jpeg","datePublished":"2026-04-02T01:41:01+00:00","author":{"@id":"https:\/\/radioportoseguro.com.br\/site\/#\/schema\/person\/7630acdc320186f13639d3c067ec089b"},"breadcrumb":{"@id":"https:\/\/radioportoseguro.com.br\/site\/2026\/04\/01\/estudante-de-direito-evangeliza-amigos-na-faculdade-em-mg-meu-campo-missionario\/#breadcrumb"},"inLanguage":"pt-BR","potentialAction":[{"@type":"ReadAction","target":["https:\/\/radioportoseguro.com.br\/site\/2026\/04\/01\/estudante-de-direito-evangeliza-amigos-na-faculdade-em-mg-meu-campo-missionario\/"]}]},{"@type":"ImageObject","inLanguage":"pt-BR","@id":"https:\/\/radioportoseguro.com.br\/site\/2026\/04\/01\/estudante-de-direito-evangeliza-amigos-na-faculdade-em-mg-meu-campo-missionario\/#primaryimage","url":"https:\/\/radioportoseguro.com.br\/site\/wp-content\/uploads\/2026\/04\/1149612381-o-grupo-de-estudo-biblico-na-universidade-de-uberaba.jpeg","contentUrl":"https:\/\/radioportoseguro.com.br\/site\/wp-content\/uploads\/2026\/04\/1149612381-o-grupo-de-estudo-biblico-na-universidade-de-uberaba.jpeg","width":1200,"height":600},{"@type":"BreadcrumbList","@id":"https:\/\/radioportoseguro.com.br\/site\/2026\/04\/01\/estudante-de-direito-evangeliza-amigos-na-faculdade-em-mg-meu-campo-missionario\/#breadcrumb","itemListElement":[{"@type":"ListItem","position":1,"name":"In\u00edcio","item":"https:\/\/radioportoseguro.com.br\/site\/"},{"@type":"ListItem","position":2,"name":"Estudante de Direito evangeliza amigos na faculdade em MG: \u2018Meu campo mission\u00e1rio\u2019"}]},{"@type":"WebSite","@id":"https:\/\/radioportoseguro.com.br\/site\/#website","url":"https:\/\/radioportoseguro.com.br\/site\/","name":"R\u00e1dio Porto Seguro","description":"","potentialAction":[{"@type":"SearchAction","target":{"@type":"EntryPoint","urlTemplate":"https:\/\/radioportoseguro.com.br\/site\/?s={search_term_string}"},"query-input":{"@type":"PropertyValueSpecification","valueRequired":true,"valueName":"search_term_string"}}],"inLanguage":"pt-BR"},{"@type":"Person","@id":"https:\/\/radioportoseguro.com.br\/site\/#\/schema\/person\/7630acdc320186f13639d3c067ec089b","name":"admin","image":{"@type":"ImageObject","inLanguage":"pt-BR","@id":"https:\/\/radioportoseguro.com.br\/site\/#\/schema\/person\/image\/","url":"https:\/\/secure.gravatar.com\/avatar\/caacf4dc1eedb68fab0df8e1ed46c448e578b2466351bbcb61e47d2ac0caaef0?s=96&d=mm&r=g","contentUrl":"https:\/\/secure.gravatar.com\/avatar\/caacf4dc1eedb68fab0df8e1ed46c448e578b2466351bbcb61e47d2ac0caaef0?s=96&d=mm&r=g","caption":"admin"},"sameAs":["https:\/\/radioportoseguro.com.br\/site"],"url":"https:\/\/radioportoseguro.com.br\/site\/author\/hezio\/"}]}},"_links":{"self":[{"href":"https:\/\/radioportoseguro.com.br\/site\/wp-json\/wp\/v2\/posts\/5651","targetHints":{"allow":["GET"]}}],"collection":[{"href":"https:\/\/radioportoseguro.com.br\/site\/wp-json\/wp\/v2\/posts"}],"about":[{"href":"https:\/\/radioportoseguro.com.br\/site\/wp-json\/wp\/v2\/types\/post"}],"author":[{"embeddable":true,"href":"https:\/\/radioportoseguro.com.br\/site\/wp-json\/wp\/v2\/users\/1"}],"replies":[{"embeddable":true,"href":"https:\/\/radioportoseguro.com.br\/site\/wp-json\/wp\/v2\/comments?post=5651"}],"version-history":[{"count":0,"href":"https:\/\/radioportoseguro.com.br\/site\/wp-json\/wp\/v2\/posts\/5651\/revisions"}],"wp:featuredmedia":[{"embeddable":true,"href":"https:\/\/radioportoseguro.com.br\/site\/wp-json\/wp\/v2\/media\/5652"}],"wp:attachment":[{"href":"https:\/\/radioportoseguro.com.br\/site\/wp-json\/wp\/v2\/media?parent=5651"}],"wp:term":[{"taxonomy":"category","embeddable":true,"href":"https:\/\/radioportoseguro.com.br\/site\/wp-json\/wp\/v2\/categories?post=5651"},{"taxonomy":"post_tag","embeddable":true,"href":"https:\/\/radioportoseguro.com.br\/site\/wp-json\/wp\/v2\/tags?post=5651"}],"curies":[{"name":"wp","href":"https:\/\/api.w.org\/{rel}","templated":true}]}}