{"id":5693,"date":"2026-04-03T01:30:27","date_gmt":"2026-04-03T04:30:27","guid":{"rendered":"https:\/\/radioportoseguro.com.br\/site\/2026\/04\/03\/bencaos-e-batalhas-da-vida-crista\/"},"modified":"2026-04-03T01:30:27","modified_gmt":"2026-04-03T04:30:27","slug":"bencaos-e-batalhas-da-vida-crista","status":"publish","type":"post","link":"https:\/\/radioportoseguro.com.br\/site\/2026\/04\/03\/bencaos-e-batalhas-da-vida-crista\/","title":{"rendered":"B\u00ean\u00e7\u00e3os e batalhas da vida crist\u00e3"},"content":{"rendered":"<p><br \/>\n<br \/><\/p>\n<div>\n<p>A vida crist\u00e3 inclui b\u00ean\u00e7\u00e3os? Com certeza! Gra\u00e7a, amor, esperan\u00e7a, paz, alegria \u2013 \u00e9 dif\u00edcil enumer\u00e1-las.<\/p>\n<p>Mas sejamos honestos: a vida crist\u00e3 tamb\u00e9m inclui sofrimento, n\u00e3o \u00e9 mesmo? Somos pecadores salvos pela gra\u00e7a de Cristo (Ef\u00e9sios 2:8-10). Carregamos o tesouro do Evangelho em vasos de barro (2 Cor\u00edntios 4:7).<\/p>\n<p>\u00c9 essencial reconhecer essas duas realidades. No in\u00edcio de nossa caminhada espiritual, ficamos t\u00e3o cativados pela bondade de Deus que sentimos como se estiv\u00e9ssemos provando o c\u00e9u na terra. Mas quando descobrimos que continuamos a sofrer, fica dif\u00edcil focar em qualquer outra coisa que n\u00e3o sejam nossos problemas.<\/p>\n<p>Mas um passo significativo em nosso crescimento \u00e9 compreender que a vida crist\u00e3 \u00e9 composta tanto de b\u00ean\u00e7\u00e3os quanto de batalhas. Elas est\u00e3o sempre presentes, como trilhos de trem que nos levam ao nosso destino.<\/p>\n<p>Pense nas dificuldades da sua vida. Elas est\u00e3o l\u00e1. N\u00e3o vamos minimiz\u00e1-las. Elas doem.<\/p>\n<p>Mas elas n\u00e3o s\u00e3o a hist\u00f3ria toda! Elas coexistem ao lado de tantas b\u00ean\u00e7\u00e3os. Fazem parte de uma hist\u00f3ria maior de reden\u00e7\u00e3o e ressurrei\u00e7\u00e3o. E podem se tornar trampolins para alguns dos seus momentos mais preciosos com Deus, revelando-se como b\u00ean\u00e7\u00e3os inesperadas.<\/p>\n<p>Como recordamos na P\u00e1scoa, a cruz de Cristo n\u00e3o \u00e9 o fim da hist\u00f3ria. Ap\u00f3s a trag\u00e9dia vem a reden\u00e7\u00e3o, e ap\u00f3s o aparente fim vem um novo come\u00e7o. Nas palavras de Francis Spufford: \u201cA hist\u00f3ria de Yeshua tem seu final feliz justamente <em>por causa<\/em> de seu final tr\u00e1gico: a felicidade ap\u00f3s a trag\u00e9dia, por cima dela, atrav\u00e9s dela, alcan\u00e7\u00e1vel somente ao percorrer at\u00e9 o fim da estrada tr\u00e1gica.\u201d<\/p>\n<p>Jesus poderia ter ascendido ao Pai sem morrer e ressuscitar. Mas ele conduziu o movimento crist\u00e3o nascente por uma experi\u00eancia coletiva de morte para mostrar que h\u00e1 vida do outro lado. Esse padr\u00e3o nos ajuda a encontrar sentido em nossas trag\u00e9dias e a transformar nossas maiores batalhas em lindas b\u00ean\u00e7\u00e3os.<\/p>\n<p>As dificuldades em sua vida podem ajud\u00e1-lo a dizer, como Jesus: \u2018Pai, perdoa-lhes, pois n\u00e3o sabem o que est\u00e3o fazendo.\u201d Suas lutas podem contribuir para a sua santifica\u00e7\u00e3o e ajud\u00e1-lo a encontrar pessoas que lhe fizeram mal para dizer: \u201cPaz seja com voc\u00eas\u201d.<\/p>\n<p>Somos salvos pela gra\u00e7a porque a cruz custou tudo a Jesus. Suas feridas nos curam precisamente porque foram feridas reais. E elas nos convidam a morrer e ressuscitar em Cristo. Como Paulo escreveu na Carta aos Romanos: \u201cPortanto, fomos sepultados com ele na morte por meio do batismo, a fim de que, assim como Cristo foi ressuscitado dos mortos mediante a gl\u00f3ria do Pai, tamb\u00e9m n\u00f3s vivamos uma vida nova\u201d (Romanos 6:4).<\/p>\n<p>Feliz P\u00e1scoa!<\/p>\n<p>\u00a0<\/p>\n<p><strong>Ren\u00e9 Breuel<\/strong>\u00a0\u00e9 um pastor brasileiro que mora em Roma, na It\u00e1lia. Autor das obras O Paradoxo da Felicidade e N\u00e3o \u00c9 f\u00e1cil Ser Pai, possui mestrado em Escrita Criativa pela Universidade de Oxford, no Reino Unido, e em Teologia pelo Regent College, no Canad\u00e1. \u00c9 casado com Sarah e pai de dois meninos, Pietro e Matteo.<\/p>\n<p><em>* O conte\u00fado do texto acima \u00e9 uma colabora\u00e7\u00e3o volunt\u00e1ria, de total responsabilidade do autor e n\u00e3o reflete necessariamente a opini\u00e3o do Portal Guiame.<\/em><\/p>\n<p>Leia o artigo anterior: <span style=\"color: #800000;\"><strong>James M. Houston falece aos 103 anos<\/strong><\/span><\/p>\n<\/div>\n<p><br \/>\n<br \/>Fonte: Guiame <\/p>\n","protected":false},"excerpt":{"rendered":"<p>A vida crist\u00e3 inclui b\u00ean\u00e7\u00e3os? Com certeza! Gra\u00e7a, amor, esperan\u00e7a, paz, alegria \u2013 \u00e9 dif\u00edcil enumer\u00e1-las. Mas sejamos honestos: a vida crist\u00e3 tamb\u00e9m inclui sofrimento, n\u00e3o \u00e9 mesmo? Somos pecadores salvos pela gra\u00e7a de Cristo (Ef\u00e9sios 2:8-10). Carregamos o tesouro do Evangelho em vasos de barro (2 Cor\u00edntios 4:7). \u00c9 essencial reconhecer essas duas realidades. [&hellip;]<\/p>\n","protected":false},"author":1,"featured_media":5694,"comment_status":"","ping_status":"open","sticky":false,"template":"","format":"standard","meta":{"footnotes":""},"categories":[43],"tags":[],"class_list":["post-5693","post","type-post","status-publish","format-standard","has-post-thumbnail","hentry","category-destaques"],"yoast_head":"<!-- This site is optimized with the Yoast SEO plugin v26.8 - https:\/\/yoast.com\/product\/yoast-seo-wordpress\/ -->\n<title>B\u00ean\u00e7\u00e3os e batalhas da vida crist\u00e3 - R\u00e1dio Porto Seguro<\/title>\n<meta name=\"robots\" content=\"index, follow, max-snippet:-1, max-image-preview:large, max-video-preview:-1\" \/>\n<link rel=\"canonical\" href=\"https:\/\/radioportoseguro.com.br\/site\/2026\/04\/03\/bencaos-e-batalhas-da-vida-crista\/\" \/>\n<meta property=\"og:locale\" content=\"pt_BR\" \/>\n<meta property=\"og:type\" content=\"article\" \/>\n<meta property=\"og:title\" content=\"B\u00ean\u00e7\u00e3os e batalhas da vida crist\u00e3 - R\u00e1dio Porto Seguro\" \/>\n<meta property=\"og:description\" content=\"A vida crist\u00e3 inclui b\u00ean\u00e7\u00e3os? Com certeza! Gra\u00e7a, amor, esperan\u00e7a, paz, alegria \u2013 \u00e9 dif\u00edcil enumer\u00e1-las. Mas sejamos honestos: a vida crist\u00e3 tamb\u00e9m inclui sofrimento, n\u00e3o \u00e9 mesmo? Somos pecadores salvos pela gra\u00e7a de Cristo (Ef\u00e9sios 2:8-10). Carregamos o tesouro do Evangelho em vasos de barro (2 Cor\u00edntios 4:7). \u00c9 essencial reconhecer essas duas realidades. [&hellip;]\" \/>\n<meta property=\"og:url\" content=\"https:\/\/radioportoseguro.com.br\/site\/2026\/04\/03\/bencaos-e-batalhas-da-vida-crista\/\" \/>\n<meta property=\"og:site_name\" content=\"R\u00e1dio Porto Seguro\" \/>\n<meta property=\"article:published_time\" content=\"2026-04-03T04:30:27+00:00\" \/>\n<meta property=\"og:image\" content=\"https:\/\/media.guiame.com.br\/archives\/2026\/04\/01\/3197508179-tumulo-jesus.png\" \/>\n<meta name=\"author\" content=\"admin\" \/>\n<meta name=\"twitter:card\" content=\"summary_large_image\" \/>\n<meta name=\"twitter:label1\" content=\"Escrito por\" \/>\n\t<meta name=\"twitter:data1\" content=\"admin\" \/>\n\t<meta name=\"twitter:label2\" content=\"Est. tempo de leitura\" \/>\n\t<meta name=\"twitter:data2\" content=\"3 minutos\" \/>\n<script type=\"application\/ld+json\" class=\"yoast-schema-graph\">{\"@context\":\"https:\/\/schema.org\",\"@graph\":[{\"@type\":\"Article\",\"@id\":\"https:\/\/radioportoseguro.com.br\/site\/2026\/04\/03\/bencaos-e-batalhas-da-vida-crista\/#article\",\"isPartOf\":{\"@id\":\"https:\/\/radioportoseguro.com.br\/site\/2026\/04\/03\/bencaos-e-batalhas-da-vida-crista\/\"},\"author\":{\"name\":\"admin\",\"@id\":\"https:\/\/radioportoseguro.com.br\/site\/#\/schema\/person\/7630acdc320186f13639d3c067ec089b\"},\"headline\":\"B\u00ean\u00e7\u00e3os e batalhas da vida crist\u00e3\",\"datePublished\":\"2026-04-03T04:30:27+00:00\",\"mainEntityOfPage\":{\"@id\":\"https:\/\/radioportoseguro.com.br\/site\/2026\/04\/03\/bencaos-e-batalhas-da-vida-crista\/\"},\"wordCount\":585,\"image\":{\"@id\":\"https:\/\/radioportoseguro.com.br\/site\/2026\/04\/03\/bencaos-e-batalhas-da-vida-crista\/#primaryimage\"},\"thumbnailUrl\":\"https:\/\/radioportoseguro.com.br\/site\/wp-content\/uploads\/2026\/04\/3197508179-tumulo-jesus.png\",\"articleSection\":[\"Destaques\"],\"inLanguage\":\"pt-BR\"},{\"@type\":\"WebPage\",\"@id\":\"https:\/\/radioportoseguro.com.br\/site\/2026\/04\/03\/bencaos-e-batalhas-da-vida-crista\/\",\"url\":\"https:\/\/radioportoseguro.com.br\/site\/2026\/04\/03\/bencaos-e-batalhas-da-vida-crista\/\",\"name\":\"B\u00ean\u00e7\u00e3os e batalhas da vida crist\u00e3 - R\u00e1dio Porto Seguro\",\"isPartOf\":{\"@id\":\"https:\/\/radioportoseguro.com.br\/site\/#website\"},\"primaryImageOfPage\":{\"@id\":\"https:\/\/radioportoseguro.com.br\/site\/2026\/04\/03\/bencaos-e-batalhas-da-vida-crista\/#primaryimage\"},\"image\":{\"@id\":\"https:\/\/radioportoseguro.com.br\/site\/2026\/04\/03\/bencaos-e-batalhas-da-vida-crista\/#primaryimage\"},\"thumbnailUrl\":\"https:\/\/radioportoseguro.com.br\/site\/wp-content\/uploads\/2026\/04\/3197508179-tumulo-jesus.png\",\"datePublished\":\"2026-04-03T04:30:27+00:00\",\"author\":{\"@id\":\"https:\/\/radioportoseguro.com.br\/site\/#\/schema\/person\/7630acdc320186f13639d3c067ec089b\"},\"breadcrumb\":{\"@id\":\"https:\/\/radioportoseguro.com.br\/site\/2026\/04\/03\/bencaos-e-batalhas-da-vida-crista\/#breadcrumb\"},\"inLanguage\":\"pt-BR\",\"potentialAction\":[{\"@type\":\"ReadAction\",\"target\":[\"https:\/\/radioportoseguro.com.br\/site\/2026\/04\/03\/bencaos-e-batalhas-da-vida-crista\/\"]}]},{\"@type\":\"ImageObject\",\"inLanguage\":\"pt-BR\",\"@id\":\"https:\/\/radioportoseguro.com.br\/site\/2026\/04\/03\/bencaos-e-batalhas-da-vida-crista\/#primaryimage\",\"url\":\"https:\/\/radioportoseguro.com.br\/site\/wp-content\/uploads\/2026\/04\/3197508179-tumulo-jesus.png\",\"contentUrl\":\"https:\/\/radioportoseguro.com.br\/site\/wp-content\/uploads\/2026\/04\/3197508179-tumulo-jesus.png\",\"width\":1200,\"height\":600},{\"@type\":\"BreadcrumbList\",\"@id\":\"https:\/\/radioportoseguro.com.br\/site\/2026\/04\/03\/bencaos-e-batalhas-da-vida-crista\/#breadcrumb\",\"itemListElement\":[{\"@type\":\"ListItem\",\"position\":1,\"name\":\"In\u00edcio\",\"item\":\"https:\/\/radioportoseguro.com.br\/site\/\"},{\"@type\":\"ListItem\",\"position\":2,\"name\":\"B\u00ean\u00e7\u00e3os e batalhas da vida crist\u00e3\"}]},{\"@type\":\"WebSite\",\"@id\":\"https:\/\/radioportoseguro.com.br\/site\/#website\",\"url\":\"https:\/\/radioportoseguro.com.br\/site\/\",\"name\":\"R\u00e1dio Porto Seguro\",\"description\":\"\",\"potentialAction\":[{\"@type\":\"SearchAction\",\"target\":{\"@type\":\"EntryPoint\",\"urlTemplate\":\"https:\/\/radioportoseguro.com.br\/site\/?s={search_term_string}\"},\"query-input\":{\"@type\":\"PropertyValueSpecification\",\"valueRequired\":true,\"valueName\":\"search_term_string\"}}],\"inLanguage\":\"pt-BR\"},{\"@type\":\"Person\",\"@id\":\"https:\/\/radioportoseguro.com.br\/site\/#\/schema\/person\/7630acdc320186f13639d3c067ec089b\",\"name\":\"admin\",\"image\":{\"@type\":\"ImageObject\",\"inLanguage\":\"pt-BR\",\"@id\":\"https:\/\/radioportoseguro.com.br\/site\/#\/schema\/person\/image\/\",\"url\":\"https:\/\/secure.gravatar.com\/avatar\/caacf4dc1eedb68fab0df8e1ed46c448e578b2466351bbcb61e47d2ac0caaef0?s=96&d=mm&r=g\",\"contentUrl\":\"https:\/\/secure.gravatar.com\/avatar\/caacf4dc1eedb68fab0df8e1ed46c448e578b2466351bbcb61e47d2ac0caaef0?s=96&d=mm&r=g\",\"caption\":\"admin\"},\"sameAs\":[\"https:\/\/radioportoseguro.com.br\/site\"],\"url\":\"https:\/\/radioportoseguro.com.br\/site\/author\/hezio\/\"}]}<\/script>\n<!-- \/ Yoast SEO plugin. -->","yoast_head_json":{"title":"B\u00ean\u00e7\u00e3os e batalhas da vida crist\u00e3 - R\u00e1dio Porto Seguro","robots":{"index":"index","follow":"follow","max-snippet":"max-snippet:-1","max-image-preview":"max-image-preview:large","max-video-preview":"max-video-preview:-1"},"canonical":"https:\/\/radioportoseguro.com.br\/site\/2026\/04\/03\/bencaos-e-batalhas-da-vida-crista\/","og_locale":"pt_BR","og_type":"article","og_title":"B\u00ean\u00e7\u00e3os e batalhas da vida crist\u00e3 - R\u00e1dio Porto Seguro","og_description":"A vida crist\u00e3 inclui b\u00ean\u00e7\u00e3os? Com certeza! Gra\u00e7a, amor, esperan\u00e7a, paz, alegria \u2013 \u00e9 dif\u00edcil enumer\u00e1-las. Mas sejamos honestos: a vida crist\u00e3 tamb\u00e9m inclui sofrimento, n\u00e3o \u00e9 mesmo? Somos pecadores salvos pela gra\u00e7a de Cristo (Ef\u00e9sios 2:8-10). Carregamos o tesouro do Evangelho em vasos de barro (2 Cor\u00edntios 4:7). \u00c9 essencial reconhecer essas duas realidades. [&hellip;]","og_url":"https:\/\/radioportoseguro.com.br\/site\/2026\/04\/03\/bencaos-e-batalhas-da-vida-crista\/","og_site_name":"R\u00e1dio Porto Seguro","article_published_time":"2026-04-03T04:30:27+00:00","og_image":[{"url":"https:\/\/media.guiame.com.br\/archives\/2026\/04\/01\/3197508179-tumulo-jesus.png","type":"","width":"","height":""}],"author":"admin","twitter_card":"summary_large_image","twitter_misc":{"Escrito por":"admin","Est. tempo de leitura":"3 minutos"},"schema":{"@context":"https:\/\/schema.org","@graph":[{"@type":"Article","@id":"https:\/\/radioportoseguro.com.br\/site\/2026\/04\/03\/bencaos-e-batalhas-da-vida-crista\/#article","isPartOf":{"@id":"https:\/\/radioportoseguro.com.br\/site\/2026\/04\/03\/bencaos-e-batalhas-da-vida-crista\/"},"author":{"name":"admin","@id":"https:\/\/radioportoseguro.com.br\/site\/#\/schema\/person\/7630acdc320186f13639d3c067ec089b"},"headline":"B\u00ean\u00e7\u00e3os e batalhas da vida crist\u00e3","datePublished":"2026-04-03T04:30:27+00:00","mainEntityOfPage":{"@id":"https:\/\/radioportoseguro.com.br\/site\/2026\/04\/03\/bencaos-e-batalhas-da-vida-crista\/"},"wordCount":585,"image":{"@id":"https:\/\/radioportoseguro.com.br\/site\/2026\/04\/03\/bencaos-e-batalhas-da-vida-crista\/#primaryimage"},"thumbnailUrl":"https:\/\/radioportoseguro.com.br\/site\/wp-content\/uploads\/2026\/04\/3197508179-tumulo-jesus.png","articleSection":["Destaques"],"inLanguage":"pt-BR"},{"@type":"WebPage","@id":"https:\/\/radioportoseguro.com.br\/site\/2026\/04\/03\/bencaos-e-batalhas-da-vida-crista\/","url":"https:\/\/radioportoseguro.com.br\/site\/2026\/04\/03\/bencaos-e-batalhas-da-vida-crista\/","name":"B\u00ean\u00e7\u00e3os e batalhas da vida crist\u00e3 - R\u00e1dio Porto Seguro","isPartOf":{"@id":"https:\/\/radioportoseguro.com.br\/site\/#website"},"primaryImageOfPage":{"@id":"https:\/\/radioportoseguro.com.br\/site\/2026\/04\/03\/bencaos-e-batalhas-da-vida-crista\/#primaryimage"},"image":{"@id":"https:\/\/radioportoseguro.com.br\/site\/2026\/04\/03\/bencaos-e-batalhas-da-vida-crista\/#primaryimage"},"thumbnailUrl":"https:\/\/radioportoseguro.com.br\/site\/wp-content\/uploads\/2026\/04\/3197508179-tumulo-jesus.png","datePublished":"2026-04-03T04:30:27+00:00","author":{"@id":"https:\/\/radioportoseguro.com.br\/site\/#\/schema\/person\/7630acdc320186f13639d3c067ec089b"},"breadcrumb":{"@id":"https:\/\/radioportoseguro.com.br\/site\/2026\/04\/03\/bencaos-e-batalhas-da-vida-crista\/#breadcrumb"},"inLanguage":"pt-BR","potentialAction":[{"@type":"ReadAction","target":["https:\/\/radioportoseguro.com.br\/site\/2026\/04\/03\/bencaos-e-batalhas-da-vida-crista\/"]}]},{"@type":"ImageObject","inLanguage":"pt-BR","@id":"https:\/\/radioportoseguro.com.br\/site\/2026\/04\/03\/bencaos-e-batalhas-da-vida-crista\/#primaryimage","url":"https:\/\/radioportoseguro.com.br\/site\/wp-content\/uploads\/2026\/04\/3197508179-tumulo-jesus.png","contentUrl":"https:\/\/radioportoseguro.com.br\/site\/wp-content\/uploads\/2026\/04\/3197508179-tumulo-jesus.png","width":1200,"height":600},{"@type":"BreadcrumbList","@id":"https:\/\/radioportoseguro.com.br\/site\/2026\/04\/03\/bencaos-e-batalhas-da-vida-crista\/#breadcrumb","itemListElement":[{"@type":"ListItem","position":1,"name":"In\u00edcio","item":"https:\/\/radioportoseguro.com.br\/site\/"},{"@type":"ListItem","position":2,"name":"B\u00ean\u00e7\u00e3os e batalhas da vida crist\u00e3"}]},{"@type":"WebSite","@id":"https:\/\/radioportoseguro.com.br\/site\/#website","url":"https:\/\/radioportoseguro.com.br\/site\/","name":"R\u00e1dio Porto Seguro","description":"","potentialAction":[{"@type":"SearchAction","target":{"@type":"EntryPoint","urlTemplate":"https:\/\/radioportoseguro.com.br\/site\/?s={search_term_string}"},"query-input":{"@type":"PropertyValueSpecification","valueRequired":true,"valueName":"search_term_string"}}],"inLanguage":"pt-BR"},{"@type":"Person","@id":"https:\/\/radioportoseguro.com.br\/site\/#\/schema\/person\/7630acdc320186f13639d3c067ec089b","name":"admin","image":{"@type":"ImageObject","inLanguage":"pt-BR","@id":"https:\/\/radioportoseguro.com.br\/site\/#\/schema\/person\/image\/","url":"https:\/\/secure.gravatar.com\/avatar\/caacf4dc1eedb68fab0df8e1ed46c448e578b2466351bbcb61e47d2ac0caaef0?s=96&d=mm&r=g","contentUrl":"https:\/\/secure.gravatar.com\/avatar\/caacf4dc1eedb68fab0df8e1ed46c448e578b2466351bbcb61e47d2ac0caaef0?s=96&d=mm&r=g","caption":"admin"},"sameAs":["https:\/\/radioportoseguro.com.br\/site"],"url":"https:\/\/radioportoseguro.com.br\/site\/author\/hezio\/"}]}},"_links":{"self":[{"href":"https:\/\/radioportoseguro.com.br\/site\/wp-json\/wp\/v2\/posts\/5693","targetHints":{"allow":["GET"]}}],"collection":[{"href":"https:\/\/radioportoseguro.com.br\/site\/wp-json\/wp\/v2\/posts"}],"about":[{"href":"https:\/\/radioportoseguro.com.br\/site\/wp-json\/wp\/v2\/types\/post"}],"author":[{"embeddable":true,"href":"https:\/\/radioportoseguro.com.br\/site\/wp-json\/wp\/v2\/users\/1"}],"replies":[{"embeddable":true,"href":"https:\/\/radioportoseguro.com.br\/site\/wp-json\/wp\/v2\/comments?post=5693"}],"version-history":[{"count":0,"href":"https:\/\/radioportoseguro.com.br\/site\/wp-json\/wp\/v2\/posts\/5693\/revisions"}],"wp:featuredmedia":[{"embeddable":true,"href":"https:\/\/radioportoseguro.com.br\/site\/wp-json\/wp\/v2\/media\/5694"}],"wp:attachment":[{"href":"https:\/\/radioportoseguro.com.br\/site\/wp-json\/wp\/v2\/media?parent=5693"}],"wp:term":[{"taxonomy":"category","embeddable":true,"href":"https:\/\/radioportoseguro.com.br\/site\/wp-json\/wp\/v2\/categories?post=5693"},{"taxonomy":"post_tag","embeddable":true,"href":"https:\/\/radioportoseguro.com.br\/site\/wp-json\/wp\/v2\/tags?post=5693"}],"curies":[{"name":"wp","href":"https:\/\/api.w.org\/{rel}","templated":true}]}}