{"id":5772,"date":"2026-04-05T07:45:23","date_gmt":"2026-04-05T10:45:23","guid":{"rendered":"https:\/\/radioportoseguro.com.br\/site\/2026\/04\/05\/treze-cristaos-sao-presos-durante-culto-secreto-na-eritreia\/"},"modified":"2026-04-05T07:45:23","modified_gmt":"2026-04-05T10:45:23","slug":"treze-cristaos-sao-presos-durante-culto-secreto-na-eritreia","status":"publish","type":"post","link":"https:\/\/radioportoseguro.com.br\/site\/2026\/04\/05\/treze-cristaos-sao-presos-durante-culto-secreto-na-eritreia\/","title":{"rendered":"Treze crist\u00e3os s\u00e3o presos durante culto secreto na Eritreia"},"content":{"rendered":"<p><br \/>\n<br \/><\/p>\n<div>\n<p><span style=\"font-weight: 400;\">Treze crist\u00e3os foram <\/span><span style=\"color: #800000;\"><strong>presos<\/strong><\/span><span style=\"font-weight: 400;\"> enquanto cultuavam a Deus em uma reuni\u00e3o secreta na <\/span><span style=\"color: #800000;\"><strong>Eritreia<\/strong><\/span><span style=\"font-weight: 400;\">, segundo a Miss\u00e3o Portas Abertas.<\/span><\/p>\n<p><span style=\"font-weight: 400;\">No dia 15 de mar\u00e7o, policiais chegaram ao local, que n\u00e3o foi divulgado, e prenderam os crentes reunidos.<\/span><\/p>\n<p><span style=\"font-weight: 400;\">Fontes locais relataram que os 13 crist\u00e3os foram levados para a 5\u00aa delegacia de Asmara, capital do pa\u00eds.\u00a0<\/span><\/p>\n<p><span style=\"font-weight: 400;\">Um dos crentes presos j\u00e1 havia passado 15 anos no centro de deten\u00e7\u00e3o de Mitire e havia sido libertado h\u00e1 pouco tempo.<\/span><\/p>\n<p><span style=\"font-weight: 400;\">A Portas Abertas explicou que nenhum dos crist\u00e3os presos deve ser acusado criminalmente e julgado em um tribunal, porque as pris\u00f5es por causa da f\u00e9 s\u00e3o feitas de forma arbitr\u00e1ria.<\/span><\/p>\n<p><span style=\"font-weight: 400;\">Nos \u00faltimos 24 anos, nenhum dos milhares de seguidores de Jesus detidos recebeu o direito a um julgamento e defesa legal.<\/span><\/p>\n<p><span style=\"font-weight: 400;\">A miss\u00e3o pediu ora\u00e7\u00e3o pelos 13 crist\u00e3os detidos recentemente. \u201c[Ore por] gra\u00e7a para que os crist\u00e3os rec\u00e9m\u2011presos honrem a Cristo em meio \u00e0s circunst\u00e2ncias e n\u00e3o sejam dominados pelo medo. Por mudan\u00e7a de cora\u00e7\u00e3o dos l\u00edderes do pa\u00eds e que as liberdades dos cidad\u00e3os de se locomover, se reunir sem medo e adorar sejam respeitadas. Pelo Crescimento da igreja na Eritreia, apesar dos esfor\u00e7os humanos para impedir o crescimento do Reino de Deus\u201d.<\/span><\/p>\n<p><strong>Persegui\u00e7\u00e3o na Eritreia<\/strong><\/p>\n<p><span style=\"font-weight: 400;\">Conhecida como a \u201cCoreia do Norte da \u00c1frica\u201d, a Eritreia ocupa a 5\u00aa posi\u00e7\u00e3o na Lista Mundial da Persegui\u00e7\u00e3o 2026 da Portas Abertas.<\/span><\/p>\n<p><span style=\"font-weight: 400;\">Apenas quatro religi\u00f5es s\u00e3o permitidas pelo governo autorit\u00e1rio: o islamismo sunita, a Igreja Ortodoxa da Eritreia, a Igreja Cat\u00f3lica Romana e a Igreja Luterana.\u00a0<\/span><\/p>\n<p><span style=\"font-weight: 400;\">Igrejas dom\u00e9sticas s\u00e3o proibidas e crist\u00e3os continuam sendo presos, muitos s\u00e3o postos em <\/span><span style=\"color: #800000;\"><strong>cont\u00eaineres no deserto<\/strong><\/span><span style=\"font-weight: 400;\">. V\u00e1rios crentes foram torturados por continuarem realizando cultos.<\/span><\/p>\n<\/div>\n<p><br \/>\n<br \/>Fonte: Guiame <\/p>\n","protected":false},"excerpt":{"rendered":"<p>Treze crist\u00e3os foram presos enquanto cultuavam a Deus em uma reuni\u00e3o secreta na Eritreia, segundo a Miss\u00e3o Portas Abertas. No dia 15 de mar\u00e7o, policiais chegaram ao local, que n\u00e3o foi divulgado, e prenderam os crentes reunidos. Fontes locais relataram que os 13 crist\u00e3os foram levados para a 5\u00aa delegacia de Asmara, capital do pa\u00eds.\u00a0 [&hellip;]<\/p>\n","protected":false},"author":1,"featured_media":5773,"comment_status":"","ping_status":"open","sticky":false,"template":"","format":"standard","meta":{"footnotes":""},"categories":[43],"tags":[],"class_list":["post-5772","post","type-post","status-publish","format-standard","has-post-thumbnail","hentry","category-destaques"],"yoast_head":"<!-- This site is optimized with the Yoast SEO plugin v26.8 - https:\/\/yoast.com\/product\/yoast-seo-wordpress\/ -->\n<title>Treze crist\u00e3os s\u00e3o presos durante culto secreto na Eritreia - R\u00e1dio Porto Seguro<\/title>\n<meta name=\"robots\" content=\"index, follow, max-snippet:-1, max-image-preview:large, max-video-preview:-1\" \/>\n<link rel=\"canonical\" href=\"https:\/\/radioportoseguro.com.br\/site\/2026\/04\/05\/treze-cristaos-sao-presos-durante-culto-secreto-na-eritreia\/\" \/>\n<meta property=\"og:locale\" content=\"pt_BR\" \/>\n<meta property=\"og:type\" content=\"article\" \/>\n<meta property=\"og:title\" content=\"Treze crist\u00e3os s\u00e3o presos durante culto secreto na Eritreia - R\u00e1dio Porto Seguro\" \/>\n<meta property=\"og:description\" content=\"Treze crist\u00e3os foram presos enquanto cultuavam a Deus em uma reuni\u00e3o secreta na Eritreia, segundo a Miss\u00e3o Portas Abertas. No dia 15 de mar\u00e7o, policiais chegaram ao local, que n\u00e3o foi divulgado, e prenderam os crentes reunidos. Fontes locais relataram que os 13 crist\u00e3os foram levados para a 5\u00aa delegacia de Asmara, capital do pa\u00eds.\u00a0 [&hellip;]\" \/>\n<meta property=\"og:url\" content=\"https:\/\/radioportoseguro.com.br\/site\/2026\/04\/05\/treze-cristaos-sao-presos-durante-culto-secreto-na-eritreia\/\" \/>\n<meta property=\"og:site_name\" content=\"R\u00e1dio Porto Seguro\" \/>\n<meta property=\"article:published_time\" content=\"2026-04-05T10:45:23+00:00\" \/>\n<meta property=\"og:image\" content=\"https:\/\/media.guiame.com.br\/archives\/2026\/04\/01\/86460419-eritreia.JPG\" \/>\n<meta name=\"author\" content=\"admin\" \/>\n<meta name=\"twitter:card\" content=\"summary_large_image\" \/>\n<meta name=\"twitter:label1\" content=\"Escrito por\" \/>\n\t<meta name=\"twitter:data1\" content=\"admin\" \/>\n\t<meta name=\"twitter:label2\" content=\"Est. tempo de leitura\" \/>\n\t<meta name=\"twitter:data2\" content=\"2 minutos\" \/>\n<script type=\"application\/ld+json\" class=\"yoast-schema-graph\">{\"@context\":\"https:\/\/schema.org\",\"@graph\":[{\"@type\":\"Article\",\"@id\":\"https:\/\/radioportoseguro.com.br\/site\/2026\/04\/05\/treze-cristaos-sao-presos-durante-culto-secreto-na-eritreia\/#article\",\"isPartOf\":{\"@id\":\"https:\/\/radioportoseguro.com.br\/site\/2026\/04\/05\/treze-cristaos-sao-presos-durante-culto-secreto-na-eritreia\/\"},\"author\":{\"name\":\"admin\",\"@id\":\"https:\/\/radioportoseguro.com.br\/site\/#\/schema\/person\/7630acdc320186f13639d3c067ec089b\"},\"headline\":\"Treze crist\u00e3os s\u00e3o presos durante culto secreto na Eritreia\",\"datePublished\":\"2026-04-05T10:45:23+00:00\",\"mainEntityOfPage\":{\"@id\":\"https:\/\/radioportoseguro.com.br\/site\/2026\/04\/05\/treze-cristaos-sao-presos-durante-culto-secreto-na-eritreia\/\"},\"wordCount\":322,\"image\":{\"@id\":\"https:\/\/radioportoseguro.com.br\/site\/2026\/04\/05\/treze-cristaos-sao-presos-durante-culto-secreto-na-eritreia\/#primaryimage\"},\"thumbnailUrl\":\"https:\/\/radioportoseguro.com.br\/site\/wp-content\/uploads\/2026\/04\/86460419-eritreia.JPG\",\"articleSection\":[\"Destaques\"],\"inLanguage\":\"pt-BR\"},{\"@type\":\"WebPage\",\"@id\":\"https:\/\/radioportoseguro.com.br\/site\/2026\/04\/05\/treze-cristaos-sao-presos-durante-culto-secreto-na-eritreia\/\",\"url\":\"https:\/\/radioportoseguro.com.br\/site\/2026\/04\/05\/treze-cristaos-sao-presos-durante-culto-secreto-na-eritreia\/\",\"name\":\"Treze crist\u00e3os s\u00e3o presos durante culto secreto na Eritreia - R\u00e1dio Porto Seguro\",\"isPartOf\":{\"@id\":\"https:\/\/radioportoseguro.com.br\/site\/#website\"},\"primaryImageOfPage\":{\"@id\":\"https:\/\/radioportoseguro.com.br\/site\/2026\/04\/05\/treze-cristaos-sao-presos-durante-culto-secreto-na-eritreia\/#primaryimage\"},\"image\":{\"@id\":\"https:\/\/radioportoseguro.com.br\/site\/2026\/04\/05\/treze-cristaos-sao-presos-durante-culto-secreto-na-eritreia\/#primaryimage\"},\"thumbnailUrl\":\"https:\/\/radioportoseguro.com.br\/site\/wp-content\/uploads\/2026\/04\/86460419-eritreia.JPG\",\"datePublished\":\"2026-04-05T10:45:23+00:00\",\"author\":{\"@id\":\"https:\/\/radioportoseguro.com.br\/site\/#\/schema\/person\/7630acdc320186f13639d3c067ec089b\"},\"breadcrumb\":{\"@id\":\"https:\/\/radioportoseguro.com.br\/site\/2026\/04\/05\/treze-cristaos-sao-presos-durante-culto-secreto-na-eritreia\/#breadcrumb\"},\"inLanguage\":\"pt-BR\",\"potentialAction\":[{\"@type\":\"ReadAction\",\"target\":[\"https:\/\/radioportoseguro.com.br\/site\/2026\/04\/05\/treze-cristaos-sao-presos-durante-culto-secreto-na-eritreia\/\"]}]},{\"@type\":\"ImageObject\",\"inLanguage\":\"pt-BR\",\"@id\":\"https:\/\/radioportoseguro.com.br\/site\/2026\/04\/05\/treze-cristaos-sao-presos-durante-culto-secreto-na-eritreia\/#primaryimage\",\"url\":\"https:\/\/radioportoseguro.com.br\/site\/wp-content\/uploads\/2026\/04\/86460419-eritreia.JPG\",\"contentUrl\":\"https:\/\/radioportoseguro.com.br\/site\/wp-content\/uploads\/2026\/04\/86460419-eritreia.JPG\",\"width\":1200,\"height\":600},{\"@type\":\"BreadcrumbList\",\"@id\":\"https:\/\/radioportoseguro.com.br\/site\/2026\/04\/05\/treze-cristaos-sao-presos-durante-culto-secreto-na-eritreia\/#breadcrumb\",\"itemListElement\":[{\"@type\":\"ListItem\",\"position\":1,\"name\":\"In\u00edcio\",\"item\":\"https:\/\/radioportoseguro.com.br\/site\/\"},{\"@type\":\"ListItem\",\"position\":2,\"name\":\"Treze crist\u00e3os s\u00e3o presos durante culto secreto na Eritreia\"}]},{\"@type\":\"WebSite\",\"@id\":\"https:\/\/radioportoseguro.com.br\/site\/#website\",\"url\":\"https:\/\/radioportoseguro.com.br\/site\/\",\"name\":\"R\u00e1dio Porto Seguro\",\"description\":\"\",\"potentialAction\":[{\"@type\":\"SearchAction\",\"target\":{\"@type\":\"EntryPoint\",\"urlTemplate\":\"https:\/\/radioportoseguro.com.br\/site\/?s={search_term_string}\"},\"query-input\":{\"@type\":\"PropertyValueSpecification\",\"valueRequired\":true,\"valueName\":\"search_term_string\"}}],\"inLanguage\":\"pt-BR\"},{\"@type\":\"Person\",\"@id\":\"https:\/\/radioportoseguro.com.br\/site\/#\/schema\/person\/7630acdc320186f13639d3c067ec089b\",\"name\":\"admin\",\"image\":{\"@type\":\"ImageObject\",\"inLanguage\":\"pt-BR\",\"@id\":\"https:\/\/radioportoseguro.com.br\/site\/#\/schema\/person\/image\/\",\"url\":\"https:\/\/secure.gravatar.com\/avatar\/caacf4dc1eedb68fab0df8e1ed46c448e578b2466351bbcb61e47d2ac0caaef0?s=96&d=mm&r=g\",\"contentUrl\":\"https:\/\/secure.gravatar.com\/avatar\/caacf4dc1eedb68fab0df8e1ed46c448e578b2466351bbcb61e47d2ac0caaef0?s=96&d=mm&r=g\",\"caption\":\"admin\"},\"sameAs\":[\"https:\/\/radioportoseguro.com.br\/site\"],\"url\":\"https:\/\/radioportoseguro.com.br\/site\/author\/hezio\/\"}]}<\/script>\n<!-- \/ Yoast SEO plugin. -->","yoast_head_json":{"title":"Treze crist\u00e3os s\u00e3o presos durante culto secreto na Eritreia - R\u00e1dio Porto Seguro","robots":{"index":"index","follow":"follow","max-snippet":"max-snippet:-1","max-image-preview":"max-image-preview:large","max-video-preview":"max-video-preview:-1"},"canonical":"https:\/\/radioportoseguro.com.br\/site\/2026\/04\/05\/treze-cristaos-sao-presos-durante-culto-secreto-na-eritreia\/","og_locale":"pt_BR","og_type":"article","og_title":"Treze crist\u00e3os s\u00e3o presos durante culto secreto na Eritreia - R\u00e1dio Porto Seguro","og_description":"Treze crist\u00e3os foram presos enquanto cultuavam a Deus em uma reuni\u00e3o secreta na Eritreia, segundo a Miss\u00e3o Portas Abertas. No dia 15 de mar\u00e7o, policiais chegaram ao local, que n\u00e3o foi divulgado, e prenderam os crentes reunidos. Fontes locais relataram que os 13 crist\u00e3os foram levados para a 5\u00aa delegacia de Asmara, capital do pa\u00eds.\u00a0 [&hellip;]","og_url":"https:\/\/radioportoseguro.com.br\/site\/2026\/04\/05\/treze-cristaos-sao-presos-durante-culto-secreto-na-eritreia\/","og_site_name":"R\u00e1dio Porto Seguro","article_published_time":"2026-04-05T10:45:23+00:00","og_image":[{"url":"https:\/\/media.guiame.com.br\/archives\/2026\/04\/01\/86460419-eritreia.JPG","type":"","width":"","height":""}],"author":"admin","twitter_card":"summary_large_image","twitter_misc":{"Escrito por":"admin","Est. tempo de leitura":"2 minutos"},"schema":{"@context":"https:\/\/schema.org","@graph":[{"@type":"Article","@id":"https:\/\/radioportoseguro.com.br\/site\/2026\/04\/05\/treze-cristaos-sao-presos-durante-culto-secreto-na-eritreia\/#article","isPartOf":{"@id":"https:\/\/radioportoseguro.com.br\/site\/2026\/04\/05\/treze-cristaos-sao-presos-durante-culto-secreto-na-eritreia\/"},"author":{"name":"admin","@id":"https:\/\/radioportoseguro.com.br\/site\/#\/schema\/person\/7630acdc320186f13639d3c067ec089b"},"headline":"Treze crist\u00e3os s\u00e3o presos durante culto secreto na Eritreia","datePublished":"2026-04-05T10:45:23+00:00","mainEntityOfPage":{"@id":"https:\/\/radioportoseguro.com.br\/site\/2026\/04\/05\/treze-cristaos-sao-presos-durante-culto-secreto-na-eritreia\/"},"wordCount":322,"image":{"@id":"https:\/\/radioportoseguro.com.br\/site\/2026\/04\/05\/treze-cristaos-sao-presos-durante-culto-secreto-na-eritreia\/#primaryimage"},"thumbnailUrl":"https:\/\/radioportoseguro.com.br\/site\/wp-content\/uploads\/2026\/04\/86460419-eritreia.JPG","articleSection":["Destaques"],"inLanguage":"pt-BR"},{"@type":"WebPage","@id":"https:\/\/radioportoseguro.com.br\/site\/2026\/04\/05\/treze-cristaos-sao-presos-durante-culto-secreto-na-eritreia\/","url":"https:\/\/radioportoseguro.com.br\/site\/2026\/04\/05\/treze-cristaos-sao-presos-durante-culto-secreto-na-eritreia\/","name":"Treze crist\u00e3os s\u00e3o presos durante culto secreto na Eritreia - R\u00e1dio Porto Seguro","isPartOf":{"@id":"https:\/\/radioportoseguro.com.br\/site\/#website"},"primaryImageOfPage":{"@id":"https:\/\/radioportoseguro.com.br\/site\/2026\/04\/05\/treze-cristaos-sao-presos-durante-culto-secreto-na-eritreia\/#primaryimage"},"image":{"@id":"https:\/\/radioportoseguro.com.br\/site\/2026\/04\/05\/treze-cristaos-sao-presos-durante-culto-secreto-na-eritreia\/#primaryimage"},"thumbnailUrl":"https:\/\/radioportoseguro.com.br\/site\/wp-content\/uploads\/2026\/04\/86460419-eritreia.JPG","datePublished":"2026-04-05T10:45:23+00:00","author":{"@id":"https:\/\/radioportoseguro.com.br\/site\/#\/schema\/person\/7630acdc320186f13639d3c067ec089b"},"breadcrumb":{"@id":"https:\/\/radioportoseguro.com.br\/site\/2026\/04\/05\/treze-cristaos-sao-presos-durante-culto-secreto-na-eritreia\/#breadcrumb"},"inLanguage":"pt-BR","potentialAction":[{"@type":"ReadAction","target":["https:\/\/radioportoseguro.com.br\/site\/2026\/04\/05\/treze-cristaos-sao-presos-durante-culto-secreto-na-eritreia\/"]}]},{"@type":"ImageObject","inLanguage":"pt-BR","@id":"https:\/\/radioportoseguro.com.br\/site\/2026\/04\/05\/treze-cristaos-sao-presos-durante-culto-secreto-na-eritreia\/#primaryimage","url":"https:\/\/radioportoseguro.com.br\/site\/wp-content\/uploads\/2026\/04\/86460419-eritreia.JPG","contentUrl":"https:\/\/radioportoseguro.com.br\/site\/wp-content\/uploads\/2026\/04\/86460419-eritreia.JPG","width":1200,"height":600},{"@type":"BreadcrumbList","@id":"https:\/\/radioportoseguro.com.br\/site\/2026\/04\/05\/treze-cristaos-sao-presos-durante-culto-secreto-na-eritreia\/#breadcrumb","itemListElement":[{"@type":"ListItem","position":1,"name":"In\u00edcio","item":"https:\/\/radioportoseguro.com.br\/site\/"},{"@type":"ListItem","position":2,"name":"Treze crist\u00e3os s\u00e3o presos durante culto secreto na Eritreia"}]},{"@type":"WebSite","@id":"https:\/\/radioportoseguro.com.br\/site\/#website","url":"https:\/\/radioportoseguro.com.br\/site\/","name":"R\u00e1dio Porto Seguro","description":"","potentialAction":[{"@type":"SearchAction","target":{"@type":"EntryPoint","urlTemplate":"https:\/\/radioportoseguro.com.br\/site\/?s={search_term_string}"},"query-input":{"@type":"PropertyValueSpecification","valueRequired":true,"valueName":"search_term_string"}}],"inLanguage":"pt-BR"},{"@type":"Person","@id":"https:\/\/radioportoseguro.com.br\/site\/#\/schema\/person\/7630acdc320186f13639d3c067ec089b","name":"admin","image":{"@type":"ImageObject","inLanguage":"pt-BR","@id":"https:\/\/radioportoseguro.com.br\/site\/#\/schema\/person\/image\/","url":"https:\/\/secure.gravatar.com\/avatar\/caacf4dc1eedb68fab0df8e1ed46c448e578b2466351bbcb61e47d2ac0caaef0?s=96&d=mm&r=g","contentUrl":"https:\/\/secure.gravatar.com\/avatar\/caacf4dc1eedb68fab0df8e1ed46c448e578b2466351bbcb61e47d2ac0caaef0?s=96&d=mm&r=g","caption":"admin"},"sameAs":["https:\/\/radioportoseguro.com.br\/site"],"url":"https:\/\/radioportoseguro.com.br\/site\/author\/hezio\/"}]}},"_links":{"self":[{"href":"https:\/\/radioportoseguro.com.br\/site\/wp-json\/wp\/v2\/posts\/5772","targetHints":{"allow":["GET"]}}],"collection":[{"href":"https:\/\/radioportoseguro.com.br\/site\/wp-json\/wp\/v2\/posts"}],"about":[{"href":"https:\/\/radioportoseguro.com.br\/site\/wp-json\/wp\/v2\/types\/post"}],"author":[{"embeddable":true,"href":"https:\/\/radioportoseguro.com.br\/site\/wp-json\/wp\/v2\/users\/1"}],"replies":[{"embeddable":true,"href":"https:\/\/radioportoseguro.com.br\/site\/wp-json\/wp\/v2\/comments?post=5772"}],"version-history":[{"count":0,"href":"https:\/\/radioportoseguro.com.br\/site\/wp-json\/wp\/v2\/posts\/5772\/revisions"}],"wp:featuredmedia":[{"embeddable":true,"href":"https:\/\/radioportoseguro.com.br\/site\/wp-json\/wp\/v2\/media\/5773"}],"wp:attachment":[{"href":"https:\/\/radioportoseguro.com.br\/site\/wp-json\/wp\/v2\/media?parent=5772"}],"wp:term":[{"taxonomy":"category","embeddable":true,"href":"https:\/\/radioportoseguro.com.br\/site\/wp-json\/wp\/v2\/categories?post=5772"},{"taxonomy":"post_tag","embeddable":true,"href":"https:\/\/radioportoseguro.com.br\/site\/wp-json\/wp\/v2\/tags?post=5772"}],"curies":[{"name":"wp","href":"https:\/\/api.w.org\/{rel}","templated":true}]}}