{"id":5809,"date":"2026-04-07T14:39:11","date_gmt":"2026-04-07T17:39:11","guid":{"rendered":"https:\/\/radioportoseguro.com.br\/site\/2026\/04\/07\/cgu-ve-irregularidade-em-emenda-do-presidente-da-cpi-do-inss-para-a-igreja-da-lagoinha\/"},"modified":"2026-04-07T14:39:11","modified_gmt":"2026-04-07T17:39:11","slug":"cgu-ve-irregularidade-em-emenda-do-presidente-da-cpi-do-inss-para-a-igreja-da-lagoinha","status":"publish","type":"post","link":"https:\/\/radioportoseguro.com.br\/site\/2026\/04\/07\/cgu-ve-irregularidade-em-emenda-do-presidente-da-cpi-do-inss-para-a-igreja-da-lagoinha\/","title":{"rendered":"CGU v\u00ea irregularidade em emenda do presidente da CPI do INSS para a Igreja da Lagoinha"},"content":{"rendered":"<p><br \/>\n<\/p>\n<div>\n<div class=\"td-post-featured-image\">\n<figure><figcaption class=\"wp-caption-text\">Senador Carlos Viana. (Foto: Waldemir Barreto\/Ag\u00eancia Senado)<\/figcaption><\/figure>\n<\/div>\n<p> <!-- A generated by theme --> <\/p>\n<p> <!-- end A --> <\/p>\n<p>A Controladoria-Geral da Uni\u00e3o (CGU) identificou\u00a0irregularidades\u00a0na destina\u00e7\u00e3o de uma <strong>emenda parlamentar proposta pelo senador Carlos Viana<\/strong> (PSD-MG) \u00e0 Funda\u00e7\u00e3o O\u00e1sis, ligada \u00e0 Igreja Lagoinha. Segundo o \u00f3rg\u00e3o, a indica\u00e7\u00e3o da entidade como benefici\u00e1ria dos recursos n\u00e3o seguiu os tr\u00e2mites legais necess\u00e1rios, incluindo a exig\u00eancia de\u00a0concorr\u00eancia p\u00fablica.<\/p>\n<p>Em 2022, a CGU analisou o envio de emendas para a Prefeitura de Belo Horizonte e constatou uma destina\u00e7\u00e3o assinada por Viana \u00e0 Lagoinha. A verba, que totalizava R$ 700 mil (equivalente a R$ 983,1 mil em valores atuais), foi direcionada sem um objetivo claro e sequer chegou a ser liberada. O motivo para o n\u00e3o desembolso foi a\u00a0situa\u00e7\u00e3o fiscal irregular\u00a0da organiza\u00e7\u00e3o na \u00e9poca.<\/p>\n<p><strong>An\u00e1lise da CGU sobre a emenda parlamentar<\/strong><\/p>\n<p>O relat\u00f3rio da CGU apontou que a Funda\u00e7\u00e3o O\u00e1sis apresentava pend\u00eancias em sua situa\u00e7\u00e3o fiscal entre junho de 2020 e abril de 2021, o que gerou atrasos no processo de parceria para o recebimento da transfer\u00eancia volunt\u00e1ria. A controladoria tamb\u00e9m destacou que os recursos foram direcionados \u00e0 funda\u00e7\u00e3o sem uma\u00a0defini\u00e7\u00e3o pr\u00e9via do objeto\u00a0a ser beneficiado. Mesmo com as irregularidades fiscais, a verba permaneceu em uma conta de investimento durante o per\u00edodo de regulariza\u00e7\u00e3o.<\/p>\n<p>A emenda total do senador Carlos Viana era de R$ 1,5 milh\u00e3o. Desse montante, R$ 700 mil eram destinados \u00e0 Funda\u00e7\u00e3o O\u00e1sis, enquanto os R$ 800 mil restantes seriam para uma obra de engenharia. Ambos os valores ficaram retidos. A CGU ressaltou que o senador poderia ter optado por destinar os R$ 1,5 milh\u00e3o a outro munic\u00edpio com necessidades mais urgentes.<\/p>\n<p><strong>A escolha da entidade e a falta de clareza<\/strong><\/p>\n<p> <!-- A generated by theme --> <\/p>\n<p> <!-- end A --> <\/p>\n<p>De acordo com a controladoria, n\u00e3o houve uma justificativa clara sobre a aplica\u00e7\u00e3o dos R$ 700 mil para a Funda\u00e7\u00e3o O\u00e1sis. Ficou evidente, contudo, que Viana foi o respons\u00e1vel por\u00a0escolher a institui\u00e7\u00e3o\u00a0como benefici\u00e1ria. O cadastro da funda\u00e7\u00e3o no Sistema \u00danico de Assist\u00eancia Social (Suas) a classifica como uma entidade de acolhimento para crian\u00e7as, adolescentes, idosos e mulheres em situa\u00e7\u00e3o de viol\u00eancia.<\/p>\n<p>Quando questionada sobre o crit\u00e9rio de escolha da Funda\u00e7\u00e3o O\u00e1sis, a Prefeitura de Belo Horizonte informou que foi o pr\u00f3prio senador quem determinou a destinat\u00e1ria. A CGU considerou essa decis\u00e3o irregular, especialmente por ter sido tomada sem a realiza\u00e7\u00e3o de um\u00a0<strong>chamamento p\u00fablico<\/strong>. O \u00f3rg\u00e3o de controle avaliou que houve o descumprimento de um artigo da lei de parcerias com organiza\u00e7\u00f5es sociais, que preconiza a sele\u00e7\u00e3o p\u00fablica das entidades mais eficazes.<\/p>\n<p><strong>Posicionamento do senador e da Igreja Lagoinha<\/strong><\/p>\n<p>A equipe do senador Carlos Viana se manifestou, declarando que os of\u00edcios de indica\u00e7\u00e3o de emendas s\u00e3o apenas\u00a0indicativos\u00a0e n\u00e3o isentam as prefeituras de cumprirem os requisitos para o repasse dos recursos. A CGU, por sua vez, apontou que a demora na aplica\u00e7\u00e3o dos recursos pela Prefeitura de Belo Horizonte pode ter sido influenciada pela defini\u00e7\u00e3o do objeto e\/ou institui\u00e7\u00e3o pelo pr\u00f3prio parlamentar, al\u00e9m da necessidade de regularizar pend\u00eancias e da insufici\u00eancia de normativos claros sobre o uso de emendas especiais.<\/p>\n<p>A assessoria de Viana informou que a emenda, originalmente destinada \u00e0 Funda\u00e7\u00e3o O\u00e1sis em 2020, foi\u00a0remanejada\u00a0para a constru\u00e7\u00e3o de uma quadra poliesportiva no bairro Santa L\u00facia, em Belo Horizonte. Segundo o senador, essa mudan\u00e7a ocorreu ap\u00f3s a prefeitura comunicar que a funda\u00e7\u00e3o n\u00e3o possu\u00eda aptid\u00e3o para receber a indica\u00e7\u00e3o.<\/p>\n<p>A Prefeitura de Belo Horizonte confirmou a tentativa de Viana de direcionar recursos para a Lagoinha, mas que isso n\u00e3o foi vi\u00e1vel. A Funda\u00e7\u00e3o O\u00e1sis, em nota, declarou que possui atua\u00e7\u00e3o abrangente em assist\u00eancia social e educa\u00e7\u00e3o, em conformidade com a Lei Org\u00e2nica da Assist\u00eancia Social e o Suas. A entidade afirmou ainda que\u00a0n\u00e3o foi notificada\u00a0nem tem conhecimento do teor da manifesta\u00e7\u00e3o da CGU.<\/p>\n<p>O senador Carlos Viana tamb\u00e9m se tornou alvo do Supremo Tribunal Federal (STF) em rela\u00e7\u00e3o ao envio de outros R$ 3,6 milh\u00f5es em emendas para a Lagoinha, em um contexto de investiga\u00e7\u00f5es sobre o caso do Banco Master. O caso envolve o dono do banco, Daniel Vorcaro, e o empres\u00e1rio Fabiano Zettel, que \u00e9 cunhado de Vorcaro e pastor afastado da Lagoinha. A Pol\u00edcia Federal investiga se Zettel atuou como operador financeiro de Vorcaro, realizando pagamentos em seu nome.<\/p>\n<p><strong>Fonte: Folha de S.Paulo<\/strong><\/p>\n<p> <!-- A generated by theme --> <\/p>\n<p> <!-- end A --> <\/p><\/div>\n<p><script>(function (d, s, id) {\n                var js, fjs = d.getElementsByTagName(s)[0];\n                if (d.getElementById(id)) return;\n                js = d.createElement(s);\n                js.id = id;\n                js.src=\"https:\/\/connect.facebook.net\/pt_BR\/sdk.js#xfbml=1&version=v2.11&appId=264312870658742&autoLogAppEvents=1\";\n                fjs.parentNode.insertBefore(js, fjs);\n            }(document, 'script', 'facebook-jssdk'));<\/script><br \/>\n<br \/><br \/>\n<br \/>Fonte: Folha Gospel<\/p>\n","protected":false},"excerpt":{"rendered":"<p>Senador Carlos Viana. (Foto: Waldemir Barreto\/Ag\u00eancia Senado) A Controladoria-Geral da Uni\u00e3o (CGU) identificou\u00a0irregularidades\u00a0na destina\u00e7\u00e3o de uma emenda parlamentar proposta pelo senador Carlos Viana (PSD-MG) \u00e0 Funda\u00e7\u00e3o O\u00e1sis, ligada \u00e0 Igreja Lagoinha. Segundo o \u00f3rg\u00e3o, a indica\u00e7\u00e3o da entidade como benefici\u00e1ria dos recursos n\u00e3o seguiu os tr\u00e2mites legais necess\u00e1rios, incluindo a exig\u00eancia de\u00a0concorr\u00eancia p\u00fablica. Em 2022, [&hellip;]<\/p>\n","protected":false},"author":1,"featured_media":5123,"comment_status":"","ping_status":"open","sticky":false,"template":"","format":"standard","meta":{"footnotes":""},"categories":[3],"tags":[],"class_list":["post-5809","post","type-post","status-publish","format-standard","has-post-thumbnail","hentry","category-gospel"],"yoast_head":"<!-- This site is optimized with the Yoast SEO plugin v26.8 - https:\/\/yoast.com\/product\/yoast-seo-wordpress\/ -->\n<title>CGU v\u00ea irregularidade em emenda do presidente da CPI do INSS para a Igreja da Lagoinha - R\u00e1dio Porto Seguro<\/title>\n<meta name=\"robots\" content=\"index, follow, max-snippet:-1, max-image-preview:large, max-video-preview:-1\" \/>\n<link rel=\"canonical\" href=\"https:\/\/radioportoseguro.com.br\/site\/2026\/04\/07\/cgu-ve-irregularidade-em-emenda-do-presidente-da-cpi-do-inss-para-a-igreja-da-lagoinha\/\" \/>\n<meta property=\"og:locale\" content=\"pt_BR\" \/>\n<meta property=\"og:type\" content=\"article\" \/>\n<meta property=\"og:title\" content=\"CGU v\u00ea irregularidade em emenda do presidente da CPI do INSS para a Igreja da Lagoinha - R\u00e1dio Porto Seguro\" \/>\n<meta property=\"og:description\" content=\"Senador Carlos Viana. (Foto: Waldemir Barreto\/Ag\u00eancia Senado) A Controladoria-Geral da Uni\u00e3o (CGU) identificou\u00a0irregularidades\u00a0na destina\u00e7\u00e3o de uma emenda parlamentar proposta pelo senador Carlos Viana (PSD-MG) \u00e0 Funda\u00e7\u00e3o O\u00e1sis, ligada \u00e0 Igreja Lagoinha. Segundo o \u00f3rg\u00e3o, a indica\u00e7\u00e3o da entidade como benefici\u00e1ria dos recursos n\u00e3o seguiu os tr\u00e2mites legais necess\u00e1rios, incluindo a exig\u00eancia de\u00a0concorr\u00eancia p\u00fablica. Em 2022, [&hellip;]\" \/>\n<meta property=\"og:url\" content=\"https:\/\/radioportoseguro.com.br\/site\/2026\/04\/07\/cgu-ve-irregularidade-em-emenda-do-presidente-da-cpi-do-inss-para-a-igreja-da-lagoinha\/\" \/>\n<meta property=\"og:site_name\" content=\"R\u00e1dio Porto Seguro\" \/>\n<meta property=\"article:published_time\" content=\"2026-04-07T17:39:11+00:00\" \/>\n<meta property=\"og:image\" content=\"https:\/\/i0.wp.com\/folhagospel.com\/wp-content\/uploads\/2026\/03\/image-24-e1773758716967.png?resize=675%2C450&amp;ssl=1\" \/>\n<meta name=\"author\" content=\"admin\" \/>\n<meta name=\"twitter:card\" content=\"summary_large_image\" \/>\n<meta name=\"twitter:label1\" content=\"Escrito por\" \/>\n\t<meta name=\"twitter:data1\" content=\"admin\" \/>\n\t<meta name=\"twitter:label2\" content=\"Est. tempo de leitura\" \/>\n\t<meta name=\"twitter:data2\" content=\"4 minutos\" \/>\n<script type=\"application\/ld+json\" class=\"yoast-schema-graph\">{\"@context\":\"https:\/\/schema.org\",\"@graph\":[{\"@type\":\"Article\",\"@id\":\"https:\/\/radioportoseguro.com.br\/site\/2026\/04\/07\/cgu-ve-irregularidade-em-emenda-do-presidente-da-cpi-do-inss-para-a-igreja-da-lagoinha\/#article\",\"isPartOf\":{\"@id\":\"https:\/\/radioportoseguro.com.br\/site\/2026\/04\/07\/cgu-ve-irregularidade-em-emenda-do-presidente-da-cpi-do-inss-para-a-igreja-da-lagoinha\/\"},\"author\":{\"name\":\"admin\",\"@id\":\"https:\/\/radioportoseguro.com.br\/site\/#\/schema\/person\/7630acdc320186f13639d3c067ec089b\"},\"headline\":\"CGU v\u00ea irregularidade em emenda do presidente da CPI do INSS para a Igreja da Lagoinha\",\"datePublished\":\"2026-04-07T17:39:11+00:00\",\"mainEntityOfPage\":{\"@id\":\"https:\/\/radioportoseguro.com.br\/site\/2026\/04\/07\/cgu-ve-irregularidade-em-emenda-do-presidente-da-cpi-do-inss-para-a-igreja-da-lagoinha\/\"},\"wordCount\":802,\"image\":{\"@id\":\"https:\/\/radioportoseguro.com.br\/site\/2026\/04\/07\/cgu-ve-irregularidade-em-emenda-do-presidente-da-cpi-do-inss-para-a-igreja-da-lagoinha\/#primaryimage\"},\"thumbnailUrl\":\"https:\/\/radioportoseguro.com.br\/site\/wp-content\/uploads\/2026\/03\/image-24-e1773758716967.png\",\"articleSection\":[\"Gospel\"],\"inLanguage\":\"pt-BR\"},{\"@type\":\"WebPage\",\"@id\":\"https:\/\/radioportoseguro.com.br\/site\/2026\/04\/07\/cgu-ve-irregularidade-em-emenda-do-presidente-da-cpi-do-inss-para-a-igreja-da-lagoinha\/\",\"url\":\"https:\/\/radioportoseguro.com.br\/site\/2026\/04\/07\/cgu-ve-irregularidade-em-emenda-do-presidente-da-cpi-do-inss-para-a-igreja-da-lagoinha\/\",\"name\":\"CGU v\u00ea irregularidade em emenda do presidente da CPI do INSS para a Igreja da Lagoinha - R\u00e1dio Porto Seguro\",\"isPartOf\":{\"@id\":\"https:\/\/radioportoseguro.com.br\/site\/#website\"},\"primaryImageOfPage\":{\"@id\":\"https:\/\/radioportoseguro.com.br\/site\/2026\/04\/07\/cgu-ve-irregularidade-em-emenda-do-presidente-da-cpi-do-inss-para-a-igreja-da-lagoinha\/#primaryimage\"},\"image\":{\"@id\":\"https:\/\/radioportoseguro.com.br\/site\/2026\/04\/07\/cgu-ve-irregularidade-em-emenda-do-presidente-da-cpi-do-inss-para-a-igreja-da-lagoinha\/#primaryimage\"},\"thumbnailUrl\":\"https:\/\/radioportoseguro.com.br\/site\/wp-content\/uploads\/2026\/03\/image-24-e1773758716967.png\",\"datePublished\":\"2026-04-07T17:39:11+00:00\",\"author\":{\"@id\":\"https:\/\/radioportoseguro.com.br\/site\/#\/schema\/person\/7630acdc320186f13639d3c067ec089b\"},\"breadcrumb\":{\"@id\":\"https:\/\/radioportoseguro.com.br\/site\/2026\/04\/07\/cgu-ve-irregularidade-em-emenda-do-presidente-da-cpi-do-inss-para-a-igreja-da-lagoinha\/#breadcrumb\"},\"inLanguage\":\"pt-BR\",\"potentialAction\":[{\"@type\":\"ReadAction\",\"target\":[\"https:\/\/radioportoseguro.com.br\/site\/2026\/04\/07\/cgu-ve-irregularidade-em-emenda-do-presidente-da-cpi-do-inss-para-a-igreja-da-lagoinha\/\"]}]},{\"@type\":\"ImageObject\",\"inLanguage\":\"pt-BR\",\"@id\":\"https:\/\/radioportoseguro.com.br\/site\/2026\/04\/07\/cgu-ve-irregularidade-em-emenda-do-presidente-da-cpi-do-inss-para-a-igreja-da-lagoinha\/#primaryimage\",\"url\":\"https:\/\/radioportoseguro.com.br\/site\/wp-content\/uploads\/2026\/03\/image-24-e1773758716967.png\",\"contentUrl\":\"https:\/\/radioportoseguro.com.br\/site\/wp-content\/uploads\/2026\/03\/image-24-e1773758716967.png\",\"width\":675,\"height\":450},{\"@type\":\"BreadcrumbList\",\"@id\":\"https:\/\/radioportoseguro.com.br\/site\/2026\/04\/07\/cgu-ve-irregularidade-em-emenda-do-presidente-da-cpi-do-inss-para-a-igreja-da-lagoinha\/#breadcrumb\",\"itemListElement\":[{\"@type\":\"ListItem\",\"position\":1,\"name\":\"In\u00edcio\",\"item\":\"https:\/\/radioportoseguro.com.br\/site\/\"},{\"@type\":\"ListItem\",\"position\":2,\"name\":\"CGU v\u00ea irregularidade em emenda do presidente da CPI do INSS para a Igreja da Lagoinha\"}]},{\"@type\":\"WebSite\",\"@id\":\"https:\/\/radioportoseguro.com.br\/site\/#website\",\"url\":\"https:\/\/radioportoseguro.com.br\/site\/\",\"name\":\"R\u00e1dio Porto Seguro\",\"description\":\"\",\"potentialAction\":[{\"@type\":\"SearchAction\",\"target\":{\"@type\":\"EntryPoint\",\"urlTemplate\":\"https:\/\/radioportoseguro.com.br\/site\/?s={search_term_string}\"},\"query-input\":{\"@type\":\"PropertyValueSpecification\",\"valueRequired\":true,\"valueName\":\"search_term_string\"}}],\"inLanguage\":\"pt-BR\"},{\"@type\":\"Person\",\"@id\":\"https:\/\/radioportoseguro.com.br\/site\/#\/schema\/person\/7630acdc320186f13639d3c067ec089b\",\"name\":\"admin\",\"image\":{\"@type\":\"ImageObject\",\"inLanguage\":\"pt-BR\",\"@id\":\"https:\/\/radioportoseguro.com.br\/site\/#\/schema\/person\/image\/\",\"url\":\"https:\/\/secure.gravatar.com\/avatar\/caacf4dc1eedb68fab0df8e1ed46c448e578b2466351bbcb61e47d2ac0caaef0?s=96&d=mm&r=g\",\"contentUrl\":\"https:\/\/secure.gravatar.com\/avatar\/caacf4dc1eedb68fab0df8e1ed46c448e578b2466351bbcb61e47d2ac0caaef0?s=96&d=mm&r=g\",\"caption\":\"admin\"},\"sameAs\":[\"https:\/\/radioportoseguro.com.br\/site\"],\"url\":\"https:\/\/radioportoseguro.com.br\/site\/author\/hezio\/\"}]}<\/script>\n<!-- \/ Yoast SEO plugin. -->","yoast_head_json":{"title":"CGU v\u00ea irregularidade em emenda do presidente da CPI do INSS para a Igreja da Lagoinha - R\u00e1dio Porto Seguro","robots":{"index":"index","follow":"follow","max-snippet":"max-snippet:-1","max-image-preview":"max-image-preview:large","max-video-preview":"max-video-preview:-1"},"canonical":"https:\/\/radioportoseguro.com.br\/site\/2026\/04\/07\/cgu-ve-irregularidade-em-emenda-do-presidente-da-cpi-do-inss-para-a-igreja-da-lagoinha\/","og_locale":"pt_BR","og_type":"article","og_title":"CGU v\u00ea irregularidade em emenda do presidente da CPI do INSS para a Igreja da Lagoinha - R\u00e1dio Porto Seguro","og_description":"Senador Carlos Viana. (Foto: Waldemir Barreto\/Ag\u00eancia Senado) A Controladoria-Geral da Uni\u00e3o (CGU) identificou\u00a0irregularidades\u00a0na destina\u00e7\u00e3o de uma emenda parlamentar proposta pelo senador Carlos Viana (PSD-MG) \u00e0 Funda\u00e7\u00e3o O\u00e1sis, ligada \u00e0 Igreja Lagoinha. Segundo o \u00f3rg\u00e3o, a indica\u00e7\u00e3o da entidade como benefici\u00e1ria dos recursos n\u00e3o seguiu os tr\u00e2mites legais necess\u00e1rios, incluindo a exig\u00eancia de\u00a0concorr\u00eancia p\u00fablica. Em 2022, [&hellip;]","og_url":"https:\/\/radioportoseguro.com.br\/site\/2026\/04\/07\/cgu-ve-irregularidade-em-emenda-do-presidente-da-cpi-do-inss-para-a-igreja-da-lagoinha\/","og_site_name":"R\u00e1dio Porto Seguro","article_published_time":"2026-04-07T17:39:11+00:00","og_image":[{"url":"https:\/\/i0.wp.com\/folhagospel.com\/wp-content\/uploads\/2026\/03\/image-24-e1773758716967.png?resize=675%2C450&amp;ssl=1","type":"","width":"","height":""}],"author":"admin","twitter_card":"summary_large_image","twitter_misc":{"Escrito por":"admin","Est. tempo de leitura":"4 minutos"},"schema":{"@context":"https:\/\/schema.org","@graph":[{"@type":"Article","@id":"https:\/\/radioportoseguro.com.br\/site\/2026\/04\/07\/cgu-ve-irregularidade-em-emenda-do-presidente-da-cpi-do-inss-para-a-igreja-da-lagoinha\/#article","isPartOf":{"@id":"https:\/\/radioportoseguro.com.br\/site\/2026\/04\/07\/cgu-ve-irregularidade-em-emenda-do-presidente-da-cpi-do-inss-para-a-igreja-da-lagoinha\/"},"author":{"name":"admin","@id":"https:\/\/radioportoseguro.com.br\/site\/#\/schema\/person\/7630acdc320186f13639d3c067ec089b"},"headline":"CGU v\u00ea irregularidade em emenda do presidente da CPI do INSS para a Igreja da Lagoinha","datePublished":"2026-04-07T17:39:11+00:00","mainEntityOfPage":{"@id":"https:\/\/radioportoseguro.com.br\/site\/2026\/04\/07\/cgu-ve-irregularidade-em-emenda-do-presidente-da-cpi-do-inss-para-a-igreja-da-lagoinha\/"},"wordCount":802,"image":{"@id":"https:\/\/radioportoseguro.com.br\/site\/2026\/04\/07\/cgu-ve-irregularidade-em-emenda-do-presidente-da-cpi-do-inss-para-a-igreja-da-lagoinha\/#primaryimage"},"thumbnailUrl":"https:\/\/radioportoseguro.com.br\/site\/wp-content\/uploads\/2026\/03\/image-24-e1773758716967.png","articleSection":["Gospel"],"inLanguage":"pt-BR"},{"@type":"WebPage","@id":"https:\/\/radioportoseguro.com.br\/site\/2026\/04\/07\/cgu-ve-irregularidade-em-emenda-do-presidente-da-cpi-do-inss-para-a-igreja-da-lagoinha\/","url":"https:\/\/radioportoseguro.com.br\/site\/2026\/04\/07\/cgu-ve-irregularidade-em-emenda-do-presidente-da-cpi-do-inss-para-a-igreja-da-lagoinha\/","name":"CGU v\u00ea irregularidade em emenda do presidente da CPI do INSS para a Igreja da Lagoinha - R\u00e1dio Porto Seguro","isPartOf":{"@id":"https:\/\/radioportoseguro.com.br\/site\/#website"},"primaryImageOfPage":{"@id":"https:\/\/radioportoseguro.com.br\/site\/2026\/04\/07\/cgu-ve-irregularidade-em-emenda-do-presidente-da-cpi-do-inss-para-a-igreja-da-lagoinha\/#primaryimage"},"image":{"@id":"https:\/\/radioportoseguro.com.br\/site\/2026\/04\/07\/cgu-ve-irregularidade-em-emenda-do-presidente-da-cpi-do-inss-para-a-igreja-da-lagoinha\/#primaryimage"},"thumbnailUrl":"https:\/\/radioportoseguro.com.br\/site\/wp-content\/uploads\/2026\/03\/image-24-e1773758716967.png","datePublished":"2026-04-07T17:39:11+00:00","author":{"@id":"https:\/\/radioportoseguro.com.br\/site\/#\/schema\/person\/7630acdc320186f13639d3c067ec089b"},"breadcrumb":{"@id":"https:\/\/radioportoseguro.com.br\/site\/2026\/04\/07\/cgu-ve-irregularidade-em-emenda-do-presidente-da-cpi-do-inss-para-a-igreja-da-lagoinha\/#breadcrumb"},"inLanguage":"pt-BR","potentialAction":[{"@type":"ReadAction","target":["https:\/\/radioportoseguro.com.br\/site\/2026\/04\/07\/cgu-ve-irregularidade-em-emenda-do-presidente-da-cpi-do-inss-para-a-igreja-da-lagoinha\/"]}]},{"@type":"ImageObject","inLanguage":"pt-BR","@id":"https:\/\/radioportoseguro.com.br\/site\/2026\/04\/07\/cgu-ve-irregularidade-em-emenda-do-presidente-da-cpi-do-inss-para-a-igreja-da-lagoinha\/#primaryimage","url":"https:\/\/radioportoseguro.com.br\/site\/wp-content\/uploads\/2026\/03\/image-24-e1773758716967.png","contentUrl":"https:\/\/radioportoseguro.com.br\/site\/wp-content\/uploads\/2026\/03\/image-24-e1773758716967.png","width":675,"height":450},{"@type":"BreadcrumbList","@id":"https:\/\/radioportoseguro.com.br\/site\/2026\/04\/07\/cgu-ve-irregularidade-em-emenda-do-presidente-da-cpi-do-inss-para-a-igreja-da-lagoinha\/#breadcrumb","itemListElement":[{"@type":"ListItem","position":1,"name":"In\u00edcio","item":"https:\/\/radioportoseguro.com.br\/site\/"},{"@type":"ListItem","position":2,"name":"CGU v\u00ea irregularidade em emenda do presidente da CPI do INSS para a Igreja da Lagoinha"}]},{"@type":"WebSite","@id":"https:\/\/radioportoseguro.com.br\/site\/#website","url":"https:\/\/radioportoseguro.com.br\/site\/","name":"R\u00e1dio Porto Seguro","description":"","potentialAction":[{"@type":"SearchAction","target":{"@type":"EntryPoint","urlTemplate":"https:\/\/radioportoseguro.com.br\/site\/?s={search_term_string}"},"query-input":{"@type":"PropertyValueSpecification","valueRequired":true,"valueName":"search_term_string"}}],"inLanguage":"pt-BR"},{"@type":"Person","@id":"https:\/\/radioportoseguro.com.br\/site\/#\/schema\/person\/7630acdc320186f13639d3c067ec089b","name":"admin","image":{"@type":"ImageObject","inLanguage":"pt-BR","@id":"https:\/\/radioportoseguro.com.br\/site\/#\/schema\/person\/image\/","url":"https:\/\/secure.gravatar.com\/avatar\/caacf4dc1eedb68fab0df8e1ed46c448e578b2466351bbcb61e47d2ac0caaef0?s=96&d=mm&r=g","contentUrl":"https:\/\/secure.gravatar.com\/avatar\/caacf4dc1eedb68fab0df8e1ed46c448e578b2466351bbcb61e47d2ac0caaef0?s=96&d=mm&r=g","caption":"admin"},"sameAs":["https:\/\/radioportoseguro.com.br\/site"],"url":"https:\/\/radioportoseguro.com.br\/site\/author\/hezio\/"}]}},"_links":{"self":[{"href":"https:\/\/radioportoseguro.com.br\/site\/wp-json\/wp\/v2\/posts\/5809","targetHints":{"allow":["GET"]}}],"collection":[{"href":"https:\/\/radioportoseguro.com.br\/site\/wp-json\/wp\/v2\/posts"}],"about":[{"href":"https:\/\/radioportoseguro.com.br\/site\/wp-json\/wp\/v2\/types\/post"}],"author":[{"embeddable":true,"href":"https:\/\/radioportoseguro.com.br\/site\/wp-json\/wp\/v2\/users\/1"}],"replies":[{"embeddable":true,"href":"https:\/\/radioportoseguro.com.br\/site\/wp-json\/wp\/v2\/comments?post=5809"}],"version-history":[{"count":0,"href":"https:\/\/radioportoseguro.com.br\/site\/wp-json\/wp\/v2\/posts\/5809\/revisions"}],"wp:featuredmedia":[{"embeddable":true,"href":"https:\/\/radioportoseguro.com.br\/site\/wp-json\/wp\/v2\/media\/5123"}],"wp:attachment":[{"href":"https:\/\/radioportoseguro.com.br\/site\/wp-json\/wp\/v2\/media?parent=5809"}],"wp:term":[{"taxonomy":"category","embeddable":true,"href":"https:\/\/radioportoseguro.com.br\/site\/wp-json\/wp\/v2\/categories?post=5809"},{"taxonomy":"post_tag","embeddable":true,"href":"https:\/\/radioportoseguro.com.br\/site\/wp-json\/wp\/v2\/tags?post=5809"}],"curies":[{"name":"wp","href":"https:\/\/api.w.org\/{rel}","templated":true}]}}