{"id":5829,"date":"2026-04-08T03:00:22","date_gmt":"2026-04-08T06:00:22","guid":{"rendered":"https:\/\/radioportoseguro.com.br\/site\/2026\/04\/08\/6a-temporada-de-the-chosen-estreia-em-novembro-no-prime-video-e-narra-o-ultimo-dia-de-jesus\/"},"modified":"2026-04-08T03:00:22","modified_gmt":"2026-04-08T06:00:22","slug":"6a-temporada-de-the-chosen-estreia-em-novembro-no-prime-video-e-narra-o-ultimo-dia-de-jesus","status":"publish","type":"post","link":"https:\/\/radioportoseguro.com.br\/site\/2026\/04\/08\/6a-temporada-de-the-chosen-estreia-em-novembro-no-prime-video-e-narra-o-ultimo-dia-de-jesus\/","title":{"rendered":"6\u00aa temporada de The Chosen estreia em novembro no Prime Video e narra o \u00faltimo dia de Jesus"},"content":{"rendered":"<p><br \/>\n<br \/><\/p>\n<div>\n<p><span style=\"font-weight: 400;\">O Prime Video e a 5&amp;2 Studios anunciaram que a sexta temporada de <\/span><span style=\"color: #993300;\"><strong>The Chosen<\/strong><\/span><span style=\"font-weight: 400;\"> vai estrear em 15 de novembro de 2026, nos Estados Unidos e internacionalmente, incluindo o Brasil.<\/span><\/p>\n<p><span style=\"font-weight: 400;\">Com seis epis\u00f3dios, a nova temporada lan\u00e7ar\u00e1 tr\u00eas epis\u00f3dios no dia 15 de novembro, seguidos por lan\u00e7amentos semanais at\u00e9 6 de dezembro. Os dois epis\u00f3dios finais ser\u00e3o exibidos como um filme, num lan\u00e7amento cinematogr\u00e1fico no in\u00edcio de 2027.<\/span><\/p>\n<p><span style=\"font-weight: 400;\">Al\u00e9m do Brasil e Estados Unidos, a nova temporada estar\u00e1 dispon\u00edvel no Prime Video no Canad\u00e1, Austr\u00e1lia, Nova Zel\u00e2ndia, \u00c1frica Subsaariana, Reino Unido e Am\u00e9rica Latina. As temporadas de 1 a 5 j\u00e1 est\u00e3o dispon\u00edveis na plataforma.<\/span><\/p>\n<p><strong>A hora chegou<\/strong><\/p>\n<p><span style=\"font-weight: 400;\">A sexta temporada retrata os acontecimentos hist\u00f3ricos do \u00faltimo dia de Jesus atrav\u00e9s dos olhos daqueles que o amavam \u2014 e daqueles que o condenaram. Os fariseus chamam de justi\u00e7a.\u00a0<\/span><\/p>\n<p><span style=\"font-weight: 400;\">Os romanos chamam de paz. Os seguidores,de assassinato. Mas, diante da solid\u00e3o e da morte, Jesus permanece firme em seu plano, que sempre levou a um \u00fanico destino: a cruz.\u00a0<\/span><\/p>\n<p><span style=\"font-weight: 400;\">A nova temporada revela como as \u00faltimas horas de Jesus mudaram o mundo para sempre.<\/span><\/p>\n<p><span style=\"font-weight: 400;\">\u201cTodos conhecem o b\u00e1sico dessa parte da hist\u00f3ria, mas nem todos sabem o \u2018porqu\u00ea\u2019 da crucifica\u00e7\u00e3o e dos eventos extraordin\u00e1rios dessas 24 horas\u201d, disse <\/span><span style=\"color: #993300;\"><strong>Dallas Jenkins<\/strong><\/span><span style=\"font-weight: 400;\">, presidente e diretor criativo da 5&amp;2 Studios e criador\/produtor executivo de The Chosen.\u00a0<\/span><\/p>\n<p><span style=\"font-weight: 400;\">\u201cPercebemos que isso n\u00e3o s\u00f3 merecia uma temporada de televis\u00e3o, mas tamb\u00e9m um longa-metragem independente. Escrevemos e filmamos tudo com isso em mente\u201d, acrescentou.<\/span><\/p>\n<p><span style=\"color: #993300;\"><strong>Jonathan Roumie<\/strong><\/span><span style=\"font-weight: 400;\"> retorna como Jesus, ao lado de Shahar Isaac (Pedro), Paras Patel (Mateus), Elizabeth Tabish (Maria Madalena), Noah James (Andr\u00e9), George H. Xanthis (Jo\u00e3o), Abe Bueno-Jallad (Tiago Maior), Vanessa Benavente (Maria, m\u00e3e de Jesus), Luke Dimyan (Judas), Richard Fancy (Caif\u00e1s), Paul Ben-Victor (Rei Herodes) e Andrew James Allen (P\u00f4ncio Pilatos).<\/span><\/p>\n<blockquote class=\"instagram-media\" style=\"background: #FFF; border: 0; border-radius: 3px; box-shadow: 0 0 1px 0 rgba(0,0,0,0.5),0 1px 10px 0 rgba(0,0,0,0.15); margin: 1px; max-width: 540px; min-width: 326px; padding: 0; width: calc(100% - 2px);\" data-instgrm-permalink=\"https:\/\/www.instagram.com\/p\/DWqrXGPkstx\/?utm_source=ig_embed&amp;utm_campaign=loading\" data-instgrm-version=\"14\"><p>&#13;<br \/>\n&#13;\n<\/p><\/blockquote>\n<p><strong>The Chosen<\/strong><\/p>\n<p><span style=\"font-weight: 400;\">The Chosen \u00e9 um drama hist\u00f3rico inovador baseado na vida de Jesus, visto pelos olhos daqueles que o conheceram. Ambientada no contexto da opress\u00e3o romana na Israel do primeiro s\u00e9culo, a s\u00e9rie apresenta um retrato aut\u00eantico e \u00edntimo da vida e dos ensinamentos revolucion\u00e1rios de Jesus.<\/span><\/p>\n<p><span style=\"font-weight: 400;\">Com mais de 300 milh\u00f5es de espectadores, \u00e9 uma das s\u00e9ries mais assistidas do mundo, produzida pela 5&amp;2 Studios e criada, dirigida e produzida por Dallas Jenkins.<\/span><\/p>\n<p><span style=\"font-weight: 400;\">Em 2025, a Amazon MGM Studios firmou um acordo estrat\u00e9gico com a 5&amp;2 Studios. O contrato inclui direitos de streaming das cinco primeiras temporadas de The Chosen, al\u00e9m de novas produ\u00e7\u00f5es como The Chosen Adventures, The Chosen in the Wild with Bear Grylls e Joseph of Egypt, sendo as duas \u00faltimas novas produ\u00e7\u00f5es ainda n\u00e3o confirmadas para o Brasil.\u00a0<\/span><\/p>\n<p><span style=\"font-weight: 400;\">O acordo tamb\u00e9m contempla os direitos das duas \u00faltimas temporadas de The Chosen \u2014 que abordar\u00e3o a crucifica\u00e7\u00e3o (temporada 6) e a ressurrei\u00e7\u00e3o (temporada 7) \u2014 tanto para streaming quanto para cinema. A distribui\u00e7\u00e3o global fica por conta da Lionsgate.<\/span><\/p>\n<\/div>\n<p><script async src=\"\/\/www.instagram.com\/embed.js\"><\/script><br \/>\n<br \/><br \/>\n<br \/>Fonte: Guiame <\/p>\n","protected":false},"excerpt":{"rendered":"<p>O Prime Video e a 5&amp;2 Studios anunciaram que a sexta temporada de The Chosen vai estrear em 15 de novembro de 2026, nos Estados Unidos e internacionalmente, incluindo o Brasil. Com seis epis\u00f3dios, a nova temporada lan\u00e7ar\u00e1 tr\u00eas epis\u00f3dios no dia 15 de novembro, seguidos por lan\u00e7amentos semanais at\u00e9 6 de dezembro. Os dois [&hellip;]<\/p>\n","protected":false},"author":1,"featured_media":5830,"comment_status":"","ping_status":"open","sticky":false,"template":"","format":"standard","meta":{"footnotes":""},"categories":[43],"tags":[],"class_list":["post-5829","post","type-post","status-publish","format-standard","has-post-thumbnail","hentry","category-destaques"],"yoast_head":"<!-- This site is optimized with the Yoast SEO plugin v26.8 - https:\/\/yoast.com\/product\/yoast-seo-wordpress\/ -->\n<title>6\u00aa temporada de The Chosen estreia em novembro no Prime Video e narra o \u00faltimo dia de Jesus - R\u00e1dio Porto Seguro<\/title>\n<meta name=\"robots\" content=\"index, follow, max-snippet:-1, max-image-preview:large, max-video-preview:-1\" \/>\n<link rel=\"canonical\" href=\"https:\/\/radioportoseguro.com.br\/site\/2026\/04\/08\/6a-temporada-de-the-chosen-estreia-em-novembro-no-prime-video-e-narra-o-ultimo-dia-de-jesus\/\" \/>\n<meta property=\"og:locale\" content=\"pt_BR\" \/>\n<meta property=\"og:type\" content=\"article\" \/>\n<meta property=\"og:title\" content=\"6\u00aa temporada de The Chosen estreia em novembro no Prime Video e narra o \u00faltimo dia de Jesus - R\u00e1dio Porto Seguro\" \/>\n<meta property=\"og:description\" content=\"O Prime Video e a 5&amp;2 Studios anunciaram que a sexta temporada de The Chosen vai estrear em 15 de novembro de 2026, nos Estados Unidos e internacionalmente, incluindo o Brasil. Com seis epis\u00f3dios, a nova temporada lan\u00e7ar\u00e1 tr\u00eas epis\u00f3dios no dia 15 de novembro, seguidos por lan\u00e7amentos semanais at\u00e9 6 de dezembro. Os dois [&hellip;]\" \/>\n<meta property=\"og:url\" content=\"https:\/\/radioportoseguro.com.br\/site\/2026\/04\/08\/6a-temporada-de-the-chosen-estreia-em-novembro-no-prime-video-e-narra-o-ultimo-dia-de-jesus\/\" \/>\n<meta property=\"og:site_name\" content=\"R\u00e1dio Porto Seguro\" \/>\n<meta property=\"article:published_time\" content=\"2026-04-08T06:00:22+00:00\" \/>\n<meta property=\"og:image\" content=\"https:\/\/media.guiame.com.br\/archives\/2026\/04\/06\/395823249-cena-de-jesus-em-chosen.jpeg\" \/>\n<meta name=\"author\" content=\"admin\" \/>\n<meta name=\"twitter:card\" content=\"summary_large_image\" \/>\n<meta name=\"twitter:label1\" content=\"Escrito por\" \/>\n\t<meta name=\"twitter:data1\" content=\"admin\" \/>\n\t<meta name=\"twitter:label2\" content=\"Est. tempo de leitura\" \/>\n\t<meta name=\"twitter:data2\" content=\"3 minutos\" \/>\n<script type=\"application\/ld+json\" class=\"yoast-schema-graph\">{\"@context\":\"https:\/\/schema.org\",\"@graph\":[{\"@type\":\"Article\",\"@id\":\"https:\/\/radioportoseguro.com.br\/site\/2026\/04\/08\/6a-temporada-de-the-chosen-estreia-em-novembro-no-prime-video-e-narra-o-ultimo-dia-de-jesus\/#article\",\"isPartOf\":{\"@id\":\"https:\/\/radioportoseguro.com.br\/site\/2026\/04\/08\/6a-temporada-de-the-chosen-estreia-em-novembro-no-prime-video-e-narra-o-ultimo-dia-de-jesus\/\"},\"author\":{\"name\":\"admin\",\"@id\":\"https:\/\/radioportoseguro.com.br\/site\/#\/schema\/person\/7630acdc320186f13639d3c067ec089b\"},\"headline\":\"6\u00aa temporada de The Chosen estreia em novembro no Prime Video e narra o \u00faltimo dia de Jesus\",\"datePublished\":\"2026-04-08T06:00:22+00:00\",\"mainEntityOfPage\":{\"@id\":\"https:\/\/radioportoseguro.com.br\/site\/2026\/04\/08\/6a-temporada-de-the-chosen-estreia-em-novembro-no-prime-video-e-narra-o-ultimo-dia-de-jesus\/\"},\"wordCount\":528,\"image\":{\"@id\":\"https:\/\/radioportoseguro.com.br\/site\/2026\/04\/08\/6a-temporada-de-the-chosen-estreia-em-novembro-no-prime-video-e-narra-o-ultimo-dia-de-jesus\/#primaryimage\"},\"thumbnailUrl\":\"https:\/\/radioportoseguro.com.br\/site\/wp-content\/uploads\/2026\/04\/395823249-cena-de-jesus-em-chosen.jpeg\",\"articleSection\":[\"Destaques\"],\"inLanguage\":\"pt-BR\"},{\"@type\":\"WebPage\",\"@id\":\"https:\/\/radioportoseguro.com.br\/site\/2026\/04\/08\/6a-temporada-de-the-chosen-estreia-em-novembro-no-prime-video-e-narra-o-ultimo-dia-de-jesus\/\",\"url\":\"https:\/\/radioportoseguro.com.br\/site\/2026\/04\/08\/6a-temporada-de-the-chosen-estreia-em-novembro-no-prime-video-e-narra-o-ultimo-dia-de-jesus\/\",\"name\":\"6\u00aa temporada de The Chosen estreia em novembro no Prime Video e narra o \u00faltimo dia de Jesus - R\u00e1dio Porto Seguro\",\"isPartOf\":{\"@id\":\"https:\/\/radioportoseguro.com.br\/site\/#website\"},\"primaryImageOfPage\":{\"@id\":\"https:\/\/radioportoseguro.com.br\/site\/2026\/04\/08\/6a-temporada-de-the-chosen-estreia-em-novembro-no-prime-video-e-narra-o-ultimo-dia-de-jesus\/#primaryimage\"},\"image\":{\"@id\":\"https:\/\/radioportoseguro.com.br\/site\/2026\/04\/08\/6a-temporada-de-the-chosen-estreia-em-novembro-no-prime-video-e-narra-o-ultimo-dia-de-jesus\/#primaryimage\"},\"thumbnailUrl\":\"https:\/\/radioportoseguro.com.br\/site\/wp-content\/uploads\/2026\/04\/395823249-cena-de-jesus-em-chosen.jpeg\",\"datePublished\":\"2026-04-08T06:00:22+00:00\",\"author\":{\"@id\":\"https:\/\/radioportoseguro.com.br\/site\/#\/schema\/person\/7630acdc320186f13639d3c067ec089b\"},\"breadcrumb\":{\"@id\":\"https:\/\/radioportoseguro.com.br\/site\/2026\/04\/08\/6a-temporada-de-the-chosen-estreia-em-novembro-no-prime-video-e-narra-o-ultimo-dia-de-jesus\/#breadcrumb\"},\"inLanguage\":\"pt-BR\",\"potentialAction\":[{\"@type\":\"ReadAction\",\"target\":[\"https:\/\/radioportoseguro.com.br\/site\/2026\/04\/08\/6a-temporada-de-the-chosen-estreia-em-novembro-no-prime-video-e-narra-o-ultimo-dia-de-jesus\/\"]}]},{\"@type\":\"ImageObject\",\"inLanguage\":\"pt-BR\",\"@id\":\"https:\/\/radioportoseguro.com.br\/site\/2026\/04\/08\/6a-temporada-de-the-chosen-estreia-em-novembro-no-prime-video-e-narra-o-ultimo-dia-de-jesus\/#primaryimage\",\"url\":\"https:\/\/radioportoseguro.com.br\/site\/wp-content\/uploads\/2026\/04\/395823249-cena-de-jesus-em-chosen.jpeg\",\"contentUrl\":\"https:\/\/radioportoseguro.com.br\/site\/wp-content\/uploads\/2026\/04\/395823249-cena-de-jesus-em-chosen.jpeg\",\"width\":1200,\"height\":600},{\"@type\":\"BreadcrumbList\",\"@id\":\"https:\/\/radioportoseguro.com.br\/site\/2026\/04\/08\/6a-temporada-de-the-chosen-estreia-em-novembro-no-prime-video-e-narra-o-ultimo-dia-de-jesus\/#breadcrumb\",\"itemListElement\":[{\"@type\":\"ListItem\",\"position\":1,\"name\":\"In\u00edcio\",\"item\":\"https:\/\/radioportoseguro.com.br\/site\/\"},{\"@type\":\"ListItem\",\"position\":2,\"name\":\"6\u00aa temporada de The Chosen estreia em novembro no Prime Video e narra o \u00faltimo dia de Jesus\"}]},{\"@type\":\"WebSite\",\"@id\":\"https:\/\/radioportoseguro.com.br\/site\/#website\",\"url\":\"https:\/\/radioportoseguro.com.br\/site\/\",\"name\":\"R\u00e1dio Porto Seguro\",\"description\":\"\",\"potentialAction\":[{\"@type\":\"SearchAction\",\"target\":{\"@type\":\"EntryPoint\",\"urlTemplate\":\"https:\/\/radioportoseguro.com.br\/site\/?s={search_term_string}\"},\"query-input\":{\"@type\":\"PropertyValueSpecification\",\"valueRequired\":true,\"valueName\":\"search_term_string\"}}],\"inLanguage\":\"pt-BR\"},{\"@type\":\"Person\",\"@id\":\"https:\/\/radioportoseguro.com.br\/site\/#\/schema\/person\/7630acdc320186f13639d3c067ec089b\",\"name\":\"admin\",\"image\":{\"@type\":\"ImageObject\",\"inLanguage\":\"pt-BR\",\"@id\":\"https:\/\/radioportoseguro.com.br\/site\/#\/schema\/person\/image\/\",\"url\":\"https:\/\/secure.gravatar.com\/avatar\/caacf4dc1eedb68fab0df8e1ed46c448e578b2466351bbcb61e47d2ac0caaef0?s=96&d=mm&r=g\",\"contentUrl\":\"https:\/\/secure.gravatar.com\/avatar\/caacf4dc1eedb68fab0df8e1ed46c448e578b2466351bbcb61e47d2ac0caaef0?s=96&d=mm&r=g\",\"caption\":\"admin\"},\"sameAs\":[\"https:\/\/radioportoseguro.com.br\/site\"],\"url\":\"https:\/\/radioportoseguro.com.br\/site\/author\/hezio\/\"}]}<\/script>\n<!-- \/ Yoast SEO plugin. -->","yoast_head_json":{"title":"6\u00aa temporada de The Chosen estreia em novembro no Prime Video e narra o \u00faltimo dia de Jesus - R\u00e1dio Porto Seguro","robots":{"index":"index","follow":"follow","max-snippet":"max-snippet:-1","max-image-preview":"max-image-preview:large","max-video-preview":"max-video-preview:-1"},"canonical":"https:\/\/radioportoseguro.com.br\/site\/2026\/04\/08\/6a-temporada-de-the-chosen-estreia-em-novembro-no-prime-video-e-narra-o-ultimo-dia-de-jesus\/","og_locale":"pt_BR","og_type":"article","og_title":"6\u00aa temporada de The Chosen estreia em novembro no Prime Video e narra o \u00faltimo dia de Jesus - R\u00e1dio Porto Seguro","og_description":"O Prime Video e a 5&amp;2 Studios anunciaram que a sexta temporada de The Chosen vai estrear em 15 de novembro de 2026, nos Estados Unidos e internacionalmente, incluindo o Brasil. Com seis epis\u00f3dios, a nova temporada lan\u00e7ar\u00e1 tr\u00eas epis\u00f3dios no dia 15 de novembro, seguidos por lan\u00e7amentos semanais at\u00e9 6 de dezembro. Os dois [&hellip;]","og_url":"https:\/\/radioportoseguro.com.br\/site\/2026\/04\/08\/6a-temporada-de-the-chosen-estreia-em-novembro-no-prime-video-e-narra-o-ultimo-dia-de-jesus\/","og_site_name":"R\u00e1dio Porto Seguro","article_published_time":"2026-04-08T06:00:22+00:00","og_image":[{"url":"https:\/\/media.guiame.com.br\/archives\/2026\/04\/06\/395823249-cena-de-jesus-em-chosen.jpeg","type":"","width":"","height":""}],"author":"admin","twitter_card":"summary_large_image","twitter_misc":{"Escrito por":"admin","Est. tempo de leitura":"3 minutos"},"schema":{"@context":"https:\/\/schema.org","@graph":[{"@type":"Article","@id":"https:\/\/radioportoseguro.com.br\/site\/2026\/04\/08\/6a-temporada-de-the-chosen-estreia-em-novembro-no-prime-video-e-narra-o-ultimo-dia-de-jesus\/#article","isPartOf":{"@id":"https:\/\/radioportoseguro.com.br\/site\/2026\/04\/08\/6a-temporada-de-the-chosen-estreia-em-novembro-no-prime-video-e-narra-o-ultimo-dia-de-jesus\/"},"author":{"name":"admin","@id":"https:\/\/radioportoseguro.com.br\/site\/#\/schema\/person\/7630acdc320186f13639d3c067ec089b"},"headline":"6\u00aa temporada de The Chosen estreia em novembro no Prime Video e narra o \u00faltimo dia de Jesus","datePublished":"2026-04-08T06:00:22+00:00","mainEntityOfPage":{"@id":"https:\/\/radioportoseguro.com.br\/site\/2026\/04\/08\/6a-temporada-de-the-chosen-estreia-em-novembro-no-prime-video-e-narra-o-ultimo-dia-de-jesus\/"},"wordCount":528,"image":{"@id":"https:\/\/radioportoseguro.com.br\/site\/2026\/04\/08\/6a-temporada-de-the-chosen-estreia-em-novembro-no-prime-video-e-narra-o-ultimo-dia-de-jesus\/#primaryimage"},"thumbnailUrl":"https:\/\/radioportoseguro.com.br\/site\/wp-content\/uploads\/2026\/04\/395823249-cena-de-jesus-em-chosen.jpeg","articleSection":["Destaques"],"inLanguage":"pt-BR"},{"@type":"WebPage","@id":"https:\/\/radioportoseguro.com.br\/site\/2026\/04\/08\/6a-temporada-de-the-chosen-estreia-em-novembro-no-prime-video-e-narra-o-ultimo-dia-de-jesus\/","url":"https:\/\/radioportoseguro.com.br\/site\/2026\/04\/08\/6a-temporada-de-the-chosen-estreia-em-novembro-no-prime-video-e-narra-o-ultimo-dia-de-jesus\/","name":"6\u00aa temporada de The Chosen estreia em novembro no Prime Video e narra o \u00faltimo dia de Jesus - R\u00e1dio Porto Seguro","isPartOf":{"@id":"https:\/\/radioportoseguro.com.br\/site\/#website"},"primaryImageOfPage":{"@id":"https:\/\/radioportoseguro.com.br\/site\/2026\/04\/08\/6a-temporada-de-the-chosen-estreia-em-novembro-no-prime-video-e-narra-o-ultimo-dia-de-jesus\/#primaryimage"},"image":{"@id":"https:\/\/radioportoseguro.com.br\/site\/2026\/04\/08\/6a-temporada-de-the-chosen-estreia-em-novembro-no-prime-video-e-narra-o-ultimo-dia-de-jesus\/#primaryimage"},"thumbnailUrl":"https:\/\/radioportoseguro.com.br\/site\/wp-content\/uploads\/2026\/04\/395823249-cena-de-jesus-em-chosen.jpeg","datePublished":"2026-04-08T06:00:22+00:00","author":{"@id":"https:\/\/radioportoseguro.com.br\/site\/#\/schema\/person\/7630acdc320186f13639d3c067ec089b"},"breadcrumb":{"@id":"https:\/\/radioportoseguro.com.br\/site\/2026\/04\/08\/6a-temporada-de-the-chosen-estreia-em-novembro-no-prime-video-e-narra-o-ultimo-dia-de-jesus\/#breadcrumb"},"inLanguage":"pt-BR","potentialAction":[{"@type":"ReadAction","target":["https:\/\/radioportoseguro.com.br\/site\/2026\/04\/08\/6a-temporada-de-the-chosen-estreia-em-novembro-no-prime-video-e-narra-o-ultimo-dia-de-jesus\/"]}]},{"@type":"ImageObject","inLanguage":"pt-BR","@id":"https:\/\/radioportoseguro.com.br\/site\/2026\/04\/08\/6a-temporada-de-the-chosen-estreia-em-novembro-no-prime-video-e-narra-o-ultimo-dia-de-jesus\/#primaryimage","url":"https:\/\/radioportoseguro.com.br\/site\/wp-content\/uploads\/2026\/04\/395823249-cena-de-jesus-em-chosen.jpeg","contentUrl":"https:\/\/radioportoseguro.com.br\/site\/wp-content\/uploads\/2026\/04\/395823249-cena-de-jesus-em-chosen.jpeg","width":1200,"height":600},{"@type":"BreadcrumbList","@id":"https:\/\/radioportoseguro.com.br\/site\/2026\/04\/08\/6a-temporada-de-the-chosen-estreia-em-novembro-no-prime-video-e-narra-o-ultimo-dia-de-jesus\/#breadcrumb","itemListElement":[{"@type":"ListItem","position":1,"name":"In\u00edcio","item":"https:\/\/radioportoseguro.com.br\/site\/"},{"@type":"ListItem","position":2,"name":"6\u00aa temporada de The Chosen estreia em novembro no Prime Video e narra o \u00faltimo dia de Jesus"}]},{"@type":"WebSite","@id":"https:\/\/radioportoseguro.com.br\/site\/#website","url":"https:\/\/radioportoseguro.com.br\/site\/","name":"R\u00e1dio Porto Seguro","description":"","potentialAction":[{"@type":"SearchAction","target":{"@type":"EntryPoint","urlTemplate":"https:\/\/radioportoseguro.com.br\/site\/?s={search_term_string}"},"query-input":{"@type":"PropertyValueSpecification","valueRequired":true,"valueName":"search_term_string"}}],"inLanguage":"pt-BR"},{"@type":"Person","@id":"https:\/\/radioportoseguro.com.br\/site\/#\/schema\/person\/7630acdc320186f13639d3c067ec089b","name":"admin","image":{"@type":"ImageObject","inLanguage":"pt-BR","@id":"https:\/\/radioportoseguro.com.br\/site\/#\/schema\/person\/image\/","url":"https:\/\/secure.gravatar.com\/avatar\/caacf4dc1eedb68fab0df8e1ed46c448e578b2466351bbcb61e47d2ac0caaef0?s=96&d=mm&r=g","contentUrl":"https:\/\/secure.gravatar.com\/avatar\/caacf4dc1eedb68fab0df8e1ed46c448e578b2466351bbcb61e47d2ac0caaef0?s=96&d=mm&r=g","caption":"admin"},"sameAs":["https:\/\/radioportoseguro.com.br\/site"],"url":"https:\/\/radioportoseguro.com.br\/site\/author\/hezio\/"}]}},"_links":{"self":[{"href":"https:\/\/radioportoseguro.com.br\/site\/wp-json\/wp\/v2\/posts\/5829","targetHints":{"allow":["GET"]}}],"collection":[{"href":"https:\/\/radioportoseguro.com.br\/site\/wp-json\/wp\/v2\/posts"}],"about":[{"href":"https:\/\/radioportoseguro.com.br\/site\/wp-json\/wp\/v2\/types\/post"}],"author":[{"embeddable":true,"href":"https:\/\/radioportoseguro.com.br\/site\/wp-json\/wp\/v2\/users\/1"}],"replies":[{"embeddable":true,"href":"https:\/\/radioportoseguro.com.br\/site\/wp-json\/wp\/v2\/comments?post=5829"}],"version-history":[{"count":0,"href":"https:\/\/radioportoseguro.com.br\/site\/wp-json\/wp\/v2\/posts\/5829\/revisions"}],"wp:featuredmedia":[{"embeddable":true,"href":"https:\/\/radioportoseguro.com.br\/site\/wp-json\/wp\/v2\/media\/5830"}],"wp:attachment":[{"href":"https:\/\/radioportoseguro.com.br\/site\/wp-json\/wp\/v2\/media?parent=5829"}],"wp:term":[{"taxonomy":"category","embeddable":true,"href":"https:\/\/radioportoseguro.com.br\/site\/wp-json\/wp\/v2\/categories?post=5829"},{"taxonomy":"post_tag","embeddable":true,"href":"https:\/\/radioportoseguro.com.br\/site\/wp-json\/wp\/v2\/tags?post=5829"}],"curies":[{"name":"wp","href":"https:\/\/api.w.org\/{rel}","templated":true}]}}