{"id":5831,"date":"2026-04-08T05:01:00","date_gmt":"2026-04-08T08:01:00","guid":{"rendered":"https:\/\/radioportoseguro.com.br\/site\/2026\/04\/08\/o-despertar-do-discipulo-em-mim-parte-1\/"},"modified":"2026-04-08T05:01:00","modified_gmt":"2026-04-08T08:01:00","slug":"o-despertar-do-discipulo-em-mim-parte-1","status":"publish","type":"post","link":"https:\/\/radioportoseguro.com.br\/site\/2026\/04\/08\/o-despertar-do-discipulo-em-mim-parte-1\/","title":{"rendered":"O despertar do disc\u00edpulo em mim \u2013 Parte 1"},"content":{"rendered":"<p><br \/>\n<br \/><\/p>\n<div>\n<p>Querida comunidade <strong>Guiame<\/strong>, que alegria iniciarmos juntos mais um trimestre de profunda reflex\u00e3o e a\u00e7\u00e3o intencional! Se voc\u00ea nos acompanhou nos primeiros tr\u00eas meses deste ano, sabe que embarcamos em uma jornada poderosa de autodescoberta e transforma\u00e7\u00e3o.<\/p>\n<p>Come\u00e7amos em <strong>janeiro<\/strong> com o chamado \u201c<strong>Agora: O tempo de come\u00e7ar bem<\/strong>\u201d, onde fomos desafiados a acordar para o agora de Deus, a deixar pesos para tr\u00e1s, a agir com coragem e a alinhar nossos caminhos com o prop\u00f3sito divino.<\/p>\n<p>Foi um convite a um novo come\u00e7o, a uma postura ativa diante da vida e da f\u00e9.<\/p>\n<p>Em <strong>fevereiro<\/strong>, aprofundamos essa jornada com o tema <strong>\u201cQuando jejuardes&#8230; a disciplina espiritual que nos transforma\u201d<\/strong>.<\/p>\n<p>Ali, aprendemos que o sustento de um bom come\u00e7o reside na disciplina espiritual, no jejum que n\u00e3o \u00e9 apenas priva\u00e7\u00e3o, mas uma ferramenta poderosa para o discernimento, a maturidade e a vit\u00f3ria nas batalhas espirituais. Foi um per\u00edodo para solidificar os alicerces, para entender que a perman\u00eancia em Deus exige intencionalidade e entrega.<\/p>\n<p>E em <strong>mar\u00e7o<\/strong>, fomos impulsionados a \u201c<strong>ROMPER: enxergar, rearranjar e sustentar<\/strong>\u201d.<\/p>\n<p>Esse foi um m\u00eas de travessia, de confrontar barreiras internas e externas, de identificar pontos cegos, de rearranjar estruturas que j\u00e1 n\u00e3o nos serviam e de sustentar a const\u00e2ncia em meio \u00e0s mudan\u00e7as.<\/p>\n<p>Foi um tempo de quebrar padr\u00f5es limitantes para que novos frutos pudessem surgir, uma fase crucial para consolidar a transforma\u00e7\u00e3o pessoal.<\/p>\n<p>Agora, ao iniciarmos o <strong>segundo trimestre<\/strong>, somos convidados a dar um passo al\u00e9m.<\/p>\n<p>A jornada do primeiro trimestre foi essencialmente sobre \u201ceu\u201d: meu despertar, minha disciplina, meu romper. Mas a f\u00e9 crist\u00e3, por sua pr\u00f3pria natureza, nunca \u00e9 apenas sobre o indiv\u00edduo. Ela \u00e9 relacional, \u00e9 comunit\u00e1ria, \u00e9 multiplicadora.<\/p>\n<p>Por isso, em <strong>abril<\/strong>, mergulharemos na s\u00e9rie <strong>\u201cGerando consci\u00eancia: a grande comiss\u00e3o \u00e9 para todos\u201d<\/strong>.<\/p>\n<p>Este \u00e9 um convite para expandir o que Deus fez em n\u00f3s para o mundo ao nosso redor. \u00c9 hora de ativar n\u00e3o apenas o disc\u00edpulo em n\u00f3s, mas tamb\u00e9m o discipulador que Deus nos chamou para ser.<\/p>\n<p>\u00a0<\/p>\n<p><strong>1. Frutos do Primeiro Trimestre: A Base para Multiplicar<\/strong><\/p>\n<p>Antes de olharmos para frente, \u00e9 vital reconhecer os frutos que, com a gra\u00e7a de Deus e sua dedica\u00e7\u00e3o, foram cultivados no primeiro trimestre. Esses resultados n\u00e3o s\u00e3o apenas conquistas pessoais; s\u00e3o a base s\u00f3lida sobre a qual construiremos a capacidade de impactar outros. Pensemos nos resultados esperados em cada \u00e1rea da vida:<\/p>\n<p style=\"padding-left: 30px;\"><strong>1.1. Na Esfera Espiritual: Dire\u00e7\u00e3o e Intimidade Aprofundadas<\/strong><\/p>\n<p>Ap\u00f3s os desafios de <strong><em>&#8220;AGORA&#8221;, &#8220;JEJUARDES&#8221; e &#8220;ROMPER&#8221;<\/em><\/strong>, esperamos que voc\u00ea tenha experimentado uma conex\u00e3o mais profunda com Deus em sua caminhada crist\u00e3.<\/p>\n<p>A clareza de prop\u00f3sito, a sensibilidade \u00e0 voz do Esp\u00edrito Santo e uma dire\u00e7\u00e3o mais n\u00edtida para sua vida s\u00e3o frutos dessa jornada.<\/p>\n<p>Voc\u00ea n\u00e3o \u00e9 mais um &#8220;consumidor&#8221; passivo da f\u00e9, mas um participante ativo, com uma vida de ora\u00e7\u00e3o mais consistente e um entendimento mais agu\u00e7ado das Escrituras. Essa intimidade \u00e9 a fonte de onde fluir\u00e1 sua capacidade de guiar outros.<\/p>\n<p style=\"padding-left: 30px;\"><strong>1.2. Na Esfera Emocional: Leveza e Resili\u00eancia Renovadas<\/strong><\/p>\n<p>O processo de &#8220;deixar pesos&#8221; em janeiro, a disciplina do jejum em fevereiro e o &#8220;romper&#8221; com padr\u00f5es em mar\u00e7o, certamente trouxeram uma leveza emocional. A capacidade de lidar com desafios, de perdoar, de gerenciar a ansiedade e de cultivar a paz interior s\u00e3o sinais de uma resili\u00eancia renovada. Voc\u00ea aprendeu a confiar mais em Deus e menos nas circunst\u00e2ncias? Isso o torna um porto seguro para aqueles que buscam apoio e orienta\u00e7\u00e3o.<\/p>\n<p style=\"padding-left: 30px;\"><strong>1.3. Na Esfera Profissional\/Vocacional: Prop\u00f3sito e Impacto Ampliados<\/strong><\/p>\n<p>Ao alinhar seus caminhos e romper com o que o impedia, \u00e9 prov\u00e1vel que voc\u00ea tenha encontrado um novo senso de prop\u00f3sito em sua atua\u00e7\u00e3o profissional ou vocacional.<\/p>\n<p>Seja no trabalho, nos estudos ou no servi\u00e7o volunt\u00e1rio, a busca por excel\u00eancia e a consci\u00eancia de que seu trabalho pode ser uma forma de adora\u00e7\u00e3o e influ\u00eancia s\u00e3o frutos valiosos. Ah! Quando entendemos que impacto n\u00e3o se limita mais \u00e0 performance apenas, mas se estende \u00e0 forma como voc\u00ea inspira e serve as pessoas ao seu redor.<\/p>\n<p style=\"padding-left: 30px;\"><strong>1.4. Na Esfera Pessoal\/Relacional: Car\u00e1ter e Conex\u00f5es Fortalecidas<\/strong><\/p>\n<p>O autoconhecimento e a disposi\u00e7\u00e3o para rearranjar estruturas internas fortaleceram seu car\u00e1ter. A paci\u00eancia, a humildade, a integridade e o amor se tornaram mais evidentes em suas intera\u00e7\u00f5es. Suas rela\u00e7\u00f5es familiares e de amizade podem ter sido curadas ou aprofundadas, pois voc\u00ea aprendeu a se relacionar de forma mais saud\u00e1vel e intencional. Essa maturidade relacional \u00e9 fundamental para construir pontes e convidar outros para a jornada da f\u00e9.<\/p>\n<p>&#8220;Os frutos do primeiro trimestre n\u00e3o s\u00e3o um ponto de chegada, mas um trampolim, um \u201cpedacinho da ponte 2026\u201d.\u00a0 Eles nos capacitam a olhar para al\u00e9m de n\u00f3s mesmos e a estender a m\u00e3o, com a autoridade e a presen\u00e7a de Cristo, para aqueles que precisam de um guia.&#8221;<\/p>\n<p>\u00a0<\/p>\n<p><strong>2. A Grande Comiss\u00e3o: Uma Exegese Conceitual para Todos<\/strong><\/p>\n<p>A passagem central que nos guiar\u00e1 nesta s\u00e9rie \u00e9 Mateus 28:18-20, conhecida como a Grande Comiss\u00e3o. Para muitos, essa \u00e9 uma tarefa para mission\u00e1rios, pastores ou l\u00edderes de tempo integral. Mas uma exegese conceitual nos revela que o chamado \u00e9 muito mais abrangente, \u00e9 para cada um de n\u00f3s que se identifica como seguidor de Jesus.<\/p>\n<p><em>&#8220;A Grande Comiss\u00e3o n\u00e3o \u00e9 uma op\u00e7\u00e3o a ser considerada; \u00e9 uma ordem a ser obedecida.&#8221;<\/em>\u00a0 Hudson Taylor<\/p>\n<p>Vamos desdobrar essa passagem poderosa:<\/p>\n<p style=\"text-align: center;\"><strong>Mateus 28:18-20 (NVI):<\/strong><\/p>\n<p style=\"text-align: center;\"><em>&#8220;Ent\u00e3o Jesus aproximou-se deles e disse: &#8216;Toda a autoridade no c\u00e9u e na terra me foi dada. Portanto, v\u00e3o e fa\u00e7am disc\u00edpulos de todas as na\u00e7\u00f5es, batizando-os em nome do Pai e do Filho e do Esp\u00edrito Santo, ensinando-os a obedecer a tudo o que eu lhes ordenei. E eu estarei sempre com voc\u00eas, at\u00e9 o fim dos tempos.'&#8221;<\/em><\/p>\n<p style=\"padding-left: 30px;\"><strong>2.1. O Contexto e a Autoridade de Jesus<\/strong><\/p>\n<p>Jesus aparece aos seus <strong>onze disc\u00edpulos<\/strong> na Galileia, ap\u00f3s a Sua ressurrei\u00e7\u00e3o. \u00c9 um momento de transi\u00e7\u00e3o, de comissionamento. Ele n\u00e3o fala a uma multid\u00e3o, mas a um grupo seleto que Ele mesmo treinou. No entanto, a linguagem que Ele usa \u00e9 universal. Ele come\u00e7a afirmando: &#8220;<strong>Toda a autoridade no c\u00e9u e na terra me foi dada<\/strong>&#8220;. Esta \u00e9 a base inabal\u00e1vel do comando. N\u00e3o \u00e9 a nossa capacidade, intelig\u00eancia ou eloqu\u00eancia que nos qualifica, mas a autoridade suprema de Cristo. Ele n\u00e3o nos envia em nossa pr\u00f3pria for\u00e7a, mas na Sua autoridade. Isso desativa qualquer sentimento de inadequa\u00e7\u00e3o que possamos ter.<\/p>\n<p style=\"padding-left: 30px;\"><strong>2.2. O Comando Universal: &#8220;Ide, Fazei Disc\u00edpulos de Todas as Na\u00e7\u00f5es&#8221;<\/strong><\/p>\n<p>A palavra &#8220;<strong>Portanto<\/strong>&#8221; conecta a autoridade de Jesus ao comando que se segue. &#8220;<strong>V\u00e3o<\/strong>&#8221; (ou &#8220;Ide&#8221;) implica movimento, uma postura ativa, n\u00e3o de espera. N\u00e3o \u00e9 para ficarmos parados aguardando que as pessoas venham at\u00e9 n\u00f3s, mas para irmos ao encontro delas, onde quer que estejam. E o cerne do comando \u00e9 &#8220;<strong>fa\u00e7am disc\u00edpulos<\/strong>&#8220;. N\u00e3o \u00e9 apenas fazer convertidos, membros de igreja, ou pessoas que concordam com nossa doutrina.<\/p>\n<p>\u00c9 um processo de transforma\u00e7\u00e3o, de ajudar algu\u00e9m a se tornar um seguidor de Jesus, que aprende, obedece e, por sua vez, tamb\u00e9m faz disc\u00edpulos. A express\u00e3o &#8220;<strong>de todas as na\u00e7\u00f5es<\/strong>&#8221; quebra barreiras geogr\u00e1ficas, culturais e sociais. O discipulado n\u00e3o \u00e9 para um grupo espec\u00edfico, mas para toda a humanidade.<\/p>\n<p style=\"padding-left: 30px;\"><strong>2.3. Os Meios do Discipulado: Batizar e Ensinar a Obedecer<\/strong><\/p>\n<p>Jesus especifica como se faz disc\u00edpulos: &#8220;<strong>batizando-os em nome do Pai e do Filho e do Esp\u00edrito Santo<\/strong>&#8221; e &#8220;<strong>ensinando-os a obedecer a tudo o que eu lhes ordenei<\/strong>&#8220;. O batismo \u00e9 um ato p\u00fablico de identifica\u00e7\u00e3o com Cristo, um sinal de nova vida. O ensino, por sua vez, n\u00e3o \u00e9 meramente transmitir informa\u00e7\u00f5es, mas levar \u00e0 obedi\u00eancia. N\u00e3o se trata de acumular conhecimento b\u00edblico, mas de viver o que Jesus ensinou. Isso implica um relacionamento cont\u00ednuo, onde o discipulador modela e o disc\u00edpulo aprende a aplicar os princ\u00edpios de Cristo em sua vida di\u00e1ria.<\/p>\n<p style=\"padding-left: 30px;\"><strong>2.4. A Promessa de Presen\u00e7a: &#8220;Eu Estarei Sempre Com Voc\u00eas&#8221;<\/strong><\/p>\n<p>Para selar essa comiss\u00e3o, Jesus oferece a promessa mais reconfortante: &#8220;<strong>E eu estarei sempre com voc\u00eas, at\u00e9 o fim dos tempos<\/strong>&#8220;. Esta \u00e9 a garantia de Sua presen\u00e7a constante e de Seu poder capacitador. N\u00e3o estamos sozinhos nessa tarefa. \u00c9 a Sua presen\u00e7a que nos capacita, nos guia e nos sustenta. Essa promessa desativa o medo do fracasso, da rejei\u00e7\u00e3o e da inadequa\u00e7\u00e3o.<\/p>\n<p style=\"padding-left: 30px;\"><strong>1. Reflita sobre sua jornada no 1\u00ba trimestre<\/strong>. Quais foram os 3 maiores &#8220;rompimentos&#8221; que voc\u00ea experimentou em sua vida (espiritual, emocional, profissional, pessoal)? Como voc\u00ea percebe que esses rompimentos o prepararam para ir al\u00e9m de si mesmo e considerar o impacto em outros?<\/p>\n<p style=\"padding-left: 30px;\"><strong>2. Leia Mateus 28:18-20 novamente, com a perspectiva de que \u00e9 um chamado pessoal para voc\u00ea.<\/strong> Qual frase mais ressoa com voc\u00ea hoje e por qu\u00ea? O que essa frase te desafia a &#8220;desativar&#8221; em sua mente ou em suas atitudes em rela\u00e7\u00e3o ao discipulado?<\/p>\n<p>Que este m\u00eas de abril seja um marco de ativa\u00e7\u00e3o e multiplica\u00e7\u00e3o em sua vida!<\/p>\n<p>Continuaremos na Parte 2 explorando as evid\u00eancias b\u00edblicas que provam que a Grande Comiss\u00e3o \u00e9 para todos n\u00f3s, ativando o disc\u00edpulo em voc\u00ea com aplica\u00e7\u00f5es pr\u00e1ticas, neuroci\u00eancia transformadora e a\u00e7\u00f5es imediatas para multiplicar o Reino. Te espero na pr\u00f3xima semana!<\/p>\n<p>\u00a0<\/p>\n<p><strong>Rosana S\u00e1 <\/strong>(@rosanasa_oficial) \u00e9 mentora executiva, professora universit\u00e1ria, CEO da Cyclos Consultoria e autora do livro <em>Ativando Mulheres: Do Secreto ao Legado Atrav\u00e9s do Discipulado<\/em>. Especialista em comportamento, neuroci\u00eancia e lideran\u00e7a, atua como palestrante e conferencista. Na IMW, serve ao Senhor como Diretora Geral de Minist\u00e9rios, conduzindo l\u00edderes e equipes com prop\u00f3sito.<\/p>\n<p><em>* O conte\u00fado do texto acima \u00e9 de colabora\u00e7\u00e3o volunt\u00e1ria, seu teor \u00e9 de total responsabilidade do autor e n\u00e3o reflete necessariamente a opini\u00e3o do Portal Guiame.<\/em><\/p>\n<p>Leia o artigo anterior: <span style=\"color: #800000;\"><strong>Sustentar o romper: Consist\u00eancia, alinhamento e frutos ao longo do caminho<\/strong><\/span><\/p>\n<\/div>\n<p><br \/>\n<br \/>Fonte: Guiame <\/p>\n","protected":false},"excerpt":{"rendered":"<p>Querida comunidade Guiame, que alegria iniciarmos juntos mais um trimestre de profunda reflex\u00e3o e a\u00e7\u00e3o intencional! Se voc\u00ea nos acompanhou nos primeiros tr\u00eas meses deste ano, sabe que embarcamos em uma jornada poderosa de autodescoberta e transforma\u00e7\u00e3o. Come\u00e7amos em janeiro com o chamado \u201cAgora: O tempo de come\u00e7ar bem\u201d, onde fomos desafiados a acordar para [&hellip;]<\/p>\n","protected":false},"author":1,"featured_media":5832,"comment_status":"","ping_status":"open","sticky":false,"template":"","format":"standard","meta":{"footnotes":""},"categories":[43],"tags":[],"class_list":["post-5831","post","type-post","status-publish","format-standard","has-post-thumbnail","hentry","category-destaques"],"yoast_head":"<!-- This site is optimized with the Yoast SEO plugin v26.8 - https:\/\/yoast.com\/product\/yoast-seo-wordpress\/ -->\n<title>O despertar do disc\u00edpulo em mim \u2013 Parte 1 - R\u00e1dio Porto Seguro<\/title>\n<meta name=\"robots\" content=\"index, follow, max-snippet:-1, max-image-preview:large, max-video-preview:-1\" \/>\n<link rel=\"canonical\" href=\"https:\/\/radioportoseguro.com.br\/site\/2026\/04\/08\/o-despertar-do-discipulo-em-mim-parte-1\/\" \/>\n<meta property=\"og:locale\" content=\"pt_BR\" \/>\n<meta property=\"og:type\" content=\"article\" \/>\n<meta property=\"og:title\" content=\"O despertar do disc\u00edpulo em mim \u2013 Parte 1 - R\u00e1dio Porto Seguro\" \/>\n<meta property=\"og:description\" content=\"Querida comunidade Guiame, que alegria iniciarmos juntos mais um trimestre de profunda reflex\u00e3o e a\u00e7\u00e3o intencional! Se voc\u00ea nos acompanhou nos primeiros tr\u00eas meses deste ano, sabe que embarcamos em uma jornada poderosa de autodescoberta e transforma\u00e7\u00e3o. Come\u00e7amos em janeiro com o chamado \u201cAgora: O tempo de come\u00e7ar bem\u201d, onde fomos desafiados a acordar para [&hellip;]\" \/>\n<meta property=\"og:url\" content=\"https:\/\/radioportoseguro.com.br\/site\/2026\/04\/08\/o-despertar-do-discipulo-em-mim-parte-1\/\" \/>\n<meta property=\"og:site_name\" content=\"R\u00e1dio Porto Seguro\" \/>\n<meta property=\"article:published_time\" content=\"2026-04-08T08:01:00+00:00\" \/>\n<meta property=\"og:image\" content=\"https:\/\/media.guiame.com.br\/archives\/2026\/04\/06\/4017751035-homem.png\" \/>\n<meta name=\"author\" content=\"admin\" \/>\n<meta name=\"twitter:card\" content=\"summary_large_image\" \/>\n<meta name=\"twitter:label1\" content=\"Escrito por\" \/>\n\t<meta name=\"twitter:data1\" content=\"admin\" \/>\n\t<meta name=\"twitter:label2\" content=\"Est. tempo de leitura\" \/>\n\t<meta name=\"twitter:data2\" content=\"9 minutos\" \/>\n<script type=\"application\/ld+json\" class=\"yoast-schema-graph\">{\"@context\":\"https:\/\/schema.org\",\"@graph\":[{\"@type\":\"Article\",\"@id\":\"https:\/\/radioportoseguro.com.br\/site\/2026\/04\/08\/o-despertar-do-discipulo-em-mim-parte-1\/#article\",\"isPartOf\":{\"@id\":\"https:\/\/radioportoseguro.com.br\/site\/2026\/04\/08\/o-despertar-do-discipulo-em-mim-parte-1\/\"},\"author\":{\"name\":\"admin\",\"@id\":\"https:\/\/radioportoseguro.com.br\/site\/#\/schema\/person\/7630acdc320186f13639d3c067ec089b\"},\"headline\":\"O despertar do disc\u00edpulo em mim \u2013 Parte 1\",\"datePublished\":\"2026-04-08T08:01:00+00:00\",\"mainEntityOfPage\":{\"@id\":\"https:\/\/radioportoseguro.com.br\/site\/2026\/04\/08\/o-despertar-do-discipulo-em-mim-parte-1\/\"},\"wordCount\":1734,\"image\":{\"@id\":\"https:\/\/radioportoseguro.com.br\/site\/2026\/04\/08\/o-despertar-do-discipulo-em-mim-parte-1\/#primaryimage\"},\"thumbnailUrl\":\"https:\/\/radioportoseguro.com.br\/site\/wp-content\/uploads\/2026\/04\/4017751035-homem.png\",\"articleSection\":[\"Destaques\"],\"inLanguage\":\"pt-BR\"},{\"@type\":\"WebPage\",\"@id\":\"https:\/\/radioportoseguro.com.br\/site\/2026\/04\/08\/o-despertar-do-discipulo-em-mim-parte-1\/\",\"url\":\"https:\/\/radioportoseguro.com.br\/site\/2026\/04\/08\/o-despertar-do-discipulo-em-mim-parte-1\/\",\"name\":\"O despertar do disc\u00edpulo em mim \u2013 Parte 1 - R\u00e1dio Porto Seguro\",\"isPartOf\":{\"@id\":\"https:\/\/radioportoseguro.com.br\/site\/#website\"},\"primaryImageOfPage\":{\"@id\":\"https:\/\/radioportoseguro.com.br\/site\/2026\/04\/08\/o-despertar-do-discipulo-em-mim-parte-1\/#primaryimage\"},\"image\":{\"@id\":\"https:\/\/radioportoseguro.com.br\/site\/2026\/04\/08\/o-despertar-do-discipulo-em-mim-parte-1\/#primaryimage\"},\"thumbnailUrl\":\"https:\/\/radioportoseguro.com.br\/site\/wp-content\/uploads\/2026\/04\/4017751035-homem.png\",\"datePublished\":\"2026-04-08T08:01:00+00:00\",\"author\":{\"@id\":\"https:\/\/radioportoseguro.com.br\/site\/#\/schema\/person\/7630acdc320186f13639d3c067ec089b\"},\"breadcrumb\":{\"@id\":\"https:\/\/radioportoseguro.com.br\/site\/2026\/04\/08\/o-despertar-do-discipulo-em-mim-parte-1\/#breadcrumb\"},\"inLanguage\":\"pt-BR\",\"potentialAction\":[{\"@type\":\"ReadAction\",\"target\":[\"https:\/\/radioportoseguro.com.br\/site\/2026\/04\/08\/o-despertar-do-discipulo-em-mim-parte-1\/\"]}]},{\"@type\":\"ImageObject\",\"inLanguage\":\"pt-BR\",\"@id\":\"https:\/\/radioportoseguro.com.br\/site\/2026\/04\/08\/o-despertar-do-discipulo-em-mim-parte-1\/#primaryimage\",\"url\":\"https:\/\/radioportoseguro.com.br\/site\/wp-content\/uploads\/2026\/04\/4017751035-homem.png\",\"contentUrl\":\"https:\/\/radioportoseguro.com.br\/site\/wp-content\/uploads\/2026\/04\/4017751035-homem.png\",\"width\":1200,\"height\":600},{\"@type\":\"BreadcrumbList\",\"@id\":\"https:\/\/radioportoseguro.com.br\/site\/2026\/04\/08\/o-despertar-do-discipulo-em-mim-parte-1\/#breadcrumb\",\"itemListElement\":[{\"@type\":\"ListItem\",\"position\":1,\"name\":\"In\u00edcio\",\"item\":\"https:\/\/radioportoseguro.com.br\/site\/\"},{\"@type\":\"ListItem\",\"position\":2,\"name\":\"O despertar do disc\u00edpulo em mim \u2013 Parte 1\"}]},{\"@type\":\"WebSite\",\"@id\":\"https:\/\/radioportoseguro.com.br\/site\/#website\",\"url\":\"https:\/\/radioportoseguro.com.br\/site\/\",\"name\":\"R\u00e1dio Porto Seguro\",\"description\":\"\",\"potentialAction\":[{\"@type\":\"SearchAction\",\"target\":{\"@type\":\"EntryPoint\",\"urlTemplate\":\"https:\/\/radioportoseguro.com.br\/site\/?s={search_term_string}\"},\"query-input\":{\"@type\":\"PropertyValueSpecification\",\"valueRequired\":true,\"valueName\":\"search_term_string\"}}],\"inLanguage\":\"pt-BR\"},{\"@type\":\"Person\",\"@id\":\"https:\/\/radioportoseguro.com.br\/site\/#\/schema\/person\/7630acdc320186f13639d3c067ec089b\",\"name\":\"admin\",\"image\":{\"@type\":\"ImageObject\",\"inLanguage\":\"pt-BR\",\"@id\":\"https:\/\/radioportoseguro.com.br\/site\/#\/schema\/person\/image\/\",\"url\":\"https:\/\/secure.gravatar.com\/avatar\/caacf4dc1eedb68fab0df8e1ed46c448e578b2466351bbcb61e47d2ac0caaef0?s=96&d=mm&r=g\",\"contentUrl\":\"https:\/\/secure.gravatar.com\/avatar\/caacf4dc1eedb68fab0df8e1ed46c448e578b2466351bbcb61e47d2ac0caaef0?s=96&d=mm&r=g\",\"caption\":\"admin\"},\"sameAs\":[\"https:\/\/radioportoseguro.com.br\/site\"],\"url\":\"https:\/\/radioportoseguro.com.br\/site\/author\/hezio\/\"}]}<\/script>\n<!-- \/ Yoast SEO plugin. -->","yoast_head_json":{"title":"O despertar do disc\u00edpulo em mim \u2013 Parte 1 - R\u00e1dio Porto Seguro","robots":{"index":"index","follow":"follow","max-snippet":"max-snippet:-1","max-image-preview":"max-image-preview:large","max-video-preview":"max-video-preview:-1"},"canonical":"https:\/\/radioportoseguro.com.br\/site\/2026\/04\/08\/o-despertar-do-discipulo-em-mim-parte-1\/","og_locale":"pt_BR","og_type":"article","og_title":"O despertar do disc\u00edpulo em mim \u2013 Parte 1 - R\u00e1dio Porto Seguro","og_description":"Querida comunidade Guiame, que alegria iniciarmos juntos mais um trimestre de profunda reflex\u00e3o e a\u00e7\u00e3o intencional! Se voc\u00ea nos acompanhou nos primeiros tr\u00eas meses deste ano, sabe que embarcamos em uma jornada poderosa de autodescoberta e transforma\u00e7\u00e3o. Come\u00e7amos em janeiro com o chamado \u201cAgora: O tempo de come\u00e7ar bem\u201d, onde fomos desafiados a acordar para [&hellip;]","og_url":"https:\/\/radioportoseguro.com.br\/site\/2026\/04\/08\/o-despertar-do-discipulo-em-mim-parte-1\/","og_site_name":"R\u00e1dio Porto Seguro","article_published_time":"2026-04-08T08:01:00+00:00","og_image":[{"url":"https:\/\/media.guiame.com.br\/archives\/2026\/04\/06\/4017751035-homem.png","type":"","width":"","height":""}],"author":"admin","twitter_card":"summary_large_image","twitter_misc":{"Escrito por":"admin","Est. tempo de leitura":"9 minutos"},"schema":{"@context":"https:\/\/schema.org","@graph":[{"@type":"Article","@id":"https:\/\/radioportoseguro.com.br\/site\/2026\/04\/08\/o-despertar-do-discipulo-em-mim-parte-1\/#article","isPartOf":{"@id":"https:\/\/radioportoseguro.com.br\/site\/2026\/04\/08\/o-despertar-do-discipulo-em-mim-parte-1\/"},"author":{"name":"admin","@id":"https:\/\/radioportoseguro.com.br\/site\/#\/schema\/person\/7630acdc320186f13639d3c067ec089b"},"headline":"O despertar do disc\u00edpulo em mim \u2013 Parte 1","datePublished":"2026-04-08T08:01:00+00:00","mainEntityOfPage":{"@id":"https:\/\/radioportoseguro.com.br\/site\/2026\/04\/08\/o-despertar-do-discipulo-em-mim-parte-1\/"},"wordCount":1734,"image":{"@id":"https:\/\/radioportoseguro.com.br\/site\/2026\/04\/08\/o-despertar-do-discipulo-em-mim-parte-1\/#primaryimage"},"thumbnailUrl":"https:\/\/radioportoseguro.com.br\/site\/wp-content\/uploads\/2026\/04\/4017751035-homem.png","articleSection":["Destaques"],"inLanguage":"pt-BR"},{"@type":"WebPage","@id":"https:\/\/radioportoseguro.com.br\/site\/2026\/04\/08\/o-despertar-do-discipulo-em-mim-parte-1\/","url":"https:\/\/radioportoseguro.com.br\/site\/2026\/04\/08\/o-despertar-do-discipulo-em-mim-parte-1\/","name":"O despertar do disc\u00edpulo em mim \u2013 Parte 1 - R\u00e1dio Porto Seguro","isPartOf":{"@id":"https:\/\/radioportoseguro.com.br\/site\/#website"},"primaryImageOfPage":{"@id":"https:\/\/radioportoseguro.com.br\/site\/2026\/04\/08\/o-despertar-do-discipulo-em-mim-parte-1\/#primaryimage"},"image":{"@id":"https:\/\/radioportoseguro.com.br\/site\/2026\/04\/08\/o-despertar-do-discipulo-em-mim-parte-1\/#primaryimage"},"thumbnailUrl":"https:\/\/radioportoseguro.com.br\/site\/wp-content\/uploads\/2026\/04\/4017751035-homem.png","datePublished":"2026-04-08T08:01:00+00:00","author":{"@id":"https:\/\/radioportoseguro.com.br\/site\/#\/schema\/person\/7630acdc320186f13639d3c067ec089b"},"breadcrumb":{"@id":"https:\/\/radioportoseguro.com.br\/site\/2026\/04\/08\/o-despertar-do-discipulo-em-mim-parte-1\/#breadcrumb"},"inLanguage":"pt-BR","potentialAction":[{"@type":"ReadAction","target":["https:\/\/radioportoseguro.com.br\/site\/2026\/04\/08\/o-despertar-do-discipulo-em-mim-parte-1\/"]}]},{"@type":"ImageObject","inLanguage":"pt-BR","@id":"https:\/\/radioportoseguro.com.br\/site\/2026\/04\/08\/o-despertar-do-discipulo-em-mim-parte-1\/#primaryimage","url":"https:\/\/radioportoseguro.com.br\/site\/wp-content\/uploads\/2026\/04\/4017751035-homem.png","contentUrl":"https:\/\/radioportoseguro.com.br\/site\/wp-content\/uploads\/2026\/04\/4017751035-homem.png","width":1200,"height":600},{"@type":"BreadcrumbList","@id":"https:\/\/radioportoseguro.com.br\/site\/2026\/04\/08\/o-despertar-do-discipulo-em-mim-parte-1\/#breadcrumb","itemListElement":[{"@type":"ListItem","position":1,"name":"In\u00edcio","item":"https:\/\/radioportoseguro.com.br\/site\/"},{"@type":"ListItem","position":2,"name":"O despertar do disc\u00edpulo em mim \u2013 Parte 1"}]},{"@type":"WebSite","@id":"https:\/\/radioportoseguro.com.br\/site\/#website","url":"https:\/\/radioportoseguro.com.br\/site\/","name":"R\u00e1dio Porto Seguro","description":"","potentialAction":[{"@type":"SearchAction","target":{"@type":"EntryPoint","urlTemplate":"https:\/\/radioportoseguro.com.br\/site\/?s={search_term_string}"},"query-input":{"@type":"PropertyValueSpecification","valueRequired":true,"valueName":"search_term_string"}}],"inLanguage":"pt-BR"},{"@type":"Person","@id":"https:\/\/radioportoseguro.com.br\/site\/#\/schema\/person\/7630acdc320186f13639d3c067ec089b","name":"admin","image":{"@type":"ImageObject","inLanguage":"pt-BR","@id":"https:\/\/radioportoseguro.com.br\/site\/#\/schema\/person\/image\/","url":"https:\/\/secure.gravatar.com\/avatar\/caacf4dc1eedb68fab0df8e1ed46c448e578b2466351bbcb61e47d2ac0caaef0?s=96&d=mm&r=g","contentUrl":"https:\/\/secure.gravatar.com\/avatar\/caacf4dc1eedb68fab0df8e1ed46c448e578b2466351bbcb61e47d2ac0caaef0?s=96&d=mm&r=g","caption":"admin"},"sameAs":["https:\/\/radioportoseguro.com.br\/site"],"url":"https:\/\/radioportoseguro.com.br\/site\/author\/hezio\/"}]}},"_links":{"self":[{"href":"https:\/\/radioportoseguro.com.br\/site\/wp-json\/wp\/v2\/posts\/5831","targetHints":{"allow":["GET"]}}],"collection":[{"href":"https:\/\/radioportoseguro.com.br\/site\/wp-json\/wp\/v2\/posts"}],"about":[{"href":"https:\/\/radioportoseguro.com.br\/site\/wp-json\/wp\/v2\/types\/post"}],"author":[{"embeddable":true,"href":"https:\/\/radioportoseguro.com.br\/site\/wp-json\/wp\/v2\/users\/1"}],"replies":[{"embeddable":true,"href":"https:\/\/radioportoseguro.com.br\/site\/wp-json\/wp\/v2\/comments?post=5831"}],"version-history":[{"count":0,"href":"https:\/\/radioportoseguro.com.br\/site\/wp-json\/wp\/v2\/posts\/5831\/revisions"}],"wp:featuredmedia":[{"embeddable":true,"href":"https:\/\/radioportoseguro.com.br\/site\/wp-json\/wp\/v2\/media\/5832"}],"wp:attachment":[{"href":"https:\/\/radioportoseguro.com.br\/site\/wp-json\/wp\/v2\/media?parent=5831"}],"wp:term":[{"taxonomy":"category","embeddable":true,"href":"https:\/\/radioportoseguro.com.br\/site\/wp-json\/wp\/v2\/categories?post=5831"},{"taxonomy":"post_tag","embeddable":true,"href":"https:\/\/radioportoseguro.com.br\/site\/wp-json\/wp\/v2\/tags?post=5831"}],"curies":[{"name":"wp","href":"https:\/\/api.w.org\/{rel}","templated":true}]}}