{"id":5835,"date":"2026-04-08T07:04:16","date_gmt":"2026-04-08T10:04:16","guid":{"rendered":"https:\/\/radioportoseguro.com.br\/site\/2026\/04\/08\/mais-de-15-000-mil-pessoas-adoram-jesus-em-praia-de-santa-catarina-estrategia-do-ceu\/"},"modified":"2026-04-08T07:04:16","modified_gmt":"2026-04-08T10:04:16","slug":"mais-de-15-000-mil-pessoas-adoram-jesus-em-praia-de-santa-catarina-estrategia-do-ceu","status":"publish","type":"post","link":"https:\/\/radioportoseguro.com.br\/site\/2026\/04\/08\/mais-de-15-000-mil-pessoas-adoram-jesus-em-praia-de-santa-catarina-estrategia-do-ceu\/","title":{"rendered":"Mais de 15.000 mil pessoas adoram Jesus em praia de Santa Catarina: \u201cEstrat\u00e9gia do c\u00e9u\u201d"},"content":{"rendered":"<p><br \/>\n<br \/><\/p>\n<div>\n<p><span style=\"font-weight: 400;\">Na \u00faltima sexta-feira (3), mais de 15 mil pessoas lotaram a Praia Central de <\/span><span style=\"color: #993300;\"><strong>Balne\u00e1rio Cambori\u00fa<\/strong><\/span><span style=\"font-weight: 400;\"> para adorar a Deus. Al\u00e9m dos momentos de louvor e ora\u00e7\u00e3o, os crist\u00e3os testemunharam batismos e declararam: \u201c<\/span><span style=\"color: #993300;\"><strong>Santa Catarina<\/strong><\/span><span style=\"font-weight: 400;\"> \u00e9 de Jesus\u201d.<\/span><\/p>\n<p><span style=\"font-weight: 400;\">A praia amanheceu tomada por uma multid\u00e3o de crist\u00e3os reunidos em um momento de louvor e adora\u00e7\u00e3o na areia. Intitulada \u201cAmanhecer\u201d, a a\u00e7\u00e3o \u00e9 uma iniciativa do movimento evangel\u00edstico Epiphany, ligado \u00e0 igreja We Are Reino, sediada na cidade.<\/span><\/p>\n<blockquote class=\"instagram-media\" style=\"background: #FFF; border: 0; border-radius: 3px; box-shadow: 0 0 1px 0 rgba(0,0,0,0.5),0 1px 10px 0 rgba(0,0,0,0.15); margin: 1px; max-width: 540px; min-width: 326px; padding: 0; width: calc(100% - 2px);\" data-instgrm-permalink=\"https:\/\/www.instagram.com\/reel\/DWsLzCLEZwD\/?utm_source=ig_embed&amp;utm_campaign=loading\" data-instgrm-version=\"14\"><p>&#13;<br \/>\n&#13;\n<\/p><\/blockquote>\n<p><span style=\"font-weight: 400;\">Devido ao grande n\u00famero de inscritos, a organiza\u00e7\u00e3o precisou alterar o local tr\u00eas dias antes da realiza\u00e7\u00e3o. A concentra\u00e7\u00e3o teve in\u00edcio \u00e0s 5h, com milhares de pessoas louvando e orando no local.<\/span><\/p>\n<p><span style=\"font-weight: 400;\">Nat\u00e1lia Bovetto, l\u00edder criativa do movimento, testemunhou: \u201cEu n\u00e3o sei explicar a sensa\u00e7\u00e3o que estou sentindo nesse momento. Deus moveu os c\u00e9us. Eu n\u00e3o sabia como \u00edamos fazer, mas eu sabia que Deus estava conosco\u201d.\u00a0<\/span><\/p>\n<p><strong>\u2018Estrat\u00e9gia do c\u00e9u\u2019<\/strong><\/p>\n<p><span style=\"font-weight: 400;\">Segundo Nat\u00e1lia, apesar da grande propor\u00e7\u00e3o, eles n\u00e3o pagaram pela divulga\u00e7\u00e3o do evento; tudo ocorreu de forma org\u00e2nica, conforme a dire\u00e7\u00e3o de Deus.\u00a0<\/span><\/p>\n<p><span style=\"font-weight: 400;\">\u201cFoi s\u00f3 estrat\u00e9gia do c\u00e9u. Deus foi nos inspirando, e a gente foi obedecendo. Tudo org\u00e2nico, tudo com sensibilidade, entendendo cada detalhe do que Ele queria fazer. Deus nos deu o mapa do Brasil, e eu tive uma vis\u00e3o clara: n\u00f3s vamos alcan\u00e7ar o pa\u00eds. Mas, quando eu cheguei pela manh\u00e3 e vi tudo acontecendo, eu n\u00e3o acreditei. Deus foi bom. N\u00f3s amamos Jesus. N\u00f3s amamos pessoas\u201d, afirmou ela.<\/span><\/p>\n<p><span style=\"font-weight: 400;\">No local, os pastores da igreja We Are Reino, Priscila Manerich e Eduardo Reis, oraram pelas autoridades da cidade e consagraram a regi\u00e3o ao Senhor.\u00a0<\/span><\/p>\n<blockquote class=\"instagram-media\" style=\"background: #FFF; border: 0; border-radius: 3px; box-shadow: 0 0 1px 0 rgba(0,0,0,0.5),0 1px 10px 0 rgba(0,0,0,0.15); margin: 1px; max-width: 540px; min-width: 326px; padding: 0; width: calc(100% - 2px);\" data-instgrm-permalink=\"https:\/\/www.instagram.com\/reel\/DWqsR7njj9s\/?utm_source=ig_embed&amp;utm_campaign=loading\" data-instgrm-version=\"14\"><p>&#13;<br \/>\n&#13;\n<\/p><\/blockquote>\n<p><span style=\"font-weight: 400;\">\u201cS\u00e3o dois anos todas as segundas na praia. E ver o que estamos vivendo hoje, em t\u00e3o pouco tempo. Eu s\u00f3 posso dizer uma coisa: Obrigada, Jesus\u201d, relatou Nat\u00e1lia.\u00a0<\/span><\/p>\n<p><span style=\"font-weight: 400;\">E seu marido, Alisson Netto, acrescentou: \u201cOu\u00e7a quando Jesus te chama. Toda honra, toda gl\u00f3ria e todo louvor a Ele para sempre. Obrigado, meu amor, Nat\u00e1lia Bovetto, por ser essa mulher maravilhosa e cheia do Esp\u00edrito Santo\u201d.<\/span><\/p>\n<p><span style=\"font-weight: 400;\">Em um dos v\u00eddeos compartilhados nas redes sociais, \u00e9 poss\u00edvel ver crist\u00e3os sendo batizados na praia, enquanto milhares exaltam Jesus \u00e0s v\u00e9speras da P\u00e1scoa.<\/span><\/p>\n<p><strong>Movimento Epiphany<\/strong><\/p>\n<p><span style=\"font-weight: 400;\">A influenciadora Amanda Domenico, amiga de Nat\u00e1lia e Alisson, compartilhou como o movimento Epiphany surgiu:<\/span><\/p>\n<p><span style=\"font-weight: 400;\">\u201cTudo come\u00e7ou h\u00e1 dois anos, com o \u00fanico objetivo de levar pessoas para Jesus. Fa\u00e7a chuva ou fa\u00e7a sol, Nat\u00e1lia e Alisson est\u00e3o na pra\u00e7a da cidade, com o mesmo prop\u00f3sito e o mesmo cora\u00e7\u00e3o.<\/span><\/p>\n<p><span style=\"font-weight: 400;\">Ap\u00f3s o casal ter a ideia de ver o <\/span><span style=\"color: #993300;\"><strong>nascer do sol<\/strong><\/span><span style=\"font-weight: 400;\"> louvando a Jesus, eles come\u00e7aram a divulgar nas redes sociais.<\/span><\/p>\n<p><span style=\"font-weight: 400;\">\u201cE o que era para ser 100 pessoas, virou algo extraordin\u00e1rio, que ningu\u00e9m esperava. Em menos de 15 dias, 15 mil pessoas confirmaram presen\u00e7a\u201d, disse Amanda.<\/span><\/p>\n<blockquote class=\"instagram-media\" style=\"background: #FFF; border: 0; border-radius: 3px; box-shadow: 0 0 1px 0 rgba(0,0,0,0.5),0 1px 10px 0 rgba(0,0,0,0.15); margin: 1px; max-width: 540px; min-width: 326px; padding: 0; width: calc(100% - 2px);\" data-instgrm-permalink=\"https:\/\/www.instagram.com\/p\/DWr2e8zkVCA\/?utm_source=ig_embed&amp;utm_campaign=loading\" data-instgrm-version=\"14\"><p>&#13;<br \/>\n&#13;\n<\/p><\/blockquote>\n<p><span style=\"font-weight: 400;\">Sobre o evento, ela afirmou: \u201cEra imposs\u00edvel n\u00e3o sentir a presen\u00e7a de Deus. Era quase palp\u00e1vel. O c\u00e9u come\u00e7ando a se abrir, milhares de pessoas ali, com o cora\u00e7\u00e3o no mesmo lugar\u201d.<\/span><\/p>\n<p><span style=\"font-weight: 400;\">E continuou: \u201cPara isso acontecer, antes precisou existir pessoas que decidiram se colocar \u00e0 disposi\u00e7\u00e3o. Jesus n\u00e3o est\u00e1 procurando os mais capacitados, aqueles que falam mais bonito ou que t\u00eam mais conhecimento. Jesus procura pessoas que tenham cora\u00e7\u00f5es dispon\u00edveis\u201d.\u00a0<\/span><\/p>\n<p><span style=\"font-weight: 400;\">\u201cNo Reino de Deus, n\u00e3o \u00e9 s\u00f3 sobre a sua capacidade \u2014 \u00e9 sobre o quanto voc\u00ea se entrega. \u00c9 sobre permitir que Deus fa\u00e7a coisas atrav\u00e9s da sua vida, coisas que voc\u00ea jamais conseguiria fazer sozinho. S\u00f3 precisou de uma pessoa para dizer \u2018sim\u2019. E o resto foi Deus\u201d, concluiu.<\/span><\/p>\n<p><span style=\"font-weight: 400;\">Conforme o movimento, a 2\u00aa edi\u00e7\u00e3o do Amanhecer ocorrer\u00e1 no dia 01 de maio de 2026, no mesmo local.<\/span><\/p>\n<\/div>\n<p><script async src=\"\/\/www.instagram.com\/embed.js\"><\/script><br \/>\n<br \/><br \/>\n<br \/>Fonte: Guiame <\/p>\n","protected":false},"excerpt":{"rendered":"<p>Na \u00faltima sexta-feira (3), mais de 15 mil pessoas lotaram a Praia Central de Balne\u00e1rio Cambori\u00fa para adorar a Deus. Al\u00e9m dos momentos de louvor e ora\u00e7\u00e3o, os crist\u00e3os testemunharam batismos e declararam: \u201cSanta Catarina \u00e9 de Jesus\u201d. A praia amanheceu tomada por uma multid\u00e3o de crist\u00e3os reunidos em um momento de louvor e adora\u00e7\u00e3o [&hellip;]<\/p>\n","protected":false},"author":1,"featured_media":5836,"comment_status":"","ping_status":"open","sticky":false,"template":"","format":"standard","meta":{"footnotes":""},"categories":[43],"tags":[],"class_list":["post-5835","post","type-post","status-publish","format-standard","has-post-thumbnail","hentry","category-destaques"],"yoast_head":"<!-- This site is optimized with the Yoast SEO plugin v26.8 - https:\/\/yoast.com\/product\/yoast-seo-wordpress\/ -->\n<title>Mais de 15.000 mil pessoas adoram Jesus em praia de Santa Catarina: \u201cEstrat\u00e9gia do c\u00e9u\u201d - R\u00e1dio Porto Seguro<\/title>\n<meta name=\"robots\" content=\"index, follow, max-snippet:-1, max-image-preview:large, max-video-preview:-1\" \/>\n<link rel=\"canonical\" href=\"https:\/\/radioportoseguro.com.br\/site\/2026\/04\/08\/mais-de-15-000-mil-pessoas-adoram-jesus-em-praia-de-santa-catarina-estrategia-do-ceu\/\" \/>\n<meta property=\"og:locale\" content=\"pt_BR\" \/>\n<meta property=\"og:type\" content=\"article\" \/>\n<meta property=\"og:title\" content=\"Mais de 15.000 mil pessoas adoram Jesus em praia de Santa Catarina: \u201cEstrat\u00e9gia do c\u00e9u\u201d - R\u00e1dio Porto Seguro\" \/>\n<meta property=\"og:description\" content=\"Na \u00faltima sexta-feira (3), mais de 15 mil pessoas lotaram a Praia Central de Balne\u00e1rio Cambori\u00fa para adorar a Deus. Al\u00e9m dos momentos de louvor e ora\u00e7\u00e3o, os crist\u00e3os testemunharam batismos e declararam: \u201cSanta Catarina \u00e9 de Jesus\u201d. A praia amanheceu tomada por uma multid\u00e3o de crist\u00e3os reunidos em um momento de louvor e adora\u00e7\u00e3o [&hellip;]\" \/>\n<meta property=\"og:url\" content=\"https:\/\/radioportoseguro.com.br\/site\/2026\/04\/08\/mais-de-15-000-mil-pessoas-adoram-jesus-em-praia-de-santa-catarina-estrategia-do-ceu\/\" \/>\n<meta property=\"og:site_name\" content=\"R\u00e1dio Porto Seguro\" \/>\n<meta property=\"article:published_time\" content=\"2026-04-08T10:04:16+00:00\" \/>\n<meta property=\"og:image\" content=\"https:\/\/media.guiame.com.br\/archives\/2026\/04\/06\/3950027955-milhares-de-pessoas-adorando-jesus-no-local.jpeg\" \/>\n<meta name=\"author\" content=\"admin\" \/>\n<meta name=\"twitter:card\" content=\"summary_large_image\" \/>\n<meta name=\"twitter:label1\" content=\"Escrito por\" \/>\n\t<meta name=\"twitter:data1\" content=\"admin\" \/>\n\t<meta name=\"twitter:label2\" content=\"Est. tempo de leitura\" \/>\n\t<meta name=\"twitter:data2\" content=\"3 minutos\" \/>\n<script type=\"application\/ld+json\" class=\"yoast-schema-graph\">{\"@context\":\"https:\/\/schema.org\",\"@graph\":[{\"@type\":\"Article\",\"@id\":\"https:\/\/radioportoseguro.com.br\/site\/2026\/04\/08\/mais-de-15-000-mil-pessoas-adoram-jesus-em-praia-de-santa-catarina-estrategia-do-ceu\/#article\",\"isPartOf\":{\"@id\":\"https:\/\/radioportoseguro.com.br\/site\/2026\/04\/08\/mais-de-15-000-mil-pessoas-adoram-jesus-em-praia-de-santa-catarina-estrategia-do-ceu\/\"},\"author\":{\"name\":\"admin\",\"@id\":\"https:\/\/radioportoseguro.com.br\/site\/#\/schema\/person\/7630acdc320186f13639d3c067ec089b\"},\"headline\":\"Mais de 15.000 mil pessoas adoram Jesus em praia de Santa Catarina: \u201cEstrat\u00e9gia do c\u00e9u\u201d\",\"datePublished\":\"2026-04-08T10:04:16+00:00\",\"mainEntityOfPage\":{\"@id\":\"https:\/\/radioportoseguro.com.br\/site\/2026\/04\/08\/mais-de-15-000-mil-pessoas-adoram-jesus-em-praia-de-santa-catarina-estrategia-do-ceu\/\"},\"wordCount\":680,\"image\":{\"@id\":\"https:\/\/radioportoseguro.com.br\/site\/2026\/04\/08\/mais-de-15-000-mil-pessoas-adoram-jesus-em-praia-de-santa-catarina-estrategia-do-ceu\/#primaryimage\"},\"thumbnailUrl\":\"https:\/\/radioportoseguro.com.br\/site\/wp-content\/uploads\/2026\/04\/3950027955-milhares-de-pessoas-adorando-jesus-no-local.jpeg\",\"articleSection\":[\"Destaques\"],\"inLanguage\":\"pt-BR\"},{\"@type\":\"WebPage\",\"@id\":\"https:\/\/radioportoseguro.com.br\/site\/2026\/04\/08\/mais-de-15-000-mil-pessoas-adoram-jesus-em-praia-de-santa-catarina-estrategia-do-ceu\/\",\"url\":\"https:\/\/radioportoseguro.com.br\/site\/2026\/04\/08\/mais-de-15-000-mil-pessoas-adoram-jesus-em-praia-de-santa-catarina-estrategia-do-ceu\/\",\"name\":\"Mais de 15.000 mil pessoas adoram Jesus em praia de Santa Catarina: \u201cEstrat\u00e9gia do c\u00e9u\u201d - R\u00e1dio Porto Seguro\",\"isPartOf\":{\"@id\":\"https:\/\/radioportoseguro.com.br\/site\/#website\"},\"primaryImageOfPage\":{\"@id\":\"https:\/\/radioportoseguro.com.br\/site\/2026\/04\/08\/mais-de-15-000-mil-pessoas-adoram-jesus-em-praia-de-santa-catarina-estrategia-do-ceu\/#primaryimage\"},\"image\":{\"@id\":\"https:\/\/radioportoseguro.com.br\/site\/2026\/04\/08\/mais-de-15-000-mil-pessoas-adoram-jesus-em-praia-de-santa-catarina-estrategia-do-ceu\/#primaryimage\"},\"thumbnailUrl\":\"https:\/\/radioportoseguro.com.br\/site\/wp-content\/uploads\/2026\/04\/3950027955-milhares-de-pessoas-adorando-jesus-no-local.jpeg\",\"datePublished\":\"2026-04-08T10:04:16+00:00\",\"author\":{\"@id\":\"https:\/\/radioportoseguro.com.br\/site\/#\/schema\/person\/7630acdc320186f13639d3c067ec089b\"},\"breadcrumb\":{\"@id\":\"https:\/\/radioportoseguro.com.br\/site\/2026\/04\/08\/mais-de-15-000-mil-pessoas-adoram-jesus-em-praia-de-santa-catarina-estrategia-do-ceu\/#breadcrumb\"},\"inLanguage\":\"pt-BR\",\"potentialAction\":[{\"@type\":\"ReadAction\",\"target\":[\"https:\/\/radioportoseguro.com.br\/site\/2026\/04\/08\/mais-de-15-000-mil-pessoas-adoram-jesus-em-praia-de-santa-catarina-estrategia-do-ceu\/\"]}]},{\"@type\":\"ImageObject\",\"inLanguage\":\"pt-BR\",\"@id\":\"https:\/\/radioportoseguro.com.br\/site\/2026\/04\/08\/mais-de-15-000-mil-pessoas-adoram-jesus-em-praia-de-santa-catarina-estrategia-do-ceu\/#primaryimage\",\"url\":\"https:\/\/radioportoseguro.com.br\/site\/wp-content\/uploads\/2026\/04\/3950027955-milhares-de-pessoas-adorando-jesus-no-local.jpeg\",\"contentUrl\":\"https:\/\/radioportoseguro.com.br\/site\/wp-content\/uploads\/2026\/04\/3950027955-milhares-de-pessoas-adorando-jesus-no-local.jpeg\",\"width\":1200,\"height\":600},{\"@type\":\"BreadcrumbList\",\"@id\":\"https:\/\/radioportoseguro.com.br\/site\/2026\/04\/08\/mais-de-15-000-mil-pessoas-adoram-jesus-em-praia-de-santa-catarina-estrategia-do-ceu\/#breadcrumb\",\"itemListElement\":[{\"@type\":\"ListItem\",\"position\":1,\"name\":\"In\u00edcio\",\"item\":\"https:\/\/radioportoseguro.com.br\/site\/\"},{\"@type\":\"ListItem\",\"position\":2,\"name\":\"Mais de 15.000 mil pessoas adoram Jesus em praia de Santa Catarina: \u201cEstrat\u00e9gia do c\u00e9u\u201d\"}]},{\"@type\":\"WebSite\",\"@id\":\"https:\/\/radioportoseguro.com.br\/site\/#website\",\"url\":\"https:\/\/radioportoseguro.com.br\/site\/\",\"name\":\"R\u00e1dio Porto Seguro\",\"description\":\"\",\"potentialAction\":[{\"@type\":\"SearchAction\",\"target\":{\"@type\":\"EntryPoint\",\"urlTemplate\":\"https:\/\/radioportoseguro.com.br\/site\/?s={search_term_string}\"},\"query-input\":{\"@type\":\"PropertyValueSpecification\",\"valueRequired\":true,\"valueName\":\"search_term_string\"}}],\"inLanguage\":\"pt-BR\"},{\"@type\":\"Person\",\"@id\":\"https:\/\/radioportoseguro.com.br\/site\/#\/schema\/person\/7630acdc320186f13639d3c067ec089b\",\"name\":\"admin\",\"image\":{\"@type\":\"ImageObject\",\"inLanguage\":\"pt-BR\",\"@id\":\"https:\/\/radioportoseguro.com.br\/site\/#\/schema\/person\/image\/\",\"url\":\"https:\/\/secure.gravatar.com\/avatar\/caacf4dc1eedb68fab0df8e1ed46c448e578b2466351bbcb61e47d2ac0caaef0?s=96&d=mm&r=g\",\"contentUrl\":\"https:\/\/secure.gravatar.com\/avatar\/caacf4dc1eedb68fab0df8e1ed46c448e578b2466351bbcb61e47d2ac0caaef0?s=96&d=mm&r=g\",\"caption\":\"admin\"},\"sameAs\":[\"https:\/\/radioportoseguro.com.br\/site\"],\"url\":\"https:\/\/radioportoseguro.com.br\/site\/author\/hezio\/\"}]}<\/script>\n<!-- \/ Yoast SEO plugin. -->","yoast_head_json":{"title":"Mais de 15.000 mil pessoas adoram Jesus em praia de Santa Catarina: \u201cEstrat\u00e9gia do c\u00e9u\u201d - R\u00e1dio Porto Seguro","robots":{"index":"index","follow":"follow","max-snippet":"max-snippet:-1","max-image-preview":"max-image-preview:large","max-video-preview":"max-video-preview:-1"},"canonical":"https:\/\/radioportoseguro.com.br\/site\/2026\/04\/08\/mais-de-15-000-mil-pessoas-adoram-jesus-em-praia-de-santa-catarina-estrategia-do-ceu\/","og_locale":"pt_BR","og_type":"article","og_title":"Mais de 15.000 mil pessoas adoram Jesus em praia de Santa Catarina: \u201cEstrat\u00e9gia do c\u00e9u\u201d - R\u00e1dio Porto Seguro","og_description":"Na \u00faltima sexta-feira (3), mais de 15 mil pessoas lotaram a Praia Central de Balne\u00e1rio Cambori\u00fa para adorar a Deus. Al\u00e9m dos momentos de louvor e ora\u00e7\u00e3o, os crist\u00e3os testemunharam batismos e declararam: \u201cSanta Catarina \u00e9 de Jesus\u201d. A praia amanheceu tomada por uma multid\u00e3o de crist\u00e3os reunidos em um momento de louvor e adora\u00e7\u00e3o [&hellip;]","og_url":"https:\/\/radioportoseguro.com.br\/site\/2026\/04\/08\/mais-de-15-000-mil-pessoas-adoram-jesus-em-praia-de-santa-catarina-estrategia-do-ceu\/","og_site_name":"R\u00e1dio Porto Seguro","article_published_time":"2026-04-08T10:04:16+00:00","og_image":[{"url":"https:\/\/media.guiame.com.br\/archives\/2026\/04\/06\/3950027955-milhares-de-pessoas-adorando-jesus-no-local.jpeg","type":"","width":"","height":""}],"author":"admin","twitter_card":"summary_large_image","twitter_misc":{"Escrito por":"admin","Est. tempo de leitura":"3 minutos"},"schema":{"@context":"https:\/\/schema.org","@graph":[{"@type":"Article","@id":"https:\/\/radioportoseguro.com.br\/site\/2026\/04\/08\/mais-de-15-000-mil-pessoas-adoram-jesus-em-praia-de-santa-catarina-estrategia-do-ceu\/#article","isPartOf":{"@id":"https:\/\/radioportoseguro.com.br\/site\/2026\/04\/08\/mais-de-15-000-mil-pessoas-adoram-jesus-em-praia-de-santa-catarina-estrategia-do-ceu\/"},"author":{"name":"admin","@id":"https:\/\/radioportoseguro.com.br\/site\/#\/schema\/person\/7630acdc320186f13639d3c067ec089b"},"headline":"Mais de 15.000 mil pessoas adoram Jesus em praia de Santa Catarina: \u201cEstrat\u00e9gia do c\u00e9u\u201d","datePublished":"2026-04-08T10:04:16+00:00","mainEntityOfPage":{"@id":"https:\/\/radioportoseguro.com.br\/site\/2026\/04\/08\/mais-de-15-000-mil-pessoas-adoram-jesus-em-praia-de-santa-catarina-estrategia-do-ceu\/"},"wordCount":680,"image":{"@id":"https:\/\/radioportoseguro.com.br\/site\/2026\/04\/08\/mais-de-15-000-mil-pessoas-adoram-jesus-em-praia-de-santa-catarina-estrategia-do-ceu\/#primaryimage"},"thumbnailUrl":"https:\/\/radioportoseguro.com.br\/site\/wp-content\/uploads\/2026\/04\/3950027955-milhares-de-pessoas-adorando-jesus-no-local.jpeg","articleSection":["Destaques"],"inLanguage":"pt-BR"},{"@type":"WebPage","@id":"https:\/\/radioportoseguro.com.br\/site\/2026\/04\/08\/mais-de-15-000-mil-pessoas-adoram-jesus-em-praia-de-santa-catarina-estrategia-do-ceu\/","url":"https:\/\/radioportoseguro.com.br\/site\/2026\/04\/08\/mais-de-15-000-mil-pessoas-adoram-jesus-em-praia-de-santa-catarina-estrategia-do-ceu\/","name":"Mais de 15.000 mil pessoas adoram Jesus em praia de Santa Catarina: \u201cEstrat\u00e9gia do c\u00e9u\u201d - R\u00e1dio Porto Seguro","isPartOf":{"@id":"https:\/\/radioportoseguro.com.br\/site\/#website"},"primaryImageOfPage":{"@id":"https:\/\/radioportoseguro.com.br\/site\/2026\/04\/08\/mais-de-15-000-mil-pessoas-adoram-jesus-em-praia-de-santa-catarina-estrategia-do-ceu\/#primaryimage"},"image":{"@id":"https:\/\/radioportoseguro.com.br\/site\/2026\/04\/08\/mais-de-15-000-mil-pessoas-adoram-jesus-em-praia-de-santa-catarina-estrategia-do-ceu\/#primaryimage"},"thumbnailUrl":"https:\/\/radioportoseguro.com.br\/site\/wp-content\/uploads\/2026\/04\/3950027955-milhares-de-pessoas-adorando-jesus-no-local.jpeg","datePublished":"2026-04-08T10:04:16+00:00","author":{"@id":"https:\/\/radioportoseguro.com.br\/site\/#\/schema\/person\/7630acdc320186f13639d3c067ec089b"},"breadcrumb":{"@id":"https:\/\/radioportoseguro.com.br\/site\/2026\/04\/08\/mais-de-15-000-mil-pessoas-adoram-jesus-em-praia-de-santa-catarina-estrategia-do-ceu\/#breadcrumb"},"inLanguage":"pt-BR","potentialAction":[{"@type":"ReadAction","target":["https:\/\/radioportoseguro.com.br\/site\/2026\/04\/08\/mais-de-15-000-mil-pessoas-adoram-jesus-em-praia-de-santa-catarina-estrategia-do-ceu\/"]}]},{"@type":"ImageObject","inLanguage":"pt-BR","@id":"https:\/\/radioportoseguro.com.br\/site\/2026\/04\/08\/mais-de-15-000-mil-pessoas-adoram-jesus-em-praia-de-santa-catarina-estrategia-do-ceu\/#primaryimage","url":"https:\/\/radioportoseguro.com.br\/site\/wp-content\/uploads\/2026\/04\/3950027955-milhares-de-pessoas-adorando-jesus-no-local.jpeg","contentUrl":"https:\/\/radioportoseguro.com.br\/site\/wp-content\/uploads\/2026\/04\/3950027955-milhares-de-pessoas-adorando-jesus-no-local.jpeg","width":1200,"height":600},{"@type":"BreadcrumbList","@id":"https:\/\/radioportoseguro.com.br\/site\/2026\/04\/08\/mais-de-15-000-mil-pessoas-adoram-jesus-em-praia-de-santa-catarina-estrategia-do-ceu\/#breadcrumb","itemListElement":[{"@type":"ListItem","position":1,"name":"In\u00edcio","item":"https:\/\/radioportoseguro.com.br\/site\/"},{"@type":"ListItem","position":2,"name":"Mais de 15.000 mil pessoas adoram Jesus em praia de Santa Catarina: \u201cEstrat\u00e9gia do c\u00e9u\u201d"}]},{"@type":"WebSite","@id":"https:\/\/radioportoseguro.com.br\/site\/#website","url":"https:\/\/radioportoseguro.com.br\/site\/","name":"R\u00e1dio Porto Seguro","description":"","potentialAction":[{"@type":"SearchAction","target":{"@type":"EntryPoint","urlTemplate":"https:\/\/radioportoseguro.com.br\/site\/?s={search_term_string}"},"query-input":{"@type":"PropertyValueSpecification","valueRequired":true,"valueName":"search_term_string"}}],"inLanguage":"pt-BR"},{"@type":"Person","@id":"https:\/\/radioportoseguro.com.br\/site\/#\/schema\/person\/7630acdc320186f13639d3c067ec089b","name":"admin","image":{"@type":"ImageObject","inLanguage":"pt-BR","@id":"https:\/\/radioportoseguro.com.br\/site\/#\/schema\/person\/image\/","url":"https:\/\/secure.gravatar.com\/avatar\/caacf4dc1eedb68fab0df8e1ed46c448e578b2466351bbcb61e47d2ac0caaef0?s=96&d=mm&r=g","contentUrl":"https:\/\/secure.gravatar.com\/avatar\/caacf4dc1eedb68fab0df8e1ed46c448e578b2466351bbcb61e47d2ac0caaef0?s=96&d=mm&r=g","caption":"admin"},"sameAs":["https:\/\/radioportoseguro.com.br\/site"],"url":"https:\/\/radioportoseguro.com.br\/site\/author\/hezio\/"}]}},"_links":{"self":[{"href":"https:\/\/radioportoseguro.com.br\/site\/wp-json\/wp\/v2\/posts\/5835","targetHints":{"allow":["GET"]}}],"collection":[{"href":"https:\/\/radioportoseguro.com.br\/site\/wp-json\/wp\/v2\/posts"}],"about":[{"href":"https:\/\/radioportoseguro.com.br\/site\/wp-json\/wp\/v2\/types\/post"}],"author":[{"embeddable":true,"href":"https:\/\/radioportoseguro.com.br\/site\/wp-json\/wp\/v2\/users\/1"}],"replies":[{"embeddable":true,"href":"https:\/\/radioportoseguro.com.br\/site\/wp-json\/wp\/v2\/comments?post=5835"}],"version-history":[{"count":0,"href":"https:\/\/radioportoseguro.com.br\/site\/wp-json\/wp\/v2\/posts\/5835\/revisions"}],"wp:featuredmedia":[{"embeddable":true,"href":"https:\/\/radioportoseguro.com.br\/site\/wp-json\/wp\/v2\/media\/5836"}],"wp:attachment":[{"href":"https:\/\/radioportoseguro.com.br\/site\/wp-json\/wp\/v2\/media?parent=5835"}],"wp:term":[{"taxonomy":"category","embeddable":true,"href":"https:\/\/radioportoseguro.com.br\/site\/wp-json\/wp\/v2\/categories?post=5835"},{"taxonomy":"post_tag","embeddable":true,"href":"https:\/\/radioportoseguro.com.br\/site\/wp-json\/wp\/v2\/tags?post=5835"}],"curies":[{"name":"wp","href":"https:\/\/api.w.org\/{rel}","templated":true}]}}