{"id":5837,"date":"2026-04-08T09:04:47","date_gmt":"2026-04-08T12:04:47","guid":{"rendered":"https:\/\/radioportoseguro.com.br\/site\/2026\/04\/08\/demitido-do-chicago-bulls-por-criticar-agenda-lgbt-jogador-anuncia-o-evangelho-nas-ruas\/"},"modified":"2026-04-08T09:04:47","modified_gmt":"2026-04-08T12:04:47","slug":"demitido-do-chicago-bulls-por-criticar-agenda-lgbt-jogador-anuncia-o-evangelho-nas-ruas","status":"publish","type":"post","link":"https:\/\/radioportoseguro.com.br\/site\/2026\/04\/08\/demitido-do-chicago-bulls-por-criticar-agenda-lgbt-jogador-anuncia-o-evangelho-nas-ruas\/","title":{"rendered":"Demitido do Chicago Bulls por criticar agenda LGBT, jogador anuncia o Evangelho nas ruas"},"content":{"rendered":"<p><br \/>\n<br \/><\/p>\n<div>\n<p>O ex-jogador do Chicago Bulls, <span style=\"color: #800000;\"><strong>Jaden Ivey<\/strong><\/span>, voltou a repercutir nas redes sociais \u2013 desta vez, n\u00e3o por jogadas em quadra, mas por pregar nas ruas em Toomer&#8217;s Corner, em Auburn, Alabama.<\/p>\n<p>Com um microfone nas m\u00e3os, Ivey cita Mateus 5:8 \u2013 \u201cBem-aventurados os puros de cora\u00e7\u00e3o, porque ver\u00e3o a Deus\u201d \u2013 fazendo refer\u00eancia ao <span style=\"color: #800000;\"><strong>Serm\u00e3o da Montanha<\/strong><\/span> enquanto se dirigia a uma pequena multid\u00e3o.<\/p>\n<p>O an\u00fancio do <span style=\"color: #800000;\"><strong>Evangelho<\/strong><\/span> na pra\u00e7a ocorreu poucos dias ap\u00f3s o ex-atleta, de 24 anos, ser dispensado da franquia \u2013 em um v\u00eddeo que rapidamente viralizou nas redes sociais.<\/p>\n<blockquote class=\"twitter-tweet\"><p>&#13;<\/p>\n<p dir=\"ltr\" lang=\"en\">Jaden Ivey, who was waved by the Chicago Bulls for denouncing the NBA\u2019s celebration of Pride Month, was seen preaching in the streets.<\/p>\n<p>He\u2019s all in on evangelizing \ud83d\udc4f <a href=\"https:\/\/t.co\/3e0K6XbKye\">pic.twitter.com\/3e0K6XbKye<\/a><\/p>\n<p>&#13;<br \/>\n\u2014 Jon Root (@JonnyRoot_) <a href=\"https:\/\/twitter.com\/JonnyRoot_\/status\/2040610459527893188?ref_src=twsrc%5Etfw\">April 5, 2026<\/a><\/p><\/blockquote>\n<p>Ao fundo, uma placa exibe a mensagem: \u201cJESUS \u00c9 REAL. DEUS TE AMA E QUER TE SALVAR DOS SEUS PECADOS. ARREPENDA-SE DO PECADO. CREIA NO EVANGELHO. OBEDE\u00c7A A JESUS.\u201d<\/p>\n<p>Em outro registro, o ex-armador aparece compartilhando mensagens evangel\u00edsticas com pessoas ao seu redor, evidenciando uma mudan\u00e7a clara de foco em sua vida.<\/p>\n<p>Ivey foi dispensado pelo time sob a justificativa de \u201cconduta prejudicial \u00e0 equipe\u201d, ap\u00f3s uma s\u00e9rie de declara\u00e7\u00f5es consideradas pol\u00eamicas em redes sociais envolvendo temas religiosos e cr\u00edticas ao apoio da NBA a pautas LGBTQ+.<\/p>\n<p>O jogador havia participado de transmiss\u00f5es ao vivo em que expressava suas convic\u00e7\u00f5es de f\u00e9, o que gerou repercuss\u00e3o negativa e levou \u00e0 decis\u00e3o da franquia.<\/p>\n<p><strong>Agenda LGBT<\/strong><\/p>\n<p>Ele chamou a NBA por promover o M\u00eas do Orgulho, dizendo que celebra a &#8220;injusti\u00e7a&#8221;.<\/p>\n<p>&#8220;O mundo proclama LGBTQ, certo?&#8221; Ivey disse durante a transmiss\u00e3o de v\u00eddeo. &#8220;Eles proclamam o M\u00eas do Orgulho e a NBA tamb\u00e9m. Eles mostram isso ao mundo. Eles dizem: &#8216;Venha se juntar a n\u00f3s para o M\u00eas do Orgulho para celebrar a injusti\u00e7a&#8217;. Proclamam-no nos outdoors. proclamam-no nas ruas. injusti\u00e7a.&#8221;<\/p>\n<p>Apesar da justificativa oficial, o pr\u00f3prio atleta contestou a vers\u00e3o. Em entrevistas, afirmou que sua sa\u00edda estaria ligada \u00e0 sua postura de pregar o Evangelho.<\/p>\n<p>\u201cFoi porque eu estava pregando a Palavra de Deus\u201d, declarou Ivey ao comentar o caso.<\/p>\n<p>Em seguida, questionou a justificativa apresentada pela franquia:<\/p>\n<p>\u201c[Os Bulls] disseram que minha conduta \u00e9 prejudicial para a equipe\u201d, disse ele. &#8220;Por que eles n\u00e3o disseram apenas: &#8216;N\u00f3s n\u00e3o concordamos com sua posi\u00e7\u00e3o sobre LGBTQ&#8217;? Por que n\u00e3o disseram isso? &#8230; Como \u00e9 que isso \u00e9 prejudicial para a equipe? O que eu fiz com a equipe? O que eu fiz com os jogadores?&#8221;<\/p>\n<p><strong>\u201cO velho Jaden morreu\u201d<\/strong><\/p>\n<p>Antes mesmo da demiss\u00e3o, o jogador j\u00e1 vinha demonstrando uma transforma\u00e7\u00e3o pessoal. Em declara\u00e7\u00f5es p\u00fablicas, afirmou que sua identidade havia mudado ap\u00f3s sua experi\u00eancia espiritual.<\/p>\n<p>\u201cO velho J.I. morreu. Estou vivo em Cristo\u201d, disse anteriormente, ao falar sobre sua f\u00e9.<\/p>\n<p>Relatos indicam que Ivey se tornou cada vez mais vocal sobre suas cren\u00e7as, tanto nas redes sociais quanto no ambiente da equipe, o que gerou desconforto interno e contribuiu para o desfecho.<\/p>\n<p>Al\u00e9m da mudan\u00e7a de postura, o atleta tamb\u00e9m compartilhou experi\u00eancias pessoais profundas.<\/p>\n<p>Ele revelou ter enfrentado momentos de crise emocional no passado e afirmou que encontrou em Deus uma nova raz\u00e3o para viver.<\/p>\n<p><strong>Novo prop\u00f3sito<\/strong><\/p>\n<p>Agora, longe das quadras, sua atua\u00e7\u00e3o nas ruas pregando o Evangelho tem sido vista por muitos como um reflexo dessa transforma\u00e7\u00e3o \u2014 e por outros, como continuidade da postura que gerou controv\u00e9rsia em sua carreira.<\/p>\n<p>O caso de Ivey reacende o debate sobre f\u00e9, liberdade de express\u00e3o e limites dentro do esporte profissional.<\/p>\n<p>Enquanto cr\u00edticos apontam a incompatibilidade entre suas declara\u00e7\u00f5es e o ambiente da NBA, apoiadores veem sua atitude como um testemunho p\u00fablico de f\u00e9.<\/p>\n<p>Um deles \u00e9 o quarterback do Baltimore Ravens, Lamar Jackson, que, na semana passada, demonstrou apoio a Ivey por meio de v\u00e1rias republica\u00e7\u00f5es nas redes sociais ap\u00f3s sua demiss\u00e3o.<\/p>\n<\/div>\n<p><script async src=\"\/\/platform.twitter.com\/widgets.js\" charset=\"utf-8\"><\/script><br \/>\n<br \/><br \/>\n<br \/>Fonte: Guiame <\/p>\n","protected":false},"excerpt":{"rendered":"<p>O ex-jogador do Chicago Bulls, Jaden Ivey, voltou a repercutir nas redes sociais \u2013 desta vez, n\u00e3o por jogadas em quadra, mas por pregar nas ruas em Toomer&#8217;s Corner, em Auburn, Alabama. Com um microfone nas m\u00e3os, Ivey cita Mateus 5:8 \u2013 \u201cBem-aventurados os puros de cora\u00e7\u00e3o, porque ver\u00e3o a Deus\u201d \u2013 fazendo refer\u00eancia ao [&hellip;]<\/p>\n","protected":false},"author":1,"featured_media":5838,"comment_status":"","ping_status":"open","sticky":false,"template":"","format":"standard","meta":{"footnotes":""},"categories":[43],"tags":[],"class_list":["post-5837","post","type-post","status-publish","format-standard","has-post-thumbnail","hentry","category-destaques"],"yoast_head":"<!-- This site is optimized with the Yoast SEO plugin v26.8 - https:\/\/yoast.com\/product\/yoast-seo-wordpress\/ -->\n<title>Demitido do Chicago Bulls por criticar agenda LGBT, jogador anuncia o Evangelho nas ruas - R\u00e1dio Porto Seguro<\/title>\n<meta name=\"robots\" content=\"index, follow, max-snippet:-1, max-image-preview:large, max-video-preview:-1\" \/>\n<link rel=\"canonical\" href=\"https:\/\/radioportoseguro.com.br\/site\/2026\/04\/08\/demitido-do-chicago-bulls-por-criticar-agenda-lgbt-jogador-anuncia-o-evangelho-nas-ruas\/\" \/>\n<meta property=\"og:locale\" content=\"pt_BR\" \/>\n<meta property=\"og:type\" content=\"article\" \/>\n<meta property=\"og:title\" content=\"Demitido do Chicago Bulls por criticar agenda LGBT, jogador anuncia o Evangelho nas ruas - R\u00e1dio Porto Seguro\" \/>\n<meta property=\"og:description\" content=\"O ex-jogador do Chicago Bulls, Jaden Ivey, voltou a repercutir nas redes sociais \u2013 desta vez, n\u00e3o por jogadas em quadra, mas por pregar nas ruas em Toomer&#8217;s Corner, em Auburn, Alabama. Com um microfone nas m\u00e3os, Ivey cita Mateus 5:8 \u2013 \u201cBem-aventurados os puros de cora\u00e7\u00e3o, porque ver\u00e3o a Deus\u201d \u2013 fazendo refer\u00eancia ao [&hellip;]\" \/>\n<meta property=\"og:url\" content=\"https:\/\/radioportoseguro.com.br\/site\/2026\/04\/08\/demitido-do-chicago-bulls-por-criticar-agenda-lgbt-jogador-anuncia-o-evangelho-nas-ruas\/\" \/>\n<meta property=\"og:site_name\" content=\"R\u00e1dio Porto Seguro\" \/>\n<meta property=\"article:published_time\" content=\"2026-04-08T12:04:47+00:00\" \/>\n<meta property=\"og:image\" content=\"https:\/\/media.guiame.com.br\/archives\/2026\/04\/06\/4025954333-jaden-ivey.png\" \/>\n<meta name=\"author\" content=\"admin\" \/>\n<meta name=\"twitter:card\" content=\"summary_large_image\" \/>\n<meta name=\"twitter:label1\" content=\"Escrito por\" \/>\n\t<meta name=\"twitter:data1\" content=\"admin\" \/>\n\t<meta name=\"twitter:label2\" content=\"Est. tempo de leitura\" \/>\n\t<meta name=\"twitter:data2\" content=\"3 minutos\" \/>\n<script type=\"application\/ld+json\" class=\"yoast-schema-graph\">{\"@context\":\"https:\/\/schema.org\",\"@graph\":[{\"@type\":\"Article\",\"@id\":\"https:\/\/radioportoseguro.com.br\/site\/2026\/04\/08\/demitido-do-chicago-bulls-por-criticar-agenda-lgbt-jogador-anuncia-o-evangelho-nas-ruas\/#article\",\"isPartOf\":{\"@id\":\"https:\/\/radioportoseguro.com.br\/site\/2026\/04\/08\/demitido-do-chicago-bulls-por-criticar-agenda-lgbt-jogador-anuncia-o-evangelho-nas-ruas\/\"},\"author\":{\"name\":\"admin\",\"@id\":\"https:\/\/radioportoseguro.com.br\/site\/#\/schema\/person\/7630acdc320186f13639d3c067ec089b\"},\"headline\":\"Demitido do Chicago Bulls por criticar agenda LGBT, jogador anuncia o Evangelho nas ruas\",\"datePublished\":\"2026-04-08T12:04:47+00:00\",\"mainEntityOfPage\":{\"@id\":\"https:\/\/radioportoseguro.com.br\/site\/2026\/04\/08\/demitido-do-chicago-bulls-por-criticar-agenda-lgbt-jogador-anuncia-o-evangelho-nas-ruas\/\"},\"wordCount\":703,\"image\":{\"@id\":\"https:\/\/radioportoseguro.com.br\/site\/2026\/04\/08\/demitido-do-chicago-bulls-por-criticar-agenda-lgbt-jogador-anuncia-o-evangelho-nas-ruas\/#primaryimage\"},\"thumbnailUrl\":\"https:\/\/radioportoseguro.com.br\/site\/wp-content\/uploads\/2026\/04\/4025954333-jaden-ivey.png\",\"articleSection\":[\"Destaques\"],\"inLanguage\":\"pt-BR\"},{\"@type\":\"WebPage\",\"@id\":\"https:\/\/radioportoseguro.com.br\/site\/2026\/04\/08\/demitido-do-chicago-bulls-por-criticar-agenda-lgbt-jogador-anuncia-o-evangelho-nas-ruas\/\",\"url\":\"https:\/\/radioportoseguro.com.br\/site\/2026\/04\/08\/demitido-do-chicago-bulls-por-criticar-agenda-lgbt-jogador-anuncia-o-evangelho-nas-ruas\/\",\"name\":\"Demitido do Chicago Bulls por criticar agenda LGBT, jogador anuncia o Evangelho nas ruas - R\u00e1dio Porto Seguro\",\"isPartOf\":{\"@id\":\"https:\/\/radioportoseguro.com.br\/site\/#website\"},\"primaryImageOfPage\":{\"@id\":\"https:\/\/radioportoseguro.com.br\/site\/2026\/04\/08\/demitido-do-chicago-bulls-por-criticar-agenda-lgbt-jogador-anuncia-o-evangelho-nas-ruas\/#primaryimage\"},\"image\":{\"@id\":\"https:\/\/radioportoseguro.com.br\/site\/2026\/04\/08\/demitido-do-chicago-bulls-por-criticar-agenda-lgbt-jogador-anuncia-o-evangelho-nas-ruas\/#primaryimage\"},\"thumbnailUrl\":\"https:\/\/radioportoseguro.com.br\/site\/wp-content\/uploads\/2026\/04\/4025954333-jaden-ivey.png\",\"datePublished\":\"2026-04-08T12:04:47+00:00\",\"author\":{\"@id\":\"https:\/\/radioportoseguro.com.br\/site\/#\/schema\/person\/7630acdc320186f13639d3c067ec089b\"},\"breadcrumb\":{\"@id\":\"https:\/\/radioportoseguro.com.br\/site\/2026\/04\/08\/demitido-do-chicago-bulls-por-criticar-agenda-lgbt-jogador-anuncia-o-evangelho-nas-ruas\/#breadcrumb\"},\"inLanguage\":\"pt-BR\",\"potentialAction\":[{\"@type\":\"ReadAction\",\"target\":[\"https:\/\/radioportoseguro.com.br\/site\/2026\/04\/08\/demitido-do-chicago-bulls-por-criticar-agenda-lgbt-jogador-anuncia-o-evangelho-nas-ruas\/\"]}]},{\"@type\":\"ImageObject\",\"inLanguage\":\"pt-BR\",\"@id\":\"https:\/\/radioportoseguro.com.br\/site\/2026\/04\/08\/demitido-do-chicago-bulls-por-criticar-agenda-lgbt-jogador-anuncia-o-evangelho-nas-ruas\/#primaryimage\",\"url\":\"https:\/\/radioportoseguro.com.br\/site\/wp-content\/uploads\/2026\/04\/4025954333-jaden-ivey.png\",\"contentUrl\":\"https:\/\/radioportoseguro.com.br\/site\/wp-content\/uploads\/2026\/04\/4025954333-jaden-ivey.png\",\"width\":1200,\"height\":600},{\"@type\":\"BreadcrumbList\",\"@id\":\"https:\/\/radioportoseguro.com.br\/site\/2026\/04\/08\/demitido-do-chicago-bulls-por-criticar-agenda-lgbt-jogador-anuncia-o-evangelho-nas-ruas\/#breadcrumb\",\"itemListElement\":[{\"@type\":\"ListItem\",\"position\":1,\"name\":\"In\u00edcio\",\"item\":\"https:\/\/radioportoseguro.com.br\/site\/\"},{\"@type\":\"ListItem\",\"position\":2,\"name\":\"Demitido do Chicago Bulls por criticar agenda LGBT, jogador anuncia o Evangelho nas ruas\"}]},{\"@type\":\"WebSite\",\"@id\":\"https:\/\/radioportoseguro.com.br\/site\/#website\",\"url\":\"https:\/\/radioportoseguro.com.br\/site\/\",\"name\":\"R\u00e1dio Porto Seguro\",\"description\":\"\",\"potentialAction\":[{\"@type\":\"SearchAction\",\"target\":{\"@type\":\"EntryPoint\",\"urlTemplate\":\"https:\/\/radioportoseguro.com.br\/site\/?s={search_term_string}\"},\"query-input\":{\"@type\":\"PropertyValueSpecification\",\"valueRequired\":true,\"valueName\":\"search_term_string\"}}],\"inLanguage\":\"pt-BR\"},{\"@type\":\"Person\",\"@id\":\"https:\/\/radioportoseguro.com.br\/site\/#\/schema\/person\/7630acdc320186f13639d3c067ec089b\",\"name\":\"admin\",\"image\":{\"@type\":\"ImageObject\",\"inLanguage\":\"pt-BR\",\"@id\":\"https:\/\/radioportoseguro.com.br\/site\/#\/schema\/person\/image\/\",\"url\":\"https:\/\/secure.gravatar.com\/avatar\/caacf4dc1eedb68fab0df8e1ed46c448e578b2466351bbcb61e47d2ac0caaef0?s=96&d=mm&r=g\",\"contentUrl\":\"https:\/\/secure.gravatar.com\/avatar\/caacf4dc1eedb68fab0df8e1ed46c448e578b2466351bbcb61e47d2ac0caaef0?s=96&d=mm&r=g\",\"caption\":\"admin\"},\"sameAs\":[\"https:\/\/radioportoseguro.com.br\/site\"],\"url\":\"https:\/\/radioportoseguro.com.br\/site\/author\/hezio\/\"}]}<\/script>\n<!-- \/ Yoast SEO plugin. -->","yoast_head_json":{"title":"Demitido do Chicago Bulls por criticar agenda LGBT, jogador anuncia o Evangelho nas ruas - R\u00e1dio Porto Seguro","robots":{"index":"index","follow":"follow","max-snippet":"max-snippet:-1","max-image-preview":"max-image-preview:large","max-video-preview":"max-video-preview:-1"},"canonical":"https:\/\/radioportoseguro.com.br\/site\/2026\/04\/08\/demitido-do-chicago-bulls-por-criticar-agenda-lgbt-jogador-anuncia-o-evangelho-nas-ruas\/","og_locale":"pt_BR","og_type":"article","og_title":"Demitido do Chicago Bulls por criticar agenda LGBT, jogador anuncia o Evangelho nas ruas - R\u00e1dio Porto Seguro","og_description":"O ex-jogador do Chicago Bulls, Jaden Ivey, voltou a repercutir nas redes sociais \u2013 desta vez, n\u00e3o por jogadas em quadra, mas por pregar nas ruas em Toomer&#8217;s Corner, em Auburn, Alabama. Com um microfone nas m\u00e3os, Ivey cita Mateus 5:8 \u2013 \u201cBem-aventurados os puros de cora\u00e7\u00e3o, porque ver\u00e3o a Deus\u201d \u2013 fazendo refer\u00eancia ao [&hellip;]","og_url":"https:\/\/radioportoseguro.com.br\/site\/2026\/04\/08\/demitido-do-chicago-bulls-por-criticar-agenda-lgbt-jogador-anuncia-o-evangelho-nas-ruas\/","og_site_name":"R\u00e1dio Porto Seguro","article_published_time":"2026-04-08T12:04:47+00:00","og_image":[{"url":"https:\/\/media.guiame.com.br\/archives\/2026\/04\/06\/4025954333-jaden-ivey.png","type":"","width":"","height":""}],"author":"admin","twitter_card":"summary_large_image","twitter_misc":{"Escrito por":"admin","Est. tempo de leitura":"3 minutos"},"schema":{"@context":"https:\/\/schema.org","@graph":[{"@type":"Article","@id":"https:\/\/radioportoseguro.com.br\/site\/2026\/04\/08\/demitido-do-chicago-bulls-por-criticar-agenda-lgbt-jogador-anuncia-o-evangelho-nas-ruas\/#article","isPartOf":{"@id":"https:\/\/radioportoseguro.com.br\/site\/2026\/04\/08\/demitido-do-chicago-bulls-por-criticar-agenda-lgbt-jogador-anuncia-o-evangelho-nas-ruas\/"},"author":{"name":"admin","@id":"https:\/\/radioportoseguro.com.br\/site\/#\/schema\/person\/7630acdc320186f13639d3c067ec089b"},"headline":"Demitido do Chicago Bulls por criticar agenda LGBT, jogador anuncia o Evangelho nas ruas","datePublished":"2026-04-08T12:04:47+00:00","mainEntityOfPage":{"@id":"https:\/\/radioportoseguro.com.br\/site\/2026\/04\/08\/demitido-do-chicago-bulls-por-criticar-agenda-lgbt-jogador-anuncia-o-evangelho-nas-ruas\/"},"wordCount":703,"image":{"@id":"https:\/\/radioportoseguro.com.br\/site\/2026\/04\/08\/demitido-do-chicago-bulls-por-criticar-agenda-lgbt-jogador-anuncia-o-evangelho-nas-ruas\/#primaryimage"},"thumbnailUrl":"https:\/\/radioportoseguro.com.br\/site\/wp-content\/uploads\/2026\/04\/4025954333-jaden-ivey.png","articleSection":["Destaques"],"inLanguage":"pt-BR"},{"@type":"WebPage","@id":"https:\/\/radioportoseguro.com.br\/site\/2026\/04\/08\/demitido-do-chicago-bulls-por-criticar-agenda-lgbt-jogador-anuncia-o-evangelho-nas-ruas\/","url":"https:\/\/radioportoseguro.com.br\/site\/2026\/04\/08\/demitido-do-chicago-bulls-por-criticar-agenda-lgbt-jogador-anuncia-o-evangelho-nas-ruas\/","name":"Demitido do Chicago Bulls por criticar agenda LGBT, jogador anuncia o Evangelho nas ruas - R\u00e1dio Porto Seguro","isPartOf":{"@id":"https:\/\/radioportoseguro.com.br\/site\/#website"},"primaryImageOfPage":{"@id":"https:\/\/radioportoseguro.com.br\/site\/2026\/04\/08\/demitido-do-chicago-bulls-por-criticar-agenda-lgbt-jogador-anuncia-o-evangelho-nas-ruas\/#primaryimage"},"image":{"@id":"https:\/\/radioportoseguro.com.br\/site\/2026\/04\/08\/demitido-do-chicago-bulls-por-criticar-agenda-lgbt-jogador-anuncia-o-evangelho-nas-ruas\/#primaryimage"},"thumbnailUrl":"https:\/\/radioportoseguro.com.br\/site\/wp-content\/uploads\/2026\/04\/4025954333-jaden-ivey.png","datePublished":"2026-04-08T12:04:47+00:00","author":{"@id":"https:\/\/radioportoseguro.com.br\/site\/#\/schema\/person\/7630acdc320186f13639d3c067ec089b"},"breadcrumb":{"@id":"https:\/\/radioportoseguro.com.br\/site\/2026\/04\/08\/demitido-do-chicago-bulls-por-criticar-agenda-lgbt-jogador-anuncia-o-evangelho-nas-ruas\/#breadcrumb"},"inLanguage":"pt-BR","potentialAction":[{"@type":"ReadAction","target":["https:\/\/radioportoseguro.com.br\/site\/2026\/04\/08\/demitido-do-chicago-bulls-por-criticar-agenda-lgbt-jogador-anuncia-o-evangelho-nas-ruas\/"]}]},{"@type":"ImageObject","inLanguage":"pt-BR","@id":"https:\/\/radioportoseguro.com.br\/site\/2026\/04\/08\/demitido-do-chicago-bulls-por-criticar-agenda-lgbt-jogador-anuncia-o-evangelho-nas-ruas\/#primaryimage","url":"https:\/\/radioportoseguro.com.br\/site\/wp-content\/uploads\/2026\/04\/4025954333-jaden-ivey.png","contentUrl":"https:\/\/radioportoseguro.com.br\/site\/wp-content\/uploads\/2026\/04\/4025954333-jaden-ivey.png","width":1200,"height":600},{"@type":"BreadcrumbList","@id":"https:\/\/radioportoseguro.com.br\/site\/2026\/04\/08\/demitido-do-chicago-bulls-por-criticar-agenda-lgbt-jogador-anuncia-o-evangelho-nas-ruas\/#breadcrumb","itemListElement":[{"@type":"ListItem","position":1,"name":"In\u00edcio","item":"https:\/\/radioportoseguro.com.br\/site\/"},{"@type":"ListItem","position":2,"name":"Demitido do Chicago Bulls por criticar agenda LGBT, jogador anuncia o Evangelho nas ruas"}]},{"@type":"WebSite","@id":"https:\/\/radioportoseguro.com.br\/site\/#website","url":"https:\/\/radioportoseguro.com.br\/site\/","name":"R\u00e1dio Porto Seguro","description":"","potentialAction":[{"@type":"SearchAction","target":{"@type":"EntryPoint","urlTemplate":"https:\/\/radioportoseguro.com.br\/site\/?s={search_term_string}"},"query-input":{"@type":"PropertyValueSpecification","valueRequired":true,"valueName":"search_term_string"}}],"inLanguage":"pt-BR"},{"@type":"Person","@id":"https:\/\/radioportoseguro.com.br\/site\/#\/schema\/person\/7630acdc320186f13639d3c067ec089b","name":"admin","image":{"@type":"ImageObject","inLanguage":"pt-BR","@id":"https:\/\/radioportoseguro.com.br\/site\/#\/schema\/person\/image\/","url":"https:\/\/secure.gravatar.com\/avatar\/caacf4dc1eedb68fab0df8e1ed46c448e578b2466351bbcb61e47d2ac0caaef0?s=96&d=mm&r=g","contentUrl":"https:\/\/secure.gravatar.com\/avatar\/caacf4dc1eedb68fab0df8e1ed46c448e578b2466351bbcb61e47d2ac0caaef0?s=96&d=mm&r=g","caption":"admin"},"sameAs":["https:\/\/radioportoseguro.com.br\/site"],"url":"https:\/\/radioportoseguro.com.br\/site\/author\/hezio\/"}]}},"_links":{"self":[{"href":"https:\/\/radioportoseguro.com.br\/site\/wp-json\/wp\/v2\/posts\/5837","targetHints":{"allow":["GET"]}}],"collection":[{"href":"https:\/\/radioportoseguro.com.br\/site\/wp-json\/wp\/v2\/posts"}],"about":[{"href":"https:\/\/radioportoseguro.com.br\/site\/wp-json\/wp\/v2\/types\/post"}],"author":[{"embeddable":true,"href":"https:\/\/radioportoseguro.com.br\/site\/wp-json\/wp\/v2\/users\/1"}],"replies":[{"embeddable":true,"href":"https:\/\/radioportoseguro.com.br\/site\/wp-json\/wp\/v2\/comments?post=5837"}],"version-history":[{"count":0,"href":"https:\/\/radioportoseguro.com.br\/site\/wp-json\/wp\/v2\/posts\/5837\/revisions"}],"wp:featuredmedia":[{"embeddable":true,"href":"https:\/\/radioportoseguro.com.br\/site\/wp-json\/wp\/v2\/media\/5838"}],"wp:attachment":[{"href":"https:\/\/radioportoseguro.com.br\/site\/wp-json\/wp\/v2\/media?parent=5837"}],"wp:term":[{"taxonomy":"category","embeddable":true,"href":"https:\/\/radioportoseguro.com.br\/site\/wp-json\/wp\/v2\/categories?post=5837"},{"taxonomy":"post_tag","embeddable":true,"href":"https:\/\/radioportoseguro.com.br\/site\/wp-json\/wp\/v2\/tags?post=5837"}],"curies":[{"name":"wp","href":"https:\/\/api.w.org\/{rel}","templated":true}]}}