{"id":5858,"date":"2026-04-08T23:20:16","date_gmt":"2026-04-09T02:20:16","guid":{"rendered":"https:\/\/radioportoseguro.com.br\/site\/2026\/04\/08\/sinais-de-que-voce-esta-preso-em-um-emprego-sem-futuro\/"},"modified":"2026-04-08T23:20:16","modified_gmt":"2026-04-09T02:20:16","slug":"sinais-de-que-voce-esta-preso-em-um-emprego-sem-futuro","status":"publish","type":"post","link":"https:\/\/radioportoseguro.com.br\/site\/2026\/04\/08\/sinais-de-que-voce-esta-preso-em-um-emprego-sem-futuro\/","title":{"rendered":"Sinais de que voc\u00ea est\u00e1 preso em um emprego sem futuro"},"content":{"rendered":"<p><br \/>\n<br \/><\/p>\n<div>\n<p><span class=\"news_capital_letter\">P<\/span>assamos em m\u00e9dia oito horas por dia trabalhando. Considerando que um dia consiste em 24 horas, e passamos uma m\u00e9dia de sete horas dormindo, \u00e9 revelador ver quanto tempo realmente gastamos no trabalho. Ter um emprego que nos satisfa\u00e7a em todos os aspectos \u00e9 um objetivo dif\u00edcil de alcan\u00e7ar, se n\u00e3o imposs\u00edvel. A realiza\u00e7\u00e3o profissional pode ser dif\u00edcil de alcan\u00e7ar, pois h\u00e1 muitas vari\u00e1veis a serem levadas em conta ao avaliar nossos n\u00edveis de satisfa\u00e7\u00e3o no local de trabalho.<\/p>\n<p>Receber o sal\u00e1rio certo, trabalhar com as pessoas certas, num escrit\u00f3rio no local certo e ter todas as oportunidades certas de crescimento na carreira s\u00e3o apenas alguns dos requisitos mais populares que as pessoas t\u00eam quando se trata de avaliar sua situa\u00e7\u00e3o de trabalho. Embora algumas pessoas possam ter um emprego que preencha todas as caixas mencionadas, muitos de n\u00f3s ocasionalmente nos encontramos presos em empregos sem sa\u00edda. Todos n\u00f3s come\u00e7amos a trabalhar nesses empregos por diferentes raz\u00f5es e em diferentes circunst\u00e2ncias. Poder\u00edamos ter come\u00e7ado um trabalho com a esperan\u00e7a de que ele levaria nossas carreiras a algum lugar, talvez houvesse uma perspectiva de um sal\u00e1rio excepcionalmente bom, ou talvez tenhamos aceitado um emprego por pura necessidade. Afinal, temos contas para pagar.<\/p>\n<p>O problema \u00e9 que muitos de n\u00f3s acabamos trabalhando por anos no mesmo emprego sem perceber, ent\u00e3o demoramos mais para reconhecer que \u00e9 hora de algo mudar. \u00c9 importante ser capaz de reconhecer os sinais de que estamos realmente em um trabalho que n\u00e3o nos levar\u00e1 a lugar nenhum e, o mais importante, o que podemos fazer sobre isso se nos encontrarmos nessa posi\u00e7\u00e3o.<\/p>\n<p>Nesta galeria, fornecemos uma lista abrangente de sinais para procurar, que o ajudar\u00e3o a identificar se voc\u00ea est\u00e1 em um trabalho sem sa\u00edda. Mas h\u00e1 mais! Tamb\u00e9m vamos orient\u00e1-lo sobre o que fazer se voc\u00ea estiver nessa situa\u00e7\u00e3o. Clique na galeria e veja se estes sinais pertencem ao seu emprego atual.<\/p>\n<\/p><\/div>\n<p><br \/>\n<br \/>Fonte: Not\u00edcias Ao Minuto<\/p>\n","protected":false},"excerpt":{"rendered":"<p>Passamos em m\u00e9dia oito horas por dia trabalhando. Considerando que um dia consiste em 24 horas, e passamos uma m\u00e9dia de sete horas dormindo, \u00e9 revelador ver quanto tempo realmente gastamos no trabalho. Ter um emprego que nos satisfa\u00e7a em todos os aspectos \u00e9 um objetivo dif\u00edcil de alcan\u00e7ar, se n\u00e3o imposs\u00edvel. A realiza\u00e7\u00e3o profissional [&hellip;]<\/p>\n","protected":false},"author":1,"featured_media":5859,"comment_status":"","ping_status":"open","sticky":false,"template":"","format":"standard","meta":{"footnotes":""},"categories":[44],"tags":[],"class_list":["post-5858","post","type-post","status-publish","format-standard","has-post-thumbnail","hentry","category-vida-estilo"],"yoast_head":"<!-- This site is optimized with the Yoast SEO plugin v26.8 - https:\/\/yoast.com\/product\/yoast-seo-wordpress\/ -->\n<title>Sinais de que voc\u00ea est\u00e1 preso em um emprego sem futuro - R\u00e1dio Porto Seguro<\/title>\n<meta name=\"robots\" content=\"index, follow, max-snippet:-1, max-image-preview:large, max-video-preview:-1\" \/>\n<link rel=\"canonical\" href=\"https:\/\/radioportoseguro.com.br\/site\/2026\/04\/08\/sinais-de-que-voce-esta-preso-em-um-emprego-sem-futuro\/\" \/>\n<meta property=\"og:locale\" content=\"pt_BR\" \/>\n<meta property=\"og:type\" content=\"article\" \/>\n<meta property=\"og:title\" content=\"Sinais de que voc\u00ea est\u00e1 preso em um emprego sem futuro - R\u00e1dio Porto Seguro\" \/>\n<meta property=\"og:description\" content=\"Passamos em m\u00e9dia oito horas por dia trabalhando. Considerando que um dia consiste em 24 horas, e passamos uma m\u00e9dia de sete horas dormindo, \u00e9 revelador ver quanto tempo realmente gastamos no trabalho. Ter um emprego que nos satisfa\u00e7a em todos os aspectos \u00e9 um objetivo dif\u00edcil de alcan\u00e7ar, se n\u00e3o imposs\u00edvel. A realiza\u00e7\u00e3o profissional [&hellip;]\" \/>\n<meta property=\"og:url\" content=\"https:\/\/radioportoseguro.com.br\/site\/2026\/04\/08\/sinais-de-que-voce-esta-preso-em-um-emprego-sem-futuro\/\" \/>\n<meta property=\"og:site_name\" content=\"R\u00e1dio Porto Seguro\" \/>\n<meta property=\"article:published_time\" content=\"2026-04-09T02:20:16+00:00\" \/>\n<meta property=\"og:image\" content=\"https:\/\/media-manager.noticiasaominuto.com.br\/1920\/naom_675aaac779edf.webp\" \/>\n<meta name=\"author\" content=\"admin\" \/>\n<meta name=\"twitter:card\" content=\"summary_large_image\" \/>\n<meta name=\"twitter:label1\" content=\"Escrito por\" \/>\n\t<meta name=\"twitter:data1\" content=\"admin\" \/>\n\t<meta name=\"twitter:label2\" content=\"Est. tempo de leitura\" \/>\n\t<meta name=\"twitter:data2\" content=\"2 minutos\" \/>\n<script type=\"application\/ld+json\" class=\"yoast-schema-graph\">{\"@context\":\"https:\/\/schema.org\",\"@graph\":[{\"@type\":\"Article\",\"@id\":\"https:\/\/radioportoseguro.com.br\/site\/2026\/04\/08\/sinais-de-que-voce-esta-preso-em-um-emprego-sem-futuro\/#article\",\"isPartOf\":{\"@id\":\"https:\/\/radioportoseguro.com.br\/site\/2026\/04\/08\/sinais-de-que-voce-esta-preso-em-um-emprego-sem-futuro\/\"},\"author\":{\"name\":\"admin\",\"@id\":\"https:\/\/radioportoseguro.com.br\/site\/#\/schema\/person\/7630acdc320186f13639d3c067ec089b\"},\"headline\":\"Sinais de que voc\u00ea est\u00e1 preso em um emprego sem futuro\",\"datePublished\":\"2026-04-09T02:20:16+00:00\",\"mainEntityOfPage\":{\"@id\":\"https:\/\/radioportoseguro.com.br\/site\/2026\/04\/08\/sinais-de-que-voce-esta-preso-em-um-emprego-sem-futuro\/\"},\"wordCount\":365,\"image\":{\"@id\":\"https:\/\/radioportoseguro.com.br\/site\/2026\/04\/08\/sinais-de-que-voce-esta-preso-em-um-emprego-sem-futuro\/#primaryimage\"},\"thumbnailUrl\":\"https:\/\/radioportoseguro.com.br\/site\/wp-content\/uploads\/2026\/04\/naom_675aaac779edf.webp.webp\",\"articleSection\":[\"Vida &amp; Estilo\"],\"inLanguage\":\"pt-BR\"},{\"@type\":\"WebPage\",\"@id\":\"https:\/\/radioportoseguro.com.br\/site\/2026\/04\/08\/sinais-de-que-voce-esta-preso-em-um-emprego-sem-futuro\/\",\"url\":\"https:\/\/radioportoseguro.com.br\/site\/2026\/04\/08\/sinais-de-que-voce-esta-preso-em-um-emprego-sem-futuro\/\",\"name\":\"Sinais de que voc\u00ea est\u00e1 preso em um emprego sem futuro - R\u00e1dio Porto Seguro\",\"isPartOf\":{\"@id\":\"https:\/\/radioportoseguro.com.br\/site\/#website\"},\"primaryImageOfPage\":{\"@id\":\"https:\/\/radioportoseguro.com.br\/site\/2026\/04\/08\/sinais-de-que-voce-esta-preso-em-um-emprego-sem-futuro\/#primaryimage\"},\"image\":{\"@id\":\"https:\/\/radioportoseguro.com.br\/site\/2026\/04\/08\/sinais-de-que-voce-esta-preso-em-um-emprego-sem-futuro\/#primaryimage\"},\"thumbnailUrl\":\"https:\/\/radioportoseguro.com.br\/site\/wp-content\/uploads\/2026\/04\/naom_675aaac779edf.webp.webp\",\"datePublished\":\"2026-04-09T02:20:16+00:00\",\"author\":{\"@id\":\"https:\/\/radioportoseguro.com.br\/site\/#\/schema\/person\/7630acdc320186f13639d3c067ec089b\"},\"breadcrumb\":{\"@id\":\"https:\/\/radioportoseguro.com.br\/site\/2026\/04\/08\/sinais-de-que-voce-esta-preso-em-um-emprego-sem-futuro\/#breadcrumb\"},\"inLanguage\":\"pt-BR\",\"potentialAction\":[{\"@type\":\"ReadAction\",\"target\":[\"https:\/\/radioportoseguro.com.br\/site\/2026\/04\/08\/sinais-de-que-voce-esta-preso-em-um-emprego-sem-futuro\/\"]}]},{\"@type\":\"ImageObject\",\"inLanguage\":\"pt-BR\",\"@id\":\"https:\/\/radioportoseguro.com.br\/site\/2026\/04\/08\/sinais-de-que-voce-esta-preso-em-um-emprego-sem-futuro\/#primaryimage\",\"url\":\"https:\/\/radioportoseguro.com.br\/site\/wp-content\/uploads\/2026\/04\/naom_675aaac779edf.webp.webp\",\"contentUrl\":\"https:\/\/radioportoseguro.com.br\/site\/wp-content\/uploads\/2026\/04\/naom_675aaac779edf.webp.webp\",\"width\":960,\"height\":540},{\"@type\":\"BreadcrumbList\",\"@id\":\"https:\/\/radioportoseguro.com.br\/site\/2026\/04\/08\/sinais-de-que-voce-esta-preso-em-um-emprego-sem-futuro\/#breadcrumb\",\"itemListElement\":[{\"@type\":\"ListItem\",\"position\":1,\"name\":\"In\u00edcio\",\"item\":\"https:\/\/radioportoseguro.com.br\/site\/\"},{\"@type\":\"ListItem\",\"position\":2,\"name\":\"Sinais de que voc\u00ea est\u00e1 preso em um emprego sem futuro\"}]},{\"@type\":\"WebSite\",\"@id\":\"https:\/\/radioportoseguro.com.br\/site\/#website\",\"url\":\"https:\/\/radioportoseguro.com.br\/site\/\",\"name\":\"R\u00e1dio Porto Seguro\",\"description\":\"\",\"potentialAction\":[{\"@type\":\"SearchAction\",\"target\":{\"@type\":\"EntryPoint\",\"urlTemplate\":\"https:\/\/radioportoseguro.com.br\/site\/?s={search_term_string}\"},\"query-input\":{\"@type\":\"PropertyValueSpecification\",\"valueRequired\":true,\"valueName\":\"search_term_string\"}}],\"inLanguage\":\"pt-BR\"},{\"@type\":\"Person\",\"@id\":\"https:\/\/radioportoseguro.com.br\/site\/#\/schema\/person\/7630acdc320186f13639d3c067ec089b\",\"name\":\"admin\",\"image\":{\"@type\":\"ImageObject\",\"inLanguage\":\"pt-BR\",\"@id\":\"https:\/\/radioportoseguro.com.br\/site\/#\/schema\/person\/image\/\",\"url\":\"https:\/\/secure.gravatar.com\/avatar\/caacf4dc1eedb68fab0df8e1ed46c448e578b2466351bbcb61e47d2ac0caaef0?s=96&d=mm&r=g\",\"contentUrl\":\"https:\/\/secure.gravatar.com\/avatar\/caacf4dc1eedb68fab0df8e1ed46c448e578b2466351bbcb61e47d2ac0caaef0?s=96&d=mm&r=g\",\"caption\":\"admin\"},\"sameAs\":[\"https:\/\/radioportoseguro.com.br\/site\"],\"url\":\"https:\/\/radioportoseguro.com.br\/site\/author\/hezio\/\"}]}<\/script>\n<!-- \/ Yoast SEO plugin. -->","yoast_head_json":{"title":"Sinais de que voc\u00ea est\u00e1 preso em um emprego sem futuro - R\u00e1dio Porto Seguro","robots":{"index":"index","follow":"follow","max-snippet":"max-snippet:-1","max-image-preview":"max-image-preview:large","max-video-preview":"max-video-preview:-1"},"canonical":"https:\/\/radioportoseguro.com.br\/site\/2026\/04\/08\/sinais-de-que-voce-esta-preso-em-um-emprego-sem-futuro\/","og_locale":"pt_BR","og_type":"article","og_title":"Sinais de que voc\u00ea est\u00e1 preso em um emprego sem futuro - R\u00e1dio Porto Seguro","og_description":"Passamos em m\u00e9dia oito horas por dia trabalhando. Considerando que um dia consiste em 24 horas, e passamos uma m\u00e9dia de sete horas dormindo, \u00e9 revelador ver quanto tempo realmente gastamos no trabalho. Ter um emprego que nos satisfa\u00e7a em todos os aspectos \u00e9 um objetivo dif\u00edcil de alcan\u00e7ar, se n\u00e3o imposs\u00edvel. A realiza\u00e7\u00e3o profissional [&hellip;]","og_url":"https:\/\/radioportoseguro.com.br\/site\/2026\/04\/08\/sinais-de-que-voce-esta-preso-em-um-emprego-sem-futuro\/","og_site_name":"R\u00e1dio Porto Seguro","article_published_time":"2026-04-09T02:20:16+00:00","og_image":[{"url":"https:\/\/media-manager.noticiasaominuto.com.br\/1920\/naom_675aaac779edf.webp","type":"","width":"","height":""}],"author":"admin","twitter_card":"summary_large_image","twitter_misc":{"Escrito por":"admin","Est. tempo de leitura":"2 minutos"},"schema":{"@context":"https:\/\/schema.org","@graph":[{"@type":"Article","@id":"https:\/\/radioportoseguro.com.br\/site\/2026\/04\/08\/sinais-de-que-voce-esta-preso-em-um-emprego-sem-futuro\/#article","isPartOf":{"@id":"https:\/\/radioportoseguro.com.br\/site\/2026\/04\/08\/sinais-de-que-voce-esta-preso-em-um-emprego-sem-futuro\/"},"author":{"name":"admin","@id":"https:\/\/radioportoseguro.com.br\/site\/#\/schema\/person\/7630acdc320186f13639d3c067ec089b"},"headline":"Sinais de que voc\u00ea est\u00e1 preso em um emprego sem futuro","datePublished":"2026-04-09T02:20:16+00:00","mainEntityOfPage":{"@id":"https:\/\/radioportoseguro.com.br\/site\/2026\/04\/08\/sinais-de-que-voce-esta-preso-em-um-emprego-sem-futuro\/"},"wordCount":365,"image":{"@id":"https:\/\/radioportoseguro.com.br\/site\/2026\/04\/08\/sinais-de-que-voce-esta-preso-em-um-emprego-sem-futuro\/#primaryimage"},"thumbnailUrl":"https:\/\/radioportoseguro.com.br\/site\/wp-content\/uploads\/2026\/04\/naom_675aaac779edf.webp.webp","articleSection":["Vida &amp; Estilo"],"inLanguage":"pt-BR"},{"@type":"WebPage","@id":"https:\/\/radioportoseguro.com.br\/site\/2026\/04\/08\/sinais-de-que-voce-esta-preso-em-um-emprego-sem-futuro\/","url":"https:\/\/radioportoseguro.com.br\/site\/2026\/04\/08\/sinais-de-que-voce-esta-preso-em-um-emprego-sem-futuro\/","name":"Sinais de que voc\u00ea est\u00e1 preso em um emprego sem futuro - R\u00e1dio Porto Seguro","isPartOf":{"@id":"https:\/\/radioportoseguro.com.br\/site\/#website"},"primaryImageOfPage":{"@id":"https:\/\/radioportoseguro.com.br\/site\/2026\/04\/08\/sinais-de-que-voce-esta-preso-em-um-emprego-sem-futuro\/#primaryimage"},"image":{"@id":"https:\/\/radioportoseguro.com.br\/site\/2026\/04\/08\/sinais-de-que-voce-esta-preso-em-um-emprego-sem-futuro\/#primaryimage"},"thumbnailUrl":"https:\/\/radioportoseguro.com.br\/site\/wp-content\/uploads\/2026\/04\/naom_675aaac779edf.webp.webp","datePublished":"2026-04-09T02:20:16+00:00","author":{"@id":"https:\/\/radioportoseguro.com.br\/site\/#\/schema\/person\/7630acdc320186f13639d3c067ec089b"},"breadcrumb":{"@id":"https:\/\/radioportoseguro.com.br\/site\/2026\/04\/08\/sinais-de-que-voce-esta-preso-em-um-emprego-sem-futuro\/#breadcrumb"},"inLanguage":"pt-BR","potentialAction":[{"@type":"ReadAction","target":["https:\/\/radioportoseguro.com.br\/site\/2026\/04\/08\/sinais-de-que-voce-esta-preso-em-um-emprego-sem-futuro\/"]}]},{"@type":"ImageObject","inLanguage":"pt-BR","@id":"https:\/\/radioportoseguro.com.br\/site\/2026\/04\/08\/sinais-de-que-voce-esta-preso-em-um-emprego-sem-futuro\/#primaryimage","url":"https:\/\/radioportoseguro.com.br\/site\/wp-content\/uploads\/2026\/04\/naom_675aaac779edf.webp.webp","contentUrl":"https:\/\/radioportoseguro.com.br\/site\/wp-content\/uploads\/2026\/04\/naom_675aaac779edf.webp.webp","width":960,"height":540},{"@type":"BreadcrumbList","@id":"https:\/\/radioportoseguro.com.br\/site\/2026\/04\/08\/sinais-de-que-voce-esta-preso-em-um-emprego-sem-futuro\/#breadcrumb","itemListElement":[{"@type":"ListItem","position":1,"name":"In\u00edcio","item":"https:\/\/radioportoseguro.com.br\/site\/"},{"@type":"ListItem","position":2,"name":"Sinais de que voc\u00ea est\u00e1 preso em um emprego sem futuro"}]},{"@type":"WebSite","@id":"https:\/\/radioportoseguro.com.br\/site\/#website","url":"https:\/\/radioportoseguro.com.br\/site\/","name":"R\u00e1dio Porto Seguro","description":"","potentialAction":[{"@type":"SearchAction","target":{"@type":"EntryPoint","urlTemplate":"https:\/\/radioportoseguro.com.br\/site\/?s={search_term_string}"},"query-input":{"@type":"PropertyValueSpecification","valueRequired":true,"valueName":"search_term_string"}}],"inLanguage":"pt-BR"},{"@type":"Person","@id":"https:\/\/radioportoseguro.com.br\/site\/#\/schema\/person\/7630acdc320186f13639d3c067ec089b","name":"admin","image":{"@type":"ImageObject","inLanguage":"pt-BR","@id":"https:\/\/radioportoseguro.com.br\/site\/#\/schema\/person\/image\/","url":"https:\/\/secure.gravatar.com\/avatar\/caacf4dc1eedb68fab0df8e1ed46c448e578b2466351bbcb61e47d2ac0caaef0?s=96&d=mm&r=g","contentUrl":"https:\/\/secure.gravatar.com\/avatar\/caacf4dc1eedb68fab0df8e1ed46c448e578b2466351bbcb61e47d2ac0caaef0?s=96&d=mm&r=g","caption":"admin"},"sameAs":["https:\/\/radioportoseguro.com.br\/site"],"url":"https:\/\/radioportoseguro.com.br\/site\/author\/hezio\/"}]}},"_links":{"self":[{"href":"https:\/\/radioportoseguro.com.br\/site\/wp-json\/wp\/v2\/posts\/5858","targetHints":{"allow":["GET"]}}],"collection":[{"href":"https:\/\/radioportoseguro.com.br\/site\/wp-json\/wp\/v2\/posts"}],"about":[{"href":"https:\/\/radioportoseguro.com.br\/site\/wp-json\/wp\/v2\/types\/post"}],"author":[{"embeddable":true,"href":"https:\/\/radioportoseguro.com.br\/site\/wp-json\/wp\/v2\/users\/1"}],"replies":[{"embeddable":true,"href":"https:\/\/radioportoseguro.com.br\/site\/wp-json\/wp\/v2\/comments?post=5858"}],"version-history":[{"count":0,"href":"https:\/\/radioportoseguro.com.br\/site\/wp-json\/wp\/v2\/posts\/5858\/revisions"}],"wp:featuredmedia":[{"embeddable":true,"href":"https:\/\/radioportoseguro.com.br\/site\/wp-json\/wp\/v2\/media\/5859"}],"wp:attachment":[{"href":"https:\/\/radioportoseguro.com.br\/site\/wp-json\/wp\/v2\/media?parent=5858"}],"wp:term":[{"taxonomy":"category","embeddable":true,"href":"https:\/\/radioportoseguro.com.br\/site\/wp-json\/wp\/v2\/categories?post=5858"},{"taxonomy":"post_tag","embeddable":true,"href":"https:\/\/radioportoseguro.com.br\/site\/wp-json\/wp\/v2\/tags?post=5858"}],"curies":[{"name":"wp","href":"https:\/\/api.w.org\/{rel}","templated":true}]}}