{"id":5860,"date":"2026-04-08T23:38:39","date_gmt":"2026-04-09T02:38:39","guid":{"rendered":"https:\/\/radioportoseguro.com.br\/site\/2026\/04\/08\/homem-de-92-anos-e-batizado-por-outros-idosos-em-um-rio-nunca-e-tarde\/"},"modified":"2026-04-08T23:38:39","modified_gmt":"2026-04-09T02:38:39","slug":"homem-de-92-anos-e-batizado-por-outros-idosos-em-um-rio-nunca-e-tarde","status":"publish","type":"post","link":"https:\/\/radioportoseguro.com.br\/site\/2026\/04\/08\/homem-de-92-anos-e-batizado-por-outros-idosos-em-um-rio-nunca-e-tarde\/","title":{"rendered":"Homem de 92 anos \u00e9 batizado por outros idosos em um rio: \u201cNunca \u00e9 tarde\u201d"},"content":{"rendered":"<p><br \/>\n<br \/><\/p>\n<div>\n<p>Um v\u00eddeo do <span style=\"color: #800000;\"><strong>batismo de um idoso<\/strong><\/span> tem chamado a aten\u00e7\u00e3o nas redes sociais. Ele aparece nas imagens cercado por l\u00edderes tamb\u00e9m idosos que o conduzem \u00e0s \u00e1guas de um rio, em uma cena que tem emocionado internautas.<\/p>\n<p>A grava\u00e7\u00e3o, publicada pela filha do idoso no TikTok, j\u00e1 acumula milhares de visualiza\u00e7\u00f5es e mais de 40 mil curtidas.<\/p>\n<p>Na legenda, ela conta que o pai cresceu frequentando a igreja, manteve v\u00ednculo espor\u00e1dico na vida adulta, mas nunca havia sido batizado.<\/p>\n<blockquote class=\"twitter-tweet\"><p>&#13;<\/p>\n<p dir=\"ltr\" lang=\"en\">It\u2019s never too late. This was two years ago. He will be 94 years old in July. Even though he grew up in church and kept attending here and there as an adult, God won! <a href=\"https:\/\/t.co\/4DNQLbXvHz\">pic.twitter.com\/4DNQLbXvHz<\/a><\/p>\n<p>&#13;<br \/>\n\u2014 Trump Girl (@TrumpGirlLove) <a href=\"https:\/\/twitter.com\/TrumpGirlLove\/status\/2040499824810713478?ref_src=twsrc%5Etfw\">April 4, 2026<\/a><\/p><\/blockquote>\n<p>\u201cDeus venceu\u201d, ela disse: \u201cNunca \u00e9 tarde demais\u201d.<\/p>\n<p><strong>\u2018Alegria no c\u00e9u\u2019<\/strong><\/p>\n<p>As imagens mostram o idoso sendo conduzido para o batismo por outros quatro homens, tamb\u00e9m idosos.<\/p>\n<p>Durante a cerim\u00f4nia, o respons\u00e1vel pelo ato destaca a <span style=\"color: #800000;\"><strong>alegria no c\u00e9u<\/strong><\/span> pela decis\u00e3o de entrega a Deus.<\/p>\n<p>\u201cH\u00e1 gl\u00f3ria e alegria no c\u00e9u por um s\u00f3 pecador que se arrepende\u201d, diz o ministro, antes de batiz\u00e1-lo \u201cem nome do Pai, do Filho e do Esp\u00edrito Santo\u201d.<\/p>\n<p>Segundo a publica\u00e7\u00e3o, o batismo aconteceu h\u00e1 dois anos. Agora, o homem se aproxima de completar 94 anos, em julho, carregando um testemunho que tem inspirado milhares de pessoas.<\/p>\n<p>Nos coment\u00e1rios, que j\u00e1 ultrapassam 1.600, internautas expressam admira\u00e7\u00e3o pela decis\u00e3o, considerada essencial na f\u00e9 crist\u00e3.<\/p>\n<p><strong>&#8216;Gl\u00f3ria a Deus&#8217;<\/strong><\/p>\n<p>Uma familiar escreveu: \u201cN\u00e3o querendo me gabar nem nada&#8230; mas aquele \u00e9 o meu irm\u00e3o&#8230; E, na verdade, eu estou me gabando, sim&#8230; Foi o meu Deus quem fez isso&#8230; A Ele, toda a gl\u00f3ria.\u201d<\/p>\n<p>Uma internauta disse: \u201cUma vis\u00e3o verdadeiramente impressionante. Obrigado por compartilhar\u201d, escreveu uma pessoa.<\/p>\n<p>Uma mulher lembrou: \u201cN\u00e3o existem \u2018adultos em Cristo\u2019. Somos todos CRIAN\u00c7AS! Nunca \u00e9 tarde demais. Parab\u00e9ns, senhor.\u201d<\/p>\n<p>Outra destacou a mensagem de esperan\u00e7a transmitida pelo epis\u00f3dio: \u201cFant\u00e1stico. O Senhor est\u00e1 \u00e0 espera e pronto para te aceitar no seu reino. Nunca \u00e9 tarde demais\u201d.<\/p>\n<p>E uma outra pessoa confirma: \u201cNunca \u00e9 tarde para se batizar.\u201d<\/p>\n<\/div>\n<p><script async src=\"\/\/platform.twitter.com\/widgets.js\" charset=\"utf-8\"><\/script><br \/>\n<br \/><br \/>\n<br \/>Fonte: Guiame <\/p>\n","protected":false},"excerpt":{"rendered":"<p>Um v\u00eddeo do batismo de um idoso tem chamado a aten\u00e7\u00e3o nas redes sociais. Ele aparece nas imagens cercado por l\u00edderes tamb\u00e9m idosos que o conduzem \u00e0s \u00e1guas de um rio, em uma cena que tem emocionado internautas. A grava\u00e7\u00e3o, publicada pela filha do idoso no TikTok, j\u00e1 acumula milhares de visualiza\u00e7\u00f5es e mais de [&hellip;]<\/p>\n","protected":false},"author":1,"featured_media":5861,"comment_status":"","ping_status":"open","sticky":false,"template":"","format":"standard","meta":{"footnotes":""},"categories":[43],"tags":[],"class_list":["post-5860","post","type-post","status-publish","format-standard","has-post-thumbnail","hentry","category-destaques"],"yoast_head":"<!-- This site is optimized with the Yoast SEO plugin v26.8 - https:\/\/yoast.com\/product\/yoast-seo-wordpress\/ -->\n<title>Homem de 92 anos \u00e9 batizado por outros idosos em um rio: \u201cNunca \u00e9 tarde\u201d - R\u00e1dio Porto Seguro<\/title>\n<meta name=\"robots\" content=\"index, follow, max-snippet:-1, max-image-preview:large, max-video-preview:-1\" \/>\n<link rel=\"canonical\" href=\"https:\/\/radioportoseguro.com.br\/site\/2026\/04\/08\/homem-de-92-anos-e-batizado-por-outros-idosos-em-um-rio-nunca-e-tarde\/\" \/>\n<meta property=\"og:locale\" content=\"pt_BR\" \/>\n<meta property=\"og:type\" content=\"article\" \/>\n<meta property=\"og:title\" content=\"Homem de 92 anos \u00e9 batizado por outros idosos em um rio: \u201cNunca \u00e9 tarde\u201d - R\u00e1dio Porto Seguro\" \/>\n<meta property=\"og:description\" content=\"Um v\u00eddeo do batismo de um idoso tem chamado a aten\u00e7\u00e3o nas redes sociais. Ele aparece nas imagens cercado por l\u00edderes tamb\u00e9m idosos que o conduzem \u00e0s \u00e1guas de um rio, em uma cena que tem emocionado internautas. A grava\u00e7\u00e3o, publicada pela filha do idoso no TikTok, j\u00e1 acumula milhares de visualiza\u00e7\u00f5es e mais de [&hellip;]\" \/>\n<meta property=\"og:url\" content=\"https:\/\/radioportoseguro.com.br\/site\/2026\/04\/08\/homem-de-92-anos-e-batizado-por-outros-idosos-em-um-rio-nunca-e-tarde\/\" \/>\n<meta property=\"og:site_name\" content=\"R\u00e1dio Porto Seguro\" \/>\n<meta property=\"article:published_time\" content=\"2026-04-09T02:38:39+00:00\" \/>\n<meta property=\"og:image\" content=\"https:\/\/media.guiame.com.br\/archives\/2026\/04\/07\/2708164595-idoso-batismo.png\" \/>\n<meta name=\"author\" content=\"admin\" \/>\n<meta name=\"twitter:card\" content=\"summary_large_image\" \/>\n<meta name=\"twitter:label1\" content=\"Escrito por\" \/>\n\t<meta name=\"twitter:data1\" content=\"admin\" \/>\n\t<meta name=\"twitter:label2\" content=\"Est. tempo de leitura\" \/>\n\t<meta name=\"twitter:data2\" content=\"2 minutos\" \/>\n<script type=\"application\/ld+json\" class=\"yoast-schema-graph\">{\"@context\":\"https:\/\/schema.org\",\"@graph\":[{\"@type\":\"Article\",\"@id\":\"https:\/\/radioportoseguro.com.br\/site\/2026\/04\/08\/homem-de-92-anos-e-batizado-por-outros-idosos-em-um-rio-nunca-e-tarde\/#article\",\"isPartOf\":{\"@id\":\"https:\/\/radioportoseguro.com.br\/site\/2026\/04\/08\/homem-de-92-anos-e-batizado-por-outros-idosos-em-um-rio-nunca-e-tarde\/\"},\"author\":{\"name\":\"admin\",\"@id\":\"https:\/\/radioportoseguro.com.br\/site\/#\/schema\/person\/7630acdc320186f13639d3c067ec089b\"},\"headline\":\"Homem de 92 anos \u00e9 batizado por outros idosos em um rio: \u201cNunca \u00e9 tarde\u201d\",\"datePublished\":\"2026-04-09T02:38:39+00:00\",\"mainEntityOfPage\":{\"@id\":\"https:\/\/radioportoseguro.com.br\/site\/2026\/04\/08\/homem-de-92-anos-e-batizado-por-outros-idosos-em-um-rio-nunca-e-tarde\/\"},\"wordCount\":388,\"image\":{\"@id\":\"https:\/\/radioportoseguro.com.br\/site\/2026\/04\/08\/homem-de-92-anos-e-batizado-por-outros-idosos-em-um-rio-nunca-e-tarde\/#primaryimage\"},\"thumbnailUrl\":\"https:\/\/radioportoseguro.com.br\/site\/wp-content\/uploads\/2026\/04\/2708164595-idoso-batismo.png\",\"articleSection\":[\"Destaques\"],\"inLanguage\":\"pt-BR\"},{\"@type\":\"WebPage\",\"@id\":\"https:\/\/radioportoseguro.com.br\/site\/2026\/04\/08\/homem-de-92-anos-e-batizado-por-outros-idosos-em-um-rio-nunca-e-tarde\/\",\"url\":\"https:\/\/radioportoseguro.com.br\/site\/2026\/04\/08\/homem-de-92-anos-e-batizado-por-outros-idosos-em-um-rio-nunca-e-tarde\/\",\"name\":\"Homem de 92 anos \u00e9 batizado por outros idosos em um rio: \u201cNunca \u00e9 tarde\u201d - R\u00e1dio Porto Seguro\",\"isPartOf\":{\"@id\":\"https:\/\/radioportoseguro.com.br\/site\/#website\"},\"primaryImageOfPage\":{\"@id\":\"https:\/\/radioportoseguro.com.br\/site\/2026\/04\/08\/homem-de-92-anos-e-batizado-por-outros-idosos-em-um-rio-nunca-e-tarde\/#primaryimage\"},\"image\":{\"@id\":\"https:\/\/radioportoseguro.com.br\/site\/2026\/04\/08\/homem-de-92-anos-e-batizado-por-outros-idosos-em-um-rio-nunca-e-tarde\/#primaryimage\"},\"thumbnailUrl\":\"https:\/\/radioportoseguro.com.br\/site\/wp-content\/uploads\/2026\/04\/2708164595-idoso-batismo.png\",\"datePublished\":\"2026-04-09T02:38:39+00:00\",\"author\":{\"@id\":\"https:\/\/radioportoseguro.com.br\/site\/#\/schema\/person\/7630acdc320186f13639d3c067ec089b\"},\"breadcrumb\":{\"@id\":\"https:\/\/radioportoseguro.com.br\/site\/2026\/04\/08\/homem-de-92-anos-e-batizado-por-outros-idosos-em-um-rio-nunca-e-tarde\/#breadcrumb\"},\"inLanguage\":\"pt-BR\",\"potentialAction\":[{\"@type\":\"ReadAction\",\"target\":[\"https:\/\/radioportoseguro.com.br\/site\/2026\/04\/08\/homem-de-92-anos-e-batizado-por-outros-idosos-em-um-rio-nunca-e-tarde\/\"]}]},{\"@type\":\"ImageObject\",\"inLanguage\":\"pt-BR\",\"@id\":\"https:\/\/radioportoseguro.com.br\/site\/2026\/04\/08\/homem-de-92-anos-e-batizado-por-outros-idosos-em-um-rio-nunca-e-tarde\/#primaryimage\",\"url\":\"https:\/\/radioportoseguro.com.br\/site\/wp-content\/uploads\/2026\/04\/2708164595-idoso-batismo.png\",\"contentUrl\":\"https:\/\/radioportoseguro.com.br\/site\/wp-content\/uploads\/2026\/04\/2708164595-idoso-batismo.png\",\"width\":1200,\"height\":600},{\"@type\":\"BreadcrumbList\",\"@id\":\"https:\/\/radioportoseguro.com.br\/site\/2026\/04\/08\/homem-de-92-anos-e-batizado-por-outros-idosos-em-um-rio-nunca-e-tarde\/#breadcrumb\",\"itemListElement\":[{\"@type\":\"ListItem\",\"position\":1,\"name\":\"In\u00edcio\",\"item\":\"https:\/\/radioportoseguro.com.br\/site\/\"},{\"@type\":\"ListItem\",\"position\":2,\"name\":\"Homem de 92 anos \u00e9 batizado por outros idosos em um rio: \u201cNunca \u00e9 tarde\u201d\"}]},{\"@type\":\"WebSite\",\"@id\":\"https:\/\/radioportoseguro.com.br\/site\/#website\",\"url\":\"https:\/\/radioportoseguro.com.br\/site\/\",\"name\":\"R\u00e1dio Porto Seguro\",\"description\":\"\",\"potentialAction\":[{\"@type\":\"SearchAction\",\"target\":{\"@type\":\"EntryPoint\",\"urlTemplate\":\"https:\/\/radioportoseguro.com.br\/site\/?s={search_term_string}\"},\"query-input\":{\"@type\":\"PropertyValueSpecification\",\"valueRequired\":true,\"valueName\":\"search_term_string\"}}],\"inLanguage\":\"pt-BR\"},{\"@type\":\"Person\",\"@id\":\"https:\/\/radioportoseguro.com.br\/site\/#\/schema\/person\/7630acdc320186f13639d3c067ec089b\",\"name\":\"admin\",\"image\":{\"@type\":\"ImageObject\",\"inLanguage\":\"pt-BR\",\"@id\":\"https:\/\/radioportoseguro.com.br\/site\/#\/schema\/person\/image\/\",\"url\":\"https:\/\/secure.gravatar.com\/avatar\/caacf4dc1eedb68fab0df8e1ed46c448e578b2466351bbcb61e47d2ac0caaef0?s=96&d=mm&r=g\",\"contentUrl\":\"https:\/\/secure.gravatar.com\/avatar\/caacf4dc1eedb68fab0df8e1ed46c448e578b2466351bbcb61e47d2ac0caaef0?s=96&d=mm&r=g\",\"caption\":\"admin\"},\"sameAs\":[\"https:\/\/radioportoseguro.com.br\/site\"],\"url\":\"https:\/\/radioportoseguro.com.br\/site\/author\/hezio\/\"}]}<\/script>\n<!-- \/ Yoast SEO plugin. -->","yoast_head_json":{"title":"Homem de 92 anos \u00e9 batizado por outros idosos em um rio: \u201cNunca \u00e9 tarde\u201d - R\u00e1dio Porto Seguro","robots":{"index":"index","follow":"follow","max-snippet":"max-snippet:-1","max-image-preview":"max-image-preview:large","max-video-preview":"max-video-preview:-1"},"canonical":"https:\/\/radioportoseguro.com.br\/site\/2026\/04\/08\/homem-de-92-anos-e-batizado-por-outros-idosos-em-um-rio-nunca-e-tarde\/","og_locale":"pt_BR","og_type":"article","og_title":"Homem de 92 anos \u00e9 batizado por outros idosos em um rio: \u201cNunca \u00e9 tarde\u201d - R\u00e1dio Porto Seguro","og_description":"Um v\u00eddeo do batismo de um idoso tem chamado a aten\u00e7\u00e3o nas redes sociais. Ele aparece nas imagens cercado por l\u00edderes tamb\u00e9m idosos que o conduzem \u00e0s \u00e1guas de um rio, em uma cena que tem emocionado internautas. A grava\u00e7\u00e3o, publicada pela filha do idoso no TikTok, j\u00e1 acumula milhares de visualiza\u00e7\u00f5es e mais de [&hellip;]","og_url":"https:\/\/radioportoseguro.com.br\/site\/2026\/04\/08\/homem-de-92-anos-e-batizado-por-outros-idosos-em-um-rio-nunca-e-tarde\/","og_site_name":"R\u00e1dio Porto Seguro","article_published_time":"2026-04-09T02:38:39+00:00","og_image":[{"url":"https:\/\/media.guiame.com.br\/archives\/2026\/04\/07\/2708164595-idoso-batismo.png","type":"","width":"","height":""}],"author":"admin","twitter_card":"summary_large_image","twitter_misc":{"Escrito por":"admin","Est. tempo de leitura":"2 minutos"},"schema":{"@context":"https:\/\/schema.org","@graph":[{"@type":"Article","@id":"https:\/\/radioportoseguro.com.br\/site\/2026\/04\/08\/homem-de-92-anos-e-batizado-por-outros-idosos-em-um-rio-nunca-e-tarde\/#article","isPartOf":{"@id":"https:\/\/radioportoseguro.com.br\/site\/2026\/04\/08\/homem-de-92-anos-e-batizado-por-outros-idosos-em-um-rio-nunca-e-tarde\/"},"author":{"name":"admin","@id":"https:\/\/radioportoseguro.com.br\/site\/#\/schema\/person\/7630acdc320186f13639d3c067ec089b"},"headline":"Homem de 92 anos \u00e9 batizado por outros idosos em um rio: \u201cNunca \u00e9 tarde\u201d","datePublished":"2026-04-09T02:38:39+00:00","mainEntityOfPage":{"@id":"https:\/\/radioportoseguro.com.br\/site\/2026\/04\/08\/homem-de-92-anos-e-batizado-por-outros-idosos-em-um-rio-nunca-e-tarde\/"},"wordCount":388,"image":{"@id":"https:\/\/radioportoseguro.com.br\/site\/2026\/04\/08\/homem-de-92-anos-e-batizado-por-outros-idosos-em-um-rio-nunca-e-tarde\/#primaryimage"},"thumbnailUrl":"https:\/\/radioportoseguro.com.br\/site\/wp-content\/uploads\/2026\/04\/2708164595-idoso-batismo.png","articleSection":["Destaques"],"inLanguage":"pt-BR"},{"@type":"WebPage","@id":"https:\/\/radioportoseguro.com.br\/site\/2026\/04\/08\/homem-de-92-anos-e-batizado-por-outros-idosos-em-um-rio-nunca-e-tarde\/","url":"https:\/\/radioportoseguro.com.br\/site\/2026\/04\/08\/homem-de-92-anos-e-batizado-por-outros-idosos-em-um-rio-nunca-e-tarde\/","name":"Homem de 92 anos \u00e9 batizado por outros idosos em um rio: \u201cNunca \u00e9 tarde\u201d - R\u00e1dio Porto Seguro","isPartOf":{"@id":"https:\/\/radioportoseguro.com.br\/site\/#website"},"primaryImageOfPage":{"@id":"https:\/\/radioportoseguro.com.br\/site\/2026\/04\/08\/homem-de-92-anos-e-batizado-por-outros-idosos-em-um-rio-nunca-e-tarde\/#primaryimage"},"image":{"@id":"https:\/\/radioportoseguro.com.br\/site\/2026\/04\/08\/homem-de-92-anos-e-batizado-por-outros-idosos-em-um-rio-nunca-e-tarde\/#primaryimage"},"thumbnailUrl":"https:\/\/radioportoseguro.com.br\/site\/wp-content\/uploads\/2026\/04\/2708164595-idoso-batismo.png","datePublished":"2026-04-09T02:38:39+00:00","author":{"@id":"https:\/\/radioportoseguro.com.br\/site\/#\/schema\/person\/7630acdc320186f13639d3c067ec089b"},"breadcrumb":{"@id":"https:\/\/radioportoseguro.com.br\/site\/2026\/04\/08\/homem-de-92-anos-e-batizado-por-outros-idosos-em-um-rio-nunca-e-tarde\/#breadcrumb"},"inLanguage":"pt-BR","potentialAction":[{"@type":"ReadAction","target":["https:\/\/radioportoseguro.com.br\/site\/2026\/04\/08\/homem-de-92-anos-e-batizado-por-outros-idosos-em-um-rio-nunca-e-tarde\/"]}]},{"@type":"ImageObject","inLanguage":"pt-BR","@id":"https:\/\/radioportoseguro.com.br\/site\/2026\/04\/08\/homem-de-92-anos-e-batizado-por-outros-idosos-em-um-rio-nunca-e-tarde\/#primaryimage","url":"https:\/\/radioportoseguro.com.br\/site\/wp-content\/uploads\/2026\/04\/2708164595-idoso-batismo.png","contentUrl":"https:\/\/radioportoseguro.com.br\/site\/wp-content\/uploads\/2026\/04\/2708164595-idoso-batismo.png","width":1200,"height":600},{"@type":"BreadcrumbList","@id":"https:\/\/radioportoseguro.com.br\/site\/2026\/04\/08\/homem-de-92-anos-e-batizado-por-outros-idosos-em-um-rio-nunca-e-tarde\/#breadcrumb","itemListElement":[{"@type":"ListItem","position":1,"name":"In\u00edcio","item":"https:\/\/radioportoseguro.com.br\/site\/"},{"@type":"ListItem","position":2,"name":"Homem de 92 anos \u00e9 batizado por outros idosos em um rio: \u201cNunca \u00e9 tarde\u201d"}]},{"@type":"WebSite","@id":"https:\/\/radioportoseguro.com.br\/site\/#website","url":"https:\/\/radioportoseguro.com.br\/site\/","name":"R\u00e1dio Porto Seguro","description":"","potentialAction":[{"@type":"SearchAction","target":{"@type":"EntryPoint","urlTemplate":"https:\/\/radioportoseguro.com.br\/site\/?s={search_term_string}"},"query-input":{"@type":"PropertyValueSpecification","valueRequired":true,"valueName":"search_term_string"}}],"inLanguage":"pt-BR"},{"@type":"Person","@id":"https:\/\/radioportoseguro.com.br\/site\/#\/schema\/person\/7630acdc320186f13639d3c067ec089b","name":"admin","image":{"@type":"ImageObject","inLanguage":"pt-BR","@id":"https:\/\/radioportoseguro.com.br\/site\/#\/schema\/person\/image\/","url":"https:\/\/secure.gravatar.com\/avatar\/caacf4dc1eedb68fab0df8e1ed46c448e578b2466351bbcb61e47d2ac0caaef0?s=96&d=mm&r=g","contentUrl":"https:\/\/secure.gravatar.com\/avatar\/caacf4dc1eedb68fab0df8e1ed46c448e578b2466351bbcb61e47d2ac0caaef0?s=96&d=mm&r=g","caption":"admin"},"sameAs":["https:\/\/radioportoseguro.com.br\/site"],"url":"https:\/\/radioportoseguro.com.br\/site\/author\/hezio\/"}]}},"_links":{"self":[{"href":"https:\/\/radioportoseguro.com.br\/site\/wp-json\/wp\/v2\/posts\/5860","targetHints":{"allow":["GET"]}}],"collection":[{"href":"https:\/\/radioportoseguro.com.br\/site\/wp-json\/wp\/v2\/posts"}],"about":[{"href":"https:\/\/radioportoseguro.com.br\/site\/wp-json\/wp\/v2\/types\/post"}],"author":[{"embeddable":true,"href":"https:\/\/radioportoseguro.com.br\/site\/wp-json\/wp\/v2\/users\/1"}],"replies":[{"embeddable":true,"href":"https:\/\/radioportoseguro.com.br\/site\/wp-json\/wp\/v2\/comments?post=5860"}],"version-history":[{"count":0,"href":"https:\/\/radioportoseguro.com.br\/site\/wp-json\/wp\/v2\/posts\/5860\/revisions"}],"wp:featuredmedia":[{"embeddable":true,"href":"https:\/\/radioportoseguro.com.br\/site\/wp-json\/wp\/v2\/media\/5861"}],"wp:attachment":[{"href":"https:\/\/radioportoseguro.com.br\/site\/wp-json\/wp\/v2\/media?parent=5860"}],"wp:term":[{"taxonomy":"category","embeddable":true,"href":"https:\/\/radioportoseguro.com.br\/site\/wp-json\/wp\/v2\/categories?post=5860"},{"taxonomy":"post_tag","embeddable":true,"href":"https:\/\/radioportoseguro.com.br\/site\/wp-json\/wp\/v2\/tags?post=5860"}],"curies":[{"name":"wp","href":"https:\/\/api.w.org\/{rel}","templated":true}]}}