{"id":5866,"date":"2026-04-09T03:44:26","date_gmt":"2026-04-09T06:44:26","guid":{"rendered":"https:\/\/radioportoseguro.com.br\/site\/2026\/04\/09\/bar-no-rio-e-multado-por-discriminacao-apos-placa-cidadaos-de-israel-nao-sao-bem-vindos\/"},"modified":"2026-04-09T03:44:26","modified_gmt":"2026-04-09T06:44:26","slug":"bar-no-rio-e-multado-por-discriminacao-apos-placa-cidadaos-de-israel-nao-sao-bem-vindos","status":"publish","type":"post","link":"https:\/\/radioportoseguro.com.br\/site\/2026\/04\/09\/bar-no-rio-e-multado-por-discriminacao-apos-placa-cidadaos-de-israel-nao-sao-bem-vindos\/","title":{"rendered":"Bar no Rio \u00e9 multado por discrimina\u00e7\u00e3o ap\u00f3s placa \u201ccidad\u00e3os de Israel n\u00e3o s\u00e3o bem-vindos\u201d"},"content":{"rendered":"<p><br \/>\n<br \/><\/p>\n<div>\n<p><span style=\"font-weight: 400;\">Um bar na cidade do Rio de Janeiro foi multado por discrimina\u00e7\u00e3o ap\u00f3s exibir uma placa informando que n\u00e3o atendia <\/span><span style=\"color: #800000;\"><strong>cidad\u00e3os de Israel<\/strong><\/span><span style=\"font-weight: 400;\"> e dos Estados Unidos.<\/span><\/p>\n<p><span style=\"font-weight: 400;\">O estabelecimento colocou uma placa em sua entrada com a frase em ingl\u00eas \u201cUS e Israel citizens are not welcome\u201d (\u201cCidad\u00e3os dos EUA e de Israel n\u00e3o s\u00e3o bem-vindos\u201d).<\/span><\/p>\n<p><span style=\"font-weight: 400;\">O local, que se apresenta como \u201cambiente antifacista\u201d, chegou a publicar uma foto da placa em uma rede social.<\/span><\/p>\n<p><span style=\"font-weight: 400;\">O PROCON (Programa de Prote\u00e7\u00e3o e Defesa do Consumidor) do Rio de Janeiro considerou o aviso discriminat\u00f3rio, por restringir o acesso ao estabelecimento com base na nacionalidade.<\/span><\/p>\n<p><span style=\"font-weight: 400;\">No s\u00e1bado (4), o \u00f3rg\u00e3o puniu o bar com uma multa de 9.500 reais. O PROCON entendeu que a placa exp\u00f5e os clientes ao constrangimento e compromete princ\u00edpios da boa-f\u00e9 e transpar\u00eancia.<\/span><\/p>\n<p><span style=\"font-weight: 400;\">A Secretaria Municipal de Prote\u00e7\u00e3o e Defesa do Consumidor afirmou que a a\u00e7\u00e3o do\u00a0bar viola o C\u00f3digo do Consumidor, que pro\u00edbe recusar atender clientes sem justificativa leg\u00edtima.<\/span><\/p>\n<p><span style=\"font-weight: 400;\">O C\u00f3digo tamb\u00e9m proibe qualquer forma de discrimina\u00e7\u00e3o em estabelecimetnos comerciais abertos ao p\u00fablico e estabelece o tratamento igualitarios aos clientes, independente de origem ou nacionalidade.<\/span><\/p>\n<p><strong>Aumento do antissemitismo no Brasil<\/strong><\/p>\n<p><span style=\"font-weight: 400;\">A organiza\u00e7\u00e3o pr\u00f3-Israel StandWithUs condenou a conduta do bar e destacou que o caso aconteceu em meio ao feriado de Pessach, um dos mais importantes do calend\u00e1rio judaico.<\/span><\/p>\n<p><span style=\"font-weight: 400;\">\u201cO caso chama aten\u00e7\u00e3o para o aumento do <\/span><span style=\"color: #800000;\"><strong>antissemitismo<\/strong><\/span><span style=\"font-weight: 400;\"> no pa\u00eds, especialmente em um momento em que se discute o PL 1424\/2026, que visa estabelecer no Brasil a defini\u00e7\u00e3o de antissemitismo da Alian\u00e7a Internacional para a Mem\u00f3ria do Holocausto (IHRA)\u201d, afirmou a organiza\u00e7\u00e3o, em postagem no Instagram.<\/span><\/p>\n<p><span style=\"font-weight: 400;\">\u201cInfelizmente, casos como esse de discrimina\u00e7\u00e3o contra judeus t\u00eam se tornado cada vez mais comuns no Brasil, o que ressalta a import\u00e2ncia da nova legisla\u00e7\u00e3o\u201d.<\/span><\/p>\n<p><strong>Cabe\u00e7as de porcos em cemit\u00e9rio judaico<\/strong><\/p>\n<p><span style=\"font-weight: 400;\">Na \u00faltima sexta-feira (3), o jornal Deutsche Welle Brasil informou que cabe\u00e7as de porcos foram jogadas na frente de um cemit\u00e9rio judaico, em Porto Alegre, em um epis\u00f3dio antissemita.<\/span><\/p>\n<blockquote class=\"instagram-media\" style=\"background: #FFF; border: 0; border-radius: 3px; box-shadow: 0 0 1px 0 rgba(0,0,0,0.5),0 1px 10px 0 rgba(0,0,0,0.15); margin: 1px; max-width: 540px; min-width: 326px; padding: 0; width: calc(100% - 2px);\" data-instgrm-captioned=\"\" data-instgrm-permalink=\"https:\/\/www.instagram.com\/reel\/DWrIKCeFMCc\/?utm_source=ig_embed&amp;utm_campaign=loading\" data-instgrm-version=\"14\"><p>&#13;<br \/>\n&#13;\n<\/p><\/blockquote>\n<p><span style=\"font-weight: 400;\">Casos semelhantes de profana\u00e7\u00e3o j\u00e1 foram registrados em outros pa\u00edses. Em 2008, cabe\u00e7as de porco foram deixadas na entrada de um cemit\u00e9rio judaico em Gotha, na Alemanha.<\/span><\/p>\n<p><span style=\"font-weight: 400;\">Em 2014, caixas com cabe\u00e7as de porcos tamb\u00e9m foram deixadas em locais judaicos de Roma, na It\u00e1lia: na principal sinagoga da cidade, na embaixada de Israel e em um museu sobre o Holocausto.<\/span><\/p>\n<p><span style=\"font-weight: 400;\">Um novo relat\u00f3rio da Confedera\u00e7\u00e3o Israelita do Brasil (Conib), divulgado em mar\u00e7o, informou que o <\/span><span style=\"color: #800000;\"><strong>antissemitismo no pa\u00eds aumentou 150%<\/strong><\/span><span style=\"font-weight: 400;\"> desde 2022.<\/span><\/p>\n<p><span style=\"font-weight: 400;\">Em 2025, 989 casos de antissemitismo foram registradas. De acordo com o documento, a maior parte dos casos (800) aconteceu no ambiente digital e 189 foram offline. As plataformas onde mais ocorreram os epis\u00f3dios de \u00f3dio foram: Instagram (37%), X (13,8%) e Facebook (11,6%).\u00a0<\/span><\/p>\n<p><span style=\"font-weight: 400;\">Conte\u00fados antissemitas tamb\u00e9m foram divulgados no YouTube, WhatsApp e outras plataformas.<\/span><\/p>\n<\/div>\n<p><script async src=\"\/\/www.instagram.com\/embed.js\"><\/script><br \/>\n<br \/><br \/>\n<br \/>Fonte: Guiame <\/p>\n","protected":false},"excerpt":{"rendered":"<p>Um bar na cidade do Rio de Janeiro foi multado por discrimina\u00e7\u00e3o ap\u00f3s exibir uma placa informando que n\u00e3o atendia cidad\u00e3os de Israel e dos Estados Unidos. O estabelecimento colocou uma placa em sua entrada com a frase em ingl\u00eas \u201cUS e Israel citizens are not welcome\u201d (\u201cCidad\u00e3os dos EUA e de Israel n\u00e3o s\u00e3o [&hellip;]<\/p>\n","protected":false},"author":1,"featured_media":5867,"comment_status":"","ping_status":"open","sticky":false,"template":"","format":"standard","meta":{"footnotes":""},"categories":[43],"tags":[],"class_list":["post-5866","post","type-post","status-publish","format-standard","has-post-thumbnail","hentry","category-destaques"],"yoast_head":"<!-- This site is optimized with the Yoast SEO plugin v26.8 - https:\/\/yoast.com\/product\/yoast-seo-wordpress\/ -->\n<title>Bar no Rio \u00e9 multado por discrimina\u00e7\u00e3o ap\u00f3s placa \u201ccidad\u00e3os de Israel n\u00e3o s\u00e3o bem-vindos\u201d - R\u00e1dio Porto Seguro<\/title>\n<meta name=\"robots\" content=\"index, follow, max-snippet:-1, max-image-preview:large, max-video-preview:-1\" \/>\n<link rel=\"canonical\" href=\"https:\/\/radioportoseguro.com.br\/site\/2026\/04\/09\/bar-no-rio-e-multado-por-discriminacao-apos-placa-cidadaos-de-israel-nao-sao-bem-vindos\/\" \/>\n<meta property=\"og:locale\" content=\"pt_BR\" \/>\n<meta property=\"og:type\" content=\"article\" \/>\n<meta property=\"og:title\" content=\"Bar no Rio \u00e9 multado por discrimina\u00e7\u00e3o ap\u00f3s placa \u201ccidad\u00e3os de Israel n\u00e3o s\u00e3o bem-vindos\u201d - R\u00e1dio Porto Seguro\" \/>\n<meta property=\"og:description\" content=\"Um bar na cidade do Rio de Janeiro foi multado por discrimina\u00e7\u00e3o ap\u00f3s exibir uma placa informando que n\u00e3o atendia cidad\u00e3os de Israel e dos Estados Unidos. O estabelecimento colocou uma placa em sua entrada com a frase em ingl\u00eas \u201cUS e Israel citizens are not welcome\u201d (\u201cCidad\u00e3os dos EUA e de Israel n\u00e3o s\u00e3o [&hellip;]\" \/>\n<meta property=\"og:url\" content=\"https:\/\/radioportoseguro.com.br\/site\/2026\/04\/09\/bar-no-rio-e-multado-por-discriminacao-apos-placa-cidadaos-de-israel-nao-sao-bem-vindos\/\" \/>\n<meta property=\"og:site_name\" content=\"R\u00e1dio Porto Seguro\" \/>\n<meta property=\"article:published_time\" content=\"2026-04-09T06:44:26+00:00\" \/>\n<meta property=\"og:image\" content=\"https:\/\/media.guiame.com.br\/archives\/2026\/04\/07\/3126127197-bar-partisan.webp\" \/>\n<meta name=\"author\" content=\"admin\" \/>\n<meta name=\"twitter:card\" content=\"summary_large_image\" \/>\n<meta name=\"twitter:label1\" content=\"Escrito por\" \/>\n\t<meta name=\"twitter:data1\" content=\"admin\" \/>\n\t<meta name=\"twitter:label2\" content=\"Est. tempo de leitura\" \/>\n\t<meta name=\"twitter:data2\" content=\"3 minutos\" \/>\n<script type=\"application\/ld+json\" class=\"yoast-schema-graph\">{\"@context\":\"https:\/\/schema.org\",\"@graph\":[{\"@type\":\"Article\",\"@id\":\"https:\/\/radioportoseguro.com.br\/site\/2026\/04\/09\/bar-no-rio-e-multado-por-discriminacao-apos-placa-cidadaos-de-israel-nao-sao-bem-vindos\/#article\",\"isPartOf\":{\"@id\":\"https:\/\/radioportoseguro.com.br\/site\/2026\/04\/09\/bar-no-rio-e-multado-por-discriminacao-apos-placa-cidadaos-de-israel-nao-sao-bem-vindos\/\"},\"author\":{\"name\":\"admin\",\"@id\":\"https:\/\/radioportoseguro.com.br\/site\/#\/schema\/person\/7630acdc320186f13639d3c067ec089b\"},\"headline\":\"Bar no Rio \u00e9 multado por discrimina\u00e7\u00e3o ap\u00f3s placa \u201ccidad\u00e3os de Israel n\u00e3o s\u00e3o bem-vindos\u201d\",\"datePublished\":\"2026-04-09T06:44:26+00:00\",\"mainEntityOfPage\":{\"@id\":\"https:\/\/radioportoseguro.com.br\/site\/2026\/04\/09\/bar-no-rio-e-multado-por-discriminacao-apos-placa-cidadaos-de-israel-nao-sao-bem-vindos\/\"},\"wordCount\":529,\"image\":{\"@id\":\"https:\/\/radioportoseguro.com.br\/site\/2026\/04\/09\/bar-no-rio-e-multado-por-discriminacao-apos-placa-cidadaos-de-israel-nao-sao-bem-vindos\/#primaryimage\"},\"thumbnailUrl\":\"https:\/\/radioportoseguro.com.br\/site\/wp-content\/uploads\/2026\/04\/3126127197-bar-partisan.webp.webp\",\"articleSection\":[\"Destaques\"],\"inLanguage\":\"pt-BR\"},{\"@type\":\"WebPage\",\"@id\":\"https:\/\/radioportoseguro.com.br\/site\/2026\/04\/09\/bar-no-rio-e-multado-por-discriminacao-apos-placa-cidadaos-de-israel-nao-sao-bem-vindos\/\",\"url\":\"https:\/\/radioportoseguro.com.br\/site\/2026\/04\/09\/bar-no-rio-e-multado-por-discriminacao-apos-placa-cidadaos-de-israel-nao-sao-bem-vindos\/\",\"name\":\"Bar no Rio \u00e9 multado por discrimina\u00e7\u00e3o ap\u00f3s placa \u201ccidad\u00e3os de Israel n\u00e3o s\u00e3o bem-vindos\u201d - R\u00e1dio Porto Seguro\",\"isPartOf\":{\"@id\":\"https:\/\/radioportoseguro.com.br\/site\/#website\"},\"primaryImageOfPage\":{\"@id\":\"https:\/\/radioportoseguro.com.br\/site\/2026\/04\/09\/bar-no-rio-e-multado-por-discriminacao-apos-placa-cidadaos-de-israel-nao-sao-bem-vindos\/#primaryimage\"},\"image\":{\"@id\":\"https:\/\/radioportoseguro.com.br\/site\/2026\/04\/09\/bar-no-rio-e-multado-por-discriminacao-apos-placa-cidadaos-de-israel-nao-sao-bem-vindos\/#primaryimage\"},\"thumbnailUrl\":\"https:\/\/radioportoseguro.com.br\/site\/wp-content\/uploads\/2026\/04\/3126127197-bar-partisan.webp.webp\",\"datePublished\":\"2026-04-09T06:44:26+00:00\",\"author\":{\"@id\":\"https:\/\/radioportoseguro.com.br\/site\/#\/schema\/person\/7630acdc320186f13639d3c067ec089b\"},\"breadcrumb\":{\"@id\":\"https:\/\/radioportoseguro.com.br\/site\/2026\/04\/09\/bar-no-rio-e-multado-por-discriminacao-apos-placa-cidadaos-de-israel-nao-sao-bem-vindos\/#breadcrumb\"},\"inLanguage\":\"pt-BR\",\"potentialAction\":[{\"@type\":\"ReadAction\",\"target\":[\"https:\/\/radioportoseguro.com.br\/site\/2026\/04\/09\/bar-no-rio-e-multado-por-discriminacao-apos-placa-cidadaos-de-israel-nao-sao-bem-vindos\/\"]}]},{\"@type\":\"ImageObject\",\"inLanguage\":\"pt-BR\",\"@id\":\"https:\/\/radioportoseguro.com.br\/site\/2026\/04\/09\/bar-no-rio-e-multado-por-discriminacao-apos-placa-cidadaos-de-israel-nao-sao-bem-vindos\/#primaryimage\",\"url\":\"https:\/\/radioportoseguro.com.br\/site\/wp-content\/uploads\/2026\/04\/3126127197-bar-partisan.webp.webp\",\"contentUrl\":\"https:\/\/radioportoseguro.com.br\/site\/wp-content\/uploads\/2026\/04\/3126127197-bar-partisan.webp.webp\",\"width\":1200,\"height\":600},{\"@type\":\"BreadcrumbList\",\"@id\":\"https:\/\/radioportoseguro.com.br\/site\/2026\/04\/09\/bar-no-rio-e-multado-por-discriminacao-apos-placa-cidadaos-de-israel-nao-sao-bem-vindos\/#breadcrumb\",\"itemListElement\":[{\"@type\":\"ListItem\",\"position\":1,\"name\":\"In\u00edcio\",\"item\":\"https:\/\/radioportoseguro.com.br\/site\/\"},{\"@type\":\"ListItem\",\"position\":2,\"name\":\"Bar no Rio \u00e9 multado por discrimina\u00e7\u00e3o ap\u00f3s placa \u201ccidad\u00e3os de Israel n\u00e3o s\u00e3o bem-vindos\u201d\"}]},{\"@type\":\"WebSite\",\"@id\":\"https:\/\/radioportoseguro.com.br\/site\/#website\",\"url\":\"https:\/\/radioportoseguro.com.br\/site\/\",\"name\":\"R\u00e1dio Porto Seguro\",\"description\":\"\",\"potentialAction\":[{\"@type\":\"SearchAction\",\"target\":{\"@type\":\"EntryPoint\",\"urlTemplate\":\"https:\/\/radioportoseguro.com.br\/site\/?s={search_term_string}\"},\"query-input\":{\"@type\":\"PropertyValueSpecification\",\"valueRequired\":true,\"valueName\":\"search_term_string\"}}],\"inLanguage\":\"pt-BR\"},{\"@type\":\"Person\",\"@id\":\"https:\/\/radioportoseguro.com.br\/site\/#\/schema\/person\/7630acdc320186f13639d3c067ec089b\",\"name\":\"admin\",\"image\":{\"@type\":\"ImageObject\",\"inLanguage\":\"pt-BR\",\"@id\":\"https:\/\/radioportoseguro.com.br\/site\/#\/schema\/person\/image\/\",\"url\":\"https:\/\/secure.gravatar.com\/avatar\/caacf4dc1eedb68fab0df8e1ed46c448e578b2466351bbcb61e47d2ac0caaef0?s=96&d=mm&r=g\",\"contentUrl\":\"https:\/\/secure.gravatar.com\/avatar\/caacf4dc1eedb68fab0df8e1ed46c448e578b2466351bbcb61e47d2ac0caaef0?s=96&d=mm&r=g\",\"caption\":\"admin\"},\"sameAs\":[\"https:\/\/radioportoseguro.com.br\/site\"],\"url\":\"https:\/\/radioportoseguro.com.br\/site\/author\/hezio\/\"}]}<\/script>\n<!-- \/ Yoast SEO plugin. -->","yoast_head_json":{"title":"Bar no Rio \u00e9 multado por discrimina\u00e7\u00e3o ap\u00f3s placa \u201ccidad\u00e3os de Israel n\u00e3o s\u00e3o bem-vindos\u201d - R\u00e1dio Porto Seguro","robots":{"index":"index","follow":"follow","max-snippet":"max-snippet:-1","max-image-preview":"max-image-preview:large","max-video-preview":"max-video-preview:-1"},"canonical":"https:\/\/radioportoseguro.com.br\/site\/2026\/04\/09\/bar-no-rio-e-multado-por-discriminacao-apos-placa-cidadaos-de-israel-nao-sao-bem-vindos\/","og_locale":"pt_BR","og_type":"article","og_title":"Bar no Rio \u00e9 multado por discrimina\u00e7\u00e3o ap\u00f3s placa \u201ccidad\u00e3os de Israel n\u00e3o s\u00e3o bem-vindos\u201d - R\u00e1dio Porto Seguro","og_description":"Um bar na cidade do Rio de Janeiro foi multado por discrimina\u00e7\u00e3o ap\u00f3s exibir uma placa informando que n\u00e3o atendia cidad\u00e3os de Israel e dos Estados Unidos. O estabelecimento colocou uma placa em sua entrada com a frase em ingl\u00eas \u201cUS e Israel citizens are not welcome\u201d (\u201cCidad\u00e3os dos EUA e de Israel n\u00e3o s\u00e3o [&hellip;]","og_url":"https:\/\/radioportoseguro.com.br\/site\/2026\/04\/09\/bar-no-rio-e-multado-por-discriminacao-apos-placa-cidadaos-de-israel-nao-sao-bem-vindos\/","og_site_name":"R\u00e1dio Porto Seguro","article_published_time":"2026-04-09T06:44:26+00:00","og_image":[{"url":"https:\/\/media.guiame.com.br\/archives\/2026\/04\/07\/3126127197-bar-partisan.webp","type":"","width":"","height":""}],"author":"admin","twitter_card":"summary_large_image","twitter_misc":{"Escrito por":"admin","Est. tempo de leitura":"3 minutos"},"schema":{"@context":"https:\/\/schema.org","@graph":[{"@type":"Article","@id":"https:\/\/radioportoseguro.com.br\/site\/2026\/04\/09\/bar-no-rio-e-multado-por-discriminacao-apos-placa-cidadaos-de-israel-nao-sao-bem-vindos\/#article","isPartOf":{"@id":"https:\/\/radioportoseguro.com.br\/site\/2026\/04\/09\/bar-no-rio-e-multado-por-discriminacao-apos-placa-cidadaos-de-israel-nao-sao-bem-vindos\/"},"author":{"name":"admin","@id":"https:\/\/radioportoseguro.com.br\/site\/#\/schema\/person\/7630acdc320186f13639d3c067ec089b"},"headline":"Bar no Rio \u00e9 multado por discrimina\u00e7\u00e3o ap\u00f3s placa \u201ccidad\u00e3os de Israel n\u00e3o s\u00e3o bem-vindos\u201d","datePublished":"2026-04-09T06:44:26+00:00","mainEntityOfPage":{"@id":"https:\/\/radioportoseguro.com.br\/site\/2026\/04\/09\/bar-no-rio-e-multado-por-discriminacao-apos-placa-cidadaos-de-israel-nao-sao-bem-vindos\/"},"wordCount":529,"image":{"@id":"https:\/\/radioportoseguro.com.br\/site\/2026\/04\/09\/bar-no-rio-e-multado-por-discriminacao-apos-placa-cidadaos-de-israel-nao-sao-bem-vindos\/#primaryimage"},"thumbnailUrl":"https:\/\/radioportoseguro.com.br\/site\/wp-content\/uploads\/2026\/04\/3126127197-bar-partisan.webp.webp","articleSection":["Destaques"],"inLanguage":"pt-BR"},{"@type":"WebPage","@id":"https:\/\/radioportoseguro.com.br\/site\/2026\/04\/09\/bar-no-rio-e-multado-por-discriminacao-apos-placa-cidadaos-de-israel-nao-sao-bem-vindos\/","url":"https:\/\/radioportoseguro.com.br\/site\/2026\/04\/09\/bar-no-rio-e-multado-por-discriminacao-apos-placa-cidadaos-de-israel-nao-sao-bem-vindos\/","name":"Bar no Rio \u00e9 multado por discrimina\u00e7\u00e3o ap\u00f3s placa \u201ccidad\u00e3os de Israel n\u00e3o s\u00e3o bem-vindos\u201d - R\u00e1dio Porto Seguro","isPartOf":{"@id":"https:\/\/radioportoseguro.com.br\/site\/#website"},"primaryImageOfPage":{"@id":"https:\/\/radioportoseguro.com.br\/site\/2026\/04\/09\/bar-no-rio-e-multado-por-discriminacao-apos-placa-cidadaos-de-israel-nao-sao-bem-vindos\/#primaryimage"},"image":{"@id":"https:\/\/radioportoseguro.com.br\/site\/2026\/04\/09\/bar-no-rio-e-multado-por-discriminacao-apos-placa-cidadaos-de-israel-nao-sao-bem-vindos\/#primaryimage"},"thumbnailUrl":"https:\/\/radioportoseguro.com.br\/site\/wp-content\/uploads\/2026\/04\/3126127197-bar-partisan.webp.webp","datePublished":"2026-04-09T06:44:26+00:00","author":{"@id":"https:\/\/radioportoseguro.com.br\/site\/#\/schema\/person\/7630acdc320186f13639d3c067ec089b"},"breadcrumb":{"@id":"https:\/\/radioportoseguro.com.br\/site\/2026\/04\/09\/bar-no-rio-e-multado-por-discriminacao-apos-placa-cidadaos-de-israel-nao-sao-bem-vindos\/#breadcrumb"},"inLanguage":"pt-BR","potentialAction":[{"@type":"ReadAction","target":["https:\/\/radioportoseguro.com.br\/site\/2026\/04\/09\/bar-no-rio-e-multado-por-discriminacao-apos-placa-cidadaos-de-israel-nao-sao-bem-vindos\/"]}]},{"@type":"ImageObject","inLanguage":"pt-BR","@id":"https:\/\/radioportoseguro.com.br\/site\/2026\/04\/09\/bar-no-rio-e-multado-por-discriminacao-apos-placa-cidadaos-de-israel-nao-sao-bem-vindos\/#primaryimage","url":"https:\/\/radioportoseguro.com.br\/site\/wp-content\/uploads\/2026\/04\/3126127197-bar-partisan.webp.webp","contentUrl":"https:\/\/radioportoseguro.com.br\/site\/wp-content\/uploads\/2026\/04\/3126127197-bar-partisan.webp.webp","width":1200,"height":600},{"@type":"BreadcrumbList","@id":"https:\/\/radioportoseguro.com.br\/site\/2026\/04\/09\/bar-no-rio-e-multado-por-discriminacao-apos-placa-cidadaos-de-israel-nao-sao-bem-vindos\/#breadcrumb","itemListElement":[{"@type":"ListItem","position":1,"name":"In\u00edcio","item":"https:\/\/radioportoseguro.com.br\/site\/"},{"@type":"ListItem","position":2,"name":"Bar no Rio \u00e9 multado por discrimina\u00e7\u00e3o ap\u00f3s placa \u201ccidad\u00e3os de Israel n\u00e3o s\u00e3o bem-vindos\u201d"}]},{"@type":"WebSite","@id":"https:\/\/radioportoseguro.com.br\/site\/#website","url":"https:\/\/radioportoseguro.com.br\/site\/","name":"R\u00e1dio Porto Seguro","description":"","potentialAction":[{"@type":"SearchAction","target":{"@type":"EntryPoint","urlTemplate":"https:\/\/radioportoseguro.com.br\/site\/?s={search_term_string}"},"query-input":{"@type":"PropertyValueSpecification","valueRequired":true,"valueName":"search_term_string"}}],"inLanguage":"pt-BR"},{"@type":"Person","@id":"https:\/\/radioportoseguro.com.br\/site\/#\/schema\/person\/7630acdc320186f13639d3c067ec089b","name":"admin","image":{"@type":"ImageObject","inLanguage":"pt-BR","@id":"https:\/\/radioportoseguro.com.br\/site\/#\/schema\/person\/image\/","url":"https:\/\/secure.gravatar.com\/avatar\/caacf4dc1eedb68fab0df8e1ed46c448e578b2466351bbcb61e47d2ac0caaef0?s=96&d=mm&r=g","contentUrl":"https:\/\/secure.gravatar.com\/avatar\/caacf4dc1eedb68fab0df8e1ed46c448e578b2466351bbcb61e47d2ac0caaef0?s=96&d=mm&r=g","caption":"admin"},"sameAs":["https:\/\/radioportoseguro.com.br\/site"],"url":"https:\/\/radioportoseguro.com.br\/site\/author\/hezio\/"}]}},"_links":{"self":[{"href":"https:\/\/radioportoseguro.com.br\/site\/wp-json\/wp\/v2\/posts\/5866","targetHints":{"allow":["GET"]}}],"collection":[{"href":"https:\/\/radioportoseguro.com.br\/site\/wp-json\/wp\/v2\/posts"}],"about":[{"href":"https:\/\/radioportoseguro.com.br\/site\/wp-json\/wp\/v2\/types\/post"}],"author":[{"embeddable":true,"href":"https:\/\/radioportoseguro.com.br\/site\/wp-json\/wp\/v2\/users\/1"}],"replies":[{"embeddable":true,"href":"https:\/\/radioportoseguro.com.br\/site\/wp-json\/wp\/v2\/comments?post=5866"}],"version-history":[{"count":0,"href":"https:\/\/radioportoseguro.com.br\/site\/wp-json\/wp\/v2\/posts\/5866\/revisions"}],"wp:featuredmedia":[{"embeddable":true,"href":"https:\/\/radioportoseguro.com.br\/site\/wp-json\/wp\/v2\/media\/5867"}],"wp:attachment":[{"href":"https:\/\/radioportoseguro.com.br\/site\/wp-json\/wp\/v2\/media?parent=5866"}],"wp:term":[{"taxonomy":"category","embeddable":true,"href":"https:\/\/radioportoseguro.com.br\/site\/wp-json\/wp\/v2\/categories?post=5866"},{"taxonomy":"post_tag","embeddable":true,"href":"https:\/\/radioportoseguro.com.br\/site\/wp-json\/wp\/v2\/tags?post=5866"}],"curies":[{"name":"wp","href":"https:\/\/api.w.org\/{rel}","templated":true}]}}