{"id":5872,"date":"2026-04-09T07:49:03","date_gmt":"2026-04-09T10:49:03","guid":{"rendered":"https:\/\/radioportoseguro.com.br\/site\/2026\/04\/09\/jornalista-esportivo-e-esposa-sao-batizados-em-igreja-em-sp-nossa-melhor-decisao\/"},"modified":"2026-04-09T07:49:03","modified_gmt":"2026-04-09T10:49:03","slug":"jornalista-esportivo-e-esposa-sao-batizados-em-igreja-em-sp-nossa-melhor-decisao","status":"publish","type":"post","link":"https:\/\/radioportoseguro.com.br\/site\/2026\/04\/09\/jornalista-esportivo-e-esposa-sao-batizados-em-igreja-em-sp-nossa-melhor-decisao\/","title":{"rendered":"Jornalista esportivo e esposa s\u00e3o batizados em igreja em SP: \u201cNossa melhor decis\u00e3o\u201d"},"content":{"rendered":"<p><br \/>\n<br \/><\/p>\n<div>\n<p><span style=\"font-weight: 400;\">No \u00faltimo domingo (5), o jornalista esportivo Jorge Iggor testemunhou sua nova vida em Cristo ao se batizar com a esposa, durante a P\u00e1scoa, em uma igreja em S\u00e3o Paulo.<\/span><\/p>\n<p><span style=\"font-weight: 400;\">O <\/span><strong><span style=\"color: #993300;\">batismo<\/span> <\/strong><span style=\"font-weight: 400;\">ocorreu na igreja Hillsong Sa\u0303o Paulo, onde Jorge e sua esposa, Paola Collaro, afirmaram publicamente sua f\u00e9 em Jesus ao descer \u00e0s \u00e1guas.<\/span><\/p>\n<p><span style=\"font-weight: 400;\">Jorge, que atua como narrador do Grupo Globo e \u00e9 a principal voz do canal ge TV, compartilhou imagens do batismo em suas redes sociais e declarou:<\/span><\/p>\n<p><span style=\"font-weight: 400;\">\u201cHoje vivi um dos momentos mais marcantes da minha vida: o meu batismo\u201d. Segundo ele, desde a inf\u00e2ncia, aprendeu princ\u00edpios crist\u00e3os. Por\u00e9m, somente na fase adulta desenvolveu um relacionamento \u00edntimo com Deus, que foi fortalecido ap\u00f3s se envolver na igreja.<\/span><\/p>\n<p><span style=\"font-weight: 400;\">\u201cA Paola esteve ao meu lado em todo esse processo. No in\u00edcio, houve resist\u00eancia \u00e0 ideia de nos aprofundarmos mais na f\u00e9, mas Deus trabalhou de forma linda no cora\u00e7\u00e3o dela. E, para a gl\u00f3ria Dele, foi ela quem me incentivou a darmos esse passo t\u00e3o importante: nos batizarmos\u201d, afirmou Jorge.<\/span><\/p>\n<p><span style=\"font-weight: 400;\">\u201cQue este dia fique marcado para sempre como s\u00edmbolo de f\u00e9, entrega, recome\u00e7o e transforma\u00e7\u00e3o. Toda honra e toda gl\u00f3ria sejam dadas ao Senhor\u201d, acrescentou.\u00a0<\/span><\/p>\n<blockquote class=\"instagram-media\" style=\"background: #FFF; border: 0; border-radius: 3px; box-shadow: 0 0 1px 0 rgba(0,0,0,0.5),0 1px 10px 0 rgba(0,0,0,0.15); margin: 1px; max-width: 540px; min-width: 326px; padding: 0; width: calc(100% - 2px);\" data-instgrm-permalink=\"https:\/\/www.instagram.com\/p\/DWxY_Q8DH6n\/?utm_source=ig_embed&amp;utm_campaign=loading\" data-instgrm-version=\"14\"><p>&#13;<br \/>\n&#13;\n<\/p><\/blockquote>\n<p><span style=\"font-weight: 400;\">J\u00e1 a esposa, Paola, afirmou que, h\u00e1 um tempo, n\u00e3o acreditaria que viveria aquele momento:\u00a0<\/span><span style=\"font-weight: 400;\">\u201cMinha resist\u00eancia era grande, mas o amor de Jesus foi maior. Ele me mostrou que ter f\u00e9 n\u00e3o \u00e9 sobre ter todas as respostas, mas sobre confiar em quem tem o controle de tudo\u201d.\u00a0<\/span><\/p>\n<p><span style=\"font-weight: 400;\">E continuou: \u201cHoje meu cora\u00e7\u00e3o transborda uma paz que eu nunca imaginei sentir. O melhor sim da minha vida! Me rendo a Ti\u201d.<\/span><\/p>\n<p><span style=\"font-weight: 400;\">\u201cA melhor decis\u00e3o das nossas vidas foi a de seguir ao Senhor. Obrigado por estar comigo nessa jornada de f\u00e9 e em todos os projetos da minha vida. Te amo\u201d, acrescentou Jorge.<\/span><\/p>\n<p><strong>\u2018Deus transformou nosso casamento\u2019<\/strong><\/p>\n<p><span style=\"font-weight: 400;\">Depois que se renderam intencionalmente a Jesus, o casal experimentou uma <\/span><span style=\"color: #993300;\"><strong>transforma\u00e7\u00e3o no casamento<\/strong><\/span><span style=\"font-weight: 400;\">.<\/span><\/p>\n<p><span style=\"font-weight: 400;\">\u201cDeus transformou completamente a nossa uni\u00e3o. Nosso casamento, de mais de 20 anos, foi restaurado, fortalecido e tomou o rumo certo debaixo da vontade do Senhor. Hoje, olhamos para a nossa hist\u00f3ria e vemos claramente o agir de Deus em cada detalhe, nos curando, nos alinhando e nos conduzindo para o prop\u00f3sito Dele\u201d, afirmou Jorge.<\/span><\/p>\n<p><span style=\"font-weight: 400;\">E continuou: \u201cSou imensamente grato a Deus por esse dia, por esse novo tempo e por todas as b\u00ean\u00e7\u00e3os e conquistas que temos recebido em nossas vidas, especialmente do ano passado para c\u00e1. Tudo vem Dele, tudo \u00e9 por Ele e tudo \u00e9 para Ele\u201d.<\/span><\/p>\n<p><span style=\"font-weight: 400;\">Jorge tamb\u00e9m agradeceu aos pastores Rafael Bitencourt e Marina Rehder Bitencourt pelo cuidado durante o processo de transforma\u00e7\u00e3o do casal e a toda a igreja Hillsong.<\/span><\/p>\n<blockquote class=\"instagram-media\" style=\"background: #FFF; border: 0; border-radius: 3px; box-shadow: 0 0 1px 0 rgba(0,0,0,0.5),0 1px 10px 0 rgba(0,0,0,0.15); margin: 1px; max-width: 540px; min-width: 326px; padding: 0; width: calc(100% - 2px);\" data-instgrm-permalink=\"https:\/\/www.instagram.com\/p\/DWxciVMDZDX\/?utm_source=ig_embed&amp;utm_campaign=loading\" data-instgrm-version=\"14\"><p>&#13;<br \/>\n&#13;\n<\/p><\/blockquote>\n<p><span style=\"font-weight: 400;\">Paola relatou que cresceu com uma vis\u00e3o distorcida sobre o amor, marcada por gritos, trai\u00e7\u00f5es e falta de carinho. Segundo ela, por muito tempo enfrentou inseguran\u00e7as profundas, sentindo-se rejeitada e levando esse peso para dentro do casamento.<\/span><\/p>\n<p><span style=\"font-weight: 400;\">\u201cMeu marido pedia aten\u00e7\u00e3o, pedia amor. E eu me escondia atr\u00e1s de uma armadura. Dizia que \u2018n\u00e3o era grudenta\u2019, que \u2018meu jeito era esse e ele que aceitasse\u2019. Foram anos de brigas, de uma rela\u00e7\u00e3o arrastada por um fio, um fio que eu achava que ia arrebentar a qualquer momento\u201d, contou ela.<\/span><\/p>\n<p><span style=\"font-weight: 400;\">Ent\u00e3o, em janeiro de 2024, o casal foi conduzido por Deus at\u00e9 a Hillsong: \u201cL\u00e1, sem que eu percebesse o momento exato, Ele plantou uma semente. Eu precisei sentir um \u2018nojo\u2019 de quem eu tinha me tornado para finalmente deixar o Senhor me resgatar\u201d.\u00a0<\/span><\/p>\n<p><span style=\"font-weight: 400;\">\u201cTudo mudou. O lar que era guerra virou paz. O corpo que eu desprezava, comecei a cuidar. Mas Deus queria mais Ele queria que a minha maior dor virasse o meu maior prop\u00f3sito. Ele me mostrou que traumas mal curados roubam a nossa capacidade de amar e de confiar. Encontrei a minha pr\u00f3pria identidade\u201d, acrescentou.<\/span><\/p>\n<p><span style=\"font-weight: 400;\">Hoje, ao olhar para a fam\u00edlia, Paola afirma ter encontrado seu prop\u00f3sito: \u201cEu olho para o Gustavo, meu filho, um homem digno, e para a minha Carolzinha, que cresce com a autoestima que eu n\u00e3o tive e eu sei: Sim, eu sirvo para algo grandioso.\u00a0 Eu fui transformada para transformar\u201d.<\/span><\/p>\n<\/div>\n<p><script async src=\"\/\/www.instagram.com\/embed.js\"><\/script><br \/>\n<br \/><br \/>\n<br \/>Fonte: Guiame <\/p>\n","protected":false},"excerpt":{"rendered":"<p>No \u00faltimo domingo (5), o jornalista esportivo Jorge Iggor testemunhou sua nova vida em Cristo ao se batizar com a esposa, durante a P\u00e1scoa, em uma igreja em S\u00e3o Paulo. O batismo ocorreu na igreja Hillsong Sa\u0303o Paulo, onde Jorge e sua esposa, Paola Collaro, afirmaram publicamente sua f\u00e9 em Jesus ao descer \u00e0s \u00e1guas. [&hellip;]<\/p>\n","protected":false},"author":1,"featured_media":5873,"comment_status":"","ping_status":"open","sticky":false,"template":"","format":"standard","meta":{"footnotes":""},"categories":[43],"tags":[],"class_list":["post-5872","post","type-post","status-publish","format-standard","has-post-thumbnail","hentry","category-destaques"],"yoast_head":"<!-- This site is optimized with the Yoast SEO plugin v26.8 - https:\/\/yoast.com\/product\/yoast-seo-wordpress\/ -->\n<title>Jornalista esportivo e esposa s\u00e3o batizados em igreja em SP: \u201cNossa melhor decis\u00e3o\u201d - R\u00e1dio Porto Seguro<\/title>\n<meta name=\"robots\" content=\"index, follow, max-snippet:-1, max-image-preview:large, max-video-preview:-1\" \/>\n<link rel=\"canonical\" href=\"https:\/\/radioportoseguro.com.br\/site\/2026\/04\/09\/jornalista-esportivo-e-esposa-sao-batizados-em-igreja-em-sp-nossa-melhor-decisao\/\" \/>\n<meta property=\"og:locale\" content=\"pt_BR\" \/>\n<meta property=\"og:type\" content=\"article\" \/>\n<meta property=\"og:title\" content=\"Jornalista esportivo e esposa s\u00e3o batizados em igreja em SP: \u201cNossa melhor decis\u00e3o\u201d - R\u00e1dio Porto Seguro\" \/>\n<meta property=\"og:description\" content=\"No \u00faltimo domingo (5), o jornalista esportivo Jorge Iggor testemunhou sua nova vida em Cristo ao se batizar com a esposa, durante a P\u00e1scoa, em uma igreja em S\u00e3o Paulo. O batismo ocorreu na igreja Hillsong Sa\u0303o Paulo, onde Jorge e sua esposa, Paola Collaro, afirmaram publicamente sua f\u00e9 em Jesus ao descer \u00e0s \u00e1guas. [&hellip;]\" \/>\n<meta property=\"og:url\" content=\"https:\/\/radioportoseguro.com.br\/site\/2026\/04\/09\/jornalista-esportivo-e-esposa-sao-batizados-em-igreja-em-sp-nossa-melhor-decisao\/\" \/>\n<meta property=\"og:site_name\" content=\"R\u00e1dio Porto Seguro\" \/>\n<meta property=\"article:published_time\" content=\"2026-04-09T10:49:03+00:00\" \/>\n<meta property=\"og:image\" content=\"https:\/\/media.guiame.com.br\/archives\/2026\/04\/07\/1736085587-jorge-e-paola-foram-batizados-na-igreja-hillsong-sao-paulo.jpeg\" \/>\n<meta name=\"author\" content=\"admin\" \/>\n<meta name=\"twitter:card\" content=\"summary_large_image\" \/>\n<meta name=\"twitter:label1\" content=\"Escrito por\" \/>\n\t<meta name=\"twitter:data1\" content=\"admin\" \/>\n\t<meta name=\"twitter:label2\" content=\"Est. tempo de leitura\" \/>\n\t<meta name=\"twitter:data2\" content=\"4 minutos\" \/>\n<script type=\"application\/ld+json\" class=\"yoast-schema-graph\">{\"@context\":\"https:\/\/schema.org\",\"@graph\":[{\"@type\":\"Article\",\"@id\":\"https:\/\/radioportoseguro.com.br\/site\/2026\/04\/09\/jornalista-esportivo-e-esposa-sao-batizados-em-igreja-em-sp-nossa-melhor-decisao\/#article\",\"isPartOf\":{\"@id\":\"https:\/\/radioportoseguro.com.br\/site\/2026\/04\/09\/jornalista-esportivo-e-esposa-sao-batizados-em-igreja-em-sp-nossa-melhor-decisao\/\"},\"author\":{\"name\":\"admin\",\"@id\":\"https:\/\/radioportoseguro.com.br\/site\/#\/schema\/person\/7630acdc320186f13639d3c067ec089b\"},\"headline\":\"Jornalista esportivo e esposa s\u00e3o batizados em igreja em SP: \u201cNossa melhor decis\u00e3o\u201d\",\"datePublished\":\"2026-04-09T10:49:03+00:00\",\"mainEntityOfPage\":{\"@id\":\"https:\/\/radioportoseguro.com.br\/site\/2026\/04\/09\/jornalista-esportivo-e-esposa-sao-batizados-em-igreja-em-sp-nossa-melhor-decisao\/\"},\"wordCount\":738,\"image\":{\"@id\":\"https:\/\/radioportoseguro.com.br\/site\/2026\/04\/09\/jornalista-esportivo-e-esposa-sao-batizados-em-igreja-em-sp-nossa-melhor-decisao\/#primaryimage\"},\"thumbnailUrl\":\"https:\/\/radioportoseguro.com.br\/site\/wp-content\/uploads\/2026\/04\/1736085587-jorge-e-paola-foram-batizados-na-igreja-hillsong-sao-paulo.jpeg\",\"articleSection\":[\"Destaques\"],\"inLanguage\":\"pt-BR\"},{\"@type\":\"WebPage\",\"@id\":\"https:\/\/radioportoseguro.com.br\/site\/2026\/04\/09\/jornalista-esportivo-e-esposa-sao-batizados-em-igreja-em-sp-nossa-melhor-decisao\/\",\"url\":\"https:\/\/radioportoseguro.com.br\/site\/2026\/04\/09\/jornalista-esportivo-e-esposa-sao-batizados-em-igreja-em-sp-nossa-melhor-decisao\/\",\"name\":\"Jornalista esportivo e esposa s\u00e3o batizados em igreja em SP: \u201cNossa melhor decis\u00e3o\u201d - R\u00e1dio Porto Seguro\",\"isPartOf\":{\"@id\":\"https:\/\/radioportoseguro.com.br\/site\/#website\"},\"primaryImageOfPage\":{\"@id\":\"https:\/\/radioportoseguro.com.br\/site\/2026\/04\/09\/jornalista-esportivo-e-esposa-sao-batizados-em-igreja-em-sp-nossa-melhor-decisao\/#primaryimage\"},\"image\":{\"@id\":\"https:\/\/radioportoseguro.com.br\/site\/2026\/04\/09\/jornalista-esportivo-e-esposa-sao-batizados-em-igreja-em-sp-nossa-melhor-decisao\/#primaryimage\"},\"thumbnailUrl\":\"https:\/\/radioportoseguro.com.br\/site\/wp-content\/uploads\/2026\/04\/1736085587-jorge-e-paola-foram-batizados-na-igreja-hillsong-sao-paulo.jpeg\",\"datePublished\":\"2026-04-09T10:49:03+00:00\",\"author\":{\"@id\":\"https:\/\/radioportoseguro.com.br\/site\/#\/schema\/person\/7630acdc320186f13639d3c067ec089b\"},\"breadcrumb\":{\"@id\":\"https:\/\/radioportoseguro.com.br\/site\/2026\/04\/09\/jornalista-esportivo-e-esposa-sao-batizados-em-igreja-em-sp-nossa-melhor-decisao\/#breadcrumb\"},\"inLanguage\":\"pt-BR\",\"potentialAction\":[{\"@type\":\"ReadAction\",\"target\":[\"https:\/\/radioportoseguro.com.br\/site\/2026\/04\/09\/jornalista-esportivo-e-esposa-sao-batizados-em-igreja-em-sp-nossa-melhor-decisao\/\"]}]},{\"@type\":\"ImageObject\",\"inLanguage\":\"pt-BR\",\"@id\":\"https:\/\/radioportoseguro.com.br\/site\/2026\/04\/09\/jornalista-esportivo-e-esposa-sao-batizados-em-igreja-em-sp-nossa-melhor-decisao\/#primaryimage\",\"url\":\"https:\/\/radioportoseguro.com.br\/site\/wp-content\/uploads\/2026\/04\/1736085587-jorge-e-paola-foram-batizados-na-igreja-hillsong-sao-paulo.jpeg\",\"contentUrl\":\"https:\/\/radioportoseguro.com.br\/site\/wp-content\/uploads\/2026\/04\/1736085587-jorge-e-paola-foram-batizados-na-igreja-hillsong-sao-paulo.jpeg\",\"width\":1200,\"height\":600},{\"@type\":\"BreadcrumbList\",\"@id\":\"https:\/\/radioportoseguro.com.br\/site\/2026\/04\/09\/jornalista-esportivo-e-esposa-sao-batizados-em-igreja-em-sp-nossa-melhor-decisao\/#breadcrumb\",\"itemListElement\":[{\"@type\":\"ListItem\",\"position\":1,\"name\":\"In\u00edcio\",\"item\":\"https:\/\/radioportoseguro.com.br\/site\/\"},{\"@type\":\"ListItem\",\"position\":2,\"name\":\"Jornalista esportivo e esposa s\u00e3o batizados em igreja em SP: \u201cNossa melhor decis\u00e3o\u201d\"}]},{\"@type\":\"WebSite\",\"@id\":\"https:\/\/radioportoseguro.com.br\/site\/#website\",\"url\":\"https:\/\/radioportoseguro.com.br\/site\/\",\"name\":\"R\u00e1dio Porto Seguro\",\"description\":\"\",\"potentialAction\":[{\"@type\":\"SearchAction\",\"target\":{\"@type\":\"EntryPoint\",\"urlTemplate\":\"https:\/\/radioportoseguro.com.br\/site\/?s={search_term_string}\"},\"query-input\":{\"@type\":\"PropertyValueSpecification\",\"valueRequired\":true,\"valueName\":\"search_term_string\"}}],\"inLanguage\":\"pt-BR\"},{\"@type\":\"Person\",\"@id\":\"https:\/\/radioportoseguro.com.br\/site\/#\/schema\/person\/7630acdc320186f13639d3c067ec089b\",\"name\":\"admin\",\"image\":{\"@type\":\"ImageObject\",\"inLanguage\":\"pt-BR\",\"@id\":\"https:\/\/radioportoseguro.com.br\/site\/#\/schema\/person\/image\/\",\"url\":\"https:\/\/secure.gravatar.com\/avatar\/caacf4dc1eedb68fab0df8e1ed46c448e578b2466351bbcb61e47d2ac0caaef0?s=96&d=mm&r=g\",\"contentUrl\":\"https:\/\/secure.gravatar.com\/avatar\/caacf4dc1eedb68fab0df8e1ed46c448e578b2466351bbcb61e47d2ac0caaef0?s=96&d=mm&r=g\",\"caption\":\"admin\"},\"sameAs\":[\"https:\/\/radioportoseguro.com.br\/site\"],\"url\":\"https:\/\/radioportoseguro.com.br\/site\/author\/hezio\/\"}]}<\/script>\n<!-- \/ Yoast SEO plugin. -->","yoast_head_json":{"title":"Jornalista esportivo e esposa s\u00e3o batizados em igreja em SP: \u201cNossa melhor decis\u00e3o\u201d - R\u00e1dio Porto Seguro","robots":{"index":"index","follow":"follow","max-snippet":"max-snippet:-1","max-image-preview":"max-image-preview:large","max-video-preview":"max-video-preview:-1"},"canonical":"https:\/\/radioportoseguro.com.br\/site\/2026\/04\/09\/jornalista-esportivo-e-esposa-sao-batizados-em-igreja-em-sp-nossa-melhor-decisao\/","og_locale":"pt_BR","og_type":"article","og_title":"Jornalista esportivo e esposa s\u00e3o batizados em igreja em SP: \u201cNossa melhor decis\u00e3o\u201d - R\u00e1dio Porto Seguro","og_description":"No \u00faltimo domingo (5), o jornalista esportivo Jorge Iggor testemunhou sua nova vida em Cristo ao se batizar com a esposa, durante a P\u00e1scoa, em uma igreja em S\u00e3o Paulo. O batismo ocorreu na igreja Hillsong Sa\u0303o Paulo, onde Jorge e sua esposa, Paola Collaro, afirmaram publicamente sua f\u00e9 em Jesus ao descer \u00e0s \u00e1guas. [&hellip;]","og_url":"https:\/\/radioportoseguro.com.br\/site\/2026\/04\/09\/jornalista-esportivo-e-esposa-sao-batizados-em-igreja-em-sp-nossa-melhor-decisao\/","og_site_name":"R\u00e1dio Porto Seguro","article_published_time":"2026-04-09T10:49:03+00:00","og_image":[{"url":"https:\/\/media.guiame.com.br\/archives\/2026\/04\/07\/1736085587-jorge-e-paola-foram-batizados-na-igreja-hillsong-sao-paulo.jpeg","type":"","width":"","height":""}],"author":"admin","twitter_card":"summary_large_image","twitter_misc":{"Escrito por":"admin","Est. tempo de leitura":"4 minutos"},"schema":{"@context":"https:\/\/schema.org","@graph":[{"@type":"Article","@id":"https:\/\/radioportoseguro.com.br\/site\/2026\/04\/09\/jornalista-esportivo-e-esposa-sao-batizados-em-igreja-em-sp-nossa-melhor-decisao\/#article","isPartOf":{"@id":"https:\/\/radioportoseguro.com.br\/site\/2026\/04\/09\/jornalista-esportivo-e-esposa-sao-batizados-em-igreja-em-sp-nossa-melhor-decisao\/"},"author":{"name":"admin","@id":"https:\/\/radioportoseguro.com.br\/site\/#\/schema\/person\/7630acdc320186f13639d3c067ec089b"},"headline":"Jornalista esportivo e esposa s\u00e3o batizados em igreja em SP: \u201cNossa melhor decis\u00e3o\u201d","datePublished":"2026-04-09T10:49:03+00:00","mainEntityOfPage":{"@id":"https:\/\/radioportoseguro.com.br\/site\/2026\/04\/09\/jornalista-esportivo-e-esposa-sao-batizados-em-igreja-em-sp-nossa-melhor-decisao\/"},"wordCount":738,"image":{"@id":"https:\/\/radioportoseguro.com.br\/site\/2026\/04\/09\/jornalista-esportivo-e-esposa-sao-batizados-em-igreja-em-sp-nossa-melhor-decisao\/#primaryimage"},"thumbnailUrl":"https:\/\/radioportoseguro.com.br\/site\/wp-content\/uploads\/2026\/04\/1736085587-jorge-e-paola-foram-batizados-na-igreja-hillsong-sao-paulo.jpeg","articleSection":["Destaques"],"inLanguage":"pt-BR"},{"@type":"WebPage","@id":"https:\/\/radioportoseguro.com.br\/site\/2026\/04\/09\/jornalista-esportivo-e-esposa-sao-batizados-em-igreja-em-sp-nossa-melhor-decisao\/","url":"https:\/\/radioportoseguro.com.br\/site\/2026\/04\/09\/jornalista-esportivo-e-esposa-sao-batizados-em-igreja-em-sp-nossa-melhor-decisao\/","name":"Jornalista esportivo e esposa s\u00e3o batizados em igreja em SP: \u201cNossa melhor decis\u00e3o\u201d - R\u00e1dio Porto Seguro","isPartOf":{"@id":"https:\/\/radioportoseguro.com.br\/site\/#website"},"primaryImageOfPage":{"@id":"https:\/\/radioportoseguro.com.br\/site\/2026\/04\/09\/jornalista-esportivo-e-esposa-sao-batizados-em-igreja-em-sp-nossa-melhor-decisao\/#primaryimage"},"image":{"@id":"https:\/\/radioportoseguro.com.br\/site\/2026\/04\/09\/jornalista-esportivo-e-esposa-sao-batizados-em-igreja-em-sp-nossa-melhor-decisao\/#primaryimage"},"thumbnailUrl":"https:\/\/radioportoseguro.com.br\/site\/wp-content\/uploads\/2026\/04\/1736085587-jorge-e-paola-foram-batizados-na-igreja-hillsong-sao-paulo.jpeg","datePublished":"2026-04-09T10:49:03+00:00","author":{"@id":"https:\/\/radioportoseguro.com.br\/site\/#\/schema\/person\/7630acdc320186f13639d3c067ec089b"},"breadcrumb":{"@id":"https:\/\/radioportoseguro.com.br\/site\/2026\/04\/09\/jornalista-esportivo-e-esposa-sao-batizados-em-igreja-em-sp-nossa-melhor-decisao\/#breadcrumb"},"inLanguage":"pt-BR","potentialAction":[{"@type":"ReadAction","target":["https:\/\/radioportoseguro.com.br\/site\/2026\/04\/09\/jornalista-esportivo-e-esposa-sao-batizados-em-igreja-em-sp-nossa-melhor-decisao\/"]}]},{"@type":"ImageObject","inLanguage":"pt-BR","@id":"https:\/\/radioportoseguro.com.br\/site\/2026\/04\/09\/jornalista-esportivo-e-esposa-sao-batizados-em-igreja-em-sp-nossa-melhor-decisao\/#primaryimage","url":"https:\/\/radioportoseguro.com.br\/site\/wp-content\/uploads\/2026\/04\/1736085587-jorge-e-paola-foram-batizados-na-igreja-hillsong-sao-paulo.jpeg","contentUrl":"https:\/\/radioportoseguro.com.br\/site\/wp-content\/uploads\/2026\/04\/1736085587-jorge-e-paola-foram-batizados-na-igreja-hillsong-sao-paulo.jpeg","width":1200,"height":600},{"@type":"BreadcrumbList","@id":"https:\/\/radioportoseguro.com.br\/site\/2026\/04\/09\/jornalista-esportivo-e-esposa-sao-batizados-em-igreja-em-sp-nossa-melhor-decisao\/#breadcrumb","itemListElement":[{"@type":"ListItem","position":1,"name":"In\u00edcio","item":"https:\/\/radioportoseguro.com.br\/site\/"},{"@type":"ListItem","position":2,"name":"Jornalista esportivo e esposa s\u00e3o batizados em igreja em SP: \u201cNossa melhor decis\u00e3o\u201d"}]},{"@type":"WebSite","@id":"https:\/\/radioportoseguro.com.br\/site\/#website","url":"https:\/\/radioportoseguro.com.br\/site\/","name":"R\u00e1dio Porto Seguro","description":"","potentialAction":[{"@type":"SearchAction","target":{"@type":"EntryPoint","urlTemplate":"https:\/\/radioportoseguro.com.br\/site\/?s={search_term_string}"},"query-input":{"@type":"PropertyValueSpecification","valueRequired":true,"valueName":"search_term_string"}}],"inLanguage":"pt-BR"},{"@type":"Person","@id":"https:\/\/radioportoseguro.com.br\/site\/#\/schema\/person\/7630acdc320186f13639d3c067ec089b","name":"admin","image":{"@type":"ImageObject","inLanguage":"pt-BR","@id":"https:\/\/radioportoseguro.com.br\/site\/#\/schema\/person\/image\/","url":"https:\/\/secure.gravatar.com\/avatar\/caacf4dc1eedb68fab0df8e1ed46c448e578b2466351bbcb61e47d2ac0caaef0?s=96&d=mm&r=g","contentUrl":"https:\/\/secure.gravatar.com\/avatar\/caacf4dc1eedb68fab0df8e1ed46c448e578b2466351bbcb61e47d2ac0caaef0?s=96&d=mm&r=g","caption":"admin"},"sameAs":["https:\/\/radioportoseguro.com.br\/site"],"url":"https:\/\/radioportoseguro.com.br\/site\/author\/hezio\/"}]}},"_links":{"self":[{"href":"https:\/\/radioportoseguro.com.br\/site\/wp-json\/wp\/v2\/posts\/5872","targetHints":{"allow":["GET"]}}],"collection":[{"href":"https:\/\/radioportoseguro.com.br\/site\/wp-json\/wp\/v2\/posts"}],"about":[{"href":"https:\/\/radioportoseguro.com.br\/site\/wp-json\/wp\/v2\/types\/post"}],"author":[{"embeddable":true,"href":"https:\/\/radioportoseguro.com.br\/site\/wp-json\/wp\/v2\/users\/1"}],"replies":[{"embeddable":true,"href":"https:\/\/radioportoseguro.com.br\/site\/wp-json\/wp\/v2\/comments?post=5872"}],"version-history":[{"count":0,"href":"https:\/\/radioportoseguro.com.br\/site\/wp-json\/wp\/v2\/posts\/5872\/revisions"}],"wp:featuredmedia":[{"embeddable":true,"href":"https:\/\/radioportoseguro.com.br\/site\/wp-json\/wp\/v2\/media\/5873"}],"wp:attachment":[{"href":"https:\/\/radioportoseguro.com.br\/site\/wp-json\/wp\/v2\/media?parent=5872"}],"wp:term":[{"taxonomy":"category","embeddable":true,"href":"https:\/\/radioportoseguro.com.br\/site\/wp-json\/wp\/v2\/categories?post=5872"},{"taxonomy":"post_tag","embeddable":true,"href":"https:\/\/radioportoseguro.com.br\/site\/wp-json\/wp\/v2\/tags?post=5872"}],"curies":[{"name":"wp","href":"https:\/\/api.w.org\/{rel}","templated":true}]}}