{"id":5878,"date":"2026-04-09T11:54:25","date_gmt":"2026-04-09T14:54:25","guid":{"rendered":"https:\/\/radioportoseguro.com.br\/site\/2026\/04\/09\/mulher-com-morte-cerebral-volta-a-vida-apos-clamor-em-frente-ao-hospital-o-ceu-se-moveu\/"},"modified":"2026-04-09T11:54:25","modified_gmt":"2026-04-09T14:54:25","slug":"mulher-com-morte-cerebral-volta-a-vida-apos-clamor-em-frente-ao-hospital-o-ceu-se-moveu","status":"publish","type":"post","link":"https:\/\/radioportoseguro.com.br\/site\/2026\/04\/09\/mulher-com-morte-cerebral-volta-a-vida-apos-clamor-em-frente-ao-hospital-o-ceu-se-moveu\/","title":{"rendered":"Mulher com morte cerebral volta \u00e0 vida ap\u00f3s clamor em frente ao hospital: \u201cO C\u00e9u se moveu\u201d"},"content":{"rendered":"<p><br \/>\n<br \/><\/p>\n<div>\n<p><span style=\"font-weight: 400;\">Joyce Brito, de Manaus (AM), recebeu uma segunda chance de viver ap\u00f3s sofrer um <\/span><span style=\"color: #800000;\"><strong>AVC<\/strong><\/span><span style=\"font-weight: 400;\"> Hemorr\u00e1gico, em 2023.<\/span><\/p>\n<p><span style=\"font-weight: 400;\">A mulher teve o Acidente Vascular Cerebral enquanto trabalhava em seu sal\u00e3o de beleza. Joyce foi internada em estado grave e acabou entrando em coma. Logo depois, os m\u00e9dicos atestaram sua morte cerebral.<\/span><\/p>\n<p><span style=\"font-weight: 400;\">Al\u00e9m disso, seus \u00f3rg\u00e3os come\u00e7aram a parar de funcionar e a equipe m\u00e9dica informou que n\u00e3o havia mais chance de sobreviv\u00eancia.<\/span><\/p>\n<p><span style=\"font-weight: 400;\">\u201cO m\u00e9dico disse que n\u00e3o tinha mais o que fazer, porque eu estava sem atividades cerebrais. Ele disse que era a hora de desligar os aparelhos, porque n\u00e3o tinha mais nada para fazer\u201d, contou Joyce, em v\u00eddeo compartilhado no Instagram.<\/span><\/p>\n<blockquote class=\"instagram-media\" style=\"background: #FFF; border: 0; border-radius: 3px; box-shadow: 0 0 1px 0 rgba(0,0,0,0.5),0 1px 10px 0 rgba(0,0,0,0.15); margin: 1px; max-width: 540px; min-width: 326px; padding: 0; width: calc(100% - 2px);\" data-instgrm-captioned=\"\" data-instgrm-permalink=\"https:\/\/www.instagram.com\/reel\/DW1s6vejsla\/?utm_source=ig_embed&amp;utm_campaign=loading\" data-instgrm-version=\"14\"><p>&#13;<br \/>\n&#13;\n<\/p><\/blockquote>\n<p><strong>Centenas de pessoas intercedendo<\/strong><\/p>\n<p><span style=\"font-weight: 400;\">Por\u00e9m, sua fam\u00edlia e seus amigos creram que Deus poderia realizar um <\/span><span style=\"color: #800000;\"><strong>milagre<\/strong><\/span><span style=\"font-weight: 400;\"> e mobilizaram uma corrente de ora\u00e7\u00e3o.<\/span><\/p>\n<p><span style=\"font-weight: 400;\">Durante v\u00e1rios dias, centenas de pessoas foram at\u00e9 a frente do hospital onde Joyce estava internada e intercederam por sua vida.<\/span><\/p>\n<p><span style=\"font-weight: 400;\">Com as m\u00e3os nas paredes do local, os crist\u00e3os clamaram com f\u00e9 e fervor para que ela voltasse \u00e0 vida.<\/span><\/p>\n<p><span style=\"font-weight: 400;\">Ap\u00f3s tr\u00eas dias com morte cerebral, os m\u00e9dicos chamaram a fam\u00edlia. \u201c[Pediram] para levar meus documentos para o atestado de \u00f3bito. Eu j\u00e1 estava h\u00e1 tr\u00eas dias sendo declarada com morte cerebral. E desde o primeiro dia, minha fam\u00edlia n\u00e3o parou de orar por mim\u201d, disse Joyce.<\/span><\/p>\n<p><span style=\"font-weight: 400;\">\u201cA cada not\u00edcia ruim, mais eles oravam. A minha fam\u00edlia e meus amigos decidiram crer, usar a f\u00e9 e orar, aguardando o milagre de Deus. O hospital ficava lotado de pessoas orando por mim. Eram centenas de guerreiros e guerreiras orando\u201d.<\/span><\/p>\n<blockquote class=\"instagram-media\" style=\"background: #FFF; border: 0; border-radius: 3px; box-shadow: 0 0 1px 0 rgba(0,0,0,0.5),0 1px 10px 0 rgba(0,0,0,0.15); margin: 1px; max-width: 540px; min-width: 326px; padding: 0; width: calc(100% - 2px);\" data-instgrm-captioned=\"\" data-instgrm-permalink=\"https:\/\/www.instagram.com\/reel\/DWMX35mDjb0\/?utm_source=ig_embed&amp;utm_campaign=loading\" data-instgrm-version=\"14\"><p>&#13;<br \/>\n&#13;\n<\/p><\/blockquote>\n<p><span style=\"font-weight: 400;\">At\u00e9 que, como resposta do clamor, Joyce voltou a ter atividades cerebrais no quinto dia. \u201cO grande milagre aconteceu. A f\u00e9 dos meus pais, fam\u00edlia e amigos moveram o C\u00e9u\u201d, testemunhou ela.<\/span><\/p>\n<p><span style=\"font-weight: 400;\">A mulher ganhou alta do hospital e iniciou um tratamento para reparar as sequelas do AVC. Hoje, Joyce j\u00e1 fala e caminha normalmente.<\/span><\/p>\n<blockquote class=\"instagram-media\" style=\"background: #FFF; border: 0; border-radius: 3px; box-shadow: 0 0 1px 0 rgba(0,0,0,0.5),0 1px 10px 0 rgba(0,0,0,0.15); margin: 1px; max-width: 540px; min-width: 326px; padding: 0; width: calc(100% - 2px);\" data-instgrm-captioned=\"\" data-instgrm-permalink=\"https:\/\/www.instagram.com\/reel\/DRSkVbnjgCh\/?utm_source=ig_embed&amp;utm_campaign=loading\" data-instgrm-version=\"14\"><p>&#13;<br \/>\n&#13;\n<\/p><\/blockquote>\n<\/div>\n<p><script async src=\"\/\/www.instagram.com\/embed.js\"><\/script><br \/>\n<br \/><br \/>\n<br \/>Fonte: Guiame <\/p>\n","protected":false},"excerpt":{"rendered":"<p>Joyce Brito, de Manaus (AM), recebeu uma segunda chance de viver ap\u00f3s sofrer um AVC Hemorr\u00e1gico, em 2023. A mulher teve o Acidente Vascular Cerebral enquanto trabalhava em seu sal\u00e3o de beleza. Joyce foi internada em estado grave e acabou entrando em coma. Logo depois, os m\u00e9dicos atestaram sua morte cerebral. Al\u00e9m disso, seus \u00f3rg\u00e3os [&hellip;]<\/p>\n","protected":false},"author":1,"featured_media":5879,"comment_status":"","ping_status":"open","sticky":false,"template":"","format":"standard","meta":{"footnotes":""},"categories":[43],"tags":[],"class_list":["post-5878","post","type-post","status-publish","format-standard","has-post-thumbnail","hentry","category-destaques"],"yoast_head":"<!-- This site is optimized with the Yoast SEO plugin v26.8 - https:\/\/yoast.com\/product\/yoast-seo-wordpress\/ -->\n<title>Mulher com morte cerebral volta \u00e0 vida ap\u00f3s clamor em frente ao hospital: \u201cO C\u00e9u se moveu\u201d - R\u00e1dio Porto Seguro<\/title>\n<meta name=\"robots\" content=\"index, follow, max-snippet:-1, max-image-preview:large, max-video-preview:-1\" \/>\n<link rel=\"canonical\" href=\"https:\/\/radioportoseguro.com.br\/site\/2026\/04\/09\/mulher-com-morte-cerebral-volta-a-vida-apos-clamor-em-frente-ao-hospital-o-ceu-se-moveu\/\" \/>\n<meta property=\"og:locale\" content=\"pt_BR\" \/>\n<meta property=\"og:type\" content=\"article\" \/>\n<meta property=\"og:title\" content=\"Mulher com morte cerebral volta \u00e0 vida ap\u00f3s clamor em frente ao hospital: \u201cO C\u00e9u se moveu\u201d - R\u00e1dio Porto Seguro\" \/>\n<meta property=\"og:description\" content=\"Joyce Brito, de Manaus (AM), recebeu uma segunda chance de viver ap\u00f3s sofrer um AVC Hemorr\u00e1gico, em 2023. A mulher teve o Acidente Vascular Cerebral enquanto trabalhava em seu sal\u00e3o de beleza. Joyce foi internada em estado grave e acabou entrando em coma. Logo depois, os m\u00e9dicos atestaram sua morte cerebral. Al\u00e9m disso, seus \u00f3rg\u00e3os [&hellip;]\" \/>\n<meta property=\"og:url\" content=\"https:\/\/radioportoseguro.com.br\/site\/2026\/04\/09\/mulher-com-morte-cerebral-volta-a-vida-apos-clamor-em-frente-ao-hospital-o-ceu-se-moveu\/\" \/>\n<meta property=\"og:site_name\" content=\"R\u00e1dio Porto Seguro\" \/>\n<meta property=\"article:published_time\" content=\"2026-04-09T14:54:25+00:00\" \/>\n<meta property=\"og:image\" content=\"https:\/\/media.guiame.com.br\/archives\/2026\/04\/08\/3863328824-oyce-brito.jpeg\" \/>\n<meta name=\"author\" content=\"admin\" \/>\n<meta name=\"twitter:card\" content=\"summary_large_image\" \/>\n<meta name=\"twitter:label1\" content=\"Escrito por\" \/>\n\t<meta name=\"twitter:data1\" content=\"admin\" \/>\n\t<meta name=\"twitter:label2\" content=\"Est. tempo de leitura\" \/>\n\t<meta name=\"twitter:data2\" content=\"2 minutos\" \/>\n<script type=\"application\/ld+json\" class=\"yoast-schema-graph\">{\"@context\":\"https:\/\/schema.org\",\"@graph\":[{\"@type\":\"Article\",\"@id\":\"https:\/\/radioportoseguro.com.br\/site\/2026\/04\/09\/mulher-com-morte-cerebral-volta-a-vida-apos-clamor-em-frente-ao-hospital-o-ceu-se-moveu\/#article\",\"isPartOf\":{\"@id\":\"https:\/\/radioportoseguro.com.br\/site\/2026\/04\/09\/mulher-com-morte-cerebral-volta-a-vida-apos-clamor-em-frente-ao-hospital-o-ceu-se-moveu\/\"},\"author\":{\"name\":\"admin\",\"@id\":\"https:\/\/radioportoseguro.com.br\/site\/#\/schema\/person\/7630acdc320186f13639d3c067ec089b\"},\"headline\":\"Mulher com morte cerebral volta \u00e0 vida ap\u00f3s clamor em frente ao hospital: \u201cO C\u00e9u se moveu\u201d\",\"datePublished\":\"2026-04-09T14:54:25+00:00\",\"mainEntityOfPage\":{\"@id\":\"https:\/\/radioportoseguro.com.br\/site\/2026\/04\/09\/mulher-com-morte-cerebral-volta-a-vida-apos-clamor-em-frente-ao-hospital-o-ceu-se-moveu\/\"},\"wordCount\":370,\"image\":{\"@id\":\"https:\/\/radioportoseguro.com.br\/site\/2026\/04\/09\/mulher-com-morte-cerebral-volta-a-vida-apos-clamor-em-frente-ao-hospital-o-ceu-se-moveu\/#primaryimage\"},\"thumbnailUrl\":\"https:\/\/radioportoseguro.com.br\/site\/wp-content\/uploads\/2026\/04\/3863328824-oyce-brito.jpeg\",\"articleSection\":[\"Destaques\"],\"inLanguage\":\"pt-BR\"},{\"@type\":\"WebPage\",\"@id\":\"https:\/\/radioportoseguro.com.br\/site\/2026\/04\/09\/mulher-com-morte-cerebral-volta-a-vida-apos-clamor-em-frente-ao-hospital-o-ceu-se-moveu\/\",\"url\":\"https:\/\/radioportoseguro.com.br\/site\/2026\/04\/09\/mulher-com-morte-cerebral-volta-a-vida-apos-clamor-em-frente-ao-hospital-o-ceu-se-moveu\/\",\"name\":\"Mulher com morte cerebral volta \u00e0 vida ap\u00f3s clamor em frente ao hospital: \u201cO C\u00e9u se moveu\u201d - R\u00e1dio Porto Seguro\",\"isPartOf\":{\"@id\":\"https:\/\/radioportoseguro.com.br\/site\/#website\"},\"primaryImageOfPage\":{\"@id\":\"https:\/\/radioportoseguro.com.br\/site\/2026\/04\/09\/mulher-com-morte-cerebral-volta-a-vida-apos-clamor-em-frente-ao-hospital-o-ceu-se-moveu\/#primaryimage\"},\"image\":{\"@id\":\"https:\/\/radioportoseguro.com.br\/site\/2026\/04\/09\/mulher-com-morte-cerebral-volta-a-vida-apos-clamor-em-frente-ao-hospital-o-ceu-se-moveu\/#primaryimage\"},\"thumbnailUrl\":\"https:\/\/radioportoseguro.com.br\/site\/wp-content\/uploads\/2026\/04\/3863328824-oyce-brito.jpeg\",\"datePublished\":\"2026-04-09T14:54:25+00:00\",\"author\":{\"@id\":\"https:\/\/radioportoseguro.com.br\/site\/#\/schema\/person\/7630acdc320186f13639d3c067ec089b\"},\"breadcrumb\":{\"@id\":\"https:\/\/radioportoseguro.com.br\/site\/2026\/04\/09\/mulher-com-morte-cerebral-volta-a-vida-apos-clamor-em-frente-ao-hospital-o-ceu-se-moveu\/#breadcrumb\"},\"inLanguage\":\"pt-BR\",\"potentialAction\":[{\"@type\":\"ReadAction\",\"target\":[\"https:\/\/radioportoseguro.com.br\/site\/2026\/04\/09\/mulher-com-morte-cerebral-volta-a-vida-apos-clamor-em-frente-ao-hospital-o-ceu-se-moveu\/\"]}]},{\"@type\":\"ImageObject\",\"inLanguage\":\"pt-BR\",\"@id\":\"https:\/\/radioportoseguro.com.br\/site\/2026\/04\/09\/mulher-com-morte-cerebral-volta-a-vida-apos-clamor-em-frente-ao-hospital-o-ceu-se-moveu\/#primaryimage\",\"url\":\"https:\/\/radioportoseguro.com.br\/site\/wp-content\/uploads\/2026\/04\/3863328824-oyce-brito.jpeg\",\"contentUrl\":\"https:\/\/radioportoseguro.com.br\/site\/wp-content\/uploads\/2026\/04\/3863328824-oyce-brito.jpeg\",\"width\":1200,\"height\":600},{\"@type\":\"BreadcrumbList\",\"@id\":\"https:\/\/radioportoseguro.com.br\/site\/2026\/04\/09\/mulher-com-morte-cerebral-volta-a-vida-apos-clamor-em-frente-ao-hospital-o-ceu-se-moveu\/#breadcrumb\",\"itemListElement\":[{\"@type\":\"ListItem\",\"position\":1,\"name\":\"In\u00edcio\",\"item\":\"https:\/\/radioportoseguro.com.br\/site\/\"},{\"@type\":\"ListItem\",\"position\":2,\"name\":\"Mulher com morte cerebral volta \u00e0 vida ap\u00f3s clamor em frente ao hospital: \u201cO C\u00e9u se moveu\u201d\"}]},{\"@type\":\"WebSite\",\"@id\":\"https:\/\/radioportoseguro.com.br\/site\/#website\",\"url\":\"https:\/\/radioportoseguro.com.br\/site\/\",\"name\":\"R\u00e1dio Porto Seguro\",\"description\":\"\",\"potentialAction\":[{\"@type\":\"SearchAction\",\"target\":{\"@type\":\"EntryPoint\",\"urlTemplate\":\"https:\/\/radioportoseguro.com.br\/site\/?s={search_term_string}\"},\"query-input\":{\"@type\":\"PropertyValueSpecification\",\"valueRequired\":true,\"valueName\":\"search_term_string\"}}],\"inLanguage\":\"pt-BR\"},{\"@type\":\"Person\",\"@id\":\"https:\/\/radioportoseguro.com.br\/site\/#\/schema\/person\/7630acdc320186f13639d3c067ec089b\",\"name\":\"admin\",\"image\":{\"@type\":\"ImageObject\",\"inLanguage\":\"pt-BR\",\"@id\":\"https:\/\/radioportoseguro.com.br\/site\/#\/schema\/person\/image\/\",\"url\":\"https:\/\/secure.gravatar.com\/avatar\/caacf4dc1eedb68fab0df8e1ed46c448e578b2466351bbcb61e47d2ac0caaef0?s=96&d=mm&r=g\",\"contentUrl\":\"https:\/\/secure.gravatar.com\/avatar\/caacf4dc1eedb68fab0df8e1ed46c448e578b2466351bbcb61e47d2ac0caaef0?s=96&d=mm&r=g\",\"caption\":\"admin\"},\"sameAs\":[\"https:\/\/radioportoseguro.com.br\/site\"],\"url\":\"https:\/\/radioportoseguro.com.br\/site\/author\/hezio\/\"}]}<\/script>\n<!-- \/ Yoast SEO plugin. -->","yoast_head_json":{"title":"Mulher com morte cerebral volta \u00e0 vida ap\u00f3s clamor em frente ao hospital: \u201cO C\u00e9u se moveu\u201d - R\u00e1dio Porto Seguro","robots":{"index":"index","follow":"follow","max-snippet":"max-snippet:-1","max-image-preview":"max-image-preview:large","max-video-preview":"max-video-preview:-1"},"canonical":"https:\/\/radioportoseguro.com.br\/site\/2026\/04\/09\/mulher-com-morte-cerebral-volta-a-vida-apos-clamor-em-frente-ao-hospital-o-ceu-se-moveu\/","og_locale":"pt_BR","og_type":"article","og_title":"Mulher com morte cerebral volta \u00e0 vida ap\u00f3s clamor em frente ao hospital: \u201cO C\u00e9u se moveu\u201d - R\u00e1dio Porto Seguro","og_description":"Joyce Brito, de Manaus (AM), recebeu uma segunda chance de viver ap\u00f3s sofrer um AVC Hemorr\u00e1gico, em 2023. A mulher teve o Acidente Vascular Cerebral enquanto trabalhava em seu sal\u00e3o de beleza. Joyce foi internada em estado grave e acabou entrando em coma. Logo depois, os m\u00e9dicos atestaram sua morte cerebral. Al\u00e9m disso, seus \u00f3rg\u00e3os [&hellip;]","og_url":"https:\/\/radioportoseguro.com.br\/site\/2026\/04\/09\/mulher-com-morte-cerebral-volta-a-vida-apos-clamor-em-frente-ao-hospital-o-ceu-se-moveu\/","og_site_name":"R\u00e1dio Porto Seguro","article_published_time":"2026-04-09T14:54:25+00:00","og_image":[{"url":"https:\/\/media.guiame.com.br\/archives\/2026\/04\/08\/3863328824-oyce-brito.jpeg","type":"","width":"","height":""}],"author":"admin","twitter_card":"summary_large_image","twitter_misc":{"Escrito por":"admin","Est. tempo de leitura":"2 minutos"},"schema":{"@context":"https:\/\/schema.org","@graph":[{"@type":"Article","@id":"https:\/\/radioportoseguro.com.br\/site\/2026\/04\/09\/mulher-com-morte-cerebral-volta-a-vida-apos-clamor-em-frente-ao-hospital-o-ceu-se-moveu\/#article","isPartOf":{"@id":"https:\/\/radioportoseguro.com.br\/site\/2026\/04\/09\/mulher-com-morte-cerebral-volta-a-vida-apos-clamor-em-frente-ao-hospital-o-ceu-se-moveu\/"},"author":{"name":"admin","@id":"https:\/\/radioportoseguro.com.br\/site\/#\/schema\/person\/7630acdc320186f13639d3c067ec089b"},"headline":"Mulher com morte cerebral volta \u00e0 vida ap\u00f3s clamor em frente ao hospital: \u201cO C\u00e9u se moveu\u201d","datePublished":"2026-04-09T14:54:25+00:00","mainEntityOfPage":{"@id":"https:\/\/radioportoseguro.com.br\/site\/2026\/04\/09\/mulher-com-morte-cerebral-volta-a-vida-apos-clamor-em-frente-ao-hospital-o-ceu-se-moveu\/"},"wordCount":370,"image":{"@id":"https:\/\/radioportoseguro.com.br\/site\/2026\/04\/09\/mulher-com-morte-cerebral-volta-a-vida-apos-clamor-em-frente-ao-hospital-o-ceu-se-moveu\/#primaryimage"},"thumbnailUrl":"https:\/\/radioportoseguro.com.br\/site\/wp-content\/uploads\/2026\/04\/3863328824-oyce-brito.jpeg","articleSection":["Destaques"],"inLanguage":"pt-BR"},{"@type":"WebPage","@id":"https:\/\/radioportoseguro.com.br\/site\/2026\/04\/09\/mulher-com-morte-cerebral-volta-a-vida-apos-clamor-em-frente-ao-hospital-o-ceu-se-moveu\/","url":"https:\/\/radioportoseguro.com.br\/site\/2026\/04\/09\/mulher-com-morte-cerebral-volta-a-vida-apos-clamor-em-frente-ao-hospital-o-ceu-se-moveu\/","name":"Mulher com morte cerebral volta \u00e0 vida ap\u00f3s clamor em frente ao hospital: \u201cO C\u00e9u se moveu\u201d - R\u00e1dio Porto Seguro","isPartOf":{"@id":"https:\/\/radioportoseguro.com.br\/site\/#website"},"primaryImageOfPage":{"@id":"https:\/\/radioportoseguro.com.br\/site\/2026\/04\/09\/mulher-com-morte-cerebral-volta-a-vida-apos-clamor-em-frente-ao-hospital-o-ceu-se-moveu\/#primaryimage"},"image":{"@id":"https:\/\/radioportoseguro.com.br\/site\/2026\/04\/09\/mulher-com-morte-cerebral-volta-a-vida-apos-clamor-em-frente-ao-hospital-o-ceu-se-moveu\/#primaryimage"},"thumbnailUrl":"https:\/\/radioportoseguro.com.br\/site\/wp-content\/uploads\/2026\/04\/3863328824-oyce-brito.jpeg","datePublished":"2026-04-09T14:54:25+00:00","author":{"@id":"https:\/\/radioportoseguro.com.br\/site\/#\/schema\/person\/7630acdc320186f13639d3c067ec089b"},"breadcrumb":{"@id":"https:\/\/radioportoseguro.com.br\/site\/2026\/04\/09\/mulher-com-morte-cerebral-volta-a-vida-apos-clamor-em-frente-ao-hospital-o-ceu-se-moveu\/#breadcrumb"},"inLanguage":"pt-BR","potentialAction":[{"@type":"ReadAction","target":["https:\/\/radioportoseguro.com.br\/site\/2026\/04\/09\/mulher-com-morte-cerebral-volta-a-vida-apos-clamor-em-frente-ao-hospital-o-ceu-se-moveu\/"]}]},{"@type":"ImageObject","inLanguage":"pt-BR","@id":"https:\/\/radioportoseguro.com.br\/site\/2026\/04\/09\/mulher-com-morte-cerebral-volta-a-vida-apos-clamor-em-frente-ao-hospital-o-ceu-se-moveu\/#primaryimage","url":"https:\/\/radioportoseguro.com.br\/site\/wp-content\/uploads\/2026\/04\/3863328824-oyce-brito.jpeg","contentUrl":"https:\/\/radioportoseguro.com.br\/site\/wp-content\/uploads\/2026\/04\/3863328824-oyce-brito.jpeg","width":1200,"height":600},{"@type":"BreadcrumbList","@id":"https:\/\/radioportoseguro.com.br\/site\/2026\/04\/09\/mulher-com-morte-cerebral-volta-a-vida-apos-clamor-em-frente-ao-hospital-o-ceu-se-moveu\/#breadcrumb","itemListElement":[{"@type":"ListItem","position":1,"name":"In\u00edcio","item":"https:\/\/radioportoseguro.com.br\/site\/"},{"@type":"ListItem","position":2,"name":"Mulher com morte cerebral volta \u00e0 vida ap\u00f3s clamor em frente ao hospital: \u201cO C\u00e9u se moveu\u201d"}]},{"@type":"WebSite","@id":"https:\/\/radioportoseguro.com.br\/site\/#website","url":"https:\/\/radioportoseguro.com.br\/site\/","name":"R\u00e1dio Porto Seguro","description":"","potentialAction":[{"@type":"SearchAction","target":{"@type":"EntryPoint","urlTemplate":"https:\/\/radioportoseguro.com.br\/site\/?s={search_term_string}"},"query-input":{"@type":"PropertyValueSpecification","valueRequired":true,"valueName":"search_term_string"}}],"inLanguage":"pt-BR"},{"@type":"Person","@id":"https:\/\/radioportoseguro.com.br\/site\/#\/schema\/person\/7630acdc320186f13639d3c067ec089b","name":"admin","image":{"@type":"ImageObject","inLanguage":"pt-BR","@id":"https:\/\/radioportoseguro.com.br\/site\/#\/schema\/person\/image\/","url":"https:\/\/secure.gravatar.com\/avatar\/caacf4dc1eedb68fab0df8e1ed46c448e578b2466351bbcb61e47d2ac0caaef0?s=96&d=mm&r=g","contentUrl":"https:\/\/secure.gravatar.com\/avatar\/caacf4dc1eedb68fab0df8e1ed46c448e578b2466351bbcb61e47d2ac0caaef0?s=96&d=mm&r=g","caption":"admin"},"sameAs":["https:\/\/radioportoseguro.com.br\/site"],"url":"https:\/\/radioportoseguro.com.br\/site\/author\/hezio\/"}]}},"_links":{"self":[{"href":"https:\/\/radioportoseguro.com.br\/site\/wp-json\/wp\/v2\/posts\/5878","targetHints":{"allow":["GET"]}}],"collection":[{"href":"https:\/\/radioportoseguro.com.br\/site\/wp-json\/wp\/v2\/posts"}],"about":[{"href":"https:\/\/radioportoseguro.com.br\/site\/wp-json\/wp\/v2\/types\/post"}],"author":[{"embeddable":true,"href":"https:\/\/radioportoseguro.com.br\/site\/wp-json\/wp\/v2\/users\/1"}],"replies":[{"embeddable":true,"href":"https:\/\/radioportoseguro.com.br\/site\/wp-json\/wp\/v2\/comments?post=5878"}],"version-history":[{"count":0,"href":"https:\/\/radioportoseguro.com.br\/site\/wp-json\/wp\/v2\/posts\/5878\/revisions"}],"wp:featuredmedia":[{"embeddable":true,"href":"https:\/\/radioportoseguro.com.br\/site\/wp-json\/wp\/v2\/media\/5879"}],"wp:attachment":[{"href":"https:\/\/radioportoseguro.com.br\/site\/wp-json\/wp\/v2\/media?parent=5878"}],"wp:term":[{"taxonomy":"category","embeddable":true,"href":"https:\/\/radioportoseguro.com.br\/site\/wp-json\/wp\/v2\/categories?post=5878"},{"taxonomy":"post_tag","embeddable":true,"href":"https:\/\/radioportoseguro.com.br\/site\/wp-json\/wp\/v2\/tags?post=5878"}],"curies":[{"name":"wp","href":"https:\/\/api.w.org\/{rel}","templated":true}]}}