{"id":5891,"date":"2026-04-09T22:12:59","date_gmt":"2026-04-10T01:12:59","guid":{"rendered":"https:\/\/radioportoseguro.com.br\/site\/2026\/04\/09\/honra-desonrada-quando-a-cultura-anula-a-honra\/"},"modified":"2026-04-09T22:12:59","modified_gmt":"2026-04-10T01:12:59","slug":"honra-desonrada-quando-a-cultura-anula-a-honra","status":"publish","type":"post","link":"https:\/\/radioportoseguro.com.br\/site\/2026\/04\/09\/honra-desonrada-quando-a-cultura-anula-a-honra\/","title":{"rendered":"Honra desonrada: Quando a cultura anula a honra"},"content":{"rendered":"<p><br \/>\n<br \/><\/p>\n<div>\n<p style=\"text-align: center;\">Assim diz o Senhor: &#8220;O filho honra o pai, e o servo o seu senhor. Se eu sou pai, onde est\u00e1 a minha honra? Se eu sou senhor, onde est\u00e1 o meu temor?&#8221; (Malaquias 1:6)<\/p>\n<p>\u00a0<\/p>\n<p>H\u00e1 algo que se quebrou no mundo. Algo que nossos av\u00f3s conheciam, mas que n\u00f3s, na nossa pressa de sermos modernos, deixamos cair no ch\u00e3o como um vaso antigo e precioso. A honra.<\/p>\n<p>N\u00e3o aquela honra orgulhosa que anda de peito estufado e exige respeito. N\u00e3o aquela honra fr\u00e1gil que se ofende por qualquer palavra mal colocada. N\u00e3o a honra que postamos nas redes sociais para parecer o que n\u00e3o somos.<\/p>\n<p>Estou falando da\u00a0<strong>honra que pesa<\/strong>. Da honra que se curva. Da honra que obedece quando ningu\u00e9m est\u00e1 vendo. Da honra que sustenta o pai idoso e a m\u00e3e cansada. Da honra que chora no segredo do quarto e que Deus, somente Deus, testemunha (Salmos 51:17). Essa honra est\u00e1 em perigo de extin\u00e7\u00e3o.<\/p>\n<p>N\u00e3o descrevo algo do rigor acad\u00eamico, mas um \u00b4wake-up call\u00b4, um despertamento. \u00c9 um\u00a0clamor. \u00c9 um\u00a0alerta. \u00a0<\/p>\n<p><strong>Toda apostasia espiritual come\u00e7a com a apostasia da honra.<\/strong><\/p>\n<p><strong>Apostasia<\/strong>\u00a0(do grego\u00a0<em>apostasia<\/em>, &#8220;afastamento&#8221;, &#8220;rebeli\u00e3o&#8221;, &#8220;deser\u00e7\u00e3o&#8221;) \u00e9 o abandono volunt\u00e1rio da f\u00e9. N\u00e3o \u00e9 d\u00favida \u2014 \u00e9\u00a0<strong>virada de costas<\/strong>. \u00c9 algu\u00e9m que conheceu a verdade e deliberadamente a rejeita. Vagarosamente vai se deixando sufocar pelas paix\u00f5es mundanas (1 Jo\u00e3o 2:15-17), assimilando-se ao pr\u00edncipe desse mundo (2 Cor\u00edntios 4:4), porque querem ensinamentos que agradem os seus desejos (1 Tim\u00f3teo 4:1-3 e 2 Tim\u00f3teo 4:3-4).<\/p>\n<p>Apostasia da honra\u00a0\u00e9 o abandono da atitude de <strong>reconhecer o &#8220;peso&#8221; e o valor de Deus e daqueles que Ele colocou como autoridades<\/strong>. Antes de algu\u00e9m abandonar a doutrina (a Palavra), ele abandona a postura de honra (a identidade de Cristo (G\u00e1latas 4:19)). O erro teol\u00f3gico \u00e9 sempre precedido por uma falha relacional e espiritual mais profunda: o cora\u00e7\u00e3o que deixa de se curvar.<\/p>\n<p>\u00a0<\/p>\n<p><strong>Exemplos pr\u00e1ticos da apostasia da honra<\/strong><\/p>\n<p>\u00a0<\/p>\n<p style=\"padding-left: 30px;\"><strong>A Queda de Satan\u00e1s (Ezequiel 28; Isa\u00edas 14)<\/strong><\/p>\n<p>A primeira apostasia da hist\u00f3ria n\u00e3o foi doutrin\u00e1ria \u2014 foi de\u00a0<strong>honra<\/strong>. <strong><em>Voc\u00ea estava no \u00c9den, o jardim de Deus&#8230; Voc\u00ea era ungido como querubim guardi\u00e3o&#8230; Seu cora\u00e7\u00e3o se tornou orgulhoso por causa da sua beleza, e voc\u00ea corrompeu a sua sabedoria por causa do seu esplendor<\/em><\/strong><em> (Ezequiel 28:13, 17). <\/em>\u00c9 poss\u00edvel ter un\u00e7\u00e3o, n\u00e3o faltar nada, ter autoestima, estar na presen\u00e7a de Deus e ter sabedoria, mas mesmo assim, no cora\u00e7\u00e3o, na inten\u00e7\u00e3o, no desejo mais intr\u00ednseco, desonrar Deus.<\/p>\n<p>Jesus disse<strong><em>: Muitos me dir\u00e3o naquele dia: &#8216;Senhor, Senhor, n\u00e3o profetizamos em teu nome? Em teu nome n\u00e3o expulsamos dem\u00f4nios? Em teu nome n\u00e3o realizamos muitos milagres?&#8217; Ent\u00e3o lhes direi claramente: &#8216;Nunca os conheci. Afastem-se de mim, voc\u00eas que praticam o mal!<\/em><\/strong>&#8216; (Mateus 7:22-23). Dom e car\u00e1ter n\u00e3o s\u00e3o a mesma coisa. Por isto o salmista diz em Salmos 119:18, <strong><em>Desvenda os meus olhos, para que eu contemple as maravilhas da tua lei. <\/em><\/strong><\/p>\n<p>L\u00facifer n\u00e3o negou a exist\u00eancia de Deus. Ele simplesmente\u00a0recusou-se a honr\u00e1-Lo. Disse em seu cora\u00e7\u00e3o:\u00a0<strong><em>Subirei aos c\u00e9us; elevarei o meu trono acima das estrelas de Deus&#8230; serei semelhante ao Alt\u00edssimo<\/em><\/strong> (Isa\u00edas 14:13-14). A queda come\u00e7ou quando a honra foi trocada por orgulho. A apostasia da honra precedeu a rebeli\u00e3o.<\/p>\n<p>\u00a0<\/p>\n<p style=\"padding-left: 30px;\"><strong>Ad\u00e3o e Eva (G\u00eanesis 3)<\/strong><\/p>\n<p>O primeiro pecado humano tamb\u00e9m come\u00e7ou com uma falha na honra. A serpente plantou a semente da desonra:\u00a0<em>&#8220;\u00c9 assim que Deus disse?&#8221;<\/em>\u00a0\u2014 questionando a autoridade de Deus. E depois:\u00a0<em>&#8220;Voc\u00eas ser\u00e3o como Deus&#8221;<\/em>\u00a0\u2014 convidando-os a tomar para si a honra que pertence somente ao Criador.<\/p>\n<p>Ad\u00e3o e Eva n\u00e3o negaram Deus, mas\u00a0deixaram de honr\u00e1-Lo como Deus. Desobedeceram. E a desobedi\u00eancia \u00e9, no fundo, desonra pr\u00e1tica.<\/p>\n<p><strong>\u00a0<\/strong><\/p>\n<p style=\"padding-left: 30px;\"><strong>O Profeta Samuel e Saul (1 Samuel 15)<\/strong><\/p>\n<p><strong>Obedecer a Deus \u00e9 um ato integral n\u00e3o parcial.<\/strong><\/p>\n<p>Saul foi rei. Deus lhe deu uma ordem clara: destrua totalmente os amalequitas. Saul obedeceu parcialmente. Quando Samuel o confrontou, Saul disse:\u00a0<em>&#8220;Obedeci ao Senhor.&#8221;<\/em>\u00a0Mentira. Toda hipocrisia come\u00e7a com a dissimula\u00e7\u00e3o da verdade. Um ato falho do julgamento dos ensinos de Deus.<\/p>\n<p>O ponto central est\u00e1 na resposta de Samuel: <em>Acaso tem o Senhor tanto prazer em holocaustos e sacrif\u00edcios quanto em que se obede\u00e7a \u00e0 sua palavra? A obedi\u00eancia \u00e9 melhor do que o sacrif\u00edcio, e a submiss\u00e3o \u00e9 melhor do que a gordura de carneiros.\u00a0<strong>Pois a rebeli\u00e3o \u00e9 como o pecado da feiti\u00e7aria, e a arrog\u00e2ncia como o mal da idolatria<\/strong><\/em> (1 Samuel 15:22-23).<\/p>\n<p>Saul desobedeceu, primeiro sinal de um cora\u00e7\u00e3o entregue a si mesmo, em que a justi\u00e7a pr\u00f3pria o torna \u00b4merecedor\u00b4 de suas decis\u00f5es, inclusive de desonrar a Deus. Consequentemente, Deus o rejeitou como rei. A apostasia da honra veio primeiro. A perda do reino veio depois.<\/p>\n<p><strong>\u00a0<\/strong><\/p>\n<p style=\"padding-left: 30px;\"><strong>O Profeta Elias e os Profetas de Baal (1 Reis 18)<\/strong><\/p>\n<p>A apostasia de Israel sob Acabe e Jezabel n\u00e3o foi uma nega\u00e7\u00e3o te\u00f3rica de Deus. O povo ainda misturava o culto ao Senhor com o culto a Baal. Elias confronta: <strong><em>At\u00e9 quando voc\u00eas v\u00e3o mancar entre duas opini\u00f5es? Se o Senhor \u00e9 Deus, sigam-no; mas se Baal \u00e9 Deus, sigam-no<\/em><\/strong> (1 Reis 18:21).<\/p>\n<p>O que havia acontecido? O povo\u00a0<strong>deixara de honrar a Deus como Deus<\/strong>. Tratavam o Senhor como um entre muitos. A apostasia da honra \u2014 tratar Deus como &#8220;leve&#8221;, sem o peso que merece \u2014 abriu a porta para a idolatria plena. Como est\u00e1 escrito em 2 Reis 17:33a, <strong><em>De maneira que temiam o SENHOR e, ao mesmo tempo, serviam aos seus pr\u00f3prios deuses&#8230;<\/em><\/strong><\/p>\n<p><strong>\u00a0<\/strong><\/p>\n<p style=\"padding-left: 30px;\"><strong>Os fariseus e Jesus (Marcos 7)<\/strong><\/p>\n<p><strong>Honrar a Deus n\u00e3o \u00e9 apenas sobre o que fazemos, mas sobre quem somos.<\/strong><\/p>\n<p>Jesus faz a acusa\u00e7\u00e3o mais contundente contra os l\u00edderes religiosos de Seu tempo: <strong><em>Bem profetizou Isa\u00edas a respeito de voc\u00eas, hip\u00f3critas, como est\u00e1 escrito: &#8216;Este povo me honra com os l\u00e1bios, mas o seu cora\u00e7\u00e3o est\u00e1 longe de mim. \u00c9 in\u00fatil o culto que me prestam, pois ensinam doutrinas que s\u00e3o preceitos humanos.&#8217; Voc\u00eas negligenciam os mandamentos de Deus e se apegam \u00e0s tradi\u00e7\u00f5es humanas <\/em><\/strong>(Marcos 7:6-8).<\/p>\n<p>Os fariseus ainda falavam de Deus. Ainda iam ao Templo. Ainda ofereciam sacrif\u00edcios, por\u00e9m <strong>sua honra era apenas labial<\/strong>. O cora\u00e7\u00e3o j\u00e1 havia apostatado da honra verdadeira. E, por isso, quando o pr\u00f3prio Deus encarnado estava diante deles, eles n\u00e3o O reconheceram \u2014 e O crucificaram.<\/p>\n<p>A apostasia da honra precedeu o assassinato do Filho de Deus.\u00a0 A apostasia plena \u00e9 apenas o est\u00e1gio final de um processo que come\u00e7ou muito antes, no terreno silencioso da honra abandonada.<\/p>\n<p>O cora\u00e7\u00e3o humano n\u00e3o se torna ateu da noite para o dia. Ele primeiro se torna\u00a0<strong>indiferente<\/strong>. Primeiro deixa de se importar com o que Deus diz. Primeiro trata a Deus como &#8220;leve&#8221;, sem import\u00e2ncia, dispens\u00e1vel. E quando a honra se vai, a obedi\u00eancia se vai. Quando a obedi\u00eancia se vai, a intimidade se vai. Quando a intimidade se vai, a f\u00e9 se vai.<\/p>\n<p>A maior amea\u00e7a \u00e0 igreja hoje n\u00e3o \u00e9 o ate\u00edsmo militante. N\u00e3o s\u00e3o as seitas. N\u00e3o \u00e9 a persegui\u00e7\u00e3o externa. A maior amea\u00e7a \u00e9 uma igreja que ainda\u00a0<strong>fala<\/strong>\u00a0de Deus mas j\u00e1 n\u00e3o O\u00a0<strong>honra<\/strong>. Uma igreja que canta louvores com os l\u00e1bios mas cujo cora\u00e7\u00e3o est\u00e1 longe. Uma igreja que tem doutrina correta mas postura errada.<\/p>\n<p>\u00a0Assim como a apostasia se inicia com a falha na honra, a restaura\u00e7\u00e3o come\u00e7a com o retorno \u00e0 honra, por isto o arrependimento, a santidade e o amor a Deus e aos outros. <em>&#8220;Aos que me honram, honrarei.&#8221; (1 Samuel 2:30)<\/em><\/p>\n<p><strong><em>Humilhai-vos, pois, sob a poderosa m\u00e3o de Deus, para que a seu tempo vos exalte<\/em><\/strong> (1 Pedro 5:6). A honra precede a exalta\u00e7\u00e3o. A humildade precede a honra. E o arrependimento precede a humildade.<\/p>\n<p style=\"padding-left: 30px;\"><strong>A doutrina n\u00e3o protege o cora\u00e7\u00e3o.<\/strong>\u00a0Voc\u00ea pode ter teologia correta e cora\u00e7\u00e3o rebelde. Os fariseus sabiam as Escrituras de cor \u2014 e crucificaram o Autor delas.<\/p>\n<p style=\"padding-left: 30px;\"><strong>A postura precede a cren\u00e7a.<\/strong>\u00a0Antes de deixar de acreditar, a pessoa deixa de se importar. Antes de negar com a boca, ela desobedece com a vida.<\/p>\n<p style=\"padding-left: 30px;\"><strong>A honra \u00e9 o term\u00f4metro da f\u00e9.<\/strong>\u00a0Quando a honra esfria, a f\u00e9 est\u00e1 doente. Quando a honra se vai, a f\u00e9 est\u00e1 morta \u2014 ainda que a pessoa continue frequentando a igreja.<\/p>\n<p style=\"padding-left: 30px;\"><strong>A restaura\u00e7\u00e3o da honra \u00e9 o primeiro passo da restaura\u00e7\u00e3o da f\u00e9.<\/strong>\u00a0Voc\u00ea n\u00e3o precisa resolver todas as suas d\u00favidas teol\u00f3gicas hoje. Mas voc\u00ea pode, hoje, se curvar. Voc\u00ea pode, hoje, honrar. Voc\u00ea pode, hoje, dizer: &#8220;Senhor, eu n\u00e3o entendo tudo, mas eu Te honro.&#8221;<\/p>\n<p>Volte para o in\u00edcio da sua jornada de f\u00e9. Lembre-se de quando voc\u00ea honrava a Deus de verdade \u2014 quando a B\u00edblia tinha peso, quando a ora\u00e7\u00e3o era doce, quando o culto era encontro.<\/p>\n<p>O que mudou? Quando foi que a honra come\u00e7ou a esfriar? O que aconteceu no seu cora\u00e7\u00e3o antes de voc\u00ea come\u00e7ar a se afastar? Volte \u00e0quele lugar. Deus est\u00e1 l\u00e1, esperando. N\u00e3o com acusa\u00e7\u00f5es, mas com bra\u00e7os abertos. <strong><em>Voltem para mim, e eu voltarei para voc\u00eas<\/em><\/strong><em> (Malaquias 3:7).<\/em><\/p>\n<p>Que o Senhor nos d\u00ea gra\u00e7a para honrar \u2014 em esp\u00edrito e em verdade \u2014 Aquele que \u00e9 digno de toda honra, gl\u00f3ria e poder. Am\u00e9m.<\/p>\n<p>Jesus est\u00e1 voltando! Desperta, tu que dormes e Cristo te iluminar\u00e1!<\/p>\n<p><strong>\u00a0<\/strong><\/p>\n<p><strong>Fernando Moreira<\/strong> (@prfernandomor) \u00e9 Pastor, Doutor em Teologia e Mestre em Computa\u00e7\u00e3o. MBA em Vendas, Marketing e IA. Membro da Academia de Letras e Mentor de alunos de MBA. Une o conhecimento t\u00e9cnico, teol\u00f3gico e executivo. Escritor. Palestrante.<\/p>\n<p><em>* O conte\u00fado do texto acima \u00e9 de colabora\u00e7\u00e3o volunt\u00e1ria, seu teor \u00e9 de total responsabilidade do autor e n\u00e3o reflete necessariamente a opini\u00e3o do Portal Guiame.<\/em><\/p>\n<p>Leia o artigo anterior: <span style=\"color: #800000;\"><strong>Crist\u00e3os conectados, f\u00e9 desconectada<\/strong><\/span><\/p>\n<p><strong>\u00a0<\/strong><\/p>\n<\/div>\n<p><br \/>\n<br \/>Fonte: Guiame <\/p>\n","protected":false},"excerpt":{"rendered":"<p>Assim diz o Senhor: &#8220;O filho honra o pai, e o servo o seu senhor. Se eu sou pai, onde est\u00e1 a minha honra? Se eu sou senhor, onde est\u00e1 o meu temor?&#8221; (Malaquias 1:6) \u00a0 H\u00e1 algo que se quebrou no mundo. Algo que nossos av\u00f3s conheciam, mas que n\u00f3s, na nossa pressa de [&hellip;]<\/p>\n","protected":false},"author":1,"featured_media":5892,"comment_status":"","ping_status":"open","sticky":false,"template":"","format":"standard","meta":{"footnotes":""},"categories":[43],"tags":[],"class_list":["post-5891","post","type-post","status-publish","format-standard","has-post-thumbnail","hentry","category-destaques"],"yoast_head":"<!-- This site is optimized with the Yoast SEO plugin v26.8 - https:\/\/yoast.com\/product\/yoast-seo-wordpress\/ -->\n<title>Honra desonrada: Quando a cultura anula a honra - R\u00e1dio Porto Seguro<\/title>\n<meta name=\"robots\" content=\"index, follow, max-snippet:-1, max-image-preview:large, max-video-preview:-1\" \/>\n<link rel=\"canonical\" href=\"https:\/\/radioportoseguro.com.br\/site\/2026\/04\/09\/honra-desonrada-quando-a-cultura-anula-a-honra\/\" \/>\n<meta property=\"og:locale\" content=\"pt_BR\" \/>\n<meta property=\"og:type\" content=\"article\" \/>\n<meta property=\"og:title\" content=\"Honra desonrada: Quando a cultura anula a honra - R\u00e1dio Porto Seguro\" \/>\n<meta property=\"og:description\" content=\"Assim diz o Senhor: &#8220;O filho honra o pai, e o servo o seu senhor. Se eu sou pai, onde est\u00e1 a minha honra? Se eu sou senhor, onde est\u00e1 o meu temor?&#8221; (Malaquias 1:6) \u00a0 H\u00e1 algo que se quebrou no mundo. Algo que nossos av\u00f3s conheciam, mas que n\u00f3s, na nossa pressa de [&hellip;]\" \/>\n<meta property=\"og:url\" content=\"https:\/\/radioportoseguro.com.br\/site\/2026\/04\/09\/honra-desonrada-quando-a-cultura-anula-a-honra\/\" \/>\n<meta property=\"og:site_name\" content=\"R\u00e1dio Porto Seguro\" \/>\n<meta property=\"article:published_time\" content=\"2026-04-10T01:12:59+00:00\" \/>\n<meta property=\"og:image\" content=\"https:\/\/media.guiame.com.br\/archives\/2026\/04\/08\/1828936019-denzel-washington.png\" \/>\n<meta name=\"author\" content=\"admin\" \/>\n<meta name=\"twitter:card\" content=\"summary_large_image\" \/>\n<meta name=\"twitter:label1\" content=\"Escrito por\" \/>\n\t<meta name=\"twitter:data1\" content=\"admin\" \/>\n\t<meta name=\"twitter:label2\" content=\"Est. tempo de leitura\" \/>\n\t<meta name=\"twitter:data2\" content=\"8 minutos\" \/>\n<script type=\"application\/ld+json\" class=\"yoast-schema-graph\">{\"@context\":\"https:\/\/schema.org\",\"@graph\":[{\"@type\":\"Article\",\"@id\":\"https:\/\/radioportoseguro.com.br\/site\/2026\/04\/09\/honra-desonrada-quando-a-cultura-anula-a-honra\/#article\",\"isPartOf\":{\"@id\":\"https:\/\/radioportoseguro.com.br\/site\/2026\/04\/09\/honra-desonrada-quando-a-cultura-anula-a-honra\/\"},\"author\":{\"name\":\"admin\",\"@id\":\"https:\/\/radioportoseguro.com.br\/site\/#\/schema\/person\/7630acdc320186f13639d3c067ec089b\"},\"headline\":\"Honra desonrada: Quando a cultura anula a honra\",\"datePublished\":\"2026-04-10T01:12:59+00:00\",\"mainEntityOfPage\":{\"@id\":\"https:\/\/radioportoseguro.com.br\/site\/2026\/04\/09\/honra-desonrada-quando-a-cultura-anula-a-honra\/\"},\"wordCount\":1703,\"image\":{\"@id\":\"https:\/\/radioportoseguro.com.br\/site\/2026\/04\/09\/honra-desonrada-quando-a-cultura-anula-a-honra\/#primaryimage\"},\"thumbnailUrl\":\"https:\/\/radioportoseguro.com.br\/site\/wp-content\/uploads\/2026\/04\/1828936019-denzel-washington.png\",\"articleSection\":[\"Destaques\"],\"inLanguage\":\"pt-BR\"},{\"@type\":\"WebPage\",\"@id\":\"https:\/\/radioportoseguro.com.br\/site\/2026\/04\/09\/honra-desonrada-quando-a-cultura-anula-a-honra\/\",\"url\":\"https:\/\/radioportoseguro.com.br\/site\/2026\/04\/09\/honra-desonrada-quando-a-cultura-anula-a-honra\/\",\"name\":\"Honra desonrada: Quando a cultura anula a honra - R\u00e1dio Porto Seguro\",\"isPartOf\":{\"@id\":\"https:\/\/radioportoseguro.com.br\/site\/#website\"},\"primaryImageOfPage\":{\"@id\":\"https:\/\/radioportoseguro.com.br\/site\/2026\/04\/09\/honra-desonrada-quando-a-cultura-anula-a-honra\/#primaryimage\"},\"image\":{\"@id\":\"https:\/\/radioportoseguro.com.br\/site\/2026\/04\/09\/honra-desonrada-quando-a-cultura-anula-a-honra\/#primaryimage\"},\"thumbnailUrl\":\"https:\/\/radioportoseguro.com.br\/site\/wp-content\/uploads\/2026\/04\/1828936019-denzel-washington.png\",\"datePublished\":\"2026-04-10T01:12:59+00:00\",\"author\":{\"@id\":\"https:\/\/radioportoseguro.com.br\/site\/#\/schema\/person\/7630acdc320186f13639d3c067ec089b\"},\"breadcrumb\":{\"@id\":\"https:\/\/radioportoseguro.com.br\/site\/2026\/04\/09\/honra-desonrada-quando-a-cultura-anula-a-honra\/#breadcrumb\"},\"inLanguage\":\"pt-BR\",\"potentialAction\":[{\"@type\":\"ReadAction\",\"target\":[\"https:\/\/radioportoseguro.com.br\/site\/2026\/04\/09\/honra-desonrada-quando-a-cultura-anula-a-honra\/\"]}]},{\"@type\":\"ImageObject\",\"inLanguage\":\"pt-BR\",\"@id\":\"https:\/\/radioportoseguro.com.br\/site\/2026\/04\/09\/honra-desonrada-quando-a-cultura-anula-a-honra\/#primaryimage\",\"url\":\"https:\/\/radioportoseguro.com.br\/site\/wp-content\/uploads\/2026\/04\/1828936019-denzel-washington.png\",\"contentUrl\":\"https:\/\/radioportoseguro.com.br\/site\/wp-content\/uploads\/2026\/04\/1828936019-denzel-washington.png\",\"width\":1200,\"height\":600},{\"@type\":\"BreadcrumbList\",\"@id\":\"https:\/\/radioportoseguro.com.br\/site\/2026\/04\/09\/honra-desonrada-quando-a-cultura-anula-a-honra\/#breadcrumb\",\"itemListElement\":[{\"@type\":\"ListItem\",\"position\":1,\"name\":\"In\u00edcio\",\"item\":\"https:\/\/radioportoseguro.com.br\/site\/\"},{\"@type\":\"ListItem\",\"position\":2,\"name\":\"Honra desonrada: Quando a cultura anula a honra\"}]},{\"@type\":\"WebSite\",\"@id\":\"https:\/\/radioportoseguro.com.br\/site\/#website\",\"url\":\"https:\/\/radioportoseguro.com.br\/site\/\",\"name\":\"R\u00e1dio Porto Seguro\",\"description\":\"\",\"potentialAction\":[{\"@type\":\"SearchAction\",\"target\":{\"@type\":\"EntryPoint\",\"urlTemplate\":\"https:\/\/radioportoseguro.com.br\/site\/?s={search_term_string}\"},\"query-input\":{\"@type\":\"PropertyValueSpecification\",\"valueRequired\":true,\"valueName\":\"search_term_string\"}}],\"inLanguage\":\"pt-BR\"},{\"@type\":\"Person\",\"@id\":\"https:\/\/radioportoseguro.com.br\/site\/#\/schema\/person\/7630acdc320186f13639d3c067ec089b\",\"name\":\"admin\",\"image\":{\"@type\":\"ImageObject\",\"inLanguage\":\"pt-BR\",\"@id\":\"https:\/\/radioportoseguro.com.br\/site\/#\/schema\/person\/image\/\",\"url\":\"https:\/\/secure.gravatar.com\/avatar\/caacf4dc1eedb68fab0df8e1ed46c448e578b2466351bbcb61e47d2ac0caaef0?s=96&d=mm&r=g\",\"contentUrl\":\"https:\/\/secure.gravatar.com\/avatar\/caacf4dc1eedb68fab0df8e1ed46c448e578b2466351bbcb61e47d2ac0caaef0?s=96&d=mm&r=g\",\"caption\":\"admin\"},\"sameAs\":[\"https:\/\/radioportoseguro.com.br\/site\"],\"url\":\"https:\/\/radioportoseguro.com.br\/site\/author\/hezio\/\"}]}<\/script>\n<!-- \/ Yoast SEO plugin. -->","yoast_head_json":{"title":"Honra desonrada: Quando a cultura anula a honra - R\u00e1dio Porto Seguro","robots":{"index":"index","follow":"follow","max-snippet":"max-snippet:-1","max-image-preview":"max-image-preview:large","max-video-preview":"max-video-preview:-1"},"canonical":"https:\/\/radioportoseguro.com.br\/site\/2026\/04\/09\/honra-desonrada-quando-a-cultura-anula-a-honra\/","og_locale":"pt_BR","og_type":"article","og_title":"Honra desonrada: Quando a cultura anula a honra - R\u00e1dio Porto Seguro","og_description":"Assim diz o Senhor: &#8220;O filho honra o pai, e o servo o seu senhor. Se eu sou pai, onde est\u00e1 a minha honra? Se eu sou senhor, onde est\u00e1 o meu temor?&#8221; (Malaquias 1:6) \u00a0 H\u00e1 algo que se quebrou no mundo. Algo que nossos av\u00f3s conheciam, mas que n\u00f3s, na nossa pressa de [&hellip;]","og_url":"https:\/\/radioportoseguro.com.br\/site\/2026\/04\/09\/honra-desonrada-quando-a-cultura-anula-a-honra\/","og_site_name":"R\u00e1dio Porto Seguro","article_published_time":"2026-04-10T01:12:59+00:00","og_image":[{"url":"https:\/\/media.guiame.com.br\/archives\/2026\/04\/08\/1828936019-denzel-washington.png","type":"","width":"","height":""}],"author":"admin","twitter_card":"summary_large_image","twitter_misc":{"Escrito por":"admin","Est. tempo de leitura":"8 minutos"},"schema":{"@context":"https:\/\/schema.org","@graph":[{"@type":"Article","@id":"https:\/\/radioportoseguro.com.br\/site\/2026\/04\/09\/honra-desonrada-quando-a-cultura-anula-a-honra\/#article","isPartOf":{"@id":"https:\/\/radioportoseguro.com.br\/site\/2026\/04\/09\/honra-desonrada-quando-a-cultura-anula-a-honra\/"},"author":{"name":"admin","@id":"https:\/\/radioportoseguro.com.br\/site\/#\/schema\/person\/7630acdc320186f13639d3c067ec089b"},"headline":"Honra desonrada: Quando a cultura anula a honra","datePublished":"2026-04-10T01:12:59+00:00","mainEntityOfPage":{"@id":"https:\/\/radioportoseguro.com.br\/site\/2026\/04\/09\/honra-desonrada-quando-a-cultura-anula-a-honra\/"},"wordCount":1703,"image":{"@id":"https:\/\/radioportoseguro.com.br\/site\/2026\/04\/09\/honra-desonrada-quando-a-cultura-anula-a-honra\/#primaryimage"},"thumbnailUrl":"https:\/\/radioportoseguro.com.br\/site\/wp-content\/uploads\/2026\/04\/1828936019-denzel-washington.png","articleSection":["Destaques"],"inLanguage":"pt-BR"},{"@type":"WebPage","@id":"https:\/\/radioportoseguro.com.br\/site\/2026\/04\/09\/honra-desonrada-quando-a-cultura-anula-a-honra\/","url":"https:\/\/radioportoseguro.com.br\/site\/2026\/04\/09\/honra-desonrada-quando-a-cultura-anula-a-honra\/","name":"Honra desonrada: Quando a cultura anula a honra - R\u00e1dio Porto Seguro","isPartOf":{"@id":"https:\/\/radioportoseguro.com.br\/site\/#website"},"primaryImageOfPage":{"@id":"https:\/\/radioportoseguro.com.br\/site\/2026\/04\/09\/honra-desonrada-quando-a-cultura-anula-a-honra\/#primaryimage"},"image":{"@id":"https:\/\/radioportoseguro.com.br\/site\/2026\/04\/09\/honra-desonrada-quando-a-cultura-anula-a-honra\/#primaryimage"},"thumbnailUrl":"https:\/\/radioportoseguro.com.br\/site\/wp-content\/uploads\/2026\/04\/1828936019-denzel-washington.png","datePublished":"2026-04-10T01:12:59+00:00","author":{"@id":"https:\/\/radioportoseguro.com.br\/site\/#\/schema\/person\/7630acdc320186f13639d3c067ec089b"},"breadcrumb":{"@id":"https:\/\/radioportoseguro.com.br\/site\/2026\/04\/09\/honra-desonrada-quando-a-cultura-anula-a-honra\/#breadcrumb"},"inLanguage":"pt-BR","potentialAction":[{"@type":"ReadAction","target":["https:\/\/radioportoseguro.com.br\/site\/2026\/04\/09\/honra-desonrada-quando-a-cultura-anula-a-honra\/"]}]},{"@type":"ImageObject","inLanguage":"pt-BR","@id":"https:\/\/radioportoseguro.com.br\/site\/2026\/04\/09\/honra-desonrada-quando-a-cultura-anula-a-honra\/#primaryimage","url":"https:\/\/radioportoseguro.com.br\/site\/wp-content\/uploads\/2026\/04\/1828936019-denzel-washington.png","contentUrl":"https:\/\/radioportoseguro.com.br\/site\/wp-content\/uploads\/2026\/04\/1828936019-denzel-washington.png","width":1200,"height":600},{"@type":"BreadcrumbList","@id":"https:\/\/radioportoseguro.com.br\/site\/2026\/04\/09\/honra-desonrada-quando-a-cultura-anula-a-honra\/#breadcrumb","itemListElement":[{"@type":"ListItem","position":1,"name":"In\u00edcio","item":"https:\/\/radioportoseguro.com.br\/site\/"},{"@type":"ListItem","position":2,"name":"Honra desonrada: Quando a cultura anula a honra"}]},{"@type":"WebSite","@id":"https:\/\/radioportoseguro.com.br\/site\/#website","url":"https:\/\/radioportoseguro.com.br\/site\/","name":"R\u00e1dio Porto Seguro","description":"","potentialAction":[{"@type":"SearchAction","target":{"@type":"EntryPoint","urlTemplate":"https:\/\/radioportoseguro.com.br\/site\/?s={search_term_string}"},"query-input":{"@type":"PropertyValueSpecification","valueRequired":true,"valueName":"search_term_string"}}],"inLanguage":"pt-BR"},{"@type":"Person","@id":"https:\/\/radioportoseguro.com.br\/site\/#\/schema\/person\/7630acdc320186f13639d3c067ec089b","name":"admin","image":{"@type":"ImageObject","inLanguage":"pt-BR","@id":"https:\/\/radioportoseguro.com.br\/site\/#\/schema\/person\/image\/","url":"https:\/\/secure.gravatar.com\/avatar\/caacf4dc1eedb68fab0df8e1ed46c448e578b2466351bbcb61e47d2ac0caaef0?s=96&d=mm&r=g","contentUrl":"https:\/\/secure.gravatar.com\/avatar\/caacf4dc1eedb68fab0df8e1ed46c448e578b2466351bbcb61e47d2ac0caaef0?s=96&d=mm&r=g","caption":"admin"},"sameAs":["https:\/\/radioportoseguro.com.br\/site"],"url":"https:\/\/radioportoseguro.com.br\/site\/author\/hezio\/"}]}},"_links":{"self":[{"href":"https:\/\/radioportoseguro.com.br\/site\/wp-json\/wp\/v2\/posts\/5891","targetHints":{"allow":["GET"]}}],"collection":[{"href":"https:\/\/radioportoseguro.com.br\/site\/wp-json\/wp\/v2\/posts"}],"about":[{"href":"https:\/\/radioportoseguro.com.br\/site\/wp-json\/wp\/v2\/types\/post"}],"author":[{"embeddable":true,"href":"https:\/\/radioportoseguro.com.br\/site\/wp-json\/wp\/v2\/users\/1"}],"replies":[{"embeddable":true,"href":"https:\/\/radioportoseguro.com.br\/site\/wp-json\/wp\/v2\/comments?post=5891"}],"version-history":[{"count":0,"href":"https:\/\/radioportoseguro.com.br\/site\/wp-json\/wp\/v2\/posts\/5891\/revisions"}],"wp:featuredmedia":[{"embeddable":true,"href":"https:\/\/radioportoseguro.com.br\/site\/wp-json\/wp\/v2\/media\/5892"}],"wp:attachment":[{"href":"https:\/\/radioportoseguro.com.br\/site\/wp-json\/wp\/v2\/media?parent=5891"}],"wp:term":[{"taxonomy":"category","embeddable":true,"href":"https:\/\/radioportoseguro.com.br\/site\/wp-json\/wp\/v2\/categories?post=5891"},{"taxonomy":"post_tag","embeddable":true,"href":"https:\/\/radioportoseguro.com.br\/site\/wp-json\/wp\/v2\/tags?post=5891"}],"curies":[{"name":"wp","href":"https:\/\/api.w.org\/{rel}","templated":true}]}}