{"id":5899,"date":"2026-04-10T02:30:46","date_gmt":"2026-04-10T05:30:46","guid":{"rendered":"https:\/\/radioportoseguro.com.br\/site\/2026\/04\/10\/atacante-da-selecao-brasileira-testemunha-se-nao-fosse-jesus-eu-nao-estaria-aqui\/"},"modified":"2026-04-10T02:30:46","modified_gmt":"2026-04-10T05:30:46","slug":"atacante-da-selecao-brasileira-testemunha-se-nao-fosse-jesus-eu-nao-estaria-aqui","status":"publish","type":"post","link":"https:\/\/radioportoseguro.com.br\/site\/2026\/04\/10\/atacante-da-selecao-brasileira-testemunha-se-nao-fosse-jesus-eu-nao-estaria-aqui\/","title":{"rendered":"Atacante da Sele\u00e7\u00e3o Brasileira testemunha: \u201cSe n\u00e3o fosse Jesus, eu n\u00e3o estaria aqui\u201d"},"content":{"rendered":"<p><br \/>\n<br \/><\/p>\n<div>\n<p><span style=\"font-weight: 400;\">O atacante Igor Thiago, da <\/span><span style=\"color: #993300;\"><strong>Sele\u00e7\u00e3o Brasileira<\/strong><\/span><span style=\"font-weight: 400;\">, \u00e9 um dos brasileiros em destaque na Premier League \u2014 principal liga de futebol da Inglaterra \u2014 e tem chamado aten\u00e7\u00e3o n\u00e3o s\u00f3 pelos gols, mas tamb\u00e9m por seu relacionamento com Deus.<\/span><\/p>\n<p><span style=\"font-weight: 400;\">Em uma entrevista recente, o jogador do Brentford, um clube da cidade de Londres, falou sobre a carreira e afirmou que o Senhor \u00e9 o respons\u00e1vel pelo seu bom desempenho em campo.\u00a0<\/span><\/p>\n<p><span style=\"font-weight: 400;\">\u201cTudo o que eu estou conquistando hoje \u00e9 primeiramente gra\u00e7as a Deus e depois gra\u00e7as \u00e0 minha fam\u00edlia\u201d, disse ele \u00e0 Caz\u00e9TV ao destacar a import\u00e2ncia da f\u00e9 e da fam\u00edlia para superar os desafios.<\/span><\/p>\n<p><span style=\"font-weight: 400;\">Revelado pelo Cruzeiro, Igor enfrentou momentos dif\u00edceis e um quadro de depress\u00e3o, experi\u00eancia que o ensinou a desenvolver resili\u00eancia.<\/span><\/p>\n<p><span style=\"font-weight: 400;\">Segundo o craque, desde a inf\u00e2ncia sua m\u00e3e lhe ensinou a ter f\u00e9 e, \u00e0 medida que crescia, aprendeu a desenvolver um relacionamento \u00edntimo com Deus.<\/span><\/p>\n<p><span style=\"font-weight: 400;\">\u201cMinha m\u00e3e que apresentou o cristianismo. Desde ent\u00e3o, eu fui s\u00f3 aperfei\u00e7oando essa coisa de intimidade, ora\u00e7\u00e3o. Ter ora\u00e7\u00e3o constante todos os dias da minha vida, nos momentos mais dif\u00edceis\u201d, relatou ele.<\/span><\/p>\n<blockquote class=\"instagram-media\" style=\"background: #FFF; border: 0; border-radius: 3px; box-shadow: 0 0 1px 0 rgba(0,0,0,0.5),0 1px 10px 0 rgba(0,0,0,0.15); margin: 1px; max-width: 540px; min-width: 326px; padding: 0; width: calc(100% - 2px);\" data-instgrm-permalink=\"https:\/\/www.instagram.com\/p\/DWkxOMVDFNG\/?utm_source=ig_embed&amp;utm_campaign=loading\" data-instgrm-version=\"14\"><p>&#13;<br \/>\n&#13;\n<\/p><\/blockquote>\n<p><span style=\"font-weight: 400;\">Em seguida, Igor refletiu sobre sua trajet\u00f3ria: \u201cDe onde eu sa\u00ed, seria algo imposs\u00edvel. Porque sair de onde eu sa\u00ed n\u00e3o \u00e9 natural \u2014 tem que ser algo sobrenatural para acontecer. Entendendo isso e realizando tudo isso hoje, eu tenho a certeza de que Deus existe\u201d.<\/span><\/p>\n<p><span style=\"font-weight: 400;\">\u201cEu n\u00e3o consigo explicar como cheguei aqui. Se n\u00e3o fosse Jesus na minha vida, e eu digo isso com toda convic\u00e7\u00e3o, eu n\u00e3o estaria vivendo o que estou vivendo hoje. Se eu tiver alguma mensagem positiva para dar, \u00e9 Jesus\u201d, acrescentou.<\/span><\/p>\n<p><strong>\u2018Oro todos os dias\u2019<\/strong><\/p>\n<p><span style=\"font-weight: 400;\">Igor testemunhou sobre sua confian\u00e7a em Deus ao falar sobre a possibilidade de <\/span><span style=\"color: #993300;\"><strong>disputar a Copa do Mundo de 2026<\/strong><\/span><span style=\"font-weight: 400;\"> pela Sele\u00e7\u00e3o Brasileira:<\/span><\/p>\n<p><span style=\"font-weight: 400;\">\u201cEu tento viver um dia ap\u00f3s o outro sem press\u00e3o. \u00c9 o maior sonho da minha vida, mas eu acredito que tudo \u00e9 um processo. Eu oro todos os dias para que, se for o momento que Deus determinou para eu chegar l\u00e1, eu vou chegar\u201d.<\/span><\/p>\n<p><span style=\"font-weight: 400;\">E continuou: \u201cEssa \u00e9 a minha perspectiva, porque durante toda a minha vida, Deus nunca me envergonhou, Ele sempre me exaltou independente dos momentos. Ent\u00e3o, eu sei que se for o momento de eu chegar l\u00e1, eu sei que eu vou e vou ficar porque foi Deus quem me levou l\u00e1\u201d.<\/span><\/p>\n<p><span style=\"font-weight: 400;\">Nesse momento, ele destacou que dentro de campo, se mant\u00e9m concentrado e ora para que Deus o direcione em todas as estrat\u00e9gias do jogo.<\/span><\/p>\n<p><span style=\"font-weight: 400;\">\u201cEu e Deus temos uma intimidade absurda. Fico o tempo todo orando: \u2018Meu Deus, que o Senhor me capacite e me direcione para a pr\u00f3xima oportunidade que vier a mim\u2019. Pode n\u00e3o parecer, mas em todo o momento eu estou orando. E, muitas vezes, sinto no meu esp\u00edrito o Esp\u00edrito Santo dizendo: \u2018Vai ali\u2019, e eu vou e fa\u00e7o\u201d.<\/span><\/p>\n<p><strong>\u2018Jesus me marcou\u2019<\/strong><\/p>\n<p><span style=\"font-weight: 400;\">Aos 24 anos, Igor vive na Inglaterra e se destacou como o brasileiro com mais gols em uma \u00fanica edi\u00e7\u00e3o da Premier League, se firmando entre os principais artilheiros da competi\u00e7\u00e3o.<\/span><\/p>\n<p><span style=\"font-weight: 400;\">Fora de campo, o jeito leve e sorridente tamb\u00e9m chama aten\u00e7\u00e3o e, segundo ele, tem uma explica\u00e7\u00e3o: \u201cIsso mostra a minha gratid\u00e3o a Deus por Ele estar me vendo\u201d.<\/span><\/p>\n<p><span style=\"font-weight: 400;\">Embora ainda tenha sonhos para conquistar, o atacante destacou que n\u00e3o mede seu sucesso apenas pela carreira no futebol.\u00a0<\/span><\/p>\n<p><span style=\"font-weight: 400;\">\u201cEu vivo com o simples. Para mim, n\u00e3o \u00e9 chegar ao Real Madrid ou estar aqui que vai determinar se eu venci ou n\u00e3o. Eu j\u00e1 venci. Jesus fez a marca Dele sobre mim. Ent\u00e3o, eu sou vitorioso\u201d, declarou Igor.<\/span><\/p>\n<p><span style=\"font-weight: 400;\">\u201cEstou sendo reconhecido jogando no Brentford, ent\u00e3o, se n\u00e3o for Deus, n\u00e3o tem como explicar\u201d, acrescentou.<\/span><\/p>\n<p><span style=\"font-weight: 400;\">Atualmente, Igor \u00e9 o segundo maior goleador da Premier League, com 19 gols em 31 partidas, atr\u00e1s apenas de Erling Haaland, do Manchester City.<\/span><\/p>\n<p><span style=\"font-weight: 400;\">O desempenho colocou o atacante no radar do t\u00e9cnico Carlo Ancelotti, da Sele\u00e7\u00e3o Brasileira. O treinador italiano, inclusive, j\u00e1 deu uma oportunidade ao jogador na \u00faltima Data Fifa, em mar\u00e7o.<\/span><\/p>\n<p><span style=\"font-weight: 400;\">Na ocasi\u00e3o, Igor marcou um dos gols na vit\u00f3ria do Brasil por 3 a 1 sobre a Cro\u00e1cia e deixou uma boa impress\u00e3o. Agora, a expectativa \u00e9 pela lista final de convocados para a Copa do Mundo que ser\u00e1 divulgada no dia 18 de maio.<\/span><\/p>\n<\/div>\n<p><script async src=\"\/\/www.instagram.com\/embed.js\"><\/script><br \/>\n<br \/><br \/>\n<br \/>Fonte: Guiame <\/p>\n","protected":false},"excerpt":{"rendered":"<p>O atacante Igor Thiago, da Sele\u00e7\u00e3o Brasileira, \u00e9 um dos brasileiros em destaque na Premier League \u2014 principal liga de futebol da Inglaterra \u2014 e tem chamado aten\u00e7\u00e3o n\u00e3o s\u00f3 pelos gols, mas tamb\u00e9m por seu relacionamento com Deus. Em uma entrevista recente, o jogador do Brentford, um clube da cidade de Londres, falou sobre [&hellip;]<\/p>\n","protected":false},"author":1,"featured_media":5900,"comment_status":"","ping_status":"open","sticky":false,"template":"","format":"standard","meta":{"footnotes":""},"categories":[43],"tags":[],"class_list":["post-5899","post","type-post","status-publish","format-standard","has-post-thumbnail","hentry","category-destaques"],"yoast_head":"<!-- This site is optimized with the Yoast SEO plugin v26.8 - https:\/\/yoast.com\/product\/yoast-seo-wordpress\/ -->\n<title>Atacante da Sele\u00e7\u00e3o Brasileira testemunha: \u201cSe n\u00e3o fosse Jesus, eu n\u00e3o estaria aqui\u201d - R\u00e1dio Porto Seguro<\/title>\n<meta name=\"robots\" content=\"index, follow, max-snippet:-1, max-image-preview:large, max-video-preview:-1\" \/>\n<link rel=\"canonical\" href=\"https:\/\/radioportoseguro.com.br\/site\/2026\/04\/10\/atacante-da-selecao-brasileira-testemunha-se-nao-fosse-jesus-eu-nao-estaria-aqui\/\" \/>\n<meta property=\"og:locale\" content=\"pt_BR\" \/>\n<meta property=\"og:type\" content=\"article\" \/>\n<meta property=\"og:title\" content=\"Atacante da Sele\u00e7\u00e3o Brasileira testemunha: \u201cSe n\u00e3o fosse Jesus, eu n\u00e3o estaria aqui\u201d - R\u00e1dio Porto Seguro\" \/>\n<meta property=\"og:description\" content=\"O atacante Igor Thiago, da Sele\u00e7\u00e3o Brasileira, \u00e9 um dos brasileiros em destaque na Premier League \u2014 principal liga de futebol da Inglaterra \u2014 e tem chamado aten\u00e7\u00e3o n\u00e3o s\u00f3 pelos gols, mas tamb\u00e9m por seu relacionamento com Deus. Em uma entrevista recente, o jogador do Brentford, um clube da cidade de Londres, falou sobre [&hellip;]\" \/>\n<meta property=\"og:url\" content=\"https:\/\/radioportoseguro.com.br\/site\/2026\/04\/10\/atacante-da-selecao-brasileira-testemunha-se-nao-fosse-jesus-eu-nao-estaria-aqui\/\" \/>\n<meta property=\"og:site_name\" content=\"R\u00e1dio Porto Seguro\" \/>\n<meta property=\"article:published_time\" content=\"2026-04-10T05:30:46+00:00\" \/>\n<meta property=\"og:image\" content=\"https:\/\/media.guiame.com.br\/archives\/2026\/04\/08\/263782446-igor-thiago.png\" \/>\n<meta name=\"author\" content=\"admin\" \/>\n<meta name=\"twitter:card\" content=\"summary_large_image\" \/>\n<meta name=\"twitter:label1\" content=\"Escrito por\" \/>\n\t<meta name=\"twitter:data1\" content=\"admin\" \/>\n\t<meta name=\"twitter:label2\" content=\"Est. tempo de leitura\" \/>\n\t<meta name=\"twitter:data2\" content=\"4 minutos\" \/>\n<script type=\"application\/ld+json\" class=\"yoast-schema-graph\">{\"@context\":\"https:\/\/schema.org\",\"@graph\":[{\"@type\":\"Article\",\"@id\":\"https:\/\/radioportoseguro.com.br\/site\/2026\/04\/10\/atacante-da-selecao-brasileira-testemunha-se-nao-fosse-jesus-eu-nao-estaria-aqui\/#article\",\"isPartOf\":{\"@id\":\"https:\/\/radioportoseguro.com.br\/site\/2026\/04\/10\/atacante-da-selecao-brasileira-testemunha-se-nao-fosse-jesus-eu-nao-estaria-aqui\/\"},\"author\":{\"name\":\"admin\",\"@id\":\"https:\/\/radioportoseguro.com.br\/site\/#\/schema\/person\/7630acdc320186f13639d3c067ec089b\"},\"headline\":\"Atacante da Sele\u00e7\u00e3o Brasileira testemunha: \u201cSe n\u00e3o fosse Jesus, eu n\u00e3o estaria aqui\u201d\",\"datePublished\":\"2026-04-10T05:30:46+00:00\",\"mainEntityOfPage\":{\"@id\":\"https:\/\/radioportoseguro.com.br\/site\/2026\/04\/10\/atacante-da-selecao-brasileira-testemunha-se-nao-fosse-jesus-eu-nao-estaria-aqui\/\"},\"wordCount\":773,\"image\":{\"@id\":\"https:\/\/radioportoseguro.com.br\/site\/2026\/04\/10\/atacante-da-selecao-brasileira-testemunha-se-nao-fosse-jesus-eu-nao-estaria-aqui\/#primaryimage\"},\"thumbnailUrl\":\"https:\/\/radioportoseguro.com.br\/site\/wp-content\/uploads\/2026\/04\/263782446-igor-thiago.png\",\"articleSection\":[\"Destaques\"],\"inLanguage\":\"pt-BR\"},{\"@type\":\"WebPage\",\"@id\":\"https:\/\/radioportoseguro.com.br\/site\/2026\/04\/10\/atacante-da-selecao-brasileira-testemunha-se-nao-fosse-jesus-eu-nao-estaria-aqui\/\",\"url\":\"https:\/\/radioportoseguro.com.br\/site\/2026\/04\/10\/atacante-da-selecao-brasileira-testemunha-se-nao-fosse-jesus-eu-nao-estaria-aqui\/\",\"name\":\"Atacante da Sele\u00e7\u00e3o Brasileira testemunha: \u201cSe n\u00e3o fosse Jesus, eu n\u00e3o estaria aqui\u201d - R\u00e1dio Porto Seguro\",\"isPartOf\":{\"@id\":\"https:\/\/radioportoseguro.com.br\/site\/#website\"},\"primaryImageOfPage\":{\"@id\":\"https:\/\/radioportoseguro.com.br\/site\/2026\/04\/10\/atacante-da-selecao-brasileira-testemunha-se-nao-fosse-jesus-eu-nao-estaria-aqui\/#primaryimage\"},\"image\":{\"@id\":\"https:\/\/radioportoseguro.com.br\/site\/2026\/04\/10\/atacante-da-selecao-brasileira-testemunha-se-nao-fosse-jesus-eu-nao-estaria-aqui\/#primaryimage\"},\"thumbnailUrl\":\"https:\/\/radioportoseguro.com.br\/site\/wp-content\/uploads\/2026\/04\/263782446-igor-thiago.png\",\"datePublished\":\"2026-04-10T05:30:46+00:00\",\"author\":{\"@id\":\"https:\/\/radioportoseguro.com.br\/site\/#\/schema\/person\/7630acdc320186f13639d3c067ec089b\"},\"breadcrumb\":{\"@id\":\"https:\/\/radioportoseguro.com.br\/site\/2026\/04\/10\/atacante-da-selecao-brasileira-testemunha-se-nao-fosse-jesus-eu-nao-estaria-aqui\/#breadcrumb\"},\"inLanguage\":\"pt-BR\",\"potentialAction\":[{\"@type\":\"ReadAction\",\"target\":[\"https:\/\/radioportoseguro.com.br\/site\/2026\/04\/10\/atacante-da-selecao-brasileira-testemunha-se-nao-fosse-jesus-eu-nao-estaria-aqui\/\"]}]},{\"@type\":\"ImageObject\",\"inLanguage\":\"pt-BR\",\"@id\":\"https:\/\/radioportoseguro.com.br\/site\/2026\/04\/10\/atacante-da-selecao-brasileira-testemunha-se-nao-fosse-jesus-eu-nao-estaria-aqui\/#primaryimage\",\"url\":\"https:\/\/radioportoseguro.com.br\/site\/wp-content\/uploads\/2026\/04\/263782446-igor-thiago.png\",\"contentUrl\":\"https:\/\/radioportoseguro.com.br\/site\/wp-content\/uploads\/2026\/04\/263782446-igor-thiago.png\",\"width\":1200,\"height\":600},{\"@type\":\"BreadcrumbList\",\"@id\":\"https:\/\/radioportoseguro.com.br\/site\/2026\/04\/10\/atacante-da-selecao-brasileira-testemunha-se-nao-fosse-jesus-eu-nao-estaria-aqui\/#breadcrumb\",\"itemListElement\":[{\"@type\":\"ListItem\",\"position\":1,\"name\":\"In\u00edcio\",\"item\":\"https:\/\/radioportoseguro.com.br\/site\/\"},{\"@type\":\"ListItem\",\"position\":2,\"name\":\"Atacante da Sele\u00e7\u00e3o Brasileira testemunha: \u201cSe n\u00e3o fosse Jesus, eu n\u00e3o estaria aqui\u201d\"}]},{\"@type\":\"WebSite\",\"@id\":\"https:\/\/radioportoseguro.com.br\/site\/#website\",\"url\":\"https:\/\/radioportoseguro.com.br\/site\/\",\"name\":\"R\u00e1dio Porto Seguro\",\"description\":\"\",\"potentialAction\":[{\"@type\":\"SearchAction\",\"target\":{\"@type\":\"EntryPoint\",\"urlTemplate\":\"https:\/\/radioportoseguro.com.br\/site\/?s={search_term_string}\"},\"query-input\":{\"@type\":\"PropertyValueSpecification\",\"valueRequired\":true,\"valueName\":\"search_term_string\"}}],\"inLanguage\":\"pt-BR\"},{\"@type\":\"Person\",\"@id\":\"https:\/\/radioportoseguro.com.br\/site\/#\/schema\/person\/7630acdc320186f13639d3c067ec089b\",\"name\":\"admin\",\"image\":{\"@type\":\"ImageObject\",\"inLanguage\":\"pt-BR\",\"@id\":\"https:\/\/radioportoseguro.com.br\/site\/#\/schema\/person\/image\/\",\"url\":\"https:\/\/secure.gravatar.com\/avatar\/caacf4dc1eedb68fab0df8e1ed46c448e578b2466351bbcb61e47d2ac0caaef0?s=96&d=mm&r=g\",\"contentUrl\":\"https:\/\/secure.gravatar.com\/avatar\/caacf4dc1eedb68fab0df8e1ed46c448e578b2466351bbcb61e47d2ac0caaef0?s=96&d=mm&r=g\",\"caption\":\"admin\"},\"sameAs\":[\"https:\/\/radioportoseguro.com.br\/site\"],\"url\":\"https:\/\/radioportoseguro.com.br\/site\/author\/hezio\/\"}]}<\/script>\n<!-- \/ Yoast SEO plugin. -->","yoast_head_json":{"title":"Atacante da Sele\u00e7\u00e3o Brasileira testemunha: \u201cSe n\u00e3o fosse Jesus, eu n\u00e3o estaria aqui\u201d - R\u00e1dio Porto Seguro","robots":{"index":"index","follow":"follow","max-snippet":"max-snippet:-1","max-image-preview":"max-image-preview:large","max-video-preview":"max-video-preview:-1"},"canonical":"https:\/\/radioportoseguro.com.br\/site\/2026\/04\/10\/atacante-da-selecao-brasileira-testemunha-se-nao-fosse-jesus-eu-nao-estaria-aqui\/","og_locale":"pt_BR","og_type":"article","og_title":"Atacante da Sele\u00e7\u00e3o Brasileira testemunha: \u201cSe n\u00e3o fosse Jesus, eu n\u00e3o estaria aqui\u201d - R\u00e1dio Porto Seguro","og_description":"O atacante Igor Thiago, da Sele\u00e7\u00e3o Brasileira, \u00e9 um dos brasileiros em destaque na Premier League \u2014 principal liga de futebol da Inglaterra \u2014 e tem chamado aten\u00e7\u00e3o n\u00e3o s\u00f3 pelos gols, mas tamb\u00e9m por seu relacionamento com Deus. Em uma entrevista recente, o jogador do Brentford, um clube da cidade de Londres, falou sobre [&hellip;]","og_url":"https:\/\/radioportoseguro.com.br\/site\/2026\/04\/10\/atacante-da-selecao-brasileira-testemunha-se-nao-fosse-jesus-eu-nao-estaria-aqui\/","og_site_name":"R\u00e1dio Porto Seguro","article_published_time":"2026-04-10T05:30:46+00:00","og_image":[{"url":"https:\/\/media.guiame.com.br\/archives\/2026\/04\/08\/263782446-igor-thiago.png","type":"","width":"","height":""}],"author":"admin","twitter_card":"summary_large_image","twitter_misc":{"Escrito por":"admin","Est. tempo de leitura":"4 minutos"},"schema":{"@context":"https:\/\/schema.org","@graph":[{"@type":"Article","@id":"https:\/\/radioportoseguro.com.br\/site\/2026\/04\/10\/atacante-da-selecao-brasileira-testemunha-se-nao-fosse-jesus-eu-nao-estaria-aqui\/#article","isPartOf":{"@id":"https:\/\/radioportoseguro.com.br\/site\/2026\/04\/10\/atacante-da-selecao-brasileira-testemunha-se-nao-fosse-jesus-eu-nao-estaria-aqui\/"},"author":{"name":"admin","@id":"https:\/\/radioportoseguro.com.br\/site\/#\/schema\/person\/7630acdc320186f13639d3c067ec089b"},"headline":"Atacante da Sele\u00e7\u00e3o Brasileira testemunha: \u201cSe n\u00e3o fosse Jesus, eu n\u00e3o estaria aqui\u201d","datePublished":"2026-04-10T05:30:46+00:00","mainEntityOfPage":{"@id":"https:\/\/radioportoseguro.com.br\/site\/2026\/04\/10\/atacante-da-selecao-brasileira-testemunha-se-nao-fosse-jesus-eu-nao-estaria-aqui\/"},"wordCount":773,"image":{"@id":"https:\/\/radioportoseguro.com.br\/site\/2026\/04\/10\/atacante-da-selecao-brasileira-testemunha-se-nao-fosse-jesus-eu-nao-estaria-aqui\/#primaryimage"},"thumbnailUrl":"https:\/\/radioportoseguro.com.br\/site\/wp-content\/uploads\/2026\/04\/263782446-igor-thiago.png","articleSection":["Destaques"],"inLanguage":"pt-BR"},{"@type":"WebPage","@id":"https:\/\/radioportoseguro.com.br\/site\/2026\/04\/10\/atacante-da-selecao-brasileira-testemunha-se-nao-fosse-jesus-eu-nao-estaria-aqui\/","url":"https:\/\/radioportoseguro.com.br\/site\/2026\/04\/10\/atacante-da-selecao-brasileira-testemunha-se-nao-fosse-jesus-eu-nao-estaria-aqui\/","name":"Atacante da Sele\u00e7\u00e3o Brasileira testemunha: \u201cSe n\u00e3o fosse Jesus, eu n\u00e3o estaria aqui\u201d - R\u00e1dio Porto Seguro","isPartOf":{"@id":"https:\/\/radioportoseguro.com.br\/site\/#website"},"primaryImageOfPage":{"@id":"https:\/\/radioportoseguro.com.br\/site\/2026\/04\/10\/atacante-da-selecao-brasileira-testemunha-se-nao-fosse-jesus-eu-nao-estaria-aqui\/#primaryimage"},"image":{"@id":"https:\/\/radioportoseguro.com.br\/site\/2026\/04\/10\/atacante-da-selecao-brasileira-testemunha-se-nao-fosse-jesus-eu-nao-estaria-aqui\/#primaryimage"},"thumbnailUrl":"https:\/\/radioportoseguro.com.br\/site\/wp-content\/uploads\/2026\/04\/263782446-igor-thiago.png","datePublished":"2026-04-10T05:30:46+00:00","author":{"@id":"https:\/\/radioportoseguro.com.br\/site\/#\/schema\/person\/7630acdc320186f13639d3c067ec089b"},"breadcrumb":{"@id":"https:\/\/radioportoseguro.com.br\/site\/2026\/04\/10\/atacante-da-selecao-brasileira-testemunha-se-nao-fosse-jesus-eu-nao-estaria-aqui\/#breadcrumb"},"inLanguage":"pt-BR","potentialAction":[{"@type":"ReadAction","target":["https:\/\/radioportoseguro.com.br\/site\/2026\/04\/10\/atacante-da-selecao-brasileira-testemunha-se-nao-fosse-jesus-eu-nao-estaria-aqui\/"]}]},{"@type":"ImageObject","inLanguage":"pt-BR","@id":"https:\/\/radioportoseguro.com.br\/site\/2026\/04\/10\/atacante-da-selecao-brasileira-testemunha-se-nao-fosse-jesus-eu-nao-estaria-aqui\/#primaryimage","url":"https:\/\/radioportoseguro.com.br\/site\/wp-content\/uploads\/2026\/04\/263782446-igor-thiago.png","contentUrl":"https:\/\/radioportoseguro.com.br\/site\/wp-content\/uploads\/2026\/04\/263782446-igor-thiago.png","width":1200,"height":600},{"@type":"BreadcrumbList","@id":"https:\/\/radioportoseguro.com.br\/site\/2026\/04\/10\/atacante-da-selecao-brasileira-testemunha-se-nao-fosse-jesus-eu-nao-estaria-aqui\/#breadcrumb","itemListElement":[{"@type":"ListItem","position":1,"name":"In\u00edcio","item":"https:\/\/radioportoseguro.com.br\/site\/"},{"@type":"ListItem","position":2,"name":"Atacante da Sele\u00e7\u00e3o Brasileira testemunha: \u201cSe n\u00e3o fosse Jesus, eu n\u00e3o estaria aqui\u201d"}]},{"@type":"WebSite","@id":"https:\/\/radioportoseguro.com.br\/site\/#website","url":"https:\/\/radioportoseguro.com.br\/site\/","name":"R\u00e1dio Porto Seguro","description":"","potentialAction":[{"@type":"SearchAction","target":{"@type":"EntryPoint","urlTemplate":"https:\/\/radioportoseguro.com.br\/site\/?s={search_term_string}"},"query-input":{"@type":"PropertyValueSpecification","valueRequired":true,"valueName":"search_term_string"}}],"inLanguage":"pt-BR"},{"@type":"Person","@id":"https:\/\/radioportoseguro.com.br\/site\/#\/schema\/person\/7630acdc320186f13639d3c067ec089b","name":"admin","image":{"@type":"ImageObject","inLanguage":"pt-BR","@id":"https:\/\/radioportoseguro.com.br\/site\/#\/schema\/person\/image\/","url":"https:\/\/secure.gravatar.com\/avatar\/caacf4dc1eedb68fab0df8e1ed46c448e578b2466351bbcb61e47d2ac0caaef0?s=96&d=mm&r=g","contentUrl":"https:\/\/secure.gravatar.com\/avatar\/caacf4dc1eedb68fab0df8e1ed46c448e578b2466351bbcb61e47d2ac0caaef0?s=96&d=mm&r=g","caption":"admin"},"sameAs":["https:\/\/radioportoseguro.com.br\/site"],"url":"https:\/\/radioportoseguro.com.br\/site\/author\/hezio\/"}]}},"_links":{"self":[{"href":"https:\/\/radioportoseguro.com.br\/site\/wp-json\/wp\/v2\/posts\/5899","targetHints":{"allow":["GET"]}}],"collection":[{"href":"https:\/\/radioportoseguro.com.br\/site\/wp-json\/wp\/v2\/posts"}],"about":[{"href":"https:\/\/radioportoseguro.com.br\/site\/wp-json\/wp\/v2\/types\/post"}],"author":[{"embeddable":true,"href":"https:\/\/radioportoseguro.com.br\/site\/wp-json\/wp\/v2\/users\/1"}],"replies":[{"embeddable":true,"href":"https:\/\/radioportoseguro.com.br\/site\/wp-json\/wp\/v2\/comments?post=5899"}],"version-history":[{"count":0,"href":"https:\/\/radioportoseguro.com.br\/site\/wp-json\/wp\/v2\/posts\/5899\/revisions"}],"wp:featuredmedia":[{"embeddable":true,"href":"https:\/\/radioportoseguro.com.br\/site\/wp-json\/wp\/v2\/media\/5900"}],"wp:attachment":[{"href":"https:\/\/radioportoseguro.com.br\/site\/wp-json\/wp\/v2\/media?parent=5899"}],"wp:term":[{"taxonomy":"category","embeddable":true,"href":"https:\/\/radioportoseguro.com.br\/site\/wp-json\/wp\/v2\/categories?post=5899"},{"taxonomy":"post_tag","embeddable":true,"href":"https:\/\/radioportoseguro.com.br\/site\/wp-json\/wp\/v2\/tags?post=5899"}],"curies":[{"name":"wp","href":"https:\/\/api.w.org\/{rel}","templated":true}]}}