{"id":5905,"date":"2026-04-10T06:32:46","date_gmt":"2026-04-10T09:32:46","guid":{"rendered":"https:\/\/radioportoseguro.com.br\/site\/2026\/04\/10\/pastor-ganha-na-justica-o-direito-de-continuar-acolhendo-sem-teto-em-igreja-nos-eua\/"},"modified":"2026-04-10T06:32:46","modified_gmt":"2026-04-10T09:32:46","slug":"pastor-ganha-na-justica-o-direito-de-continuar-acolhendo-sem-teto-em-igreja-nos-eua","status":"publish","type":"post","link":"https:\/\/radioportoseguro.com.br\/site\/2026\/04\/10\/pastor-ganha-na-justica-o-direito-de-continuar-acolhendo-sem-teto-em-igreja-nos-eua\/","title":{"rendered":"Pastor ganha na Justi\u00e7a o direito de continuar acolhendo sem-teto em igreja nos EUA"},"content":{"rendered":"<p><br \/>\n<br \/><\/p>\n<div>\n<p><span style=\"font-weight: 400;\">Na \u00faltima quinta-feira (2), um tribunal de Ohio decidiu encerrar uma tentativa de anos da prefeitura de fechar um minist\u00e9rio noturno que funciona dentro de uma igreja na cidade.<\/span><\/p>\n<p><span style=\"font-weight: 400;\">O juiz James D. Bates, do Condado de Williams, rejeitou de forma definitiva a a\u00e7\u00e3o movida pela cidade de Bryan contra a igreja Dad\u2019s Place e o pastor Chris Avell. Com isso, a igreja pode continuar aberta e <\/span><span style=\"color: #993300;\"><strong>oferecendo abrigo tempor\u00e1rio para pessoas em situa\u00e7\u00e3o de rua<\/strong><\/span><span style=\"font-weight: 400;\"> sem interfer\u00eancia das autoridades.<\/span><\/p>\n<p><span style=\"font-weight: 400;\">\u201cLouvamos a Deus por esta decis\u00e3o e pelo trabalho que Ele permite que esta igreja continue realizando em Bryan, Ohio\u201d, disse Chris Avell, pastor da Igreja Dad&#8217;s Place.<\/span><\/p>\n<p><span style=\"font-weight: 400;\">E continuou: \u201cN\u00e3o considero coincid\u00eancia que esta decis\u00e3o ocorra durante a Semana Santa, quando nossa igreja se une aos crist\u00e3os do mundo todo para celebrar a vit\u00f3ria de Cristo sobre a morte\u201d.<\/span><\/p>\n<p><strong>Direito garantido pela Constitui\u00e7\u00e3o<\/strong><\/p>\n<p><span style=\"font-weight: 400;\">Jeremy Dys, conselheiro s\u00eanior da organiza\u00e7\u00e3o jur\u00eddica First Liberty Institute, que representa a igreja, afirmou: \u201cEsta decis\u00e3o deve p\u00f4r um fim definitivo aos ataques implac\u00e1veis \u200b\u200bda cidade contra o Dad&#8217;s Place e o pastor Chris\u201d.\u00a0<\/span><\/p>\n<p><span style=\"font-weight: 400;\">\u201cTudo o que o pastor sempre quis foi manter as portas de sua igreja abertas para aqueles que precisam desesperadamente de abrigo tempor\u00e1rio. J\u00e1 passou da hora de a cidade encerrar sua campanha de ass\u00e9dio mesquinha contra esta igreja, que j\u00e1 dura tr\u00eas anos\u201d, acrescentou.<\/span><\/p>\n<p><span style=\"font-weight: 400;\">Steve Hartman, do escrit\u00f3rio de advocacia Spengler Nathanson, que tamb\u00e9m atua na defesa da igreja, disse: \u201cEste \u00e9 um grande dia para o Dad&#8217;s Place e para o pastor Chris. Esperamos e oramos para que a cidade finalmente entenda que a lei e a Constitui\u00e7\u00e3o est\u00e3o do lado da congrega\u00e7\u00e3o\u201d.<\/span><\/p>\n<p><span style=\"font-weight: 400;\">J\u00e1 Brad Hubbard, s\u00f3cio da \u00e1rea de apela\u00e7\u00f5es do escrit\u00f3rio Gibson Dunn, que defendeu o recurso em nome do Dad\u2019s Place, destacou: \u201cO exerc\u00edcio da religi\u00e3o \u2014 incluindo o servi\u00e7o aos mais vulner\u00e1veis \u200b\u200bem nossas comunidades em seus momentos de maior necessidade \u2014 merece a mais alta prote\u00e7\u00e3o garantida pela Primeira Emenda. A decis\u00e3o de hoje envia uma mensagem clara \u00e0s autoridades municipais: o pastor Chris e o Dad&#8217;s Place t\u00eam a liberdade de continuar vivendo sua f\u00e9, mantendo a igreja aberta para servir o povo de Bryan\u201d.<\/span><\/p>\n<p><strong>Exig\u00eancias n\u00e3o justificadas<\/strong><\/p>\n<p><span style=\"font-weight: 400;\">Na decis\u00e3o, o tribunal avaliou a atua\u00e7\u00e3o da prefeitura e concluiu que as exig\u00eancias feitas contra a igreja n\u00e3o foram justificadas:<\/span><\/p>\n<p><span style=\"font-weight: 400;\">\u201cAp\u00f3s aplicar o escrut\u00ednio rigoroso, o Tribunal reconhece que a aplica\u00e7\u00e3o do c\u00f3digo de inc\u00eandio pelo Chefe dos Bombeiros \u00e9 falha porque carece de um interesse leg\u00edtimo e n\u00e3o representa o meio menos restritivo de garantir a seguran\u00e7a contra inc\u00eandios. A Prefeitura concedeu isen\u00e7\u00f5es a outros estabelecimentos comerciais, como hot\u00e9is, mas se recusou a conceder uma acomoda\u00e7\u00e3o semelhante \u00e0 igreja. Isso \u00e9 fatal sob o escrut\u00ednio rigoroso. Portanto, deve ser proferida uma senten\u00e7a favor\u00e1vel ao Dad&#8217;s Place\u201d.<\/span><\/p>\n<p><span style=\"font-weight: 400;\">A igreja Dad\u2019s Place, no noroeste de Ohio, funciona 24 horas por dia para servir os mais vulner\u00e1veis \u200b\u200bda comunidade. Apesar da vit\u00f3ria, o recurso contra a <\/span><span style=\"color: #993300;\"><strong>condena\u00e7\u00e3o criminal do pastor<\/strong><\/span><span style=\"font-weight: 400;\">, decidido pelo Tribunal Municipal de Bryan, ainda est\u00e1 em an\u00e1lise no Tribunal de Apela\u00e7\u00f5es do Sexto Distrito de Ohio.<\/span><\/p>\n<p><strong>Relembre o caso<\/strong><\/p>\n<p><span style=\"font-weight: 400;\">Em mar\u00e7o de 2023, Chris decidiu manter sua igreja aberta 24 horas por dia, sete dias por semana. Seu objetivo era servir os sem-teto e a comunidade local.<\/span><\/p>\n<p><span style=\"font-weight: 400;\">No entanto, autoridades da cidade acusaram Chris de 18 viola\u00e7\u00f5es da lei de zoneamento, incluindo suposta falta de instala\u00e7\u00f5es adequadas de cozinha e lavanderia, sa\u00eddas inseguras do pr\u00e9dio e ventila\u00e7\u00e3o inadequada.<\/span><\/p>\n<p><span style=\"font-weight: 400;\">Ent\u00e3o, Chris e seus representantes legais se encontraram com autoridades de Bryan em janeiro de 2024.<\/span><\/p>\n<p><span style=\"font-weight: 400;\">Segundo o The Christian Post, ap\u00f3s a reuni\u00e3o, foi informado que as duas partes concordaram que a cidade retiraria as acusa\u00e7\u00f5es contra o pastor.\u00a0<\/span><\/p>\n<p><span style=\"font-weight: 400;\">Em troca, ele teria que apresentar a interrup\u00e7\u00e3o das opera\u00e7\u00f5es residenciais enquanto adquiria as certifica\u00e7\u00f5es de constru\u00e7\u00e3o e licen\u00e7as de zoneamento necess\u00e1rias, bem como a instala\u00e7\u00e3o de v\u00e1rias medidas de seguran\u00e7a.<\/span><\/p>\n<p><span style=\"font-weight: 400;\">Contudo, em abril de 2024, ap\u00f3s uma inspe\u00e7\u00e3o surpresa, a Dad&#8217;s Place e o propriet\u00e1rio do pr\u00e9dio, Riehle Rentals, receberam novas multas relacionadas ao abrigo de sem tetos, j\u00e1 que autoridades alegaram que duas viola\u00e7\u00f5es do c\u00f3digo de inc\u00eandio da cidade foram encontradas.\u00a0<\/span><\/p>\n<p><span style=\"font-weight: 400;\">As acusa\u00e7\u00f5es se baseavam no fato de que a igreja n\u00e3o tinha chuveiros contra inc\u00eandio em sua sala principal, onde 15 pessoas dormiam no momento da inspe\u00e7\u00e3o do chefe dos bombeiros.\u00a0<\/span><\/p>\n<p><span style=\"font-weight: 400;\">Em janeiro de 2025, um juiz do Tribunal Municipal de Bryan considerou Chris culpado pela viola\u00e7\u00e3o. O pastor foi multado em US$ 200 e condenado a 60 dias de pris\u00e3o, com pena suspensa. No entanto, o Tribunal de Apela\u00e7\u00f5es do Sexto Distrito de Ohio suspendeu a senten\u00e7a.<\/span><\/p>\n<\/div>\n<p><br \/>\n<br \/>Fonte: Guiame <\/p>\n","protected":false},"excerpt":{"rendered":"<p>Na \u00faltima quinta-feira (2), um tribunal de Ohio decidiu encerrar uma tentativa de anos da prefeitura de fechar um minist\u00e9rio noturno que funciona dentro de uma igreja na cidade. O juiz James D. Bates, do Condado de Williams, rejeitou de forma definitiva a a\u00e7\u00e3o movida pela cidade de Bryan contra a igreja Dad\u2019s Place e [&hellip;]<\/p>\n","protected":false},"author":1,"featured_media":5906,"comment_status":"","ping_status":"open","sticky":false,"template":"","format":"standard","meta":{"footnotes":""},"categories":[43],"tags":[],"class_list":["post-5905","post","type-post","status-publish","format-standard","has-post-thumbnail","hentry","category-destaques"],"yoast_head":"<!-- This site is optimized with the Yoast SEO plugin v26.8 - https:\/\/yoast.com\/product\/yoast-seo-wordpress\/ -->\n<title>Pastor ganha na Justi\u00e7a o direito de continuar acolhendo sem-teto em igreja nos EUA - R\u00e1dio Porto Seguro<\/title>\n<meta name=\"robots\" content=\"index, follow, max-snippet:-1, max-image-preview:large, max-video-preview:-1\" \/>\n<link rel=\"canonical\" href=\"https:\/\/radioportoseguro.com.br\/site\/2026\/04\/10\/pastor-ganha-na-justica-o-direito-de-continuar-acolhendo-sem-teto-em-igreja-nos-eua\/\" \/>\n<meta property=\"og:locale\" content=\"pt_BR\" \/>\n<meta property=\"og:type\" content=\"article\" \/>\n<meta property=\"og:title\" content=\"Pastor ganha na Justi\u00e7a o direito de continuar acolhendo sem-teto em igreja nos EUA - R\u00e1dio Porto Seguro\" \/>\n<meta property=\"og:description\" content=\"Na \u00faltima quinta-feira (2), um tribunal de Ohio decidiu encerrar uma tentativa de anos da prefeitura de fechar um minist\u00e9rio noturno que funciona dentro de uma igreja na cidade. O juiz James D. Bates, do Condado de Williams, rejeitou de forma definitiva a a\u00e7\u00e3o movida pela cidade de Bryan contra a igreja Dad\u2019s Place e [&hellip;]\" \/>\n<meta property=\"og:url\" content=\"https:\/\/radioportoseguro.com.br\/site\/2026\/04\/10\/pastor-ganha-na-justica-o-direito-de-continuar-acolhendo-sem-teto-em-igreja-nos-eua\/\" \/>\n<meta property=\"og:site_name\" content=\"R\u00e1dio Porto Seguro\" \/>\n<meta property=\"article:published_time\" content=\"2026-04-10T09:32:46+00:00\" \/>\n<meta property=\"og:image\" content=\"https:\/\/media.guiame.com.br\/archives\/2026\/04\/08\/677061566-o-pastor-chris-avell-ganhou-o-direito-de-manter-seu-ministerio-na-igreja.jpeg\" \/>\n<meta name=\"author\" content=\"admin\" \/>\n<meta name=\"twitter:card\" content=\"summary_large_image\" \/>\n<meta name=\"twitter:label1\" content=\"Escrito por\" \/>\n\t<meta name=\"twitter:data1\" content=\"admin\" \/>\n\t<meta name=\"twitter:label2\" content=\"Est. tempo de leitura\" \/>\n\t<meta name=\"twitter:data2\" content=\"4 minutos\" \/>\n<script type=\"application\/ld+json\" class=\"yoast-schema-graph\">{\"@context\":\"https:\/\/schema.org\",\"@graph\":[{\"@type\":\"Article\",\"@id\":\"https:\/\/radioportoseguro.com.br\/site\/2026\/04\/10\/pastor-ganha-na-justica-o-direito-de-continuar-acolhendo-sem-teto-em-igreja-nos-eua\/#article\",\"isPartOf\":{\"@id\":\"https:\/\/radioportoseguro.com.br\/site\/2026\/04\/10\/pastor-ganha-na-justica-o-direito-de-continuar-acolhendo-sem-teto-em-igreja-nos-eua\/\"},\"author\":{\"name\":\"admin\",\"@id\":\"https:\/\/radioportoseguro.com.br\/site\/#\/schema\/person\/7630acdc320186f13639d3c067ec089b\"},\"headline\":\"Pastor ganha na Justi\u00e7a o direito de continuar acolhendo sem-teto em igreja nos EUA\",\"datePublished\":\"2026-04-10T09:32:46+00:00\",\"mainEntityOfPage\":{\"@id\":\"https:\/\/radioportoseguro.com.br\/site\/2026\/04\/10\/pastor-ganha-na-justica-o-direito-de-continuar-acolhendo-sem-teto-em-igreja-nos-eua\/\"},\"wordCount\":874,\"image\":{\"@id\":\"https:\/\/radioportoseguro.com.br\/site\/2026\/04\/10\/pastor-ganha-na-justica-o-direito-de-continuar-acolhendo-sem-teto-em-igreja-nos-eua\/#primaryimage\"},\"thumbnailUrl\":\"https:\/\/radioportoseguro.com.br\/site\/wp-content\/uploads\/2026\/04\/677061566-o-pastor-chris-avell-ganhou-o-direito-de-manter-seu-ministerio-na-igreja.jpeg\",\"articleSection\":[\"Destaques\"],\"inLanguage\":\"pt-BR\"},{\"@type\":\"WebPage\",\"@id\":\"https:\/\/radioportoseguro.com.br\/site\/2026\/04\/10\/pastor-ganha-na-justica-o-direito-de-continuar-acolhendo-sem-teto-em-igreja-nos-eua\/\",\"url\":\"https:\/\/radioportoseguro.com.br\/site\/2026\/04\/10\/pastor-ganha-na-justica-o-direito-de-continuar-acolhendo-sem-teto-em-igreja-nos-eua\/\",\"name\":\"Pastor ganha na Justi\u00e7a o direito de continuar acolhendo sem-teto em igreja nos EUA - R\u00e1dio Porto Seguro\",\"isPartOf\":{\"@id\":\"https:\/\/radioportoseguro.com.br\/site\/#website\"},\"primaryImageOfPage\":{\"@id\":\"https:\/\/radioportoseguro.com.br\/site\/2026\/04\/10\/pastor-ganha-na-justica-o-direito-de-continuar-acolhendo-sem-teto-em-igreja-nos-eua\/#primaryimage\"},\"image\":{\"@id\":\"https:\/\/radioportoseguro.com.br\/site\/2026\/04\/10\/pastor-ganha-na-justica-o-direito-de-continuar-acolhendo-sem-teto-em-igreja-nos-eua\/#primaryimage\"},\"thumbnailUrl\":\"https:\/\/radioportoseguro.com.br\/site\/wp-content\/uploads\/2026\/04\/677061566-o-pastor-chris-avell-ganhou-o-direito-de-manter-seu-ministerio-na-igreja.jpeg\",\"datePublished\":\"2026-04-10T09:32:46+00:00\",\"author\":{\"@id\":\"https:\/\/radioportoseguro.com.br\/site\/#\/schema\/person\/7630acdc320186f13639d3c067ec089b\"},\"breadcrumb\":{\"@id\":\"https:\/\/radioportoseguro.com.br\/site\/2026\/04\/10\/pastor-ganha-na-justica-o-direito-de-continuar-acolhendo-sem-teto-em-igreja-nos-eua\/#breadcrumb\"},\"inLanguage\":\"pt-BR\",\"potentialAction\":[{\"@type\":\"ReadAction\",\"target\":[\"https:\/\/radioportoseguro.com.br\/site\/2026\/04\/10\/pastor-ganha-na-justica-o-direito-de-continuar-acolhendo-sem-teto-em-igreja-nos-eua\/\"]}]},{\"@type\":\"ImageObject\",\"inLanguage\":\"pt-BR\",\"@id\":\"https:\/\/radioportoseguro.com.br\/site\/2026\/04\/10\/pastor-ganha-na-justica-o-direito-de-continuar-acolhendo-sem-teto-em-igreja-nos-eua\/#primaryimage\",\"url\":\"https:\/\/radioportoseguro.com.br\/site\/wp-content\/uploads\/2026\/04\/677061566-o-pastor-chris-avell-ganhou-o-direito-de-manter-seu-ministerio-na-igreja.jpeg\",\"contentUrl\":\"https:\/\/radioportoseguro.com.br\/site\/wp-content\/uploads\/2026\/04\/677061566-o-pastor-chris-avell-ganhou-o-direito-de-manter-seu-ministerio-na-igreja.jpeg\",\"width\":1200,\"height\":600},{\"@type\":\"BreadcrumbList\",\"@id\":\"https:\/\/radioportoseguro.com.br\/site\/2026\/04\/10\/pastor-ganha-na-justica-o-direito-de-continuar-acolhendo-sem-teto-em-igreja-nos-eua\/#breadcrumb\",\"itemListElement\":[{\"@type\":\"ListItem\",\"position\":1,\"name\":\"In\u00edcio\",\"item\":\"https:\/\/radioportoseguro.com.br\/site\/\"},{\"@type\":\"ListItem\",\"position\":2,\"name\":\"Pastor ganha na Justi\u00e7a o direito de continuar acolhendo sem-teto em igreja nos EUA\"}]},{\"@type\":\"WebSite\",\"@id\":\"https:\/\/radioportoseguro.com.br\/site\/#website\",\"url\":\"https:\/\/radioportoseguro.com.br\/site\/\",\"name\":\"R\u00e1dio Porto Seguro\",\"description\":\"\",\"potentialAction\":[{\"@type\":\"SearchAction\",\"target\":{\"@type\":\"EntryPoint\",\"urlTemplate\":\"https:\/\/radioportoseguro.com.br\/site\/?s={search_term_string}\"},\"query-input\":{\"@type\":\"PropertyValueSpecification\",\"valueRequired\":true,\"valueName\":\"search_term_string\"}}],\"inLanguage\":\"pt-BR\"},{\"@type\":\"Person\",\"@id\":\"https:\/\/radioportoseguro.com.br\/site\/#\/schema\/person\/7630acdc320186f13639d3c067ec089b\",\"name\":\"admin\",\"image\":{\"@type\":\"ImageObject\",\"inLanguage\":\"pt-BR\",\"@id\":\"https:\/\/radioportoseguro.com.br\/site\/#\/schema\/person\/image\/\",\"url\":\"https:\/\/secure.gravatar.com\/avatar\/caacf4dc1eedb68fab0df8e1ed46c448e578b2466351bbcb61e47d2ac0caaef0?s=96&d=mm&r=g\",\"contentUrl\":\"https:\/\/secure.gravatar.com\/avatar\/caacf4dc1eedb68fab0df8e1ed46c448e578b2466351bbcb61e47d2ac0caaef0?s=96&d=mm&r=g\",\"caption\":\"admin\"},\"sameAs\":[\"https:\/\/radioportoseguro.com.br\/site\"],\"url\":\"https:\/\/radioportoseguro.com.br\/site\/author\/hezio\/\"}]}<\/script>\n<!-- \/ Yoast SEO plugin. -->","yoast_head_json":{"title":"Pastor ganha na Justi\u00e7a o direito de continuar acolhendo sem-teto em igreja nos EUA - R\u00e1dio Porto Seguro","robots":{"index":"index","follow":"follow","max-snippet":"max-snippet:-1","max-image-preview":"max-image-preview:large","max-video-preview":"max-video-preview:-1"},"canonical":"https:\/\/radioportoseguro.com.br\/site\/2026\/04\/10\/pastor-ganha-na-justica-o-direito-de-continuar-acolhendo-sem-teto-em-igreja-nos-eua\/","og_locale":"pt_BR","og_type":"article","og_title":"Pastor ganha na Justi\u00e7a o direito de continuar acolhendo sem-teto em igreja nos EUA - R\u00e1dio Porto Seguro","og_description":"Na \u00faltima quinta-feira (2), um tribunal de Ohio decidiu encerrar uma tentativa de anos da prefeitura de fechar um minist\u00e9rio noturno que funciona dentro de uma igreja na cidade. O juiz James D. Bates, do Condado de Williams, rejeitou de forma definitiva a a\u00e7\u00e3o movida pela cidade de Bryan contra a igreja Dad\u2019s Place e [&hellip;]","og_url":"https:\/\/radioportoseguro.com.br\/site\/2026\/04\/10\/pastor-ganha-na-justica-o-direito-de-continuar-acolhendo-sem-teto-em-igreja-nos-eua\/","og_site_name":"R\u00e1dio Porto Seguro","article_published_time":"2026-04-10T09:32:46+00:00","og_image":[{"url":"https:\/\/media.guiame.com.br\/archives\/2026\/04\/08\/677061566-o-pastor-chris-avell-ganhou-o-direito-de-manter-seu-ministerio-na-igreja.jpeg","type":"","width":"","height":""}],"author":"admin","twitter_card":"summary_large_image","twitter_misc":{"Escrito por":"admin","Est. tempo de leitura":"4 minutos"},"schema":{"@context":"https:\/\/schema.org","@graph":[{"@type":"Article","@id":"https:\/\/radioportoseguro.com.br\/site\/2026\/04\/10\/pastor-ganha-na-justica-o-direito-de-continuar-acolhendo-sem-teto-em-igreja-nos-eua\/#article","isPartOf":{"@id":"https:\/\/radioportoseguro.com.br\/site\/2026\/04\/10\/pastor-ganha-na-justica-o-direito-de-continuar-acolhendo-sem-teto-em-igreja-nos-eua\/"},"author":{"name":"admin","@id":"https:\/\/radioportoseguro.com.br\/site\/#\/schema\/person\/7630acdc320186f13639d3c067ec089b"},"headline":"Pastor ganha na Justi\u00e7a o direito de continuar acolhendo sem-teto em igreja nos EUA","datePublished":"2026-04-10T09:32:46+00:00","mainEntityOfPage":{"@id":"https:\/\/radioportoseguro.com.br\/site\/2026\/04\/10\/pastor-ganha-na-justica-o-direito-de-continuar-acolhendo-sem-teto-em-igreja-nos-eua\/"},"wordCount":874,"image":{"@id":"https:\/\/radioportoseguro.com.br\/site\/2026\/04\/10\/pastor-ganha-na-justica-o-direito-de-continuar-acolhendo-sem-teto-em-igreja-nos-eua\/#primaryimage"},"thumbnailUrl":"https:\/\/radioportoseguro.com.br\/site\/wp-content\/uploads\/2026\/04\/677061566-o-pastor-chris-avell-ganhou-o-direito-de-manter-seu-ministerio-na-igreja.jpeg","articleSection":["Destaques"],"inLanguage":"pt-BR"},{"@type":"WebPage","@id":"https:\/\/radioportoseguro.com.br\/site\/2026\/04\/10\/pastor-ganha-na-justica-o-direito-de-continuar-acolhendo-sem-teto-em-igreja-nos-eua\/","url":"https:\/\/radioportoseguro.com.br\/site\/2026\/04\/10\/pastor-ganha-na-justica-o-direito-de-continuar-acolhendo-sem-teto-em-igreja-nos-eua\/","name":"Pastor ganha na Justi\u00e7a o direito de continuar acolhendo sem-teto em igreja nos EUA - R\u00e1dio Porto Seguro","isPartOf":{"@id":"https:\/\/radioportoseguro.com.br\/site\/#website"},"primaryImageOfPage":{"@id":"https:\/\/radioportoseguro.com.br\/site\/2026\/04\/10\/pastor-ganha-na-justica-o-direito-de-continuar-acolhendo-sem-teto-em-igreja-nos-eua\/#primaryimage"},"image":{"@id":"https:\/\/radioportoseguro.com.br\/site\/2026\/04\/10\/pastor-ganha-na-justica-o-direito-de-continuar-acolhendo-sem-teto-em-igreja-nos-eua\/#primaryimage"},"thumbnailUrl":"https:\/\/radioportoseguro.com.br\/site\/wp-content\/uploads\/2026\/04\/677061566-o-pastor-chris-avell-ganhou-o-direito-de-manter-seu-ministerio-na-igreja.jpeg","datePublished":"2026-04-10T09:32:46+00:00","author":{"@id":"https:\/\/radioportoseguro.com.br\/site\/#\/schema\/person\/7630acdc320186f13639d3c067ec089b"},"breadcrumb":{"@id":"https:\/\/radioportoseguro.com.br\/site\/2026\/04\/10\/pastor-ganha-na-justica-o-direito-de-continuar-acolhendo-sem-teto-em-igreja-nos-eua\/#breadcrumb"},"inLanguage":"pt-BR","potentialAction":[{"@type":"ReadAction","target":["https:\/\/radioportoseguro.com.br\/site\/2026\/04\/10\/pastor-ganha-na-justica-o-direito-de-continuar-acolhendo-sem-teto-em-igreja-nos-eua\/"]}]},{"@type":"ImageObject","inLanguage":"pt-BR","@id":"https:\/\/radioportoseguro.com.br\/site\/2026\/04\/10\/pastor-ganha-na-justica-o-direito-de-continuar-acolhendo-sem-teto-em-igreja-nos-eua\/#primaryimage","url":"https:\/\/radioportoseguro.com.br\/site\/wp-content\/uploads\/2026\/04\/677061566-o-pastor-chris-avell-ganhou-o-direito-de-manter-seu-ministerio-na-igreja.jpeg","contentUrl":"https:\/\/radioportoseguro.com.br\/site\/wp-content\/uploads\/2026\/04\/677061566-o-pastor-chris-avell-ganhou-o-direito-de-manter-seu-ministerio-na-igreja.jpeg","width":1200,"height":600},{"@type":"BreadcrumbList","@id":"https:\/\/radioportoseguro.com.br\/site\/2026\/04\/10\/pastor-ganha-na-justica-o-direito-de-continuar-acolhendo-sem-teto-em-igreja-nos-eua\/#breadcrumb","itemListElement":[{"@type":"ListItem","position":1,"name":"In\u00edcio","item":"https:\/\/radioportoseguro.com.br\/site\/"},{"@type":"ListItem","position":2,"name":"Pastor ganha na Justi\u00e7a o direito de continuar acolhendo sem-teto em igreja nos EUA"}]},{"@type":"WebSite","@id":"https:\/\/radioportoseguro.com.br\/site\/#website","url":"https:\/\/radioportoseguro.com.br\/site\/","name":"R\u00e1dio Porto Seguro","description":"","potentialAction":[{"@type":"SearchAction","target":{"@type":"EntryPoint","urlTemplate":"https:\/\/radioportoseguro.com.br\/site\/?s={search_term_string}"},"query-input":{"@type":"PropertyValueSpecification","valueRequired":true,"valueName":"search_term_string"}}],"inLanguage":"pt-BR"},{"@type":"Person","@id":"https:\/\/radioportoseguro.com.br\/site\/#\/schema\/person\/7630acdc320186f13639d3c067ec089b","name":"admin","image":{"@type":"ImageObject","inLanguage":"pt-BR","@id":"https:\/\/radioportoseguro.com.br\/site\/#\/schema\/person\/image\/","url":"https:\/\/secure.gravatar.com\/avatar\/caacf4dc1eedb68fab0df8e1ed46c448e578b2466351bbcb61e47d2ac0caaef0?s=96&d=mm&r=g","contentUrl":"https:\/\/secure.gravatar.com\/avatar\/caacf4dc1eedb68fab0df8e1ed46c448e578b2466351bbcb61e47d2ac0caaef0?s=96&d=mm&r=g","caption":"admin"},"sameAs":["https:\/\/radioportoseguro.com.br\/site"],"url":"https:\/\/radioportoseguro.com.br\/site\/author\/hezio\/"}]}},"_links":{"self":[{"href":"https:\/\/radioportoseguro.com.br\/site\/wp-json\/wp\/v2\/posts\/5905","targetHints":{"allow":["GET"]}}],"collection":[{"href":"https:\/\/radioportoseguro.com.br\/site\/wp-json\/wp\/v2\/posts"}],"about":[{"href":"https:\/\/radioportoseguro.com.br\/site\/wp-json\/wp\/v2\/types\/post"}],"author":[{"embeddable":true,"href":"https:\/\/radioportoseguro.com.br\/site\/wp-json\/wp\/v2\/users\/1"}],"replies":[{"embeddable":true,"href":"https:\/\/radioportoseguro.com.br\/site\/wp-json\/wp\/v2\/comments?post=5905"}],"version-history":[{"count":0,"href":"https:\/\/radioportoseguro.com.br\/site\/wp-json\/wp\/v2\/posts\/5905\/revisions"}],"wp:featuredmedia":[{"embeddable":true,"href":"https:\/\/radioportoseguro.com.br\/site\/wp-json\/wp\/v2\/media\/5906"}],"wp:attachment":[{"href":"https:\/\/radioportoseguro.com.br\/site\/wp-json\/wp\/v2\/media?parent=5905"}],"wp:term":[{"taxonomy":"category","embeddable":true,"href":"https:\/\/radioportoseguro.com.br\/site\/wp-json\/wp\/v2\/categories?post=5905"},{"taxonomy":"post_tag","embeddable":true,"href":"https:\/\/radioportoseguro.com.br\/site\/wp-json\/wp\/v2\/tags?post=5905"}],"curies":[{"name":"wp","href":"https:\/\/api.w.org\/{rel}","templated":true}]}}