{"id":5925,"date":"2026-04-10T21:06:52","date_gmt":"2026-04-11T00:06:52","guid":{"rendered":"https:\/\/radioportoseguro.com.br\/site\/2026\/04\/10\/o-sopro-de-vida-redescobrindo-a-igreja-liderada-pelo-espirito-santo\/"},"modified":"2026-04-10T21:06:52","modified_gmt":"2026-04-11T00:06:52","slug":"o-sopro-de-vida-redescobrindo-a-igreja-liderada-pelo-espirito-santo","status":"publish","type":"post","link":"https:\/\/radioportoseguro.com.br\/site\/2026\/04\/10\/o-sopro-de-vida-redescobrindo-a-igreja-liderada-pelo-espirito-santo\/","title":{"rendered":"O sopro de vida: Redescobrindo a igreja liderada pelo Esp\u00edrito Santo"},"content":{"rendered":"<p><br \/>\n<br \/><\/p>\n<div>\n<p><strong><em>Introdu\u00e7\u00e3o<\/em><\/strong><\/p>\n<p>A pergunta &#8220;o que \u00e9 a Igreja?&#8221; tem ecoado atrav\u00e9s dos s\u00e9culos, recebendo respostas diversas que enfatizam sua dimens\u00e3o institucional, sacramental, comunal ou mission\u00e1ria. No entanto, uma caracter\u00edstica fundamental, ainda que frequentemente negligenciada na pr\u00e1tica, \u00e9 a sua natureza pneumatol\u00f3gica. A Igreja n\u00e3o \u00e9 meramente uma organiza\u00e7\u00e3o humana com um fundador divino; \u00e9 um organismo vivo, criado e sustentado pelo Esp\u00edrito Santo.<\/p>\n<p>O objetivo deste artigo \u00e9 investigar o conceito de uma igreja liderada pelo Esp\u00edrito Santo, contrastando-o com modelos de gest\u00e3o puramente antropoc\u00eantricos. Parte-se da hip\u00f3tese de que a marginaliza\u00e7\u00e3o do Esp\u00edrito na pr\u00e1xis eclesial resulta em uma comunidade espiritualmente \u00e1rida, burocr\u00e1tica e com dificuldades para engajar-se de forma relevante com os desafios de cada era. A metodologia empregada ser\u00e1 a an\u00e1lise exeg\u00e9tica de textos fundantes do Novo Testamento, em di\u00e1logo com perspectivas teol\u00f3gicas sistem\u00e1ticas e pr\u00e1ticas.<\/p>\n<p>\u00a0<\/p>\n<p><strong><em>1. Fundamentos Neotestament\u00e1rios: A G\u00eanese da Igreja Pneumatoc\u00eantrica<\/em><\/strong><\/p>\n<p>A Igreja Primitiva, conforme retratada no Livro de Atos dos Ap\u00f3stolos, n\u00e3o emerge de uma estrat\u00e9gia administrativa, mas de um evento pneumatol\u00f3gico fundador: o Pentecostes (Atos 2). Este evento n\u00e3o foi um mero carisma adicional, mas o batismo que constitui a Igreja como Corpo de Cristo no mundo (1 Cor\u00edntios 12:13).<\/p>\n<p style=\"padding-left: 30px;\"><strong><em>1.1. O Esp\u00edrito como Guia da Miss\u00e3o:<\/em><\/strong><br \/>Em Atos, \u00e9 patente que o Esp\u00edrito Santo \u00e9 o agente principal da expans\u00e3o da Igreja. \u00c9 o Esp\u00edrito que direciona Filipe ao eunuco (Atos 8:29), que envia Pedro \u00e0 casa de Corn\u00e9lio (Atos 10:19-20) e que aparta Barnab\u00e9 e Saulo para a obra mission\u00e1ria (Atos 13:2). A famosa declara\u00e7\u00e3o do Conc\u00edlio de Jerusal\u00e9m, &#8220;Pois pareceu bem ao Esp\u00edrito Santo e a n\u00f3s&#8230;&#8221; (Atos 15:28), demonstra uma comunidade que discerne, em submiss\u00e3o, a dire\u00e7\u00e3o do Esp\u00edrito, mesmo em quest\u00f5es doutrin\u00e1rias complexas.<\/p>\n<p style=\"padding-left: 30px;\"><strong><em>1.2. O Esp\u00edrito como Distribuidor de Dons (Carismas):<\/em><\/strong><\/p>\n<p style=\"padding-left: 30px;\">A eclesiologia paulina \u00e9 profundamente pneumatoc\u00eantrica. Em 1 Cor\u00edntios 12, Paulo descreve a Igreja como um corpo cujos membros possuem diversos <em>charismata<\/em> (dons), distribu\u00eddos soberanamente pelo Esp\u00edrito &#8220;como lhe apraz&#8221; (1 Cor\u00edntios 12:11). A lideran\u00e7a, neste modelo, n\u00e3o \u00e9 centralizadora, mas sim <em>facilitadora<\/em>, com o objetivo de &#8220;preparar os santos para a obra do minist\u00e9rio, para a edifica\u00e7\u00e3o do corpo de Cristo&#8221; (Ef\u00e9sios 4:12). A diversidade de dons, servi\u00e7os e atividades (1 Cor\u00edntios 12:4-6) aponta para uma comunidade organicamente estruturada e din\u00e2mica, onde cada membro \u00e9 um agente liderado pelo Esp\u00edrito.<\/p>\n<p>\u00a0<\/p>\n<p><strong><em>2. Desafios Hist\u00f3ricos: A Tens\u00e3o entre Carisma e Institui\u00e7\u00e3o<\/em><\/strong><\/p>\n<p>Ao longo da hist\u00f3ria, a Igreja enfrentou o desafio de equilibrar a espontaneidade do Esp\u00edrito com a necessidade de ordem e doutrina s\u00f3lida. No s\u00e9culo II, o Montanismo, com sua \u00eanfase em novas revela\u00e7\u00f5es prof\u00e9ticas, representou um perigo de entusiasmo desenfreado. Como rea\u00e7\u00e3o, a &#8220;Igreja Grande&#8221; come\u00e7ou a enfatizar estruturas episcopais mais r\u00edgidas e o c\u00e2non das Escrituras, o que, embora necess\u00e1rio, iniciou um processo de gradual &#8220;institucionaliza\u00e7\u00e3o&#8221; do Esp\u00edrito, onde a lideran\u00e7a humana tendeu a suplantar a lideran\u00e7a divina.<\/p>\n<p>Este processo se intensificou em per\u00edodos posteriores, onde a Igreja, especialmente no Ocidente, tornou-se uma pot\u00eancia pol\u00edtica e social. A lideran\u00e7a foi associada primariamente ao cargo, \u00e0 hierarquia e ao controle doutrin\u00e1rio, muitas vezes sufocando a opera\u00e7\u00e3o org\u00e2nica e distributiva do Esp\u00edrito Santo na vida do leigo.<\/p>\n<p>\u00a0<\/p>\n<p><strong><em>3. Implica\u00e7\u00f5es para uma Eclesiologia Contempor\u00e2nea Liderada pelo Esp\u00edrito<\/em><\/strong><\/p>\n<p>Redescobrir a igreja liderada pelo Esp\u00edrito n\u00e3o significa abra\u00e7ar um anti-intelectualismo ou uma desordem ca\u00f3tica. Pelo contr\u00e1rio, implica em reordenar a vida da comunidade em torno de certas convic\u00e7\u00f5es pr\u00e1ticas.<\/p>\n<p style=\"padding-left: 30px;\"><strong><em>3.1. Discernimento Coletivo sobre Planejamento Estrat\u00e9gico Exclusivo:<\/em><\/strong><\/p>\n<p style=\"padding-left: 30px;\">Uma igreja pneumatoc\u00eantrica valoriza o planejamento, mas submete-o constantemente ao crivo do discernimento coletivo. Pr\u00e1ticas como a escuta orante da Palavra, a ora\u00e7\u00e3o em conjunto e a abertura para que diferentes membros compartilhem palavras de sabedoria e conhecimento (1 Cor\u00edntios 12:8) tornam-se centrais para a tomada de decis\u00f5es. A pergunta deixa de ser apenas &#8220;O que n\u00f3s queremos fazer?&#8221; e passa a ser &#8220;O que o Esp\u00edrito est\u00e1 dizendo \u00e0 igreja?&#8221; (Apocalipse 2:7).<\/p>\n<p style=\"padding-left: 30px;\"><strong><em>3.2. Sacerd\u00f3cio Universal dos Crentes em A\u00e7\u00e3o:<\/em><\/strong><\/p>\n<p style=\"padding-left: 30px;\">A doutrina do sacerd\u00f3cio universal, resgatada pela Reforma, encontra sua plena express\u00e3o em uma igreja liderada pelo Esp\u00edrito. Se cada crente \u00e9 habitado e dotado pelo Esp\u00edrito, ent\u00e3o cada um \u00e9 um ministro em potencial. O papel da lideran\u00e7a formal (pastores, bispos) \u00e9, portanto, identificar, equipar e liberar os santos para seus minist\u00e9rios, e n\u00e3o centraliz\u00e1-los em si mesmos.<\/p>\n<p style=\"padding-left: 30px;\"><strong>3.3. Fidelidade Din\u00e2mica e Relev\u00e2ncia Prof\u00e9tica:<\/strong><\/p>\n<p style=\"padding-left: 30px;\">Uma institui\u00e7\u00e3o puramente humana tende a se tornar est\u00e1tica, preservando formas vazias de piedade. O Esp\u00edrito, por outro lado, \u00e9 din\u00e2mico \u2013 \u00e9 &#8220;sopro&#8221; (<em>pneuma<\/em>). Ele capacita a Igreja a ser fiel aos fundamentos apost\u00f3licos, ao mesmo tempo que a guia &#8220;a toda a verdade&#8221; (Jo\u00e3o 16:13), permitindo-lhe responder com relev\u00e2ncia prof\u00e9tica aos novos desafios de cada gera\u00e7\u00e3o, incluindo a p\u00f3s-modernidade.<\/p>\n<p>\u00a0<\/p>\n<p><strong><em>4. Cr\u00edticas e Respostas Poss\u00edveis<\/em><\/strong><\/p>\n<p>Um potencial contra-argumento \u00e9 o risco de subjectivismo: &#8220;Como distinguir a voz do Esp\u00edrito de impulsos humanos?&#8221;. A resposta reside no princ\u00edpio trinit\u00e1rio. O Esp\u00edrito que fala n\u00e3o \u00e9 uma for\u00e7a independente; Ele glorifica a Cristo (Jo\u00e3o 16:14) e opera em conformidade com a Palavra de Deus revelada (Escrituras). Portanto, o discernimento \u00e9 sempre comunit\u00e1rio, cristoc\u00eantrico e escritur\u00edstico. Qualquer &#8220;dire\u00e7\u00e3o&#8221; que contradiga o car\u00e1ter de Cristo revelado nos Evangelhos ou os ensinamentos apost\u00f3licos n\u00e3o pode ser atribu\u00edda ao Esp\u00edrito Santo.<\/p>\n<p>\u00a0<\/p>\n<p><strong><em>Conclus\u00e3o<\/em><\/strong><\/p>\n<p>A redescoberta da Igreja como uma comunidade liderada pelo Esp\u00edrito Santo \u00e9 mais do que uma op\u00e7\u00e3o eclesiol\u00f3gica; \u00e9 uma quest\u00e3o de vitalidade espiritual e fidelidade \u00e0 sua pr\u00f3pria origem. Significa uma transi\u00e7\u00e3o de um modelo de &#8220;gest\u00e3o de igreja&#8221; para um de &#8220;cultivo de um organismo vivo&#8221;. \u00c9 um chamado para que a comunidade de f\u00e9 viva em expectativa humilde, dependente do sopro divino que a criou, que a sustenta e que a impele para a sua miss\u00e3o no mundo.<\/p>\n<p>Submeter-se a esta lideran\u00e7a n\u00e3o \u00e9 abrir m\u00e3o da raz\u00e3o ou da ordem, mas sim ordenar a vida comunit\u00e1ria em torno da realidade din\u00e2mica e soberana de Deus. Neste modelo, a Igreja deixa de ser um farol apagado, dependente apenas de sua estrutura, e torna-se um rio de \u00e1gua viva (Jo\u00e3o 7:38-39), fluindo da fonte do Esp\u00edrito, capaz de levar refrig\u00e9rio, vida e transforma\u00e7\u00e3o a um mundo sedento.<\/p>\n<p>\u00a0<\/p>\n<p><strong><em>Refer\u00eancias Bibliogr\u00e1ficas<\/em><\/strong><\/p>\n<p>B\u00cdBLIA SAGRADA. <em>Almeida Revista e Atualizada<\/em>.<\/p>\n<p>CONGAR, Yves. <em>A Tradi\u00e7\u00e3o e a Vida da Igreja<\/em>. S\u00e3o Paulo: Paulinas, 1974.<\/p>\n<p>K\u00c4SEMANN, Ernst. <em>Ensaios Exeg\u00e9ticos<\/em>. S\u00e3o Leopoldo: Sinodal, 1978.<\/p>\n<p>MCGRATH, Alister. <em>Teologia Sistem\u00e1tica, Hist\u00f3rica e Filos\u00f3fica<\/em>. S\u00e3o Paulo: Shedd Publica\u00e7\u00f5es, 2005.<\/p>\n<p>MOLL, Rob. <em>A Igreja Reiventada: O Avivamento que Vem de Dentro<\/em>. Vi\u00e7osa: Ultimato, 2016.<\/p>\n<p>STOTT, John. <em>A Mensagem de Atos: At\u00e9 os Confins da Terra<\/em>. S\u00e3o Paulo: ABU Editora, 2008.<\/p>\n<p>VELLOSO, Guilherme. <em>Pneumatologia: A Doutrina do Esp\u00edrito Santo<\/em>. S\u00e3o Paulo: Vida Nova, 2021.<\/p>\n<p><strong>\u00a0<\/strong><\/p>\n<p><strong>Daniel Santos Ramos<\/strong> (@profdanielramos) \u00e9 professor (Portugu\u00eas\/Ingl\u00eas &#8211; SEE-MG, EJA\/EM\/EFII), colunista do Guia-me e professor de Teologia em diversos semin\u00e1rios. Possui Licenciatura em Letras (2024), Bacharelado\/Mestrado em Teologia (2013\/2015) e p\u00f3s-gradua\u00e7\u00e3o em Doc\u00eancia. Autor de 2 livros de Teologia, tem mais de 20 anos de experi\u00eancia ministerial e \u00e9 membro da Assembleia\u00a0de\u00a0Deus\u00a0em\u00a0BH.<\/p>\n<p><em>* O conte\u00fado do texto acima \u00e9 uma colabora\u00e7\u00e3o volunt\u00e1ria, de total responsabilidade do autor e n\u00e3o reflete necessariamente a opini\u00e3o do Portal Guiame.<\/em><\/p>\n<p>Leia o artigo anterior: <span style=\"color: #800000;\"><strong>A depend\u00eancia divina na constru\u00e7\u00e3o da vida: Uma an\u00e1lise do Salmo 127:1<\/strong><\/span><\/p>\n<p>\u00a0<\/p>\n<\/div>\n<p><br \/>\n<br \/>Fonte: Guiame <\/p>\n","protected":false},"excerpt":{"rendered":"<p>Introdu\u00e7\u00e3o A pergunta &#8220;o que \u00e9 a Igreja?&#8221; tem ecoado atrav\u00e9s dos s\u00e9culos, recebendo respostas diversas que enfatizam sua dimens\u00e3o institucional, sacramental, comunal ou mission\u00e1ria. No entanto, uma caracter\u00edstica fundamental, ainda que frequentemente negligenciada na pr\u00e1tica, \u00e9 a sua natureza pneumatol\u00f3gica. A Igreja n\u00e3o \u00e9 meramente uma organiza\u00e7\u00e3o humana com um fundador divino; \u00e9 um [&hellip;]<\/p>\n","protected":false},"author":1,"featured_media":5926,"comment_status":"","ping_status":"open","sticky":false,"template":"","format":"standard","meta":{"footnotes":""},"categories":[43],"tags":[],"class_list":["post-5925","post","type-post","status-publish","format-standard","has-post-thumbnail","hentry","category-destaques"],"yoast_head":"<!-- This site is optimized with the Yoast SEO plugin v26.8 - https:\/\/yoast.com\/product\/yoast-seo-wordpress\/ -->\n<title>O sopro de vida: Redescobrindo a igreja liderada pelo Esp\u00edrito Santo - R\u00e1dio Porto Seguro<\/title>\n<meta name=\"robots\" content=\"index, follow, max-snippet:-1, max-image-preview:large, max-video-preview:-1\" \/>\n<link rel=\"canonical\" href=\"https:\/\/radioportoseguro.com.br\/site\/2026\/04\/10\/o-sopro-de-vida-redescobrindo-a-igreja-liderada-pelo-espirito-santo\/\" \/>\n<meta property=\"og:locale\" content=\"pt_BR\" \/>\n<meta property=\"og:type\" content=\"article\" \/>\n<meta property=\"og:title\" content=\"O sopro de vida: Redescobrindo a igreja liderada pelo Esp\u00edrito Santo - R\u00e1dio Porto Seguro\" \/>\n<meta property=\"og:description\" content=\"Introdu\u00e7\u00e3o A pergunta &#8220;o que \u00e9 a Igreja?&#8221; tem ecoado atrav\u00e9s dos s\u00e9culos, recebendo respostas diversas que enfatizam sua dimens\u00e3o institucional, sacramental, comunal ou mission\u00e1ria. No entanto, uma caracter\u00edstica fundamental, ainda que frequentemente negligenciada na pr\u00e1tica, \u00e9 a sua natureza pneumatol\u00f3gica. A Igreja n\u00e3o \u00e9 meramente uma organiza\u00e7\u00e3o humana com um fundador divino; \u00e9 um [&hellip;]\" \/>\n<meta property=\"og:url\" content=\"https:\/\/radioportoseguro.com.br\/site\/2026\/04\/10\/o-sopro-de-vida-redescobrindo-a-igreja-liderada-pelo-espirito-santo\/\" \/>\n<meta property=\"og:site_name\" content=\"R\u00e1dio Porto Seguro\" \/>\n<meta property=\"article:published_time\" content=\"2026-04-11T00:06:52+00:00\" \/>\n<meta property=\"og:image\" content=\"https:\/\/media.guiame.com.br\/archives\/2026\/04\/09\/845924030-igreja-espirito-santo.png\" \/>\n<meta name=\"author\" content=\"admin\" \/>\n<meta name=\"twitter:card\" content=\"summary_large_image\" \/>\n<meta name=\"twitter:label1\" content=\"Escrito por\" \/>\n\t<meta name=\"twitter:data1\" content=\"admin\" \/>\n\t<meta name=\"twitter:label2\" content=\"Est. tempo de leitura\" \/>\n\t<meta name=\"twitter:data2\" content=\"7 minutos\" \/>\n<script type=\"application\/ld+json\" class=\"yoast-schema-graph\">{\"@context\":\"https:\/\/schema.org\",\"@graph\":[{\"@type\":\"Article\",\"@id\":\"https:\/\/radioportoseguro.com.br\/site\/2026\/04\/10\/o-sopro-de-vida-redescobrindo-a-igreja-liderada-pelo-espirito-santo\/#article\",\"isPartOf\":{\"@id\":\"https:\/\/radioportoseguro.com.br\/site\/2026\/04\/10\/o-sopro-de-vida-redescobrindo-a-igreja-liderada-pelo-espirito-santo\/\"},\"author\":{\"name\":\"admin\",\"@id\":\"https:\/\/radioportoseguro.com.br\/site\/#\/schema\/person\/7630acdc320186f13639d3c067ec089b\"},\"headline\":\"O sopro de vida: Redescobrindo a igreja liderada pelo Esp\u00edrito Santo\",\"datePublished\":\"2026-04-11T00:06:52+00:00\",\"mainEntityOfPage\":{\"@id\":\"https:\/\/radioportoseguro.com.br\/site\/2026\/04\/10\/o-sopro-de-vida-redescobrindo-a-igreja-liderada-pelo-espirito-santo\/\"},\"wordCount\":1342,\"image\":{\"@id\":\"https:\/\/radioportoseguro.com.br\/site\/2026\/04\/10\/o-sopro-de-vida-redescobrindo-a-igreja-liderada-pelo-espirito-santo\/#primaryimage\"},\"thumbnailUrl\":\"https:\/\/radioportoseguro.com.br\/site\/wp-content\/uploads\/2026\/04\/845924030-igreja-espirito-santo.png\",\"articleSection\":[\"Destaques\"],\"inLanguage\":\"pt-BR\"},{\"@type\":\"WebPage\",\"@id\":\"https:\/\/radioportoseguro.com.br\/site\/2026\/04\/10\/o-sopro-de-vida-redescobrindo-a-igreja-liderada-pelo-espirito-santo\/\",\"url\":\"https:\/\/radioportoseguro.com.br\/site\/2026\/04\/10\/o-sopro-de-vida-redescobrindo-a-igreja-liderada-pelo-espirito-santo\/\",\"name\":\"O sopro de vida: Redescobrindo a igreja liderada pelo Esp\u00edrito Santo - R\u00e1dio Porto Seguro\",\"isPartOf\":{\"@id\":\"https:\/\/radioportoseguro.com.br\/site\/#website\"},\"primaryImageOfPage\":{\"@id\":\"https:\/\/radioportoseguro.com.br\/site\/2026\/04\/10\/o-sopro-de-vida-redescobrindo-a-igreja-liderada-pelo-espirito-santo\/#primaryimage\"},\"image\":{\"@id\":\"https:\/\/radioportoseguro.com.br\/site\/2026\/04\/10\/o-sopro-de-vida-redescobrindo-a-igreja-liderada-pelo-espirito-santo\/#primaryimage\"},\"thumbnailUrl\":\"https:\/\/radioportoseguro.com.br\/site\/wp-content\/uploads\/2026\/04\/845924030-igreja-espirito-santo.png\",\"datePublished\":\"2026-04-11T00:06:52+00:00\",\"author\":{\"@id\":\"https:\/\/radioportoseguro.com.br\/site\/#\/schema\/person\/7630acdc320186f13639d3c067ec089b\"},\"breadcrumb\":{\"@id\":\"https:\/\/radioportoseguro.com.br\/site\/2026\/04\/10\/o-sopro-de-vida-redescobrindo-a-igreja-liderada-pelo-espirito-santo\/#breadcrumb\"},\"inLanguage\":\"pt-BR\",\"potentialAction\":[{\"@type\":\"ReadAction\",\"target\":[\"https:\/\/radioportoseguro.com.br\/site\/2026\/04\/10\/o-sopro-de-vida-redescobrindo-a-igreja-liderada-pelo-espirito-santo\/\"]}]},{\"@type\":\"ImageObject\",\"inLanguage\":\"pt-BR\",\"@id\":\"https:\/\/radioportoseguro.com.br\/site\/2026\/04\/10\/o-sopro-de-vida-redescobrindo-a-igreja-liderada-pelo-espirito-santo\/#primaryimage\",\"url\":\"https:\/\/radioportoseguro.com.br\/site\/wp-content\/uploads\/2026\/04\/845924030-igreja-espirito-santo.png\",\"contentUrl\":\"https:\/\/radioportoseguro.com.br\/site\/wp-content\/uploads\/2026\/04\/845924030-igreja-espirito-santo.png\",\"width\":1200,\"height\":600},{\"@type\":\"BreadcrumbList\",\"@id\":\"https:\/\/radioportoseguro.com.br\/site\/2026\/04\/10\/o-sopro-de-vida-redescobrindo-a-igreja-liderada-pelo-espirito-santo\/#breadcrumb\",\"itemListElement\":[{\"@type\":\"ListItem\",\"position\":1,\"name\":\"In\u00edcio\",\"item\":\"https:\/\/radioportoseguro.com.br\/site\/\"},{\"@type\":\"ListItem\",\"position\":2,\"name\":\"O sopro de vida: Redescobrindo a igreja liderada pelo Esp\u00edrito Santo\"}]},{\"@type\":\"WebSite\",\"@id\":\"https:\/\/radioportoseguro.com.br\/site\/#website\",\"url\":\"https:\/\/radioportoseguro.com.br\/site\/\",\"name\":\"R\u00e1dio Porto Seguro\",\"description\":\"\",\"potentialAction\":[{\"@type\":\"SearchAction\",\"target\":{\"@type\":\"EntryPoint\",\"urlTemplate\":\"https:\/\/radioportoseguro.com.br\/site\/?s={search_term_string}\"},\"query-input\":{\"@type\":\"PropertyValueSpecification\",\"valueRequired\":true,\"valueName\":\"search_term_string\"}}],\"inLanguage\":\"pt-BR\"},{\"@type\":\"Person\",\"@id\":\"https:\/\/radioportoseguro.com.br\/site\/#\/schema\/person\/7630acdc320186f13639d3c067ec089b\",\"name\":\"admin\",\"image\":{\"@type\":\"ImageObject\",\"inLanguage\":\"pt-BR\",\"@id\":\"https:\/\/radioportoseguro.com.br\/site\/#\/schema\/person\/image\/\",\"url\":\"https:\/\/secure.gravatar.com\/avatar\/caacf4dc1eedb68fab0df8e1ed46c448e578b2466351bbcb61e47d2ac0caaef0?s=96&d=mm&r=g\",\"contentUrl\":\"https:\/\/secure.gravatar.com\/avatar\/caacf4dc1eedb68fab0df8e1ed46c448e578b2466351bbcb61e47d2ac0caaef0?s=96&d=mm&r=g\",\"caption\":\"admin\"},\"sameAs\":[\"https:\/\/radioportoseguro.com.br\/site\"],\"url\":\"https:\/\/radioportoseguro.com.br\/site\/author\/hezio\/\"}]}<\/script>\n<!-- \/ Yoast SEO plugin. -->","yoast_head_json":{"title":"O sopro de vida: Redescobrindo a igreja liderada pelo Esp\u00edrito Santo - R\u00e1dio Porto Seguro","robots":{"index":"index","follow":"follow","max-snippet":"max-snippet:-1","max-image-preview":"max-image-preview:large","max-video-preview":"max-video-preview:-1"},"canonical":"https:\/\/radioportoseguro.com.br\/site\/2026\/04\/10\/o-sopro-de-vida-redescobrindo-a-igreja-liderada-pelo-espirito-santo\/","og_locale":"pt_BR","og_type":"article","og_title":"O sopro de vida: Redescobrindo a igreja liderada pelo Esp\u00edrito Santo - R\u00e1dio Porto Seguro","og_description":"Introdu\u00e7\u00e3o A pergunta &#8220;o que \u00e9 a Igreja?&#8221; tem ecoado atrav\u00e9s dos s\u00e9culos, recebendo respostas diversas que enfatizam sua dimens\u00e3o institucional, sacramental, comunal ou mission\u00e1ria. No entanto, uma caracter\u00edstica fundamental, ainda que frequentemente negligenciada na pr\u00e1tica, \u00e9 a sua natureza pneumatol\u00f3gica. A Igreja n\u00e3o \u00e9 meramente uma organiza\u00e7\u00e3o humana com um fundador divino; \u00e9 um [&hellip;]","og_url":"https:\/\/radioportoseguro.com.br\/site\/2026\/04\/10\/o-sopro-de-vida-redescobrindo-a-igreja-liderada-pelo-espirito-santo\/","og_site_name":"R\u00e1dio Porto Seguro","article_published_time":"2026-04-11T00:06:52+00:00","og_image":[{"url":"https:\/\/media.guiame.com.br\/archives\/2026\/04\/09\/845924030-igreja-espirito-santo.png","type":"","width":"","height":""}],"author":"admin","twitter_card":"summary_large_image","twitter_misc":{"Escrito por":"admin","Est. tempo de leitura":"7 minutos"},"schema":{"@context":"https:\/\/schema.org","@graph":[{"@type":"Article","@id":"https:\/\/radioportoseguro.com.br\/site\/2026\/04\/10\/o-sopro-de-vida-redescobrindo-a-igreja-liderada-pelo-espirito-santo\/#article","isPartOf":{"@id":"https:\/\/radioportoseguro.com.br\/site\/2026\/04\/10\/o-sopro-de-vida-redescobrindo-a-igreja-liderada-pelo-espirito-santo\/"},"author":{"name":"admin","@id":"https:\/\/radioportoseguro.com.br\/site\/#\/schema\/person\/7630acdc320186f13639d3c067ec089b"},"headline":"O sopro de vida: Redescobrindo a igreja liderada pelo Esp\u00edrito Santo","datePublished":"2026-04-11T00:06:52+00:00","mainEntityOfPage":{"@id":"https:\/\/radioportoseguro.com.br\/site\/2026\/04\/10\/o-sopro-de-vida-redescobrindo-a-igreja-liderada-pelo-espirito-santo\/"},"wordCount":1342,"image":{"@id":"https:\/\/radioportoseguro.com.br\/site\/2026\/04\/10\/o-sopro-de-vida-redescobrindo-a-igreja-liderada-pelo-espirito-santo\/#primaryimage"},"thumbnailUrl":"https:\/\/radioportoseguro.com.br\/site\/wp-content\/uploads\/2026\/04\/845924030-igreja-espirito-santo.png","articleSection":["Destaques"],"inLanguage":"pt-BR"},{"@type":"WebPage","@id":"https:\/\/radioportoseguro.com.br\/site\/2026\/04\/10\/o-sopro-de-vida-redescobrindo-a-igreja-liderada-pelo-espirito-santo\/","url":"https:\/\/radioportoseguro.com.br\/site\/2026\/04\/10\/o-sopro-de-vida-redescobrindo-a-igreja-liderada-pelo-espirito-santo\/","name":"O sopro de vida: Redescobrindo a igreja liderada pelo Esp\u00edrito Santo - R\u00e1dio Porto Seguro","isPartOf":{"@id":"https:\/\/radioportoseguro.com.br\/site\/#website"},"primaryImageOfPage":{"@id":"https:\/\/radioportoseguro.com.br\/site\/2026\/04\/10\/o-sopro-de-vida-redescobrindo-a-igreja-liderada-pelo-espirito-santo\/#primaryimage"},"image":{"@id":"https:\/\/radioportoseguro.com.br\/site\/2026\/04\/10\/o-sopro-de-vida-redescobrindo-a-igreja-liderada-pelo-espirito-santo\/#primaryimage"},"thumbnailUrl":"https:\/\/radioportoseguro.com.br\/site\/wp-content\/uploads\/2026\/04\/845924030-igreja-espirito-santo.png","datePublished":"2026-04-11T00:06:52+00:00","author":{"@id":"https:\/\/radioportoseguro.com.br\/site\/#\/schema\/person\/7630acdc320186f13639d3c067ec089b"},"breadcrumb":{"@id":"https:\/\/radioportoseguro.com.br\/site\/2026\/04\/10\/o-sopro-de-vida-redescobrindo-a-igreja-liderada-pelo-espirito-santo\/#breadcrumb"},"inLanguage":"pt-BR","potentialAction":[{"@type":"ReadAction","target":["https:\/\/radioportoseguro.com.br\/site\/2026\/04\/10\/o-sopro-de-vida-redescobrindo-a-igreja-liderada-pelo-espirito-santo\/"]}]},{"@type":"ImageObject","inLanguage":"pt-BR","@id":"https:\/\/radioportoseguro.com.br\/site\/2026\/04\/10\/o-sopro-de-vida-redescobrindo-a-igreja-liderada-pelo-espirito-santo\/#primaryimage","url":"https:\/\/radioportoseguro.com.br\/site\/wp-content\/uploads\/2026\/04\/845924030-igreja-espirito-santo.png","contentUrl":"https:\/\/radioportoseguro.com.br\/site\/wp-content\/uploads\/2026\/04\/845924030-igreja-espirito-santo.png","width":1200,"height":600},{"@type":"BreadcrumbList","@id":"https:\/\/radioportoseguro.com.br\/site\/2026\/04\/10\/o-sopro-de-vida-redescobrindo-a-igreja-liderada-pelo-espirito-santo\/#breadcrumb","itemListElement":[{"@type":"ListItem","position":1,"name":"In\u00edcio","item":"https:\/\/radioportoseguro.com.br\/site\/"},{"@type":"ListItem","position":2,"name":"O sopro de vida: Redescobrindo a igreja liderada pelo Esp\u00edrito Santo"}]},{"@type":"WebSite","@id":"https:\/\/radioportoseguro.com.br\/site\/#website","url":"https:\/\/radioportoseguro.com.br\/site\/","name":"R\u00e1dio Porto Seguro","description":"","potentialAction":[{"@type":"SearchAction","target":{"@type":"EntryPoint","urlTemplate":"https:\/\/radioportoseguro.com.br\/site\/?s={search_term_string}"},"query-input":{"@type":"PropertyValueSpecification","valueRequired":true,"valueName":"search_term_string"}}],"inLanguage":"pt-BR"},{"@type":"Person","@id":"https:\/\/radioportoseguro.com.br\/site\/#\/schema\/person\/7630acdc320186f13639d3c067ec089b","name":"admin","image":{"@type":"ImageObject","inLanguage":"pt-BR","@id":"https:\/\/radioportoseguro.com.br\/site\/#\/schema\/person\/image\/","url":"https:\/\/secure.gravatar.com\/avatar\/caacf4dc1eedb68fab0df8e1ed46c448e578b2466351bbcb61e47d2ac0caaef0?s=96&d=mm&r=g","contentUrl":"https:\/\/secure.gravatar.com\/avatar\/caacf4dc1eedb68fab0df8e1ed46c448e578b2466351bbcb61e47d2ac0caaef0?s=96&d=mm&r=g","caption":"admin"},"sameAs":["https:\/\/radioportoseguro.com.br\/site"],"url":"https:\/\/radioportoseguro.com.br\/site\/author\/hezio\/"}]}},"_links":{"self":[{"href":"https:\/\/radioportoseguro.com.br\/site\/wp-json\/wp\/v2\/posts\/5925","targetHints":{"allow":["GET"]}}],"collection":[{"href":"https:\/\/radioportoseguro.com.br\/site\/wp-json\/wp\/v2\/posts"}],"about":[{"href":"https:\/\/radioportoseguro.com.br\/site\/wp-json\/wp\/v2\/types\/post"}],"author":[{"embeddable":true,"href":"https:\/\/radioportoseguro.com.br\/site\/wp-json\/wp\/v2\/users\/1"}],"replies":[{"embeddable":true,"href":"https:\/\/radioportoseguro.com.br\/site\/wp-json\/wp\/v2\/comments?post=5925"}],"version-history":[{"count":0,"href":"https:\/\/radioportoseguro.com.br\/site\/wp-json\/wp\/v2\/posts\/5925\/revisions"}],"wp:featuredmedia":[{"embeddable":true,"href":"https:\/\/radioportoseguro.com.br\/site\/wp-json\/wp\/v2\/media\/5926"}],"wp:attachment":[{"href":"https:\/\/radioportoseguro.com.br\/site\/wp-json\/wp\/v2\/media?parent=5925"}],"wp:term":[{"taxonomy":"category","embeddable":true,"href":"https:\/\/radioportoseguro.com.br\/site\/wp-json\/wp\/v2\/categories?post=5925"},{"taxonomy":"post_tag","embeddable":true,"href":"https:\/\/radioportoseguro.com.br\/site\/wp-json\/wp\/v2\/tags?post=5925"}],"curies":[{"name":"wp","href":"https:\/\/api.w.org\/{rel}","templated":true}]}}