{"id":5927,"date":"2026-04-10T23:08:39","date_gmt":"2026-04-11T02:08:39","guid":{"rendered":"https:\/\/radioportoseguro.com.br\/site\/2026\/04\/10\/ex-muculmano-se-torna-pastor-apos-ouvir-a-voz-de-deus-ore-a-mim\/"},"modified":"2026-04-10T23:08:39","modified_gmt":"2026-04-11T02:08:39","slug":"ex-muculmano-se-torna-pastor-apos-ouvir-a-voz-de-deus-ore-a-mim","status":"publish","type":"post","link":"https:\/\/radioportoseguro.com.br\/site\/2026\/04\/10\/ex-muculmano-se-torna-pastor-apos-ouvir-a-voz-de-deus-ore-a-mim\/","title":{"rendered":"Ex-mu\u00e7ulmano se torna pastor ap\u00f3s ouvir a voz de Deus: \u201cOre a mim\u201d"},"content":{"rendered":"<p><br \/>\n<br \/><\/p>\n<div>\n<p>O objetivo \u00faltimo do regime iraniano \u00e9 eliminar Israel e os EUA. A afirma\u00e7\u00e3o \u00e9 feita por <span style=\"color: #800000;\"><strong>Reza Safa, um ex-mu\u00e7ulmano<\/strong><\/span> que conhece profundamente a vertente isl\u00e2mica radical.<\/p>\n<p>O grupo classifica Israel como o \u201cpequeno Sat\u00e3\u201d, os EUA como o \u201cgrande Sat\u00e3\u201d e considera todos os n\u00e3o mu\u00e7ulmanos como infi\u00e9is.<\/p>\n<p>Criado como mu\u00e7ulmano xiita no Ir\u00e3, ele tamb\u00e9m compartilhava dessas cren\u00e7as at\u00e9 ter um <span style=\"color: #800000;\"><strong>encontro com Jesus<\/strong><\/span>.<\/p>\n<p>Em entrevista \u00e0 CBN News, Reza falou sobre o processo de transforma\u00e7\u00e3o que mudou sua vida.<\/p>\n<p><strong>Mission\u00e1rios<\/strong><\/p>\n<p>Reza lembra que presenciou um per\u00edodo de intensa confus\u00e3o e caos durante a revolu\u00e7\u00e3o isl\u00e2mica no Ir\u00e3, experi\u00eancia que o levou a tomar uma decis\u00e3o que mudaria o rumo de sua vida.<\/p>\n<p>\u201cEnt\u00e3o, um dia, eu disse \u00e0 minha m\u00e3e: \u2018Estou deixando o Ir\u00e3 e acho que nunca mais voltarei\u2019. E assim eu parti e fui para a Su\u00e9cia\u201d, conta.<\/p>\n<p>\u201cNa Su\u00e9cia, conheci dois<span style=\"color: #800000;\"> <strong>mission\u00e1rios<\/strong> <\/span>suecos que me acolheram, me levaram para suas casas, me alimentaram e me deram uma B\u00edblia em persa. E eu comecei a ler a B\u00edblia\u201d, recordou.<\/p>\n<p>Ao se aprofundar no estudo das Escrituras, Reza teve uma experi\u00eancia transformadora que descreve como um encontro com Deus.<\/p>\n<p>\u201cOuvi a voz de Deus pela primeira vez na minha vida. Ela n\u00e3o era aud\u00edvel, mas era como se fosse\u201d, relembra.<\/p>\n<p>\u201cEu conseguia ouvi\u2011la t\u00e3o claramente quanto estou ouvindo voc\u00ea agora. E a voz me chamou em farsi, em persa \u2013 um persa perfeito, com o mesmo sotaque com que minha m\u00e3e costumava me chamar. A voz disse: \u2018Reza, voc\u00ea n\u00e3o precisa mais orar desse jeito; ore a mim\u2019.\u201d<\/p>\n<p>Com o amadurecimento de sua f\u00e9, Reza se tornou pastor crist\u00e3o e fundou a TBN Nejat\u2011TV, um canal crist\u00e3o em farsi que transmite para o Ir\u00e3 e para todo o Oriente M\u00e9dio.<\/p>\n<p><strong>Revolu\u00e7\u00e3o isl\u00e2mica<\/strong><\/p>\n<p>Como xiita devoto, ele chegou inicialmente do Ir\u00e3 aos EUA em 1978 para cursar a universidade.<\/p>\n<p>Um ano depois, retornou ao pa\u00eds para participar da Revolu\u00e7\u00e3o Iraniana, liderada pelo cl\u00e9rigo radical aiatol\u00e1 Ruhollah Khomeini, que resultou na deposi\u00e7\u00e3o do x\u00e1 Mohammad Reza Pahlavi.<\/p>\n<p>Como defensor da atual ofensiva militar contra o Ir\u00e3, ele sustenta que o presidente Trump deve manter o foco na derrubada do regime e na abertura de um caminho para a liberdade do povo iraniano.<\/p>\n<p>\u201cEste \u00e9 um momento extremamente cr\u00edtico para os Estados Unidos, para o nosso presidente e para o nosso futuro: concluir essa miss\u00e3o e derrubar esse regime\u201d, afirmou.<\/p>\n<\/div>\n<p><br \/>\n<br \/>Fonte: Guiame <\/p>\n","protected":false},"excerpt":{"rendered":"<p>O objetivo \u00faltimo do regime iraniano \u00e9 eliminar Israel e os EUA. A afirma\u00e7\u00e3o \u00e9 feita por Reza Safa, um ex-mu\u00e7ulmano que conhece profundamente a vertente isl\u00e2mica radical. O grupo classifica Israel como o \u201cpequeno Sat\u00e3\u201d, os EUA como o \u201cgrande Sat\u00e3\u201d e considera todos os n\u00e3o mu\u00e7ulmanos como infi\u00e9is. Criado como mu\u00e7ulmano xiita no [&hellip;]<\/p>\n","protected":false},"author":1,"featured_media":5928,"comment_status":"","ping_status":"open","sticky":false,"template":"","format":"standard","meta":{"footnotes":""},"categories":[43],"tags":[],"class_list":["post-5927","post","type-post","status-publish","format-standard","has-post-thumbnail","hentry","category-destaques"],"yoast_head":"<!-- This site is optimized with the Yoast SEO plugin v26.8 - https:\/\/yoast.com\/product\/yoast-seo-wordpress\/ -->\n<title>Ex-mu\u00e7ulmano se torna pastor ap\u00f3s ouvir a voz de Deus: \u201cOre a mim\u201d - R\u00e1dio Porto Seguro<\/title>\n<meta name=\"robots\" content=\"index, follow, max-snippet:-1, max-image-preview:large, max-video-preview:-1\" \/>\n<link rel=\"canonical\" href=\"https:\/\/radioportoseguro.com.br\/site\/2026\/04\/10\/ex-muculmano-se-torna-pastor-apos-ouvir-a-voz-de-deus-ore-a-mim\/\" \/>\n<meta property=\"og:locale\" content=\"pt_BR\" \/>\n<meta property=\"og:type\" content=\"article\" \/>\n<meta property=\"og:title\" content=\"Ex-mu\u00e7ulmano se torna pastor ap\u00f3s ouvir a voz de Deus: \u201cOre a mim\u201d - R\u00e1dio Porto Seguro\" \/>\n<meta property=\"og:description\" content=\"O objetivo \u00faltimo do regime iraniano \u00e9 eliminar Israel e os EUA. A afirma\u00e7\u00e3o \u00e9 feita por Reza Safa, um ex-mu\u00e7ulmano que conhece profundamente a vertente isl\u00e2mica radical. O grupo classifica Israel como o \u201cpequeno Sat\u00e3\u201d, os EUA como o \u201cgrande Sat\u00e3\u201d e considera todos os n\u00e3o mu\u00e7ulmanos como infi\u00e9is. Criado como mu\u00e7ulmano xiita no [&hellip;]\" \/>\n<meta property=\"og:url\" content=\"https:\/\/radioportoseguro.com.br\/site\/2026\/04\/10\/ex-muculmano-se-torna-pastor-apos-ouvir-a-voz-de-deus-ore-a-mim\/\" \/>\n<meta property=\"og:site_name\" content=\"R\u00e1dio Porto Seguro\" \/>\n<meta property=\"article:published_time\" content=\"2026-04-11T02:08:39+00:00\" \/>\n<meta property=\"og:image\" content=\"https:\/\/media.guiame.com.br\/archives\/2026\/04\/09\/571606956-reza-safa.png\" \/>\n<meta name=\"author\" content=\"admin\" \/>\n<meta name=\"twitter:card\" content=\"summary_large_image\" \/>\n<meta name=\"twitter:label1\" content=\"Escrito por\" \/>\n\t<meta name=\"twitter:data1\" content=\"admin\" \/>\n\t<meta name=\"twitter:label2\" content=\"Est. tempo de leitura\" \/>\n\t<meta name=\"twitter:data2\" content=\"2 minutos\" \/>\n<script type=\"application\/ld+json\" class=\"yoast-schema-graph\">{\"@context\":\"https:\/\/schema.org\",\"@graph\":[{\"@type\":\"Article\",\"@id\":\"https:\/\/radioportoseguro.com.br\/site\/2026\/04\/10\/ex-muculmano-se-torna-pastor-apos-ouvir-a-voz-de-deus-ore-a-mim\/#article\",\"isPartOf\":{\"@id\":\"https:\/\/radioportoseguro.com.br\/site\/2026\/04\/10\/ex-muculmano-se-torna-pastor-apos-ouvir-a-voz-de-deus-ore-a-mim\/\"},\"author\":{\"name\":\"admin\",\"@id\":\"https:\/\/radioportoseguro.com.br\/site\/#\/schema\/person\/7630acdc320186f13639d3c067ec089b\"},\"headline\":\"Ex-mu\u00e7ulmano se torna pastor ap\u00f3s ouvir a voz de Deus: \u201cOre a mim\u201d\",\"datePublished\":\"2026-04-11T02:08:39+00:00\",\"mainEntityOfPage\":{\"@id\":\"https:\/\/radioportoseguro.com.br\/site\/2026\/04\/10\/ex-muculmano-se-torna-pastor-apos-ouvir-a-voz-de-deus-ore-a-mim\/\"},\"wordCount\":457,\"image\":{\"@id\":\"https:\/\/radioportoseguro.com.br\/site\/2026\/04\/10\/ex-muculmano-se-torna-pastor-apos-ouvir-a-voz-de-deus-ore-a-mim\/#primaryimage\"},\"thumbnailUrl\":\"https:\/\/radioportoseguro.com.br\/site\/wp-content\/uploads\/2026\/04\/571606956-reza-safa.png\",\"articleSection\":[\"Destaques\"],\"inLanguage\":\"pt-BR\"},{\"@type\":\"WebPage\",\"@id\":\"https:\/\/radioportoseguro.com.br\/site\/2026\/04\/10\/ex-muculmano-se-torna-pastor-apos-ouvir-a-voz-de-deus-ore-a-mim\/\",\"url\":\"https:\/\/radioportoseguro.com.br\/site\/2026\/04\/10\/ex-muculmano-se-torna-pastor-apos-ouvir-a-voz-de-deus-ore-a-mim\/\",\"name\":\"Ex-mu\u00e7ulmano se torna pastor ap\u00f3s ouvir a voz de Deus: \u201cOre a mim\u201d - R\u00e1dio Porto Seguro\",\"isPartOf\":{\"@id\":\"https:\/\/radioportoseguro.com.br\/site\/#website\"},\"primaryImageOfPage\":{\"@id\":\"https:\/\/radioportoseguro.com.br\/site\/2026\/04\/10\/ex-muculmano-se-torna-pastor-apos-ouvir-a-voz-de-deus-ore-a-mim\/#primaryimage\"},\"image\":{\"@id\":\"https:\/\/radioportoseguro.com.br\/site\/2026\/04\/10\/ex-muculmano-se-torna-pastor-apos-ouvir-a-voz-de-deus-ore-a-mim\/#primaryimage\"},\"thumbnailUrl\":\"https:\/\/radioportoseguro.com.br\/site\/wp-content\/uploads\/2026\/04\/571606956-reza-safa.png\",\"datePublished\":\"2026-04-11T02:08:39+00:00\",\"author\":{\"@id\":\"https:\/\/radioportoseguro.com.br\/site\/#\/schema\/person\/7630acdc320186f13639d3c067ec089b\"},\"breadcrumb\":{\"@id\":\"https:\/\/radioportoseguro.com.br\/site\/2026\/04\/10\/ex-muculmano-se-torna-pastor-apos-ouvir-a-voz-de-deus-ore-a-mim\/#breadcrumb\"},\"inLanguage\":\"pt-BR\",\"potentialAction\":[{\"@type\":\"ReadAction\",\"target\":[\"https:\/\/radioportoseguro.com.br\/site\/2026\/04\/10\/ex-muculmano-se-torna-pastor-apos-ouvir-a-voz-de-deus-ore-a-mim\/\"]}]},{\"@type\":\"ImageObject\",\"inLanguage\":\"pt-BR\",\"@id\":\"https:\/\/radioportoseguro.com.br\/site\/2026\/04\/10\/ex-muculmano-se-torna-pastor-apos-ouvir-a-voz-de-deus-ore-a-mim\/#primaryimage\",\"url\":\"https:\/\/radioportoseguro.com.br\/site\/wp-content\/uploads\/2026\/04\/571606956-reza-safa.png\",\"contentUrl\":\"https:\/\/radioportoseguro.com.br\/site\/wp-content\/uploads\/2026\/04\/571606956-reza-safa.png\",\"width\":1200,\"height\":600},{\"@type\":\"BreadcrumbList\",\"@id\":\"https:\/\/radioportoseguro.com.br\/site\/2026\/04\/10\/ex-muculmano-se-torna-pastor-apos-ouvir-a-voz-de-deus-ore-a-mim\/#breadcrumb\",\"itemListElement\":[{\"@type\":\"ListItem\",\"position\":1,\"name\":\"In\u00edcio\",\"item\":\"https:\/\/radioportoseguro.com.br\/site\/\"},{\"@type\":\"ListItem\",\"position\":2,\"name\":\"Ex-mu\u00e7ulmano se torna pastor ap\u00f3s ouvir a voz de Deus: \u201cOre a mim\u201d\"}]},{\"@type\":\"WebSite\",\"@id\":\"https:\/\/radioportoseguro.com.br\/site\/#website\",\"url\":\"https:\/\/radioportoseguro.com.br\/site\/\",\"name\":\"R\u00e1dio Porto Seguro\",\"description\":\"\",\"potentialAction\":[{\"@type\":\"SearchAction\",\"target\":{\"@type\":\"EntryPoint\",\"urlTemplate\":\"https:\/\/radioportoseguro.com.br\/site\/?s={search_term_string}\"},\"query-input\":{\"@type\":\"PropertyValueSpecification\",\"valueRequired\":true,\"valueName\":\"search_term_string\"}}],\"inLanguage\":\"pt-BR\"},{\"@type\":\"Person\",\"@id\":\"https:\/\/radioportoseguro.com.br\/site\/#\/schema\/person\/7630acdc320186f13639d3c067ec089b\",\"name\":\"admin\",\"image\":{\"@type\":\"ImageObject\",\"inLanguage\":\"pt-BR\",\"@id\":\"https:\/\/radioportoseguro.com.br\/site\/#\/schema\/person\/image\/\",\"url\":\"https:\/\/secure.gravatar.com\/avatar\/caacf4dc1eedb68fab0df8e1ed46c448e578b2466351bbcb61e47d2ac0caaef0?s=96&d=mm&r=g\",\"contentUrl\":\"https:\/\/secure.gravatar.com\/avatar\/caacf4dc1eedb68fab0df8e1ed46c448e578b2466351bbcb61e47d2ac0caaef0?s=96&d=mm&r=g\",\"caption\":\"admin\"},\"sameAs\":[\"https:\/\/radioportoseguro.com.br\/site\"],\"url\":\"https:\/\/radioportoseguro.com.br\/site\/author\/hezio\/\"}]}<\/script>\n<!-- \/ Yoast SEO plugin. -->","yoast_head_json":{"title":"Ex-mu\u00e7ulmano se torna pastor ap\u00f3s ouvir a voz de Deus: \u201cOre a mim\u201d - R\u00e1dio Porto Seguro","robots":{"index":"index","follow":"follow","max-snippet":"max-snippet:-1","max-image-preview":"max-image-preview:large","max-video-preview":"max-video-preview:-1"},"canonical":"https:\/\/radioportoseguro.com.br\/site\/2026\/04\/10\/ex-muculmano-se-torna-pastor-apos-ouvir-a-voz-de-deus-ore-a-mim\/","og_locale":"pt_BR","og_type":"article","og_title":"Ex-mu\u00e7ulmano se torna pastor ap\u00f3s ouvir a voz de Deus: \u201cOre a mim\u201d - R\u00e1dio Porto Seguro","og_description":"O objetivo \u00faltimo do regime iraniano \u00e9 eliminar Israel e os EUA. A afirma\u00e7\u00e3o \u00e9 feita por Reza Safa, um ex-mu\u00e7ulmano que conhece profundamente a vertente isl\u00e2mica radical. O grupo classifica Israel como o \u201cpequeno Sat\u00e3\u201d, os EUA como o \u201cgrande Sat\u00e3\u201d e considera todos os n\u00e3o mu\u00e7ulmanos como infi\u00e9is. Criado como mu\u00e7ulmano xiita no [&hellip;]","og_url":"https:\/\/radioportoseguro.com.br\/site\/2026\/04\/10\/ex-muculmano-se-torna-pastor-apos-ouvir-a-voz-de-deus-ore-a-mim\/","og_site_name":"R\u00e1dio Porto Seguro","article_published_time":"2026-04-11T02:08:39+00:00","og_image":[{"url":"https:\/\/media.guiame.com.br\/archives\/2026\/04\/09\/571606956-reza-safa.png","type":"","width":"","height":""}],"author":"admin","twitter_card":"summary_large_image","twitter_misc":{"Escrito por":"admin","Est. tempo de leitura":"2 minutos"},"schema":{"@context":"https:\/\/schema.org","@graph":[{"@type":"Article","@id":"https:\/\/radioportoseguro.com.br\/site\/2026\/04\/10\/ex-muculmano-se-torna-pastor-apos-ouvir-a-voz-de-deus-ore-a-mim\/#article","isPartOf":{"@id":"https:\/\/radioportoseguro.com.br\/site\/2026\/04\/10\/ex-muculmano-se-torna-pastor-apos-ouvir-a-voz-de-deus-ore-a-mim\/"},"author":{"name":"admin","@id":"https:\/\/radioportoseguro.com.br\/site\/#\/schema\/person\/7630acdc320186f13639d3c067ec089b"},"headline":"Ex-mu\u00e7ulmano se torna pastor ap\u00f3s ouvir a voz de Deus: \u201cOre a mim\u201d","datePublished":"2026-04-11T02:08:39+00:00","mainEntityOfPage":{"@id":"https:\/\/radioportoseguro.com.br\/site\/2026\/04\/10\/ex-muculmano-se-torna-pastor-apos-ouvir-a-voz-de-deus-ore-a-mim\/"},"wordCount":457,"image":{"@id":"https:\/\/radioportoseguro.com.br\/site\/2026\/04\/10\/ex-muculmano-se-torna-pastor-apos-ouvir-a-voz-de-deus-ore-a-mim\/#primaryimage"},"thumbnailUrl":"https:\/\/radioportoseguro.com.br\/site\/wp-content\/uploads\/2026\/04\/571606956-reza-safa.png","articleSection":["Destaques"],"inLanguage":"pt-BR"},{"@type":"WebPage","@id":"https:\/\/radioportoseguro.com.br\/site\/2026\/04\/10\/ex-muculmano-se-torna-pastor-apos-ouvir-a-voz-de-deus-ore-a-mim\/","url":"https:\/\/radioportoseguro.com.br\/site\/2026\/04\/10\/ex-muculmano-se-torna-pastor-apos-ouvir-a-voz-de-deus-ore-a-mim\/","name":"Ex-mu\u00e7ulmano se torna pastor ap\u00f3s ouvir a voz de Deus: \u201cOre a mim\u201d - R\u00e1dio Porto Seguro","isPartOf":{"@id":"https:\/\/radioportoseguro.com.br\/site\/#website"},"primaryImageOfPage":{"@id":"https:\/\/radioportoseguro.com.br\/site\/2026\/04\/10\/ex-muculmano-se-torna-pastor-apos-ouvir-a-voz-de-deus-ore-a-mim\/#primaryimage"},"image":{"@id":"https:\/\/radioportoseguro.com.br\/site\/2026\/04\/10\/ex-muculmano-se-torna-pastor-apos-ouvir-a-voz-de-deus-ore-a-mim\/#primaryimage"},"thumbnailUrl":"https:\/\/radioportoseguro.com.br\/site\/wp-content\/uploads\/2026\/04\/571606956-reza-safa.png","datePublished":"2026-04-11T02:08:39+00:00","author":{"@id":"https:\/\/radioportoseguro.com.br\/site\/#\/schema\/person\/7630acdc320186f13639d3c067ec089b"},"breadcrumb":{"@id":"https:\/\/radioportoseguro.com.br\/site\/2026\/04\/10\/ex-muculmano-se-torna-pastor-apos-ouvir-a-voz-de-deus-ore-a-mim\/#breadcrumb"},"inLanguage":"pt-BR","potentialAction":[{"@type":"ReadAction","target":["https:\/\/radioportoseguro.com.br\/site\/2026\/04\/10\/ex-muculmano-se-torna-pastor-apos-ouvir-a-voz-de-deus-ore-a-mim\/"]}]},{"@type":"ImageObject","inLanguage":"pt-BR","@id":"https:\/\/radioportoseguro.com.br\/site\/2026\/04\/10\/ex-muculmano-se-torna-pastor-apos-ouvir-a-voz-de-deus-ore-a-mim\/#primaryimage","url":"https:\/\/radioportoseguro.com.br\/site\/wp-content\/uploads\/2026\/04\/571606956-reza-safa.png","contentUrl":"https:\/\/radioportoseguro.com.br\/site\/wp-content\/uploads\/2026\/04\/571606956-reza-safa.png","width":1200,"height":600},{"@type":"BreadcrumbList","@id":"https:\/\/radioportoseguro.com.br\/site\/2026\/04\/10\/ex-muculmano-se-torna-pastor-apos-ouvir-a-voz-de-deus-ore-a-mim\/#breadcrumb","itemListElement":[{"@type":"ListItem","position":1,"name":"In\u00edcio","item":"https:\/\/radioportoseguro.com.br\/site\/"},{"@type":"ListItem","position":2,"name":"Ex-mu\u00e7ulmano se torna pastor ap\u00f3s ouvir a voz de Deus: \u201cOre a mim\u201d"}]},{"@type":"WebSite","@id":"https:\/\/radioportoseguro.com.br\/site\/#website","url":"https:\/\/radioportoseguro.com.br\/site\/","name":"R\u00e1dio Porto Seguro","description":"","potentialAction":[{"@type":"SearchAction","target":{"@type":"EntryPoint","urlTemplate":"https:\/\/radioportoseguro.com.br\/site\/?s={search_term_string}"},"query-input":{"@type":"PropertyValueSpecification","valueRequired":true,"valueName":"search_term_string"}}],"inLanguage":"pt-BR"},{"@type":"Person","@id":"https:\/\/radioportoseguro.com.br\/site\/#\/schema\/person\/7630acdc320186f13639d3c067ec089b","name":"admin","image":{"@type":"ImageObject","inLanguage":"pt-BR","@id":"https:\/\/radioportoseguro.com.br\/site\/#\/schema\/person\/image\/","url":"https:\/\/secure.gravatar.com\/avatar\/caacf4dc1eedb68fab0df8e1ed46c448e578b2466351bbcb61e47d2ac0caaef0?s=96&d=mm&r=g","contentUrl":"https:\/\/secure.gravatar.com\/avatar\/caacf4dc1eedb68fab0df8e1ed46c448e578b2466351bbcb61e47d2ac0caaef0?s=96&d=mm&r=g","caption":"admin"},"sameAs":["https:\/\/radioportoseguro.com.br\/site"],"url":"https:\/\/radioportoseguro.com.br\/site\/author\/hezio\/"}]}},"_links":{"self":[{"href":"https:\/\/radioportoseguro.com.br\/site\/wp-json\/wp\/v2\/posts\/5927","targetHints":{"allow":["GET"]}}],"collection":[{"href":"https:\/\/radioportoseguro.com.br\/site\/wp-json\/wp\/v2\/posts"}],"about":[{"href":"https:\/\/radioportoseguro.com.br\/site\/wp-json\/wp\/v2\/types\/post"}],"author":[{"embeddable":true,"href":"https:\/\/radioportoseguro.com.br\/site\/wp-json\/wp\/v2\/users\/1"}],"replies":[{"embeddable":true,"href":"https:\/\/radioportoseguro.com.br\/site\/wp-json\/wp\/v2\/comments?post=5927"}],"version-history":[{"count":0,"href":"https:\/\/radioportoseguro.com.br\/site\/wp-json\/wp\/v2\/posts\/5927\/revisions"}],"wp:featuredmedia":[{"embeddable":true,"href":"https:\/\/radioportoseguro.com.br\/site\/wp-json\/wp\/v2\/media\/5928"}],"wp:attachment":[{"href":"https:\/\/radioportoseguro.com.br\/site\/wp-json\/wp\/v2\/media?parent=5927"}],"wp:term":[{"taxonomy":"category","embeddable":true,"href":"https:\/\/radioportoseguro.com.br\/site\/wp-json\/wp\/v2\/categories?post=5927"},{"taxonomy":"post_tag","embeddable":true,"href":"https:\/\/radioportoseguro.com.br\/site\/wp-json\/wp\/v2\/tags?post=5927"}],"curies":[{"name":"wp","href":"https:\/\/api.w.org\/{rel}","templated":true}]}}