{"id":5933,"date":"2026-04-11T01:20:48","date_gmt":"2026-04-11T04:20:48","guid":{"rendered":"https:\/\/radioportoseguro.com.br\/site\/2026\/04\/11\/alinhamento-profetico-2026-acontecera-em-abril-em-santa-maria-rs\/"},"modified":"2026-04-11T01:20:48","modified_gmt":"2026-04-11T04:20:48","slug":"alinhamento-profetico-2026-acontecera-em-abril-em-santa-maria-rs","status":"publish","type":"post","link":"https:\/\/radioportoseguro.com.br\/site\/2026\/04\/11\/alinhamento-profetico-2026-acontecera-em-abril-em-santa-maria-rs\/","title":{"rendered":"Alinhamento Prof\u00e9tico 2026 acontecer\u00e1 em abril em Santa Maria (RS)"},"content":{"rendered":"<p><br \/>\n<br \/><\/p>\n<div>\n<p><span style=\"font-weight: 400;\">Nos dias 18 e 19 de abril, a cidade de Santa Maria (RS) receber\u00e1 mais uma edi\u00e7\u00e3o do Alinhamento Prof\u00e9tico 2026, encontro promovido pelo <\/span><strong><span style=\"color: #993300;\">Minist\u00e9rio Engel<\/span> <\/strong><span style=\"font-weight: 400;\">que reunir\u00e1 participantes de todo o Brasil.<\/span><\/p>\n<p><span style=\"font-weight: 400;\">Com o tema \u201cAutoridade Delegada\u201d, a proposta deste ano \u00e9 destacar o chamado da Igreja para exercer autoridade de forma alinhada \u00e0 vontade de Deus.<\/span><\/p>\n<p><span style=\"font-weight: 400;\">Um dos textos centrais do encontro ser\u00e1 Mateus 28:18, quando Jesus declara aos disc\u00edpulos: \u201cToda a autoridade me foi dada no c\u00e9u e na terra. Portanto, v\u00e3o e fa\u00e7am disc\u00edpulos de todas as na\u00e7\u00f5es, batizando-os em nome do Pai, do Filho e do Esp\u00edrito Santo, ensinando-os a guardar todas as coisas que tenho ordenado a voc\u00eas.\u201d<\/span><\/p>\n<p><span style=\"font-weight: 400;\">Segundo a organiza\u00e7\u00e3o, a proposta \u00e9 refletir sobre o papel da Igreja e dos crist\u00e3os em viver essa autoridade de forma alinhada \u00e0 Palavra de Deus.<\/span><\/p>\n<p><span style=\"font-weight: 400;\">\u201cEstamos vivendo dias prof\u00e9ticos, e Deus est\u00e1 levantando uma gera\u00e7\u00e3o sens\u00edvel \u00e0 sua voz, posicionada e pronta para cumprir o seu prop\u00f3sito\u201d, afirma a organiza\u00e7\u00e3o.<\/span><\/p>\n<p><span style=\"font-weight: 400;\">\u201cO Alinhamento Prof\u00e9tico n\u00e3o \u00e9 apenas um evento, \u00e9 um tempo de ajuste espiritual, de ativa\u00e7\u00e3o, de direcionamento e de transforma\u00e7\u00e3o profunda.\u201d<\/span><\/p>\n<p><strong>Sobre o evento<\/strong><\/p>\n<p><span style=\"font-weight: 400;\">O Alinhamento Prof\u00e9tico 2026 ter\u00e1 dois dias de programa\u00e7\u00e3o:<\/span><\/p>\n<p><span style=\"font-weight: 400;\">&#8211; S\u00e1bado (18 de abril): das 14h \u00e0s 23h<\/span><span style=\"font-weight: 400;\"><br \/><\/span><span style=\"font-weight: 400;\">&#8211; Domingo (19 de abril): das 10h \u00e0s 18h (aproximadamente)<\/span><span style=\"font-weight: 400;\"><br \/><\/span><\/p>\n<p><span style=\"font-weight: 400;\">As inscri\u00e7\u00f5es para participar do evento j\u00e1 est\u00e3o dispon\u00edveis online. O valor da entrada \u00e9 de R$ 100 (v\u00e1lido para os dois dias) e as inscri\u00e7\u00f5es podem ser feitas no site: <\/span><span style=\"color: #993300;\"><strong>https:\/\/www.sympla.com.br\/evento\/alinhamento-profetico-2026\/3123330<\/strong><\/span><\/p>\n<p><span style=\"font-weight: 400;\">Mais informa\u00e7\u00f5es podem ser obtidas pelo WhatsApp: (55) 99974-8874.<\/span><\/p>\n<p><span style=\"font-weight: 400;\">Participantes que desejarem apoio para hospedagem ou passagens tamb\u00e9m podem entrar em contato com Jana \u2013 Ag\u00eancia de Viagens, pelo WhatsApp: (51) 99681-0868.<\/span><\/p>\n<\/div>\n<p><br \/>\n<br \/>Fonte: Guiame <\/p>\n","protected":false},"excerpt":{"rendered":"<p>Nos dias 18 e 19 de abril, a cidade de Santa Maria (RS) receber\u00e1 mais uma edi\u00e7\u00e3o do Alinhamento Prof\u00e9tico 2026, encontro promovido pelo Minist\u00e9rio Engel que reunir\u00e1 participantes de todo o Brasil. Com o tema \u201cAutoridade Delegada\u201d, a proposta deste ano \u00e9 destacar o chamado da Igreja para exercer autoridade de forma alinhada \u00e0 [&hellip;]<\/p>\n","protected":false},"author":1,"featured_media":5934,"comment_status":"","ping_status":"open","sticky":false,"template":"","format":"standard","meta":{"footnotes":""},"categories":[43],"tags":[],"class_list":["post-5933","post","type-post","status-publish","format-standard","has-post-thumbnail","hentry","category-destaques"],"yoast_head":"<!-- This site is optimized with the Yoast SEO plugin v26.8 - https:\/\/yoast.com\/product\/yoast-seo-wordpress\/ -->\n<title>Alinhamento Prof\u00e9tico 2026 acontecer\u00e1 em abril em Santa Maria (RS) - R\u00e1dio Porto Seguro<\/title>\n<meta name=\"robots\" content=\"index, follow, max-snippet:-1, max-image-preview:large, max-video-preview:-1\" \/>\n<link rel=\"canonical\" href=\"https:\/\/radioportoseguro.com.br\/site\/2026\/04\/11\/alinhamento-profetico-2026-acontecera-em-abril-em-santa-maria-rs\/\" \/>\n<meta property=\"og:locale\" content=\"pt_BR\" \/>\n<meta property=\"og:type\" content=\"article\" \/>\n<meta property=\"og:title\" content=\"Alinhamento Prof\u00e9tico 2026 acontecer\u00e1 em abril em Santa Maria (RS) - R\u00e1dio Porto Seguro\" \/>\n<meta property=\"og:description\" content=\"Nos dias 18 e 19 de abril, a cidade de Santa Maria (RS) receber\u00e1 mais uma edi\u00e7\u00e3o do Alinhamento Prof\u00e9tico 2026, encontro promovido pelo Minist\u00e9rio Engel que reunir\u00e1 participantes de todo o Brasil. Com o tema \u201cAutoridade Delegada\u201d, a proposta deste ano \u00e9 destacar o chamado da Igreja para exercer autoridade de forma alinhada \u00e0 [&hellip;]\" \/>\n<meta property=\"og:url\" content=\"https:\/\/radioportoseguro.com.br\/site\/2026\/04\/11\/alinhamento-profetico-2026-acontecera-em-abril-em-santa-maria-rs\/\" \/>\n<meta property=\"og:site_name\" content=\"R\u00e1dio Porto Seguro\" \/>\n<meta property=\"article:published_time\" content=\"2026-04-11T04:20:48+00:00\" \/>\n<meta property=\"og:image\" content=\"https:\/\/media.guiame.com.br\/archives\/2026\/04\/09\/2400930872-ministerio-engel-foto-divulgacaoministerio-engel.png\" \/>\n<meta name=\"author\" content=\"admin\" \/>\n<meta name=\"twitter:card\" content=\"summary_large_image\" \/>\n<meta name=\"twitter:label1\" content=\"Escrito por\" \/>\n\t<meta name=\"twitter:data1\" content=\"admin\" \/>\n\t<meta name=\"twitter:label2\" content=\"Est. tempo de leitura\" \/>\n\t<meta name=\"twitter:data2\" content=\"2 minutos\" \/>\n<script type=\"application\/ld+json\" class=\"yoast-schema-graph\">{\"@context\":\"https:\/\/schema.org\",\"@graph\":[{\"@type\":\"Article\",\"@id\":\"https:\/\/radioportoseguro.com.br\/site\/2026\/04\/11\/alinhamento-profetico-2026-acontecera-em-abril-em-santa-maria-rs\/#article\",\"isPartOf\":{\"@id\":\"https:\/\/radioportoseguro.com.br\/site\/2026\/04\/11\/alinhamento-profetico-2026-acontecera-em-abril-em-santa-maria-rs\/\"},\"author\":{\"name\":\"admin\",\"@id\":\"https:\/\/radioportoseguro.com.br\/site\/#\/schema\/person\/7630acdc320186f13639d3c067ec089b\"},\"headline\":\"Alinhamento Prof\u00e9tico 2026 acontecer\u00e1 em abril em Santa Maria (RS)\",\"datePublished\":\"2026-04-11T04:20:48+00:00\",\"mainEntityOfPage\":{\"@id\":\"https:\/\/radioportoseguro.com.br\/site\/2026\/04\/11\/alinhamento-profetico-2026-acontecera-em-abril-em-santa-maria-rs\/\"},\"wordCount\":316,\"image\":{\"@id\":\"https:\/\/radioportoseguro.com.br\/site\/2026\/04\/11\/alinhamento-profetico-2026-acontecera-em-abril-em-santa-maria-rs\/#primaryimage\"},\"thumbnailUrl\":\"https:\/\/radioportoseguro.com.br\/site\/wp-content\/uploads\/2026\/04\/2400930872-ministerio-engel-foto-divulgacaoministerio-engel.png\",\"articleSection\":[\"Destaques\"],\"inLanguage\":\"pt-BR\"},{\"@type\":\"WebPage\",\"@id\":\"https:\/\/radioportoseguro.com.br\/site\/2026\/04\/11\/alinhamento-profetico-2026-acontecera-em-abril-em-santa-maria-rs\/\",\"url\":\"https:\/\/radioportoseguro.com.br\/site\/2026\/04\/11\/alinhamento-profetico-2026-acontecera-em-abril-em-santa-maria-rs\/\",\"name\":\"Alinhamento Prof\u00e9tico 2026 acontecer\u00e1 em abril em Santa Maria (RS) - R\u00e1dio Porto Seguro\",\"isPartOf\":{\"@id\":\"https:\/\/radioportoseguro.com.br\/site\/#website\"},\"primaryImageOfPage\":{\"@id\":\"https:\/\/radioportoseguro.com.br\/site\/2026\/04\/11\/alinhamento-profetico-2026-acontecera-em-abril-em-santa-maria-rs\/#primaryimage\"},\"image\":{\"@id\":\"https:\/\/radioportoseguro.com.br\/site\/2026\/04\/11\/alinhamento-profetico-2026-acontecera-em-abril-em-santa-maria-rs\/#primaryimage\"},\"thumbnailUrl\":\"https:\/\/radioportoseguro.com.br\/site\/wp-content\/uploads\/2026\/04\/2400930872-ministerio-engel-foto-divulgacaoministerio-engel.png\",\"datePublished\":\"2026-04-11T04:20:48+00:00\",\"author\":{\"@id\":\"https:\/\/radioportoseguro.com.br\/site\/#\/schema\/person\/7630acdc320186f13639d3c067ec089b\"},\"breadcrumb\":{\"@id\":\"https:\/\/radioportoseguro.com.br\/site\/2026\/04\/11\/alinhamento-profetico-2026-acontecera-em-abril-em-santa-maria-rs\/#breadcrumb\"},\"inLanguage\":\"pt-BR\",\"potentialAction\":[{\"@type\":\"ReadAction\",\"target\":[\"https:\/\/radioportoseguro.com.br\/site\/2026\/04\/11\/alinhamento-profetico-2026-acontecera-em-abril-em-santa-maria-rs\/\"]}]},{\"@type\":\"ImageObject\",\"inLanguage\":\"pt-BR\",\"@id\":\"https:\/\/radioportoseguro.com.br\/site\/2026\/04\/11\/alinhamento-profetico-2026-acontecera-em-abril-em-santa-maria-rs\/#primaryimage\",\"url\":\"https:\/\/radioportoseguro.com.br\/site\/wp-content\/uploads\/2026\/04\/2400930872-ministerio-engel-foto-divulgacaoministerio-engel.png\",\"contentUrl\":\"https:\/\/radioportoseguro.com.br\/site\/wp-content\/uploads\/2026\/04\/2400930872-ministerio-engel-foto-divulgacaoministerio-engel.png\",\"width\":1200,\"height\":600},{\"@type\":\"BreadcrumbList\",\"@id\":\"https:\/\/radioportoseguro.com.br\/site\/2026\/04\/11\/alinhamento-profetico-2026-acontecera-em-abril-em-santa-maria-rs\/#breadcrumb\",\"itemListElement\":[{\"@type\":\"ListItem\",\"position\":1,\"name\":\"In\u00edcio\",\"item\":\"https:\/\/radioportoseguro.com.br\/site\/\"},{\"@type\":\"ListItem\",\"position\":2,\"name\":\"Alinhamento Prof\u00e9tico 2026 acontecer\u00e1 em abril em Santa Maria (RS)\"}]},{\"@type\":\"WebSite\",\"@id\":\"https:\/\/radioportoseguro.com.br\/site\/#website\",\"url\":\"https:\/\/radioportoseguro.com.br\/site\/\",\"name\":\"R\u00e1dio Porto Seguro\",\"description\":\"\",\"potentialAction\":[{\"@type\":\"SearchAction\",\"target\":{\"@type\":\"EntryPoint\",\"urlTemplate\":\"https:\/\/radioportoseguro.com.br\/site\/?s={search_term_string}\"},\"query-input\":{\"@type\":\"PropertyValueSpecification\",\"valueRequired\":true,\"valueName\":\"search_term_string\"}}],\"inLanguage\":\"pt-BR\"},{\"@type\":\"Person\",\"@id\":\"https:\/\/radioportoseguro.com.br\/site\/#\/schema\/person\/7630acdc320186f13639d3c067ec089b\",\"name\":\"admin\",\"image\":{\"@type\":\"ImageObject\",\"inLanguage\":\"pt-BR\",\"@id\":\"https:\/\/radioportoseguro.com.br\/site\/#\/schema\/person\/image\/\",\"url\":\"https:\/\/secure.gravatar.com\/avatar\/caacf4dc1eedb68fab0df8e1ed46c448e578b2466351bbcb61e47d2ac0caaef0?s=96&d=mm&r=g\",\"contentUrl\":\"https:\/\/secure.gravatar.com\/avatar\/caacf4dc1eedb68fab0df8e1ed46c448e578b2466351bbcb61e47d2ac0caaef0?s=96&d=mm&r=g\",\"caption\":\"admin\"},\"sameAs\":[\"https:\/\/radioportoseguro.com.br\/site\"],\"url\":\"https:\/\/radioportoseguro.com.br\/site\/author\/hezio\/\"}]}<\/script>\n<!-- \/ Yoast SEO plugin. -->","yoast_head_json":{"title":"Alinhamento Prof\u00e9tico 2026 acontecer\u00e1 em abril em Santa Maria (RS) - R\u00e1dio Porto Seguro","robots":{"index":"index","follow":"follow","max-snippet":"max-snippet:-1","max-image-preview":"max-image-preview:large","max-video-preview":"max-video-preview:-1"},"canonical":"https:\/\/radioportoseguro.com.br\/site\/2026\/04\/11\/alinhamento-profetico-2026-acontecera-em-abril-em-santa-maria-rs\/","og_locale":"pt_BR","og_type":"article","og_title":"Alinhamento Prof\u00e9tico 2026 acontecer\u00e1 em abril em Santa Maria (RS) - R\u00e1dio Porto Seguro","og_description":"Nos dias 18 e 19 de abril, a cidade de Santa Maria (RS) receber\u00e1 mais uma edi\u00e7\u00e3o do Alinhamento Prof\u00e9tico 2026, encontro promovido pelo Minist\u00e9rio Engel que reunir\u00e1 participantes de todo o Brasil. Com o tema \u201cAutoridade Delegada\u201d, a proposta deste ano \u00e9 destacar o chamado da Igreja para exercer autoridade de forma alinhada \u00e0 [&hellip;]","og_url":"https:\/\/radioportoseguro.com.br\/site\/2026\/04\/11\/alinhamento-profetico-2026-acontecera-em-abril-em-santa-maria-rs\/","og_site_name":"R\u00e1dio Porto Seguro","article_published_time":"2026-04-11T04:20:48+00:00","og_image":[{"url":"https:\/\/media.guiame.com.br\/archives\/2026\/04\/09\/2400930872-ministerio-engel-foto-divulgacaoministerio-engel.png","type":"","width":"","height":""}],"author":"admin","twitter_card":"summary_large_image","twitter_misc":{"Escrito por":"admin","Est. tempo de leitura":"2 minutos"},"schema":{"@context":"https:\/\/schema.org","@graph":[{"@type":"Article","@id":"https:\/\/radioportoseguro.com.br\/site\/2026\/04\/11\/alinhamento-profetico-2026-acontecera-em-abril-em-santa-maria-rs\/#article","isPartOf":{"@id":"https:\/\/radioportoseguro.com.br\/site\/2026\/04\/11\/alinhamento-profetico-2026-acontecera-em-abril-em-santa-maria-rs\/"},"author":{"name":"admin","@id":"https:\/\/radioportoseguro.com.br\/site\/#\/schema\/person\/7630acdc320186f13639d3c067ec089b"},"headline":"Alinhamento Prof\u00e9tico 2026 acontecer\u00e1 em abril em Santa Maria (RS)","datePublished":"2026-04-11T04:20:48+00:00","mainEntityOfPage":{"@id":"https:\/\/radioportoseguro.com.br\/site\/2026\/04\/11\/alinhamento-profetico-2026-acontecera-em-abril-em-santa-maria-rs\/"},"wordCount":316,"image":{"@id":"https:\/\/radioportoseguro.com.br\/site\/2026\/04\/11\/alinhamento-profetico-2026-acontecera-em-abril-em-santa-maria-rs\/#primaryimage"},"thumbnailUrl":"https:\/\/radioportoseguro.com.br\/site\/wp-content\/uploads\/2026\/04\/2400930872-ministerio-engel-foto-divulgacaoministerio-engel.png","articleSection":["Destaques"],"inLanguage":"pt-BR"},{"@type":"WebPage","@id":"https:\/\/radioportoseguro.com.br\/site\/2026\/04\/11\/alinhamento-profetico-2026-acontecera-em-abril-em-santa-maria-rs\/","url":"https:\/\/radioportoseguro.com.br\/site\/2026\/04\/11\/alinhamento-profetico-2026-acontecera-em-abril-em-santa-maria-rs\/","name":"Alinhamento Prof\u00e9tico 2026 acontecer\u00e1 em abril em Santa Maria (RS) - R\u00e1dio Porto Seguro","isPartOf":{"@id":"https:\/\/radioportoseguro.com.br\/site\/#website"},"primaryImageOfPage":{"@id":"https:\/\/radioportoseguro.com.br\/site\/2026\/04\/11\/alinhamento-profetico-2026-acontecera-em-abril-em-santa-maria-rs\/#primaryimage"},"image":{"@id":"https:\/\/radioportoseguro.com.br\/site\/2026\/04\/11\/alinhamento-profetico-2026-acontecera-em-abril-em-santa-maria-rs\/#primaryimage"},"thumbnailUrl":"https:\/\/radioportoseguro.com.br\/site\/wp-content\/uploads\/2026\/04\/2400930872-ministerio-engel-foto-divulgacaoministerio-engel.png","datePublished":"2026-04-11T04:20:48+00:00","author":{"@id":"https:\/\/radioportoseguro.com.br\/site\/#\/schema\/person\/7630acdc320186f13639d3c067ec089b"},"breadcrumb":{"@id":"https:\/\/radioportoseguro.com.br\/site\/2026\/04\/11\/alinhamento-profetico-2026-acontecera-em-abril-em-santa-maria-rs\/#breadcrumb"},"inLanguage":"pt-BR","potentialAction":[{"@type":"ReadAction","target":["https:\/\/radioportoseguro.com.br\/site\/2026\/04\/11\/alinhamento-profetico-2026-acontecera-em-abril-em-santa-maria-rs\/"]}]},{"@type":"ImageObject","inLanguage":"pt-BR","@id":"https:\/\/radioportoseguro.com.br\/site\/2026\/04\/11\/alinhamento-profetico-2026-acontecera-em-abril-em-santa-maria-rs\/#primaryimage","url":"https:\/\/radioportoseguro.com.br\/site\/wp-content\/uploads\/2026\/04\/2400930872-ministerio-engel-foto-divulgacaoministerio-engel.png","contentUrl":"https:\/\/radioportoseguro.com.br\/site\/wp-content\/uploads\/2026\/04\/2400930872-ministerio-engel-foto-divulgacaoministerio-engel.png","width":1200,"height":600},{"@type":"BreadcrumbList","@id":"https:\/\/radioportoseguro.com.br\/site\/2026\/04\/11\/alinhamento-profetico-2026-acontecera-em-abril-em-santa-maria-rs\/#breadcrumb","itemListElement":[{"@type":"ListItem","position":1,"name":"In\u00edcio","item":"https:\/\/radioportoseguro.com.br\/site\/"},{"@type":"ListItem","position":2,"name":"Alinhamento Prof\u00e9tico 2026 acontecer\u00e1 em abril em Santa Maria (RS)"}]},{"@type":"WebSite","@id":"https:\/\/radioportoseguro.com.br\/site\/#website","url":"https:\/\/radioportoseguro.com.br\/site\/","name":"R\u00e1dio Porto Seguro","description":"","potentialAction":[{"@type":"SearchAction","target":{"@type":"EntryPoint","urlTemplate":"https:\/\/radioportoseguro.com.br\/site\/?s={search_term_string}"},"query-input":{"@type":"PropertyValueSpecification","valueRequired":true,"valueName":"search_term_string"}}],"inLanguage":"pt-BR"},{"@type":"Person","@id":"https:\/\/radioportoseguro.com.br\/site\/#\/schema\/person\/7630acdc320186f13639d3c067ec089b","name":"admin","image":{"@type":"ImageObject","inLanguage":"pt-BR","@id":"https:\/\/radioportoseguro.com.br\/site\/#\/schema\/person\/image\/","url":"https:\/\/secure.gravatar.com\/avatar\/caacf4dc1eedb68fab0df8e1ed46c448e578b2466351bbcb61e47d2ac0caaef0?s=96&d=mm&r=g","contentUrl":"https:\/\/secure.gravatar.com\/avatar\/caacf4dc1eedb68fab0df8e1ed46c448e578b2466351bbcb61e47d2ac0caaef0?s=96&d=mm&r=g","caption":"admin"},"sameAs":["https:\/\/radioportoseguro.com.br\/site"],"url":"https:\/\/radioportoseguro.com.br\/site\/author\/hezio\/"}]}},"_links":{"self":[{"href":"https:\/\/radioportoseguro.com.br\/site\/wp-json\/wp\/v2\/posts\/5933","targetHints":{"allow":["GET"]}}],"collection":[{"href":"https:\/\/radioportoseguro.com.br\/site\/wp-json\/wp\/v2\/posts"}],"about":[{"href":"https:\/\/radioportoseguro.com.br\/site\/wp-json\/wp\/v2\/types\/post"}],"author":[{"embeddable":true,"href":"https:\/\/radioportoseguro.com.br\/site\/wp-json\/wp\/v2\/users\/1"}],"replies":[{"embeddable":true,"href":"https:\/\/radioportoseguro.com.br\/site\/wp-json\/wp\/v2\/comments?post=5933"}],"version-history":[{"count":0,"href":"https:\/\/radioportoseguro.com.br\/site\/wp-json\/wp\/v2\/posts\/5933\/revisions"}],"wp:featuredmedia":[{"embeddable":true,"href":"https:\/\/radioportoseguro.com.br\/site\/wp-json\/wp\/v2\/media\/5934"}],"wp:attachment":[{"href":"https:\/\/radioportoseguro.com.br\/site\/wp-json\/wp\/v2\/media?parent=5933"}],"wp:term":[{"taxonomy":"category","embeddable":true,"href":"https:\/\/radioportoseguro.com.br\/site\/wp-json\/wp\/v2\/categories?post=5933"},{"taxonomy":"post_tag","embeddable":true,"href":"https:\/\/radioportoseguro.com.br\/site\/wp-json\/wp\/v2\/tags?post=5933"}],"curies":[{"name":"wp","href":"https:\/\/api.w.org\/{rel}","templated":true}]}}