{"id":5935,"date":"2026-04-11T03:34:59","date_gmt":"2026-04-11T06:34:59","guid":{"rendered":"https:\/\/radioportoseguro.com.br\/site\/2026\/04\/11\/43-cristaos-sao-mortos-por-terroristas-em-ataque-no-congo-decapitados-e-queimados\/"},"modified":"2026-04-11T03:34:59","modified_gmt":"2026-04-11T06:34:59","slug":"43-cristaos-sao-mortos-por-terroristas-em-ataque-no-congo-decapitados-e-queimados","status":"publish","type":"post","link":"https:\/\/radioportoseguro.com.br\/site\/2026\/04\/11\/43-cristaos-sao-mortos-por-terroristas-em-ataque-no-congo-decapitados-e-queimados\/","title":{"rendered":"43 crist\u00e3os s\u00e3o mortos por terroristas em ataque no Congo: \u201cDecapitados e queimados\u201d"},"content":{"rendered":"<p><br \/>\n<br \/><\/p>\n<div>\n<p><span style=\"font-weight: 400;\">Mais um ataque a crist\u00e3os durante a <\/span><span style=\"color: #800000;\"><strong>Semana Santa<\/strong><\/span><span style=\"font-weight: 400;\"> foi registrado. Terroristas das <\/span><span style=\"color: #800000;\"><strong>For\u00e7as Aliadas Democr\u00e1ticas<\/strong><\/span><span style=\"font-weight: 400;\"> (ADF), um grupo extremista aliado ao Estado Isl\u00e2mico, atacaram a vila de Bafwakao, no territ\u00f3rio de Mambasa, na Rep\u00fablica Democr\u00e1tica do <\/span><span style=\"color: #800000;\"><strong>Congo<\/strong><\/span><span style=\"font-weight: 400;\">.<\/span><\/p>\n<p><span style=\"font-weight: 400;\">Segundo a International Christian Concern (ICC), organiza\u00e7\u00e3o que monitora a persegui\u00e7\u00e3o no mundo, mais de 40 crist\u00e3os foram mortos no ataque, que aconteceu na v\u00e9spera da Sexta-feira Santa (2).<\/span><\/p>\n<p><span style=\"font-weight: 400;\">&#8220;O n\u00famero inicial de mortos de 43 pode aumentar ainda mais. Algumas v\u00edtimas foram queimadas dentro de suas casas, e outras ainda est\u00e3o no mato&#8221;, relatou um l\u00edder comunit\u00e1rio local.<\/span><\/p>\n<p><span style=\"font-weight: 400;\">Ele descreveu a brutalidade em que a comunidade crist\u00e3 foi assassinada, incluindo mulheres e crian\u00e7as.<\/span><\/p>\n<p><span style=\"font-weight: 400;\">&#8220;Os atacantes surpreenderam a popula\u00e7\u00e3o enquanto dormiam. As v\u00edtimas foram mortas por tiros, e v\u00e1rias foram decapitadas com fac\u00f5es. As imagens s\u00e3o insuport\u00e1veis\u201d, disse.<\/span><\/p>\n<p><span style=\"font-weight: 400;\">Em sess\u00e3o da Assembleia Nacional do Congo, Aim\u00e9 Boji, o presidente da Assembleia, condenou o ataque e lamentou a morte dos crist\u00e3os.<\/span><\/p>\n<p><span style=\"font-weight: 400;\">\u201cV\u00e1rias dezenas de nossos compatriotas, incluindo o chefe da vila, foram brutalmente mortos por terroristas das ADF. Casas foram incendiadas e muitas pessoas sequestradas. Em nome da Assembleia Nacional, condenamos veementemente esses atos chocantes e instamos o governo a fazer tudo o que for poss\u00edvel para parar esses assassinatos e proteger nossos compatriotas nesta parte do territ\u00f3rio nacional\u201d, declarou.<\/span><\/p>\n<p><strong>Onda de viol\u00eancia<\/strong><\/p>\n<p><span style=\"font-weight: 400;\">Durante uma coletiva de imprensa, Patrick Muyaya, porta-voz do governo congol\u00eas, defendeu a necessidade de uma resposta firme \u00e0 onda de viol\u00eancia provocada pelas For\u00e7as de Defesa Armadas de Defesa no pa\u00eds.<\/span><\/p>\n<p><span style=\"font-weight: 400;\">\u201cOpera\u00e7\u00f5es militares direcionadas est\u00e3o sendo intensificadas para rastrear e desmantelar redes terroristas. A popula\u00e7\u00e3o \u00e9 instada a permanecer vigilante, cooperar com as for\u00e7as de defesa e seguran\u00e7a, e a relatar qualquer atividade suspeita que possa ajudar a eliminar essa amea\u00e7a\u201d, afirmou Muyaya.<\/span><\/p>\n<p><span style=\"font-weight: 400;\">\u201cCondenamos fortemente esses atos e estamos trabalhando em estreita colabora\u00e7\u00e3o com os governadores militares de Ituri e do Kivu do Norte para conter essa amea\u00e7a. Tamb\u00e9m reafirmamos nossa solidariedade com todas as comunidades afetadas\u201d.<\/span><\/p>\n<p><span style=\"font-weight: 400;\">Em janeiro, terroristas das ADF tamb\u00e9m <\/span><span style=\"color: #800000;\"><strong>assassinaram 25 crist\u00e3os<\/strong><\/span><span style=\"font-weight: 400;\"> em um ataque brutal na vila de Apakolu, durante a madrugada.<\/span><\/p>\n<p><span style=\"font-weight: 400;\">\u201cEles iam de porta em porta, executando civis sem piedade e incendiando casas\u201d, disse um agricultor ao International Christian Concern.<\/span><\/p>\n<p><strong>Quem s\u00e3o as ADF<\/strong><\/p>\n<p><span style=\"font-weight: 400;\">O grupo ADF teve origem em Uganda, nos anos 1990, e desde 2002 opera no leste do Congo.<\/span><\/p>\n<p><span style=\"font-weight: 400;\">Em 2019, fez juramento de fidelidade ao Estado Isl\u00e2mico, o que lhe confere perfil de milit\u00e2ncia islamista-radical.<\/span><\/p>\n<p><span style=\"font-weight: 400;\">Especialistas apontam que as ADF aumentaram sua letalidade nos \u00faltimos anos, com ataques sistem\u00e1ticos contra civis \u2013 muitas vezes em zonas remotas do Congo, com pouca prote\u00e7\u00e3o do governo.<\/span><\/p>\n<p><span style=\"font-weight: 400;\">A Rep\u00fablica Democr\u00e1tica do Congo ocupa a 29\u00aa posi\u00e7\u00e3o na Lista Mundial da Persegui\u00e7\u00e3o 2026 da Miss\u00e3o Portas Abertas.<\/span><\/p>\n<\/div>\n<p><br \/>\n<br \/>Fonte: Guiame <\/p>\n","protected":false},"excerpt":{"rendered":"<p>Mais um ataque a crist\u00e3os durante a Semana Santa foi registrado. Terroristas das For\u00e7as Aliadas Democr\u00e1ticas (ADF), um grupo extremista aliado ao Estado Isl\u00e2mico, atacaram a vila de Bafwakao, no territ\u00f3rio de Mambasa, na Rep\u00fablica Democr\u00e1tica do Congo. Segundo a International Christian Concern (ICC), organiza\u00e7\u00e3o que monitora a persegui\u00e7\u00e3o no mundo, mais de 40 crist\u00e3os [&hellip;]<\/p>\n","protected":false},"author":1,"featured_media":5936,"comment_status":"","ping_status":"open","sticky":false,"template":"","format":"standard","meta":{"footnotes":""},"categories":[43],"tags":[],"class_list":["post-5935","post","type-post","status-publish","format-standard","has-post-thumbnail","hentry","category-destaques"],"yoast_head":"<!-- This site is optimized with the Yoast SEO plugin v26.8 - https:\/\/yoast.com\/product\/yoast-seo-wordpress\/ -->\n<title>43 crist\u00e3os s\u00e3o mortos por terroristas em ataque no Congo: \u201cDecapitados e queimados\u201d - R\u00e1dio Porto Seguro<\/title>\n<meta name=\"robots\" content=\"index, follow, max-snippet:-1, max-image-preview:large, max-video-preview:-1\" \/>\n<link rel=\"canonical\" href=\"https:\/\/radioportoseguro.com.br\/site\/2026\/04\/11\/43-cristaos-sao-mortos-por-terroristas-em-ataque-no-congo-decapitados-e-queimados\/\" \/>\n<meta property=\"og:locale\" content=\"pt_BR\" \/>\n<meta property=\"og:type\" content=\"article\" \/>\n<meta property=\"og:title\" content=\"43 crist\u00e3os s\u00e3o mortos por terroristas em ataque no Congo: \u201cDecapitados e queimados\u201d - R\u00e1dio Porto Seguro\" \/>\n<meta property=\"og:description\" content=\"Mais um ataque a crist\u00e3os durante a Semana Santa foi registrado. Terroristas das For\u00e7as Aliadas Democr\u00e1ticas (ADF), um grupo extremista aliado ao Estado Isl\u00e2mico, atacaram a vila de Bafwakao, no territ\u00f3rio de Mambasa, na Rep\u00fablica Democr\u00e1tica do Congo. Segundo a International Christian Concern (ICC), organiza\u00e7\u00e3o que monitora a persegui\u00e7\u00e3o no mundo, mais de 40 crist\u00e3os [&hellip;]\" \/>\n<meta property=\"og:url\" content=\"https:\/\/radioportoseguro.com.br\/site\/2026\/04\/11\/43-cristaos-sao-mortos-por-terroristas-em-ataque-no-congo-decapitados-e-queimados\/\" \/>\n<meta property=\"og:site_name\" content=\"R\u00e1dio Porto Seguro\" \/>\n<meta property=\"article:published_time\" content=\"2026-04-11T06:34:59+00:00\" \/>\n<meta property=\"og:image\" content=\"https:\/\/media.guiame.com.br\/archives\/2026\/04\/09\/1914212714-congo.jpg\" \/>\n<meta name=\"author\" content=\"admin\" \/>\n<meta name=\"twitter:card\" content=\"summary_large_image\" \/>\n<meta name=\"twitter:label1\" content=\"Escrito por\" \/>\n\t<meta name=\"twitter:data1\" content=\"admin\" \/>\n\t<meta name=\"twitter:label2\" content=\"Est. tempo de leitura\" \/>\n\t<meta name=\"twitter:data2\" content=\"3 minutos\" \/>\n<script type=\"application\/ld+json\" class=\"yoast-schema-graph\">{\"@context\":\"https:\/\/schema.org\",\"@graph\":[{\"@type\":\"Article\",\"@id\":\"https:\/\/radioportoseguro.com.br\/site\/2026\/04\/11\/43-cristaos-sao-mortos-por-terroristas-em-ataque-no-congo-decapitados-e-queimados\/#article\",\"isPartOf\":{\"@id\":\"https:\/\/radioportoseguro.com.br\/site\/2026\/04\/11\/43-cristaos-sao-mortos-por-terroristas-em-ataque-no-congo-decapitados-e-queimados\/\"},\"author\":{\"name\":\"admin\",\"@id\":\"https:\/\/radioportoseguro.com.br\/site\/#\/schema\/person\/7630acdc320186f13639d3c067ec089b\"},\"headline\":\"43 crist\u00e3os s\u00e3o mortos por terroristas em ataque no Congo: \u201cDecapitados e queimados\u201d\",\"datePublished\":\"2026-04-11T06:34:59+00:00\",\"mainEntityOfPage\":{\"@id\":\"https:\/\/radioportoseguro.com.br\/site\/2026\/04\/11\/43-cristaos-sao-mortos-por-terroristas-em-ataque-no-congo-decapitados-e-queimados\/\"},\"wordCount\":515,\"image\":{\"@id\":\"https:\/\/radioportoseguro.com.br\/site\/2026\/04\/11\/43-cristaos-sao-mortos-por-terroristas-em-ataque-no-congo-decapitados-e-queimados\/#primaryimage\"},\"thumbnailUrl\":\"https:\/\/radioportoseguro.com.br\/site\/wp-content\/uploads\/2026\/04\/1914212714-congo.jpg\",\"articleSection\":[\"Destaques\"],\"inLanguage\":\"pt-BR\"},{\"@type\":\"WebPage\",\"@id\":\"https:\/\/radioportoseguro.com.br\/site\/2026\/04\/11\/43-cristaos-sao-mortos-por-terroristas-em-ataque-no-congo-decapitados-e-queimados\/\",\"url\":\"https:\/\/radioportoseguro.com.br\/site\/2026\/04\/11\/43-cristaos-sao-mortos-por-terroristas-em-ataque-no-congo-decapitados-e-queimados\/\",\"name\":\"43 crist\u00e3os s\u00e3o mortos por terroristas em ataque no Congo: \u201cDecapitados e queimados\u201d - R\u00e1dio Porto Seguro\",\"isPartOf\":{\"@id\":\"https:\/\/radioportoseguro.com.br\/site\/#website\"},\"primaryImageOfPage\":{\"@id\":\"https:\/\/radioportoseguro.com.br\/site\/2026\/04\/11\/43-cristaos-sao-mortos-por-terroristas-em-ataque-no-congo-decapitados-e-queimados\/#primaryimage\"},\"image\":{\"@id\":\"https:\/\/radioportoseguro.com.br\/site\/2026\/04\/11\/43-cristaos-sao-mortos-por-terroristas-em-ataque-no-congo-decapitados-e-queimados\/#primaryimage\"},\"thumbnailUrl\":\"https:\/\/radioportoseguro.com.br\/site\/wp-content\/uploads\/2026\/04\/1914212714-congo.jpg\",\"datePublished\":\"2026-04-11T06:34:59+00:00\",\"author\":{\"@id\":\"https:\/\/radioportoseguro.com.br\/site\/#\/schema\/person\/7630acdc320186f13639d3c067ec089b\"},\"breadcrumb\":{\"@id\":\"https:\/\/radioportoseguro.com.br\/site\/2026\/04\/11\/43-cristaos-sao-mortos-por-terroristas-em-ataque-no-congo-decapitados-e-queimados\/#breadcrumb\"},\"inLanguage\":\"pt-BR\",\"potentialAction\":[{\"@type\":\"ReadAction\",\"target\":[\"https:\/\/radioportoseguro.com.br\/site\/2026\/04\/11\/43-cristaos-sao-mortos-por-terroristas-em-ataque-no-congo-decapitados-e-queimados\/\"]}]},{\"@type\":\"ImageObject\",\"inLanguage\":\"pt-BR\",\"@id\":\"https:\/\/radioportoseguro.com.br\/site\/2026\/04\/11\/43-cristaos-sao-mortos-por-terroristas-em-ataque-no-congo-decapitados-e-queimados\/#primaryimage\",\"url\":\"https:\/\/radioportoseguro.com.br\/site\/wp-content\/uploads\/2026\/04\/1914212714-congo.jpg\",\"contentUrl\":\"https:\/\/radioportoseguro.com.br\/site\/wp-content\/uploads\/2026\/04\/1914212714-congo.jpg\",\"width\":1200,\"height\":600},{\"@type\":\"BreadcrumbList\",\"@id\":\"https:\/\/radioportoseguro.com.br\/site\/2026\/04\/11\/43-cristaos-sao-mortos-por-terroristas-em-ataque-no-congo-decapitados-e-queimados\/#breadcrumb\",\"itemListElement\":[{\"@type\":\"ListItem\",\"position\":1,\"name\":\"In\u00edcio\",\"item\":\"https:\/\/radioportoseguro.com.br\/site\/\"},{\"@type\":\"ListItem\",\"position\":2,\"name\":\"43 crist\u00e3os s\u00e3o mortos por terroristas em ataque no Congo: \u201cDecapitados e queimados\u201d\"}]},{\"@type\":\"WebSite\",\"@id\":\"https:\/\/radioportoseguro.com.br\/site\/#website\",\"url\":\"https:\/\/radioportoseguro.com.br\/site\/\",\"name\":\"R\u00e1dio Porto Seguro\",\"description\":\"\",\"potentialAction\":[{\"@type\":\"SearchAction\",\"target\":{\"@type\":\"EntryPoint\",\"urlTemplate\":\"https:\/\/radioportoseguro.com.br\/site\/?s={search_term_string}\"},\"query-input\":{\"@type\":\"PropertyValueSpecification\",\"valueRequired\":true,\"valueName\":\"search_term_string\"}}],\"inLanguage\":\"pt-BR\"},{\"@type\":\"Person\",\"@id\":\"https:\/\/radioportoseguro.com.br\/site\/#\/schema\/person\/7630acdc320186f13639d3c067ec089b\",\"name\":\"admin\",\"image\":{\"@type\":\"ImageObject\",\"inLanguage\":\"pt-BR\",\"@id\":\"https:\/\/radioportoseguro.com.br\/site\/#\/schema\/person\/image\/\",\"url\":\"https:\/\/secure.gravatar.com\/avatar\/caacf4dc1eedb68fab0df8e1ed46c448e578b2466351bbcb61e47d2ac0caaef0?s=96&d=mm&r=g\",\"contentUrl\":\"https:\/\/secure.gravatar.com\/avatar\/caacf4dc1eedb68fab0df8e1ed46c448e578b2466351bbcb61e47d2ac0caaef0?s=96&d=mm&r=g\",\"caption\":\"admin\"},\"sameAs\":[\"https:\/\/radioportoseguro.com.br\/site\"],\"url\":\"https:\/\/radioportoseguro.com.br\/site\/author\/hezio\/\"}]}<\/script>\n<!-- \/ Yoast SEO plugin. -->","yoast_head_json":{"title":"43 crist\u00e3os s\u00e3o mortos por terroristas em ataque no Congo: \u201cDecapitados e queimados\u201d - R\u00e1dio Porto Seguro","robots":{"index":"index","follow":"follow","max-snippet":"max-snippet:-1","max-image-preview":"max-image-preview:large","max-video-preview":"max-video-preview:-1"},"canonical":"https:\/\/radioportoseguro.com.br\/site\/2026\/04\/11\/43-cristaos-sao-mortos-por-terroristas-em-ataque-no-congo-decapitados-e-queimados\/","og_locale":"pt_BR","og_type":"article","og_title":"43 crist\u00e3os s\u00e3o mortos por terroristas em ataque no Congo: \u201cDecapitados e queimados\u201d - R\u00e1dio Porto Seguro","og_description":"Mais um ataque a crist\u00e3os durante a Semana Santa foi registrado. Terroristas das For\u00e7as Aliadas Democr\u00e1ticas (ADF), um grupo extremista aliado ao Estado Isl\u00e2mico, atacaram a vila de Bafwakao, no territ\u00f3rio de Mambasa, na Rep\u00fablica Democr\u00e1tica do Congo. Segundo a International Christian Concern (ICC), organiza\u00e7\u00e3o que monitora a persegui\u00e7\u00e3o no mundo, mais de 40 crist\u00e3os [&hellip;]","og_url":"https:\/\/radioportoseguro.com.br\/site\/2026\/04\/11\/43-cristaos-sao-mortos-por-terroristas-em-ataque-no-congo-decapitados-e-queimados\/","og_site_name":"R\u00e1dio Porto Seguro","article_published_time":"2026-04-11T06:34:59+00:00","og_image":[{"url":"https:\/\/media.guiame.com.br\/archives\/2026\/04\/09\/1914212714-congo.jpg","type":"","width":"","height":""}],"author":"admin","twitter_card":"summary_large_image","twitter_misc":{"Escrito por":"admin","Est. tempo de leitura":"3 minutos"},"schema":{"@context":"https:\/\/schema.org","@graph":[{"@type":"Article","@id":"https:\/\/radioportoseguro.com.br\/site\/2026\/04\/11\/43-cristaos-sao-mortos-por-terroristas-em-ataque-no-congo-decapitados-e-queimados\/#article","isPartOf":{"@id":"https:\/\/radioportoseguro.com.br\/site\/2026\/04\/11\/43-cristaos-sao-mortos-por-terroristas-em-ataque-no-congo-decapitados-e-queimados\/"},"author":{"name":"admin","@id":"https:\/\/radioportoseguro.com.br\/site\/#\/schema\/person\/7630acdc320186f13639d3c067ec089b"},"headline":"43 crist\u00e3os s\u00e3o mortos por terroristas em ataque no Congo: \u201cDecapitados e queimados\u201d","datePublished":"2026-04-11T06:34:59+00:00","mainEntityOfPage":{"@id":"https:\/\/radioportoseguro.com.br\/site\/2026\/04\/11\/43-cristaos-sao-mortos-por-terroristas-em-ataque-no-congo-decapitados-e-queimados\/"},"wordCount":515,"image":{"@id":"https:\/\/radioportoseguro.com.br\/site\/2026\/04\/11\/43-cristaos-sao-mortos-por-terroristas-em-ataque-no-congo-decapitados-e-queimados\/#primaryimage"},"thumbnailUrl":"https:\/\/radioportoseguro.com.br\/site\/wp-content\/uploads\/2026\/04\/1914212714-congo.jpg","articleSection":["Destaques"],"inLanguage":"pt-BR"},{"@type":"WebPage","@id":"https:\/\/radioportoseguro.com.br\/site\/2026\/04\/11\/43-cristaos-sao-mortos-por-terroristas-em-ataque-no-congo-decapitados-e-queimados\/","url":"https:\/\/radioportoseguro.com.br\/site\/2026\/04\/11\/43-cristaos-sao-mortos-por-terroristas-em-ataque-no-congo-decapitados-e-queimados\/","name":"43 crist\u00e3os s\u00e3o mortos por terroristas em ataque no Congo: \u201cDecapitados e queimados\u201d - R\u00e1dio Porto Seguro","isPartOf":{"@id":"https:\/\/radioportoseguro.com.br\/site\/#website"},"primaryImageOfPage":{"@id":"https:\/\/radioportoseguro.com.br\/site\/2026\/04\/11\/43-cristaos-sao-mortos-por-terroristas-em-ataque-no-congo-decapitados-e-queimados\/#primaryimage"},"image":{"@id":"https:\/\/radioportoseguro.com.br\/site\/2026\/04\/11\/43-cristaos-sao-mortos-por-terroristas-em-ataque-no-congo-decapitados-e-queimados\/#primaryimage"},"thumbnailUrl":"https:\/\/radioportoseguro.com.br\/site\/wp-content\/uploads\/2026\/04\/1914212714-congo.jpg","datePublished":"2026-04-11T06:34:59+00:00","author":{"@id":"https:\/\/radioportoseguro.com.br\/site\/#\/schema\/person\/7630acdc320186f13639d3c067ec089b"},"breadcrumb":{"@id":"https:\/\/radioportoseguro.com.br\/site\/2026\/04\/11\/43-cristaos-sao-mortos-por-terroristas-em-ataque-no-congo-decapitados-e-queimados\/#breadcrumb"},"inLanguage":"pt-BR","potentialAction":[{"@type":"ReadAction","target":["https:\/\/radioportoseguro.com.br\/site\/2026\/04\/11\/43-cristaos-sao-mortos-por-terroristas-em-ataque-no-congo-decapitados-e-queimados\/"]}]},{"@type":"ImageObject","inLanguage":"pt-BR","@id":"https:\/\/radioportoseguro.com.br\/site\/2026\/04\/11\/43-cristaos-sao-mortos-por-terroristas-em-ataque-no-congo-decapitados-e-queimados\/#primaryimage","url":"https:\/\/radioportoseguro.com.br\/site\/wp-content\/uploads\/2026\/04\/1914212714-congo.jpg","contentUrl":"https:\/\/radioportoseguro.com.br\/site\/wp-content\/uploads\/2026\/04\/1914212714-congo.jpg","width":1200,"height":600},{"@type":"BreadcrumbList","@id":"https:\/\/radioportoseguro.com.br\/site\/2026\/04\/11\/43-cristaos-sao-mortos-por-terroristas-em-ataque-no-congo-decapitados-e-queimados\/#breadcrumb","itemListElement":[{"@type":"ListItem","position":1,"name":"In\u00edcio","item":"https:\/\/radioportoseguro.com.br\/site\/"},{"@type":"ListItem","position":2,"name":"43 crist\u00e3os s\u00e3o mortos por terroristas em ataque no Congo: \u201cDecapitados e queimados\u201d"}]},{"@type":"WebSite","@id":"https:\/\/radioportoseguro.com.br\/site\/#website","url":"https:\/\/radioportoseguro.com.br\/site\/","name":"R\u00e1dio Porto Seguro","description":"","potentialAction":[{"@type":"SearchAction","target":{"@type":"EntryPoint","urlTemplate":"https:\/\/radioportoseguro.com.br\/site\/?s={search_term_string}"},"query-input":{"@type":"PropertyValueSpecification","valueRequired":true,"valueName":"search_term_string"}}],"inLanguage":"pt-BR"},{"@type":"Person","@id":"https:\/\/radioportoseguro.com.br\/site\/#\/schema\/person\/7630acdc320186f13639d3c067ec089b","name":"admin","image":{"@type":"ImageObject","inLanguage":"pt-BR","@id":"https:\/\/radioportoseguro.com.br\/site\/#\/schema\/person\/image\/","url":"https:\/\/secure.gravatar.com\/avatar\/caacf4dc1eedb68fab0df8e1ed46c448e578b2466351bbcb61e47d2ac0caaef0?s=96&d=mm&r=g","contentUrl":"https:\/\/secure.gravatar.com\/avatar\/caacf4dc1eedb68fab0df8e1ed46c448e578b2466351bbcb61e47d2ac0caaef0?s=96&d=mm&r=g","caption":"admin"},"sameAs":["https:\/\/radioportoseguro.com.br\/site"],"url":"https:\/\/radioportoseguro.com.br\/site\/author\/hezio\/"}]}},"_links":{"self":[{"href":"https:\/\/radioportoseguro.com.br\/site\/wp-json\/wp\/v2\/posts\/5935","targetHints":{"allow":["GET"]}}],"collection":[{"href":"https:\/\/radioportoseguro.com.br\/site\/wp-json\/wp\/v2\/posts"}],"about":[{"href":"https:\/\/radioportoseguro.com.br\/site\/wp-json\/wp\/v2\/types\/post"}],"author":[{"embeddable":true,"href":"https:\/\/radioportoseguro.com.br\/site\/wp-json\/wp\/v2\/users\/1"}],"replies":[{"embeddable":true,"href":"https:\/\/radioportoseguro.com.br\/site\/wp-json\/wp\/v2\/comments?post=5935"}],"version-history":[{"count":0,"href":"https:\/\/radioportoseguro.com.br\/site\/wp-json\/wp\/v2\/posts\/5935\/revisions"}],"wp:featuredmedia":[{"embeddable":true,"href":"https:\/\/radioportoseguro.com.br\/site\/wp-json\/wp\/v2\/media\/5936"}],"wp:attachment":[{"href":"https:\/\/radioportoseguro.com.br\/site\/wp-json\/wp\/v2\/media?parent=5935"}],"wp:term":[{"taxonomy":"category","embeddable":true,"href":"https:\/\/radioportoseguro.com.br\/site\/wp-json\/wp\/v2\/categories?post=5935"},{"taxonomy":"post_tag","embeddable":true,"href":"https:\/\/radioportoseguro.com.br\/site\/wp-json\/wp\/v2\/tags?post=5935"}],"curies":[{"name":"wp","href":"https:\/\/api.w.org\/{rel}","templated":true}]}}