{"id":5937,"date":"2026-04-11T05:42:44","date_gmt":"2026-04-11T08:42:44","guid":{"rendered":"https:\/\/radioportoseguro.com.br\/site\/2026\/04\/11\/adolescente-crista-de-16-anos-e-sequestrada-e-convertida-a-forca-ao-isla-no-paquistao\/"},"modified":"2026-04-11T05:42:44","modified_gmt":"2026-04-11T08:42:44","slug":"adolescente-crista-de-16-anos-e-sequestrada-e-convertida-a-forca-ao-isla-no-paquistao","status":"publish","type":"post","link":"https:\/\/radioportoseguro.com.br\/site\/2026\/04\/11\/adolescente-crista-de-16-anos-e-sequestrada-e-convertida-a-forca-ao-isla-no-paquistao\/","title":{"rendered":"Adolescente crist\u00e3 de 16 anos \u00e9 sequestrada e convertida \u00e0 for\u00e7a ao Isl\u00e3 no Paquist\u00e3o"},"content":{"rendered":"<p><br \/>\n<br \/><\/p>\n<div>\n<p><span style=\"font-weight: 400;\">Uma fam\u00edlia crist\u00e3 busca justi\u00e7a ap\u00f3s sua filha de 16 anos ser sequestrada, convertida \u00e0 for\u00e7a e possivelmente for\u00e7ada a se casar com um l\u00edder religioso mu\u00e7ulmano no <\/span><span style=\"color: #993300;\"><strong>Paquist\u00e3o<\/strong><\/span><span style=\"font-weight: 400;\">.<\/span><\/p>\n<p><span style=\"font-weight: 400;\">O caso aconteceu na prov\u00edncia de Punjab. Segundo o pai, Faqeer Masih, a jovem Neha Bibi fazia aulas de costura h\u00e1 cerca de seis meses em um centro administrado pelas esposas de Sajid Ibrahim, um l\u00edder mu\u00e7ulmano de 45 anos.<\/span><\/p>\n<p><span style=\"font-weight: 400;\">No dia 24 de mar\u00e7o, Neha saiu para a aula, mas n\u00e3o voltou para casa. Quando a fam\u00edlia procurou o local, as respons\u00e1veis disseram que ela j\u00e1 tinha ido embora.\u00a0<\/span><\/p>\n<p><span style=\"font-weight: 400;\">\u201cContinuamos a procur\u00e1-la, mas quando n\u00e3o conseguimos encontr\u00e1-la, fomos \u00e0 pol\u00edcia. Mas, eles n\u00e3o deram aten\u00e7\u00e3o aos nossos pedidos de ajuda\u201d, disse o pai ao Morning Star News.\u00a0<\/span><\/p>\n<p><span style=\"font-weight: 400;\">De acordo com o pai, as autoridades demoraram a registrar a ocorr\u00eancia e n\u00e3o deram aten\u00e7\u00e3o ao caso no in\u00edcio. Dias depois, a fam\u00edlia descobriu que o l\u00edder religioso e suas esposas tamb\u00e9m tinham desaparecido, o que aumentou as suspeitas sobre o envolvimento deles no desaparecimento da menina.<\/span><\/p>\n<p><span style=\"font-weight: 400;\">O boletim de ocorr\u00eancia s\u00f3 foi registrado em 2 de abril, nomeando Ibrahim e suas esposas como suspeitos. No entanto, \u201cas autoridades n\u00e3o fizeram nenhum esfor\u00e7o imediato para localiz\u00e1-los\u201d.\u00a0<\/span><\/p>\n<p><strong>Casamento for\u00e7ado<\/strong><\/p>\n<p><span style=\"font-weight: 400;\">Mais tarde, a pol\u00edcia informou que a adolescente teria ido a um tribunal e declarado que se converteu ao Isl\u00e3 por vontade pr\u00f3pria.<\/span><\/p>\n<p><span style=\"font-weight: 400;\">\u201cFicamos devastados ao saber disso. \u00c9 poss\u00edvel que ela tenha sido for\u00e7ada a fazer isso para se casar\u201d, declarou o pai.<\/span><\/p>\n<p><span style=\"font-weight: 400;\">Ejaz Alam Augustine, um pol\u00edtico crist\u00e3o da regi\u00e3o, informou as autoridades e pediu urg\u00eancia nas buscas.\u00a0<\/span><\/p>\n<p><span style=\"font-weight: 400;\">\u201cEntrei em contato com o oficial respons\u00e1vel pela investiga\u00e7\u00e3o e, posteriormente, com autoridades policiais de alto escal\u00e3o do distrito, instando-os a garantir o resgate da menina\u201d, disse Augustine, acrescentando que as autoridades lhe asseguraram que esfor\u00e7os estavam sendo feitos para localizar os suspeitos e encontrar Neha.<\/span><\/p>\n<p><span style=\"font-weight: 400;\">O caso gerou preocupa\u00e7\u00e3o entre crist\u00e3os no pa\u00eds, principalmente porque situa\u00e7\u00f5es parecidas t\u00eam acontecido com meninas de minorias religiosas.<\/span><\/p>\n<p><span style=\"font-weight: 400;\">Organiza\u00e7\u00f5es de direitos humanos alertam que adolescentes crist\u00e3s e hindus, especialmente as mais pobres, s\u00e3o as principais v\u00edtimas desse tipo de crime.<\/span><\/p>\n<p><span style=\"font-weight: 400;\">Recentemente, uma nova lei na prov\u00edncia aumentou a idade m\u00ednima para o casamento para 18 anos e passou a tratar o matrim\u00f4nio infantil como crime, com pena de pris\u00e3o. Mesmo assim, casos como o de Neha continuam chamando aten\u00e7\u00e3o sobre a prote\u00e7\u00e3o de meninas e a liberdade religiosa no pa\u00eds.<\/span><\/p>\n<p><span style=\"font-weight: 400;\">Al\u00e9m disso, autoridades discutem novas leis para punir convers\u00f5es religiosas for\u00e7adas. Segundo o Morning Star News, propostas semelhantes j\u00e1 foram apresentadas antes, mas enfrentaram resist\u00eancia de grupos religiosos.<\/span><\/p>\n<p><span style=\"font-weight: 400;\">O Paquist\u00e3o ficou novamente em 8\u00ba lugar na <\/span><span style=\"color: #993300;\"><strong>Lista Mundial de Vigil\u00e2ncia 2026 da Portas Abertas<\/strong><\/span><span style=\"font-weight: 400;\">, que avalia a persegui\u00e7\u00e3o enfrentada por crist\u00e3os em todo o mundo.\u00a0<\/span><\/p>\n<\/div>\n<p><br \/>\n<br \/>Fonte: Guiame <\/p>\n","protected":false},"excerpt":{"rendered":"<p>Uma fam\u00edlia crist\u00e3 busca justi\u00e7a ap\u00f3s sua filha de 16 anos ser sequestrada, convertida \u00e0 for\u00e7a e possivelmente for\u00e7ada a se casar com um l\u00edder religioso mu\u00e7ulmano no Paquist\u00e3o. O caso aconteceu na prov\u00edncia de Punjab. Segundo o pai, Faqeer Masih, a jovem Neha Bibi fazia aulas de costura h\u00e1 cerca de seis meses em [&hellip;]<\/p>\n","protected":false},"author":1,"featured_media":5938,"comment_status":"","ping_status":"open","sticky":false,"template":"","format":"standard","meta":{"footnotes":""},"categories":[43],"tags":[],"class_list":["post-5937","post","type-post","status-publish","format-standard","has-post-thumbnail","hentry","category-destaques"],"yoast_head":"<!-- This site is optimized with the Yoast SEO plugin v26.8 - https:\/\/yoast.com\/product\/yoast-seo-wordpress\/ -->\n<title>Adolescente crist\u00e3 de 16 anos \u00e9 sequestrada e convertida \u00e0 for\u00e7a ao Isl\u00e3 no Paquist\u00e3o - R\u00e1dio Porto Seguro<\/title>\n<meta name=\"robots\" content=\"index, follow, max-snippet:-1, max-image-preview:large, max-video-preview:-1\" \/>\n<link rel=\"canonical\" href=\"https:\/\/radioportoseguro.com.br\/site\/2026\/04\/11\/adolescente-crista-de-16-anos-e-sequestrada-e-convertida-a-forca-ao-isla-no-paquistao\/\" \/>\n<meta property=\"og:locale\" content=\"pt_BR\" \/>\n<meta property=\"og:type\" content=\"article\" \/>\n<meta property=\"og:title\" content=\"Adolescente crist\u00e3 de 16 anos \u00e9 sequestrada e convertida \u00e0 for\u00e7a ao Isl\u00e3 no Paquist\u00e3o - R\u00e1dio Porto Seguro\" \/>\n<meta property=\"og:description\" content=\"Uma fam\u00edlia crist\u00e3 busca justi\u00e7a ap\u00f3s sua filha de 16 anos ser sequestrada, convertida \u00e0 for\u00e7a e possivelmente for\u00e7ada a se casar com um l\u00edder religioso mu\u00e7ulmano no Paquist\u00e3o. O caso aconteceu na prov\u00edncia de Punjab. Segundo o pai, Faqeer Masih, a jovem Neha Bibi fazia aulas de costura h\u00e1 cerca de seis meses em [&hellip;]\" \/>\n<meta property=\"og:url\" content=\"https:\/\/radioportoseguro.com.br\/site\/2026\/04\/11\/adolescente-crista-de-16-anos-e-sequestrada-e-convertida-a-forca-ao-isla-no-paquistao\/\" \/>\n<meta property=\"og:site_name\" content=\"R\u00e1dio Porto Seguro\" \/>\n<meta property=\"article:published_time\" content=\"2026-04-11T08:42:44+00:00\" \/>\n<meta property=\"og:image\" content=\"https:\/\/media.guiame.com.br\/archives\/2026\/04\/09\/1845515411-adolescentes-cristas-especialmente-mais-pobres-sao-principais-vitimas-desse-tipo-de-crime.png\" \/>\n<meta name=\"author\" content=\"admin\" \/>\n<meta name=\"twitter:card\" content=\"summary_large_image\" \/>\n<meta name=\"twitter:label1\" content=\"Escrito por\" \/>\n\t<meta name=\"twitter:data1\" content=\"admin\" \/>\n\t<meta name=\"twitter:label2\" content=\"Est. tempo de leitura\" \/>\n\t<meta name=\"twitter:data2\" content=\"3 minutos\" \/>\n<script type=\"application\/ld+json\" class=\"yoast-schema-graph\">{\"@context\":\"https:\/\/schema.org\",\"@graph\":[{\"@type\":\"Article\",\"@id\":\"https:\/\/radioportoseguro.com.br\/site\/2026\/04\/11\/adolescente-crista-de-16-anos-e-sequestrada-e-convertida-a-forca-ao-isla-no-paquistao\/#article\",\"isPartOf\":{\"@id\":\"https:\/\/radioportoseguro.com.br\/site\/2026\/04\/11\/adolescente-crista-de-16-anos-e-sequestrada-e-convertida-a-forca-ao-isla-no-paquistao\/\"},\"author\":{\"name\":\"admin\",\"@id\":\"https:\/\/radioportoseguro.com.br\/site\/#\/schema\/person\/7630acdc320186f13639d3c067ec089b\"},\"headline\":\"Adolescente crist\u00e3 de 16 anos \u00e9 sequestrada e convertida \u00e0 for\u00e7a ao Isl\u00e3 no Paquist\u00e3o\",\"datePublished\":\"2026-04-11T08:42:44+00:00\",\"mainEntityOfPage\":{\"@id\":\"https:\/\/radioportoseguro.com.br\/site\/2026\/04\/11\/adolescente-crista-de-16-anos-e-sequestrada-e-convertida-a-forca-ao-isla-no-paquistao\/\"},\"wordCount\":535,\"image\":{\"@id\":\"https:\/\/radioportoseguro.com.br\/site\/2026\/04\/11\/adolescente-crista-de-16-anos-e-sequestrada-e-convertida-a-forca-ao-isla-no-paquistao\/#primaryimage\"},\"thumbnailUrl\":\"https:\/\/radioportoseguro.com.br\/site\/wp-content\/uploads\/2026\/04\/1845515411-adolescentes-cristas-especialmente-mais-pobres-sao-principais-vitimas-desse-tipo-de-crime.webp\",\"articleSection\":[\"Destaques\"],\"inLanguage\":\"pt-BR\"},{\"@type\":\"WebPage\",\"@id\":\"https:\/\/radioportoseguro.com.br\/site\/2026\/04\/11\/adolescente-crista-de-16-anos-e-sequestrada-e-convertida-a-forca-ao-isla-no-paquistao\/\",\"url\":\"https:\/\/radioportoseguro.com.br\/site\/2026\/04\/11\/adolescente-crista-de-16-anos-e-sequestrada-e-convertida-a-forca-ao-isla-no-paquistao\/\",\"name\":\"Adolescente crist\u00e3 de 16 anos \u00e9 sequestrada e convertida \u00e0 for\u00e7a ao Isl\u00e3 no Paquist\u00e3o - R\u00e1dio Porto Seguro\",\"isPartOf\":{\"@id\":\"https:\/\/radioportoseguro.com.br\/site\/#website\"},\"primaryImageOfPage\":{\"@id\":\"https:\/\/radioportoseguro.com.br\/site\/2026\/04\/11\/adolescente-crista-de-16-anos-e-sequestrada-e-convertida-a-forca-ao-isla-no-paquistao\/#primaryimage\"},\"image\":{\"@id\":\"https:\/\/radioportoseguro.com.br\/site\/2026\/04\/11\/adolescente-crista-de-16-anos-e-sequestrada-e-convertida-a-forca-ao-isla-no-paquistao\/#primaryimage\"},\"thumbnailUrl\":\"https:\/\/radioportoseguro.com.br\/site\/wp-content\/uploads\/2026\/04\/1845515411-adolescentes-cristas-especialmente-mais-pobres-sao-principais-vitimas-desse-tipo-de-crime.webp\",\"datePublished\":\"2026-04-11T08:42:44+00:00\",\"author\":{\"@id\":\"https:\/\/radioportoseguro.com.br\/site\/#\/schema\/person\/7630acdc320186f13639d3c067ec089b\"},\"breadcrumb\":{\"@id\":\"https:\/\/radioportoseguro.com.br\/site\/2026\/04\/11\/adolescente-crista-de-16-anos-e-sequestrada-e-convertida-a-forca-ao-isla-no-paquistao\/#breadcrumb\"},\"inLanguage\":\"pt-BR\",\"potentialAction\":[{\"@type\":\"ReadAction\",\"target\":[\"https:\/\/radioportoseguro.com.br\/site\/2026\/04\/11\/adolescente-crista-de-16-anos-e-sequestrada-e-convertida-a-forca-ao-isla-no-paquistao\/\"]}]},{\"@type\":\"ImageObject\",\"inLanguage\":\"pt-BR\",\"@id\":\"https:\/\/radioportoseguro.com.br\/site\/2026\/04\/11\/adolescente-crista-de-16-anos-e-sequestrada-e-convertida-a-forca-ao-isla-no-paquistao\/#primaryimage\",\"url\":\"https:\/\/radioportoseguro.com.br\/site\/wp-content\/uploads\/2026\/04\/1845515411-adolescentes-cristas-especialmente-mais-pobres-sao-principais-vitimas-desse-tipo-de-crime.webp\",\"contentUrl\":\"https:\/\/radioportoseguro.com.br\/site\/wp-content\/uploads\/2026\/04\/1845515411-adolescentes-cristas-especialmente-mais-pobres-sao-principais-vitimas-desse-tipo-de-crime.webp\",\"width\":1200,\"height\":600},{\"@type\":\"BreadcrumbList\",\"@id\":\"https:\/\/radioportoseguro.com.br\/site\/2026\/04\/11\/adolescente-crista-de-16-anos-e-sequestrada-e-convertida-a-forca-ao-isla-no-paquistao\/#breadcrumb\",\"itemListElement\":[{\"@type\":\"ListItem\",\"position\":1,\"name\":\"In\u00edcio\",\"item\":\"https:\/\/radioportoseguro.com.br\/site\/\"},{\"@type\":\"ListItem\",\"position\":2,\"name\":\"Adolescente crist\u00e3 de 16 anos \u00e9 sequestrada e convertida \u00e0 for\u00e7a ao Isl\u00e3 no Paquist\u00e3o\"}]},{\"@type\":\"WebSite\",\"@id\":\"https:\/\/radioportoseguro.com.br\/site\/#website\",\"url\":\"https:\/\/radioportoseguro.com.br\/site\/\",\"name\":\"R\u00e1dio Porto Seguro\",\"description\":\"\",\"potentialAction\":[{\"@type\":\"SearchAction\",\"target\":{\"@type\":\"EntryPoint\",\"urlTemplate\":\"https:\/\/radioportoseguro.com.br\/site\/?s={search_term_string}\"},\"query-input\":{\"@type\":\"PropertyValueSpecification\",\"valueRequired\":true,\"valueName\":\"search_term_string\"}}],\"inLanguage\":\"pt-BR\"},{\"@type\":\"Person\",\"@id\":\"https:\/\/radioportoseguro.com.br\/site\/#\/schema\/person\/7630acdc320186f13639d3c067ec089b\",\"name\":\"admin\",\"image\":{\"@type\":\"ImageObject\",\"inLanguage\":\"pt-BR\",\"@id\":\"https:\/\/radioportoseguro.com.br\/site\/#\/schema\/person\/image\/\",\"url\":\"https:\/\/secure.gravatar.com\/avatar\/caacf4dc1eedb68fab0df8e1ed46c448e578b2466351bbcb61e47d2ac0caaef0?s=96&d=mm&r=g\",\"contentUrl\":\"https:\/\/secure.gravatar.com\/avatar\/caacf4dc1eedb68fab0df8e1ed46c448e578b2466351bbcb61e47d2ac0caaef0?s=96&d=mm&r=g\",\"caption\":\"admin\"},\"sameAs\":[\"https:\/\/radioportoseguro.com.br\/site\"],\"url\":\"https:\/\/radioportoseguro.com.br\/site\/author\/hezio\/\"}]}<\/script>\n<!-- \/ Yoast SEO plugin. -->","yoast_head_json":{"title":"Adolescente crist\u00e3 de 16 anos \u00e9 sequestrada e convertida \u00e0 for\u00e7a ao Isl\u00e3 no Paquist\u00e3o - R\u00e1dio Porto Seguro","robots":{"index":"index","follow":"follow","max-snippet":"max-snippet:-1","max-image-preview":"max-image-preview:large","max-video-preview":"max-video-preview:-1"},"canonical":"https:\/\/radioportoseguro.com.br\/site\/2026\/04\/11\/adolescente-crista-de-16-anos-e-sequestrada-e-convertida-a-forca-ao-isla-no-paquistao\/","og_locale":"pt_BR","og_type":"article","og_title":"Adolescente crist\u00e3 de 16 anos \u00e9 sequestrada e convertida \u00e0 for\u00e7a ao Isl\u00e3 no Paquist\u00e3o - R\u00e1dio Porto Seguro","og_description":"Uma fam\u00edlia crist\u00e3 busca justi\u00e7a ap\u00f3s sua filha de 16 anos ser sequestrada, convertida \u00e0 for\u00e7a e possivelmente for\u00e7ada a se casar com um l\u00edder religioso mu\u00e7ulmano no Paquist\u00e3o. O caso aconteceu na prov\u00edncia de Punjab. Segundo o pai, Faqeer Masih, a jovem Neha Bibi fazia aulas de costura h\u00e1 cerca de seis meses em [&hellip;]","og_url":"https:\/\/radioportoseguro.com.br\/site\/2026\/04\/11\/adolescente-crista-de-16-anos-e-sequestrada-e-convertida-a-forca-ao-isla-no-paquistao\/","og_site_name":"R\u00e1dio Porto Seguro","article_published_time":"2026-04-11T08:42:44+00:00","og_image":[{"url":"https:\/\/media.guiame.com.br\/archives\/2026\/04\/09\/1845515411-adolescentes-cristas-especialmente-mais-pobres-sao-principais-vitimas-desse-tipo-de-crime.png","type":"","width":"","height":""}],"author":"admin","twitter_card":"summary_large_image","twitter_misc":{"Escrito por":"admin","Est. tempo de leitura":"3 minutos"},"schema":{"@context":"https:\/\/schema.org","@graph":[{"@type":"Article","@id":"https:\/\/radioportoseguro.com.br\/site\/2026\/04\/11\/adolescente-crista-de-16-anos-e-sequestrada-e-convertida-a-forca-ao-isla-no-paquistao\/#article","isPartOf":{"@id":"https:\/\/radioportoseguro.com.br\/site\/2026\/04\/11\/adolescente-crista-de-16-anos-e-sequestrada-e-convertida-a-forca-ao-isla-no-paquistao\/"},"author":{"name":"admin","@id":"https:\/\/radioportoseguro.com.br\/site\/#\/schema\/person\/7630acdc320186f13639d3c067ec089b"},"headline":"Adolescente crist\u00e3 de 16 anos \u00e9 sequestrada e convertida \u00e0 for\u00e7a ao Isl\u00e3 no Paquist\u00e3o","datePublished":"2026-04-11T08:42:44+00:00","mainEntityOfPage":{"@id":"https:\/\/radioportoseguro.com.br\/site\/2026\/04\/11\/adolescente-crista-de-16-anos-e-sequestrada-e-convertida-a-forca-ao-isla-no-paquistao\/"},"wordCount":535,"image":{"@id":"https:\/\/radioportoseguro.com.br\/site\/2026\/04\/11\/adolescente-crista-de-16-anos-e-sequestrada-e-convertida-a-forca-ao-isla-no-paquistao\/#primaryimage"},"thumbnailUrl":"https:\/\/radioportoseguro.com.br\/site\/wp-content\/uploads\/2026\/04\/1845515411-adolescentes-cristas-especialmente-mais-pobres-sao-principais-vitimas-desse-tipo-de-crime.webp","articleSection":["Destaques"],"inLanguage":"pt-BR"},{"@type":"WebPage","@id":"https:\/\/radioportoseguro.com.br\/site\/2026\/04\/11\/adolescente-crista-de-16-anos-e-sequestrada-e-convertida-a-forca-ao-isla-no-paquistao\/","url":"https:\/\/radioportoseguro.com.br\/site\/2026\/04\/11\/adolescente-crista-de-16-anos-e-sequestrada-e-convertida-a-forca-ao-isla-no-paquistao\/","name":"Adolescente crist\u00e3 de 16 anos \u00e9 sequestrada e convertida \u00e0 for\u00e7a ao Isl\u00e3 no Paquist\u00e3o - R\u00e1dio Porto Seguro","isPartOf":{"@id":"https:\/\/radioportoseguro.com.br\/site\/#website"},"primaryImageOfPage":{"@id":"https:\/\/radioportoseguro.com.br\/site\/2026\/04\/11\/adolescente-crista-de-16-anos-e-sequestrada-e-convertida-a-forca-ao-isla-no-paquistao\/#primaryimage"},"image":{"@id":"https:\/\/radioportoseguro.com.br\/site\/2026\/04\/11\/adolescente-crista-de-16-anos-e-sequestrada-e-convertida-a-forca-ao-isla-no-paquistao\/#primaryimage"},"thumbnailUrl":"https:\/\/radioportoseguro.com.br\/site\/wp-content\/uploads\/2026\/04\/1845515411-adolescentes-cristas-especialmente-mais-pobres-sao-principais-vitimas-desse-tipo-de-crime.webp","datePublished":"2026-04-11T08:42:44+00:00","author":{"@id":"https:\/\/radioportoseguro.com.br\/site\/#\/schema\/person\/7630acdc320186f13639d3c067ec089b"},"breadcrumb":{"@id":"https:\/\/radioportoseguro.com.br\/site\/2026\/04\/11\/adolescente-crista-de-16-anos-e-sequestrada-e-convertida-a-forca-ao-isla-no-paquistao\/#breadcrumb"},"inLanguage":"pt-BR","potentialAction":[{"@type":"ReadAction","target":["https:\/\/radioportoseguro.com.br\/site\/2026\/04\/11\/adolescente-crista-de-16-anos-e-sequestrada-e-convertida-a-forca-ao-isla-no-paquistao\/"]}]},{"@type":"ImageObject","inLanguage":"pt-BR","@id":"https:\/\/radioportoseguro.com.br\/site\/2026\/04\/11\/adolescente-crista-de-16-anos-e-sequestrada-e-convertida-a-forca-ao-isla-no-paquistao\/#primaryimage","url":"https:\/\/radioportoseguro.com.br\/site\/wp-content\/uploads\/2026\/04\/1845515411-adolescentes-cristas-especialmente-mais-pobres-sao-principais-vitimas-desse-tipo-de-crime.webp","contentUrl":"https:\/\/radioportoseguro.com.br\/site\/wp-content\/uploads\/2026\/04\/1845515411-adolescentes-cristas-especialmente-mais-pobres-sao-principais-vitimas-desse-tipo-de-crime.webp","width":1200,"height":600},{"@type":"BreadcrumbList","@id":"https:\/\/radioportoseguro.com.br\/site\/2026\/04\/11\/adolescente-crista-de-16-anos-e-sequestrada-e-convertida-a-forca-ao-isla-no-paquistao\/#breadcrumb","itemListElement":[{"@type":"ListItem","position":1,"name":"In\u00edcio","item":"https:\/\/radioportoseguro.com.br\/site\/"},{"@type":"ListItem","position":2,"name":"Adolescente crist\u00e3 de 16 anos \u00e9 sequestrada e convertida \u00e0 for\u00e7a ao Isl\u00e3 no Paquist\u00e3o"}]},{"@type":"WebSite","@id":"https:\/\/radioportoseguro.com.br\/site\/#website","url":"https:\/\/radioportoseguro.com.br\/site\/","name":"R\u00e1dio Porto Seguro","description":"","potentialAction":[{"@type":"SearchAction","target":{"@type":"EntryPoint","urlTemplate":"https:\/\/radioportoseguro.com.br\/site\/?s={search_term_string}"},"query-input":{"@type":"PropertyValueSpecification","valueRequired":true,"valueName":"search_term_string"}}],"inLanguage":"pt-BR"},{"@type":"Person","@id":"https:\/\/radioportoseguro.com.br\/site\/#\/schema\/person\/7630acdc320186f13639d3c067ec089b","name":"admin","image":{"@type":"ImageObject","inLanguage":"pt-BR","@id":"https:\/\/radioportoseguro.com.br\/site\/#\/schema\/person\/image\/","url":"https:\/\/secure.gravatar.com\/avatar\/caacf4dc1eedb68fab0df8e1ed46c448e578b2466351bbcb61e47d2ac0caaef0?s=96&d=mm&r=g","contentUrl":"https:\/\/secure.gravatar.com\/avatar\/caacf4dc1eedb68fab0df8e1ed46c448e578b2466351bbcb61e47d2ac0caaef0?s=96&d=mm&r=g","caption":"admin"},"sameAs":["https:\/\/radioportoseguro.com.br\/site"],"url":"https:\/\/radioportoseguro.com.br\/site\/author\/hezio\/"}]}},"_links":{"self":[{"href":"https:\/\/radioportoseguro.com.br\/site\/wp-json\/wp\/v2\/posts\/5937","targetHints":{"allow":["GET"]}}],"collection":[{"href":"https:\/\/radioportoseguro.com.br\/site\/wp-json\/wp\/v2\/posts"}],"about":[{"href":"https:\/\/radioportoseguro.com.br\/site\/wp-json\/wp\/v2\/types\/post"}],"author":[{"embeddable":true,"href":"https:\/\/radioportoseguro.com.br\/site\/wp-json\/wp\/v2\/users\/1"}],"replies":[{"embeddable":true,"href":"https:\/\/radioportoseguro.com.br\/site\/wp-json\/wp\/v2\/comments?post=5937"}],"version-history":[{"count":0,"href":"https:\/\/radioportoseguro.com.br\/site\/wp-json\/wp\/v2\/posts\/5937\/revisions"}],"wp:featuredmedia":[{"embeddable":true,"href":"https:\/\/radioportoseguro.com.br\/site\/wp-json\/wp\/v2\/media\/5938"}],"wp:attachment":[{"href":"https:\/\/radioportoseguro.com.br\/site\/wp-json\/wp\/v2\/media?parent=5937"}],"wp:term":[{"taxonomy":"category","embeddable":true,"href":"https:\/\/radioportoseguro.com.br\/site\/wp-json\/wp\/v2\/categories?post=5937"},{"taxonomy":"post_tag","embeddable":true,"href":"https:\/\/radioportoseguro.com.br\/site\/wp-json\/wp\/v2\/tags?post=5937"}],"curies":[{"name":"wp","href":"https:\/\/api.w.org\/{rel}","templated":true}]}}