{"id":5941,"date":"2026-04-11T07:43:18","date_gmt":"2026-04-11T10:43:18","guid":{"rendered":"https:\/\/radioportoseguro.com.br\/site\/2026\/04\/11\/com-marisa-lobo-magno-malta-articula-no-congresso-defesa-de-psicologos-cristaos\/"},"modified":"2026-04-11T07:43:18","modified_gmt":"2026-04-11T10:43:18","slug":"com-marisa-lobo-magno-malta-articula-no-congresso-defesa-de-psicologos-cristaos","status":"publish","type":"post","link":"https:\/\/radioportoseguro.com.br\/site\/2026\/04\/11\/com-marisa-lobo-magno-malta-articula-no-congresso-defesa-de-psicologos-cristaos\/","title":{"rendered":"Com Marisa Lobo, Magno Malta articula no Congresso defesa de psic\u00f3logos crist\u00e3os"},"content":{"rendered":"<p><br \/>\n<br \/><\/p>\n<div>\n<p>Em um cen\u00e1rio cada vez mais sens\u00edvel para profissionais que expressam sua f\u00e9 publicamente, o senador Magno Malta d\u00e1 um passo decisivo ao articular, no Congresso Nacional, a cria\u00e7\u00e3o da Frente Parlamentar Mista em Defesa da Liberdade Religiosa dos Psic\u00f3logos Crist\u00e3os.<\/p>\n<p>A iniciativa surge diante de uma realidade que tem gerado preocupa\u00e7\u00e3o: psic\u00f3logos crist\u00e3os v\u00eam sendo alvo de questionamentos e a\u00e7\u00f5es \u00e9tico-disciplinares por manifesta\u00e7\u00f5es pessoais de f\u00e9, muitas vezes realizadas fora do ambiente cl\u00ednico.<\/p>\n<p>O pr\u00f3prio texto que fundamenta a proposta reconhece que h\u00e1 casos concretos de profissionais sendo acionados institucionalmente n\u00e3o por condutas t\u00e9cnicas inadequadas, mas por expressarem suas convic\u00e7\u00f5es religiosas.<\/p>\n<p>Diante disso, Magno Malta assume protagonismo ao levar o debate para o campo legislativo, reafirmando direitos garantidos pela Constitui\u00e7\u00e3o, como a liberdade de consci\u00eancia e de cren\u00e7a.<\/p>\n<p>A proposta tamb\u00e9m busca estabelecer limites claros \u00e0 atua\u00e7\u00e3o de conselhos profissionais, evitando que normas administrativas ultrapassem sua finalidade e acabem restringindo direitos fundamentais.<\/p>\n<p>A Frente Parlamentar tem como objetivo promover equil\u00edbrio: garantir o exerc\u00edcio \u00e9tico da Psicologia sem que isso implique a nega\u00e7\u00e3o da identidade pessoal e religiosa do profissional. O documento destaca, inclusive, que a religiosidade \u00e9 parte integrante da subjetividade humana, n\u00e3o podendo ser artificialmente separada da vida do indiv\u00edduo.<\/p>\n<p><strong>Marisa Lobo integra iniciativa<\/strong><\/p>\n<p>Um dos pontos de maior relev\u00e2ncia dessa iniciativa \u00e9 o convite que recebi para atuar como assessora da Frente Parlamentar. A raz\u00e3o \u00e9 o reconhecimento da minha atua\u00e7\u00e3o firme na defesa da liberdade religiosa e do acompanhamento pr\u00f3ximo dos desafios enfrentados por psic\u00f3logos crist\u00e3os no Brasil. Assim, passo a integrar o projeto como uma voz t\u00e9cnica e representativa.<\/p>\n<p>Acredito que minha participa\u00e7\u00e3o refor\u00e7a o compromisso da Frente em dialogar com profissionais que vivenciam essa realidade na pr\u00e1tica.<\/p>\n<p>Entendo que esse convite sinaliza que a proposta n\u00e3o se limita ao campo pol\u00edtico, mas busca tamb\u00e9m respaldo t\u00e9cnico e a experi\u00eancia concreta, fortalecendo a constru\u00e7\u00e3o de solu\u00e7\u00f5es que respeitem tanto a ci\u00eancia quanto os direitos fundamentais.<\/p>\n<p>Al\u00e9m disso, a iniciativa liderada por Magno Malta prop\u00f5e a realiza\u00e7\u00e3o de debates, audi\u00eancias p\u00fablicas e articula\u00e7\u00f5es com a sociedade civil, ampliando a discuss\u00e3o sobre a rela\u00e7\u00e3o entre f\u00e9, profiss\u00e3o e liberdade no Brasil.<\/p>\n<p>Em um pa\u00eds de maioria crist\u00e3, onde a f\u00e9 faz parte da identidade de milh\u00f5es de brasileiros, a cria\u00e7\u00e3o dessa Frente Parlamentar representa um marco importante. Trata-se de reafirmar que o Estado \u00e9 laico, mas n\u00e3o contr\u00e1rio \u00e0 religi\u00e3o \u2014 e que a liberdade de cren\u00e7a deve ser respeitada tamb\u00e9m no exerc\u00edcio profissional.<\/p>\n<p>Com a lideran\u00e7a de Magno Malta e minha contribui\u00e7\u00e3o como crist\u00e3 e psic\u00f3loga, o debate ganha for\u00e7a institucional e abre caminho para uma nova fase: uma fase em que f\u00e9 e profiss\u00e3o n\u00e3o sejam colocadas em lados opostos, mas possam coexistir com respeito, responsabilidade e liberdade.<\/p>\n<p>\u00a0<\/p>\n<p><strong>Marisa Lobo<\/strong> \u00e9 psicanalista, te\u00f3loga, especialista em comportamento humano, com p\u00f3s gradua\u00e7\u00e3o em Filosofia dos Direitos Humanos, Educa\u00e7\u00e3o em G\u00eanero e Sexualidade, Neuroci\u00eancia da Comunica\u00e7\u00e3o, Media\u00e7\u00e3o de Conflitos, Gest\u00e3o P\u00fablica e Depend\u00eancia Digital. \u00c9 escritora, com 12 livros publicados, e presidente do movimento \u201cMaconha N\u00e3o\u201d, al\u00e9m de integrar o movimento Pr\u00f3-Mulher.<\/p>\n<p><em>* O conte\u00fado do texto acima \u00e9 uma colabora\u00e7\u00e3o volunt\u00e1ria, de total responsabilidade do autor e n\u00e3o reflete necessariamente a opini\u00e3o do Portal Guiame.<\/em><\/p>\n<p>Leia o artigo anterior: <span style=\"color: #800000;\"><strong>Maconha, sa\u00fade mental e engano espiritual<\/strong><\/span><\/p>\n<p>\u00a0<\/p>\n<\/div>\n<p><br \/>\n<br \/>Fonte: Guiame <\/p>\n","protected":false},"excerpt":{"rendered":"<p>Em um cen\u00e1rio cada vez mais sens\u00edvel para profissionais que expressam sua f\u00e9 publicamente, o senador Magno Malta d\u00e1 um passo decisivo ao articular, no Congresso Nacional, a cria\u00e7\u00e3o da Frente Parlamentar Mista em Defesa da Liberdade Religiosa dos Psic\u00f3logos Crist\u00e3os. A iniciativa surge diante de uma realidade que tem gerado preocupa\u00e7\u00e3o: psic\u00f3logos crist\u00e3os v\u00eam [&hellip;]<\/p>\n","protected":false},"author":1,"featured_media":5942,"comment_status":"","ping_status":"open","sticky":false,"template":"","format":"standard","meta":{"footnotes":""},"categories":[43],"tags":[],"class_list":["post-5941","post","type-post","status-publish","format-standard","has-post-thumbnail","hentry","category-destaques"],"yoast_head":"<!-- This site is optimized with the Yoast SEO plugin v26.8 - https:\/\/yoast.com\/product\/yoast-seo-wordpress\/ -->\n<title>Com Marisa Lobo, Magno Malta articula no Congresso defesa de psic\u00f3logos crist\u00e3os - R\u00e1dio Porto Seguro<\/title>\n<meta name=\"robots\" content=\"index, follow, max-snippet:-1, max-image-preview:large, max-video-preview:-1\" \/>\n<link rel=\"canonical\" href=\"https:\/\/radioportoseguro.com.br\/site\/2026\/04\/11\/com-marisa-lobo-magno-malta-articula-no-congresso-defesa-de-psicologos-cristaos\/\" \/>\n<meta property=\"og:locale\" content=\"pt_BR\" \/>\n<meta property=\"og:type\" content=\"article\" \/>\n<meta property=\"og:title\" content=\"Com Marisa Lobo, Magno Malta articula no Congresso defesa de psic\u00f3logos crist\u00e3os - R\u00e1dio Porto Seguro\" \/>\n<meta property=\"og:description\" content=\"Em um cen\u00e1rio cada vez mais sens\u00edvel para profissionais que expressam sua f\u00e9 publicamente, o senador Magno Malta d\u00e1 um passo decisivo ao articular, no Congresso Nacional, a cria\u00e7\u00e3o da Frente Parlamentar Mista em Defesa da Liberdade Religiosa dos Psic\u00f3logos Crist\u00e3os. A iniciativa surge diante de uma realidade que tem gerado preocupa\u00e7\u00e3o: psic\u00f3logos crist\u00e3os v\u00eam [&hellip;]\" \/>\n<meta property=\"og:url\" content=\"https:\/\/radioportoseguro.com.br\/site\/2026\/04\/11\/com-marisa-lobo-magno-malta-articula-no-congresso-defesa-de-psicologos-cristaos\/\" \/>\n<meta property=\"og:site_name\" content=\"R\u00e1dio Porto Seguro\" \/>\n<meta property=\"article:published_time\" content=\"2026-04-11T10:43:18+00:00\" \/>\n<meta property=\"og:image\" content=\"https:\/\/media.guiame.com.br\/archives\/2026\/04\/09\/508060785-magno-marisa.png\" \/>\n<meta name=\"author\" content=\"admin\" \/>\n<meta name=\"twitter:card\" content=\"summary_large_image\" \/>\n<meta name=\"twitter:label1\" content=\"Escrito por\" \/>\n\t<meta name=\"twitter:data1\" content=\"admin\" \/>\n\t<meta name=\"twitter:label2\" content=\"Est. tempo de leitura\" \/>\n\t<meta name=\"twitter:data2\" content=\"3 minutos\" \/>\n<script type=\"application\/ld+json\" class=\"yoast-schema-graph\">{\"@context\":\"https:\/\/schema.org\",\"@graph\":[{\"@type\":\"Article\",\"@id\":\"https:\/\/radioportoseguro.com.br\/site\/2026\/04\/11\/com-marisa-lobo-magno-malta-articula-no-congresso-defesa-de-psicologos-cristaos\/#article\",\"isPartOf\":{\"@id\":\"https:\/\/radioportoseguro.com.br\/site\/2026\/04\/11\/com-marisa-lobo-magno-malta-articula-no-congresso-defesa-de-psicologos-cristaos\/\"},\"author\":{\"name\":\"admin\",\"@id\":\"https:\/\/radioportoseguro.com.br\/site\/#\/schema\/person\/7630acdc320186f13639d3c067ec089b\"},\"headline\":\"Com Marisa Lobo, Magno Malta articula no Congresso defesa de psic\u00f3logos crist\u00e3os\",\"datePublished\":\"2026-04-11T10:43:18+00:00\",\"mainEntityOfPage\":{\"@id\":\"https:\/\/radioportoseguro.com.br\/site\/2026\/04\/11\/com-marisa-lobo-magno-malta-articula-no-congresso-defesa-de-psicologos-cristaos\/\"},\"wordCount\":632,\"image\":{\"@id\":\"https:\/\/radioportoseguro.com.br\/site\/2026\/04\/11\/com-marisa-lobo-magno-malta-articula-no-congresso-defesa-de-psicologos-cristaos\/#primaryimage\"},\"thumbnailUrl\":\"https:\/\/radioportoseguro.com.br\/site\/wp-content\/uploads\/2026\/04\/508060785-magno-marisa.png\",\"articleSection\":[\"Destaques\"],\"inLanguage\":\"pt-BR\"},{\"@type\":\"WebPage\",\"@id\":\"https:\/\/radioportoseguro.com.br\/site\/2026\/04\/11\/com-marisa-lobo-magno-malta-articula-no-congresso-defesa-de-psicologos-cristaos\/\",\"url\":\"https:\/\/radioportoseguro.com.br\/site\/2026\/04\/11\/com-marisa-lobo-magno-malta-articula-no-congresso-defesa-de-psicologos-cristaos\/\",\"name\":\"Com Marisa Lobo, Magno Malta articula no Congresso defesa de psic\u00f3logos crist\u00e3os - R\u00e1dio Porto Seguro\",\"isPartOf\":{\"@id\":\"https:\/\/radioportoseguro.com.br\/site\/#website\"},\"primaryImageOfPage\":{\"@id\":\"https:\/\/radioportoseguro.com.br\/site\/2026\/04\/11\/com-marisa-lobo-magno-malta-articula-no-congresso-defesa-de-psicologos-cristaos\/#primaryimage\"},\"image\":{\"@id\":\"https:\/\/radioportoseguro.com.br\/site\/2026\/04\/11\/com-marisa-lobo-magno-malta-articula-no-congresso-defesa-de-psicologos-cristaos\/#primaryimage\"},\"thumbnailUrl\":\"https:\/\/radioportoseguro.com.br\/site\/wp-content\/uploads\/2026\/04\/508060785-magno-marisa.png\",\"datePublished\":\"2026-04-11T10:43:18+00:00\",\"author\":{\"@id\":\"https:\/\/radioportoseguro.com.br\/site\/#\/schema\/person\/7630acdc320186f13639d3c067ec089b\"},\"breadcrumb\":{\"@id\":\"https:\/\/radioportoseguro.com.br\/site\/2026\/04\/11\/com-marisa-lobo-magno-malta-articula-no-congresso-defesa-de-psicologos-cristaos\/#breadcrumb\"},\"inLanguage\":\"pt-BR\",\"potentialAction\":[{\"@type\":\"ReadAction\",\"target\":[\"https:\/\/radioportoseguro.com.br\/site\/2026\/04\/11\/com-marisa-lobo-magno-malta-articula-no-congresso-defesa-de-psicologos-cristaos\/\"]}]},{\"@type\":\"ImageObject\",\"inLanguage\":\"pt-BR\",\"@id\":\"https:\/\/radioportoseguro.com.br\/site\/2026\/04\/11\/com-marisa-lobo-magno-malta-articula-no-congresso-defesa-de-psicologos-cristaos\/#primaryimage\",\"url\":\"https:\/\/radioportoseguro.com.br\/site\/wp-content\/uploads\/2026\/04\/508060785-magno-marisa.png\",\"contentUrl\":\"https:\/\/radioportoseguro.com.br\/site\/wp-content\/uploads\/2026\/04\/508060785-magno-marisa.png\",\"width\":1200,\"height\":600},{\"@type\":\"BreadcrumbList\",\"@id\":\"https:\/\/radioportoseguro.com.br\/site\/2026\/04\/11\/com-marisa-lobo-magno-malta-articula-no-congresso-defesa-de-psicologos-cristaos\/#breadcrumb\",\"itemListElement\":[{\"@type\":\"ListItem\",\"position\":1,\"name\":\"In\u00edcio\",\"item\":\"https:\/\/radioportoseguro.com.br\/site\/\"},{\"@type\":\"ListItem\",\"position\":2,\"name\":\"Com Marisa Lobo, Magno Malta articula no Congresso defesa de psic\u00f3logos crist\u00e3os\"}]},{\"@type\":\"WebSite\",\"@id\":\"https:\/\/radioportoseguro.com.br\/site\/#website\",\"url\":\"https:\/\/radioportoseguro.com.br\/site\/\",\"name\":\"R\u00e1dio Porto Seguro\",\"description\":\"\",\"potentialAction\":[{\"@type\":\"SearchAction\",\"target\":{\"@type\":\"EntryPoint\",\"urlTemplate\":\"https:\/\/radioportoseguro.com.br\/site\/?s={search_term_string}\"},\"query-input\":{\"@type\":\"PropertyValueSpecification\",\"valueRequired\":true,\"valueName\":\"search_term_string\"}}],\"inLanguage\":\"pt-BR\"},{\"@type\":\"Person\",\"@id\":\"https:\/\/radioportoseguro.com.br\/site\/#\/schema\/person\/7630acdc320186f13639d3c067ec089b\",\"name\":\"admin\",\"image\":{\"@type\":\"ImageObject\",\"inLanguage\":\"pt-BR\",\"@id\":\"https:\/\/radioportoseguro.com.br\/site\/#\/schema\/person\/image\/\",\"url\":\"https:\/\/secure.gravatar.com\/avatar\/caacf4dc1eedb68fab0df8e1ed46c448e578b2466351bbcb61e47d2ac0caaef0?s=96&d=mm&r=g\",\"contentUrl\":\"https:\/\/secure.gravatar.com\/avatar\/caacf4dc1eedb68fab0df8e1ed46c448e578b2466351bbcb61e47d2ac0caaef0?s=96&d=mm&r=g\",\"caption\":\"admin\"},\"sameAs\":[\"https:\/\/radioportoseguro.com.br\/site\"],\"url\":\"https:\/\/radioportoseguro.com.br\/site\/author\/hezio\/\"}]}<\/script>\n<!-- \/ Yoast SEO plugin. -->","yoast_head_json":{"title":"Com Marisa Lobo, Magno Malta articula no Congresso defesa de psic\u00f3logos crist\u00e3os - R\u00e1dio Porto Seguro","robots":{"index":"index","follow":"follow","max-snippet":"max-snippet:-1","max-image-preview":"max-image-preview:large","max-video-preview":"max-video-preview:-1"},"canonical":"https:\/\/radioportoseguro.com.br\/site\/2026\/04\/11\/com-marisa-lobo-magno-malta-articula-no-congresso-defesa-de-psicologos-cristaos\/","og_locale":"pt_BR","og_type":"article","og_title":"Com Marisa Lobo, Magno Malta articula no Congresso defesa de psic\u00f3logos crist\u00e3os - R\u00e1dio Porto Seguro","og_description":"Em um cen\u00e1rio cada vez mais sens\u00edvel para profissionais que expressam sua f\u00e9 publicamente, o senador Magno Malta d\u00e1 um passo decisivo ao articular, no Congresso Nacional, a cria\u00e7\u00e3o da Frente Parlamentar Mista em Defesa da Liberdade Religiosa dos Psic\u00f3logos Crist\u00e3os. A iniciativa surge diante de uma realidade que tem gerado preocupa\u00e7\u00e3o: psic\u00f3logos crist\u00e3os v\u00eam [&hellip;]","og_url":"https:\/\/radioportoseguro.com.br\/site\/2026\/04\/11\/com-marisa-lobo-magno-malta-articula-no-congresso-defesa-de-psicologos-cristaos\/","og_site_name":"R\u00e1dio Porto Seguro","article_published_time":"2026-04-11T10:43:18+00:00","og_image":[{"url":"https:\/\/media.guiame.com.br\/archives\/2026\/04\/09\/508060785-magno-marisa.png","type":"","width":"","height":""}],"author":"admin","twitter_card":"summary_large_image","twitter_misc":{"Escrito por":"admin","Est. tempo de leitura":"3 minutos"},"schema":{"@context":"https:\/\/schema.org","@graph":[{"@type":"Article","@id":"https:\/\/radioportoseguro.com.br\/site\/2026\/04\/11\/com-marisa-lobo-magno-malta-articula-no-congresso-defesa-de-psicologos-cristaos\/#article","isPartOf":{"@id":"https:\/\/radioportoseguro.com.br\/site\/2026\/04\/11\/com-marisa-lobo-magno-malta-articula-no-congresso-defesa-de-psicologos-cristaos\/"},"author":{"name":"admin","@id":"https:\/\/radioportoseguro.com.br\/site\/#\/schema\/person\/7630acdc320186f13639d3c067ec089b"},"headline":"Com Marisa Lobo, Magno Malta articula no Congresso defesa de psic\u00f3logos crist\u00e3os","datePublished":"2026-04-11T10:43:18+00:00","mainEntityOfPage":{"@id":"https:\/\/radioportoseguro.com.br\/site\/2026\/04\/11\/com-marisa-lobo-magno-malta-articula-no-congresso-defesa-de-psicologos-cristaos\/"},"wordCount":632,"image":{"@id":"https:\/\/radioportoseguro.com.br\/site\/2026\/04\/11\/com-marisa-lobo-magno-malta-articula-no-congresso-defesa-de-psicologos-cristaos\/#primaryimage"},"thumbnailUrl":"https:\/\/radioportoseguro.com.br\/site\/wp-content\/uploads\/2026\/04\/508060785-magno-marisa.png","articleSection":["Destaques"],"inLanguage":"pt-BR"},{"@type":"WebPage","@id":"https:\/\/radioportoseguro.com.br\/site\/2026\/04\/11\/com-marisa-lobo-magno-malta-articula-no-congresso-defesa-de-psicologos-cristaos\/","url":"https:\/\/radioportoseguro.com.br\/site\/2026\/04\/11\/com-marisa-lobo-magno-malta-articula-no-congresso-defesa-de-psicologos-cristaos\/","name":"Com Marisa Lobo, Magno Malta articula no Congresso defesa de psic\u00f3logos crist\u00e3os - R\u00e1dio Porto Seguro","isPartOf":{"@id":"https:\/\/radioportoseguro.com.br\/site\/#website"},"primaryImageOfPage":{"@id":"https:\/\/radioportoseguro.com.br\/site\/2026\/04\/11\/com-marisa-lobo-magno-malta-articula-no-congresso-defesa-de-psicologos-cristaos\/#primaryimage"},"image":{"@id":"https:\/\/radioportoseguro.com.br\/site\/2026\/04\/11\/com-marisa-lobo-magno-malta-articula-no-congresso-defesa-de-psicologos-cristaos\/#primaryimage"},"thumbnailUrl":"https:\/\/radioportoseguro.com.br\/site\/wp-content\/uploads\/2026\/04\/508060785-magno-marisa.png","datePublished":"2026-04-11T10:43:18+00:00","author":{"@id":"https:\/\/radioportoseguro.com.br\/site\/#\/schema\/person\/7630acdc320186f13639d3c067ec089b"},"breadcrumb":{"@id":"https:\/\/radioportoseguro.com.br\/site\/2026\/04\/11\/com-marisa-lobo-magno-malta-articula-no-congresso-defesa-de-psicologos-cristaos\/#breadcrumb"},"inLanguage":"pt-BR","potentialAction":[{"@type":"ReadAction","target":["https:\/\/radioportoseguro.com.br\/site\/2026\/04\/11\/com-marisa-lobo-magno-malta-articula-no-congresso-defesa-de-psicologos-cristaos\/"]}]},{"@type":"ImageObject","inLanguage":"pt-BR","@id":"https:\/\/radioportoseguro.com.br\/site\/2026\/04\/11\/com-marisa-lobo-magno-malta-articula-no-congresso-defesa-de-psicologos-cristaos\/#primaryimage","url":"https:\/\/radioportoseguro.com.br\/site\/wp-content\/uploads\/2026\/04\/508060785-magno-marisa.png","contentUrl":"https:\/\/radioportoseguro.com.br\/site\/wp-content\/uploads\/2026\/04\/508060785-magno-marisa.png","width":1200,"height":600},{"@type":"BreadcrumbList","@id":"https:\/\/radioportoseguro.com.br\/site\/2026\/04\/11\/com-marisa-lobo-magno-malta-articula-no-congresso-defesa-de-psicologos-cristaos\/#breadcrumb","itemListElement":[{"@type":"ListItem","position":1,"name":"In\u00edcio","item":"https:\/\/radioportoseguro.com.br\/site\/"},{"@type":"ListItem","position":2,"name":"Com Marisa Lobo, Magno Malta articula no Congresso defesa de psic\u00f3logos crist\u00e3os"}]},{"@type":"WebSite","@id":"https:\/\/radioportoseguro.com.br\/site\/#website","url":"https:\/\/radioportoseguro.com.br\/site\/","name":"R\u00e1dio Porto Seguro","description":"","potentialAction":[{"@type":"SearchAction","target":{"@type":"EntryPoint","urlTemplate":"https:\/\/radioportoseguro.com.br\/site\/?s={search_term_string}"},"query-input":{"@type":"PropertyValueSpecification","valueRequired":true,"valueName":"search_term_string"}}],"inLanguage":"pt-BR"},{"@type":"Person","@id":"https:\/\/radioportoseguro.com.br\/site\/#\/schema\/person\/7630acdc320186f13639d3c067ec089b","name":"admin","image":{"@type":"ImageObject","inLanguage":"pt-BR","@id":"https:\/\/radioportoseguro.com.br\/site\/#\/schema\/person\/image\/","url":"https:\/\/secure.gravatar.com\/avatar\/caacf4dc1eedb68fab0df8e1ed46c448e578b2466351bbcb61e47d2ac0caaef0?s=96&d=mm&r=g","contentUrl":"https:\/\/secure.gravatar.com\/avatar\/caacf4dc1eedb68fab0df8e1ed46c448e578b2466351bbcb61e47d2ac0caaef0?s=96&d=mm&r=g","caption":"admin"},"sameAs":["https:\/\/radioportoseguro.com.br\/site"],"url":"https:\/\/radioportoseguro.com.br\/site\/author\/hezio\/"}]}},"_links":{"self":[{"href":"https:\/\/radioportoseguro.com.br\/site\/wp-json\/wp\/v2\/posts\/5941","targetHints":{"allow":["GET"]}}],"collection":[{"href":"https:\/\/radioportoseguro.com.br\/site\/wp-json\/wp\/v2\/posts"}],"about":[{"href":"https:\/\/radioportoseguro.com.br\/site\/wp-json\/wp\/v2\/types\/post"}],"author":[{"embeddable":true,"href":"https:\/\/radioportoseguro.com.br\/site\/wp-json\/wp\/v2\/users\/1"}],"replies":[{"embeddable":true,"href":"https:\/\/radioportoseguro.com.br\/site\/wp-json\/wp\/v2\/comments?post=5941"}],"version-history":[{"count":0,"href":"https:\/\/radioportoseguro.com.br\/site\/wp-json\/wp\/v2\/posts\/5941\/revisions"}],"wp:featuredmedia":[{"embeddable":true,"href":"https:\/\/radioportoseguro.com.br\/site\/wp-json\/wp\/v2\/media\/5942"}],"wp:attachment":[{"href":"https:\/\/radioportoseguro.com.br\/site\/wp-json\/wp\/v2\/media?parent=5941"}],"wp:term":[{"taxonomy":"category","embeddable":true,"href":"https:\/\/radioportoseguro.com.br\/site\/wp-json\/wp\/v2\/categories?post=5941"},{"taxonomy":"post_tag","embeddable":true,"href":"https:\/\/radioportoseguro.com.br\/site\/wp-json\/wp\/v2\/tags?post=5941"}],"curies":[{"name":"wp","href":"https:\/\/api.w.org\/{rel}","templated":true}]}}