{"id":5943,"date":"2026-04-11T09:44:08","date_gmt":"2026-04-11T12:44:08","guid":{"rendered":"https:\/\/radioportoseguro.com.br\/site\/2026\/04\/11\/lis-avancini-estreia-primeiro-projeto-com-single-excede-o-entendimento\/"},"modified":"2026-04-11T09:44:08","modified_gmt":"2026-04-11T12:44:08","slug":"lis-avancini-estreia-primeiro-projeto-com-single-excede-o-entendimento","status":"publish","type":"post","link":"https:\/\/radioportoseguro.com.br\/site\/2026\/04\/11\/lis-avancini-estreia-primeiro-projeto-com-single-excede-o-entendimento\/","title":{"rendered":"Lis Avancini estreia primeiro projeto com single \u201cExcede o Entendimento\u201d"},"content":{"rendered":"<p><br \/>\n<br \/><\/p>\n<div>\n<p><span style=\"font-weight: 400;\">Ap\u00f3s conquistar o p\u00fablico com suas participa\u00e7\u00f5es marcantes no \u201cPrograma Raul Gil\u201d, Lis Avancini inicia uma nova fase com o lan\u00e7amento de \u201cExcede o Entendimento\u201d. A faixa j\u00e1 est\u00e1 dispon\u00edvel nas plataformas de streaming e no YouTube.<\/span><\/p>\n<p><span style=\"font-weight: 400;\">Quem acompanha a Lis h\u00e1 algum tempo provavelmente j\u00e1 foi impactado por algum v\u00eddeo no quadro \u201cShadow Brasil Gospel\u201d. Ali, seu virtuosismo e a for\u00e7a de sua interpreta\u00e7\u00e3o chamaram aten\u00e7\u00e3o em apresenta\u00e7\u00f5es como \u201cO Lamento de Israel\u201d, \u201cDivisa de Fogo\u201d, \u201cLindo Momento\u201d e \u201cJoquebede\u201d, alcan\u00e7ando milh\u00f5es de pessoas e despertando nelas o desejo por um trabalho in\u00e9dito, mas com a mesma identidade.<\/span><\/p>\n<p><span style=\"font-weight: 400;\">\u201cExcede o Entendimento\u201d surge, ent\u00e3o, com a proposta de trazer algo diferente dentro do segmento crist\u00e3o. A can\u00e7\u00e3o nasceu em um <\/span><em><span style=\"font-weight: 400;\">camp<\/span><\/em><span style=\"font-weight: 400;\"> de composi\u00e7\u00e3o, onde a \u00fanica diretriz, a pedido da jovem, era fugir do \u00f3bvio. Sem desconsiderar a relev\u00e2ncia de outros estilos, ela escolheu explorar uma sonoridade mais pop. <\/span><\/p>\n<p><span style=\"font-weight: 400;\">\u201cDe fato, hoje em dia, n\u00f3s temos muito worship, muita m\u00fasica pentecostal, e a gente quis caminhar em um outro sentido, e eu amei o resultado. Foi muito legal\u201d, explica a cantora.<\/span><\/p>\n<p><span style=\"font-weight: 400;\">A letra \u00e9 assinada por ela, que contou com a colabora\u00e7\u00e3o de Gabriel Agra, Evelyn Lima e Hananiel Eduardo \u2013 <\/span><em><span style=\"font-weight: 400;\">hitmaker<\/span><\/em><span style=\"font-weight: 400;\"> de grandes sucessos.\u201cSe eu pudesse definir n\u00e3o s\u00f3 esta can\u00e7\u00e3o, mas este \u00e1lbum como um todo em uma \u00fanica palavra seria: ousadia\u201d, afirma a Lis.<\/span><\/p>\n<p><span style=\"font-weight: 400;\">O projeto \u2013 que contar\u00e1 com oito faixas \u2013 \u00e9 fruto de uma parceria com a Musile Records, gravadora que h\u00e1 alguns anos investe no desenvolvimento de novos talentos. A produ\u00e7\u00e3o musical foi realizada por Ramon Avancini, pai da jovem, refor\u00e7ando a influ\u00eancia familiar presente em sua trajet\u00f3ria. <\/span><\/p>\n<p><em>Assista ao clipe de &#8220;Excede o Entendimento\u201d<span style=\"font-weight: 400;\">:<\/span><\/em><\/p>\n<p style=\"text-align: center;\"><em><span style=\"font-weight: 400;\"><div class=\"ose-youtube ose-uid-88d93cb19d2fe774f3c8697ac29c1d25 ose-embedpress-responsive\" style=\"width:600px; height:600px; max-height:600px; max-width:100%; display:inline-block;\" data-embed-type=\"Youtube\"><iframe allowFullScreen=\"true\" title=\"Lis Avancini - Excede o Entendimento (Live Session)\" width=\"600\" height=\"600\" src=\"https:\/\/www.youtube.com\/embed\/xqT1zgZPLUc?feature=oembed&color=red&rel=0&controls=1&start=&end=&fs=0&iv_load_policy=0&autoplay=0&mute=0&modestbranding=0&cc_load_policy=1&playsinline=1\" frameborder=\"0\" allow=\"accelerometer; encrypted-media;accelerometer;autoplay;clipboard-write;gyroscope;picture-in-picture clipboard-write; encrypted-media; gyroscope; picture-in-picture; web-share\" referrerpolicy=\"strict-origin-when-cross-origin\" allowfullscreen><\/iframe><\/div><\/span><\/em><\/p>\n<\/div>\n<p><br \/>\n<br \/>Fonte: Guiame <\/p>\n","protected":false},"excerpt":{"rendered":"<p>Ap\u00f3s conquistar o p\u00fablico com suas participa\u00e7\u00f5es marcantes no \u201cPrograma Raul Gil\u201d, Lis Avancini inicia uma nova fase com o lan\u00e7amento de \u201cExcede o Entendimento\u201d. A faixa j\u00e1 est\u00e1 dispon\u00edvel nas plataformas de streaming e no YouTube. Quem acompanha a Lis h\u00e1 algum tempo provavelmente j\u00e1 foi impactado por algum v\u00eddeo no quadro \u201cShadow Brasil [&hellip;]<\/p>\n","protected":false},"author":1,"featured_media":5944,"comment_status":"","ping_status":"open","sticky":false,"template":"","format":"standard","meta":{"footnotes":""},"categories":[43],"tags":[],"class_list":["post-5943","post","type-post","status-publish","format-standard","has-post-thumbnail","hentry","category-destaques"],"yoast_head":"<!-- This site is optimized with the Yoast SEO plugin v26.8 - https:\/\/yoast.com\/product\/yoast-seo-wordpress\/ -->\n<title>Lis Avancini estreia primeiro projeto com single \u201cExcede o Entendimento\u201d - R\u00e1dio Porto Seguro<\/title>\n<meta name=\"robots\" content=\"index, follow, max-snippet:-1, max-image-preview:large, max-video-preview:-1\" \/>\n<link rel=\"canonical\" href=\"https:\/\/radioportoseguro.com.br\/site\/2026\/04\/11\/lis-avancini-estreia-primeiro-projeto-com-single-excede-o-entendimento\/\" \/>\n<meta property=\"og:locale\" content=\"pt_BR\" \/>\n<meta property=\"og:type\" content=\"article\" \/>\n<meta property=\"og:title\" content=\"Lis Avancini estreia primeiro projeto com single \u201cExcede o Entendimento\u201d - R\u00e1dio Porto Seguro\" \/>\n<meta property=\"og:description\" content=\"Ap\u00f3s conquistar o p\u00fablico com suas participa\u00e7\u00f5es marcantes no \u201cPrograma Raul Gil\u201d, Lis Avancini inicia uma nova fase com o lan\u00e7amento de \u201cExcede o Entendimento\u201d. A faixa j\u00e1 est\u00e1 dispon\u00edvel nas plataformas de streaming e no YouTube. Quem acompanha a Lis h\u00e1 algum tempo provavelmente j\u00e1 foi impactado por algum v\u00eddeo no quadro \u201cShadow Brasil [&hellip;]\" \/>\n<meta property=\"og:url\" content=\"https:\/\/radioportoseguro.com.br\/site\/2026\/04\/11\/lis-avancini-estreia-primeiro-projeto-com-single-excede-o-entendimento\/\" \/>\n<meta property=\"og:site_name\" content=\"R\u00e1dio Porto Seguro\" \/>\n<meta property=\"article:published_time\" content=\"2026-04-11T12:44:08+00:00\" \/>\n<meta property=\"og:image\" content=\"https:\/\/media.guiame.com.br\/archives\/2026\/04\/10\/27214697-lis.png\" \/>\n<meta name=\"author\" content=\"admin\" \/>\n<meta name=\"twitter:card\" content=\"summary_large_image\" \/>\n<meta name=\"twitter:label1\" content=\"Escrito por\" \/>\n\t<meta name=\"twitter:data1\" content=\"admin\" \/>\n\t<meta name=\"twitter:label2\" content=\"Est. tempo de leitura\" \/>\n\t<meta name=\"twitter:data2\" content=\"2 minutos\" \/>\n<script type=\"application\/ld+json\" class=\"yoast-schema-graph\">{\"@context\":\"https:\/\/schema.org\",\"@graph\":[{\"@type\":\"Article\",\"@id\":\"https:\/\/radioportoseguro.com.br\/site\/2026\/04\/11\/lis-avancini-estreia-primeiro-projeto-com-single-excede-o-entendimento\/#article\",\"isPartOf\":{\"@id\":\"https:\/\/radioportoseguro.com.br\/site\/2026\/04\/11\/lis-avancini-estreia-primeiro-projeto-com-single-excede-o-entendimento\/\"},\"author\":{\"name\":\"admin\",\"@id\":\"https:\/\/radioportoseguro.com.br\/site\/#\/schema\/person\/7630acdc320186f13639d3c067ec089b\"},\"headline\":\"Lis Avancini estreia primeiro projeto com single \u201cExcede o Entendimento\u201d\",\"datePublished\":\"2026-04-11T12:44:08+00:00\",\"mainEntityOfPage\":{\"@id\":\"https:\/\/radioportoseguro.com.br\/site\/2026\/04\/11\/lis-avancini-estreia-primeiro-projeto-com-single-excede-o-entendimento\/\"},\"wordCount\":329,\"image\":{\"@id\":\"https:\/\/radioportoseguro.com.br\/site\/2026\/04\/11\/lis-avancini-estreia-primeiro-projeto-com-single-excede-o-entendimento\/#primaryimage\"},\"thumbnailUrl\":\"https:\/\/radioportoseguro.com.br\/site\/wp-content\/uploads\/2026\/04\/27214697-lis.png\",\"articleSection\":[\"Destaques\"],\"inLanguage\":\"pt-BR\"},{\"@type\":\"WebPage\",\"@id\":\"https:\/\/radioportoseguro.com.br\/site\/2026\/04\/11\/lis-avancini-estreia-primeiro-projeto-com-single-excede-o-entendimento\/\",\"url\":\"https:\/\/radioportoseguro.com.br\/site\/2026\/04\/11\/lis-avancini-estreia-primeiro-projeto-com-single-excede-o-entendimento\/\",\"name\":\"Lis Avancini estreia primeiro projeto com single \u201cExcede o Entendimento\u201d - R\u00e1dio Porto Seguro\",\"isPartOf\":{\"@id\":\"https:\/\/radioportoseguro.com.br\/site\/#website\"},\"primaryImageOfPage\":{\"@id\":\"https:\/\/radioportoseguro.com.br\/site\/2026\/04\/11\/lis-avancini-estreia-primeiro-projeto-com-single-excede-o-entendimento\/#primaryimage\"},\"image\":{\"@id\":\"https:\/\/radioportoseguro.com.br\/site\/2026\/04\/11\/lis-avancini-estreia-primeiro-projeto-com-single-excede-o-entendimento\/#primaryimage\"},\"thumbnailUrl\":\"https:\/\/radioportoseguro.com.br\/site\/wp-content\/uploads\/2026\/04\/27214697-lis.png\",\"datePublished\":\"2026-04-11T12:44:08+00:00\",\"author\":{\"@id\":\"https:\/\/radioportoseguro.com.br\/site\/#\/schema\/person\/7630acdc320186f13639d3c067ec089b\"},\"breadcrumb\":{\"@id\":\"https:\/\/radioportoseguro.com.br\/site\/2026\/04\/11\/lis-avancini-estreia-primeiro-projeto-com-single-excede-o-entendimento\/#breadcrumb\"},\"inLanguage\":\"pt-BR\",\"potentialAction\":[{\"@type\":\"ReadAction\",\"target\":[\"https:\/\/radioportoseguro.com.br\/site\/2026\/04\/11\/lis-avancini-estreia-primeiro-projeto-com-single-excede-o-entendimento\/\"]}]},{\"@type\":\"ImageObject\",\"inLanguage\":\"pt-BR\",\"@id\":\"https:\/\/radioportoseguro.com.br\/site\/2026\/04\/11\/lis-avancini-estreia-primeiro-projeto-com-single-excede-o-entendimento\/#primaryimage\",\"url\":\"https:\/\/radioportoseguro.com.br\/site\/wp-content\/uploads\/2026\/04\/27214697-lis.png\",\"contentUrl\":\"https:\/\/radioportoseguro.com.br\/site\/wp-content\/uploads\/2026\/04\/27214697-lis.png\",\"width\":1200,\"height\":600},{\"@type\":\"BreadcrumbList\",\"@id\":\"https:\/\/radioportoseguro.com.br\/site\/2026\/04\/11\/lis-avancini-estreia-primeiro-projeto-com-single-excede-o-entendimento\/#breadcrumb\",\"itemListElement\":[{\"@type\":\"ListItem\",\"position\":1,\"name\":\"In\u00edcio\",\"item\":\"https:\/\/radioportoseguro.com.br\/site\/\"},{\"@type\":\"ListItem\",\"position\":2,\"name\":\"Lis Avancini estreia primeiro projeto com single \u201cExcede o Entendimento\u201d\"}]},{\"@type\":\"WebSite\",\"@id\":\"https:\/\/radioportoseguro.com.br\/site\/#website\",\"url\":\"https:\/\/radioportoseguro.com.br\/site\/\",\"name\":\"R\u00e1dio Porto Seguro\",\"description\":\"\",\"potentialAction\":[{\"@type\":\"SearchAction\",\"target\":{\"@type\":\"EntryPoint\",\"urlTemplate\":\"https:\/\/radioportoseguro.com.br\/site\/?s={search_term_string}\"},\"query-input\":{\"@type\":\"PropertyValueSpecification\",\"valueRequired\":true,\"valueName\":\"search_term_string\"}}],\"inLanguage\":\"pt-BR\"},{\"@type\":\"Person\",\"@id\":\"https:\/\/radioportoseguro.com.br\/site\/#\/schema\/person\/7630acdc320186f13639d3c067ec089b\",\"name\":\"admin\",\"image\":{\"@type\":\"ImageObject\",\"inLanguage\":\"pt-BR\",\"@id\":\"https:\/\/radioportoseguro.com.br\/site\/#\/schema\/person\/image\/\",\"url\":\"https:\/\/secure.gravatar.com\/avatar\/caacf4dc1eedb68fab0df8e1ed46c448e578b2466351bbcb61e47d2ac0caaef0?s=96&d=mm&r=g\",\"contentUrl\":\"https:\/\/secure.gravatar.com\/avatar\/caacf4dc1eedb68fab0df8e1ed46c448e578b2466351bbcb61e47d2ac0caaef0?s=96&d=mm&r=g\",\"caption\":\"admin\"},\"sameAs\":[\"https:\/\/radioportoseguro.com.br\/site\"],\"url\":\"https:\/\/radioportoseguro.com.br\/site\/author\/hezio\/\"}]}<\/script>\n<!-- \/ Yoast SEO plugin. -->","yoast_head_json":{"title":"Lis Avancini estreia primeiro projeto com single \u201cExcede o Entendimento\u201d - R\u00e1dio Porto Seguro","robots":{"index":"index","follow":"follow","max-snippet":"max-snippet:-1","max-image-preview":"max-image-preview:large","max-video-preview":"max-video-preview:-1"},"canonical":"https:\/\/radioportoseguro.com.br\/site\/2026\/04\/11\/lis-avancini-estreia-primeiro-projeto-com-single-excede-o-entendimento\/","og_locale":"pt_BR","og_type":"article","og_title":"Lis Avancini estreia primeiro projeto com single \u201cExcede o Entendimento\u201d - R\u00e1dio Porto Seguro","og_description":"Ap\u00f3s conquistar o p\u00fablico com suas participa\u00e7\u00f5es marcantes no \u201cPrograma Raul Gil\u201d, Lis Avancini inicia uma nova fase com o lan\u00e7amento de \u201cExcede o Entendimento\u201d. A faixa j\u00e1 est\u00e1 dispon\u00edvel nas plataformas de streaming e no YouTube. Quem acompanha a Lis h\u00e1 algum tempo provavelmente j\u00e1 foi impactado por algum v\u00eddeo no quadro \u201cShadow Brasil [&hellip;]","og_url":"https:\/\/radioportoseguro.com.br\/site\/2026\/04\/11\/lis-avancini-estreia-primeiro-projeto-com-single-excede-o-entendimento\/","og_site_name":"R\u00e1dio Porto Seguro","article_published_time":"2026-04-11T12:44:08+00:00","og_image":[{"url":"https:\/\/media.guiame.com.br\/archives\/2026\/04\/10\/27214697-lis.png","type":"","width":"","height":""}],"author":"admin","twitter_card":"summary_large_image","twitter_misc":{"Escrito por":"admin","Est. tempo de leitura":"2 minutos"},"schema":{"@context":"https:\/\/schema.org","@graph":[{"@type":"Article","@id":"https:\/\/radioportoseguro.com.br\/site\/2026\/04\/11\/lis-avancini-estreia-primeiro-projeto-com-single-excede-o-entendimento\/#article","isPartOf":{"@id":"https:\/\/radioportoseguro.com.br\/site\/2026\/04\/11\/lis-avancini-estreia-primeiro-projeto-com-single-excede-o-entendimento\/"},"author":{"name":"admin","@id":"https:\/\/radioportoseguro.com.br\/site\/#\/schema\/person\/7630acdc320186f13639d3c067ec089b"},"headline":"Lis Avancini estreia primeiro projeto com single \u201cExcede o Entendimento\u201d","datePublished":"2026-04-11T12:44:08+00:00","mainEntityOfPage":{"@id":"https:\/\/radioportoseguro.com.br\/site\/2026\/04\/11\/lis-avancini-estreia-primeiro-projeto-com-single-excede-o-entendimento\/"},"wordCount":329,"image":{"@id":"https:\/\/radioportoseguro.com.br\/site\/2026\/04\/11\/lis-avancini-estreia-primeiro-projeto-com-single-excede-o-entendimento\/#primaryimage"},"thumbnailUrl":"https:\/\/radioportoseguro.com.br\/site\/wp-content\/uploads\/2026\/04\/27214697-lis.png","articleSection":["Destaques"],"inLanguage":"pt-BR"},{"@type":"WebPage","@id":"https:\/\/radioportoseguro.com.br\/site\/2026\/04\/11\/lis-avancini-estreia-primeiro-projeto-com-single-excede-o-entendimento\/","url":"https:\/\/radioportoseguro.com.br\/site\/2026\/04\/11\/lis-avancini-estreia-primeiro-projeto-com-single-excede-o-entendimento\/","name":"Lis Avancini estreia primeiro projeto com single \u201cExcede o Entendimento\u201d - R\u00e1dio Porto Seguro","isPartOf":{"@id":"https:\/\/radioportoseguro.com.br\/site\/#website"},"primaryImageOfPage":{"@id":"https:\/\/radioportoseguro.com.br\/site\/2026\/04\/11\/lis-avancini-estreia-primeiro-projeto-com-single-excede-o-entendimento\/#primaryimage"},"image":{"@id":"https:\/\/radioportoseguro.com.br\/site\/2026\/04\/11\/lis-avancini-estreia-primeiro-projeto-com-single-excede-o-entendimento\/#primaryimage"},"thumbnailUrl":"https:\/\/radioportoseguro.com.br\/site\/wp-content\/uploads\/2026\/04\/27214697-lis.png","datePublished":"2026-04-11T12:44:08+00:00","author":{"@id":"https:\/\/radioportoseguro.com.br\/site\/#\/schema\/person\/7630acdc320186f13639d3c067ec089b"},"breadcrumb":{"@id":"https:\/\/radioportoseguro.com.br\/site\/2026\/04\/11\/lis-avancini-estreia-primeiro-projeto-com-single-excede-o-entendimento\/#breadcrumb"},"inLanguage":"pt-BR","potentialAction":[{"@type":"ReadAction","target":["https:\/\/radioportoseguro.com.br\/site\/2026\/04\/11\/lis-avancini-estreia-primeiro-projeto-com-single-excede-o-entendimento\/"]}]},{"@type":"ImageObject","inLanguage":"pt-BR","@id":"https:\/\/radioportoseguro.com.br\/site\/2026\/04\/11\/lis-avancini-estreia-primeiro-projeto-com-single-excede-o-entendimento\/#primaryimage","url":"https:\/\/radioportoseguro.com.br\/site\/wp-content\/uploads\/2026\/04\/27214697-lis.png","contentUrl":"https:\/\/radioportoseguro.com.br\/site\/wp-content\/uploads\/2026\/04\/27214697-lis.png","width":1200,"height":600},{"@type":"BreadcrumbList","@id":"https:\/\/radioportoseguro.com.br\/site\/2026\/04\/11\/lis-avancini-estreia-primeiro-projeto-com-single-excede-o-entendimento\/#breadcrumb","itemListElement":[{"@type":"ListItem","position":1,"name":"In\u00edcio","item":"https:\/\/radioportoseguro.com.br\/site\/"},{"@type":"ListItem","position":2,"name":"Lis Avancini estreia primeiro projeto com single \u201cExcede o Entendimento\u201d"}]},{"@type":"WebSite","@id":"https:\/\/radioportoseguro.com.br\/site\/#website","url":"https:\/\/radioportoseguro.com.br\/site\/","name":"R\u00e1dio Porto Seguro","description":"","potentialAction":[{"@type":"SearchAction","target":{"@type":"EntryPoint","urlTemplate":"https:\/\/radioportoseguro.com.br\/site\/?s={search_term_string}"},"query-input":{"@type":"PropertyValueSpecification","valueRequired":true,"valueName":"search_term_string"}}],"inLanguage":"pt-BR"},{"@type":"Person","@id":"https:\/\/radioportoseguro.com.br\/site\/#\/schema\/person\/7630acdc320186f13639d3c067ec089b","name":"admin","image":{"@type":"ImageObject","inLanguage":"pt-BR","@id":"https:\/\/radioportoseguro.com.br\/site\/#\/schema\/person\/image\/","url":"https:\/\/secure.gravatar.com\/avatar\/caacf4dc1eedb68fab0df8e1ed46c448e578b2466351bbcb61e47d2ac0caaef0?s=96&d=mm&r=g","contentUrl":"https:\/\/secure.gravatar.com\/avatar\/caacf4dc1eedb68fab0df8e1ed46c448e578b2466351bbcb61e47d2ac0caaef0?s=96&d=mm&r=g","caption":"admin"},"sameAs":["https:\/\/radioportoseguro.com.br\/site"],"url":"https:\/\/radioportoseguro.com.br\/site\/author\/hezio\/"}]}},"_links":{"self":[{"href":"https:\/\/radioportoseguro.com.br\/site\/wp-json\/wp\/v2\/posts\/5943","targetHints":{"allow":["GET"]}}],"collection":[{"href":"https:\/\/radioportoseguro.com.br\/site\/wp-json\/wp\/v2\/posts"}],"about":[{"href":"https:\/\/radioportoseguro.com.br\/site\/wp-json\/wp\/v2\/types\/post"}],"author":[{"embeddable":true,"href":"https:\/\/radioportoseguro.com.br\/site\/wp-json\/wp\/v2\/users\/1"}],"replies":[{"embeddable":true,"href":"https:\/\/radioportoseguro.com.br\/site\/wp-json\/wp\/v2\/comments?post=5943"}],"version-history":[{"count":0,"href":"https:\/\/radioportoseguro.com.br\/site\/wp-json\/wp\/v2\/posts\/5943\/revisions"}],"wp:featuredmedia":[{"embeddable":true,"href":"https:\/\/radioportoseguro.com.br\/site\/wp-json\/wp\/v2\/media\/5944"}],"wp:attachment":[{"href":"https:\/\/radioportoseguro.com.br\/site\/wp-json\/wp\/v2\/media?parent=5943"}],"wp:term":[{"taxonomy":"category","embeddable":true,"href":"https:\/\/radioportoseguro.com.br\/site\/wp-json\/wp\/v2\/categories?post=5943"},{"taxonomy":"post_tag","embeddable":true,"href":"https:\/\/radioportoseguro.com.br\/site\/wp-json\/wp\/v2\/tags?post=5943"}],"curies":[{"name":"wp","href":"https:\/\/api.w.org\/{rel}","templated":true}]}}