{"id":5957,"date":"2026-04-11T17:58:57","date_gmt":"2026-04-11T20:58:57","guid":{"rendered":"https:\/\/radioportoseguro.com.br\/site\/2026\/04\/11\/cuidar-de-si-nao-e-um-luxo-e-uma-estrategia-de-saude\/"},"modified":"2026-04-11T17:58:57","modified_gmt":"2026-04-11T20:58:57","slug":"cuidar-de-si-nao-e-um-luxo-e-uma-estrategia-de-saude","status":"publish","type":"post","link":"https:\/\/radioportoseguro.com.br\/site\/2026\/04\/11\/cuidar-de-si-nao-e-um-luxo-e-uma-estrategia-de-saude\/","title":{"rendered":"Cuidar de si n\u00e3o \u00e9 um luxo, \u00e9 uma estrat\u00e9gia de sa\u00fade"},"content":{"rendered":"<p><br \/>\n<br \/><\/p>\n<div>\n<p>Cuidar de si mesmo n\u00e3o \u00e9 um ato de ego\u00edsmo, mas de responsabilidade. E, par al\u00e9m de responsabilidade, \u00e9 um ato de amor e obedi\u00eancia a Deus.<\/p>\n<p>Em um mundo que exige produtividade constante, muitos confundem exaust\u00e3o com virtude. Conhe\u00e7o muita gente assim. Elas n\u00e3o prestam aten\u00e7\u00e3o em si, mas no outro \u00e0 medida que se preocupam em corresponder a expectativas muitas vezes irreais. Seja no trabalho, na apar\u00eancia, no corpo e at\u00e9 no minist\u00e9rio, acredite!<\/p>\n<p>No entanto, a pr\u00f3pria Escritura nos lembra que h\u00e1 um limite saud\u00e1vel que devemos respeitar, tanto para o nosso corpo como para a nossa alma.<\/p>\n<p>Jesus, mesmo diante de multid\u00f5es que o buscavam, se retirava para descansar e orar (Marcos 6:31). Essa atitude est\u00e1 registrada na B\u00edblia para que n\u00f3s possamos reproduzi-la. E mais: reconhecer que a pr\u00f3pria limita\u00e7\u00e3o n\u00e3o \u00e9 fraqueza, \u00e9 sabedoria. \u00c9 cuidado.<\/p>\n<p>Quando algu\u00e9m sente que chegou ao limite, geralmente est\u00e1 experimentando sinais cl\u00e1ssicos descritos pela psicologia como <em>burnout<\/em>.<\/p>\n<p>J\u00e1 ouviu falar dessa condi\u00e7\u00e3o? Ela \u00e9 um estado de esgotamento emocional, f\u00edsico e mental causado por estresse cr\u00f4nico.<\/p>\n<p>O significado literal de <em>burnout<\/em> vem do ingl\u00eas e pode ser traduzido como \u201cqueimar at\u00e9 o fim\u201d, \u201cesgotar-se completamente\u201d ou \u201centrar em combust\u00e3o at\u00e9 se consumir\u201d.<\/p>\n<p>A psicologia contempor\u00e2nea, especialmente nas abordagens da Terapia Cognitivo-Comportamental (TCC), ensina que ignorar esses sinais pode intensificar pensamentos distorcidos, como a ideia de que \u201cpreciso dar conta de tudo\u201d. Esse padr\u00e3o leva ao adoecimento.<\/p>\n<p>Jesus, que nunca ignorou ou desprezou a condi\u00e7\u00e3o humana, nos convida: \u201cVinde a mim todos os que estais cansados e sobrecarregados, e eu vos aliviarei\u201d (Mateus 11:28).<\/p>\n<p>Existe um caminho de volta, e ele come\u00e7a com a reconex\u00e3o consigo mesmo, com Deus e com a realidade.<\/p>\n<p>A psicologia enfatiza a import\u00e2ncia da autoconsci\u00eancia e da aceita\u00e7\u00e3o, enquanto a Palavra de Deus revela que somos templo do Esp\u00edrito Santo (1 Cor\u00edntios 6:19-20). E carentes de cuidados.<\/p>\n<p>Cuidar da mente, do corpo e das emo\u00e7\u00f5es n\u00e3o \u00e9 opcional para quem deseja viver plenamente, mas parte de um chamado maior: viver com equil\u00edbrio e prop\u00f3sito.<\/p>\n<p>Muitas vezes, o esgotamento est\u00e1 ligado a uma identidade constru\u00edda sobre desempenho e aprova\u00e7\u00e3o externa.<\/p>\n<p>J\u00e1 ouviu falar da teoria da autodetermina\u00e7\u00e3o, na psicologia? Ela aponta que o ser humano precisa de tr\u00eas pilares para uma vida saud\u00e1vel: autonomia, compet\u00eancia e pertencimento. Quando esses pilares s\u00e3o distorcidos, surge o vazio.<\/p>\n<p>A B\u00edblia, por sua vez, responde a essa crise ao afirmar que nossa identidade n\u00e3o est\u00e1 no que fazemos, mas em quem somos em Deus: \u201cVede que grande amor nos tem concedido o Pai, a ponto de sermos chamados filhos de Deus\u201d (1 Jo\u00e3o 3:1).<\/p>\n<p>O retorno para casa tamb\u00e9m envolve estabelecer limites.<\/p>\n<p>Dizer \u201cn\u00e3o\u201d quando necess\u00e1rio \u00e9 um ato de maturidade.<\/p>\n<p>Curiosamente, a pr\u00f3pria Palavra de Deus apresenta esse princ\u00edpio: \u201cSobre tudo o que se deve guardar, guarda o teu cora\u00e7\u00e3o\u201d (Prov\u00e9rbios 4:23). Guardar o cora\u00e7\u00e3o \u00e9 discernir o que entra, o que permanece e o que precisa ser deixado para tr\u00e1s.<\/p>\n<p>Cuidar de si \u00e9, na verdade, alinhar-se com o prop\u00f3sito de Deus. N\u00e3o se trata de viver centrado em si mesmo, mas de estar inteiro para cumprir aquilo que foi confiado a voc\u00ea.<\/p>\n<p>Lembre-se: um cora\u00e7\u00e3o esgotado n\u00e3o consegue amar plenamente, servir com alegria ou discernir com clareza.<\/p>\n<p>Por isso, o descanso, o autocuidado e a busca por Deus n\u00e3o s\u00e3o interrup\u00e7\u00f5es da miss\u00e3o: s\u00e3o parte essencial dela.<\/p>\n<p>H\u00e1 um caminho de volta, e ele come\u00e7a com uma decis\u00e3o simples: parar, respirar e permitir-se ser cuidado por Deus.<\/p>\n<p>O Pai ama voc\u00ea!<\/p>\n<p>\u00a0<\/p>\n<p><strong>Darci Louren\u00e7\u00e3o<\/strong> (@pra_darci_lourencao) \u00e9 psic\u00f3loga, pastora, coach, escritora e conferencista. Foi De\u00e3 e Professora de Aconselhamento Crist\u00e3o. Autora dos livros \u201cNa intimidade h\u00e1 cura\u201d, \u201cA equa\u00e7\u00e3o do amor\u201d, \u201cViva sem compuls\u00e3o\u201d e \u201cDevocional Minha Fam\u00edlia no Altar\u201d.<\/p>\n<p><em>* O conte\u00fado do texto acima \u00e9 de colabora\u00e7\u00e3o volunt\u00e1ria, seu teor \u00e9 de total responsabilidade do autor e n\u00e3o reflete necessariamente a opini\u00e3o do Portal Guiame.<\/em><\/p>\n<p>Leia o artigo anterior: <strong><span style=\"color: #800000;\">Sexta-feira Santa e Domingo P\u00e1scoa: Da cruz \u00e0 esperan\u00e7a da ressurrei\u00e7\u00e3o<\/span> <\/strong><\/p>\n<\/div>\n<p><br \/>\n<br \/>Fonte: Guiame <\/p>\n","protected":false},"excerpt":{"rendered":"<p>Cuidar de si mesmo n\u00e3o \u00e9 um ato de ego\u00edsmo, mas de responsabilidade. E, par al\u00e9m de responsabilidade, \u00e9 um ato de amor e obedi\u00eancia a Deus. Em um mundo que exige produtividade constante, muitos confundem exaust\u00e3o com virtude. Conhe\u00e7o muita gente assim. Elas n\u00e3o prestam aten\u00e7\u00e3o em si, mas no outro \u00e0 medida que [&hellip;]<\/p>\n","protected":false},"author":1,"featured_media":5958,"comment_status":"","ping_status":"open","sticky":false,"template":"","format":"standard","meta":{"footnotes":""},"categories":[43],"tags":[],"class_list":["post-5957","post","type-post","status-publish","format-standard","has-post-thumbnail","hentry","category-destaques"],"yoast_head":"<!-- This site is optimized with the Yoast SEO plugin v26.8 - https:\/\/yoast.com\/product\/yoast-seo-wordpress\/ -->\n<title>Cuidar de si n\u00e3o \u00e9 um luxo, \u00e9 uma estrat\u00e9gia de sa\u00fade - R\u00e1dio Porto Seguro<\/title>\n<meta name=\"robots\" content=\"index, follow, max-snippet:-1, max-image-preview:large, max-video-preview:-1\" \/>\n<link rel=\"canonical\" href=\"https:\/\/radioportoseguro.com.br\/site\/2026\/04\/11\/cuidar-de-si-nao-e-um-luxo-e-uma-estrategia-de-saude\/\" \/>\n<meta property=\"og:locale\" content=\"pt_BR\" \/>\n<meta property=\"og:type\" content=\"article\" \/>\n<meta property=\"og:title\" content=\"Cuidar de si n\u00e3o \u00e9 um luxo, \u00e9 uma estrat\u00e9gia de sa\u00fade - R\u00e1dio Porto Seguro\" \/>\n<meta property=\"og:description\" content=\"Cuidar de si mesmo n\u00e3o \u00e9 um ato de ego\u00edsmo, mas de responsabilidade. E, par al\u00e9m de responsabilidade, \u00e9 um ato de amor e obedi\u00eancia a Deus. Em um mundo que exige produtividade constante, muitos confundem exaust\u00e3o com virtude. Conhe\u00e7o muita gente assim. Elas n\u00e3o prestam aten\u00e7\u00e3o em si, mas no outro \u00e0 medida que [&hellip;]\" \/>\n<meta property=\"og:url\" content=\"https:\/\/radioportoseguro.com.br\/site\/2026\/04\/11\/cuidar-de-si-nao-e-um-luxo-e-uma-estrategia-de-saude\/\" \/>\n<meta property=\"og:site_name\" content=\"R\u00e1dio Porto Seguro\" \/>\n<meta property=\"article:published_time\" content=\"2026-04-11T20:58:57+00:00\" \/>\n<meta property=\"og:image\" content=\"https:\/\/media.guiame.com.br\/archives\/2026\/04\/10\/1325805239-mulher-praia.jpg\" \/>\n<meta name=\"author\" content=\"admin\" \/>\n<meta name=\"twitter:card\" content=\"summary_large_image\" \/>\n<meta name=\"twitter:label1\" content=\"Escrito por\" \/>\n\t<meta name=\"twitter:data1\" content=\"admin\" \/>\n\t<meta name=\"twitter:label2\" content=\"Est. tempo de leitura\" \/>\n\t<meta name=\"twitter:data2\" content=\"4 minutos\" \/>\n<script type=\"application\/ld+json\" class=\"yoast-schema-graph\">{\"@context\":\"https:\/\/schema.org\",\"@graph\":[{\"@type\":\"Article\",\"@id\":\"https:\/\/radioportoseguro.com.br\/site\/2026\/04\/11\/cuidar-de-si-nao-e-um-luxo-e-uma-estrategia-de-saude\/#article\",\"isPartOf\":{\"@id\":\"https:\/\/radioportoseguro.com.br\/site\/2026\/04\/11\/cuidar-de-si-nao-e-um-luxo-e-uma-estrategia-de-saude\/\"},\"author\":{\"name\":\"admin\",\"@id\":\"https:\/\/radioportoseguro.com.br\/site\/#\/schema\/person\/7630acdc320186f13639d3c067ec089b\"},\"headline\":\"Cuidar de si n\u00e3o \u00e9 um luxo, \u00e9 uma estrat\u00e9gia de sa\u00fade\",\"datePublished\":\"2026-04-11T20:58:57+00:00\",\"mainEntityOfPage\":{\"@id\":\"https:\/\/radioportoseguro.com.br\/site\/2026\/04\/11\/cuidar-de-si-nao-e-um-luxo-e-uma-estrategia-de-saude\/\"},\"wordCount\":744,\"image\":{\"@id\":\"https:\/\/radioportoseguro.com.br\/site\/2026\/04\/11\/cuidar-de-si-nao-e-um-luxo-e-uma-estrategia-de-saude\/#primaryimage\"},\"thumbnailUrl\":\"https:\/\/radioportoseguro.com.br\/site\/wp-content\/uploads\/2026\/04\/1325805239-mulher-praia.jpg\",\"articleSection\":[\"Destaques\"],\"inLanguage\":\"pt-BR\"},{\"@type\":\"WebPage\",\"@id\":\"https:\/\/radioportoseguro.com.br\/site\/2026\/04\/11\/cuidar-de-si-nao-e-um-luxo-e-uma-estrategia-de-saude\/\",\"url\":\"https:\/\/radioportoseguro.com.br\/site\/2026\/04\/11\/cuidar-de-si-nao-e-um-luxo-e-uma-estrategia-de-saude\/\",\"name\":\"Cuidar de si n\u00e3o \u00e9 um luxo, \u00e9 uma estrat\u00e9gia de sa\u00fade - R\u00e1dio Porto Seguro\",\"isPartOf\":{\"@id\":\"https:\/\/radioportoseguro.com.br\/site\/#website\"},\"primaryImageOfPage\":{\"@id\":\"https:\/\/radioportoseguro.com.br\/site\/2026\/04\/11\/cuidar-de-si-nao-e-um-luxo-e-uma-estrategia-de-saude\/#primaryimage\"},\"image\":{\"@id\":\"https:\/\/radioportoseguro.com.br\/site\/2026\/04\/11\/cuidar-de-si-nao-e-um-luxo-e-uma-estrategia-de-saude\/#primaryimage\"},\"thumbnailUrl\":\"https:\/\/radioportoseguro.com.br\/site\/wp-content\/uploads\/2026\/04\/1325805239-mulher-praia.jpg\",\"datePublished\":\"2026-04-11T20:58:57+00:00\",\"author\":{\"@id\":\"https:\/\/radioportoseguro.com.br\/site\/#\/schema\/person\/7630acdc320186f13639d3c067ec089b\"},\"breadcrumb\":{\"@id\":\"https:\/\/radioportoseguro.com.br\/site\/2026\/04\/11\/cuidar-de-si-nao-e-um-luxo-e-uma-estrategia-de-saude\/#breadcrumb\"},\"inLanguage\":\"pt-BR\",\"potentialAction\":[{\"@type\":\"ReadAction\",\"target\":[\"https:\/\/radioportoseguro.com.br\/site\/2026\/04\/11\/cuidar-de-si-nao-e-um-luxo-e-uma-estrategia-de-saude\/\"]}]},{\"@type\":\"ImageObject\",\"inLanguage\":\"pt-BR\",\"@id\":\"https:\/\/radioportoseguro.com.br\/site\/2026\/04\/11\/cuidar-de-si-nao-e-um-luxo-e-uma-estrategia-de-saude\/#primaryimage\",\"url\":\"https:\/\/radioportoseguro.com.br\/site\/wp-content\/uploads\/2026\/04\/1325805239-mulher-praia.jpg\",\"contentUrl\":\"https:\/\/radioportoseguro.com.br\/site\/wp-content\/uploads\/2026\/04\/1325805239-mulher-praia.jpg\",\"width\":1200,\"height\":600},{\"@type\":\"BreadcrumbList\",\"@id\":\"https:\/\/radioportoseguro.com.br\/site\/2026\/04\/11\/cuidar-de-si-nao-e-um-luxo-e-uma-estrategia-de-saude\/#breadcrumb\",\"itemListElement\":[{\"@type\":\"ListItem\",\"position\":1,\"name\":\"In\u00edcio\",\"item\":\"https:\/\/radioportoseguro.com.br\/site\/\"},{\"@type\":\"ListItem\",\"position\":2,\"name\":\"Cuidar de si n\u00e3o \u00e9 um luxo, \u00e9 uma estrat\u00e9gia de sa\u00fade\"}]},{\"@type\":\"WebSite\",\"@id\":\"https:\/\/radioportoseguro.com.br\/site\/#website\",\"url\":\"https:\/\/radioportoseguro.com.br\/site\/\",\"name\":\"R\u00e1dio Porto Seguro\",\"description\":\"\",\"potentialAction\":[{\"@type\":\"SearchAction\",\"target\":{\"@type\":\"EntryPoint\",\"urlTemplate\":\"https:\/\/radioportoseguro.com.br\/site\/?s={search_term_string}\"},\"query-input\":{\"@type\":\"PropertyValueSpecification\",\"valueRequired\":true,\"valueName\":\"search_term_string\"}}],\"inLanguage\":\"pt-BR\"},{\"@type\":\"Person\",\"@id\":\"https:\/\/radioportoseguro.com.br\/site\/#\/schema\/person\/7630acdc320186f13639d3c067ec089b\",\"name\":\"admin\",\"image\":{\"@type\":\"ImageObject\",\"inLanguage\":\"pt-BR\",\"@id\":\"https:\/\/radioportoseguro.com.br\/site\/#\/schema\/person\/image\/\",\"url\":\"https:\/\/secure.gravatar.com\/avatar\/caacf4dc1eedb68fab0df8e1ed46c448e578b2466351bbcb61e47d2ac0caaef0?s=96&d=mm&r=g\",\"contentUrl\":\"https:\/\/secure.gravatar.com\/avatar\/caacf4dc1eedb68fab0df8e1ed46c448e578b2466351bbcb61e47d2ac0caaef0?s=96&d=mm&r=g\",\"caption\":\"admin\"},\"sameAs\":[\"https:\/\/radioportoseguro.com.br\/site\"],\"url\":\"https:\/\/radioportoseguro.com.br\/site\/author\/hezio\/\"}]}<\/script>\n<!-- \/ Yoast SEO plugin. -->","yoast_head_json":{"title":"Cuidar de si n\u00e3o \u00e9 um luxo, \u00e9 uma estrat\u00e9gia de sa\u00fade - R\u00e1dio Porto Seguro","robots":{"index":"index","follow":"follow","max-snippet":"max-snippet:-1","max-image-preview":"max-image-preview:large","max-video-preview":"max-video-preview:-1"},"canonical":"https:\/\/radioportoseguro.com.br\/site\/2026\/04\/11\/cuidar-de-si-nao-e-um-luxo-e-uma-estrategia-de-saude\/","og_locale":"pt_BR","og_type":"article","og_title":"Cuidar de si n\u00e3o \u00e9 um luxo, \u00e9 uma estrat\u00e9gia de sa\u00fade - R\u00e1dio Porto Seguro","og_description":"Cuidar de si mesmo n\u00e3o \u00e9 um ato de ego\u00edsmo, mas de responsabilidade. E, par al\u00e9m de responsabilidade, \u00e9 um ato de amor e obedi\u00eancia a Deus. Em um mundo que exige produtividade constante, muitos confundem exaust\u00e3o com virtude. Conhe\u00e7o muita gente assim. Elas n\u00e3o prestam aten\u00e7\u00e3o em si, mas no outro \u00e0 medida que [&hellip;]","og_url":"https:\/\/radioportoseguro.com.br\/site\/2026\/04\/11\/cuidar-de-si-nao-e-um-luxo-e-uma-estrategia-de-saude\/","og_site_name":"R\u00e1dio Porto Seguro","article_published_time":"2026-04-11T20:58:57+00:00","og_image":[{"url":"https:\/\/media.guiame.com.br\/archives\/2026\/04\/10\/1325805239-mulher-praia.jpg","type":"","width":"","height":""}],"author":"admin","twitter_card":"summary_large_image","twitter_misc":{"Escrito por":"admin","Est. tempo de leitura":"4 minutos"},"schema":{"@context":"https:\/\/schema.org","@graph":[{"@type":"Article","@id":"https:\/\/radioportoseguro.com.br\/site\/2026\/04\/11\/cuidar-de-si-nao-e-um-luxo-e-uma-estrategia-de-saude\/#article","isPartOf":{"@id":"https:\/\/radioportoseguro.com.br\/site\/2026\/04\/11\/cuidar-de-si-nao-e-um-luxo-e-uma-estrategia-de-saude\/"},"author":{"name":"admin","@id":"https:\/\/radioportoseguro.com.br\/site\/#\/schema\/person\/7630acdc320186f13639d3c067ec089b"},"headline":"Cuidar de si n\u00e3o \u00e9 um luxo, \u00e9 uma estrat\u00e9gia de sa\u00fade","datePublished":"2026-04-11T20:58:57+00:00","mainEntityOfPage":{"@id":"https:\/\/radioportoseguro.com.br\/site\/2026\/04\/11\/cuidar-de-si-nao-e-um-luxo-e-uma-estrategia-de-saude\/"},"wordCount":744,"image":{"@id":"https:\/\/radioportoseguro.com.br\/site\/2026\/04\/11\/cuidar-de-si-nao-e-um-luxo-e-uma-estrategia-de-saude\/#primaryimage"},"thumbnailUrl":"https:\/\/radioportoseguro.com.br\/site\/wp-content\/uploads\/2026\/04\/1325805239-mulher-praia.jpg","articleSection":["Destaques"],"inLanguage":"pt-BR"},{"@type":"WebPage","@id":"https:\/\/radioportoseguro.com.br\/site\/2026\/04\/11\/cuidar-de-si-nao-e-um-luxo-e-uma-estrategia-de-saude\/","url":"https:\/\/radioportoseguro.com.br\/site\/2026\/04\/11\/cuidar-de-si-nao-e-um-luxo-e-uma-estrategia-de-saude\/","name":"Cuidar de si n\u00e3o \u00e9 um luxo, \u00e9 uma estrat\u00e9gia de sa\u00fade - R\u00e1dio Porto Seguro","isPartOf":{"@id":"https:\/\/radioportoseguro.com.br\/site\/#website"},"primaryImageOfPage":{"@id":"https:\/\/radioportoseguro.com.br\/site\/2026\/04\/11\/cuidar-de-si-nao-e-um-luxo-e-uma-estrategia-de-saude\/#primaryimage"},"image":{"@id":"https:\/\/radioportoseguro.com.br\/site\/2026\/04\/11\/cuidar-de-si-nao-e-um-luxo-e-uma-estrategia-de-saude\/#primaryimage"},"thumbnailUrl":"https:\/\/radioportoseguro.com.br\/site\/wp-content\/uploads\/2026\/04\/1325805239-mulher-praia.jpg","datePublished":"2026-04-11T20:58:57+00:00","author":{"@id":"https:\/\/radioportoseguro.com.br\/site\/#\/schema\/person\/7630acdc320186f13639d3c067ec089b"},"breadcrumb":{"@id":"https:\/\/radioportoseguro.com.br\/site\/2026\/04\/11\/cuidar-de-si-nao-e-um-luxo-e-uma-estrategia-de-saude\/#breadcrumb"},"inLanguage":"pt-BR","potentialAction":[{"@type":"ReadAction","target":["https:\/\/radioportoseguro.com.br\/site\/2026\/04\/11\/cuidar-de-si-nao-e-um-luxo-e-uma-estrategia-de-saude\/"]}]},{"@type":"ImageObject","inLanguage":"pt-BR","@id":"https:\/\/radioportoseguro.com.br\/site\/2026\/04\/11\/cuidar-de-si-nao-e-um-luxo-e-uma-estrategia-de-saude\/#primaryimage","url":"https:\/\/radioportoseguro.com.br\/site\/wp-content\/uploads\/2026\/04\/1325805239-mulher-praia.jpg","contentUrl":"https:\/\/radioportoseguro.com.br\/site\/wp-content\/uploads\/2026\/04\/1325805239-mulher-praia.jpg","width":1200,"height":600},{"@type":"BreadcrumbList","@id":"https:\/\/radioportoseguro.com.br\/site\/2026\/04\/11\/cuidar-de-si-nao-e-um-luxo-e-uma-estrategia-de-saude\/#breadcrumb","itemListElement":[{"@type":"ListItem","position":1,"name":"In\u00edcio","item":"https:\/\/radioportoseguro.com.br\/site\/"},{"@type":"ListItem","position":2,"name":"Cuidar de si n\u00e3o \u00e9 um luxo, \u00e9 uma estrat\u00e9gia de sa\u00fade"}]},{"@type":"WebSite","@id":"https:\/\/radioportoseguro.com.br\/site\/#website","url":"https:\/\/radioportoseguro.com.br\/site\/","name":"R\u00e1dio Porto Seguro","description":"","potentialAction":[{"@type":"SearchAction","target":{"@type":"EntryPoint","urlTemplate":"https:\/\/radioportoseguro.com.br\/site\/?s={search_term_string}"},"query-input":{"@type":"PropertyValueSpecification","valueRequired":true,"valueName":"search_term_string"}}],"inLanguage":"pt-BR"},{"@type":"Person","@id":"https:\/\/radioportoseguro.com.br\/site\/#\/schema\/person\/7630acdc320186f13639d3c067ec089b","name":"admin","image":{"@type":"ImageObject","inLanguage":"pt-BR","@id":"https:\/\/radioportoseguro.com.br\/site\/#\/schema\/person\/image\/","url":"https:\/\/secure.gravatar.com\/avatar\/caacf4dc1eedb68fab0df8e1ed46c448e578b2466351bbcb61e47d2ac0caaef0?s=96&d=mm&r=g","contentUrl":"https:\/\/secure.gravatar.com\/avatar\/caacf4dc1eedb68fab0df8e1ed46c448e578b2466351bbcb61e47d2ac0caaef0?s=96&d=mm&r=g","caption":"admin"},"sameAs":["https:\/\/radioportoseguro.com.br\/site"],"url":"https:\/\/radioportoseguro.com.br\/site\/author\/hezio\/"}]}},"_links":{"self":[{"href":"https:\/\/radioportoseguro.com.br\/site\/wp-json\/wp\/v2\/posts\/5957","targetHints":{"allow":["GET"]}}],"collection":[{"href":"https:\/\/radioportoseguro.com.br\/site\/wp-json\/wp\/v2\/posts"}],"about":[{"href":"https:\/\/radioportoseguro.com.br\/site\/wp-json\/wp\/v2\/types\/post"}],"author":[{"embeddable":true,"href":"https:\/\/radioportoseguro.com.br\/site\/wp-json\/wp\/v2\/users\/1"}],"replies":[{"embeddable":true,"href":"https:\/\/radioportoseguro.com.br\/site\/wp-json\/wp\/v2\/comments?post=5957"}],"version-history":[{"count":0,"href":"https:\/\/radioportoseguro.com.br\/site\/wp-json\/wp\/v2\/posts\/5957\/revisions"}],"wp:featuredmedia":[{"embeddable":true,"href":"https:\/\/radioportoseguro.com.br\/site\/wp-json\/wp\/v2\/media\/5958"}],"wp:attachment":[{"href":"https:\/\/radioportoseguro.com.br\/site\/wp-json\/wp\/v2\/media?parent=5957"}],"wp:term":[{"taxonomy":"category","embeddable":true,"href":"https:\/\/radioportoseguro.com.br\/site\/wp-json\/wp\/v2\/categories?post=5957"},{"taxonomy":"post_tag","embeddable":true,"href":"https:\/\/radioportoseguro.com.br\/site\/wp-json\/wp\/v2\/tags?post=5957"}],"curies":[{"name":"wp","href":"https:\/\/api.w.org\/{rel}","templated":true}]}}