{"id":5971,"date":"2026-04-12T02:18:59","date_gmt":"2026-04-12T05:18:59","guid":{"rendered":"https:\/\/radioportoseguro.com.br\/site\/2026\/04\/12\/loja-de-roupas-cria-capela-de-oracao-e-impacta-clientes-sentimos-a-presenca-de-deus\/"},"modified":"2026-04-12T02:18:59","modified_gmt":"2026-04-12T05:18:59","slug":"loja-de-roupas-cria-capela-de-oracao-e-impacta-clientes-sentimos-a-presenca-de-deus","status":"publish","type":"post","link":"https:\/\/radioportoseguro.com.br\/site\/2026\/04\/12\/loja-de-roupas-cria-capela-de-oracao-e-impacta-clientes-sentimos-a-presenca-de-deus\/","title":{"rendered":"Loja de roupas cria capela de ora\u00e7\u00e3o e impacta clientes: \u201cSentimos a presen\u00e7a de Deus\u201d"},"content":{"rendered":"<p><br \/>\n<br \/><\/p>\n<div>\n<p><span style=\"font-weight: 400;\">Uma loja de roupas femininas nos Estados Unidos tem chamado aten\u00e7\u00e3o por ir al\u00e9m do com\u00e9rcio e se tornar um espa\u00e7o onde clientes testemunham o poder de Deus por meio da ora\u00e7\u00e3o.<\/span><\/p>\n<p><span style=\"font-weight: 400;\">A Philanthropy Fashion, em Franklin, no Tennessee, criou uma <\/span><span style=\"color: #993300;\"><strong>capela de ora\u00e7\u00e3o<\/strong><\/span><span style=\"font-weight: 400;\"> dentro do pr\u00f3prio estabelecimento e a iniciativa tem impactado profundamente a vida das clientes.<\/span><\/p>\n<p><span style=\"font-weight: 400;\">Fundada h\u00e1 mais de 16 anos e atualmente administrada por Shane e Sarah Lorente, a loja tem uma proposta que vai al\u00e9m da moda:\u00a0<\/span><\/p>\n<p><span style=\"font-weight: 400;\">\u201cSomos mais do que uma loja. Somos um minist\u00e9rio que tamb\u00e9m tem o privil\u00e9gio de oferecer roupas e artigos para o lar. Como empresa, nos esfor\u00e7amos para representar o cora\u00e7\u00e3o de Deus atrav\u00e9s da moda, da ora\u00e7\u00e3o, do lar e da contribui\u00e7\u00e3o para a comunidade\u201d, diz o site do estabelecimento.<\/span><\/p>\n<p><strong>A capela de ora\u00e7\u00e3o<\/strong><\/p>\n<p><span style=\"font-weight: 400;\">No centro da loja, a capela de ora\u00e7\u00e3o tem impactado a vida de quem passa pelo local: \u201cServe como um lugar para passar um momento de sil\u00eancio com Deus, seja em momentos de necessidade ou gratid\u00e3o. Nossos momentos favoritos, no entanto, s\u00e3o quando temos o privil\u00e9gio de orar com nossos clientes\u201d.<\/span><\/p>\n<p><span style=\"font-weight: 400;\">\u201cA ora\u00e7\u00e3o \u00e9 a ess\u00eancia da Philanthropy. \u00c9 o centro de quem somos e o alicerce de tudo o que fazemos. Mais do que uma loja, a Philanthropy existe para ser um lugar onde as pessoas encontram esperan\u00e7a, encorajamento e a presen\u00e7a de Deus\u201d, acrescentaram.<\/span><\/p>\n<p><span style=\"font-weight: 400;\">A capela de ora\u00e7\u00e3o \u00e9 um espa\u00e7o onde os clientes podem escrever <\/span><span style=\"color: #993300;\"><strong>pedidos de ora\u00e7\u00e3o<\/strong><\/span><span style=\"font-weight: 400;\"> e relatos de gratid\u00e3o e pendur\u00e1-los na parede. Assim, os funcion\u00e1rios oram por cada pedido e muitos clientes tamb\u00e9m se sentem encorajados a interceder uns pelos outros.<\/span><\/p>\n<blockquote class=\"instagram-media\" style=\"background: #FFF; border: 0; border-radius: 3px; box-shadow: 0 0 1px 0 rgba(0,0,0,0.5),0 1px 10px 0 rgba(0,0,0,0.15); margin: 1px; max-width: 540px; min-width: 326px; padding: 0; width: calc(100% - 2px);\" data-instgrm-permalink=\"https:\/\/www.instagram.com\/reel\/DS72NYzEWr4\/?utm_source=ig_embed&amp;utm_campaign=loading\" data-instgrm-version=\"14\"><p>&#13;<br \/>\n&#13;\n<\/p><\/blockquote>\n<p><span style=\"font-weight: 400;\">Todas as primeiras ter\u00e7as-feiras de cada m\u00eas, a loja organiza um encontro de ora\u00e7\u00e3o aberto ao p\u00fablico na capela.<\/span><\/p>\n<p><span style=\"font-weight: 400;\">\u201cAcreditamos profundamente no poder da ora\u00e7\u00e3o. Todos s\u00e3o bem-vindos. Nosso desejo \u00e9 nos unirmos a outros que compartilham o peso das responsabilidades por nossa cidade, nossa comunidade e al\u00e9m\u201d, relataram os respons\u00e1veis.\u00a0<\/span><\/p>\n<p><strong>\u2018\u00c9 uma honra orar pelos clientes\u2019<\/strong><\/p>\n<p><span style=\"font-weight: 400;\">No Instagram, os administradores informaram que, em 2025, centenas de pessoas deixaram seus pedidos de ora\u00e7\u00e3o na capela da loja.<\/span><\/p>\n<p><span style=\"font-weight: 400;\">\u201cMuitos retornaram para compartilhar testemunhos dos milagres que Deus realizou desde que entraram neste espa\u00e7o. Muitas vezes, tivemos at\u00e9 a honra de estar com voc\u00eas e orar juntos\u201d, disseram eles.<\/span><\/p>\n<p><span style=\"font-weight: 400;\">Em dezembro, os funcion\u00e1rios retiraram os cart\u00f5es de ora\u00e7\u00e3o e relataram: \u201cEstamos orando por cada um deles, crendo que o Deus dos milagres e das vit\u00f3rias continuar\u00e1 sua obra em e atrav\u00e9s de todos que passaram por nossas portas este ano\u201d.<\/span><\/p>\n<p><span style=\"font-weight: 400;\">\u201cEstamos ansiosos para ver o que Deus reservou para 2026 e mal podemos esperar para celebrar todos os testemunhos que ainda est\u00e3o por vir\u201d, acrescentaram.<\/span><\/p>\n<blockquote class=\"instagram-media\" style=\"background: #FFF; border: 0; border-radius: 3px; box-shadow: 0 0 1px 0 rgba(0,0,0,0.5),0 1px 10px 0 rgba(0,0,0,0.15); margin: 1px; max-width: 540px; min-width: 326px; padding: 0; width: calc(100% - 2px);\" data-instgrm-permalink=\"https:\/\/www.instagram.com\/p\/DTGp5h6jkFA\/?utm_source=ig_embed&amp;utm_campaign=loading\" data-instgrm-version=\"14\"><p>&#13;<br \/>\n&#13;\n<\/p><\/blockquote>\n<p><span style=\"font-weight: 400;\">A equipe informou que os pedidos de ora\u00e7\u00e3o feitos no site da loja tamb\u00e9m s\u00e3o colocados na capela ao longo do ano: \u201cSe voc\u00ea n\u00e3o puder nos visitar pessoalmente, o enviar um pedido de ora\u00e7\u00e3o, um membro da nossa equipe o escrever\u00e1 pessoalmente em uma etiqueta de ora\u00e7\u00e3o e a colocar\u00e1 em nossa capela, seja qual for a sua situa\u00e7\u00e3o, teremos a honra de orar com voc\u00ea\u201d.<\/span><\/p>\n<p><span style=\"font-weight: 400;\">Al\u00e9m da miss\u00e3o espiritual, a loja tamb\u00e9m mant\u00e9m o compromisso de contribuir com causas sociais, desde o apoio a uma igreja local que serve refei\u00e7\u00f5es semanais a pessoas em situa\u00e7\u00e3o de rua at\u00e9 o aux\u00edlio a fam\u00edlias carentes da regi\u00e3o: \u201cAcreditamos em viver nossa f\u00e9 abertamente, tanto dentro quanto fora da loja\u201d.<\/span><\/p>\n<p><span style=\"font-weight: 400;\">Nos coment\u00e1rios, muitos compartilharam seus testemunhos: \u201cRecentemente, estive em Franklin. Este era o meu lugar favorito. Assim que entrei, pude sentir a presen\u00e7a do Senhor. Que surpresa maravilhosa encontrar a capela de ora\u00e7\u00e3o. Obrigado pelo que voc\u00eas fazem; \u00e9 verdadeiramente uma b\u00ean\u00e7\u00e3o para tantos. Sigo orando pelo favor de Deus para este pr\u00f3ximo ano\u201d.<\/span><\/p>\n<\/div>\n<p><script async src=\"\/\/www.instagram.com\/embed.js\"><\/script><br \/>\n<br \/><br \/>\n<br \/>Fonte: Guiame <\/p>\n","protected":false},"excerpt":{"rendered":"<p>Uma loja de roupas femininas nos Estados Unidos tem chamado aten\u00e7\u00e3o por ir al\u00e9m do com\u00e9rcio e se tornar um espa\u00e7o onde clientes testemunham o poder de Deus por meio da ora\u00e7\u00e3o. A Philanthropy Fashion, em Franklin, no Tennessee, criou uma capela de ora\u00e7\u00e3o dentro do pr\u00f3prio estabelecimento e a iniciativa tem impactado profundamente a [&hellip;]<\/p>\n","protected":false},"author":1,"featured_media":5972,"comment_status":"","ping_status":"open","sticky":false,"template":"","format":"standard","meta":{"footnotes":""},"categories":[43],"tags":[],"class_list":["post-5971","post","type-post","status-publish","format-standard","has-post-thumbnail","hentry","category-destaques"],"yoast_head":"<!-- This site is optimized with the Yoast SEO plugin v26.8 - https:\/\/yoast.com\/product\/yoast-seo-wordpress\/ -->\n<title>Loja de roupas cria capela de ora\u00e7\u00e3o e impacta clientes: \u201cSentimos a presen\u00e7a de Deus\u201d - R\u00e1dio Porto Seguro<\/title>\n<meta name=\"robots\" content=\"index, follow, max-snippet:-1, max-image-preview:large, max-video-preview:-1\" \/>\n<link rel=\"canonical\" href=\"https:\/\/radioportoseguro.com.br\/site\/2026\/04\/12\/loja-de-roupas-cria-capela-de-oracao-e-impacta-clientes-sentimos-a-presenca-de-deus\/\" \/>\n<meta property=\"og:locale\" content=\"pt_BR\" \/>\n<meta property=\"og:type\" content=\"article\" \/>\n<meta property=\"og:title\" content=\"Loja de roupas cria capela de ora\u00e7\u00e3o e impacta clientes: \u201cSentimos a presen\u00e7a de Deus\u201d - R\u00e1dio Porto Seguro\" \/>\n<meta property=\"og:description\" content=\"Uma loja de roupas femininas nos Estados Unidos tem chamado aten\u00e7\u00e3o por ir al\u00e9m do com\u00e9rcio e se tornar um espa\u00e7o onde clientes testemunham o poder de Deus por meio da ora\u00e7\u00e3o. A Philanthropy Fashion, em Franklin, no Tennessee, criou uma capela de ora\u00e7\u00e3o dentro do pr\u00f3prio estabelecimento e a iniciativa tem impactado profundamente a [&hellip;]\" \/>\n<meta property=\"og:url\" content=\"https:\/\/radioportoseguro.com.br\/site\/2026\/04\/12\/loja-de-roupas-cria-capela-de-oracao-e-impacta-clientes-sentimos-a-presenca-de-deus\/\" \/>\n<meta property=\"og:site_name\" content=\"R\u00e1dio Porto Seguro\" \/>\n<meta property=\"article:published_time\" content=\"2026-04-12T05:18:59+00:00\" \/>\n<meta property=\"og:image\" content=\"https:\/\/media.guiame.com.br\/archives\/2026\/04\/10\/2969930723-capela-de-oracao-dentro-da-loja-impacta-muitos-clientes-que-passam-pelo-local.jpeg\" \/>\n<meta name=\"author\" content=\"admin\" \/>\n<meta name=\"twitter:card\" content=\"summary_large_image\" \/>\n<meta name=\"twitter:label1\" content=\"Escrito por\" \/>\n\t<meta name=\"twitter:data1\" content=\"admin\" \/>\n\t<meta name=\"twitter:label2\" content=\"Est. tempo de leitura\" \/>\n\t<meta name=\"twitter:data2\" content=\"3 minutos\" \/>\n<script type=\"application\/ld+json\" class=\"yoast-schema-graph\">{\"@context\":\"https:\/\/schema.org\",\"@graph\":[{\"@type\":\"Article\",\"@id\":\"https:\/\/radioportoseguro.com.br\/site\/2026\/04\/12\/loja-de-roupas-cria-capela-de-oracao-e-impacta-clientes-sentimos-a-presenca-de-deus\/#article\",\"isPartOf\":{\"@id\":\"https:\/\/radioportoseguro.com.br\/site\/2026\/04\/12\/loja-de-roupas-cria-capela-de-oracao-e-impacta-clientes-sentimos-a-presenca-de-deus\/\"},\"author\":{\"name\":\"admin\",\"@id\":\"https:\/\/radioportoseguro.com.br\/site\/#\/schema\/person\/7630acdc320186f13639d3c067ec089b\"},\"headline\":\"Loja de roupas cria capela de ora\u00e7\u00e3o e impacta clientes: \u201cSentimos a presen\u00e7a de Deus\u201d\",\"datePublished\":\"2026-04-12T05:18:59+00:00\",\"mainEntityOfPage\":{\"@id\":\"https:\/\/radioportoseguro.com.br\/site\/2026\/04\/12\/loja-de-roupas-cria-capela-de-oracao-e-impacta-clientes-sentimos-a-presenca-de-deus\/\"},\"wordCount\":705,\"image\":{\"@id\":\"https:\/\/radioportoseguro.com.br\/site\/2026\/04\/12\/loja-de-roupas-cria-capela-de-oracao-e-impacta-clientes-sentimos-a-presenca-de-deus\/#primaryimage\"},\"thumbnailUrl\":\"https:\/\/radioportoseguro.com.br\/site\/wp-content\/uploads\/2026\/04\/2969930723-capela-de-oracao-dentro-da-loja-impacta-muitos-clientes-que-passam-pelo-local.jpeg\",\"articleSection\":[\"Destaques\"],\"inLanguage\":\"pt-BR\"},{\"@type\":\"WebPage\",\"@id\":\"https:\/\/radioportoseguro.com.br\/site\/2026\/04\/12\/loja-de-roupas-cria-capela-de-oracao-e-impacta-clientes-sentimos-a-presenca-de-deus\/\",\"url\":\"https:\/\/radioportoseguro.com.br\/site\/2026\/04\/12\/loja-de-roupas-cria-capela-de-oracao-e-impacta-clientes-sentimos-a-presenca-de-deus\/\",\"name\":\"Loja de roupas cria capela de ora\u00e7\u00e3o e impacta clientes: \u201cSentimos a presen\u00e7a de Deus\u201d - R\u00e1dio Porto Seguro\",\"isPartOf\":{\"@id\":\"https:\/\/radioportoseguro.com.br\/site\/#website\"},\"primaryImageOfPage\":{\"@id\":\"https:\/\/radioportoseguro.com.br\/site\/2026\/04\/12\/loja-de-roupas-cria-capela-de-oracao-e-impacta-clientes-sentimos-a-presenca-de-deus\/#primaryimage\"},\"image\":{\"@id\":\"https:\/\/radioportoseguro.com.br\/site\/2026\/04\/12\/loja-de-roupas-cria-capela-de-oracao-e-impacta-clientes-sentimos-a-presenca-de-deus\/#primaryimage\"},\"thumbnailUrl\":\"https:\/\/radioportoseguro.com.br\/site\/wp-content\/uploads\/2026\/04\/2969930723-capela-de-oracao-dentro-da-loja-impacta-muitos-clientes-que-passam-pelo-local.jpeg\",\"datePublished\":\"2026-04-12T05:18:59+00:00\",\"author\":{\"@id\":\"https:\/\/radioportoseguro.com.br\/site\/#\/schema\/person\/7630acdc320186f13639d3c067ec089b\"},\"breadcrumb\":{\"@id\":\"https:\/\/radioportoseguro.com.br\/site\/2026\/04\/12\/loja-de-roupas-cria-capela-de-oracao-e-impacta-clientes-sentimos-a-presenca-de-deus\/#breadcrumb\"},\"inLanguage\":\"pt-BR\",\"potentialAction\":[{\"@type\":\"ReadAction\",\"target\":[\"https:\/\/radioportoseguro.com.br\/site\/2026\/04\/12\/loja-de-roupas-cria-capela-de-oracao-e-impacta-clientes-sentimos-a-presenca-de-deus\/\"]}]},{\"@type\":\"ImageObject\",\"inLanguage\":\"pt-BR\",\"@id\":\"https:\/\/radioportoseguro.com.br\/site\/2026\/04\/12\/loja-de-roupas-cria-capela-de-oracao-e-impacta-clientes-sentimos-a-presenca-de-deus\/#primaryimage\",\"url\":\"https:\/\/radioportoseguro.com.br\/site\/wp-content\/uploads\/2026\/04\/2969930723-capela-de-oracao-dentro-da-loja-impacta-muitos-clientes-que-passam-pelo-local.jpeg\",\"contentUrl\":\"https:\/\/radioportoseguro.com.br\/site\/wp-content\/uploads\/2026\/04\/2969930723-capela-de-oracao-dentro-da-loja-impacta-muitos-clientes-que-passam-pelo-local.jpeg\",\"width\":1200,\"height\":600},{\"@type\":\"BreadcrumbList\",\"@id\":\"https:\/\/radioportoseguro.com.br\/site\/2026\/04\/12\/loja-de-roupas-cria-capela-de-oracao-e-impacta-clientes-sentimos-a-presenca-de-deus\/#breadcrumb\",\"itemListElement\":[{\"@type\":\"ListItem\",\"position\":1,\"name\":\"In\u00edcio\",\"item\":\"https:\/\/radioportoseguro.com.br\/site\/\"},{\"@type\":\"ListItem\",\"position\":2,\"name\":\"Loja de roupas cria capela de ora\u00e7\u00e3o e impacta clientes: \u201cSentimos a presen\u00e7a de Deus\u201d\"}]},{\"@type\":\"WebSite\",\"@id\":\"https:\/\/radioportoseguro.com.br\/site\/#website\",\"url\":\"https:\/\/radioportoseguro.com.br\/site\/\",\"name\":\"R\u00e1dio Porto Seguro\",\"description\":\"\",\"potentialAction\":[{\"@type\":\"SearchAction\",\"target\":{\"@type\":\"EntryPoint\",\"urlTemplate\":\"https:\/\/radioportoseguro.com.br\/site\/?s={search_term_string}\"},\"query-input\":{\"@type\":\"PropertyValueSpecification\",\"valueRequired\":true,\"valueName\":\"search_term_string\"}}],\"inLanguage\":\"pt-BR\"},{\"@type\":\"Person\",\"@id\":\"https:\/\/radioportoseguro.com.br\/site\/#\/schema\/person\/7630acdc320186f13639d3c067ec089b\",\"name\":\"admin\",\"image\":{\"@type\":\"ImageObject\",\"inLanguage\":\"pt-BR\",\"@id\":\"https:\/\/radioportoseguro.com.br\/site\/#\/schema\/person\/image\/\",\"url\":\"https:\/\/secure.gravatar.com\/avatar\/caacf4dc1eedb68fab0df8e1ed46c448e578b2466351bbcb61e47d2ac0caaef0?s=96&d=mm&r=g\",\"contentUrl\":\"https:\/\/secure.gravatar.com\/avatar\/caacf4dc1eedb68fab0df8e1ed46c448e578b2466351bbcb61e47d2ac0caaef0?s=96&d=mm&r=g\",\"caption\":\"admin\"},\"sameAs\":[\"https:\/\/radioportoseguro.com.br\/site\"],\"url\":\"https:\/\/radioportoseguro.com.br\/site\/author\/hezio\/\"}]}<\/script>\n<!-- \/ Yoast SEO plugin. -->","yoast_head_json":{"title":"Loja de roupas cria capela de ora\u00e7\u00e3o e impacta clientes: \u201cSentimos a presen\u00e7a de Deus\u201d - R\u00e1dio Porto Seguro","robots":{"index":"index","follow":"follow","max-snippet":"max-snippet:-1","max-image-preview":"max-image-preview:large","max-video-preview":"max-video-preview:-1"},"canonical":"https:\/\/radioportoseguro.com.br\/site\/2026\/04\/12\/loja-de-roupas-cria-capela-de-oracao-e-impacta-clientes-sentimos-a-presenca-de-deus\/","og_locale":"pt_BR","og_type":"article","og_title":"Loja de roupas cria capela de ora\u00e7\u00e3o e impacta clientes: \u201cSentimos a presen\u00e7a de Deus\u201d - R\u00e1dio Porto Seguro","og_description":"Uma loja de roupas femininas nos Estados Unidos tem chamado aten\u00e7\u00e3o por ir al\u00e9m do com\u00e9rcio e se tornar um espa\u00e7o onde clientes testemunham o poder de Deus por meio da ora\u00e7\u00e3o. A Philanthropy Fashion, em Franklin, no Tennessee, criou uma capela de ora\u00e7\u00e3o dentro do pr\u00f3prio estabelecimento e a iniciativa tem impactado profundamente a [&hellip;]","og_url":"https:\/\/radioportoseguro.com.br\/site\/2026\/04\/12\/loja-de-roupas-cria-capela-de-oracao-e-impacta-clientes-sentimos-a-presenca-de-deus\/","og_site_name":"R\u00e1dio Porto Seguro","article_published_time":"2026-04-12T05:18:59+00:00","og_image":[{"url":"https:\/\/media.guiame.com.br\/archives\/2026\/04\/10\/2969930723-capela-de-oracao-dentro-da-loja-impacta-muitos-clientes-que-passam-pelo-local.jpeg","type":"","width":"","height":""}],"author":"admin","twitter_card":"summary_large_image","twitter_misc":{"Escrito por":"admin","Est. tempo de leitura":"3 minutos"},"schema":{"@context":"https:\/\/schema.org","@graph":[{"@type":"Article","@id":"https:\/\/radioportoseguro.com.br\/site\/2026\/04\/12\/loja-de-roupas-cria-capela-de-oracao-e-impacta-clientes-sentimos-a-presenca-de-deus\/#article","isPartOf":{"@id":"https:\/\/radioportoseguro.com.br\/site\/2026\/04\/12\/loja-de-roupas-cria-capela-de-oracao-e-impacta-clientes-sentimos-a-presenca-de-deus\/"},"author":{"name":"admin","@id":"https:\/\/radioportoseguro.com.br\/site\/#\/schema\/person\/7630acdc320186f13639d3c067ec089b"},"headline":"Loja de roupas cria capela de ora\u00e7\u00e3o e impacta clientes: \u201cSentimos a presen\u00e7a de Deus\u201d","datePublished":"2026-04-12T05:18:59+00:00","mainEntityOfPage":{"@id":"https:\/\/radioportoseguro.com.br\/site\/2026\/04\/12\/loja-de-roupas-cria-capela-de-oracao-e-impacta-clientes-sentimos-a-presenca-de-deus\/"},"wordCount":705,"image":{"@id":"https:\/\/radioportoseguro.com.br\/site\/2026\/04\/12\/loja-de-roupas-cria-capela-de-oracao-e-impacta-clientes-sentimos-a-presenca-de-deus\/#primaryimage"},"thumbnailUrl":"https:\/\/radioportoseguro.com.br\/site\/wp-content\/uploads\/2026\/04\/2969930723-capela-de-oracao-dentro-da-loja-impacta-muitos-clientes-que-passam-pelo-local.jpeg","articleSection":["Destaques"],"inLanguage":"pt-BR"},{"@type":"WebPage","@id":"https:\/\/radioportoseguro.com.br\/site\/2026\/04\/12\/loja-de-roupas-cria-capela-de-oracao-e-impacta-clientes-sentimos-a-presenca-de-deus\/","url":"https:\/\/radioportoseguro.com.br\/site\/2026\/04\/12\/loja-de-roupas-cria-capela-de-oracao-e-impacta-clientes-sentimos-a-presenca-de-deus\/","name":"Loja de roupas cria capela de ora\u00e7\u00e3o e impacta clientes: \u201cSentimos a presen\u00e7a de Deus\u201d - R\u00e1dio Porto Seguro","isPartOf":{"@id":"https:\/\/radioportoseguro.com.br\/site\/#website"},"primaryImageOfPage":{"@id":"https:\/\/radioportoseguro.com.br\/site\/2026\/04\/12\/loja-de-roupas-cria-capela-de-oracao-e-impacta-clientes-sentimos-a-presenca-de-deus\/#primaryimage"},"image":{"@id":"https:\/\/radioportoseguro.com.br\/site\/2026\/04\/12\/loja-de-roupas-cria-capela-de-oracao-e-impacta-clientes-sentimos-a-presenca-de-deus\/#primaryimage"},"thumbnailUrl":"https:\/\/radioportoseguro.com.br\/site\/wp-content\/uploads\/2026\/04\/2969930723-capela-de-oracao-dentro-da-loja-impacta-muitos-clientes-que-passam-pelo-local.jpeg","datePublished":"2026-04-12T05:18:59+00:00","author":{"@id":"https:\/\/radioportoseguro.com.br\/site\/#\/schema\/person\/7630acdc320186f13639d3c067ec089b"},"breadcrumb":{"@id":"https:\/\/radioportoseguro.com.br\/site\/2026\/04\/12\/loja-de-roupas-cria-capela-de-oracao-e-impacta-clientes-sentimos-a-presenca-de-deus\/#breadcrumb"},"inLanguage":"pt-BR","potentialAction":[{"@type":"ReadAction","target":["https:\/\/radioportoseguro.com.br\/site\/2026\/04\/12\/loja-de-roupas-cria-capela-de-oracao-e-impacta-clientes-sentimos-a-presenca-de-deus\/"]}]},{"@type":"ImageObject","inLanguage":"pt-BR","@id":"https:\/\/radioportoseguro.com.br\/site\/2026\/04\/12\/loja-de-roupas-cria-capela-de-oracao-e-impacta-clientes-sentimos-a-presenca-de-deus\/#primaryimage","url":"https:\/\/radioportoseguro.com.br\/site\/wp-content\/uploads\/2026\/04\/2969930723-capela-de-oracao-dentro-da-loja-impacta-muitos-clientes-que-passam-pelo-local.jpeg","contentUrl":"https:\/\/radioportoseguro.com.br\/site\/wp-content\/uploads\/2026\/04\/2969930723-capela-de-oracao-dentro-da-loja-impacta-muitos-clientes-que-passam-pelo-local.jpeg","width":1200,"height":600},{"@type":"BreadcrumbList","@id":"https:\/\/radioportoseguro.com.br\/site\/2026\/04\/12\/loja-de-roupas-cria-capela-de-oracao-e-impacta-clientes-sentimos-a-presenca-de-deus\/#breadcrumb","itemListElement":[{"@type":"ListItem","position":1,"name":"In\u00edcio","item":"https:\/\/radioportoseguro.com.br\/site\/"},{"@type":"ListItem","position":2,"name":"Loja de roupas cria capela de ora\u00e7\u00e3o e impacta clientes: \u201cSentimos a presen\u00e7a de Deus\u201d"}]},{"@type":"WebSite","@id":"https:\/\/radioportoseguro.com.br\/site\/#website","url":"https:\/\/radioportoseguro.com.br\/site\/","name":"R\u00e1dio Porto Seguro","description":"","potentialAction":[{"@type":"SearchAction","target":{"@type":"EntryPoint","urlTemplate":"https:\/\/radioportoseguro.com.br\/site\/?s={search_term_string}"},"query-input":{"@type":"PropertyValueSpecification","valueRequired":true,"valueName":"search_term_string"}}],"inLanguage":"pt-BR"},{"@type":"Person","@id":"https:\/\/radioportoseguro.com.br\/site\/#\/schema\/person\/7630acdc320186f13639d3c067ec089b","name":"admin","image":{"@type":"ImageObject","inLanguage":"pt-BR","@id":"https:\/\/radioportoseguro.com.br\/site\/#\/schema\/person\/image\/","url":"https:\/\/secure.gravatar.com\/avatar\/caacf4dc1eedb68fab0df8e1ed46c448e578b2466351bbcb61e47d2ac0caaef0?s=96&d=mm&r=g","contentUrl":"https:\/\/secure.gravatar.com\/avatar\/caacf4dc1eedb68fab0df8e1ed46c448e578b2466351bbcb61e47d2ac0caaef0?s=96&d=mm&r=g","caption":"admin"},"sameAs":["https:\/\/radioportoseguro.com.br\/site"],"url":"https:\/\/radioportoseguro.com.br\/site\/author\/hezio\/"}]}},"_links":{"self":[{"href":"https:\/\/radioportoseguro.com.br\/site\/wp-json\/wp\/v2\/posts\/5971","targetHints":{"allow":["GET"]}}],"collection":[{"href":"https:\/\/radioportoseguro.com.br\/site\/wp-json\/wp\/v2\/posts"}],"about":[{"href":"https:\/\/radioportoseguro.com.br\/site\/wp-json\/wp\/v2\/types\/post"}],"author":[{"embeddable":true,"href":"https:\/\/radioportoseguro.com.br\/site\/wp-json\/wp\/v2\/users\/1"}],"replies":[{"embeddable":true,"href":"https:\/\/radioportoseguro.com.br\/site\/wp-json\/wp\/v2\/comments?post=5971"}],"version-history":[{"count":0,"href":"https:\/\/radioportoseguro.com.br\/site\/wp-json\/wp\/v2\/posts\/5971\/revisions"}],"wp:featuredmedia":[{"embeddable":true,"href":"https:\/\/radioportoseguro.com.br\/site\/wp-json\/wp\/v2\/media\/5972"}],"wp:attachment":[{"href":"https:\/\/radioportoseguro.com.br\/site\/wp-json\/wp\/v2\/media?parent=5971"}],"wp:term":[{"taxonomy":"category","embeddable":true,"href":"https:\/\/radioportoseguro.com.br\/site\/wp-json\/wp\/v2\/categories?post=5971"},{"taxonomy":"post_tag","embeddable":true,"href":"https:\/\/radioportoseguro.com.br\/site\/wp-json\/wp\/v2\/tags?post=5971"}],"curies":[{"name":"wp","href":"https:\/\/api.w.org\/{rel}","templated":true}]}}