{"id":6011,"date":"2026-04-14T07:48:58","date_gmt":"2026-04-14T10:48:58","guid":{"rendered":"https:\/\/radioportoseguro.com.br\/site\/2026\/04\/14\/apos-missao-a-lua-piloto-da-nasa-da-testemunho-de-fe-queria-agradecer-a-deus-em-publico\/"},"modified":"2026-04-14T07:48:58","modified_gmt":"2026-04-14T10:48:58","slug":"apos-missao-a-lua-piloto-da-nasa-da-testemunho-de-fe-queria-agradecer-a-deus-em-publico","status":"publish","type":"post","link":"https:\/\/radioportoseguro.com.br\/site\/2026\/04\/14\/apos-missao-a-lua-piloto-da-nasa-da-testemunho-de-fe-queria-agradecer-a-deus-em-publico\/","title":{"rendered":"Ap\u00f3s miss\u00e3o \u00e0 Lua, piloto da NASA d\u00e1 testemunho de f\u00e9: \u201cQueria agradecer a Deus em p\u00fablico\u201d"},"content":{"rendered":"<p><br \/>\n<br \/><\/p>\n<div>\n<p>Dez dias ap\u00f3s uma jornada hist\u00f3rica ao redor da Lua, a tripula\u00e7\u00e3o da <span style=\"color: #800000;\"><strong>miss\u00e3o espacial Artemis II<\/strong><\/span> participou de sua primeira entrevista coletiva p\u00fablica neste s\u00e1bado (11), no Johnson Space Center, em Houston, Texas, um dia ap\u00f3s o retorno seguro \u00e0 Terra.<\/p>\n<p>Durante o encontro, o astronauta <span style=\"color: #800000;\"><strong>Victor Glover<\/strong><\/span> destacou sua gratid\u00e3o a Deus ao relembrar a experi\u00eancia vivida no espa\u00e7o profundo.<\/p>\n<p>Emocionado durante a coletiva, Glover declarou:<\/p>\n<p>\u201cQuando isso come\u00e7ou em 1\u00ba de abril, eu queria agradecer a Deus em p\u00fablico, e quero agradecer a Deus novamente, porque ainda maior do que o desafio de tentar descrever o que passamos, \u00e9 a gratid\u00e3o por ver o que vimos e fazer o que fizemos.\u201d<\/p>\n<blockquote class=\"instagram-media\" style=\"background: #FFF; border: 0; border-radius: 3px; box-shadow: 0 0 1px 0 rgba(0,0,0,0.5),0 1px 10px 0 rgba(0,0,0,0.15); margin: 1px; max-width: 540px; min-width: 326px; padding: 0; width: calc(100% - 2px);\" data-instgrm-captioned=\"\" data-instgrm-permalink=\"https:\/\/www.instagram.com\/reel\/DXAd23diLcb\/?utm_source=ig_embed&amp;utm_campaign=loading\" data-instgrm-version=\"14\"><p>&#13;<br \/>\n&#13;\n<\/p><\/blockquote>\n<p>A miss\u00e3o Artemis II marcou o primeiro voo tripulado ao entorno lunar desde a era Apollo, h\u00e1 54 anos.<\/p>\n<p>A bordo da c\u00e1psula Orion estavam os astronautas Reid Wiseman (comandante), Victor Glover (piloto), Christina Koch e Jeremy Hansen, da Ag\u00eancia Espacial Canadense.<\/p>\n<p>O grupo decolou em 1\u00ba de abril e retornou ap\u00f3s concluir uma expedi\u00e7\u00e3o de cerca de 10 dias, estabelecendo recordes de dist\u00e2ncia humana no espa\u00e7o.<\/p>\n<p>A fala do astronauta repercutir entre crist\u00e3os e l\u00edderes. Entre eles, o cantor e evangelista Sean Feucht:<\/p>\n<p>\u201cIsso \u00e9 t\u00e3o poderoso! At\u00e9 os astronautas est\u00e3o proclamando a Sua gl\u00f3ria!!!\u201d<\/p>\n<p><strong>F\u00e9 crist\u00e3 declarada<\/strong><\/p>\n<p>Antes mesmo da miss\u00e3o Artemis II, Glover j\u00e1 havia falado sobre como sua f\u00e9 o acompanha em cada desafio.<\/p>\n<p>Em entrevista anterior \u00e0 NASA, ele afirmou que sua identidade est\u00e1 firmada em Deus e n\u00e3o apenas na carreira espacial. Em outra ocasi\u00e3o, disse que procura viver com prop\u00f3sito e servir aos outros, princ\u00edpios guiados por sua caminhada crist\u00e3.<\/p>\n<p>O astronauta tamb\u00e9m j\u00e1 compartilhou em eventos p\u00fablicos que a ora\u00e7\u00e3o e a leitura b\u00edblica fazem parte de sua rotina, especialmente em momentos de grande responsabilidade.<\/p>\n<p><strong>Grandiosidade<\/strong><\/p>\n<p>Tanto para quem acompanhou a expedi\u00e7\u00e3o da Terra quanto para os tripulantes da Orion, a grandiosidade do momento foi marcante.<\/p>\n<p>Um pastor em Orlando, Fl\u00f3rida, jantava em um restaurante com um pequeno grupo de sua igreja quando a miss\u00e3o foi lan\u00e7ada em 1\u00ba de abril.<\/p>\n<p>O grupo entrou no estacionamento para admirar o foguete que ganhava o c\u00e9u do in\u00edcio da noite.<\/p>\n<p>\u201cVoc\u00ea apenas olha para cima e se sente maravilhado, grandiosidade e pequenez ao mesmo tempo\u201d, disse o pastor Jim Davis.<\/p>\n<p>A astronauta Christina Koch, tripulante e especialista em miss\u00f5es em Artemis II, relatou ao controle da miss\u00e3o esta semana:<\/p>\n<p>\u201cEu s\u00f3 tinha uma sensa\u00e7\u00e3o esmagadora de ser movido olhando para a lua. Durou apenas um segundo ou dois, e eu realmente n\u00e3o consegui fazer isso acontecer novamente, mas algo apenas me jogou de repente para a paisagem lunar e se tornou real.\u201d<\/p>\n<p>A miss\u00e3o Artemis II \u00e9 considerada um passo decisivo para os pr\u00f3ximos voos do programa Artemis, que pretende levar novamente astronautas \u00e0 superf\u00edcie lunar e preparar futuras miss\u00f5es a Marte.<\/p>\n<\/div>\n<p><script async src=\"\/\/www.instagram.com\/embed.js\"><\/script><br \/>\n<br \/><br \/>\n<br \/>Fonte: Guiame <\/p>\n","protected":false},"excerpt":{"rendered":"<p>Dez dias ap\u00f3s uma jornada hist\u00f3rica ao redor da Lua, a tripula\u00e7\u00e3o da miss\u00e3o espacial Artemis II participou de sua primeira entrevista coletiva p\u00fablica neste s\u00e1bado (11), no Johnson Space Center, em Houston, Texas, um dia ap\u00f3s o retorno seguro \u00e0 Terra. Durante o encontro, o astronauta Victor Glover destacou sua gratid\u00e3o a Deus ao [&hellip;]<\/p>\n","protected":false},"author":1,"featured_media":6012,"comment_status":"","ping_status":"open","sticky":false,"template":"","format":"standard","meta":{"footnotes":""},"categories":[43],"tags":[],"class_list":["post-6011","post","type-post","status-publish","format-standard","has-post-thumbnail","hentry","category-destaques"],"yoast_head":"<!-- This site is optimized with the Yoast SEO plugin v26.8 - https:\/\/yoast.com\/product\/yoast-seo-wordpress\/ -->\n<title>Ap\u00f3s miss\u00e3o \u00e0 Lua, piloto da NASA d\u00e1 testemunho de f\u00e9: \u201cQueria agradecer a Deus em p\u00fablico\u201d - R\u00e1dio Porto Seguro<\/title>\n<meta name=\"robots\" content=\"index, follow, max-snippet:-1, max-image-preview:large, max-video-preview:-1\" \/>\n<link rel=\"canonical\" href=\"https:\/\/radioportoseguro.com.br\/site\/2026\/04\/14\/apos-missao-a-lua-piloto-da-nasa-da-testemunho-de-fe-queria-agradecer-a-deus-em-publico\/\" \/>\n<meta property=\"og:locale\" content=\"pt_BR\" \/>\n<meta property=\"og:type\" content=\"article\" \/>\n<meta property=\"og:title\" content=\"Ap\u00f3s miss\u00e3o \u00e0 Lua, piloto da NASA d\u00e1 testemunho de f\u00e9: \u201cQueria agradecer a Deus em p\u00fablico\u201d - R\u00e1dio Porto Seguro\" \/>\n<meta property=\"og:description\" content=\"Dez dias ap\u00f3s uma jornada hist\u00f3rica ao redor da Lua, a tripula\u00e7\u00e3o da miss\u00e3o espacial Artemis II participou de sua primeira entrevista coletiva p\u00fablica neste s\u00e1bado (11), no Johnson Space Center, em Houston, Texas, um dia ap\u00f3s o retorno seguro \u00e0 Terra. Durante o encontro, o astronauta Victor Glover destacou sua gratid\u00e3o a Deus ao [&hellip;]\" \/>\n<meta property=\"og:url\" content=\"https:\/\/radioportoseguro.com.br\/site\/2026\/04\/14\/apos-missao-a-lua-piloto-da-nasa-da-testemunho-de-fe-queria-agradecer-a-deus-em-publico\/\" \/>\n<meta property=\"og:site_name\" content=\"R\u00e1dio Porto Seguro\" \/>\n<meta property=\"article:published_time\" content=\"2026-04-14T10:48:58+00:00\" \/>\n<meta property=\"og:image\" content=\"https:\/\/media.guiame.com.br\/archives\/2026\/04\/13\/1325882746-victor-glover.png\" \/>\n<meta name=\"author\" content=\"admin\" \/>\n<meta name=\"twitter:card\" content=\"summary_large_image\" \/>\n<meta name=\"twitter:label1\" content=\"Escrito por\" \/>\n\t<meta name=\"twitter:data1\" content=\"admin\" \/>\n\t<meta name=\"twitter:label2\" content=\"Est. tempo de leitura\" \/>\n\t<meta name=\"twitter:data2\" content=\"3 minutos\" \/>\n<script type=\"application\/ld+json\" class=\"yoast-schema-graph\">{\"@context\":\"https:\/\/schema.org\",\"@graph\":[{\"@type\":\"Article\",\"@id\":\"https:\/\/radioportoseguro.com.br\/site\/2026\/04\/14\/apos-missao-a-lua-piloto-da-nasa-da-testemunho-de-fe-queria-agradecer-a-deus-em-publico\/#article\",\"isPartOf\":{\"@id\":\"https:\/\/radioportoseguro.com.br\/site\/2026\/04\/14\/apos-missao-a-lua-piloto-da-nasa-da-testemunho-de-fe-queria-agradecer-a-deus-em-publico\/\"},\"author\":{\"name\":\"admin\",\"@id\":\"https:\/\/radioportoseguro.com.br\/site\/#\/schema\/person\/7630acdc320186f13639d3c067ec089b\"},\"headline\":\"Ap\u00f3s miss\u00e3o \u00e0 Lua, piloto da NASA d\u00e1 testemunho de f\u00e9: \u201cQueria agradecer a Deus em p\u00fablico\u201d\",\"datePublished\":\"2026-04-14T10:48:58+00:00\",\"mainEntityOfPage\":{\"@id\":\"https:\/\/radioportoseguro.com.br\/site\/2026\/04\/14\/apos-missao-a-lua-piloto-da-nasa-da-testemunho-de-fe-queria-agradecer-a-deus-em-publico\/\"},\"wordCount\":531,\"image\":{\"@id\":\"https:\/\/radioportoseguro.com.br\/site\/2026\/04\/14\/apos-missao-a-lua-piloto-da-nasa-da-testemunho-de-fe-queria-agradecer-a-deus-em-publico\/#primaryimage\"},\"thumbnailUrl\":\"https:\/\/radioportoseguro.com.br\/site\/wp-content\/uploads\/2026\/04\/1325882746-victor-glover.png\",\"articleSection\":[\"Destaques\"],\"inLanguage\":\"pt-BR\"},{\"@type\":\"WebPage\",\"@id\":\"https:\/\/radioportoseguro.com.br\/site\/2026\/04\/14\/apos-missao-a-lua-piloto-da-nasa-da-testemunho-de-fe-queria-agradecer-a-deus-em-publico\/\",\"url\":\"https:\/\/radioportoseguro.com.br\/site\/2026\/04\/14\/apos-missao-a-lua-piloto-da-nasa-da-testemunho-de-fe-queria-agradecer-a-deus-em-publico\/\",\"name\":\"Ap\u00f3s miss\u00e3o \u00e0 Lua, piloto da NASA d\u00e1 testemunho de f\u00e9: \u201cQueria agradecer a Deus em p\u00fablico\u201d - R\u00e1dio Porto Seguro\",\"isPartOf\":{\"@id\":\"https:\/\/radioportoseguro.com.br\/site\/#website\"},\"primaryImageOfPage\":{\"@id\":\"https:\/\/radioportoseguro.com.br\/site\/2026\/04\/14\/apos-missao-a-lua-piloto-da-nasa-da-testemunho-de-fe-queria-agradecer-a-deus-em-publico\/#primaryimage\"},\"image\":{\"@id\":\"https:\/\/radioportoseguro.com.br\/site\/2026\/04\/14\/apos-missao-a-lua-piloto-da-nasa-da-testemunho-de-fe-queria-agradecer-a-deus-em-publico\/#primaryimage\"},\"thumbnailUrl\":\"https:\/\/radioportoseguro.com.br\/site\/wp-content\/uploads\/2026\/04\/1325882746-victor-glover.png\",\"datePublished\":\"2026-04-14T10:48:58+00:00\",\"author\":{\"@id\":\"https:\/\/radioportoseguro.com.br\/site\/#\/schema\/person\/7630acdc320186f13639d3c067ec089b\"},\"breadcrumb\":{\"@id\":\"https:\/\/radioportoseguro.com.br\/site\/2026\/04\/14\/apos-missao-a-lua-piloto-da-nasa-da-testemunho-de-fe-queria-agradecer-a-deus-em-publico\/#breadcrumb\"},\"inLanguage\":\"pt-BR\",\"potentialAction\":[{\"@type\":\"ReadAction\",\"target\":[\"https:\/\/radioportoseguro.com.br\/site\/2026\/04\/14\/apos-missao-a-lua-piloto-da-nasa-da-testemunho-de-fe-queria-agradecer-a-deus-em-publico\/\"]}]},{\"@type\":\"ImageObject\",\"inLanguage\":\"pt-BR\",\"@id\":\"https:\/\/radioportoseguro.com.br\/site\/2026\/04\/14\/apos-missao-a-lua-piloto-da-nasa-da-testemunho-de-fe-queria-agradecer-a-deus-em-publico\/#primaryimage\",\"url\":\"https:\/\/radioportoseguro.com.br\/site\/wp-content\/uploads\/2026\/04\/1325882746-victor-glover.png\",\"contentUrl\":\"https:\/\/radioportoseguro.com.br\/site\/wp-content\/uploads\/2026\/04\/1325882746-victor-glover.png\",\"width\":1200,\"height\":600},{\"@type\":\"BreadcrumbList\",\"@id\":\"https:\/\/radioportoseguro.com.br\/site\/2026\/04\/14\/apos-missao-a-lua-piloto-da-nasa-da-testemunho-de-fe-queria-agradecer-a-deus-em-publico\/#breadcrumb\",\"itemListElement\":[{\"@type\":\"ListItem\",\"position\":1,\"name\":\"In\u00edcio\",\"item\":\"https:\/\/radioportoseguro.com.br\/site\/\"},{\"@type\":\"ListItem\",\"position\":2,\"name\":\"Ap\u00f3s miss\u00e3o \u00e0 Lua, piloto da NASA d\u00e1 testemunho de f\u00e9: \u201cQueria agradecer a Deus em p\u00fablico\u201d\"}]},{\"@type\":\"WebSite\",\"@id\":\"https:\/\/radioportoseguro.com.br\/site\/#website\",\"url\":\"https:\/\/radioportoseguro.com.br\/site\/\",\"name\":\"R\u00e1dio Porto Seguro\",\"description\":\"\",\"potentialAction\":[{\"@type\":\"SearchAction\",\"target\":{\"@type\":\"EntryPoint\",\"urlTemplate\":\"https:\/\/radioportoseguro.com.br\/site\/?s={search_term_string}\"},\"query-input\":{\"@type\":\"PropertyValueSpecification\",\"valueRequired\":true,\"valueName\":\"search_term_string\"}}],\"inLanguage\":\"pt-BR\"},{\"@type\":\"Person\",\"@id\":\"https:\/\/radioportoseguro.com.br\/site\/#\/schema\/person\/7630acdc320186f13639d3c067ec089b\",\"name\":\"admin\",\"image\":{\"@type\":\"ImageObject\",\"inLanguage\":\"pt-BR\",\"@id\":\"https:\/\/radioportoseguro.com.br\/site\/#\/schema\/person\/image\/\",\"url\":\"https:\/\/secure.gravatar.com\/avatar\/caacf4dc1eedb68fab0df8e1ed46c448e578b2466351bbcb61e47d2ac0caaef0?s=96&d=mm&r=g\",\"contentUrl\":\"https:\/\/secure.gravatar.com\/avatar\/caacf4dc1eedb68fab0df8e1ed46c448e578b2466351bbcb61e47d2ac0caaef0?s=96&d=mm&r=g\",\"caption\":\"admin\"},\"sameAs\":[\"https:\/\/radioportoseguro.com.br\/site\"],\"url\":\"https:\/\/radioportoseguro.com.br\/site\/author\/hezio\/\"}]}<\/script>\n<!-- \/ Yoast SEO plugin. -->","yoast_head_json":{"title":"Ap\u00f3s miss\u00e3o \u00e0 Lua, piloto da NASA d\u00e1 testemunho de f\u00e9: \u201cQueria agradecer a Deus em p\u00fablico\u201d - R\u00e1dio Porto Seguro","robots":{"index":"index","follow":"follow","max-snippet":"max-snippet:-1","max-image-preview":"max-image-preview:large","max-video-preview":"max-video-preview:-1"},"canonical":"https:\/\/radioportoseguro.com.br\/site\/2026\/04\/14\/apos-missao-a-lua-piloto-da-nasa-da-testemunho-de-fe-queria-agradecer-a-deus-em-publico\/","og_locale":"pt_BR","og_type":"article","og_title":"Ap\u00f3s miss\u00e3o \u00e0 Lua, piloto da NASA d\u00e1 testemunho de f\u00e9: \u201cQueria agradecer a Deus em p\u00fablico\u201d - R\u00e1dio Porto Seguro","og_description":"Dez dias ap\u00f3s uma jornada hist\u00f3rica ao redor da Lua, a tripula\u00e7\u00e3o da miss\u00e3o espacial Artemis II participou de sua primeira entrevista coletiva p\u00fablica neste s\u00e1bado (11), no Johnson Space Center, em Houston, Texas, um dia ap\u00f3s o retorno seguro \u00e0 Terra. Durante o encontro, o astronauta Victor Glover destacou sua gratid\u00e3o a Deus ao [&hellip;]","og_url":"https:\/\/radioportoseguro.com.br\/site\/2026\/04\/14\/apos-missao-a-lua-piloto-da-nasa-da-testemunho-de-fe-queria-agradecer-a-deus-em-publico\/","og_site_name":"R\u00e1dio Porto Seguro","article_published_time":"2026-04-14T10:48:58+00:00","og_image":[{"url":"https:\/\/media.guiame.com.br\/archives\/2026\/04\/13\/1325882746-victor-glover.png","type":"","width":"","height":""}],"author":"admin","twitter_card":"summary_large_image","twitter_misc":{"Escrito por":"admin","Est. tempo de leitura":"3 minutos"},"schema":{"@context":"https:\/\/schema.org","@graph":[{"@type":"Article","@id":"https:\/\/radioportoseguro.com.br\/site\/2026\/04\/14\/apos-missao-a-lua-piloto-da-nasa-da-testemunho-de-fe-queria-agradecer-a-deus-em-publico\/#article","isPartOf":{"@id":"https:\/\/radioportoseguro.com.br\/site\/2026\/04\/14\/apos-missao-a-lua-piloto-da-nasa-da-testemunho-de-fe-queria-agradecer-a-deus-em-publico\/"},"author":{"name":"admin","@id":"https:\/\/radioportoseguro.com.br\/site\/#\/schema\/person\/7630acdc320186f13639d3c067ec089b"},"headline":"Ap\u00f3s miss\u00e3o \u00e0 Lua, piloto da NASA d\u00e1 testemunho de f\u00e9: \u201cQueria agradecer a Deus em p\u00fablico\u201d","datePublished":"2026-04-14T10:48:58+00:00","mainEntityOfPage":{"@id":"https:\/\/radioportoseguro.com.br\/site\/2026\/04\/14\/apos-missao-a-lua-piloto-da-nasa-da-testemunho-de-fe-queria-agradecer-a-deus-em-publico\/"},"wordCount":531,"image":{"@id":"https:\/\/radioportoseguro.com.br\/site\/2026\/04\/14\/apos-missao-a-lua-piloto-da-nasa-da-testemunho-de-fe-queria-agradecer-a-deus-em-publico\/#primaryimage"},"thumbnailUrl":"https:\/\/radioportoseguro.com.br\/site\/wp-content\/uploads\/2026\/04\/1325882746-victor-glover.png","articleSection":["Destaques"],"inLanguage":"pt-BR"},{"@type":"WebPage","@id":"https:\/\/radioportoseguro.com.br\/site\/2026\/04\/14\/apos-missao-a-lua-piloto-da-nasa-da-testemunho-de-fe-queria-agradecer-a-deus-em-publico\/","url":"https:\/\/radioportoseguro.com.br\/site\/2026\/04\/14\/apos-missao-a-lua-piloto-da-nasa-da-testemunho-de-fe-queria-agradecer-a-deus-em-publico\/","name":"Ap\u00f3s miss\u00e3o \u00e0 Lua, piloto da NASA d\u00e1 testemunho de f\u00e9: \u201cQueria agradecer a Deus em p\u00fablico\u201d - R\u00e1dio Porto Seguro","isPartOf":{"@id":"https:\/\/radioportoseguro.com.br\/site\/#website"},"primaryImageOfPage":{"@id":"https:\/\/radioportoseguro.com.br\/site\/2026\/04\/14\/apos-missao-a-lua-piloto-da-nasa-da-testemunho-de-fe-queria-agradecer-a-deus-em-publico\/#primaryimage"},"image":{"@id":"https:\/\/radioportoseguro.com.br\/site\/2026\/04\/14\/apos-missao-a-lua-piloto-da-nasa-da-testemunho-de-fe-queria-agradecer-a-deus-em-publico\/#primaryimage"},"thumbnailUrl":"https:\/\/radioportoseguro.com.br\/site\/wp-content\/uploads\/2026\/04\/1325882746-victor-glover.png","datePublished":"2026-04-14T10:48:58+00:00","author":{"@id":"https:\/\/radioportoseguro.com.br\/site\/#\/schema\/person\/7630acdc320186f13639d3c067ec089b"},"breadcrumb":{"@id":"https:\/\/radioportoseguro.com.br\/site\/2026\/04\/14\/apos-missao-a-lua-piloto-da-nasa-da-testemunho-de-fe-queria-agradecer-a-deus-em-publico\/#breadcrumb"},"inLanguage":"pt-BR","potentialAction":[{"@type":"ReadAction","target":["https:\/\/radioportoseguro.com.br\/site\/2026\/04\/14\/apos-missao-a-lua-piloto-da-nasa-da-testemunho-de-fe-queria-agradecer-a-deus-em-publico\/"]}]},{"@type":"ImageObject","inLanguage":"pt-BR","@id":"https:\/\/radioportoseguro.com.br\/site\/2026\/04\/14\/apos-missao-a-lua-piloto-da-nasa-da-testemunho-de-fe-queria-agradecer-a-deus-em-publico\/#primaryimage","url":"https:\/\/radioportoseguro.com.br\/site\/wp-content\/uploads\/2026\/04\/1325882746-victor-glover.png","contentUrl":"https:\/\/radioportoseguro.com.br\/site\/wp-content\/uploads\/2026\/04\/1325882746-victor-glover.png","width":1200,"height":600},{"@type":"BreadcrumbList","@id":"https:\/\/radioportoseguro.com.br\/site\/2026\/04\/14\/apos-missao-a-lua-piloto-da-nasa-da-testemunho-de-fe-queria-agradecer-a-deus-em-publico\/#breadcrumb","itemListElement":[{"@type":"ListItem","position":1,"name":"In\u00edcio","item":"https:\/\/radioportoseguro.com.br\/site\/"},{"@type":"ListItem","position":2,"name":"Ap\u00f3s miss\u00e3o \u00e0 Lua, piloto da NASA d\u00e1 testemunho de f\u00e9: \u201cQueria agradecer a Deus em p\u00fablico\u201d"}]},{"@type":"WebSite","@id":"https:\/\/radioportoseguro.com.br\/site\/#website","url":"https:\/\/radioportoseguro.com.br\/site\/","name":"R\u00e1dio Porto Seguro","description":"","potentialAction":[{"@type":"SearchAction","target":{"@type":"EntryPoint","urlTemplate":"https:\/\/radioportoseguro.com.br\/site\/?s={search_term_string}"},"query-input":{"@type":"PropertyValueSpecification","valueRequired":true,"valueName":"search_term_string"}}],"inLanguage":"pt-BR"},{"@type":"Person","@id":"https:\/\/radioportoseguro.com.br\/site\/#\/schema\/person\/7630acdc320186f13639d3c067ec089b","name":"admin","image":{"@type":"ImageObject","inLanguage":"pt-BR","@id":"https:\/\/radioportoseguro.com.br\/site\/#\/schema\/person\/image\/","url":"https:\/\/secure.gravatar.com\/avatar\/caacf4dc1eedb68fab0df8e1ed46c448e578b2466351bbcb61e47d2ac0caaef0?s=96&d=mm&r=g","contentUrl":"https:\/\/secure.gravatar.com\/avatar\/caacf4dc1eedb68fab0df8e1ed46c448e578b2466351bbcb61e47d2ac0caaef0?s=96&d=mm&r=g","caption":"admin"},"sameAs":["https:\/\/radioportoseguro.com.br\/site"],"url":"https:\/\/radioportoseguro.com.br\/site\/author\/hezio\/"}]}},"_links":{"self":[{"href":"https:\/\/radioportoseguro.com.br\/site\/wp-json\/wp\/v2\/posts\/6011","targetHints":{"allow":["GET"]}}],"collection":[{"href":"https:\/\/radioportoseguro.com.br\/site\/wp-json\/wp\/v2\/posts"}],"about":[{"href":"https:\/\/radioportoseguro.com.br\/site\/wp-json\/wp\/v2\/types\/post"}],"author":[{"embeddable":true,"href":"https:\/\/radioportoseguro.com.br\/site\/wp-json\/wp\/v2\/users\/1"}],"replies":[{"embeddable":true,"href":"https:\/\/radioportoseguro.com.br\/site\/wp-json\/wp\/v2\/comments?post=6011"}],"version-history":[{"count":0,"href":"https:\/\/radioportoseguro.com.br\/site\/wp-json\/wp\/v2\/posts\/6011\/revisions"}],"wp:featuredmedia":[{"embeddable":true,"href":"https:\/\/radioportoseguro.com.br\/site\/wp-json\/wp\/v2\/media\/6012"}],"wp:attachment":[{"href":"https:\/\/radioportoseguro.com.br\/site\/wp-json\/wp\/v2\/media?parent=6011"}],"wp:term":[{"taxonomy":"category","embeddable":true,"href":"https:\/\/radioportoseguro.com.br\/site\/wp-json\/wp\/v2\/categories?post=6011"},{"taxonomy":"post_tag","embeddable":true,"href":"https:\/\/radioportoseguro.com.br\/site\/wp-json\/wp\/v2\/tags?post=6011"}],"curies":[{"name":"wp","href":"https:\/\/api.w.org\/{rel}","templated":true}]}}