{"id":6028,"date":"2026-04-14T20:12:12","date_gmt":"2026-04-14T23:12:12","guid":{"rendered":"https:\/\/radioportoseguro.com.br\/site\/?p=6028"},"modified":"2026-04-14T20:12:12","modified_gmt":"2026-04-14T23:12:12","slug":"wilian-nascimento-incendeia-com-o-forro-receba","status":"publish","type":"post","link":"https:\/\/radioportoseguro.com.br\/site\/2026\/04\/14\/wilian-nascimento-incendeia-com-o-forro-receba\/","title":{"rendered":"Wilian Nascimento incendeia com o forr\u00f3 \u201cReceba\u201d"},"content":{"rendered":"<p>Quarta faixa do primeiro EP visual ao vivo do cantor traz uma colabora\u00e7\u00e3o vibrante com a Fam\u00edlia Cavalcanty.<\/p>\n<p data-path-to-node=\"4\">Na \u00faltima segunda-feira (13), Wilian Nascimento deu continuidade ao lan\u00e7amento de seu primeiro EP visual gravado ao vivo, apresentando ao p\u00fablico a quarta faixa do projeto: \u201cReceba\u201d. E se voc\u00ea esperava algo emocionante, prepare-se para algo tamb\u00e9m contagiante.<\/p>\n<p data-path-to-node=\"5\">Desta vez, Wilian une for\u00e7as com a Fam\u00edlia Cavalcanty em uma colabora\u00e7\u00e3o que define perfeitamente o termo \u201cvibrante\u201d. A m\u00fasica \u00e9 uma fus\u00e3o poderosa que quebra barreiras e r\u00f3tulos, trazendo a alegria do forr\u00f3 com a autoridade da mensagem pentecostal.<\/p>\n<p data-path-to-node=\"7\">Para Wilian Nascimento, este projeto marca um novo divisor de \u00e1guas em sua carreira. A escolha pelo formato ao vivo trouxe uma energia que, segundo o pr\u00f3prio artista, tem superado todas as expectativas. \u201cOlha, eu n\u00e3o poderia estar mais feliz. Claro que tinha muita expectativa com meu primeiro EP ao vivo, mas tem superado tudo que poderia imaginar. Acho que s\u00f3 quero gravar assim\u2026\u201d, compartilha o cantor, entusiasmado. Sobre a nova faixa, Wilian n\u00e3o esconde a euforia: \u201c\u2018Receba\u2019 \u00e9 um forr\u00f3, mas \u00e9 pentecostal, e tamb\u00e9m \u00e9 divertida\u2026 Com a Fam\u00edlia Cavalcanty ficou \u2018fogo puro\u2019. Esque\u00e7a o r\u00f3tulo e foca na mensagem: esteja pronto para o que Deus vai fazer na sua vida\u201d.<\/p>\n<p data-path-to-node=\"11\">A sonoridade impec\u00e1vel e cheia de balan\u00e7o \u00e9 assinada por Leandro Sim\u00f5es, que conseguiu traduzir a anima\u00e7\u00e3o do palco para o \u00e1udio e v\u00eddeo. A composi\u00e7\u00e3o, que \u00e9 um verdadeiro convite \u00e0 celebra\u00e7\u00e3o, leva as assinaturas de Anderson Lima, Tony Da Mata e Kemisson Allan.<\/p>\n<p data-path-to-node=\"12\">Com \u201cReceba\u201d, Wilian Nascimento refor\u00e7a sua versatilidade e sua capacidade de se reinventar, mantendo a ess\u00eancia que o consagrou como uma das grandes vozes do Brasil, mas agora, com o tempero e a for\u00e7a do louvor congregacional ao vivo.<\/p>\n<p data-path-to-node=\"12\">\n<p data-path-to-node=\"15\"><strong><a href=\"https:\/\/mkmusic.ffm.to\/recebaaovivo\">O v\u00eddeo de \u201cReceba\u201d j\u00e1 est\u00e1 dispon\u00edvel no canal oficial da MK Music no YouTube, e a can\u00e7\u00e3o pode ser ouvida em todas as plataformas de streaming.<\/a><\/strong><\/p>\n<p data-path-to-node=\"15\">\n<p data-path-to-node=\"15\"><div class=\"ose-youtube ose-uid-634ebe7d3905ea13cd294da0f7de36a7 ose-embedpress-responsive\" style=\"width:600px; height:600px; max-height:600px; max-width:100%; display:inline-block;\" data-embed-type=\"Youtube\"><iframe allowFullScreen=\"true\" title=\"Wilian Nascimento e Fam\u00edlia Cavalcanty - Receba (Ao Vivo) (Clipe Oficial MK Music)\" width=\"600\" height=\"600\" src=\"https:\/\/www.youtube.com\/embed\/Yqo4R-GXoK4?feature=oembed&color=red&rel=0&controls=1&start=&end=&fs=0&iv_load_policy=0&autoplay=0&mute=0&modestbranding=0&cc_load_policy=1&playsinline=1\" frameborder=\"0\" allow=\"accelerometer; encrypted-media;accelerometer;autoplay;clipboard-write;gyroscope;picture-in-picture clipboard-write; encrypted-media; gyroscope; picture-in-picture; web-share\" referrerpolicy=\"strict-origin-when-cross-origin\" allowfullscreen><\/iframe><\/div><\/p>\n<p data-path-to-node=\"15\">\n<p data-path-to-node=\"15\">Fonte: <a href=\"https:\/\/www.mkmusic.com.br\/\"><strong>MK Music<\/strong><\/a><\/p>\n","protected":false},"excerpt":{"rendered":"<p>Quarta faixa do primeiro EP visual ao vivo do cantor traz uma colabora\u00e7\u00e3o vibrante com a Fam\u00edlia Cavalcanty. Na \u00faltima segunda-feira (13), Wilian Nascimento deu continuidade ao lan\u00e7amento de seu primeiro EP visual gravado ao vivo, apresentando ao p\u00fablico a quarta faixa do projeto: \u201cReceba\u201d. E se voc\u00ea esperava algo emocionante, prepare-se para algo tamb\u00e9m [&hellip;]<\/p>\n","protected":false},"author":2,"featured_media":6029,"comment_status":"closed","ping_status":"open","sticky":false,"template":"","format":"standard","meta":{"footnotes":""},"categories":[4],"tags":[],"class_list":["post-6028","post","type-post","status-publish","format-standard","has-post-thumbnail","hentry","category-musica"],"yoast_head":"<!-- This site is optimized with the Yoast SEO plugin v26.8 - https:\/\/yoast.com\/product\/yoast-seo-wordpress\/ -->\n<title>Wilian Nascimento incendeia com o forr\u00f3 \u201cReceba\u201d - R\u00e1dio Porto Seguro<\/title>\n<meta name=\"robots\" content=\"index, follow, max-snippet:-1, max-image-preview:large, max-video-preview:-1\" \/>\n<link rel=\"canonical\" href=\"https:\/\/radioportoseguro.com.br\/site\/2026\/04\/14\/wilian-nascimento-incendeia-com-o-forro-receba\/\" \/>\n<meta property=\"og:locale\" content=\"pt_BR\" \/>\n<meta property=\"og:type\" content=\"article\" \/>\n<meta property=\"og:title\" content=\"Wilian Nascimento incendeia com o forr\u00f3 \u201cReceba\u201d - R\u00e1dio Porto Seguro\" \/>\n<meta property=\"og:description\" content=\"Quarta faixa do primeiro EP visual ao vivo do cantor traz uma colabora\u00e7\u00e3o vibrante com a Fam\u00edlia Cavalcanty. Na \u00faltima segunda-feira (13), Wilian Nascimento deu continuidade ao lan\u00e7amento de seu primeiro EP visual gravado ao vivo, apresentando ao p\u00fablico a quarta faixa do projeto: \u201cReceba\u201d. E se voc\u00ea esperava algo emocionante, prepare-se para algo tamb\u00e9m [&hellip;]\" \/>\n<meta property=\"og:url\" content=\"https:\/\/radioportoseguro.com.br\/site\/2026\/04\/14\/wilian-nascimento-incendeia-com-o-forro-receba\/\" \/>\n<meta property=\"og:site_name\" content=\"R\u00e1dio Porto Seguro\" \/>\n<meta property=\"article:published_time\" content=\"2026-04-14T23:12:12+00:00\" \/>\n<meta property=\"og:image\" content=\"https:\/\/radioportoseguro.com.br\/site\/wp-content\/uploads\/2026\/04\/Wilian-Nascimento-e-Familia-Cavalcanty-Receba.jpg\" \/>\n\t<meta property=\"og:image:width\" content=\"686\" \/>\n\t<meta property=\"og:image:height\" content=\"386\" \/>\n\t<meta property=\"og:image:type\" content=\"image\/jpeg\" \/>\n<meta name=\"author\" content=\"Leandro\" \/>\n<meta name=\"twitter:card\" content=\"summary_large_image\" \/>\n<meta name=\"twitter:label1\" content=\"Escrito por\" \/>\n\t<meta name=\"twitter:data1\" content=\"Leandro\" \/>\n\t<meta name=\"twitter:label2\" content=\"Est. tempo de leitura\" \/>\n\t<meta name=\"twitter:data2\" content=\"2 minutos\" \/>\n<script type=\"application\/ld+json\" class=\"yoast-schema-graph\">{\"@context\":\"https:\/\/schema.org\",\"@graph\":[{\"@type\":\"Article\",\"@id\":\"https:\/\/radioportoseguro.com.br\/site\/2026\/04\/14\/wilian-nascimento-incendeia-com-o-forro-receba\/#article\",\"isPartOf\":{\"@id\":\"https:\/\/radioportoseguro.com.br\/site\/2026\/04\/14\/wilian-nascimento-incendeia-com-o-forro-receba\/\"},\"author\":{\"name\":\"Leandro\",\"@id\":\"https:\/\/radioportoseguro.com.br\/site\/#\/schema\/person\/d1960d33baebee56275cbda6d8aef297\"},\"headline\":\"Wilian Nascimento incendeia com o forr\u00f3 \u201cReceba\u201d\",\"datePublished\":\"2026-04-14T23:12:12+00:00\",\"mainEntityOfPage\":{\"@id\":\"https:\/\/radioportoseguro.com.br\/site\/2026\/04\/14\/wilian-nascimento-incendeia-com-o-forro-receba\/\"},\"wordCount\":363,\"image\":{\"@id\":\"https:\/\/radioportoseguro.com.br\/site\/2026\/04\/14\/wilian-nascimento-incendeia-com-o-forro-receba\/#primaryimage\"},\"thumbnailUrl\":\"https:\/\/radioportoseguro.com.br\/site\/wp-content\/uploads\/2026\/04\/Wilian-Nascimento-e-Familia-Cavalcanty-Receba.jpg\",\"articleSection\":[\"M\u00fasica\"],\"inLanguage\":\"pt-BR\"},{\"@type\":\"WebPage\",\"@id\":\"https:\/\/radioportoseguro.com.br\/site\/2026\/04\/14\/wilian-nascimento-incendeia-com-o-forro-receba\/\",\"url\":\"https:\/\/radioportoseguro.com.br\/site\/2026\/04\/14\/wilian-nascimento-incendeia-com-o-forro-receba\/\",\"name\":\"Wilian Nascimento incendeia com o forr\u00f3 \u201cReceba\u201d - R\u00e1dio Porto Seguro\",\"isPartOf\":{\"@id\":\"https:\/\/radioportoseguro.com.br\/site\/#website\"},\"primaryImageOfPage\":{\"@id\":\"https:\/\/radioportoseguro.com.br\/site\/2026\/04\/14\/wilian-nascimento-incendeia-com-o-forro-receba\/#primaryimage\"},\"image\":{\"@id\":\"https:\/\/radioportoseguro.com.br\/site\/2026\/04\/14\/wilian-nascimento-incendeia-com-o-forro-receba\/#primaryimage\"},\"thumbnailUrl\":\"https:\/\/radioportoseguro.com.br\/site\/wp-content\/uploads\/2026\/04\/Wilian-Nascimento-e-Familia-Cavalcanty-Receba.jpg\",\"datePublished\":\"2026-04-14T23:12:12+00:00\",\"author\":{\"@id\":\"https:\/\/radioportoseguro.com.br\/site\/#\/schema\/person\/d1960d33baebee56275cbda6d8aef297\"},\"breadcrumb\":{\"@id\":\"https:\/\/radioportoseguro.com.br\/site\/2026\/04\/14\/wilian-nascimento-incendeia-com-o-forro-receba\/#breadcrumb\"},\"inLanguage\":\"pt-BR\",\"potentialAction\":[{\"@type\":\"ReadAction\",\"target\":[\"https:\/\/radioportoseguro.com.br\/site\/2026\/04\/14\/wilian-nascimento-incendeia-com-o-forro-receba\/\"]}]},{\"@type\":\"ImageObject\",\"inLanguage\":\"pt-BR\",\"@id\":\"https:\/\/radioportoseguro.com.br\/site\/2026\/04\/14\/wilian-nascimento-incendeia-com-o-forro-receba\/#primaryimage\",\"url\":\"https:\/\/radioportoseguro.com.br\/site\/wp-content\/uploads\/2026\/04\/Wilian-Nascimento-e-Familia-Cavalcanty-Receba.jpg\",\"contentUrl\":\"https:\/\/radioportoseguro.com.br\/site\/wp-content\/uploads\/2026\/04\/Wilian-Nascimento-e-Familia-Cavalcanty-Receba.jpg\",\"width\":686,\"height\":386},{\"@type\":\"BreadcrumbList\",\"@id\":\"https:\/\/radioportoseguro.com.br\/site\/2026\/04\/14\/wilian-nascimento-incendeia-com-o-forro-receba\/#breadcrumb\",\"itemListElement\":[{\"@type\":\"ListItem\",\"position\":1,\"name\":\"In\u00edcio\",\"item\":\"https:\/\/radioportoseguro.com.br\/site\/\"},{\"@type\":\"ListItem\",\"position\":2,\"name\":\"Wilian Nascimento incendeia com o forr\u00f3 \u201cReceba\u201d\"}]},{\"@type\":\"WebSite\",\"@id\":\"https:\/\/radioportoseguro.com.br\/site\/#website\",\"url\":\"https:\/\/radioportoseguro.com.br\/site\/\",\"name\":\"R\u00e1dio Porto Seguro\",\"description\":\"\",\"potentialAction\":[{\"@type\":\"SearchAction\",\"target\":{\"@type\":\"EntryPoint\",\"urlTemplate\":\"https:\/\/radioportoseguro.com.br\/site\/?s={search_term_string}\"},\"query-input\":{\"@type\":\"PropertyValueSpecification\",\"valueRequired\":true,\"valueName\":\"search_term_string\"}}],\"inLanguage\":\"pt-BR\"},{\"@type\":\"Person\",\"@id\":\"https:\/\/radioportoseguro.com.br\/site\/#\/schema\/person\/d1960d33baebee56275cbda6d8aef297\",\"name\":\"Leandro\",\"image\":{\"@type\":\"ImageObject\",\"inLanguage\":\"pt-BR\",\"@id\":\"https:\/\/radioportoseguro.com.br\/site\/#\/schema\/person\/image\/\",\"url\":\"https:\/\/secure.gravatar.com\/avatar\/ef93c9092aa97a95069df7b16c09c8dbc33c82d44a4f084e05b8f74f7ee2dd04?s=96&d=mm&r=g\",\"contentUrl\":\"https:\/\/secure.gravatar.com\/avatar\/ef93c9092aa97a95069df7b16c09c8dbc33c82d44a4f084e05b8f74f7ee2dd04?s=96&d=mm&r=g\",\"caption\":\"Leandro\"},\"url\":\"https:\/\/radioportoseguro.com.br\/site\/author\/leandro\/\"}]}<\/script>\n<!-- \/ Yoast SEO plugin. -->","yoast_head_json":{"title":"Wilian Nascimento incendeia com o forr\u00f3 \u201cReceba\u201d - R\u00e1dio Porto Seguro","robots":{"index":"index","follow":"follow","max-snippet":"max-snippet:-1","max-image-preview":"max-image-preview:large","max-video-preview":"max-video-preview:-1"},"canonical":"https:\/\/radioportoseguro.com.br\/site\/2026\/04\/14\/wilian-nascimento-incendeia-com-o-forro-receba\/","og_locale":"pt_BR","og_type":"article","og_title":"Wilian Nascimento incendeia com o forr\u00f3 \u201cReceba\u201d - R\u00e1dio Porto Seguro","og_description":"Quarta faixa do primeiro EP visual ao vivo do cantor traz uma colabora\u00e7\u00e3o vibrante com a Fam\u00edlia Cavalcanty. Na \u00faltima segunda-feira (13), Wilian Nascimento deu continuidade ao lan\u00e7amento de seu primeiro EP visual gravado ao vivo, apresentando ao p\u00fablico a quarta faixa do projeto: \u201cReceba\u201d. E se voc\u00ea esperava algo emocionante, prepare-se para algo tamb\u00e9m [&hellip;]","og_url":"https:\/\/radioportoseguro.com.br\/site\/2026\/04\/14\/wilian-nascimento-incendeia-com-o-forro-receba\/","og_site_name":"R\u00e1dio Porto Seguro","article_published_time":"2026-04-14T23:12:12+00:00","og_image":[{"width":686,"height":386,"url":"https:\/\/radioportoseguro.com.br\/site\/wp-content\/uploads\/2026\/04\/Wilian-Nascimento-e-Familia-Cavalcanty-Receba.jpg","type":"image\/jpeg"}],"author":"Leandro","twitter_card":"summary_large_image","twitter_misc":{"Escrito por":"Leandro","Est. tempo de leitura":"2 minutos"},"schema":{"@context":"https:\/\/schema.org","@graph":[{"@type":"Article","@id":"https:\/\/radioportoseguro.com.br\/site\/2026\/04\/14\/wilian-nascimento-incendeia-com-o-forro-receba\/#article","isPartOf":{"@id":"https:\/\/radioportoseguro.com.br\/site\/2026\/04\/14\/wilian-nascimento-incendeia-com-o-forro-receba\/"},"author":{"name":"Leandro","@id":"https:\/\/radioportoseguro.com.br\/site\/#\/schema\/person\/d1960d33baebee56275cbda6d8aef297"},"headline":"Wilian Nascimento incendeia com o forr\u00f3 \u201cReceba\u201d","datePublished":"2026-04-14T23:12:12+00:00","mainEntityOfPage":{"@id":"https:\/\/radioportoseguro.com.br\/site\/2026\/04\/14\/wilian-nascimento-incendeia-com-o-forro-receba\/"},"wordCount":363,"image":{"@id":"https:\/\/radioportoseguro.com.br\/site\/2026\/04\/14\/wilian-nascimento-incendeia-com-o-forro-receba\/#primaryimage"},"thumbnailUrl":"https:\/\/radioportoseguro.com.br\/site\/wp-content\/uploads\/2026\/04\/Wilian-Nascimento-e-Familia-Cavalcanty-Receba.jpg","articleSection":["M\u00fasica"],"inLanguage":"pt-BR"},{"@type":"WebPage","@id":"https:\/\/radioportoseguro.com.br\/site\/2026\/04\/14\/wilian-nascimento-incendeia-com-o-forro-receba\/","url":"https:\/\/radioportoseguro.com.br\/site\/2026\/04\/14\/wilian-nascimento-incendeia-com-o-forro-receba\/","name":"Wilian Nascimento incendeia com o forr\u00f3 \u201cReceba\u201d - R\u00e1dio Porto Seguro","isPartOf":{"@id":"https:\/\/radioportoseguro.com.br\/site\/#website"},"primaryImageOfPage":{"@id":"https:\/\/radioportoseguro.com.br\/site\/2026\/04\/14\/wilian-nascimento-incendeia-com-o-forro-receba\/#primaryimage"},"image":{"@id":"https:\/\/radioportoseguro.com.br\/site\/2026\/04\/14\/wilian-nascimento-incendeia-com-o-forro-receba\/#primaryimage"},"thumbnailUrl":"https:\/\/radioportoseguro.com.br\/site\/wp-content\/uploads\/2026\/04\/Wilian-Nascimento-e-Familia-Cavalcanty-Receba.jpg","datePublished":"2026-04-14T23:12:12+00:00","author":{"@id":"https:\/\/radioportoseguro.com.br\/site\/#\/schema\/person\/d1960d33baebee56275cbda6d8aef297"},"breadcrumb":{"@id":"https:\/\/radioportoseguro.com.br\/site\/2026\/04\/14\/wilian-nascimento-incendeia-com-o-forro-receba\/#breadcrumb"},"inLanguage":"pt-BR","potentialAction":[{"@type":"ReadAction","target":["https:\/\/radioportoseguro.com.br\/site\/2026\/04\/14\/wilian-nascimento-incendeia-com-o-forro-receba\/"]}]},{"@type":"ImageObject","inLanguage":"pt-BR","@id":"https:\/\/radioportoseguro.com.br\/site\/2026\/04\/14\/wilian-nascimento-incendeia-com-o-forro-receba\/#primaryimage","url":"https:\/\/radioportoseguro.com.br\/site\/wp-content\/uploads\/2026\/04\/Wilian-Nascimento-e-Familia-Cavalcanty-Receba.jpg","contentUrl":"https:\/\/radioportoseguro.com.br\/site\/wp-content\/uploads\/2026\/04\/Wilian-Nascimento-e-Familia-Cavalcanty-Receba.jpg","width":686,"height":386},{"@type":"BreadcrumbList","@id":"https:\/\/radioportoseguro.com.br\/site\/2026\/04\/14\/wilian-nascimento-incendeia-com-o-forro-receba\/#breadcrumb","itemListElement":[{"@type":"ListItem","position":1,"name":"In\u00edcio","item":"https:\/\/radioportoseguro.com.br\/site\/"},{"@type":"ListItem","position":2,"name":"Wilian Nascimento incendeia com o forr\u00f3 \u201cReceba\u201d"}]},{"@type":"WebSite","@id":"https:\/\/radioportoseguro.com.br\/site\/#website","url":"https:\/\/radioportoseguro.com.br\/site\/","name":"R\u00e1dio Porto Seguro","description":"","potentialAction":[{"@type":"SearchAction","target":{"@type":"EntryPoint","urlTemplate":"https:\/\/radioportoseguro.com.br\/site\/?s={search_term_string}"},"query-input":{"@type":"PropertyValueSpecification","valueRequired":true,"valueName":"search_term_string"}}],"inLanguage":"pt-BR"},{"@type":"Person","@id":"https:\/\/radioportoseguro.com.br\/site\/#\/schema\/person\/d1960d33baebee56275cbda6d8aef297","name":"Leandro","image":{"@type":"ImageObject","inLanguage":"pt-BR","@id":"https:\/\/radioportoseguro.com.br\/site\/#\/schema\/person\/image\/","url":"https:\/\/secure.gravatar.com\/avatar\/ef93c9092aa97a95069df7b16c09c8dbc33c82d44a4f084e05b8f74f7ee2dd04?s=96&d=mm&r=g","contentUrl":"https:\/\/secure.gravatar.com\/avatar\/ef93c9092aa97a95069df7b16c09c8dbc33c82d44a4f084e05b8f74f7ee2dd04?s=96&d=mm&r=g","caption":"Leandro"},"url":"https:\/\/radioportoseguro.com.br\/site\/author\/leandro\/"}]}},"_links":{"self":[{"href":"https:\/\/radioportoseguro.com.br\/site\/wp-json\/wp\/v2\/posts\/6028","targetHints":{"allow":["GET"]}}],"collection":[{"href":"https:\/\/radioportoseguro.com.br\/site\/wp-json\/wp\/v2\/posts"}],"about":[{"href":"https:\/\/radioportoseguro.com.br\/site\/wp-json\/wp\/v2\/types\/post"}],"author":[{"embeddable":true,"href":"https:\/\/radioportoseguro.com.br\/site\/wp-json\/wp\/v2\/users\/2"}],"replies":[{"embeddable":true,"href":"https:\/\/radioportoseguro.com.br\/site\/wp-json\/wp\/v2\/comments?post=6028"}],"version-history":[{"count":1,"href":"https:\/\/radioportoseguro.com.br\/site\/wp-json\/wp\/v2\/posts\/6028\/revisions"}],"predecessor-version":[{"id":6030,"href":"https:\/\/radioportoseguro.com.br\/site\/wp-json\/wp\/v2\/posts\/6028\/revisions\/6030"}],"wp:featuredmedia":[{"embeddable":true,"href":"https:\/\/radioportoseguro.com.br\/site\/wp-json\/wp\/v2\/media\/6029"}],"wp:attachment":[{"href":"https:\/\/radioportoseguro.com.br\/site\/wp-json\/wp\/v2\/media?parent=6028"}],"wp:term":[{"taxonomy":"category","embeddable":true,"href":"https:\/\/radioportoseguro.com.br\/site\/wp-json\/wp\/v2\/categories?post=6028"},{"taxonomy":"post_tag","embeddable":true,"href":"https:\/\/radioportoseguro.com.br\/site\/wp-json\/wp\/v2\/tags?post=6028"}],"curies":[{"name":"wp","href":"https:\/\/api.w.org\/{rel}","templated":true}]}}