{"id":6031,"date":"2026-04-14T20:15:43","date_gmt":"2026-04-14T23:15:43","guid":{"rendered":"https:\/\/radioportoseguro.com.br\/site\/?p=6031"},"modified":"2026-04-14T20:17:17","modified_gmt":"2026-04-14T23:17:17","slug":"sarah-farias-abre-novo-projeto-audiovisual-com-eu-posso-orar-por-voce-2","status":"publish","type":"post","link":"https:\/\/radioportoseguro.com.br\/site\/2026\/04\/14\/sarah-farias-abre-novo-projeto-audiovisual-com-eu-posso-orar-por-voce-2\/","title":{"rendered":"Sarah Farias abre novo projeto audiovisual com \u201cEu Posso Orar Por Voc\u00ea\u201d"},"content":{"rendered":"<p>A cantora reafirma sua ess\u00eancia ministerial com seu novo single.<\/p>\n<p>Nesta ter\u00e7a-feira (14), o cen\u00e1rio da m\u00fasica gospel recebe um novo f\u00f4lego de esperan\u00e7a. Sarah Farias, uma das vozes mais influentes e prof\u00e9ticas da atualidade, deu o pontap\u00e9 inicial ao seu t\u00e3o aguardado projeto audiovisual com o lan\u00e7amento do single \u201cEu Posso Orar Por Voc\u00ea\u201d. Os \u00faltimos dois anos foram, sem d\u00favida, desbravadores para Sarah. O alcance da cantora nas plataformas digitais teve um aumento vertiginoso, consolidando-a no topo do segmento.<\/p>\n<p>Entretanto, para Sarah, o sucesso n\u00e3o se transformou em press\u00e3o, mas em prop\u00f3sito. Com a sensibilidade agu\u00e7ada que lhe \u00e9 caracter\u00edstica, ela manteve o foco no Reino para construir um repert\u00f3rio pautado estritamente na Palavra de Deus. \u201cApesar da expectativa por novos sucessos, a cantora n\u00e3o se abalou e priorizou a entrega de uma mensagem consistente e pautada na f\u00e9\u201d, destaca a equipe de produ\u00e7\u00e3o.<\/p>\n<p>\u201cEu Posso Orar Por Voc\u00ea\u201d \u00e9 apenas a porta de entrada para um projeto robusto. Ao todo, o novo audiovisual apresentar\u00e1 oito faixas, sendo quatro delas assinadas pela pr\u00f3pria Sarah Farias. O p\u00fablico pode esperar can\u00e7\u00f5es que mergulham em temas fundamentais da caminhada crist\u00e3: f\u00e9, compromisso, quebrantamento e resili\u00eancia.<\/p>\n<p>A nova m\u00fasica \u00e9 um convite ao acolhimento e \u00e0 empatia espiritual. Em tempos onde muitos se sentem solit\u00e1rios em suas batalhas, Sarah surge com uma mensagem de unidade, lembrando que a ora\u00e7\u00e3o de um justo pode muito em seus efeitos.<\/p>\n<p><a href=\"https:\/\/mkmusic.ffm.to\/eupossoorarporvoceaovivo\"><strong>O clipe oficial de \u201cEu Posso Orar Por Voc\u00ea\u201d j\u00e1 est\u00e1 dispon\u00edvel no canal da MK Music no YouTube, e o single pode ser ouvido em nas plataformas de streaming.<\/strong><\/a><\/p>\n<p>&nbsp;<\/p>\n<p><div class=\"ose-youtube ose-uid-eb4b2525644daa0a8b0341eceb68d763 ose-embedpress-responsive\" style=\"width:600px; height:600px; max-height:600px; max-width:100%; display:inline-block;\" data-embed-type=\"Youtube\"><iframe allowFullScreen=\"true\" title=\"Sarah Farias - Eu Posso Orar Por Voc\u00ea (Ao Vivo) (Clipe Oficial MK Music)\" width=\"600\" height=\"600\" src=\"https:\/\/www.youtube.com\/embed\/mkaMKW5Wz6A?feature=oembed&color=red&rel=0&controls=1&start=&end=&fs=0&iv_load_policy=0&autoplay=0&mute=0&modestbranding=0&cc_load_policy=1&playsinline=1\" frameborder=\"0\" allow=\"accelerometer; encrypted-media;accelerometer;autoplay;clipboard-write;gyroscope;picture-in-picture clipboard-write; encrypted-media; gyroscope; picture-in-picture; web-share\" referrerpolicy=\"strict-origin-when-cross-origin\" allowfullscreen><\/iframe><\/div><\/p>\n<p>&nbsp;<\/p>\n<p>Fonte: <a href=\"https:\/\/www.mkmusic.com.br\/\"><strong>MK Music<\/strong><\/a><\/p>\n","protected":false},"excerpt":{"rendered":"<p>A cantora reafirma sua ess\u00eancia ministerial com seu novo single. Nesta ter\u00e7a-feira (14), o cen\u00e1rio da m\u00fasica gospel recebe um novo f\u00f4lego de esperan\u00e7a. Sarah Farias, uma das vozes mais influentes e prof\u00e9ticas da atualidade, deu o pontap\u00e9 inicial ao seu t\u00e3o aguardado projeto audiovisual com o lan\u00e7amento do single \u201cEu Posso Orar Por Voc\u00ea\u201d. [&hellip;]<\/p>\n","protected":false},"author":2,"featured_media":6023,"comment_status":"closed","ping_status":"open","sticky":false,"template":"","format":"standard","meta":{"footnotes":""},"categories":[4],"tags":[],"class_list":["post-6031","post","type-post","status-publish","format-standard","has-post-thumbnail","hentry","category-musica"],"yoast_head":"<!-- This site is optimized with the Yoast SEO plugin v26.8 - https:\/\/yoast.com\/product\/yoast-seo-wordpress\/ -->\n<title>Sarah Farias abre novo projeto audiovisual com \u201cEu Posso Orar Por Voc\u00ea\u201d - R\u00e1dio Porto Seguro<\/title>\n<meta name=\"robots\" content=\"index, follow, max-snippet:-1, max-image-preview:large, max-video-preview:-1\" \/>\n<link rel=\"canonical\" href=\"https:\/\/radioportoseguro.com.br\/site\/2026\/04\/14\/sarah-farias-abre-novo-projeto-audiovisual-com-eu-posso-orar-por-voce-2\/\" \/>\n<meta property=\"og:locale\" content=\"pt_BR\" \/>\n<meta property=\"og:type\" content=\"article\" \/>\n<meta property=\"og:title\" content=\"Sarah Farias abre novo projeto audiovisual com \u201cEu Posso Orar Por Voc\u00ea\u201d - R\u00e1dio Porto Seguro\" \/>\n<meta property=\"og:description\" content=\"A cantora reafirma sua ess\u00eancia ministerial com seu novo single. Nesta ter\u00e7a-feira (14), o cen\u00e1rio da m\u00fasica gospel recebe um novo f\u00f4lego de esperan\u00e7a. Sarah Farias, uma das vozes mais influentes e prof\u00e9ticas da atualidade, deu o pontap\u00e9 inicial ao seu t\u00e3o aguardado projeto audiovisual com o lan\u00e7amento do single \u201cEu Posso Orar Por Voc\u00ea\u201d. [&hellip;]\" \/>\n<meta property=\"og:url\" content=\"https:\/\/radioportoseguro.com.br\/site\/2026\/04\/14\/sarah-farias-abre-novo-projeto-audiovisual-com-eu-posso-orar-por-voce-2\/\" \/>\n<meta property=\"og:site_name\" content=\"R\u00e1dio Porto Seguro\" \/>\n<meta property=\"article:published_time\" content=\"2026-04-14T23:15:43+00:00\" \/>\n<meta property=\"article:modified_time\" content=\"2026-04-14T23:17:17+00:00\" \/>\n<meta property=\"og:image\" content=\"https:\/\/radioportoseguro.com.br\/site\/wp-content\/uploads\/2026\/04\/Sarah-Farias-Eu-Posso-Orar-Por-Voce.jpg\" \/>\n\t<meta property=\"og:image:width\" content=\"686\" \/>\n\t<meta property=\"og:image:height\" content=\"386\" \/>\n\t<meta property=\"og:image:type\" content=\"image\/jpeg\" \/>\n<meta name=\"author\" content=\"Leandro\" \/>\n<meta name=\"twitter:card\" content=\"summary_large_image\" \/>\n<meta name=\"twitter:label1\" content=\"Escrito por\" \/>\n\t<meta name=\"twitter:data1\" content=\"Leandro\" \/>\n\t<meta name=\"twitter:label2\" content=\"Est. tempo de leitura\" \/>\n\t<meta name=\"twitter:data2\" content=\"2 minutos\" \/>\n<script type=\"application\/ld+json\" class=\"yoast-schema-graph\">{\"@context\":\"https:\/\/schema.org\",\"@graph\":[{\"@type\":\"Article\",\"@id\":\"https:\/\/radioportoseguro.com.br\/site\/2026\/04\/14\/sarah-farias-abre-novo-projeto-audiovisual-com-eu-posso-orar-por-voce-2\/#article\",\"isPartOf\":{\"@id\":\"https:\/\/radioportoseguro.com.br\/site\/2026\/04\/14\/sarah-farias-abre-novo-projeto-audiovisual-com-eu-posso-orar-por-voce-2\/\"},\"author\":{\"name\":\"Leandro\",\"@id\":\"https:\/\/radioportoseguro.com.br\/site\/#\/schema\/person\/d1960d33baebee56275cbda6d8aef297\"},\"headline\":\"Sarah Farias abre novo projeto audiovisual com \u201cEu Posso Orar Por Voc\u00ea\u201d\",\"datePublished\":\"2026-04-14T23:15:43+00:00\",\"dateModified\":\"2026-04-14T23:17:17+00:00\",\"mainEntityOfPage\":{\"@id\":\"https:\/\/radioportoseguro.com.br\/site\/2026\/04\/14\/sarah-farias-abre-novo-projeto-audiovisual-com-eu-posso-orar-por-voce-2\/\"},\"wordCount\":313,\"image\":{\"@id\":\"https:\/\/radioportoseguro.com.br\/site\/2026\/04\/14\/sarah-farias-abre-novo-projeto-audiovisual-com-eu-posso-orar-por-voce-2\/#primaryimage\"},\"thumbnailUrl\":\"https:\/\/radioportoseguro.com.br\/site\/wp-content\/uploads\/2026\/04\/Sarah-Farias-Eu-Posso-Orar-Por-Voce.jpg\",\"articleSection\":[\"M\u00fasica\"],\"inLanguage\":\"pt-BR\"},{\"@type\":\"WebPage\",\"@id\":\"https:\/\/radioportoseguro.com.br\/site\/2026\/04\/14\/sarah-farias-abre-novo-projeto-audiovisual-com-eu-posso-orar-por-voce-2\/\",\"url\":\"https:\/\/radioportoseguro.com.br\/site\/2026\/04\/14\/sarah-farias-abre-novo-projeto-audiovisual-com-eu-posso-orar-por-voce-2\/\",\"name\":\"Sarah Farias abre novo projeto audiovisual com \u201cEu Posso Orar Por Voc\u00ea\u201d - R\u00e1dio Porto Seguro\",\"isPartOf\":{\"@id\":\"https:\/\/radioportoseguro.com.br\/site\/#website\"},\"primaryImageOfPage\":{\"@id\":\"https:\/\/radioportoseguro.com.br\/site\/2026\/04\/14\/sarah-farias-abre-novo-projeto-audiovisual-com-eu-posso-orar-por-voce-2\/#primaryimage\"},\"image\":{\"@id\":\"https:\/\/radioportoseguro.com.br\/site\/2026\/04\/14\/sarah-farias-abre-novo-projeto-audiovisual-com-eu-posso-orar-por-voce-2\/#primaryimage\"},\"thumbnailUrl\":\"https:\/\/radioportoseguro.com.br\/site\/wp-content\/uploads\/2026\/04\/Sarah-Farias-Eu-Posso-Orar-Por-Voce.jpg\",\"datePublished\":\"2026-04-14T23:15:43+00:00\",\"dateModified\":\"2026-04-14T23:17:17+00:00\",\"author\":{\"@id\":\"https:\/\/radioportoseguro.com.br\/site\/#\/schema\/person\/d1960d33baebee56275cbda6d8aef297\"},\"breadcrumb\":{\"@id\":\"https:\/\/radioportoseguro.com.br\/site\/2026\/04\/14\/sarah-farias-abre-novo-projeto-audiovisual-com-eu-posso-orar-por-voce-2\/#breadcrumb\"},\"inLanguage\":\"pt-BR\",\"potentialAction\":[{\"@type\":\"ReadAction\",\"target\":[\"https:\/\/radioportoseguro.com.br\/site\/2026\/04\/14\/sarah-farias-abre-novo-projeto-audiovisual-com-eu-posso-orar-por-voce-2\/\"]}]},{\"@type\":\"ImageObject\",\"inLanguage\":\"pt-BR\",\"@id\":\"https:\/\/radioportoseguro.com.br\/site\/2026\/04\/14\/sarah-farias-abre-novo-projeto-audiovisual-com-eu-posso-orar-por-voce-2\/#primaryimage\",\"url\":\"https:\/\/radioportoseguro.com.br\/site\/wp-content\/uploads\/2026\/04\/Sarah-Farias-Eu-Posso-Orar-Por-Voce.jpg\",\"contentUrl\":\"https:\/\/radioportoseguro.com.br\/site\/wp-content\/uploads\/2026\/04\/Sarah-Farias-Eu-Posso-Orar-Por-Voce.jpg\",\"width\":686,\"height\":386},{\"@type\":\"BreadcrumbList\",\"@id\":\"https:\/\/radioportoseguro.com.br\/site\/2026\/04\/14\/sarah-farias-abre-novo-projeto-audiovisual-com-eu-posso-orar-por-voce-2\/#breadcrumb\",\"itemListElement\":[{\"@type\":\"ListItem\",\"position\":1,\"name\":\"In\u00edcio\",\"item\":\"https:\/\/radioportoseguro.com.br\/site\/\"},{\"@type\":\"ListItem\",\"position\":2,\"name\":\"Sarah Farias abre novo projeto audiovisual com \u201cEu Posso Orar Por Voc\u00ea\u201d\"}]},{\"@type\":\"WebSite\",\"@id\":\"https:\/\/radioportoseguro.com.br\/site\/#website\",\"url\":\"https:\/\/radioportoseguro.com.br\/site\/\",\"name\":\"R\u00e1dio Porto Seguro\",\"description\":\"\",\"potentialAction\":[{\"@type\":\"SearchAction\",\"target\":{\"@type\":\"EntryPoint\",\"urlTemplate\":\"https:\/\/radioportoseguro.com.br\/site\/?s={search_term_string}\"},\"query-input\":{\"@type\":\"PropertyValueSpecification\",\"valueRequired\":true,\"valueName\":\"search_term_string\"}}],\"inLanguage\":\"pt-BR\"},{\"@type\":\"Person\",\"@id\":\"https:\/\/radioportoseguro.com.br\/site\/#\/schema\/person\/d1960d33baebee56275cbda6d8aef297\",\"name\":\"Leandro\",\"image\":{\"@type\":\"ImageObject\",\"inLanguage\":\"pt-BR\",\"@id\":\"https:\/\/radioportoseguro.com.br\/site\/#\/schema\/person\/image\/\",\"url\":\"https:\/\/secure.gravatar.com\/avatar\/ef93c9092aa97a95069df7b16c09c8dbc33c82d44a4f084e05b8f74f7ee2dd04?s=96&d=mm&r=g\",\"contentUrl\":\"https:\/\/secure.gravatar.com\/avatar\/ef93c9092aa97a95069df7b16c09c8dbc33c82d44a4f084e05b8f74f7ee2dd04?s=96&d=mm&r=g\",\"caption\":\"Leandro\"},\"url\":\"https:\/\/radioportoseguro.com.br\/site\/author\/leandro\/\"}]}<\/script>\n<!-- \/ Yoast SEO plugin. -->","yoast_head_json":{"title":"Sarah Farias abre novo projeto audiovisual com \u201cEu Posso Orar Por Voc\u00ea\u201d - R\u00e1dio Porto Seguro","robots":{"index":"index","follow":"follow","max-snippet":"max-snippet:-1","max-image-preview":"max-image-preview:large","max-video-preview":"max-video-preview:-1"},"canonical":"https:\/\/radioportoseguro.com.br\/site\/2026\/04\/14\/sarah-farias-abre-novo-projeto-audiovisual-com-eu-posso-orar-por-voce-2\/","og_locale":"pt_BR","og_type":"article","og_title":"Sarah Farias abre novo projeto audiovisual com \u201cEu Posso Orar Por Voc\u00ea\u201d - R\u00e1dio Porto Seguro","og_description":"A cantora reafirma sua ess\u00eancia ministerial com seu novo single. Nesta ter\u00e7a-feira (14), o cen\u00e1rio da m\u00fasica gospel recebe um novo f\u00f4lego de esperan\u00e7a. Sarah Farias, uma das vozes mais influentes e prof\u00e9ticas da atualidade, deu o pontap\u00e9 inicial ao seu t\u00e3o aguardado projeto audiovisual com o lan\u00e7amento do single \u201cEu Posso Orar Por Voc\u00ea\u201d. [&hellip;]","og_url":"https:\/\/radioportoseguro.com.br\/site\/2026\/04\/14\/sarah-farias-abre-novo-projeto-audiovisual-com-eu-posso-orar-por-voce-2\/","og_site_name":"R\u00e1dio Porto Seguro","article_published_time":"2026-04-14T23:15:43+00:00","article_modified_time":"2026-04-14T23:17:17+00:00","og_image":[{"width":686,"height":386,"url":"https:\/\/radioportoseguro.com.br\/site\/wp-content\/uploads\/2026\/04\/Sarah-Farias-Eu-Posso-Orar-Por-Voce.jpg","type":"image\/jpeg"}],"author":"Leandro","twitter_card":"summary_large_image","twitter_misc":{"Escrito por":"Leandro","Est. tempo de leitura":"2 minutos"},"schema":{"@context":"https:\/\/schema.org","@graph":[{"@type":"Article","@id":"https:\/\/radioportoseguro.com.br\/site\/2026\/04\/14\/sarah-farias-abre-novo-projeto-audiovisual-com-eu-posso-orar-por-voce-2\/#article","isPartOf":{"@id":"https:\/\/radioportoseguro.com.br\/site\/2026\/04\/14\/sarah-farias-abre-novo-projeto-audiovisual-com-eu-posso-orar-por-voce-2\/"},"author":{"name":"Leandro","@id":"https:\/\/radioportoseguro.com.br\/site\/#\/schema\/person\/d1960d33baebee56275cbda6d8aef297"},"headline":"Sarah Farias abre novo projeto audiovisual com \u201cEu Posso Orar Por Voc\u00ea\u201d","datePublished":"2026-04-14T23:15:43+00:00","dateModified":"2026-04-14T23:17:17+00:00","mainEntityOfPage":{"@id":"https:\/\/radioportoseguro.com.br\/site\/2026\/04\/14\/sarah-farias-abre-novo-projeto-audiovisual-com-eu-posso-orar-por-voce-2\/"},"wordCount":313,"image":{"@id":"https:\/\/radioportoseguro.com.br\/site\/2026\/04\/14\/sarah-farias-abre-novo-projeto-audiovisual-com-eu-posso-orar-por-voce-2\/#primaryimage"},"thumbnailUrl":"https:\/\/radioportoseguro.com.br\/site\/wp-content\/uploads\/2026\/04\/Sarah-Farias-Eu-Posso-Orar-Por-Voce.jpg","articleSection":["M\u00fasica"],"inLanguage":"pt-BR"},{"@type":"WebPage","@id":"https:\/\/radioportoseguro.com.br\/site\/2026\/04\/14\/sarah-farias-abre-novo-projeto-audiovisual-com-eu-posso-orar-por-voce-2\/","url":"https:\/\/radioportoseguro.com.br\/site\/2026\/04\/14\/sarah-farias-abre-novo-projeto-audiovisual-com-eu-posso-orar-por-voce-2\/","name":"Sarah Farias abre novo projeto audiovisual com \u201cEu Posso Orar Por Voc\u00ea\u201d - R\u00e1dio Porto Seguro","isPartOf":{"@id":"https:\/\/radioportoseguro.com.br\/site\/#website"},"primaryImageOfPage":{"@id":"https:\/\/radioportoseguro.com.br\/site\/2026\/04\/14\/sarah-farias-abre-novo-projeto-audiovisual-com-eu-posso-orar-por-voce-2\/#primaryimage"},"image":{"@id":"https:\/\/radioportoseguro.com.br\/site\/2026\/04\/14\/sarah-farias-abre-novo-projeto-audiovisual-com-eu-posso-orar-por-voce-2\/#primaryimage"},"thumbnailUrl":"https:\/\/radioportoseguro.com.br\/site\/wp-content\/uploads\/2026\/04\/Sarah-Farias-Eu-Posso-Orar-Por-Voce.jpg","datePublished":"2026-04-14T23:15:43+00:00","dateModified":"2026-04-14T23:17:17+00:00","author":{"@id":"https:\/\/radioportoseguro.com.br\/site\/#\/schema\/person\/d1960d33baebee56275cbda6d8aef297"},"breadcrumb":{"@id":"https:\/\/radioportoseguro.com.br\/site\/2026\/04\/14\/sarah-farias-abre-novo-projeto-audiovisual-com-eu-posso-orar-por-voce-2\/#breadcrumb"},"inLanguage":"pt-BR","potentialAction":[{"@type":"ReadAction","target":["https:\/\/radioportoseguro.com.br\/site\/2026\/04\/14\/sarah-farias-abre-novo-projeto-audiovisual-com-eu-posso-orar-por-voce-2\/"]}]},{"@type":"ImageObject","inLanguage":"pt-BR","@id":"https:\/\/radioportoseguro.com.br\/site\/2026\/04\/14\/sarah-farias-abre-novo-projeto-audiovisual-com-eu-posso-orar-por-voce-2\/#primaryimage","url":"https:\/\/radioportoseguro.com.br\/site\/wp-content\/uploads\/2026\/04\/Sarah-Farias-Eu-Posso-Orar-Por-Voce.jpg","contentUrl":"https:\/\/radioportoseguro.com.br\/site\/wp-content\/uploads\/2026\/04\/Sarah-Farias-Eu-Posso-Orar-Por-Voce.jpg","width":686,"height":386},{"@type":"BreadcrumbList","@id":"https:\/\/radioportoseguro.com.br\/site\/2026\/04\/14\/sarah-farias-abre-novo-projeto-audiovisual-com-eu-posso-orar-por-voce-2\/#breadcrumb","itemListElement":[{"@type":"ListItem","position":1,"name":"In\u00edcio","item":"https:\/\/radioportoseguro.com.br\/site\/"},{"@type":"ListItem","position":2,"name":"Sarah Farias abre novo projeto audiovisual com \u201cEu Posso Orar Por Voc\u00ea\u201d"}]},{"@type":"WebSite","@id":"https:\/\/radioportoseguro.com.br\/site\/#website","url":"https:\/\/radioportoseguro.com.br\/site\/","name":"R\u00e1dio Porto Seguro","description":"","potentialAction":[{"@type":"SearchAction","target":{"@type":"EntryPoint","urlTemplate":"https:\/\/radioportoseguro.com.br\/site\/?s={search_term_string}"},"query-input":{"@type":"PropertyValueSpecification","valueRequired":true,"valueName":"search_term_string"}}],"inLanguage":"pt-BR"},{"@type":"Person","@id":"https:\/\/radioportoseguro.com.br\/site\/#\/schema\/person\/d1960d33baebee56275cbda6d8aef297","name":"Leandro","image":{"@type":"ImageObject","inLanguage":"pt-BR","@id":"https:\/\/radioportoseguro.com.br\/site\/#\/schema\/person\/image\/","url":"https:\/\/secure.gravatar.com\/avatar\/ef93c9092aa97a95069df7b16c09c8dbc33c82d44a4f084e05b8f74f7ee2dd04?s=96&d=mm&r=g","contentUrl":"https:\/\/secure.gravatar.com\/avatar\/ef93c9092aa97a95069df7b16c09c8dbc33c82d44a4f084e05b8f74f7ee2dd04?s=96&d=mm&r=g","caption":"Leandro"},"url":"https:\/\/radioportoseguro.com.br\/site\/author\/leandro\/"}]}},"_links":{"self":[{"href":"https:\/\/radioportoseguro.com.br\/site\/wp-json\/wp\/v2\/posts\/6031","targetHints":{"allow":["GET"]}}],"collection":[{"href":"https:\/\/radioportoseguro.com.br\/site\/wp-json\/wp\/v2\/posts"}],"about":[{"href":"https:\/\/radioportoseguro.com.br\/site\/wp-json\/wp\/v2\/types\/post"}],"author":[{"embeddable":true,"href":"https:\/\/radioportoseguro.com.br\/site\/wp-json\/wp\/v2\/users\/2"}],"replies":[{"embeddable":true,"href":"https:\/\/radioportoseguro.com.br\/site\/wp-json\/wp\/v2\/comments?post=6031"}],"version-history":[{"count":2,"href":"https:\/\/radioportoseguro.com.br\/site\/wp-json\/wp\/v2\/posts\/6031\/revisions"}],"predecessor-version":[{"id":6033,"href":"https:\/\/radioportoseguro.com.br\/site\/wp-json\/wp\/v2\/posts\/6031\/revisions\/6033"}],"wp:featuredmedia":[{"embeddable":true,"href":"https:\/\/radioportoseguro.com.br\/site\/wp-json\/wp\/v2\/media\/6023"}],"wp:attachment":[{"href":"https:\/\/radioportoseguro.com.br\/site\/wp-json\/wp\/v2\/media?parent=6031"}],"wp:term":[{"taxonomy":"category","embeddable":true,"href":"https:\/\/radioportoseguro.com.br\/site\/wp-json\/wp\/v2\/categories?post=6031"},{"taxonomy":"post_tag","embeddable":true,"href":"https:\/\/radioportoseguro.com.br\/site\/wp-json\/wp\/v2\/tags?post=6031"}],"curies":[{"name":"wp","href":"https:\/\/api.w.org\/{rel}","templated":true}]}}