{"id":6038,"date":"2026-04-14T20:29:18","date_gmt":"2026-04-14T23:29:18","guid":{"rendered":"https:\/\/radioportoseguro.com.br\/site\/?p=6038"},"modified":"2026-04-14T20:30:03","modified_gmt":"2026-04-14T23:30:03","slug":"elaine-martins-lanca-reverencia","status":"publish","type":"post","link":"https:\/\/radioportoseguro.com.br\/site\/2026\/04\/14\/elaine-martins-lanca-reverencia\/","title":{"rendered":"Elaine Martins lan\u00e7a \u201cRever\u00eancia\u201d"},"content":{"rendered":"<p>A quarta faixa do novo projeto ao vivo traz a participa\u00e7\u00e3o marcante do Coral F\u00e9 Maior.<\/p>\n<p>Foi lan\u00e7ado nesta ter\u00e7a-feira (07), o novo single de Elaine Martins, intitulado \u201cRever\u00eancia\u201d. A can\u00e7\u00e3o \u00e9 a quarta m\u00fasica liberada de seu mais recente projeto e j\u00e1 promete se tornar um hino nas congrega\u00e7\u00f5es de todo o pa\u00eds. Composta por um \u201ctime de peso\u201d formado por Andr\u00e9 Freire, Pr. Lucas, Gislaine e Mylena, al\u00e9m da pr\u00f3pria Elaine, a faixa carrega uma mensagem de despertamento espiritual.<\/p>\n<p>\u201cProcurei trazer a emo\u00e7\u00e3o de ministra\u00e7\u00f5es com a voz do povo ministrando junto comigo. O coral F\u00e9 Maior, que j\u00e1 participou de outros projetos, foi imprescind\u00edvel. Todo o repert\u00f3rio est\u00e1 muito coeso e as mensagens das can\u00e7\u00f5es se completam\u201d, revela a cantora. Diferente de muitas can\u00e7\u00f5es que focam apenas em peti\u00e7\u00f5es ou conforto pessoal, \u201cRever\u00eancia\u201d faz jus ao nome e convoca a igreja a olhar para a Santidade de Deus. Elaine explica que a composi\u00e7\u00e3o nasceu do desejo de ensinar sobre o verdadeiro sentido da adora\u00e7\u00e3o.<\/p>\n<p>\u201c\u2019Rever\u00eancia\u2019 \u00e9 uma can\u00e7\u00e3o forte assim como o seu t\u00edtulo. Convida para que todos entrem na presen\u00e7a do Senhor em louvor e adora\u00e7\u00e3o com cora\u00e7\u00e3o sincero e contrito. Porque muitas vezes s\u00f3 lembramos de pedir, reclamar\u2026 E nos esquecemos que Ele \u00e9 Santo e merece toda nossa honra\u201d, reflete Elaine.<\/p>\n<p><strong><a href=\"https:\/\/mkmusic.ffm.to\/reverencia\">\u00a0O single j\u00e1 pode ser ouvido em todos os aplicativos de m\u00fasica e o clipe oficial est\u00e1 dispon\u00edvel no canal da MK Music no YouTube.<\/a><\/strong><\/p>\n<p>&nbsp;<\/p>\n<p><div class=\"ose-youtube ose-uid-2daa32604482aa2fc5475b9f906adfc2 ose-embedpress-responsive\" style=\"width:600px; height:600px; max-height:600px; max-width:100%; display:inline-block;\" data-embed-type=\"Youtube\"><iframe allowFullScreen=\"true\" title=\"Elaine Martins - Rever\u00eancia (Clipe Oficial MK Music)\" width=\"600\" height=\"600\" src=\"https:\/\/www.youtube.com\/embed\/-MzqxRV9fy4?feature=oembed&color=red&rel=0&controls=1&start=&end=&fs=0&iv_load_policy=0&autoplay=0&mute=0&modestbranding=0&cc_load_policy=1&playsinline=1\" frameborder=\"0\" allow=\"accelerometer; encrypted-media;accelerometer;autoplay;clipboard-write;gyroscope;picture-in-picture clipboard-write; encrypted-media; gyroscope; picture-in-picture; web-share\" referrerpolicy=\"strict-origin-when-cross-origin\" allowfullscreen><\/iframe><\/div><\/p>\n<p>&nbsp;<\/p>\n<p>Fonte: <a href=\"https:\/\/www.mkmusic.com.br\/\"><strong>MK Music<\/strong><\/a><\/p>\n","protected":false},"excerpt":{"rendered":"<p>A quarta faixa do novo projeto ao vivo traz a participa\u00e7\u00e3o marcante do Coral F\u00e9 Maior. Foi lan\u00e7ado nesta ter\u00e7a-feira (07), o novo single de Elaine Martins, intitulado \u201cRever\u00eancia\u201d. A can\u00e7\u00e3o \u00e9 a quarta m\u00fasica liberada de seu mais recente projeto e j\u00e1 promete se tornar um hino nas congrega\u00e7\u00f5es de todo o pa\u00eds. Composta [&hellip;]<\/p>\n","protected":false},"author":2,"featured_media":6041,"comment_status":"closed","ping_status":"open","sticky":false,"template":"","format":"standard","meta":{"footnotes":""},"categories":[4],"tags":[],"class_list":["post-6038","post","type-post","status-publish","format-standard","has-post-thumbnail","hentry","category-musica"],"yoast_head":"<!-- This site is optimized with the Yoast SEO plugin v26.8 - https:\/\/yoast.com\/product\/yoast-seo-wordpress\/ -->\n<title>Elaine Martins lan\u00e7a \u201cRever\u00eancia\u201d - R\u00e1dio Porto Seguro<\/title>\n<meta name=\"robots\" content=\"index, follow, max-snippet:-1, max-image-preview:large, max-video-preview:-1\" \/>\n<link rel=\"canonical\" href=\"https:\/\/radioportoseguro.com.br\/site\/2026\/04\/14\/elaine-martins-lanca-reverencia\/\" \/>\n<meta property=\"og:locale\" content=\"pt_BR\" \/>\n<meta property=\"og:type\" content=\"article\" \/>\n<meta property=\"og:title\" content=\"Elaine Martins lan\u00e7a \u201cRever\u00eancia\u201d - R\u00e1dio Porto Seguro\" \/>\n<meta property=\"og:description\" content=\"A quarta faixa do novo projeto ao vivo traz a participa\u00e7\u00e3o marcante do Coral F\u00e9 Maior. Foi lan\u00e7ado nesta ter\u00e7a-feira (07), o novo single de Elaine Martins, intitulado \u201cRever\u00eancia\u201d. A can\u00e7\u00e3o \u00e9 a quarta m\u00fasica liberada de seu mais recente projeto e j\u00e1 promete se tornar um hino nas congrega\u00e7\u00f5es de todo o pa\u00eds. Composta [&hellip;]\" \/>\n<meta property=\"og:url\" content=\"https:\/\/radioportoseguro.com.br\/site\/2026\/04\/14\/elaine-martins-lanca-reverencia\/\" \/>\n<meta property=\"og:site_name\" content=\"R\u00e1dio Porto Seguro\" \/>\n<meta property=\"article:published_time\" content=\"2026-04-14T23:29:18+00:00\" \/>\n<meta property=\"article:modified_time\" content=\"2026-04-14T23:30:03+00:00\" \/>\n<meta property=\"og:image\" content=\"https:\/\/radioportoseguro.com.br\/site\/wp-content\/uploads\/2026\/04\/Elaine-Martins-Reverencia.jpg\" \/>\n\t<meta property=\"og:image:width\" content=\"686\" \/>\n\t<meta property=\"og:image:height\" content=\"386\" \/>\n\t<meta property=\"og:image:type\" content=\"image\/jpeg\" \/>\n<meta name=\"author\" content=\"Leandro\" \/>\n<meta name=\"twitter:card\" content=\"summary_large_image\" \/>\n<meta name=\"twitter:label1\" content=\"Escrito por\" \/>\n\t<meta name=\"twitter:data1\" content=\"Leandro\" \/>\n\t<meta name=\"twitter:label2\" content=\"Est. tempo de leitura\" \/>\n\t<meta name=\"twitter:data2\" content=\"2 minutos\" \/>\n<script type=\"application\/ld+json\" class=\"yoast-schema-graph\">{\"@context\":\"https:\/\/schema.org\",\"@graph\":[{\"@type\":\"Article\",\"@id\":\"https:\/\/radioportoseguro.com.br\/site\/2026\/04\/14\/elaine-martins-lanca-reverencia\/#article\",\"isPartOf\":{\"@id\":\"https:\/\/radioportoseguro.com.br\/site\/2026\/04\/14\/elaine-martins-lanca-reverencia\/\"},\"author\":{\"name\":\"Leandro\",\"@id\":\"https:\/\/radioportoseguro.com.br\/site\/#\/schema\/person\/d1960d33baebee56275cbda6d8aef297\"},\"headline\":\"Elaine Martins lan\u00e7a \u201cRever\u00eancia\u201d\",\"datePublished\":\"2026-04-14T23:29:18+00:00\",\"dateModified\":\"2026-04-14T23:30:03+00:00\",\"mainEntityOfPage\":{\"@id\":\"https:\/\/radioportoseguro.com.br\/site\/2026\/04\/14\/elaine-martins-lanca-reverencia\/\"},\"wordCount\":286,\"image\":{\"@id\":\"https:\/\/radioportoseguro.com.br\/site\/2026\/04\/14\/elaine-martins-lanca-reverencia\/#primaryimage\"},\"thumbnailUrl\":\"https:\/\/radioportoseguro.com.br\/site\/wp-content\/uploads\/2026\/04\/Elaine-Martins-Reverencia.jpg\",\"articleSection\":[\"M\u00fasica\"],\"inLanguage\":\"pt-BR\"},{\"@type\":\"WebPage\",\"@id\":\"https:\/\/radioportoseguro.com.br\/site\/2026\/04\/14\/elaine-martins-lanca-reverencia\/\",\"url\":\"https:\/\/radioportoseguro.com.br\/site\/2026\/04\/14\/elaine-martins-lanca-reverencia\/\",\"name\":\"Elaine Martins lan\u00e7a \u201cRever\u00eancia\u201d - R\u00e1dio Porto Seguro\",\"isPartOf\":{\"@id\":\"https:\/\/radioportoseguro.com.br\/site\/#website\"},\"primaryImageOfPage\":{\"@id\":\"https:\/\/radioportoseguro.com.br\/site\/2026\/04\/14\/elaine-martins-lanca-reverencia\/#primaryimage\"},\"image\":{\"@id\":\"https:\/\/radioportoseguro.com.br\/site\/2026\/04\/14\/elaine-martins-lanca-reverencia\/#primaryimage\"},\"thumbnailUrl\":\"https:\/\/radioportoseguro.com.br\/site\/wp-content\/uploads\/2026\/04\/Elaine-Martins-Reverencia.jpg\",\"datePublished\":\"2026-04-14T23:29:18+00:00\",\"dateModified\":\"2026-04-14T23:30:03+00:00\",\"author\":{\"@id\":\"https:\/\/radioportoseguro.com.br\/site\/#\/schema\/person\/d1960d33baebee56275cbda6d8aef297\"},\"breadcrumb\":{\"@id\":\"https:\/\/radioportoseguro.com.br\/site\/2026\/04\/14\/elaine-martins-lanca-reverencia\/#breadcrumb\"},\"inLanguage\":\"pt-BR\",\"potentialAction\":[{\"@type\":\"ReadAction\",\"target\":[\"https:\/\/radioportoseguro.com.br\/site\/2026\/04\/14\/elaine-martins-lanca-reverencia\/\"]}]},{\"@type\":\"ImageObject\",\"inLanguage\":\"pt-BR\",\"@id\":\"https:\/\/radioportoseguro.com.br\/site\/2026\/04\/14\/elaine-martins-lanca-reverencia\/#primaryimage\",\"url\":\"https:\/\/radioportoseguro.com.br\/site\/wp-content\/uploads\/2026\/04\/Elaine-Martins-Reverencia.jpg\",\"contentUrl\":\"https:\/\/radioportoseguro.com.br\/site\/wp-content\/uploads\/2026\/04\/Elaine-Martins-Reverencia.jpg\",\"width\":686,\"height\":386},{\"@type\":\"BreadcrumbList\",\"@id\":\"https:\/\/radioportoseguro.com.br\/site\/2026\/04\/14\/elaine-martins-lanca-reverencia\/#breadcrumb\",\"itemListElement\":[{\"@type\":\"ListItem\",\"position\":1,\"name\":\"In\u00edcio\",\"item\":\"https:\/\/radioportoseguro.com.br\/site\/\"},{\"@type\":\"ListItem\",\"position\":2,\"name\":\"Elaine Martins lan\u00e7a \u201cRever\u00eancia\u201d\"}]},{\"@type\":\"WebSite\",\"@id\":\"https:\/\/radioportoseguro.com.br\/site\/#website\",\"url\":\"https:\/\/radioportoseguro.com.br\/site\/\",\"name\":\"R\u00e1dio Porto Seguro\",\"description\":\"\",\"potentialAction\":[{\"@type\":\"SearchAction\",\"target\":{\"@type\":\"EntryPoint\",\"urlTemplate\":\"https:\/\/radioportoseguro.com.br\/site\/?s={search_term_string}\"},\"query-input\":{\"@type\":\"PropertyValueSpecification\",\"valueRequired\":true,\"valueName\":\"search_term_string\"}}],\"inLanguage\":\"pt-BR\"},{\"@type\":\"Person\",\"@id\":\"https:\/\/radioportoseguro.com.br\/site\/#\/schema\/person\/d1960d33baebee56275cbda6d8aef297\",\"name\":\"Leandro\",\"image\":{\"@type\":\"ImageObject\",\"inLanguage\":\"pt-BR\",\"@id\":\"https:\/\/radioportoseguro.com.br\/site\/#\/schema\/person\/image\/\",\"url\":\"https:\/\/secure.gravatar.com\/avatar\/ef93c9092aa97a95069df7b16c09c8dbc33c82d44a4f084e05b8f74f7ee2dd04?s=96&d=mm&r=g\",\"contentUrl\":\"https:\/\/secure.gravatar.com\/avatar\/ef93c9092aa97a95069df7b16c09c8dbc33c82d44a4f084e05b8f74f7ee2dd04?s=96&d=mm&r=g\",\"caption\":\"Leandro\"},\"url\":\"https:\/\/radioportoseguro.com.br\/site\/author\/leandro\/\"}]}<\/script>\n<!-- \/ Yoast SEO plugin. -->","yoast_head_json":{"title":"Elaine Martins lan\u00e7a \u201cRever\u00eancia\u201d - R\u00e1dio Porto Seguro","robots":{"index":"index","follow":"follow","max-snippet":"max-snippet:-1","max-image-preview":"max-image-preview:large","max-video-preview":"max-video-preview:-1"},"canonical":"https:\/\/radioportoseguro.com.br\/site\/2026\/04\/14\/elaine-martins-lanca-reverencia\/","og_locale":"pt_BR","og_type":"article","og_title":"Elaine Martins lan\u00e7a \u201cRever\u00eancia\u201d - R\u00e1dio Porto Seguro","og_description":"A quarta faixa do novo projeto ao vivo traz a participa\u00e7\u00e3o marcante do Coral F\u00e9 Maior. Foi lan\u00e7ado nesta ter\u00e7a-feira (07), o novo single de Elaine Martins, intitulado \u201cRever\u00eancia\u201d. A can\u00e7\u00e3o \u00e9 a quarta m\u00fasica liberada de seu mais recente projeto e j\u00e1 promete se tornar um hino nas congrega\u00e7\u00f5es de todo o pa\u00eds. Composta [&hellip;]","og_url":"https:\/\/radioportoseguro.com.br\/site\/2026\/04\/14\/elaine-martins-lanca-reverencia\/","og_site_name":"R\u00e1dio Porto Seguro","article_published_time":"2026-04-14T23:29:18+00:00","article_modified_time":"2026-04-14T23:30:03+00:00","og_image":[{"width":686,"height":386,"url":"https:\/\/radioportoseguro.com.br\/site\/wp-content\/uploads\/2026\/04\/Elaine-Martins-Reverencia.jpg","type":"image\/jpeg"}],"author":"Leandro","twitter_card":"summary_large_image","twitter_misc":{"Escrito por":"Leandro","Est. tempo de leitura":"2 minutos"},"schema":{"@context":"https:\/\/schema.org","@graph":[{"@type":"Article","@id":"https:\/\/radioportoseguro.com.br\/site\/2026\/04\/14\/elaine-martins-lanca-reverencia\/#article","isPartOf":{"@id":"https:\/\/radioportoseguro.com.br\/site\/2026\/04\/14\/elaine-martins-lanca-reverencia\/"},"author":{"name":"Leandro","@id":"https:\/\/radioportoseguro.com.br\/site\/#\/schema\/person\/d1960d33baebee56275cbda6d8aef297"},"headline":"Elaine Martins lan\u00e7a \u201cRever\u00eancia\u201d","datePublished":"2026-04-14T23:29:18+00:00","dateModified":"2026-04-14T23:30:03+00:00","mainEntityOfPage":{"@id":"https:\/\/radioportoseguro.com.br\/site\/2026\/04\/14\/elaine-martins-lanca-reverencia\/"},"wordCount":286,"image":{"@id":"https:\/\/radioportoseguro.com.br\/site\/2026\/04\/14\/elaine-martins-lanca-reverencia\/#primaryimage"},"thumbnailUrl":"https:\/\/radioportoseguro.com.br\/site\/wp-content\/uploads\/2026\/04\/Elaine-Martins-Reverencia.jpg","articleSection":["M\u00fasica"],"inLanguage":"pt-BR"},{"@type":"WebPage","@id":"https:\/\/radioportoseguro.com.br\/site\/2026\/04\/14\/elaine-martins-lanca-reverencia\/","url":"https:\/\/radioportoseguro.com.br\/site\/2026\/04\/14\/elaine-martins-lanca-reverencia\/","name":"Elaine Martins lan\u00e7a \u201cRever\u00eancia\u201d - R\u00e1dio Porto Seguro","isPartOf":{"@id":"https:\/\/radioportoseguro.com.br\/site\/#website"},"primaryImageOfPage":{"@id":"https:\/\/radioportoseguro.com.br\/site\/2026\/04\/14\/elaine-martins-lanca-reverencia\/#primaryimage"},"image":{"@id":"https:\/\/radioportoseguro.com.br\/site\/2026\/04\/14\/elaine-martins-lanca-reverencia\/#primaryimage"},"thumbnailUrl":"https:\/\/radioportoseguro.com.br\/site\/wp-content\/uploads\/2026\/04\/Elaine-Martins-Reverencia.jpg","datePublished":"2026-04-14T23:29:18+00:00","dateModified":"2026-04-14T23:30:03+00:00","author":{"@id":"https:\/\/radioportoseguro.com.br\/site\/#\/schema\/person\/d1960d33baebee56275cbda6d8aef297"},"breadcrumb":{"@id":"https:\/\/radioportoseguro.com.br\/site\/2026\/04\/14\/elaine-martins-lanca-reverencia\/#breadcrumb"},"inLanguage":"pt-BR","potentialAction":[{"@type":"ReadAction","target":["https:\/\/radioportoseguro.com.br\/site\/2026\/04\/14\/elaine-martins-lanca-reverencia\/"]}]},{"@type":"ImageObject","inLanguage":"pt-BR","@id":"https:\/\/radioportoseguro.com.br\/site\/2026\/04\/14\/elaine-martins-lanca-reverencia\/#primaryimage","url":"https:\/\/radioportoseguro.com.br\/site\/wp-content\/uploads\/2026\/04\/Elaine-Martins-Reverencia.jpg","contentUrl":"https:\/\/radioportoseguro.com.br\/site\/wp-content\/uploads\/2026\/04\/Elaine-Martins-Reverencia.jpg","width":686,"height":386},{"@type":"BreadcrumbList","@id":"https:\/\/radioportoseguro.com.br\/site\/2026\/04\/14\/elaine-martins-lanca-reverencia\/#breadcrumb","itemListElement":[{"@type":"ListItem","position":1,"name":"In\u00edcio","item":"https:\/\/radioportoseguro.com.br\/site\/"},{"@type":"ListItem","position":2,"name":"Elaine Martins lan\u00e7a \u201cRever\u00eancia\u201d"}]},{"@type":"WebSite","@id":"https:\/\/radioportoseguro.com.br\/site\/#website","url":"https:\/\/radioportoseguro.com.br\/site\/","name":"R\u00e1dio Porto Seguro","description":"","potentialAction":[{"@type":"SearchAction","target":{"@type":"EntryPoint","urlTemplate":"https:\/\/radioportoseguro.com.br\/site\/?s={search_term_string}"},"query-input":{"@type":"PropertyValueSpecification","valueRequired":true,"valueName":"search_term_string"}}],"inLanguage":"pt-BR"},{"@type":"Person","@id":"https:\/\/radioportoseguro.com.br\/site\/#\/schema\/person\/d1960d33baebee56275cbda6d8aef297","name":"Leandro","image":{"@type":"ImageObject","inLanguage":"pt-BR","@id":"https:\/\/radioportoseguro.com.br\/site\/#\/schema\/person\/image\/","url":"https:\/\/secure.gravatar.com\/avatar\/ef93c9092aa97a95069df7b16c09c8dbc33c82d44a4f084e05b8f74f7ee2dd04?s=96&d=mm&r=g","contentUrl":"https:\/\/secure.gravatar.com\/avatar\/ef93c9092aa97a95069df7b16c09c8dbc33c82d44a4f084e05b8f74f7ee2dd04?s=96&d=mm&r=g","caption":"Leandro"},"url":"https:\/\/radioportoseguro.com.br\/site\/author\/leandro\/"}]}},"_links":{"self":[{"href":"https:\/\/radioportoseguro.com.br\/site\/wp-json\/wp\/v2\/posts\/6038","targetHints":{"allow":["GET"]}}],"collection":[{"href":"https:\/\/radioportoseguro.com.br\/site\/wp-json\/wp\/v2\/posts"}],"about":[{"href":"https:\/\/radioportoseguro.com.br\/site\/wp-json\/wp\/v2\/types\/post"}],"author":[{"embeddable":true,"href":"https:\/\/radioportoseguro.com.br\/site\/wp-json\/wp\/v2\/users\/2"}],"replies":[{"embeddable":true,"href":"https:\/\/radioportoseguro.com.br\/site\/wp-json\/wp\/v2\/comments?post=6038"}],"version-history":[{"count":2,"href":"https:\/\/radioportoseguro.com.br\/site\/wp-json\/wp\/v2\/posts\/6038\/revisions"}],"predecessor-version":[{"id":6043,"href":"https:\/\/radioportoseguro.com.br\/site\/wp-json\/wp\/v2\/posts\/6038\/revisions\/6043"}],"wp:featuredmedia":[{"embeddable":true,"href":"https:\/\/radioportoseguro.com.br\/site\/wp-json\/wp\/v2\/media\/6041"}],"wp:attachment":[{"href":"https:\/\/radioportoseguro.com.br\/site\/wp-json\/wp\/v2\/media?parent=6038"}],"wp:term":[{"taxonomy":"category","embeddable":true,"href":"https:\/\/radioportoseguro.com.br\/site\/wp-json\/wp\/v2\/categories?post=6038"},{"taxonomy":"post_tag","embeddable":true,"href":"https:\/\/radioportoseguro.com.br\/site\/wp-json\/wp\/v2\/tags?post=6038"}],"curies":[{"name":"wp","href":"https:\/\/api.w.org\/{rel}","templated":true}]}}