{"id":6189,"date":"2026-04-18T21:52:15","date_gmt":"2026-04-19T00:52:15","guid":{"rendered":"https:\/\/radioportoseguro.com.br\/site\/2026\/04\/18\/franklin-graham-minimiza-criticas-a-imagem-de-trump-como-jesus\/"},"modified":"2026-04-18T21:52:15","modified_gmt":"2026-04-19T00:52:15","slug":"franklin-graham-minimiza-criticas-a-imagem-de-trump-como-jesus","status":"publish","type":"post","link":"https:\/\/radioportoseguro.com.br\/site\/2026\/04\/18\/franklin-graham-minimiza-criticas-a-imagem-de-trump-como-jesus\/","title":{"rendered":"Franklin Graham minimiza cr\u00edticas a imagem de Trump como Jesus"},"content":{"rendered":"<p><br \/>\n<\/p>\n<div>\n<div class=\"td-post-featured-image\">\n<figure><figcaption class=\"wp-caption-text\">Foto publicada por Franklin Graham no in\u00edcio de abril. (Fonte: IG @franklin_graham.)<\/figcaption><\/figure>\n<\/div>\n<p> <!-- A generated by theme --> <\/p>\n<p> <!-- end A --> <\/p>\n<p>O evangelista e CEO da Samaritan\u2019s Purse, <strong>Franklin Graham<\/strong>, divulgou um comunicado na manh\u00e3 de quinta-feira, 16, minimizando a <strong>rea\u00e7\u00e3o negativa \u00e0 publica\u00e7\u00e3o<\/strong>, agora exclu\u00edda, do presidente Donald Trump nas redes sociais, na qual ele aparece como uma figura semelhante a Cristo, vestida com uma t\u00fanica, com luz emanando de suas m\u00e3os.<\/p>\n<p>\u201cN\u00e3o acredito que o presidente Trump tenha se retratado conscientemente como Jesus Cristo; isso certamente seria inapropriado \u201d, disse Graham. \u201cAprecio que o presidente tenha deixado bem claro que n\u00e3o acreditava que as imagens geradas por IA representassem isso; ele pensou que se tratava de um m\u00e9dico ajudando algu\u00e9m e, quando soube das preocupa\u00e7\u00f5es, apagou a publica\u00e7\u00e3o imediatamente.\u201d<\/p>\n<p>No \u00faltimo domingo, o presidente publicou o controverso retrato na plataforma Truth Social, e ao meio-dia de segunda-feira ele j\u00e1 havia sido removido. Em uma coletiva de imprensa na Casa Branca naquele dia, o presidente dos EUA disse: \u201cSim, eu o publiquei, e pensei que fosse eu como m\u00e9dico e que tivesse algo a ver com a Cruz Vermelha\u2026 Havia um funcion\u00e1rio da Cruz Vermelha ali, o que apoiamos.\u201d<\/p>\n<p>Na quarta-feira, Trump publicou outra imagem mostrando Jesus o abra\u00e7ando em um p\u00f3dio em frente a uma bandeira americana. A legenda, publicada por uma conta chamada Irish for Trump, sugeria que \u201cDeus poderia estar jogando sua carta na manga\u201d. O presidente acrescentou \u00e0 publica\u00e7\u00e3o: \u201cOs lun\u00e1ticos da esquerda radical podem n\u00e3o gostar disso, mas eu acho bem legal!\u201d. A imagem foi compartilhada por usu\u00e1rios do X que consideraram a a\u00e7\u00e3o mais uma ofensa.<\/p>\n<p>Ao ver essa nova imagem, Graham expressou sua aprova\u00e7\u00e3o e acusou os detratores de Trump de serem motivados por m\u00e1s inten\u00e7\u00f5es. \u201cAcredito que seus inimigos est\u00e3o sempre ansiosos para aproveitar qualquer oportunidade para faz\u00ea-lo parecer mal\u201d, escreveu ele.<\/p>\n<p>Ele tamb\u00e9m afirmou: \u201cDevo dizer que gosto da imagem de Jesus sussurrando em seu ouvido, ou pelo menos com a m\u00e3o em seu ombro, guiando-o. Todos n\u00f3s precisamos disso; todos n\u00f3s precisamos ouvir Jesus\u201d, disse ele.<\/p>\n<p> <!-- A generated by theme --> <\/p>\n<p> <!-- end A --> <\/p>\n<p>A primeira publica\u00e7\u00e3o de Trump <strong>gerou condena\u00e7\u00e3o de v\u00e1rios ex-apoiadores do presidente nas redes sociais<\/strong>, incluindo o influenciador Riley Gaines, que comentou: \u201cSinceramente, n\u00e3o consigo entender por que ele postaria isso. Ele est\u00e1 buscando uma resposta? Ele realmente pensa isso? De qualquer forma, duas coisas s\u00e3o certas: 1) Um pouco de humildade lhe faria bem; 2) Deus n\u00e3o se deixa escarnecer.\u201d<\/p>\n<p><strong>Franklin Graham e o Vaticano<\/strong><\/p>\n<p>A defesa de Trump feita por Graham ocorre em meio \u00e0 disputa p\u00fablica em curso entre o <strong>presidente e o Papa Le\u00e3o XIV<\/strong> sobre a guerra no Ir\u00e3, que Graham defendeu no m\u00eas passado citando o exemplo b\u00edblico do Rei Davi.<\/p>\n<p>Em sua declara\u00e7\u00e3o de quinta-feira, Graham expressou a esperan\u00e7a de que o representante da Igreja Cat\u00f3lica pudesse um dia se encontrar com Trump para agradec\u00ea-lo por seus esfor\u00e7os na prote\u00e7\u00e3o da liberdade religiosa.<\/p>\n<p>Ele tamb\u00e9m escreveu: \u201cN\u00e3o sou cat\u00f3lico, sou evang\u00e9lico, mas valorizo \u200b\u200ba forma como o presidente Trump defendeu a liberdade religiosa de pessoas de todas as cren\u00e7as, incluindo milh\u00f5es de evang\u00e9licos e cat\u00f3licos nos Estados Unidos e em todo o mundo. Ele \u00e9 o presidente mais crist\u00e3o e pr\u00f3-vida que j\u00e1 conheci, e n\u00e3o faz segredo disso.\u201d<\/p>\n<p>Graham, pastor e apoiador de longa data do presidente, tem aparecido repetidamente nas not\u00edcias nas \u00faltimas semanas. No Domingo de Ramos, Trump divulgou uma carta particular que o evangelista lhe enviou em outubro passado, na qual o instava a considerar seriamente seu destino eterno, aceitar Jesus Cristo como seu Salvador e parar de confiar em suas pr\u00f3prias obras se quisesse ir para o C\u00e9u.<\/p>\n<p><strong>Folha Gospel com informa\u00e7\u00f5es de Evangelical Focus<\/strong><\/p>\n<p> <!-- A generated by theme --> <\/p>\n<p> <!-- end A --> <\/p><\/div>\n<p><script>(function (d, s, id) {\n                var js, fjs = d.getElementsByTagName(s)[0];\n                if (d.getElementById(id)) return;\n                js = d.createElement(s);\n                js.id = id;\n                js.src=\"https:\/\/connect.facebook.net\/pt_BR\/sdk.js#xfbml=1&version=v2.11&appId=264312870658742&autoLogAppEvents=1\";\n                fjs.parentNode.insertBefore(js, fjs);\n            }(document, 'script', 'facebook-jssdk'));<\/script><br \/>\n<br \/><br \/>\n<br \/>Fonte: Folha Gospel<\/p>\n","protected":false},"excerpt":{"rendered":"<p>Foto publicada por Franklin Graham no in\u00edcio de abril. (Fonte: IG @franklin_graham.) O evangelista e CEO da Samaritan\u2019s Purse, Franklin Graham, divulgou um comunicado na manh\u00e3 de quinta-feira, 16, minimizando a rea\u00e7\u00e3o negativa \u00e0 publica\u00e7\u00e3o, agora exclu\u00edda, do presidente Donald Trump nas redes sociais, na qual ele aparece como uma figura semelhante a Cristo, vestida [&hellip;]<\/p>\n","protected":false},"author":1,"featured_media":6190,"comment_status":"","ping_status":"open","sticky":false,"template":"","format":"standard","meta":{"footnotes":""},"categories":[3],"tags":[],"class_list":["post-6189","post","type-post","status-publish","format-standard","has-post-thumbnail","hentry","category-gospel"],"yoast_head":"<!-- This site is optimized with the Yoast SEO plugin v26.8 - https:\/\/yoast.com\/product\/yoast-seo-wordpress\/ -->\n<title>Franklin Graham minimiza cr\u00edticas a imagem de Trump como Jesus - R\u00e1dio Porto Seguro<\/title>\n<meta name=\"robots\" content=\"index, follow, max-snippet:-1, max-image-preview:large, max-video-preview:-1\" \/>\n<link rel=\"canonical\" href=\"https:\/\/radioportoseguro.com.br\/site\/2026\/04\/18\/franklin-graham-minimiza-criticas-a-imagem-de-trump-como-jesus\/\" \/>\n<meta property=\"og:locale\" content=\"pt_BR\" \/>\n<meta property=\"og:type\" content=\"article\" \/>\n<meta property=\"og:title\" content=\"Franklin Graham minimiza cr\u00edticas a imagem de Trump como Jesus - R\u00e1dio Porto Seguro\" \/>\n<meta property=\"og:description\" content=\"Foto publicada por Franklin Graham no in\u00edcio de abril. (Fonte: IG @franklin_graham.) O evangelista e CEO da Samaritan\u2019s Purse, Franklin Graham, divulgou um comunicado na manh\u00e3 de quinta-feira, 16, minimizando a rea\u00e7\u00e3o negativa \u00e0 publica\u00e7\u00e3o, agora exclu\u00edda, do presidente Donald Trump nas redes sociais, na qual ele aparece como uma figura semelhante a Cristo, vestida [&hellip;]\" \/>\n<meta property=\"og:url\" content=\"https:\/\/radioportoseguro.com.br\/site\/2026\/04\/18\/franklin-graham-minimiza-criticas-a-imagem-de-trump-como-jesus\/\" \/>\n<meta property=\"og:site_name\" content=\"R\u00e1dio Porto Seguro\" \/>\n<meta property=\"article:published_time\" content=\"2026-04-19T00:52:15+00:00\" \/>\n<meta property=\"og:image\" content=\"https:\/\/i0.wp.com\/folhagospel.com\/wp-content\/uploads\/2026\/04\/image-18.png?resize=696%2C355&amp;ssl=1\" \/>\n<meta name=\"author\" content=\"admin\" \/>\n<meta name=\"twitter:card\" content=\"summary_large_image\" \/>\n<meta name=\"twitter:label1\" content=\"Escrito por\" \/>\n\t<meta name=\"twitter:data1\" content=\"admin\" \/>\n\t<meta name=\"twitter:label2\" content=\"Est. tempo de leitura\" \/>\n\t<meta name=\"twitter:data2\" content=\"3 minutos\" \/>\n<script type=\"application\/ld+json\" class=\"yoast-schema-graph\">{\"@context\":\"https:\/\/schema.org\",\"@graph\":[{\"@type\":\"Article\",\"@id\":\"https:\/\/radioportoseguro.com.br\/site\/2026\/04\/18\/franklin-graham-minimiza-criticas-a-imagem-de-trump-como-jesus\/#article\",\"isPartOf\":{\"@id\":\"https:\/\/radioportoseguro.com.br\/site\/2026\/04\/18\/franklin-graham-minimiza-criticas-a-imagem-de-trump-como-jesus\/\"},\"author\":{\"name\":\"admin\",\"@id\":\"https:\/\/radioportoseguro.com.br\/site\/#\/schema\/person\/7630acdc320186f13639d3c067ec089b\"},\"headline\":\"Franklin Graham minimiza cr\u00edticas a imagem de Trump como Jesus\",\"datePublished\":\"2026-04-19T00:52:15+00:00\",\"mainEntityOfPage\":{\"@id\":\"https:\/\/radioportoseguro.com.br\/site\/2026\/04\/18\/franklin-graham-minimiza-criticas-a-imagem-de-trump-como-jesus\/\"},\"wordCount\":676,\"image\":{\"@id\":\"https:\/\/radioportoseguro.com.br\/site\/2026\/04\/18\/franklin-graham-minimiza-criticas-a-imagem-de-trump-como-jesus\/#primaryimage\"},\"thumbnailUrl\":\"https:\/\/radioportoseguro.com.br\/site\/wp-content\/uploads\/2026\/04\/image-18.png\",\"articleSection\":[\"Gospel\"],\"inLanguage\":\"pt-BR\"},{\"@type\":\"WebPage\",\"@id\":\"https:\/\/radioportoseguro.com.br\/site\/2026\/04\/18\/franklin-graham-minimiza-criticas-a-imagem-de-trump-como-jesus\/\",\"url\":\"https:\/\/radioportoseguro.com.br\/site\/2026\/04\/18\/franklin-graham-minimiza-criticas-a-imagem-de-trump-como-jesus\/\",\"name\":\"Franklin Graham minimiza cr\u00edticas a imagem de Trump como Jesus - R\u00e1dio Porto Seguro\",\"isPartOf\":{\"@id\":\"https:\/\/radioportoseguro.com.br\/site\/#website\"},\"primaryImageOfPage\":{\"@id\":\"https:\/\/radioportoseguro.com.br\/site\/2026\/04\/18\/franklin-graham-minimiza-criticas-a-imagem-de-trump-como-jesus\/#primaryimage\"},\"image\":{\"@id\":\"https:\/\/radioportoseguro.com.br\/site\/2026\/04\/18\/franklin-graham-minimiza-criticas-a-imagem-de-trump-como-jesus\/#primaryimage\"},\"thumbnailUrl\":\"https:\/\/radioportoseguro.com.br\/site\/wp-content\/uploads\/2026\/04\/image-18.png\",\"datePublished\":\"2026-04-19T00:52:15+00:00\",\"author\":{\"@id\":\"https:\/\/radioportoseguro.com.br\/site\/#\/schema\/person\/7630acdc320186f13639d3c067ec089b\"},\"breadcrumb\":{\"@id\":\"https:\/\/radioportoseguro.com.br\/site\/2026\/04\/18\/franklin-graham-minimiza-criticas-a-imagem-de-trump-como-jesus\/#breadcrumb\"},\"inLanguage\":\"pt-BR\",\"potentialAction\":[{\"@type\":\"ReadAction\",\"target\":[\"https:\/\/radioportoseguro.com.br\/site\/2026\/04\/18\/franklin-graham-minimiza-criticas-a-imagem-de-trump-como-jesus\/\"]}]},{\"@type\":\"ImageObject\",\"inLanguage\":\"pt-BR\",\"@id\":\"https:\/\/radioportoseguro.com.br\/site\/2026\/04\/18\/franklin-graham-minimiza-criticas-a-imagem-de-trump-como-jesus\/#primaryimage\",\"url\":\"https:\/\/radioportoseguro.com.br\/site\/wp-content\/uploads\/2026\/04\/image-18.png\",\"contentUrl\":\"https:\/\/radioportoseguro.com.br\/site\/wp-content\/uploads\/2026\/04\/image-18.png\",\"width\":940,\"height\":480},{\"@type\":\"BreadcrumbList\",\"@id\":\"https:\/\/radioportoseguro.com.br\/site\/2026\/04\/18\/franklin-graham-minimiza-criticas-a-imagem-de-trump-como-jesus\/#breadcrumb\",\"itemListElement\":[{\"@type\":\"ListItem\",\"position\":1,\"name\":\"In\u00edcio\",\"item\":\"https:\/\/radioportoseguro.com.br\/site\/\"},{\"@type\":\"ListItem\",\"position\":2,\"name\":\"Franklin Graham minimiza cr\u00edticas a imagem de Trump como Jesus\"}]},{\"@type\":\"WebSite\",\"@id\":\"https:\/\/radioportoseguro.com.br\/site\/#website\",\"url\":\"https:\/\/radioportoseguro.com.br\/site\/\",\"name\":\"R\u00e1dio Porto Seguro\",\"description\":\"\",\"potentialAction\":[{\"@type\":\"SearchAction\",\"target\":{\"@type\":\"EntryPoint\",\"urlTemplate\":\"https:\/\/radioportoseguro.com.br\/site\/?s={search_term_string}\"},\"query-input\":{\"@type\":\"PropertyValueSpecification\",\"valueRequired\":true,\"valueName\":\"search_term_string\"}}],\"inLanguage\":\"pt-BR\"},{\"@type\":\"Person\",\"@id\":\"https:\/\/radioportoseguro.com.br\/site\/#\/schema\/person\/7630acdc320186f13639d3c067ec089b\",\"name\":\"admin\",\"image\":{\"@type\":\"ImageObject\",\"inLanguage\":\"pt-BR\",\"@id\":\"https:\/\/radioportoseguro.com.br\/site\/#\/schema\/person\/image\/\",\"url\":\"https:\/\/secure.gravatar.com\/avatar\/caacf4dc1eedb68fab0df8e1ed46c448e578b2466351bbcb61e47d2ac0caaef0?s=96&d=mm&r=g\",\"contentUrl\":\"https:\/\/secure.gravatar.com\/avatar\/caacf4dc1eedb68fab0df8e1ed46c448e578b2466351bbcb61e47d2ac0caaef0?s=96&d=mm&r=g\",\"caption\":\"admin\"},\"sameAs\":[\"https:\/\/radioportoseguro.com.br\/site\"],\"url\":\"https:\/\/radioportoseguro.com.br\/site\/author\/hezio\/\"}]}<\/script>\n<!-- \/ Yoast SEO plugin. -->","yoast_head_json":{"title":"Franklin Graham minimiza cr\u00edticas a imagem de Trump como Jesus - R\u00e1dio Porto Seguro","robots":{"index":"index","follow":"follow","max-snippet":"max-snippet:-1","max-image-preview":"max-image-preview:large","max-video-preview":"max-video-preview:-1"},"canonical":"https:\/\/radioportoseguro.com.br\/site\/2026\/04\/18\/franklin-graham-minimiza-criticas-a-imagem-de-trump-como-jesus\/","og_locale":"pt_BR","og_type":"article","og_title":"Franklin Graham minimiza cr\u00edticas a imagem de Trump como Jesus - R\u00e1dio Porto Seguro","og_description":"Foto publicada por Franklin Graham no in\u00edcio de abril. (Fonte: IG @franklin_graham.) O evangelista e CEO da Samaritan\u2019s Purse, Franklin Graham, divulgou um comunicado na manh\u00e3 de quinta-feira, 16, minimizando a rea\u00e7\u00e3o negativa \u00e0 publica\u00e7\u00e3o, agora exclu\u00edda, do presidente Donald Trump nas redes sociais, na qual ele aparece como uma figura semelhante a Cristo, vestida [&hellip;]","og_url":"https:\/\/radioportoseguro.com.br\/site\/2026\/04\/18\/franklin-graham-minimiza-criticas-a-imagem-de-trump-como-jesus\/","og_site_name":"R\u00e1dio Porto Seguro","article_published_time":"2026-04-19T00:52:15+00:00","og_image":[{"url":"https:\/\/i0.wp.com\/folhagospel.com\/wp-content\/uploads\/2026\/04\/image-18.png?resize=696%2C355&amp;ssl=1","type":"","width":"","height":""}],"author":"admin","twitter_card":"summary_large_image","twitter_misc":{"Escrito por":"admin","Est. tempo de leitura":"3 minutos"},"schema":{"@context":"https:\/\/schema.org","@graph":[{"@type":"Article","@id":"https:\/\/radioportoseguro.com.br\/site\/2026\/04\/18\/franklin-graham-minimiza-criticas-a-imagem-de-trump-como-jesus\/#article","isPartOf":{"@id":"https:\/\/radioportoseguro.com.br\/site\/2026\/04\/18\/franklin-graham-minimiza-criticas-a-imagem-de-trump-como-jesus\/"},"author":{"name":"admin","@id":"https:\/\/radioportoseguro.com.br\/site\/#\/schema\/person\/7630acdc320186f13639d3c067ec089b"},"headline":"Franklin Graham minimiza cr\u00edticas a imagem de Trump como Jesus","datePublished":"2026-04-19T00:52:15+00:00","mainEntityOfPage":{"@id":"https:\/\/radioportoseguro.com.br\/site\/2026\/04\/18\/franklin-graham-minimiza-criticas-a-imagem-de-trump-como-jesus\/"},"wordCount":676,"image":{"@id":"https:\/\/radioportoseguro.com.br\/site\/2026\/04\/18\/franklin-graham-minimiza-criticas-a-imagem-de-trump-como-jesus\/#primaryimage"},"thumbnailUrl":"https:\/\/radioportoseguro.com.br\/site\/wp-content\/uploads\/2026\/04\/image-18.png","articleSection":["Gospel"],"inLanguage":"pt-BR"},{"@type":"WebPage","@id":"https:\/\/radioportoseguro.com.br\/site\/2026\/04\/18\/franklin-graham-minimiza-criticas-a-imagem-de-trump-como-jesus\/","url":"https:\/\/radioportoseguro.com.br\/site\/2026\/04\/18\/franklin-graham-minimiza-criticas-a-imagem-de-trump-como-jesus\/","name":"Franklin Graham minimiza cr\u00edticas a imagem de Trump como Jesus - R\u00e1dio Porto Seguro","isPartOf":{"@id":"https:\/\/radioportoseguro.com.br\/site\/#website"},"primaryImageOfPage":{"@id":"https:\/\/radioportoseguro.com.br\/site\/2026\/04\/18\/franklin-graham-minimiza-criticas-a-imagem-de-trump-como-jesus\/#primaryimage"},"image":{"@id":"https:\/\/radioportoseguro.com.br\/site\/2026\/04\/18\/franklin-graham-minimiza-criticas-a-imagem-de-trump-como-jesus\/#primaryimage"},"thumbnailUrl":"https:\/\/radioportoseguro.com.br\/site\/wp-content\/uploads\/2026\/04\/image-18.png","datePublished":"2026-04-19T00:52:15+00:00","author":{"@id":"https:\/\/radioportoseguro.com.br\/site\/#\/schema\/person\/7630acdc320186f13639d3c067ec089b"},"breadcrumb":{"@id":"https:\/\/radioportoseguro.com.br\/site\/2026\/04\/18\/franklin-graham-minimiza-criticas-a-imagem-de-trump-como-jesus\/#breadcrumb"},"inLanguage":"pt-BR","potentialAction":[{"@type":"ReadAction","target":["https:\/\/radioportoseguro.com.br\/site\/2026\/04\/18\/franklin-graham-minimiza-criticas-a-imagem-de-trump-como-jesus\/"]}]},{"@type":"ImageObject","inLanguage":"pt-BR","@id":"https:\/\/radioportoseguro.com.br\/site\/2026\/04\/18\/franklin-graham-minimiza-criticas-a-imagem-de-trump-como-jesus\/#primaryimage","url":"https:\/\/radioportoseguro.com.br\/site\/wp-content\/uploads\/2026\/04\/image-18.png","contentUrl":"https:\/\/radioportoseguro.com.br\/site\/wp-content\/uploads\/2026\/04\/image-18.png","width":940,"height":480},{"@type":"BreadcrumbList","@id":"https:\/\/radioportoseguro.com.br\/site\/2026\/04\/18\/franklin-graham-minimiza-criticas-a-imagem-de-trump-como-jesus\/#breadcrumb","itemListElement":[{"@type":"ListItem","position":1,"name":"In\u00edcio","item":"https:\/\/radioportoseguro.com.br\/site\/"},{"@type":"ListItem","position":2,"name":"Franklin Graham minimiza cr\u00edticas a imagem de Trump como Jesus"}]},{"@type":"WebSite","@id":"https:\/\/radioportoseguro.com.br\/site\/#website","url":"https:\/\/radioportoseguro.com.br\/site\/","name":"R\u00e1dio Porto Seguro","description":"","potentialAction":[{"@type":"SearchAction","target":{"@type":"EntryPoint","urlTemplate":"https:\/\/radioportoseguro.com.br\/site\/?s={search_term_string}"},"query-input":{"@type":"PropertyValueSpecification","valueRequired":true,"valueName":"search_term_string"}}],"inLanguage":"pt-BR"},{"@type":"Person","@id":"https:\/\/radioportoseguro.com.br\/site\/#\/schema\/person\/7630acdc320186f13639d3c067ec089b","name":"admin","image":{"@type":"ImageObject","inLanguage":"pt-BR","@id":"https:\/\/radioportoseguro.com.br\/site\/#\/schema\/person\/image\/","url":"https:\/\/secure.gravatar.com\/avatar\/caacf4dc1eedb68fab0df8e1ed46c448e578b2466351bbcb61e47d2ac0caaef0?s=96&d=mm&r=g","contentUrl":"https:\/\/secure.gravatar.com\/avatar\/caacf4dc1eedb68fab0df8e1ed46c448e578b2466351bbcb61e47d2ac0caaef0?s=96&d=mm&r=g","caption":"admin"},"sameAs":["https:\/\/radioportoseguro.com.br\/site"],"url":"https:\/\/radioportoseguro.com.br\/site\/author\/hezio\/"}]}},"_links":{"self":[{"href":"https:\/\/radioportoseguro.com.br\/site\/wp-json\/wp\/v2\/posts\/6189","targetHints":{"allow":["GET"]}}],"collection":[{"href":"https:\/\/radioportoseguro.com.br\/site\/wp-json\/wp\/v2\/posts"}],"about":[{"href":"https:\/\/radioportoseguro.com.br\/site\/wp-json\/wp\/v2\/types\/post"}],"author":[{"embeddable":true,"href":"https:\/\/radioportoseguro.com.br\/site\/wp-json\/wp\/v2\/users\/1"}],"replies":[{"embeddable":true,"href":"https:\/\/radioportoseguro.com.br\/site\/wp-json\/wp\/v2\/comments?post=6189"}],"version-history":[{"count":0,"href":"https:\/\/radioportoseguro.com.br\/site\/wp-json\/wp\/v2\/posts\/6189\/revisions"}],"wp:featuredmedia":[{"embeddable":true,"href":"https:\/\/radioportoseguro.com.br\/site\/wp-json\/wp\/v2\/media\/6190"}],"wp:attachment":[{"href":"https:\/\/radioportoseguro.com.br\/site\/wp-json\/wp\/v2\/media?parent=6189"}],"wp:term":[{"taxonomy":"category","embeddable":true,"href":"https:\/\/radioportoseguro.com.br\/site\/wp-json\/wp\/v2\/categories?post=6189"},{"taxonomy":"post_tag","embeddable":true,"href":"https:\/\/radioportoseguro.com.br\/site\/wp-json\/wp\/v2\/tags?post=6189"}],"curies":[{"name":"wp","href":"https:\/\/api.w.org\/{rel}","templated":true}]}}