{"id":6193,"date":"2026-04-19T01:04:03","date_gmt":"2026-04-19T04:04:03","guid":{"rendered":"https:\/\/radioportoseguro.com.br\/site\/2026\/04\/19\/crista-fica-em-estado-grave-apos-ser-violentada-por-dois-muculmanos-no-paquistao\/"},"modified":"2026-04-19T01:04:03","modified_gmt":"2026-04-19T04:04:03","slug":"crista-fica-em-estado-grave-apos-ser-violentada-por-dois-muculmanos-no-paquistao","status":"publish","type":"post","link":"https:\/\/radioportoseguro.com.br\/site\/2026\/04\/19\/crista-fica-em-estado-grave-apos-ser-violentada-por-dois-muculmanos-no-paquistao\/","title":{"rendered":"Crist\u00e3 fica em estado grave ap\u00f3s ser violentada por dois mu\u00e7ulmanos no Paquist\u00e3o"},"content":{"rendered":"<p><br \/>\n<br \/><\/p>\n<div>\n<p><span style=\"font-weight: 400;\">Uma jovem crist\u00e3 de 25 anos est\u00e1 em estado grave ap\u00f3s ter sido <\/span><strong><span style=\"color: #993300;\">estuprada<\/span> <\/strong><span style=\"font-weight: 400;\">por dois mu\u00e7ulmanos no Paquist\u00e3o, no \u00faltimo s\u00e1bado (11).<\/span><\/p>\n<p><span style=\"font-weight: 400;\">A jovem, que n\u00e3o teve o nome divulgado por seguran\u00e7a, mora em uma comunidade rural na prov\u00edncia de Punjab e contou que foi violentada enquanto trabalhava como diarista em um pomar de lim\u00f5es.<\/span><\/p>\n<p><span style=\"font-weight: 400;\">Do hospital, a v\u00edtima relembrou que havia ido colher lim\u00f5es com outras mulheres para um contratante local, Faizan Mehboob Rehmani, tamb\u00e9m conhecido como Kaka.<\/span><\/p>\n<p><span style=\"font-weight: 400;\">Durante uma pausa, ele e outro homem a obrigaram a entrar em um c\u00f4modo dentro do pomar, onde aconteceu a viol\u00eancia.<\/span><\/p>\n<p><span style=\"font-weight: 400;\">\u201cO Kak\u00e1 pode ter pensado que eu era um alvo f\u00e1cil por ser crist\u00e3. Eles destru\u00edram a minha vida. Quero que a pol\u00edcia e os tribunais garantam que sejam punidos\u201d, disse ela ao Morning Star News.<\/span><\/p>\n<p><span style=\"font-weight: 400;\">Tariq Masih, tio da jovem, informou que a fam\u00edlia tamb\u00e9m est\u00e1 sofrendo amea\u00e7as: \u201cO acusado e seus familiares come\u00e7aram a nos pressionar para chegarmos a um acordo. Eles est\u00e3o nos amea\u00e7ando, dizendo que somos fracos e indefesos, que n\u00e3o temos condi\u00e7\u00f5es de levar o caso adiante\u201d.<\/span><\/p>\n<p><span style=\"font-weight: 400;\">Mesmo com dificuldades financeiras, ele est\u00e1 decidido a buscar justi\u00e7a: \u201cTenho f\u00e9 em nosso Senhor de que Ele n\u00e3o nos deixar\u00e1 sozinhos neste momento dif\u00edcil\u201d.<\/span><\/p>\n<p><strong>A gravidade do caso<\/strong><\/p>\n<p><span style=\"font-weight: 400;\">A jovem perdeu o pai h\u00e1 dois anos, e a m\u00e3e, que \u00e9 idosa e tem problemas de sa\u00fade, cuida de seis filhos com a ajuda de parentes.\u00a0<\/span><\/p>\n<p><span style=\"font-weight: 400;\">\u201cSomos muito pobres e a maioria de n\u00f3s trabalha como diaristas nos campos para sobreviver\u201d, contou o tio.<\/span><\/p>\n<p><span style=\"font-weight: 400;\">Ap\u00f3s o crime, a v\u00edtima foi encontrada desacordada em uma rua pr\u00f3xima de casa, com muito sangramento.\u00a0<\/span><\/p>\n<p><span style=\"font-weight: 400;\">\u201cAp\u00f3s ser estuprada repetidamente, ela foi encontrada inconsciente com as roupas encharcadas de sangue. Ficamos chocados e imediatamente ligamos para o resgate. Ela foi levada para um hospital p\u00fablico perto de nossa aldeia, onde permaneceu inconsciente por um dia\u201d, relatou o tio.<\/span><\/p>\n<p><span style=\"font-weight: 400;\">Quando acordou, a jovem contou \u00e0 fam\u00edlia que foi amea\u00e7ada com uma arma e violentada pelos dois homens.<\/span><\/p>\n<p><span style=\"font-weight: 400;\">\u201cEla contou ao meu filho e \u00e0 minha nora que Rehmani e outro homem, que ela conseguiu identificar, a estupraram. A agress\u00e3o foi t\u00e3o grave que ela levou 22 pontos na regi\u00e3o genital\u201d, disse o parente.<\/span><\/p>\n<p><span style=\"font-weight: 400;\">O tio relatou o crime \u00e0 pol\u00edcia e registrou um Boletim de Ocorr\u00eancia (BO), mas est\u00e1 preocupado com a demora nas investiga\u00e7\u00f5es:<\/span><\/p>\n<p><span style=\"font-weight: 400;\">\u201cA demora da pol\u00edcia permitiu que o principal acusado conseguisse liberdade sob fian\u00e7a at\u00e9 24 de abril\u201d.<\/span><\/p>\n<p><strong>\u2018Fiquei em estado de choque\u2019<\/strong><\/p>\n<p><span style=\"font-weight: 400;\">O estado de sa\u00fade da jovem piorou por causa do sangramento e de uma infec\u00e7\u00e3o. Na \u00faltima quarta-feira (15), ela foi transferida para um hospital em Lahore para tratamento especializado.<\/span><\/p>\n<p><span style=\"font-weight: 400;\">Mesmo debilitada, ela conseguiu relatar o que aconteceu: \u201cEu fui beber \u00e1gua do lado de fora de um c\u00f4modo no pomar quando Kaka e outro homem chegaram e me empurraram para dentro sob a mira de uma arma\u201d.\u00a0<\/span><\/p>\n<p><span style=\"font-weight: 400;\">E continuou: \u201cEles me for\u00e7aram a beber \u00e1gua, amarraram minhas m\u00e3os e p\u00e9s com meu len\u00e7o e enfiaram um pano na minha boca para que eu n\u00e3o pudesse gritar. Tentei resistir, mas Kaka apontou uma pistola para a minha cabe\u00e7a e amea\u00e7ou me matar\u201d.\u00a0<\/span><\/p>\n<p><span style=\"font-weight: 400;\">\u201cEle ent\u00e3o tirou minha cal\u00e7a e me estuprou enquanto o outro homem me segurava. Depois disso, o c\u00famplice dele tamb\u00e9m me estuprou, mas a essa altura eu j\u00e1 havia perdido a consci\u00eancia. N\u00e3o sei quantas vezes eles me agrediram\u201d, acrescentou.<\/span><\/p>\n<p><span style=\"font-weight: 400;\">Mais tarde, ela acordou e conseguiu sair do local: \u201cEu estava com muita dor e em estado de choque, mas de alguma forma consegui me vestir e caminhar em dire\u00e7\u00e3o \u00e0 estrada. Peguei um transporte para ir para casa, mas quando cheguei perto, desci e desmaiei depois de alguns passos. N\u00e3o me lembro de mais nada depois disso\u201d.<\/span><\/p>\n<p><span style=\"font-weight: 400;\">O grupo de assist\u00eancia jur\u00eddica gratuita Christians&#8217; True Spirit (CTS) assumiu o caso e est\u00e1 ajudando a fam\u00edlia.<\/span><\/p>\n<p><span style=\"font-weight: 400;\">\u201cOs m\u00e9dicos nos informaram que a v\u00edtima est\u00e1 sofrendo de uma infec\u00e7\u00e3o grave devido \u00e0s agress\u00f5es repetidas. J\u00e1 lidamos com muitos casos semelhantes, mas a brutalidade deste incidente nos chocou. Vamos garantir que os respons\u00e1veis \u200b\u200bsejam levados \u00e0 justi\u00e7a e recebam a puni\u00e7\u00e3o m\u00e1xima\u201d, informou Asher Sarfaraz, diretor executivo do CTS.<\/span><\/p>\n<p><span style=\"font-weight: 400;\">O Paquist\u00e3o ficou novamente em 8\u00ba lugar na <\/span><span style=\"color: #993300;\"><strong>Lista Mundial de Vigil\u00e2ncia 2026 da Portas Abertas<\/strong><\/span><span style=\"font-weight: 400;\">, que avalia a persegui\u00e7\u00e3o enfrentada por crist\u00e3os em todo o mundo.\u00a0<\/span><\/p>\n<\/div>\n<p><br \/>\n<br \/>Fonte: Guiame <\/p>\n","protected":false},"excerpt":{"rendered":"<p>Uma jovem crist\u00e3 de 25 anos est\u00e1 em estado grave ap\u00f3s ter sido estuprada por dois mu\u00e7ulmanos no Paquist\u00e3o, no \u00faltimo s\u00e1bado (11). A jovem, que n\u00e3o teve o nome divulgado por seguran\u00e7a, mora em uma comunidade rural na prov\u00edncia de Punjab e contou que foi violentada enquanto trabalhava como diarista em um pomar de [&hellip;]<\/p>\n","protected":false},"author":1,"featured_media":6194,"comment_status":"","ping_status":"open","sticky":false,"template":"","format":"standard","meta":{"footnotes":""},"categories":[43],"tags":[],"class_list":["post-6193","post","type-post","status-publish","format-standard","has-post-thumbnail","hentry","category-destaques"],"yoast_head":"<!-- This site is optimized with the Yoast SEO plugin v26.8 - https:\/\/yoast.com\/product\/yoast-seo-wordpress\/ -->\n<title>Crist\u00e3 fica em estado grave ap\u00f3s ser violentada por dois mu\u00e7ulmanos no Paquist\u00e3o - R\u00e1dio Porto Seguro<\/title>\n<meta name=\"robots\" content=\"index, follow, max-snippet:-1, max-image-preview:large, max-video-preview:-1\" \/>\n<link rel=\"canonical\" href=\"https:\/\/radioportoseguro.com.br\/site\/2026\/04\/19\/crista-fica-em-estado-grave-apos-ser-violentada-por-dois-muculmanos-no-paquistao\/\" \/>\n<meta property=\"og:locale\" content=\"pt_BR\" \/>\n<meta property=\"og:type\" content=\"article\" \/>\n<meta property=\"og:title\" content=\"Crist\u00e3 fica em estado grave ap\u00f3s ser violentada por dois mu\u00e7ulmanos no Paquist\u00e3o - R\u00e1dio Porto Seguro\" \/>\n<meta property=\"og:description\" content=\"Uma jovem crist\u00e3 de 25 anos est\u00e1 em estado grave ap\u00f3s ter sido estuprada por dois mu\u00e7ulmanos no Paquist\u00e3o, no \u00faltimo s\u00e1bado (11). A jovem, que n\u00e3o teve o nome divulgado por seguran\u00e7a, mora em uma comunidade rural na prov\u00edncia de Punjab e contou que foi violentada enquanto trabalhava como diarista em um pomar de [&hellip;]\" \/>\n<meta property=\"og:url\" content=\"https:\/\/radioportoseguro.com.br\/site\/2026\/04\/19\/crista-fica-em-estado-grave-apos-ser-violentada-por-dois-muculmanos-no-paquistao\/\" \/>\n<meta property=\"og:site_name\" content=\"R\u00e1dio Porto Seguro\" \/>\n<meta property=\"article:published_time\" content=\"2026-04-19T04:04:03+00:00\" \/>\n<meta property=\"og:image\" content=\"https:\/\/media.guiame.com.br\/archives\/2026\/04\/17\/3647717955-imagem-ilustrativa.jpeg\" \/>\n<meta name=\"author\" content=\"admin\" \/>\n<meta name=\"twitter:card\" content=\"summary_large_image\" \/>\n<meta name=\"twitter:label1\" content=\"Escrito por\" \/>\n\t<meta name=\"twitter:data1\" content=\"admin\" \/>\n\t<meta name=\"twitter:label2\" content=\"Est. tempo de leitura\" \/>\n\t<meta name=\"twitter:data2\" content=\"4 minutos\" \/>\n<script type=\"application\/ld+json\" class=\"yoast-schema-graph\">{\"@context\":\"https:\/\/schema.org\",\"@graph\":[{\"@type\":\"Article\",\"@id\":\"https:\/\/radioportoseguro.com.br\/site\/2026\/04\/19\/crista-fica-em-estado-grave-apos-ser-violentada-por-dois-muculmanos-no-paquistao\/#article\",\"isPartOf\":{\"@id\":\"https:\/\/radioportoseguro.com.br\/site\/2026\/04\/19\/crista-fica-em-estado-grave-apos-ser-violentada-por-dois-muculmanos-no-paquistao\/\"},\"author\":{\"name\":\"admin\",\"@id\":\"https:\/\/radioportoseguro.com.br\/site\/#\/schema\/person\/7630acdc320186f13639d3c067ec089b\"},\"headline\":\"Crist\u00e3 fica em estado grave ap\u00f3s ser violentada por dois mu\u00e7ulmanos no Paquist\u00e3o\",\"datePublished\":\"2026-04-19T04:04:03+00:00\",\"mainEntityOfPage\":{\"@id\":\"https:\/\/radioportoseguro.com.br\/site\/2026\/04\/19\/crista-fica-em-estado-grave-apos-ser-violentada-por-dois-muculmanos-no-paquistao\/\"},\"wordCount\":806,\"image\":{\"@id\":\"https:\/\/radioportoseguro.com.br\/site\/2026\/04\/19\/crista-fica-em-estado-grave-apos-ser-violentada-por-dois-muculmanos-no-paquistao\/#primaryimage\"},\"thumbnailUrl\":\"https:\/\/radioportoseguro.com.br\/site\/wp-content\/uploads\/2026\/04\/3647717955-imagem-ilustrativa.jpeg\",\"articleSection\":[\"Destaques\"],\"inLanguage\":\"pt-BR\"},{\"@type\":\"WebPage\",\"@id\":\"https:\/\/radioportoseguro.com.br\/site\/2026\/04\/19\/crista-fica-em-estado-grave-apos-ser-violentada-por-dois-muculmanos-no-paquistao\/\",\"url\":\"https:\/\/radioportoseguro.com.br\/site\/2026\/04\/19\/crista-fica-em-estado-grave-apos-ser-violentada-por-dois-muculmanos-no-paquistao\/\",\"name\":\"Crist\u00e3 fica em estado grave ap\u00f3s ser violentada por dois mu\u00e7ulmanos no Paquist\u00e3o - R\u00e1dio Porto Seguro\",\"isPartOf\":{\"@id\":\"https:\/\/radioportoseguro.com.br\/site\/#website\"},\"primaryImageOfPage\":{\"@id\":\"https:\/\/radioportoseguro.com.br\/site\/2026\/04\/19\/crista-fica-em-estado-grave-apos-ser-violentada-por-dois-muculmanos-no-paquistao\/#primaryimage\"},\"image\":{\"@id\":\"https:\/\/radioportoseguro.com.br\/site\/2026\/04\/19\/crista-fica-em-estado-grave-apos-ser-violentada-por-dois-muculmanos-no-paquistao\/#primaryimage\"},\"thumbnailUrl\":\"https:\/\/radioportoseguro.com.br\/site\/wp-content\/uploads\/2026\/04\/3647717955-imagem-ilustrativa.jpeg\",\"datePublished\":\"2026-04-19T04:04:03+00:00\",\"author\":{\"@id\":\"https:\/\/radioportoseguro.com.br\/site\/#\/schema\/person\/7630acdc320186f13639d3c067ec089b\"},\"breadcrumb\":{\"@id\":\"https:\/\/radioportoseguro.com.br\/site\/2026\/04\/19\/crista-fica-em-estado-grave-apos-ser-violentada-por-dois-muculmanos-no-paquistao\/#breadcrumb\"},\"inLanguage\":\"pt-BR\",\"potentialAction\":[{\"@type\":\"ReadAction\",\"target\":[\"https:\/\/radioportoseguro.com.br\/site\/2026\/04\/19\/crista-fica-em-estado-grave-apos-ser-violentada-por-dois-muculmanos-no-paquistao\/\"]}]},{\"@type\":\"ImageObject\",\"inLanguage\":\"pt-BR\",\"@id\":\"https:\/\/radioportoseguro.com.br\/site\/2026\/04\/19\/crista-fica-em-estado-grave-apos-ser-violentada-por-dois-muculmanos-no-paquistao\/#primaryimage\",\"url\":\"https:\/\/radioportoseguro.com.br\/site\/wp-content\/uploads\/2026\/04\/3647717955-imagem-ilustrativa.jpeg\",\"contentUrl\":\"https:\/\/radioportoseguro.com.br\/site\/wp-content\/uploads\/2026\/04\/3647717955-imagem-ilustrativa.jpeg\",\"width\":1200,\"height\":600},{\"@type\":\"BreadcrumbList\",\"@id\":\"https:\/\/radioportoseguro.com.br\/site\/2026\/04\/19\/crista-fica-em-estado-grave-apos-ser-violentada-por-dois-muculmanos-no-paquistao\/#breadcrumb\",\"itemListElement\":[{\"@type\":\"ListItem\",\"position\":1,\"name\":\"In\u00edcio\",\"item\":\"https:\/\/radioportoseguro.com.br\/site\/\"},{\"@type\":\"ListItem\",\"position\":2,\"name\":\"Crist\u00e3 fica em estado grave ap\u00f3s ser violentada por dois mu\u00e7ulmanos no Paquist\u00e3o\"}]},{\"@type\":\"WebSite\",\"@id\":\"https:\/\/radioportoseguro.com.br\/site\/#website\",\"url\":\"https:\/\/radioportoseguro.com.br\/site\/\",\"name\":\"R\u00e1dio Porto Seguro\",\"description\":\"\",\"potentialAction\":[{\"@type\":\"SearchAction\",\"target\":{\"@type\":\"EntryPoint\",\"urlTemplate\":\"https:\/\/radioportoseguro.com.br\/site\/?s={search_term_string}\"},\"query-input\":{\"@type\":\"PropertyValueSpecification\",\"valueRequired\":true,\"valueName\":\"search_term_string\"}}],\"inLanguage\":\"pt-BR\"},{\"@type\":\"Person\",\"@id\":\"https:\/\/radioportoseguro.com.br\/site\/#\/schema\/person\/7630acdc320186f13639d3c067ec089b\",\"name\":\"admin\",\"image\":{\"@type\":\"ImageObject\",\"inLanguage\":\"pt-BR\",\"@id\":\"https:\/\/radioportoseguro.com.br\/site\/#\/schema\/person\/image\/\",\"url\":\"https:\/\/secure.gravatar.com\/avatar\/caacf4dc1eedb68fab0df8e1ed46c448e578b2466351bbcb61e47d2ac0caaef0?s=96&d=mm&r=g\",\"contentUrl\":\"https:\/\/secure.gravatar.com\/avatar\/caacf4dc1eedb68fab0df8e1ed46c448e578b2466351bbcb61e47d2ac0caaef0?s=96&d=mm&r=g\",\"caption\":\"admin\"},\"sameAs\":[\"https:\/\/radioportoseguro.com.br\/site\"],\"url\":\"https:\/\/radioportoseguro.com.br\/site\/author\/hezio\/\"}]}<\/script>\n<!-- \/ Yoast SEO plugin. -->","yoast_head_json":{"title":"Crist\u00e3 fica em estado grave ap\u00f3s ser violentada por dois mu\u00e7ulmanos no Paquist\u00e3o - R\u00e1dio Porto Seguro","robots":{"index":"index","follow":"follow","max-snippet":"max-snippet:-1","max-image-preview":"max-image-preview:large","max-video-preview":"max-video-preview:-1"},"canonical":"https:\/\/radioportoseguro.com.br\/site\/2026\/04\/19\/crista-fica-em-estado-grave-apos-ser-violentada-por-dois-muculmanos-no-paquistao\/","og_locale":"pt_BR","og_type":"article","og_title":"Crist\u00e3 fica em estado grave ap\u00f3s ser violentada por dois mu\u00e7ulmanos no Paquist\u00e3o - R\u00e1dio Porto Seguro","og_description":"Uma jovem crist\u00e3 de 25 anos est\u00e1 em estado grave ap\u00f3s ter sido estuprada por dois mu\u00e7ulmanos no Paquist\u00e3o, no \u00faltimo s\u00e1bado (11). A jovem, que n\u00e3o teve o nome divulgado por seguran\u00e7a, mora em uma comunidade rural na prov\u00edncia de Punjab e contou que foi violentada enquanto trabalhava como diarista em um pomar de [&hellip;]","og_url":"https:\/\/radioportoseguro.com.br\/site\/2026\/04\/19\/crista-fica-em-estado-grave-apos-ser-violentada-por-dois-muculmanos-no-paquistao\/","og_site_name":"R\u00e1dio Porto Seguro","article_published_time":"2026-04-19T04:04:03+00:00","og_image":[{"url":"https:\/\/media.guiame.com.br\/archives\/2026\/04\/17\/3647717955-imagem-ilustrativa.jpeg","type":"","width":"","height":""}],"author":"admin","twitter_card":"summary_large_image","twitter_misc":{"Escrito por":"admin","Est. tempo de leitura":"4 minutos"},"schema":{"@context":"https:\/\/schema.org","@graph":[{"@type":"Article","@id":"https:\/\/radioportoseguro.com.br\/site\/2026\/04\/19\/crista-fica-em-estado-grave-apos-ser-violentada-por-dois-muculmanos-no-paquistao\/#article","isPartOf":{"@id":"https:\/\/radioportoseguro.com.br\/site\/2026\/04\/19\/crista-fica-em-estado-grave-apos-ser-violentada-por-dois-muculmanos-no-paquistao\/"},"author":{"name":"admin","@id":"https:\/\/radioportoseguro.com.br\/site\/#\/schema\/person\/7630acdc320186f13639d3c067ec089b"},"headline":"Crist\u00e3 fica em estado grave ap\u00f3s ser violentada por dois mu\u00e7ulmanos no Paquist\u00e3o","datePublished":"2026-04-19T04:04:03+00:00","mainEntityOfPage":{"@id":"https:\/\/radioportoseguro.com.br\/site\/2026\/04\/19\/crista-fica-em-estado-grave-apos-ser-violentada-por-dois-muculmanos-no-paquistao\/"},"wordCount":806,"image":{"@id":"https:\/\/radioportoseguro.com.br\/site\/2026\/04\/19\/crista-fica-em-estado-grave-apos-ser-violentada-por-dois-muculmanos-no-paquistao\/#primaryimage"},"thumbnailUrl":"https:\/\/radioportoseguro.com.br\/site\/wp-content\/uploads\/2026\/04\/3647717955-imagem-ilustrativa.jpeg","articleSection":["Destaques"],"inLanguage":"pt-BR"},{"@type":"WebPage","@id":"https:\/\/radioportoseguro.com.br\/site\/2026\/04\/19\/crista-fica-em-estado-grave-apos-ser-violentada-por-dois-muculmanos-no-paquistao\/","url":"https:\/\/radioportoseguro.com.br\/site\/2026\/04\/19\/crista-fica-em-estado-grave-apos-ser-violentada-por-dois-muculmanos-no-paquistao\/","name":"Crist\u00e3 fica em estado grave ap\u00f3s ser violentada por dois mu\u00e7ulmanos no Paquist\u00e3o - R\u00e1dio Porto Seguro","isPartOf":{"@id":"https:\/\/radioportoseguro.com.br\/site\/#website"},"primaryImageOfPage":{"@id":"https:\/\/radioportoseguro.com.br\/site\/2026\/04\/19\/crista-fica-em-estado-grave-apos-ser-violentada-por-dois-muculmanos-no-paquistao\/#primaryimage"},"image":{"@id":"https:\/\/radioportoseguro.com.br\/site\/2026\/04\/19\/crista-fica-em-estado-grave-apos-ser-violentada-por-dois-muculmanos-no-paquistao\/#primaryimage"},"thumbnailUrl":"https:\/\/radioportoseguro.com.br\/site\/wp-content\/uploads\/2026\/04\/3647717955-imagem-ilustrativa.jpeg","datePublished":"2026-04-19T04:04:03+00:00","author":{"@id":"https:\/\/radioportoseguro.com.br\/site\/#\/schema\/person\/7630acdc320186f13639d3c067ec089b"},"breadcrumb":{"@id":"https:\/\/radioportoseguro.com.br\/site\/2026\/04\/19\/crista-fica-em-estado-grave-apos-ser-violentada-por-dois-muculmanos-no-paquistao\/#breadcrumb"},"inLanguage":"pt-BR","potentialAction":[{"@type":"ReadAction","target":["https:\/\/radioportoseguro.com.br\/site\/2026\/04\/19\/crista-fica-em-estado-grave-apos-ser-violentada-por-dois-muculmanos-no-paquistao\/"]}]},{"@type":"ImageObject","inLanguage":"pt-BR","@id":"https:\/\/radioportoseguro.com.br\/site\/2026\/04\/19\/crista-fica-em-estado-grave-apos-ser-violentada-por-dois-muculmanos-no-paquistao\/#primaryimage","url":"https:\/\/radioportoseguro.com.br\/site\/wp-content\/uploads\/2026\/04\/3647717955-imagem-ilustrativa.jpeg","contentUrl":"https:\/\/radioportoseguro.com.br\/site\/wp-content\/uploads\/2026\/04\/3647717955-imagem-ilustrativa.jpeg","width":1200,"height":600},{"@type":"BreadcrumbList","@id":"https:\/\/radioportoseguro.com.br\/site\/2026\/04\/19\/crista-fica-em-estado-grave-apos-ser-violentada-por-dois-muculmanos-no-paquistao\/#breadcrumb","itemListElement":[{"@type":"ListItem","position":1,"name":"In\u00edcio","item":"https:\/\/radioportoseguro.com.br\/site\/"},{"@type":"ListItem","position":2,"name":"Crist\u00e3 fica em estado grave ap\u00f3s ser violentada por dois mu\u00e7ulmanos no Paquist\u00e3o"}]},{"@type":"WebSite","@id":"https:\/\/radioportoseguro.com.br\/site\/#website","url":"https:\/\/radioportoseguro.com.br\/site\/","name":"R\u00e1dio Porto Seguro","description":"","potentialAction":[{"@type":"SearchAction","target":{"@type":"EntryPoint","urlTemplate":"https:\/\/radioportoseguro.com.br\/site\/?s={search_term_string}"},"query-input":{"@type":"PropertyValueSpecification","valueRequired":true,"valueName":"search_term_string"}}],"inLanguage":"pt-BR"},{"@type":"Person","@id":"https:\/\/radioportoseguro.com.br\/site\/#\/schema\/person\/7630acdc320186f13639d3c067ec089b","name":"admin","image":{"@type":"ImageObject","inLanguage":"pt-BR","@id":"https:\/\/radioportoseguro.com.br\/site\/#\/schema\/person\/image\/","url":"https:\/\/secure.gravatar.com\/avatar\/caacf4dc1eedb68fab0df8e1ed46c448e578b2466351bbcb61e47d2ac0caaef0?s=96&d=mm&r=g","contentUrl":"https:\/\/secure.gravatar.com\/avatar\/caacf4dc1eedb68fab0df8e1ed46c448e578b2466351bbcb61e47d2ac0caaef0?s=96&d=mm&r=g","caption":"admin"},"sameAs":["https:\/\/radioportoseguro.com.br\/site"],"url":"https:\/\/radioportoseguro.com.br\/site\/author\/hezio\/"}]}},"_links":{"self":[{"href":"https:\/\/radioportoseguro.com.br\/site\/wp-json\/wp\/v2\/posts\/6193","targetHints":{"allow":["GET"]}}],"collection":[{"href":"https:\/\/radioportoseguro.com.br\/site\/wp-json\/wp\/v2\/posts"}],"about":[{"href":"https:\/\/radioportoseguro.com.br\/site\/wp-json\/wp\/v2\/types\/post"}],"author":[{"embeddable":true,"href":"https:\/\/radioportoseguro.com.br\/site\/wp-json\/wp\/v2\/users\/1"}],"replies":[{"embeddable":true,"href":"https:\/\/radioportoseguro.com.br\/site\/wp-json\/wp\/v2\/comments?post=6193"}],"version-history":[{"count":0,"href":"https:\/\/radioportoseguro.com.br\/site\/wp-json\/wp\/v2\/posts\/6193\/revisions"}],"wp:featuredmedia":[{"embeddable":true,"href":"https:\/\/radioportoseguro.com.br\/site\/wp-json\/wp\/v2\/media\/6194"}],"wp:attachment":[{"href":"https:\/\/radioportoseguro.com.br\/site\/wp-json\/wp\/v2\/media?parent=6193"}],"wp:term":[{"taxonomy":"category","embeddable":true,"href":"https:\/\/radioportoseguro.com.br\/site\/wp-json\/wp\/v2\/categories?post=6193"},{"taxonomy":"post_tag","embeddable":true,"href":"https:\/\/radioportoseguro.com.br\/site\/wp-json\/wp\/v2\/tags?post=6193"}],"curies":[{"name":"wp","href":"https:\/\/api.w.org\/{rel}","templated":true}]}}