{"id":6195,"date":"2026-04-19T02:03:29","date_gmt":"2026-04-19T05:03:29","guid":{"rendered":"https:\/\/radioportoseguro.com.br\/site\/2026\/04\/19\/ataque-russo-destroi-igreja-e-mata-lider-evangelico-na-ucrania\/"},"modified":"2026-04-19T02:03:29","modified_gmt":"2026-04-19T05:03:29","slug":"ataque-russo-destroi-igreja-e-mata-lider-evangelico-na-ucrania","status":"publish","type":"post","link":"https:\/\/radioportoseguro.com.br\/site\/2026\/04\/19\/ataque-russo-destroi-igreja-e-mata-lider-evangelico-na-ucrania\/","title":{"rendered":"Ataque russo destr\u00f3i igreja e mata l\u00edder evang\u00e9lico na Ucr\u00e2nia"},"content":{"rendered":"<p><br \/>\n<\/p>\n<div>\n<div class=\"td-post-featured-image\">\n<figure><figcaption class=\"wp-caption-text\">Igreja Batista na Ucr\u00e2nia destru\u00edda ap\u00f3s ataque da R\u00fassia (Foto: Reprodu\u00e7\u00e3o\/Instagram)<\/figcaption><\/figure>\n<\/div>\n<p> <!-- A generated by theme --> <\/p>\n<p> <!-- end A --> <\/p>\n<p>Um novo e devastador ataque russo contra a Ucr\u00e2nia intensificou o conflito nesta quinta-feira (16), resultando na\u00a0destrui\u00e7\u00e3o de um templo\u00a0na cidade de Zapor\u00edjia e na morte de um l\u00edder evang\u00e9lico. O bombardeio, que utilizou dezenas de m\u00edsseis e centenas de drones, atingiu diversas regi\u00f5es do pa\u00eds, causando um rastro de destrui\u00e7\u00e3o e perdas significativas.<\/p>\n<p>O mission\u00e1rio Lyubomyr Matveyev, atuante na Ucr\u00e2nia e ligado \u00e0 Junta de Miss\u00f5es Mundiais (JMM), relatou a tens\u00e3o vivida durante a noite em uma mensagem enviada ao pastor Jo\u00e3o Marcos Barreto Soares, diretor-executivo da JMM. \u201cTivemos uma noite bem complicada. Estamos bem, gra\u00e7as a Deus, mas na cidade de Zapor\u00edjia um m\u00edssil russo atingiu a nossa igreja, destruiu o templo e causou a\u00a0morte de um dos l\u00edderes\u201d, detalhou Matveyev.<\/p>\n<p>A ofensiva russa, descrita por autoridades ucranianas como uma das mais dif\u00edceis dos \u00faltimos meses, lan\u00e7ou cerca de 700 drones, al\u00e9m de m\u00edsseis bal\u00edsticos e de cruzeiro. O ataque deixou um saldo tr\u00e1gico de ao menos 18 mortos, incluindo uma crian\u00e7a, e mais de 100 feridos. As a\u00e7\u00f5es provocaram danos em \u00e1reas urbanas e\u00a0atingiram diferentes cidades\u00a0ucranianas.<\/p>\n<p>A For\u00e7a A\u00e9rea da Ucr\u00e2nia informou ter interceptado a maior parte dos proj\u00e9teis, neutralizando a maioria das amea\u00e7as a\u00e9reas. Contudo, parte dos ataques conseguiu atingir alvos em pelo menos 26 localidades. Cidades como Kherson e Mykolaiv sofreram interrup\u00e7\u00f5es no fornecimento de energia em decorr\u00eancia dos impactos.<\/p>\n<p>Diante da gravidade da situa\u00e7\u00e3o, o pastor Jo\u00e3o Marcos refor\u00e7ou o pedido de intercess\u00e3o pela Ucr\u00e2nia, pelo fim da guerra e pela prote\u00e7\u00e3o dos mission\u00e1rios que atuam no pa\u00eds. O epis\u00f3dio ocorre enquanto o presidente ucraniano, Volodymyr Zelensky, busca refor\u00e7ar os sistemas de defesa a\u00e9rea em uma agenda internacional pela Europa, visitando Alemanha, Noruega e It\u00e1lia.<\/p>\n<p>Em declara\u00e7\u00e3o p\u00fablica, Zelensky criticou a resposta internacional, afirmando: \u201cMais uma noite mostra que n\u00e3o h\u00e1 espa\u00e7o para flexibiliza\u00e7\u00e3o ou al\u00edvio de san\u00e7\u00f5es neste momento\u201d. Por outro lado, o Minist\u00e9rio da Defesa russo declarou que a ofensiva foi uma retalia\u00e7\u00e3o a ataques ucranianos anteriores, com alvos em instala\u00e7\u00f5es militares e estruturas de apoio \u00e0s for\u00e7as armadas ucranianas. Drones tamb\u00e9m atingiram a regi\u00e3o portu\u00e1ria de Tuapse, no Mar Negro, resultando em mortes, feridos e um inc\u00eandio de grandes propor\u00e7\u00f5es.<\/p>\n<p> <!-- A generated by theme --> <\/p>\n<p> <!-- end A --> <\/p>\n<figure class=\"wp-block-embed is-type-rich is-provider-instagram wp-block-embed-instagram\"\/>\n<p><strong>Folha Gospel<\/strong><\/p>\n<p> <!-- A generated by theme --> <\/p>\n<p> <!-- end A --> <\/p><\/div>\n<p><script>(function (d, s, id) {\n                var js, fjs = d.getElementsByTagName(s)[0];\n                if (d.getElementById(id)) return;\n                js = d.createElement(s);\n                js.id = id;\n                js.src=\"https:\/\/connect.facebook.net\/pt_BR\/sdk.js#xfbml=1&version=v2.11&appId=264312870658742&autoLogAppEvents=1\";\n                fjs.parentNode.insertBefore(js, fjs);\n            }(document, 'script', 'facebook-jssdk'));<\/script><br \/>\n<br \/><br \/>\n<br \/>Fonte: Folha Gospel<\/p>\n","protected":false},"excerpt":{"rendered":"<p>Igreja Batista na Ucr\u00e2nia destru\u00edda ap\u00f3s ataque da R\u00fassia (Foto: Reprodu\u00e7\u00e3o\/Instagram) Um novo e devastador ataque russo contra a Ucr\u00e2nia intensificou o conflito nesta quinta-feira (16), resultando na\u00a0destrui\u00e7\u00e3o de um templo\u00a0na cidade de Zapor\u00edjia e na morte de um l\u00edder evang\u00e9lico. O bombardeio, que utilizou dezenas de m\u00edsseis e centenas de drones, atingiu diversas regi\u00f5es [&hellip;]<\/p>\n","protected":false},"author":1,"featured_media":6196,"comment_status":"","ping_status":"open","sticky":false,"template":"","format":"standard","meta":{"footnotes":""},"categories":[3],"tags":[],"class_list":["post-6195","post","type-post","status-publish","format-standard","has-post-thumbnail","hentry","category-gospel"],"yoast_head":"<!-- This site is optimized with the Yoast SEO plugin v26.8 - https:\/\/yoast.com\/product\/yoast-seo-wordpress\/ -->\n<title>Ataque russo destr\u00f3i igreja e mata l\u00edder evang\u00e9lico na Ucr\u00e2nia - R\u00e1dio Porto Seguro<\/title>\n<meta name=\"robots\" content=\"index, follow, max-snippet:-1, max-image-preview:large, max-video-preview:-1\" \/>\n<link rel=\"canonical\" href=\"https:\/\/radioportoseguro.com.br\/site\/2026\/04\/19\/ataque-russo-destroi-igreja-e-mata-lider-evangelico-na-ucrania\/\" \/>\n<meta property=\"og:locale\" content=\"pt_BR\" \/>\n<meta property=\"og:type\" content=\"article\" \/>\n<meta property=\"og:title\" content=\"Ataque russo destr\u00f3i igreja e mata l\u00edder evang\u00e9lico na Ucr\u00e2nia - R\u00e1dio Porto Seguro\" \/>\n<meta property=\"og:description\" content=\"Igreja Batista na Ucr\u00e2nia destru\u00edda ap\u00f3s ataque da R\u00fassia (Foto: Reprodu\u00e7\u00e3o\/Instagram) Um novo e devastador ataque russo contra a Ucr\u00e2nia intensificou o conflito nesta quinta-feira (16), resultando na\u00a0destrui\u00e7\u00e3o de um templo\u00a0na cidade de Zapor\u00edjia e na morte de um l\u00edder evang\u00e9lico. O bombardeio, que utilizou dezenas de m\u00edsseis e centenas de drones, atingiu diversas regi\u00f5es [&hellip;]\" \/>\n<meta property=\"og:url\" content=\"https:\/\/radioportoseguro.com.br\/site\/2026\/04\/19\/ataque-russo-destroi-igreja-e-mata-lider-evangelico-na-ucrania\/\" \/>\n<meta property=\"og:site_name\" content=\"R\u00e1dio Porto Seguro\" \/>\n<meta property=\"article:published_time\" content=\"2026-04-19T05:03:29+00:00\" \/>\n<meta property=\"og:image\" content=\"https:\/\/i0.wp.com\/folhagospel.com\/wp-content\/uploads\/2026\/04\/image-17-e1776506788416.png?resize=696%2C435&amp;ssl=1\" \/>\n<meta name=\"author\" content=\"admin\" \/>\n<meta name=\"twitter:card\" content=\"summary_large_image\" \/>\n<meta name=\"twitter:label1\" content=\"Escrito por\" \/>\n\t<meta name=\"twitter:data1\" content=\"admin\" \/>\n\t<meta name=\"twitter:label2\" content=\"Est. tempo de leitura\" \/>\n\t<meta name=\"twitter:data2\" content=\"2 minutos\" \/>\n<script type=\"application\/ld+json\" class=\"yoast-schema-graph\">{\"@context\":\"https:\/\/schema.org\",\"@graph\":[{\"@type\":\"Article\",\"@id\":\"https:\/\/radioportoseguro.com.br\/site\/2026\/04\/19\/ataque-russo-destroi-igreja-e-mata-lider-evangelico-na-ucrania\/#article\",\"isPartOf\":{\"@id\":\"https:\/\/radioportoseguro.com.br\/site\/2026\/04\/19\/ataque-russo-destroi-igreja-e-mata-lider-evangelico-na-ucrania\/\"},\"author\":{\"name\":\"admin\",\"@id\":\"https:\/\/radioportoseguro.com.br\/site\/#\/schema\/person\/7630acdc320186f13639d3c067ec089b\"},\"headline\":\"Ataque russo destr\u00f3i igreja e mata l\u00edder evang\u00e9lico na Ucr\u00e2nia\",\"datePublished\":\"2026-04-19T05:03:29+00:00\",\"mainEntityOfPage\":{\"@id\":\"https:\/\/radioportoseguro.com.br\/site\/2026\/04\/19\/ataque-russo-destroi-igreja-e-mata-lider-evangelico-na-ucrania\/\"},\"wordCount\":458,\"image\":{\"@id\":\"https:\/\/radioportoseguro.com.br\/site\/2026\/04\/19\/ataque-russo-destroi-igreja-e-mata-lider-evangelico-na-ucrania\/#primaryimage\"},\"thumbnailUrl\":\"https:\/\/radioportoseguro.com.br\/site\/wp-content\/uploads\/2026\/04\/image-17-e1776506788416.png\",\"articleSection\":[\"Gospel\"],\"inLanguage\":\"pt-BR\"},{\"@type\":\"WebPage\",\"@id\":\"https:\/\/radioportoseguro.com.br\/site\/2026\/04\/19\/ataque-russo-destroi-igreja-e-mata-lider-evangelico-na-ucrania\/\",\"url\":\"https:\/\/radioportoseguro.com.br\/site\/2026\/04\/19\/ataque-russo-destroi-igreja-e-mata-lider-evangelico-na-ucrania\/\",\"name\":\"Ataque russo destr\u00f3i igreja e mata l\u00edder evang\u00e9lico na Ucr\u00e2nia - R\u00e1dio Porto Seguro\",\"isPartOf\":{\"@id\":\"https:\/\/radioportoseguro.com.br\/site\/#website\"},\"primaryImageOfPage\":{\"@id\":\"https:\/\/radioportoseguro.com.br\/site\/2026\/04\/19\/ataque-russo-destroi-igreja-e-mata-lider-evangelico-na-ucrania\/#primaryimage\"},\"image\":{\"@id\":\"https:\/\/radioportoseguro.com.br\/site\/2026\/04\/19\/ataque-russo-destroi-igreja-e-mata-lider-evangelico-na-ucrania\/#primaryimage\"},\"thumbnailUrl\":\"https:\/\/radioportoseguro.com.br\/site\/wp-content\/uploads\/2026\/04\/image-17-e1776506788416.png\",\"datePublished\":\"2026-04-19T05:03:29+00:00\",\"author\":{\"@id\":\"https:\/\/radioportoseguro.com.br\/site\/#\/schema\/person\/7630acdc320186f13639d3c067ec089b\"},\"breadcrumb\":{\"@id\":\"https:\/\/radioportoseguro.com.br\/site\/2026\/04\/19\/ataque-russo-destroi-igreja-e-mata-lider-evangelico-na-ucrania\/#breadcrumb\"},\"inLanguage\":\"pt-BR\",\"potentialAction\":[{\"@type\":\"ReadAction\",\"target\":[\"https:\/\/radioportoseguro.com.br\/site\/2026\/04\/19\/ataque-russo-destroi-igreja-e-mata-lider-evangelico-na-ucrania\/\"]}]},{\"@type\":\"ImageObject\",\"inLanguage\":\"pt-BR\",\"@id\":\"https:\/\/radioportoseguro.com.br\/site\/2026\/04\/19\/ataque-russo-destroi-igreja-e-mata-lider-evangelico-na-ucrania\/#primaryimage\",\"url\":\"https:\/\/radioportoseguro.com.br\/site\/wp-content\/uploads\/2026\/04\/image-17-e1776506788416.png\",\"contentUrl\":\"https:\/\/radioportoseguro.com.br\/site\/wp-content\/uploads\/2026\/04\/image-17-e1776506788416.png\",\"width\":800,\"height\":500},{\"@type\":\"BreadcrumbList\",\"@id\":\"https:\/\/radioportoseguro.com.br\/site\/2026\/04\/19\/ataque-russo-destroi-igreja-e-mata-lider-evangelico-na-ucrania\/#breadcrumb\",\"itemListElement\":[{\"@type\":\"ListItem\",\"position\":1,\"name\":\"In\u00edcio\",\"item\":\"https:\/\/radioportoseguro.com.br\/site\/\"},{\"@type\":\"ListItem\",\"position\":2,\"name\":\"Ataque russo destr\u00f3i igreja e mata l\u00edder evang\u00e9lico na Ucr\u00e2nia\"}]},{\"@type\":\"WebSite\",\"@id\":\"https:\/\/radioportoseguro.com.br\/site\/#website\",\"url\":\"https:\/\/radioportoseguro.com.br\/site\/\",\"name\":\"R\u00e1dio Porto Seguro\",\"description\":\"\",\"potentialAction\":[{\"@type\":\"SearchAction\",\"target\":{\"@type\":\"EntryPoint\",\"urlTemplate\":\"https:\/\/radioportoseguro.com.br\/site\/?s={search_term_string}\"},\"query-input\":{\"@type\":\"PropertyValueSpecification\",\"valueRequired\":true,\"valueName\":\"search_term_string\"}}],\"inLanguage\":\"pt-BR\"},{\"@type\":\"Person\",\"@id\":\"https:\/\/radioportoseguro.com.br\/site\/#\/schema\/person\/7630acdc320186f13639d3c067ec089b\",\"name\":\"admin\",\"image\":{\"@type\":\"ImageObject\",\"inLanguage\":\"pt-BR\",\"@id\":\"https:\/\/radioportoseguro.com.br\/site\/#\/schema\/person\/image\/\",\"url\":\"https:\/\/secure.gravatar.com\/avatar\/caacf4dc1eedb68fab0df8e1ed46c448e578b2466351bbcb61e47d2ac0caaef0?s=96&d=mm&r=g\",\"contentUrl\":\"https:\/\/secure.gravatar.com\/avatar\/caacf4dc1eedb68fab0df8e1ed46c448e578b2466351bbcb61e47d2ac0caaef0?s=96&d=mm&r=g\",\"caption\":\"admin\"},\"sameAs\":[\"https:\/\/radioportoseguro.com.br\/site\"],\"url\":\"https:\/\/radioportoseguro.com.br\/site\/author\/hezio\/\"}]}<\/script>\n<!-- \/ Yoast SEO plugin. -->","yoast_head_json":{"title":"Ataque russo destr\u00f3i igreja e mata l\u00edder evang\u00e9lico na Ucr\u00e2nia - R\u00e1dio Porto Seguro","robots":{"index":"index","follow":"follow","max-snippet":"max-snippet:-1","max-image-preview":"max-image-preview:large","max-video-preview":"max-video-preview:-1"},"canonical":"https:\/\/radioportoseguro.com.br\/site\/2026\/04\/19\/ataque-russo-destroi-igreja-e-mata-lider-evangelico-na-ucrania\/","og_locale":"pt_BR","og_type":"article","og_title":"Ataque russo destr\u00f3i igreja e mata l\u00edder evang\u00e9lico na Ucr\u00e2nia - R\u00e1dio Porto Seguro","og_description":"Igreja Batista na Ucr\u00e2nia destru\u00edda ap\u00f3s ataque da R\u00fassia (Foto: Reprodu\u00e7\u00e3o\/Instagram) Um novo e devastador ataque russo contra a Ucr\u00e2nia intensificou o conflito nesta quinta-feira (16), resultando na\u00a0destrui\u00e7\u00e3o de um templo\u00a0na cidade de Zapor\u00edjia e na morte de um l\u00edder evang\u00e9lico. O bombardeio, que utilizou dezenas de m\u00edsseis e centenas de drones, atingiu diversas regi\u00f5es [&hellip;]","og_url":"https:\/\/radioportoseguro.com.br\/site\/2026\/04\/19\/ataque-russo-destroi-igreja-e-mata-lider-evangelico-na-ucrania\/","og_site_name":"R\u00e1dio Porto Seguro","article_published_time":"2026-04-19T05:03:29+00:00","og_image":[{"url":"https:\/\/i0.wp.com\/folhagospel.com\/wp-content\/uploads\/2026\/04\/image-17-e1776506788416.png?resize=696%2C435&amp;ssl=1","type":"","width":"","height":""}],"author":"admin","twitter_card":"summary_large_image","twitter_misc":{"Escrito por":"admin","Est. tempo de leitura":"2 minutos"},"schema":{"@context":"https:\/\/schema.org","@graph":[{"@type":"Article","@id":"https:\/\/radioportoseguro.com.br\/site\/2026\/04\/19\/ataque-russo-destroi-igreja-e-mata-lider-evangelico-na-ucrania\/#article","isPartOf":{"@id":"https:\/\/radioportoseguro.com.br\/site\/2026\/04\/19\/ataque-russo-destroi-igreja-e-mata-lider-evangelico-na-ucrania\/"},"author":{"name":"admin","@id":"https:\/\/radioportoseguro.com.br\/site\/#\/schema\/person\/7630acdc320186f13639d3c067ec089b"},"headline":"Ataque russo destr\u00f3i igreja e mata l\u00edder evang\u00e9lico na Ucr\u00e2nia","datePublished":"2026-04-19T05:03:29+00:00","mainEntityOfPage":{"@id":"https:\/\/radioportoseguro.com.br\/site\/2026\/04\/19\/ataque-russo-destroi-igreja-e-mata-lider-evangelico-na-ucrania\/"},"wordCount":458,"image":{"@id":"https:\/\/radioportoseguro.com.br\/site\/2026\/04\/19\/ataque-russo-destroi-igreja-e-mata-lider-evangelico-na-ucrania\/#primaryimage"},"thumbnailUrl":"https:\/\/radioportoseguro.com.br\/site\/wp-content\/uploads\/2026\/04\/image-17-e1776506788416.png","articleSection":["Gospel"],"inLanguage":"pt-BR"},{"@type":"WebPage","@id":"https:\/\/radioportoseguro.com.br\/site\/2026\/04\/19\/ataque-russo-destroi-igreja-e-mata-lider-evangelico-na-ucrania\/","url":"https:\/\/radioportoseguro.com.br\/site\/2026\/04\/19\/ataque-russo-destroi-igreja-e-mata-lider-evangelico-na-ucrania\/","name":"Ataque russo destr\u00f3i igreja e mata l\u00edder evang\u00e9lico na Ucr\u00e2nia - R\u00e1dio Porto Seguro","isPartOf":{"@id":"https:\/\/radioportoseguro.com.br\/site\/#website"},"primaryImageOfPage":{"@id":"https:\/\/radioportoseguro.com.br\/site\/2026\/04\/19\/ataque-russo-destroi-igreja-e-mata-lider-evangelico-na-ucrania\/#primaryimage"},"image":{"@id":"https:\/\/radioportoseguro.com.br\/site\/2026\/04\/19\/ataque-russo-destroi-igreja-e-mata-lider-evangelico-na-ucrania\/#primaryimage"},"thumbnailUrl":"https:\/\/radioportoseguro.com.br\/site\/wp-content\/uploads\/2026\/04\/image-17-e1776506788416.png","datePublished":"2026-04-19T05:03:29+00:00","author":{"@id":"https:\/\/radioportoseguro.com.br\/site\/#\/schema\/person\/7630acdc320186f13639d3c067ec089b"},"breadcrumb":{"@id":"https:\/\/radioportoseguro.com.br\/site\/2026\/04\/19\/ataque-russo-destroi-igreja-e-mata-lider-evangelico-na-ucrania\/#breadcrumb"},"inLanguage":"pt-BR","potentialAction":[{"@type":"ReadAction","target":["https:\/\/radioportoseguro.com.br\/site\/2026\/04\/19\/ataque-russo-destroi-igreja-e-mata-lider-evangelico-na-ucrania\/"]}]},{"@type":"ImageObject","inLanguage":"pt-BR","@id":"https:\/\/radioportoseguro.com.br\/site\/2026\/04\/19\/ataque-russo-destroi-igreja-e-mata-lider-evangelico-na-ucrania\/#primaryimage","url":"https:\/\/radioportoseguro.com.br\/site\/wp-content\/uploads\/2026\/04\/image-17-e1776506788416.png","contentUrl":"https:\/\/radioportoseguro.com.br\/site\/wp-content\/uploads\/2026\/04\/image-17-e1776506788416.png","width":800,"height":500},{"@type":"BreadcrumbList","@id":"https:\/\/radioportoseguro.com.br\/site\/2026\/04\/19\/ataque-russo-destroi-igreja-e-mata-lider-evangelico-na-ucrania\/#breadcrumb","itemListElement":[{"@type":"ListItem","position":1,"name":"In\u00edcio","item":"https:\/\/radioportoseguro.com.br\/site\/"},{"@type":"ListItem","position":2,"name":"Ataque russo destr\u00f3i igreja e mata l\u00edder evang\u00e9lico na Ucr\u00e2nia"}]},{"@type":"WebSite","@id":"https:\/\/radioportoseguro.com.br\/site\/#website","url":"https:\/\/radioportoseguro.com.br\/site\/","name":"R\u00e1dio Porto Seguro","description":"","potentialAction":[{"@type":"SearchAction","target":{"@type":"EntryPoint","urlTemplate":"https:\/\/radioportoseguro.com.br\/site\/?s={search_term_string}"},"query-input":{"@type":"PropertyValueSpecification","valueRequired":true,"valueName":"search_term_string"}}],"inLanguage":"pt-BR"},{"@type":"Person","@id":"https:\/\/radioportoseguro.com.br\/site\/#\/schema\/person\/7630acdc320186f13639d3c067ec089b","name":"admin","image":{"@type":"ImageObject","inLanguage":"pt-BR","@id":"https:\/\/radioportoseguro.com.br\/site\/#\/schema\/person\/image\/","url":"https:\/\/secure.gravatar.com\/avatar\/caacf4dc1eedb68fab0df8e1ed46c448e578b2466351bbcb61e47d2ac0caaef0?s=96&d=mm&r=g","contentUrl":"https:\/\/secure.gravatar.com\/avatar\/caacf4dc1eedb68fab0df8e1ed46c448e578b2466351bbcb61e47d2ac0caaef0?s=96&d=mm&r=g","caption":"admin"},"sameAs":["https:\/\/radioportoseguro.com.br\/site"],"url":"https:\/\/radioportoseguro.com.br\/site\/author\/hezio\/"}]}},"_links":{"self":[{"href":"https:\/\/radioportoseguro.com.br\/site\/wp-json\/wp\/v2\/posts\/6195","targetHints":{"allow":["GET"]}}],"collection":[{"href":"https:\/\/radioportoseguro.com.br\/site\/wp-json\/wp\/v2\/posts"}],"about":[{"href":"https:\/\/radioportoseguro.com.br\/site\/wp-json\/wp\/v2\/types\/post"}],"author":[{"embeddable":true,"href":"https:\/\/radioportoseguro.com.br\/site\/wp-json\/wp\/v2\/users\/1"}],"replies":[{"embeddable":true,"href":"https:\/\/radioportoseguro.com.br\/site\/wp-json\/wp\/v2\/comments?post=6195"}],"version-history":[{"count":0,"href":"https:\/\/radioportoseguro.com.br\/site\/wp-json\/wp\/v2\/posts\/6195\/revisions"}],"wp:featuredmedia":[{"embeddable":true,"href":"https:\/\/radioportoseguro.com.br\/site\/wp-json\/wp\/v2\/media\/6196"}],"wp:attachment":[{"href":"https:\/\/radioportoseguro.com.br\/site\/wp-json\/wp\/v2\/media?parent=6195"}],"wp:term":[{"taxonomy":"category","embeddable":true,"href":"https:\/\/radioportoseguro.com.br\/site\/wp-json\/wp\/v2\/categories?post=6195"},{"taxonomy":"post_tag","embeddable":true,"href":"https:\/\/radioportoseguro.com.br\/site\/wp-json\/wp\/v2\/tags?post=6195"}],"curies":[{"name":"wp","href":"https:\/\/api.w.org\/{rel}","templated":true}]}}