{"id":6197,"date":"2026-04-19T03:20:02","date_gmt":"2026-04-19T06:20:02","guid":{"rendered":"https:\/\/radioportoseguro.com.br\/site\/2026\/04\/19\/o-tempo-que-nao-se-mede\/"},"modified":"2026-04-19T03:20:02","modified_gmt":"2026-04-19T06:20:02","slug":"o-tempo-que-nao-se-mede","status":"publish","type":"post","link":"https:\/\/radioportoseguro.com.br\/site\/2026\/04\/19\/o-tempo-que-nao-se-mede\/","title":{"rendered":"O tempo que n\u00e3o se mede"},"content":{"rendered":"<p><br \/>\n<br \/><\/p>\n<div>\n<p>O tempo cronol\u00f3gico \u00e9 mecanicamente programado e acontece numa causalidade permanente. Ele marca o tempo no rel\u00f3gio e no calend\u00e1rio e nos lembra que estamos confinados ao tempo e ao espa\u00e7o, vivendo uma repeti\u00e7\u00e3o sem fim.<\/p>\n<p>Maria e Jos\u00e9 do Egito conhecem bem o peso do tempo que se mede. Maria viveu os dias comuns da gesta\u00e7\u00e3o, os meses de espera, o crescimento do filho e a rotina em Nazar\u00e9. Jos\u00e9 do Egito atravessou anos de esquecimento: foi vendido como escravo, aprisionado injustamente e serviu sob dura realidade. Ambos experimentaram o Chronos quando ele parece apenas repeti\u00e7\u00e3o e demora.<\/p>\n<p>O tempo cronol\u00f3gico serve para organizar os dias, mas \u00e9 no desenrolar dos tempos kair\u00f3tico e ken\u00f3tico, onde o tempo n\u00e3o se mede, que nossas emo\u00e7\u00f5es s\u00e3o redimidas, as dores ressignificadas, as cargas aliviadas, os recursos internos fortalecidos, e as sombras dissipadas.<\/p>\n<p>O tempo kair\u00f3tico acontece na subjetividade, pelos acontecimentos significativos. Ele revela o tempo ontol\u00f3gico do ser. \u00c9 quando o eterno visita o hist\u00f3rico. Para Maria, esse instante irrompe na Anuncia\u00e7\u00e3o: o momento em que Deus entra em sua hist\u00f3ria e a transforma para sempre. Para Jos\u00e9 do Egito, o kair\u00f3s chega quando seus dons emergem diante de Fara\u00f3 e a trajet\u00f3ria marcada pela dor revela um sentido maior: preservar a vida em meio \u00e0 fome.<\/p>\n<p>No tempo kair\u00f3tico, somos acompanhados e habitados por um amor que nos guia por verdes pastos e nos sustenta nos vales sombrios. Experimentamos a const\u00e2ncia da bondade e da miseric\u00f3rdia do Bom Pastor, presente em todos os dias, mesmo quando n\u00e3o percebemos.<\/p>\n<p>J\u00e1 no tempo ken\u00f3tico acontece o esvaziamento. \u00c9 o desapego daquilo onde antes deposit\u00e1vamos nossas seguran\u00e7as. Maria vive a kenosis ao dizer \u201cEis aqui a serva do Senhor\u201d, abrindo m\u00e3o do controle e aos seus pr\u00f3prios projetos. Jos\u00e9 do Egito vive a kenosis ao renunciar \u00e0 vingan\u00e7a e escolher o perd\u00e3o, esvaziando-se do ressentimento para cooperar com a vida.<\/p>\n<p>No ken\u00f3tico, sa\u00edmos do \u201cmodo garra\u201d (tens\u00e3o) e entramos no \u201cmodo entrega\u201d (relaxamento). Enquanto o tempo cronol\u00f3gico passa, no kair\u00f3tico experimentamos a vida. E no ken\u00f3tico, finalmente, nos rendemos ao descanso.<\/p>\n<p>&#8212;&#8212;&#8211;<\/p>\n<p><em>Texto de Carlos Jos\u00e9 Hern\u00e1ndez (m\u00e9dico psiquiatra, doutor em medicina) e Clarice Ebert (terapeuta familiar e de casais, mestre em teologia, forma\u00e7\u00e3o em psicologia).<\/em><\/p>\n<p>\u00a0<\/p>\n<p><strong>Clarice Ebert<\/strong> (@clariceebert) \u00e9 psic\u00f3loga (CRP0814038), Terapeuta Familiar, Mestre em Teologia, Professora, Palestrante, Escritora. S\u00f3cia do Instituto Phileo de Psicologia, onde atua como profissional da psicologia em atendimentos presenciais e online (individual, de casal e de fam\u00edlia). Membro e docente de EIRENE do Brasil.<\/p>\n<p><em>* O conte\u00fado do texto acima \u00e9 uma colabora\u00e7\u00e3o volunt\u00e1ria, de total responsabilidade do autor e n\u00e3o reflete necessariamente a opini\u00e3o do Portal Guiame.<\/em><\/p>\n<p>Leia o artigo anterior:<span style=\"color: #800000;\"><strong> Viol\u00eancia com maquiagem sagrada!<\/strong><\/span><\/p>\n<\/div>\n<p><br \/>\n<br \/>Fonte: Guiame <\/p>\n","protected":false},"excerpt":{"rendered":"<p>O tempo cronol\u00f3gico \u00e9 mecanicamente programado e acontece numa causalidade permanente. Ele marca o tempo no rel\u00f3gio e no calend\u00e1rio e nos lembra que estamos confinados ao tempo e ao espa\u00e7o, vivendo uma repeti\u00e7\u00e3o sem fim. Maria e Jos\u00e9 do Egito conhecem bem o peso do tempo que se mede. Maria viveu os dias comuns [&hellip;]<\/p>\n","protected":false},"author":1,"featured_media":6198,"comment_status":"","ping_status":"open","sticky":false,"template":"","format":"standard","meta":{"footnotes":""},"categories":[43],"tags":[],"class_list":["post-6197","post","type-post","status-publish","format-standard","has-post-thumbnail","hentry","category-destaques"],"yoast_head":"<!-- This site is optimized with the Yoast SEO plugin v26.8 - https:\/\/yoast.com\/product\/yoast-seo-wordpress\/ -->\n<title>O tempo que n\u00e3o se mede - R\u00e1dio Porto Seguro<\/title>\n<meta name=\"robots\" content=\"index, follow, max-snippet:-1, max-image-preview:large, max-video-preview:-1\" \/>\n<link rel=\"canonical\" href=\"https:\/\/radioportoseguro.com.br\/site\/2026\/04\/19\/o-tempo-que-nao-se-mede\/\" \/>\n<meta property=\"og:locale\" content=\"pt_BR\" \/>\n<meta property=\"og:type\" content=\"article\" \/>\n<meta property=\"og:title\" content=\"O tempo que n\u00e3o se mede - R\u00e1dio Porto Seguro\" \/>\n<meta property=\"og:description\" content=\"O tempo cronol\u00f3gico \u00e9 mecanicamente programado e acontece numa causalidade permanente. Ele marca o tempo no rel\u00f3gio e no calend\u00e1rio e nos lembra que estamos confinados ao tempo e ao espa\u00e7o, vivendo uma repeti\u00e7\u00e3o sem fim. Maria e Jos\u00e9 do Egito conhecem bem o peso do tempo que se mede. Maria viveu os dias comuns [&hellip;]\" \/>\n<meta property=\"og:url\" content=\"https:\/\/radioportoseguro.com.br\/site\/2026\/04\/19\/o-tempo-que-nao-se-mede\/\" \/>\n<meta property=\"og:site_name\" content=\"R\u00e1dio Porto Seguro\" \/>\n<meta property=\"article:published_time\" content=\"2026-04-19T06:20:02+00:00\" \/>\n<meta property=\"og:image\" content=\"https:\/\/media.guiame.com.br\/archives\/2026\/04\/17\/921626082-ampulheta.png\" \/>\n<meta name=\"author\" content=\"admin\" \/>\n<meta name=\"twitter:card\" content=\"summary_large_image\" \/>\n<meta name=\"twitter:label1\" content=\"Escrito por\" \/>\n\t<meta name=\"twitter:data1\" content=\"admin\" \/>\n\t<meta name=\"twitter:label2\" content=\"Est. tempo de leitura\" \/>\n\t<meta name=\"twitter:data2\" content=\"2 minutos\" \/>\n<script type=\"application\/ld+json\" class=\"yoast-schema-graph\">{\"@context\":\"https:\/\/schema.org\",\"@graph\":[{\"@type\":\"Article\",\"@id\":\"https:\/\/radioportoseguro.com.br\/site\/2026\/04\/19\/o-tempo-que-nao-se-mede\/#article\",\"isPartOf\":{\"@id\":\"https:\/\/radioportoseguro.com.br\/site\/2026\/04\/19\/o-tempo-que-nao-se-mede\/\"},\"author\":{\"name\":\"admin\",\"@id\":\"https:\/\/radioportoseguro.com.br\/site\/#\/schema\/person\/7630acdc320186f13639d3c067ec089b\"},\"headline\":\"O tempo que n\u00e3o se mede\",\"datePublished\":\"2026-04-19T06:20:02+00:00\",\"mainEntityOfPage\":{\"@id\":\"https:\/\/radioportoseguro.com.br\/site\/2026\/04\/19\/o-tempo-que-nao-se-mede\/\"},\"wordCount\":500,\"image\":{\"@id\":\"https:\/\/radioportoseguro.com.br\/site\/2026\/04\/19\/o-tempo-que-nao-se-mede\/#primaryimage\"},\"thumbnailUrl\":\"https:\/\/radioportoseguro.com.br\/site\/wp-content\/uploads\/2026\/04\/921626082-ampulheta.png\",\"articleSection\":[\"Destaques\"],\"inLanguage\":\"pt-BR\"},{\"@type\":\"WebPage\",\"@id\":\"https:\/\/radioportoseguro.com.br\/site\/2026\/04\/19\/o-tempo-que-nao-se-mede\/\",\"url\":\"https:\/\/radioportoseguro.com.br\/site\/2026\/04\/19\/o-tempo-que-nao-se-mede\/\",\"name\":\"O tempo que n\u00e3o se mede - R\u00e1dio Porto Seguro\",\"isPartOf\":{\"@id\":\"https:\/\/radioportoseguro.com.br\/site\/#website\"},\"primaryImageOfPage\":{\"@id\":\"https:\/\/radioportoseguro.com.br\/site\/2026\/04\/19\/o-tempo-que-nao-se-mede\/#primaryimage\"},\"image\":{\"@id\":\"https:\/\/radioportoseguro.com.br\/site\/2026\/04\/19\/o-tempo-que-nao-se-mede\/#primaryimage\"},\"thumbnailUrl\":\"https:\/\/radioportoseguro.com.br\/site\/wp-content\/uploads\/2026\/04\/921626082-ampulheta.png\",\"datePublished\":\"2026-04-19T06:20:02+00:00\",\"author\":{\"@id\":\"https:\/\/radioportoseguro.com.br\/site\/#\/schema\/person\/7630acdc320186f13639d3c067ec089b\"},\"breadcrumb\":{\"@id\":\"https:\/\/radioportoseguro.com.br\/site\/2026\/04\/19\/o-tempo-que-nao-se-mede\/#breadcrumb\"},\"inLanguage\":\"pt-BR\",\"potentialAction\":[{\"@type\":\"ReadAction\",\"target\":[\"https:\/\/radioportoseguro.com.br\/site\/2026\/04\/19\/o-tempo-que-nao-se-mede\/\"]}]},{\"@type\":\"ImageObject\",\"inLanguage\":\"pt-BR\",\"@id\":\"https:\/\/radioportoseguro.com.br\/site\/2026\/04\/19\/o-tempo-que-nao-se-mede\/#primaryimage\",\"url\":\"https:\/\/radioportoseguro.com.br\/site\/wp-content\/uploads\/2026\/04\/921626082-ampulheta.png\",\"contentUrl\":\"https:\/\/radioportoseguro.com.br\/site\/wp-content\/uploads\/2026\/04\/921626082-ampulheta.png\",\"width\":1200,\"height\":600},{\"@type\":\"BreadcrumbList\",\"@id\":\"https:\/\/radioportoseguro.com.br\/site\/2026\/04\/19\/o-tempo-que-nao-se-mede\/#breadcrumb\",\"itemListElement\":[{\"@type\":\"ListItem\",\"position\":1,\"name\":\"In\u00edcio\",\"item\":\"https:\/\/radioportoseguro.com.br\/site\/\"},{\"@type\":\"ListItem\",\"position\":2,\"name\":\"O tempo que n\u00e3o se mede\"}]},{\"@type\":\"WebSite\",\"@id\":\"https:\/\/radioportoseguro.com.br\/site\/#website\",\"url\":\"https:\/\/radioportoseguro.com.br\/site\/\",\"name\":\"R\u00e1dio Porto Seguro\",\"description\":\"\",\"potentialAction\":[{\"@type\":\"SearchAction\",\"target\":{\"@type\":\"EntryPoint\",\"urlTemplate\":\"https:\/\/radioportoseguro.com.br\/site\/?s={search_term_string}\"},\"query-input\":{\"@type\":\"PropertyValueSpecification\",\"valueRequired\":true,\"valueName\":\"search_term_string\"}}],\"inLanguage\":\"pt-BR\"},{\"@type\":\"Person\",\"@id\":\"https:\/\/radioportoseguro.com.br\/site\/#\/schema\/person\/7630acdc320186f13639d3c067ec089b\",\"name\":\"admin\",\"image\":{\"@type\":\"ImageObject\",\"inLanguage\":\"pt-BR\",\"@id\":\"https:\/\/radioportoseguro.com.br\/site\/#\/schema\/person\/image\/\",\"url\":\"https:\/\/secure.gravatar.com\/avatar\/caacf4dc1eedb68fab0df8e1ed46c448e578b2466351bbcb61e47d2ac0caaef0?s=96&d=mm&r=g\",\"contentUrl\":\"https:\/\/secure.gravatar.com\/avatar\/caacf4dc1eedb68fab0df8e1ed46c448e578b2466351bbcb61e47d2ac0caaef0?s=96&d=mm&r=g\",\"caption\":\"admin\"},\"sameAs\":[\"https:\/\/radioportoseguro.com.br\/site\"],\"url\":\"https:\/\/radioportoseguro.com.br\/site\/author\/hezio\/\"}]}<\/script>\n<!-- \/ Yoast SEO plugin. -->","yoast_head_json":{"title":"O tempo que n\u00e3o se mede - R\u00e1dio Porto Seguro","robots":{"index":"index","follow":"follow","max-snippet":"max-snippet:-1","max-image-preview":"max-image-preview:large","max-video-preview":"max-video-preview:-1"},"canonical":"https:\/\/radioportoseguro.com.br\/site\/2026\/04\/19\/o-tempo-que-nao-se-mede\/","og_locale":"pt_BR","og_type":"article","og_title":"O tempo que n\u00e3o se mede - R\u00e1dio Porto Seguro","og_description":"O tempo cronol\u00f3gico \u00e9 mecanicamente programado e acontece numa causalidade permanente. Ele marca o tempo no rel\u00f3gio e no calend\u00e1rio e nos lembra que estamos confinados ao tempo e ao espa\u00e7o, vivendo uma repeti\u00e7\u00e3o sem fim. Maria e Jos\u00e9 do Egito conhecem bem o peso do tempo que se mede. Maria viveu os dias comuns [&hellip;]","og_url":"https:\/\/radioportoseguro.com.br\/site\/2026\/04\/19\/o-tempo-que-nao-se-mede\/","og_site_name":"R\u00e1dio Porto Seguro","article_published_time":"2026-04-19T06:20:02+00:00","og_image":[{"url":"https:\/\/media.guiame.com.br\/archives\/2026\/04\/17\/921626082-ampulheta.png","type":"","width":"","height":""}],"author":"admin","twitter_card":"summary_large_image","twitter_misc":{"Escrito por":"admin","Est. tempo de leitura":"2 minutos"},"schema":{"@context":"https:\/\/schema.org","@graph":[{"@type":"Article","@id":"https:\/\/radioportoseguro.com.br\/site\/2026\/04\/19\/o-tempo-que-nao-se-mede\/#article","isPartOf":{"@id":"https:\/\/radioportoseguro.com.br\/site\/2026\/04\/19\/o-tempo-que-nao-se-mede\/"},"author":{"name":"admin","@id":"https:\/\/radioportoseguro.com.br\/site\/#\/schema\/person\/7630acdc320186f13639d3c067ec089b"},"headline":"O tempo que n\u00e3o se mede","datePublished":"2026-04-19T06:20:02+00:00","mainEntityOfPage":{"@id":"https:\/\/radioportoseguro.com.br\/site\/2026\/04\/19\/o-tempo-que-nao-se-mede\/"},"wordCount":500,"image":{"@id":"https:\/\/radioportoseguro.com.br\/site\/2026\/04\/19\/o-tempo-que-nao-se-mede\/#primaryimage"},"thumbnailUrl":"https:\/\/radioportoseguro.com.br\/site\/wp-content\/uploads\/2026\/04\/921626082-ampulheta.png","articleSection":["Destaques"],"inLanguage":"pt-BR"},{"@type":"WebPage","@id":"https:\/\/radioportoseguro.com.br\/site\/2026\/04\/19\/o-tempo-que-nao-se-mede\/","url":"https:\/\/radioportoseguro.com.br\/site\/2026\/04\/19\/o-tempo-que-nao-se-mede\/","name":"O tempo que n\u00e3o se mede - R\u00e1dio Porto Seguro","isPartOf":{"@id":"https:\/\/radioportoseguro.com.br\/site\/#website"},"primaryImageOfPage":{"@id":"https:\/\/radioportoseguro.com.br\/site\/2026\/04\/19\/o-tempo-que-nao-se-mede\/#primaryimage"},"image":{"@id":"https:\/\/radioportoseguro.com.br\/site\/2026\/04\/19\/o-tempo-que-nao-se-mede\/#primaryimage"},"thumbnailUrl":"https:\/\/radioportoseguro.com.br\/site\/wp-content\/uploads\/2026\/04\/921626082-ampulheta.png","datePublished":"2026-04-19T06:20:02+00:00","author":{"@id":"https:\/\/radioportoseguro.com.br\/site\/#\/schema\/person\/7630acdc320186f13639d3c067ec089b"},"breadcrumb":{"@id":"https:\/\/radioportoseguro.com.br\/site\/2026\/04\/19\/o-tempo-que-nao-se-mede\/#breadcrumb"},"inLanguage":"pt-BR","potentialAction":[{"@type":"ReadAction","target":["https:\/\/radioportoseguro.com.br\/site\/2026\/04\/19\/o-tempo-que-nao-se-mede\/"]}]},{"@type":"ImageObject","inLanguage":"pt-BR","@id":"https:\/\/radioportoseguro.com.br\/site\/2026\/04\/19\/o-tempo-que-nao-se-mede\/#primaryimage","url":"https:\/\/radioportoseguro.com.br\/site\/wp-content\/uploads\/2026\/04\/921626082-ampulheta.png","contentUrl":"https:\/\/radioportoseguro.com.br\/site\/wp-content\/uploads\/2026\/04\/921626082-ampulheta.png","width":1200,"height":600},{"@type":"BreadcrumbList","@id":"https:\/\/radioportoseguro.com.br\/site\/2026\/04\/19\/o-tempo-que-nao-se-mede\/#breadcrumb","itemListElement":[{"@type":"ListItem","position":1,"name":"In\u00edcio","item":"https:\/\/radioportoseguro.com.br\/site\/"},{"@type":"ListItem","position":2,"name":"O tempo que n\u00e3o se mede"}]},{"@type":"WebSite","@id":"https:\/\/radioportoseguro.com.br\/site\/#website","url":"https:\/\/radioportoseguro.com.br\/site\/","name":"R\u00e1dio Porto Seguro","description":"","potentialAction":[{"@type":"SearchAction","target":{"@type":"EntryPoint","urlTemplate":"https:\/\/radioportoseguro.com.br\/site\/?s={search_term_string}"},"query-input":{"@type":"PropertyValueSpecification","valueRequired":true,"valueName":"search_term_string"}}],"inLanguage":"pt-BR"},{"@type":"Person","@id":"https:\/\/radioportoseguro.com.br\/site\/#\/schema\/person\/7630acdc320186f13639d3c067ec089b","name":"admin","image":{"@type":"ImageObject","inLanguage":"pt-BR","@id":"https:\/\/radioportoseguro.com.br\/site\/#\/schema\/person\/image\/","url":"https:\/\/secure.gravatar.com\/avatar\/caacf4dc1eedb68fab0df8e1ed46c448e578b2466351bbcb61e47d2ac0caaef0?s=96&d=mm&r=g","contentUrl":"https:\/\/secure.gravatar.com\/avatar\/caacf4dc1eedb68fab0df8e1ed46c448e578b2466351bbcb61e47d2ac0caaef0?s=96&d=mm&r=g","caption":"admin"},"sameAs":["https:\/\/radioportoseguro.com.br\/site"],"url":"https:\/\/radioportoseguro.com.br\/site\/author\/hezio\/"}]}},"_links":{"self":[{"href":"https:\/\/radioportoseguro.com.br\/site\/wp-json\/wp\/v2\/posts\/6197","targetHints":{"allow":["GET"]}}],"collection":[{"href":"https:\/\/radioportoseguro.com.br\/site\/wp-json\/wp\/v2\/posts"}],"about":[{"href":"https:\/\/radioportoseguro.com.br\/site\/wp-json\/wp\/v2\/types\/post"}],"author":[{"embeddable":true,"href":"https:\/\/radioportoseguro.com.br\/site\/wp-json\/wp\/v2\/users\/1"}],"replies":[{"embeddable":true,"href":"https:\/\/radioportoseguro.com.br\/site\/wp-json\/wp\/v2\/comments?post=6197"}],"version-history":[{"count":0,"href":"https:\/\/radioportoseguro.com.br\/site\/wp-json\/wp\/v2\/posts\/6197\/revisions"}],"wp:featuredmedia":[{"embeddable":true,"href":"https:\/\/radioportoseguro.com.br\/site\/wp-json\/wp\/v2\/media\/6198"}],"wp:attachment":[{"href":"https:\/\/radioportoseguro.com.br\/site\/wp-json\/wp\/v2\/media?parent=6197"}],"wp:term":[{"taxonomy":"category","embeddable":true,"href":"https:\/\/radioportoseguro.com.br\/site\/wp-json\/wp\/v2\/categories?post=6197"},{"taxonomy":"post_tag","embeddable":true,"href":"https:\/\/radioportoseguro.com.br\/site\/wp-json\/wp\/v2\/tags?post=6197"}],"curies":[{"name":"wp","href":"https:\/\/api.w.org\/{rel}","templated":true}]}}