{"id":6201,"date":"2026-04-19T05:23:04","date_gmt":"2026-04-19T08:23:04","guid":{"rendered":"https:\/\/radioportoseguro.com.br\/site\/2026\/04\/19\/youtubers-cristaos-sao-investigados-por-insultar-o-isla-em-video-contra-antissemitismo\/"},"modified":"2026-04-19T05:23:04","modified_gmt":"2026-04-19T08:23:04","slug":"youtubers-cristaos-sao-investigados-por-insultar-o-isla-em-video-contra-antissemitismo","status":"publish","type":"post","link":"https:\/\/radioportoseguro.com.br\/site\/2026\/04\/19\/youtubers-cristaos-sao-investigados-por-insultar-o-isla-em-video-contra-antissemitismo\/","title":{"rendered":"YouTubers crist\u00e3os s\u00e3o investigados por &#8220;insultar o Isl\u00e3&#8221; em v\u00eddeo contra antissemitismo"},"content":{"rendered":"<p><br \/>\n<br \/><\/p>\n<div>\n<p><span style=\"font-weight: 400;\">Dois YouTubers <\/span><span style=\"color: #800000;\"><strong>crist\u00e3os<\/strong><\/span><span style=\"font-weight: 400;\"> est\u00e3o sendo investigados na <\/span><span style=\"color: #800000;\"><strong>Alemanha<\/strong><\/span><span style=\"font-weight: 400;\"> ap\u00f3s publicarem um v\u00eddeo condenando o antissemitismo praticado por mu\u00e7ulmanos, segundo a CBN News.<\/span><\/p>\n<p><span style=\"font-weight: 400;\">Os criadores do canal do YouTube \u201cEternal Life\u201d, chamados pelos apelidos Niko e Tino, compartilharam o v\u00eddeo &#8220;O Isl\u00e3 n\u00e3o \u00e9 paz\u201d, criticando os protestos violentos pr\u00f3-Palestina e pr\u00f3-Hamas ap\u00f3s o ataque de 7 de outubro de 2023 em Israel.<\/span><\/p>\n<p><span style=\"font-weight: 400;\">O v\u00eddeo, postado em 2024, condenou a ret\u00f3rica antissemita promovida durante os protestos. Na \u00e9poca, o governo alem\u00e3o reprimiu as manifesta\u00e7\u00f5es e proibiu atividades pr\u00f3-Hamas.<\/span><\/p>\n<p><span style=\"font-weight: 400;\">&#8220;Temos o ano de 2024, e o antissemitismo est\u00e1 oficialmente permitido novamente na Alemanha. Os palestinos est\u00e3o comprometidos com o exterm\u00ednio dos judeus, conforme ditado pelos Hadith (uma cole\u00e7\u00e3o de textos com ensinamentos de Maom\u00e9)\u201d, afirmaram Niko e Tino, no v\u00eddeo.<\/span><\/p>\n<p><span style=\"font-weight: 400;\">Em seguida, os YouTubers citam partes do livro isl\u00e2mico que incita a morte do povo judeu: \u201cA Hora n\u00e3o chegar\u00e1 at\u00e9 que os mu\u00e7ulmanos lutem contra os judeus e os mu\u00e7ulmanos os matem at\u00e9 que os judeus se escondam atr\u00e1s de uma \u00e1rvore ou de uma pedra\u201d.<\/span><\/p>\n<p><span style=\"font-weight: 400;\">E os crist\u00e3os acrescentaram: \u201cO \u00f3dio aos judeus \u2013 a cren\u00e7a de que os judeus devem ser mortos, que \u00e9 permitido matar judeus \u2013 \u00e9 um esp\u00edrito demon\u00edaco e n\u00e3o vem de Deus. O Isl\u00e3 e a mensagem por tr\u00e1s dele trazem nada al\u00e9m de \u00f3dio, poder e assassinato. Essa religi\u00e3o n\u00e3o oferece paz, alegria e nem vida. Eles est\u00e3o lutando por uma mensagem morta e um Deus morto\u201d.<\/span><\/p>\n<p><strong>V\u00eddeo removido do YouTube<\/strong><\/p>\n<p><span style=\"font-weight: 400;\">O v\u00eddeo foi sinalizado pelo YouTube como &#8220;perigoso&#8221; e acabou sendo removido da plataforma.<\/span><\/p>\n<p><span style=\"font-weight: 400;\">Em fevereiro de 2025, o Minist\u00e9rio P\u00fablico em Hamburgo iniciou uma investiga\u00e7\u00e3o por blasf\u00eamia contra Niko, baseado no Artigo 166 do C\u00f3digo Penal da Alemanha, que afirma: &#8220;Quem insultar publicamente ou por meio da dissemina\u00e7\u00e3o de conte\u00fado as convic\u00e7\u00f5es religiosas ou ideol\u00f3gicas de terceiros de forma capaz de perturbar a ordem p\u00fablica ser\u00e1 pass\u00edvel de pris\u00e3o de at\u00e9 tr\u00eas anos ou multa\u201d.<\/span><\/p>\n<p><span style=\"font-weight: 400;\">Tino tamb\u00e9m est\u00e1 sendo investigado pelas autoridades. A investiga\u00e7\u00e3o do Minist\u00e9rio P\u00fablico ainda est\u00e1 em andamento.<\/span><\/p>\n<p><strong>Liberdade de express\u00e3o<\/strong><\/p>\n<p><span style=\"font-weight: 400;\">O advogado de Niko, Marco Winger, solicitou que a investiga\u00e7\u00e3o seja cancelada, porque o objetivo do seu cliente n\u00e3o era incitar \u00f3dio, mas apenas falar sobre sua pr\u00f3pria f\u00e9 crist\u00e3.<\/span><\/p>\n<p><span style=\"font-weight: 400;\">Marco lembrou que o antissemitismo praticado por mu\u00e7ulmanos j\u00e1 foi abordado por \u00f3rg\u00e3os governamentais alem\u00e3es, como a Ag\u00eancia Federal de Educa\u00e7\u00e3o C\u00edvica (BPB), e que o v\u00eddeo dos YouTubers n\u00e3o configuram uma perturba\u00e7\u00e3o da ordem p\u00fablica.<\/span><\/p>\n<p><span style=\"font-weight: 400;\">Para Tino, a investiga\u00e7\u00e3o \u00e9 uma amea\u00e7a \u00e0 liberdade de express\u00e3o no pa\u00eds. &#8220;N\u00e3o entendo o que eles querem investigar. As pessoas n\u00e3o deveriam ter medo de expressar suas opini\u00f5es e professar sua f\u00e9 em Jesus Cristo\u201d, declarou ele, ao jornal alem\u00e3o Apollo.<\/span><\/p>\n<p><strong>Onda de antissemitismo na Alemanha<\/strong><\/p>\n<p><span style=\"font-weight: 400;\">Casos de <\/span><span style=\"color: #800000;\"><strong>\u00f3dio a judeus aumentaram 80% na Alemanha<\/strong><\/span><span style=\"font-weight: 400;\"> em 2023, revelou um novo relat\u00f3rio da Associa\u00e7\u00e3o Federal de Departamentos de Pesquisa e Centros de Informa\u00e7\u00e3o sobre Antissemitismo (RIAS).<\/span><\/p>\n<p><span style=\"font-weight: 400;\">Segundo o levantamento, 4.782 casos de \u00f3dio a judeus foram registrados na Alemanha s\u00f3 em 2023. Destes, 2.787 aconteceram ap\u00f3s o ataque do grupo terrorista Hamas a Israel em 7 de outubro.<\/span><\/p>\n<p><span style=\"font-weight: 400;\">Desde o ataque at\u00e9 o fim de 2023, cerca de 33 casos antissemitas ocorreram por dia no pa\u00eds. 66% dos incidentes que envolveram &#8220;viol\u00eancia extrema, agress\u00f5es e amea\u00e7as&#8221; tamb\u00e9m ocorreram ap\u00f3s o 7 de outubro.<\/span><\/p>\n<\/div>\n<p><br \/>\n<br \/>Fonte: Guiame <\/p>\n","protected":false},"excerpt":{"rendered":"<p>Dois YouTubers crist\u00e3os est\u00e3o sendo investigados na Alemanha ap\u00f3s publicarem um v\u00eddeo condenando o antissemitismo praticado por mu\u00e7ulmanos, segundo a CBN News. Os criadores do canal do YouTube \u201cEternal Life\u201d, chamados pelos apelidos Niko e Tino, compartilharam o v\u00eddeo &#8220;O Isl\u00e3 n\u00e3o \u00e9 paz\u201d, criticando os protestos violentos pr\u00f3-Palestina e pr\u00f3-Hamas ap\u00f3s o ataque de [&hellip;]<\/p>\n","protected":false},"author":1,"featured_media":6202,"comment_status":"","ping_status":"open","sticky":false,"template":"","format":"standard","meta":{"footnotes":""},"categories":[43],"tags":[],"class_list":["post-6201","post","type-post","status-publish","format-standard","has-post-thumbnail","hentry","category-destaques"],"yoast_head":"<!-- This site is optimized with the Yoast SEO plugin v26.8 - https:\/\/yoast.com\/product\/yoast-seo-wordpress\/ -->\n<title>YouTubers crist\u00e3os s\u00e3o investigados por &quot;insultar o Isl\u00e3&quot; em v\u00eddeo contra antissemitismo - R\u00e1dio Porto Seguro<\/title>\n<meta name=\"robots\" content=\"index, follow, max-snippet:-1, max-image-preview:large, max-video-preview:-1\" \/>\n<link rel=\"canonical\" href=\"https:\/\/radioportoseguro.com.br\/site\/2026\/04\/19\/youtubers-cristaos-sao-investigados-por-insultar-o-isla-em-video-contra-antissemitismo\/\" \/>\n<meta property=\"og:locale\" content=\"pt_BR\" \/>\n<meta property=\"og:type\" content=\"article\" \/>\n<meta property=\"og:title\" content=\"YouTubers crist\u00e3os s\u00e3o investigados por &quot;insultar o Isl\u00e3&quot; em v\u00eddeo contra antissemitismo - R\u00e1dio Porto Seguro\" \/>\n<meta property=\"og:description\" content=\"Dois YouTubers crist\u00e3os est\u00e3o sendo investigados na Alemanha ap\u00f3s publicarem um v\u00eddeo condenando o antissemitismo praticado por mu\u00e7ulmanos, segundo a CBN News. Os criadores do canal do YouTube \u201cEternal Life\u201d, chamados pelos apelidos Niko e Tino, compartilharam o v\u00eddeo &#8220;O Isl\u00e3 n\u00e3o \u00e9 paz\u201d, criticando os protestos violentos pr\u00f3-Palestina e pr\u00f3-Hamas ap\u00f3s o ataque de [&hellip;]\" \/>\n<meta property=\"og:url\" content=\"https:\/\/radioportoseguro.com.br\/site\/2026\/04\/19\/youtubers-cristaos-sao-investigados-por-insultar-o-isla-em-video-contra-antissemitismo\/\" \/>\n<meta property=\"og:site_name\" content=\"R\u00e1dio Porto Seguro\" \/>\n<meta property=\"article:published_time\" content=\"2026-04-19T08:23:04+00:00\" \/>\n<meta property=\"og:image\" content=\"https:\/\/media.guiame.com.br\/archives\/2026\/04\/17\/980630781-niko-e-tino.JPG\" \/>\n<meta name=\"author\" content=\"admin\" \/>\n<meta name=\"twitter:card\" content=\"summary_large_image\" \/>\n<meta name=\"twitter:label1\" content=\"Escrito por\" \/>\n\t<meta name=\"twitter:data1\" content=\"admin\" \/>\n\t<meta name=\"twitter:label2\" content=\"Est. tempo de leitura\" \/>\n\t<meta name=\"twitter:data2\" content=\"3 minutos\" \/>\n<script type=\"application\/ld+json\" class=\"yoast-schema-graph\">{\"@context\":\"https:\/\/schema.org\",\"@graph\":[{\"@type\":\"Article\",\"@id\":\"https:\/\/radioportoseguro.com.br\/site\/2026\/04\/19\/youtubers-cristaos-sao-investigados-por-insultar-o-isla-em-video-contra-antissemitismo\/#article\",\"isPartOf\":{\"@id\":\"https:\/\/radioportoseguro.com.br\/site\/2026\/04\/19\/youtubers-cristaos-sao-investigados-por-insultar-o-isla-em-video-contra-antissemitismo\/\"},\"author\":{\"name\":\"admin\",\"@id\":\"https:\/\/radioportoseguro.com.br\/site\/#\/schema\/person\/7630acdc320186f13639d3c067ec089b\"},\"headline\":\"YouTubers crist\u00e3os s\u00e3o investigados por &#8220;insultar o Isl\u00e3&#8221; em v\u00eddeo contra antissemitismo\",\"datePublished\":\"2026-04-19T08:23:04+00:00\",\"mainEntityOfPage\":{\"@id\":\"https:\/\/radioportoseguro.com.br\/site\/2026\/04\/19\/youtubers-cristaos-sao-investigados-por-insultar-o-isla-em-video-contra-antissemitismo\/\"},\"wordCount\":634,\"image\":{\"@id\":\"https:\/\/radioportoseguro.com.br\/site\/2026\/04\/19\/youtubers-cristaos-sao-investigados-por-insultar-o-isla-em-video-contra-antissemitismo\/#primaryimage\"},\"thumbnailUrl\":\"https:\/\/radioportoseguro.com.br\/site\/wp-content\/uploads\/2026\/04\/980630781-niko-e-tino.JPG\",\"articleSection\":[\"Destaques\"],\"inLanguage\":\"pt-BR\"},{\"@type\":\"WebPage\",\"@id\":\"https:\/\/radioportoseguro.com.br\/site\/2026\/04\/19\/youtubers-cristaos-sao-investigados-por-insultar-o-isla-em-video-contra-antissemitismo\/\",\"url\":\"https:\/\/radioportoseguro.com.br\/site\/2026\/04\/19\/youtubers-cristaos-sao-investigados-por-insultar-o-isla-em-video-contra-antissemitismo\/\",\"name\":\"YouTubers crist\u00e3os s\u00e3o investigados por \\\"insultar o Isl\u00e3\\\" em v\u00eddeo contra antissemitismo - R\u00e1dio Porto Seguro\",\"isPartOf\":{\"@id\":\"https:\/\/radioportoseguro.com.br\/site\/#website\"},\"primaryImageOfPage\":{\"@id\":\"https:\/\/radioportoseguro.com.br\/site\/2026\/04\/19\/youtubers-cristaos-sao-investigados-por-insultar-o-isla-em-video-contra-antissemitismo\/#primaryimage\"},\"image\":{\"@id\":\"https:\/\/radioportoseguro.com.br\/site\/2026\/04\/19\/youtubers-cristaos-sao-investigados-por-insultar-o-isla-em-video-contra-antissemitismo\/#primaryimage\"},\"thumbnailUrl\":\"https:\/\/radioportoseguro.com.br\/site\/wp-content\/uploads\/2026\/04\/980630781-niko-e-tino.JPG\",\"datePublished\":\"2026-04-19T08:23:04+00:00\",\"author\":{\"@id\":\"https:\/\/radioportoseguro.com.br\/site\/#\/schema\/person\/7630acdc320186f13639d3c067ec089b\"},\"breadcrumb\":{\"@id\":\"https:\/\/radioportoseguro.com.br\/site\/2026\/04\/19\/youtubers-cristaos-sao-investigados-por-insultar-o-isla-em-video-contra-antissemitismo\/#breadcrumb\"},\"inLanguage\":\"pt-BR\",\"potentialAction\":[{\"@type\":\"ReadAction\",\"target\":[\"https:\/\/radioportoseguro.com.br\/site\/2026\/04\/19\/youtubers-cristaos-sao-investigados-por-insultar-o-isla-em-video-contra-antissemitismo\/\"]}]},{\"@type\":\"ImageObject\",\"inLanguage\":\"pt-BR\",\"@id\":\"https:\/\/radioportoseguro.com.br\/site\/2026\/04\/19\/youtubers-cristaos-sao-investigados-por-insultar-o-isla-em-video-contra-antissemitismo\/#primaryimage\",\"url\":\"https:\/\/radioportoseguro.com.br\/site\/wp-content\/uploads\/2026\/04\/980630781-niko-e-tino.JPG\",\"contentUrl\":\"https:\/\/radioportoseguro.com.br\/site\/wp-content\/uploads\/2026\/04\/980630781-niko-e-tino.JPG\",\"width\":1200,\"height\":600},{\"@type\":\"BreadcrumbList\",\"@id\":\"https:\/\/radioportoseguro.com.br\/site\/2026\/04\/19\/youtubers-cristaos-sao-investigados-por-insultar-o-isla-em-video-contra-antissemitismo\/#breadcrumb\",\"itemListElement\":[{\"@type\":\"ListItem\",\"position\":1,\"name\":\"In\u00edcio\",\"item\":\"https:\/\/radioportoseguro.com.br\/site\/\"},{\"@type\":\"ListItem\",\"position\":2,\"name\":\"YouTubers crist\u00e3os s\u00e3o investigados por &#8220;insultar o Isl\u00e3&#8221; em v\u00eddeo contra antissemitismo\"}]},{\"@type\":\"WebSite\",\"@id\":\"https:\/\/radioportoseguro.com.br\/site\/#website\",\"url\":\"https:\/\/radioportoseguro.com.br\/site\/\",\"name\":\"R\u00e1dio Porto Seguro\",\"description\":\"\",\"potentialAction\":[{\"@type\":\"SearchAction\",\"target\":{\"@type\":\"EntryPoint\",\"urlTemplate\":\"https:\/\/radioportoseguro.com.br\/site\/?s={search_term_string}\"},\"query-input\":{\"@type\":\"PropertyValueSpecification\",\"valueRequired\":true,\"valueName\":\"search_term_string\"}}],\"inLanguage\":\"pt-BR\"},{\"@type\":\"Person\",\"@id\":\"https:\/\/radioportoseguro.com.br\/site\/#\/schema\/person\/7630acdc320186f13639d3c067ec089b\",\"name\":\"admin\",\"image\":{\"@type\":\"ImageObject\",\"inLanguage\":\"pt-BR\",\"@id\":\"https:\/\/radioportoseguro.com.br\/site\/#\/schema\/person\/image\/\",\"url\":\"https:\/\/secure.gravatar.com\/avatar\/caacf4dc1eedb68fab0df8e1ed46c448e578b2466351bbcb61e47d2ac0caaef0?s=96&d=mm&r=g\",\"contentUrl\":\"https:\/\/secure.gravatar.com\/avatar\/caacf4dc1eedb68fab0df8e1ed46c448e578b2466351bbcb61e47d2ac0caaef0?s=96&d=mm&r=g\",\"caption\":\"admin\"},\"sameAs\":[\"https:\/\/radioportoseguro.com.br\/site\"],\"url\":\"https:\/\/radioportoseguro.com.br\/site\/author\/hezio\/\"}]}<\/script>\n<!-- \/ Yoast SEO plugin. -->","yoast_head_json":{"title":"YouTubers crist\u00e3os s\u00e3o investigados por \"insultar o Isl\u00e3\" em v\u00eddeo contra antissemitismo - R\u00e1dio Porto Seguro","robots":{"index":"index","follow":"follow","max-snippet":"max-snippet:-1","max-image-preview":"max-image-preview:large","max-video-preview":"max-video-preview:-1"},"canonical":"https:\/\/radioportoseguro.com.br\/site\/2026\/04\/19\/youtubers-cristaos-sao-investigados-por-insultar-o-isla-em-video-contra-antissemitismo\/","og_locale":"pt_BR","og_type":"article","og_title":"YouTubers crist\u00e3os s\u00e3o investigados por \"insultar o Isl\u00e3\" em v\u00eddeo contra antissemitismo - R\u00e1dio Porto Seguro","og_description":"Dois YouTubers crist\u00e3os est\u00e3o sendo investigados na Alemanha ap\u00f3s publicarem um v\u00eddeo condenando o antissemitismo praticado por mu\u00e7ulmanos, segundo a CBN News. Os criadores do canal do YouTube \u201cEternal Life\u201d, chamados pelos apelidos Niko e Tino, compartilharam o v\u00eddeo &#8220;O Isl\u00e3 n\u00e3o \u00e9 paz\u201d, criticando os protestos violentos pr\u00f3-Palestina e pr\u00f3-Hamas ap\u00f3s o ataque de [&hellip;]","og_url":"https:\/\/radioportoseguro.com.br\/site\/2026\/04\/19\/youtubers-cristaos-sao-investigados-por-insultar-o-isla-em-video-contra-antissemitismo\/","og_site_name":"R\u00e1dio Porto Seguro","article_published_time":"2026-04-19T08:23:04+00:00","og_image":[{"url":"https:\/\/media.guiame.com.br\/archives\/2026\/04\/17\/980630781-niko-e-tino.JPG","type":"","width":"","height":""}],"author":"admin","twitter_card":"summary_large_image","twitter_misc":{"Escrito por":"admin","Est. tempo de leitura":"3 minutos"},"schema":{"@context":"https:\/\/schema.org","@graph":[{"@type":"Article","@id":"https:\/\/radioportoseguro.com.br\/site\/2026\/04\/19\/youtubers-cristaos-sao-investigados-por-insultar-o-isla-em-video-contra-antissemitismo\/#article","isPartOf":{"@id":"https:\/\/radioportoseguro.com.br\/site\/2026\/04\/19\/youtubers-cristaos-sao-investigados-por-insultar-o-isla-em-video-contra-antissemitismo\/"},"author":{"name":"admin","@id":"https:\/\/radioportoseguro.com.br\/site\/#\/schema\/person\/7630acdc320186f13639d3c067ec089b"},"headline":"YouTubers crist\u00e3os s\u00e3o investigados por &#8220;insultar o Isl\u00e3&#8221; em v\u00eddeo contra antissemitismo","datePublished":"2026-04-19T08:23:04+00:00","mainEntityOfPage":{"@id":"https:\/\/radioportoseguro.com.br\/site\/2026\/04\/19\/youtubers-cristaos-sao-investigados-por-insultar-o-isla-em-video-contra-antissemitismo\/"},"wordCount":634,"image":{"@id":"https:\/\/radioportoseguro.com.br\/site\/2026\/04\/19\/youtubers-cristaos-sao-investigados-por-insultar-o-isla-em-video-contra-antissemitismo\/#primaryimage"},"thumbnailUrl":"https:\/\/radioportoseguro.com.br\/site\/wp-content\/uploads\/2026\/04\/980630781-niko-e-tino.JPG","articleSection":["Destaques"],"inLanguage":"pt-BR"},{"@type":"WebPage","@id":"https:\/\/radioportoseguro.com.br\/site\/2026\/04\/19\/youtubers-cristaos-sao-investigados-por-insultar-o-isla-em-video-contra-antissemitismo\/","url":"https:\/\/radioportoseguro.com.br\/site\/2026\/04\/19\/youtubers-cristaos-sao-investigados-por-insultar-o-isla-em-video-contra-antissemitismo\/","name":"YouTubers crist\u00e3os s\u00e3o investigados por \"insultar o Isl\u00e3\" em v\u00eddeo contra antissemitismo - R\u00e1dio Porto Seguro","isPartOf":{"@id":"https:\/\/radioportoseguro.com.br\/site\/#website"},"primaryImageOfPage":{"@id":"https:\/\/radioportoseguro.com.br\/site\/2026\/04\/19\/youtubers-cristaos-sao-investigados-por-insultar-o-isla-em-video-contra-antissemitismo\/#primaryimage"},"image":{"@id":"https:\/\/radioportoseguro.com.br\/site\/2026\/04\/19\/youtubers-cristaos-sao-investigados-por-insultar-o-isla-em-video-contra-antissemitismo\/#primaryimage"},"thumbnailUrl":"https:\/\/radioportoseguro.com.br\/site\/wp-content\/uploads\/2026\/04\/980630781-niko-e-tino.JPG","datePublished":"2026-04-19T08:23:04+00:00","author":{"@id":"https:\/\/radioportoseguro.com.br\/site\/#\/schema\/person\/7630acdc320186f13639d3c067ec089b"},"breadcrumb":{"@id":"https:\/\/radioportoseguro.com.br\/site\/2026\/04\/19\/youtubers-cristaos-sao-investigados-por-insultar-o-isla-em-video-contra-antissemitismo\/#breadcrumb"},"inLanguage":"pt-BR","potentialAction":[{"@type":"ReadAction","target":["https:\/\/radioportoseguro.com.br\/site\/2026\/04\/19\/youtubers-cristaos-sao-investigados-por-insultar-o-isla-em-video-contra-antissemitismo\/"]}]},{"@type":"ImageObject","inLanguage":"pt-BR","@id":"https:\/\/radioportoseguro.com.br\/site\/2026\/04\/19\/youtubers-cristaos-sao-investigados-por-insultar-o-isla-em-video-contra-antissemitismo\/#primaryimage","url":"https:\/\/radioportoseguro.com.br\/site\/wp-content\/uploads\/2026\/04\/980630781-niko-e-tino.JPG","contentUrl":"https:\/\/radioportoseguro.com.br\/site\/wp-content\/uploads\/2026\/04\/980630781-niko-e-tino.JPG","width":1200,"height":600},{"@type":"BreadcrumbList","@id":"https:\/\/radioportoseguro.com.br\/site\/2026\/04\/19\/youtubers-cristaos-sao-investigados-por-insultar-o-isla-em-video-contra-antissemitismo\/#breadcrumb","itemListElement":[{"@type":"ListItem","position":1,"name":"In\u00edcio","item":"https:\/\/radioportoseguro.com.br\/site\/"},{"@type":"ListItem","position":2,"name":"YouTubers crist\u00e3os s\u00e3o investigados por &#8220;insultar o Isl\u00e3&#8221; em v\u00eddeo contra antissemitismo"}]},{"@type":"WebSite","@id":"https:\/\/radioportoseguro.com.br\/site\/#website","url":"https:\/\/radioportoseguro.com.br\/site\/","name":"R\u00e1dio Porto Seguro","description":"","potentialAction":[{"@type":"SearchAction","target":{"@type":"EntryPoint","urlTemplate":"https:\/\/radioportoseguro.com.br\/site\/?s={search_term_string}"},"query-input":{"@type":"PropertyValueSpecification","valueRequired":true,"valueName":"search_term_string"}}],"inLanguage":"pt-BR"},{"@type":"Person","@id":"https:\/\/radioportoseguro.com.br\/site\/#\/schema\/person\/7630acdc320186f13639d3c067ec089b","name":"admin","image":{"@type":"ImageObject","inLanguage":"pt-BR","@id":"https:\/\/radioportoseguro.com.br\/site\/#\/schema\/person\/image\/","url":"https:\/\/secure.gravatar.com\/avatar\/caacf4dc1eedb68fab0df8e1ed46c448e578b2466351bbcb61e47d2ac0caaef0?s=96&d=mm&r=g","contentUrl":"https:\/\/secure.gravatar.com\/avatar\/caacf4dc1eedb68fab0df8e1ed46c448e578b2466351bbcb61e47d2ac0caaef0?s=96&d=mm&r=g","caption":"admin"},"sameAs":["https:\/\/radioportoseguro.com.br\/site"],"url":"https:\/\/radioportoseguro.com.br\/site\/author\/hezio\/"}]}},"_links":{"self":[{"href":"https:\/\/radioportoseguro.com.br\/site\/wp-json\/wp\/v2\/posts\/6201","targetHints":{"allow":["GET"]}}],"collection":[{"href":"https:\/\/radioportoseguro.com.br\/site\/wp-json\/wp\/v2\/posts"}],"about":[{"href":"https:\/\/radioportoseguro.com.br\/site\/wp-json\/wp\/v2\/types\/post"}],"author":[{"embeddable":true,"href":"https:\/\/radioportoseguro.com.br\/site\/wp-json\/wp\/v2\/users\/1"}],"replies":[{"embeddable":true,"href":"https:\/\/radioportoseguro.com.br\/site\/wp-json\/wp\/v2\/comments?post=6201"}],"version-history":[{"count":0,"href":"https:\/\/radioportoseguro.com.br\/site\/wp-json\/wp\/v2\/posts\/6201\/revisions"}],"wp:featuredmedia":[{"embeddable":true,"href":"https:\/\/radioportoseguro.com.br\/site\/wp-json\/wp\/v2\/media\/6202"}],"wp:attachment":[{"href":"https:\/\/radioportoseguro.com.br\/site\/wp-json\/wp\/v2\/media?parent=6201"}],"wp:term":[{"taxonomy":"category","embeddable":true,"href":"https:\/\/radioportoseguro.com.br\/site\/wp-json\/wp\/v2\/categories?post=6201"},{"taxonomy":"post_tag","embeddable":true,"href":"https:\/\/radioportoseguro.com.br\/site\/wp-json\/wp\/v2\/tags?post=6201"}],"curies":[{"name":"wp","href":"https:\/\/api.w.org\/{rel}","templated":true}]}}