{"id":6203,"date":"2026-04-19T07:31:05","date_gmt":"2026-04-19T10:31:05","guid":{"rendered":"https:\/\/radioportoseguro.com.br\/site\/2026\/04\/19\/jovens-sao-curados-em-culto-na-praca-da-se-apos-oracoes-jesus-os-tocou\/"},"modified":"2026-04-19T07:31:05","modified_gmt":"2026-04-19T10:31:05","slug":"jovens-sao-curados-em-culto-na-praca-da-se-apos-oracoes-jesus-os-tocou","status":"publish","type":"post","link":"https:\/\/radioportoseguro.com.br\/site\/2026\/04\/19\/jovens-sao-curados-em-culto-na-praca-da-se-apos-oracoes-jesus-os-tocou\/","title":{"rendered":"Jovens s\u00e3o curados em culto na Pra\u00e7a da S\u00e9 ap\u00f3s ora\u00e7\u00f5es: \u2018Jesus os tocou\u2019"},"content":{"rendered":"<p><br \/>\n<br \/><\/p>\n<div>\n<p><span style=\"font-weight: 400;\">Durante um culto evangel\u00edstico ao ar livre na <\/span><span style=\"color: #993300;\"><strong>Pra\u00e7a da S\u00e9<\/strong><\/span><span style=\"font-weight: 400;\">, um dos principais pontos tur\u00edsticos de S\u00e3o Paulo, muitos jovens testemunharam que foram curados ap\u00f3s receberem ora\u00e7\u00f5es.<\/span><\/p>\n<p><span style=\"font-weight: 400;\">O evento chamado OVERFLOW \u00e9 um encontro realizado toda segunda ter\u00e7a-feira do m\u00eas na Pra\u00e7a da S\u00e9, em S\u00e3o Paulo. Promovido pelo movimento Over Mission, liderado pelo evangelista <\/span><span style=\"color: #993300;\"><strong>Luca Martini<\/strong><\/span><span style=\"font-weight: 400;\">, a a\u00e7\u00e3o re\u00fane crist\u00e3os para adorar a Deus e pregar o Evangelho.<\/span><\/p>\n<p><span style=\"font-weight: 400;\">Ap\u00f3s um momento de louvor e adora\u00e7\u00e3o, muitos jovens come\u00e7aram a testemunhar a manifesta\u00e7\u00e3o da presen\u00e7a de Deus no local. V\u00e1rios foram tocados e tiveram suas vidas transformadas, enquanto outros relataram milagres.<\/span><\/p>\n<p><span style=\"font-weight: 400;\">Em um v\u00eddeo no Instagram, uma menina aparece com uma bota ortop\u00e9dica nas m\u00e3os ap\u00f3s ser curada no local. Minutos depois, outra jovem, que tinha uma doen\u00e7a inflamat\u00f3ria cr\u00f4nica, relatou:<\/span><\/p>\n<blockquote class=\"instagram-media\" style=\"background: #FFF; border: 0; border-radius: 3px; box-shadow: 0 0 1px 0 rgba(0,0,0,0.5),0 1px 10px 0 rgba(0,0,0,0.15); margin: 1px; max-width: 540px; min-width: 326px; padding: 0; width: calc(100% - 2px);\" data-instgrm-permalink=\"https:\/\/www.instagram.com\/reel\/DXKseADkQxX\/?utm_source=ig_embed&amp;utm_campaign=loading\" data-instgrm-version=\"14\"><p>&#13;<br \/>\n&#13;\n<\/p><\/blockquote>\n<p><span style=\"font-weight: 400;\">\u201cEu tenho um problema de pele chamado psor\u00edase, e os m\u00e9dicos falam que, para curar, eu preciso de inje\u00e7\u00f5es e tudo mais. Causa muita coceira e manchas, e eu estou vendo claramente a minha pele. Ela est\u00e1 clareando, para honra e gl\u00f3ria do Senhor\u201d.<\/span><\/p>\n<p><span style=\"font-weight: 400;\">\u201cPorque Jesus te curou hoje. Cristo vive\u201d, declarou Luca. Em seguida, uma mulher, que tamb\u00e9m foi curada de um problema de pele, contou<\/span><\/p>\n<p><span style=\"font-weight: 400;\">\u201cEu sa\u00ed do hospital de Tatuap\u00e9 com uma alergia n\u00e3o especificada. Para honra e gl\u00f3ria do Senhor Jesus sumiu! Eu sou filha do Deus vivo\u201d.\u00a0<\/span><\/p>\n<p><span style=\"font-weight: 400;\">J\u00e1 Gabriel, que foi diagnosticado com p\u00e9s planos cong\u00eanitos desde o nascimento, testemunhou:<\/span><\/p>\n<p><span style=\"font-weight: 400;\">\u201cEu nasci com o p\u00e9 chato, fiz uma cirurgia para tentar fazer ele voltar a ficar certo. Do\u00eda muito para pular, para dan\u00e7ar\u201d. No entanto, ap\u00f3s as ora\u00e7\u00f5es, Gabriel conseguiu pular e adorar a Jesus.<\/span><\/p>\n<blockquote class=\"instagram-media\" style=\"background: #FFF; border: 0; border-radius: 3px; box-shadow: 0 0 1px 0 rgba(0,0,0,0.5),0 1px 10px 0 rgba(0,0,0,0.15); margin: 1px; max-width: 540px; min-width: 326px; padding: 0; width: calc(100% - 2px);\" data-instgrm-permalink=\"https:\/\/www.instagram.com\/reel\/DXKjqzLBFan\/?utm_source=ig_embed&amp;utm_campaign=loading\" data-instgrm-version=\"14\"><p>&#13;<br \/>\n&#13;\n<\/p><\/blockquote>\n<p><strong>\u2018\u00c9 s\u00f3 o come\u00e7o\u2019<\/strong><\/p>\n<p><span style=\"font-weight: 400;\">Segundo Luca, v\u00e1rios jovens voltaram para suas casas curados naquela noite: \u201cJesus \u00e9 a solu\u00e7\u00e3o, a resposta, o caminho, a verdade, a vida. Ele \u00e9 o p\u00e3o que desceu do c\u00e9u, Ele \u00e9 a \u00e1gua que mata a sede\u201d.<\/span><\/p>\n<p><span style=\"font-weight: 400;\">E continuou: \u201cDeus sempre presenteia a gente no final do OVERFLOW com muita alegria. As ruas continuam sendo o nosso lugar e a chama continua acesa. Se voc\u00ea quer saber o que realmente vale a pena viver, \u00e9 isso: pessoas desesperadas por Jesus e Ele vindo ao encontro delas\u201d.<\/span><\/p>\n<blockquote class=\"instagram-media\" style=\"background: #FFF; border: 0; border-radius: 3px; box-shadow: 0 0 1px 0 rgba(0,0,0,0.5),0 1px 10px 0 rgba(0,0,0,0.15); margin: 1px; max-width: 540px; min-width: 326px; padding: 0; width: calc(100% - 2px);\" data-instgrm-permalink=\"https:\/\/www.instagram.com\/reel\/DXKt4H8hkq8\/?utm_source=ig_embed&amp;utm_campaign=loading\" data-instgrm-version=\"14\"><p>&#13;<br \/>\n&#13;\n<\/p><\/blockquote>\n<p><span style=\"font-weight: 400;\">Os cantores <\/span><span style=\"color: #993300;\"><strong>Isaque Valad\u00e3o<\/strong><\/span><span style=\"font-weight: 400;\">, filho da cantora e pastora Ana Paula Valad\u00e3o, e o pastor Rafael Bicudo conduziram o momento de adora\u00e7\u00e3o na capital paulista.<\/span><\/p>\n<p><span style=\"font-weight: 400;\">\u201cO Senhor moveu com milagres e maravilhas. A presen\u00e7a do Senhor estava aqui\u201d, afirmou Isaque.<\/span><\/p>\n<p><span style=\"font-weight: 400;\">E o pastor Rafael acrescentou: \u201cEu creio que isso \u00e9 s\u00f3 o come\u00e7o do que Deus est\u00e1 fazendo aqui em S\u00e3o Paulo e no Brasil\u201d.<\/span><\/p>\n<\/div>\n<p><script async src=\"\/\/www.instagram.com\/embed.js\"><\/script><br \/>\n<br \/><br \/>\n<br \/>Fonte: Guiame <\/p>\n","protected":false},"excerpt":{"rendered":"<p>Durante um culto evangel\u00edstico ao ar livre na Pra\u00e7a da S\u00e9, um dos principais pontos tur\u00edsticos de S\u00e3o Paulo, muitos jovens testemunharam que foram curados ap\u00f3s receberem ora\u00e7\u00f5es. O evento chamado OVERFLOW \u00e9 um encontro realizado toda segunda ter\u00e7a-feira do m\u00eas na Pra\u00e7a da S\u00e9, em S\u00e3o Paulo. Promovido pelo movimento Over Mission, liderado pelo [&hellip;]<\/p>\n","protected":false},"author":1,"featured_media":6204,"comment_status":"","ping_status":"open","sticky":false,"template":"","format":"standard","meta":{"footnotes":""},"categories":[43],"tags":[],"class_list":["post-6203","post","type-post","status-publish","format-standard","has-post-thumbnail","hentry","category-destaques"],"yoast_head":"<!-- This site is optimized with the Yoast SEO plugin v26.8 - https:\/\/yoast.com\/product\/yoast-seo-wordpress\/ -->\n<title>Jovens s\u00e3o curados em culto na Pra\u00e7a da S\u00e9 ap\u00f3s ora\u00e7\u00f5es: \u2018Jesus os tocou\u2019 - R\u00e1dio Porto Seguro<\/title>\n<meta name=\"robots\" content=\"index, follow, max-snippet:-1, max-image-preview:large, max-video-preview:-1\" \/>\n<link rel=\"canonical\" href=\"https:\/\/radioportoseguro.com.br\/site\/2026\/04\/19\/jovens-sao-curados-em-culto-na-praca-da-se-apos-oracoes-jesus-os-tocou\/\" \/>\n<meta property=\"og:locale\" content=\"pt_BR\" \/>\n<meta property=\"og:type\" content=\"article\" \/>\n<meta property=\"og:title\" content=\"Jovens s\u00e3o curados em culto na Pra\u00e7a da S\u00e9 ap\u00f3s ora\u00e7\u00f5es: \u2018Jesus os tocou\u2019 - R\u00e1dio Porto Seguro\" \/>\n<meta property=\"og:description\" content=\"Durante um culto evangel\u00edstico ao ar livre na Pra\u00e7a da S\u00e9, um dos principais pontos tur\u00edsticos de S\u00e3o Paulo, muitos jovens testemunharam que foram curados ap\u00f3s receberem ora\u00e7\u00f5es. O evento chamado OVERFLOW \u00e9 um encontro realizado toda segunda ter\u00e7a-feira do m\u00eas na Pra\u00e7a da S\u00e9, em S\u00e3o Paulo. Promovido pelo movimento Over Mission, liderado pelo [&hellip;]\" \/>\n<meta property=\"og:url\" content=\"https:\/\/radioportoseguro.com.br\/site\/2026\/04\/19\/jovens-sao-curados-em-culto-na-praca-da-se-apos-oracoes-jesus-os-tocou\/\" \/>\n<meta property=\"og:site_name\" content=\"R\u00e1dio Porto Seguro\" \/>\n<meta property=\"article:published_time\" content=\"2026-04-19T10:31:05+00:00\" \/>\n<meta property=\"og:image\" content=\"https:\/\/media.guiame.com.br\/archives\/2026\/04\/16\/3050176881-muitos-jovens-foram-curados-no-local.jpeg\" \/>\n<meta name=\"author\" content=\"admin\" \/>\n<meta name=\"twitter:card\" content=\"summary_large_image\" \/>\n<meta name=\"twitter:label1\" content=\"Escrito por\" \/>\n\t<meta name=\"twitter:data1\" content=\"admin\" \/>\n\t<meta name=\"twitter:label2\" content=\"Est. tempo de leitura\" \/>\n\t<meta name=\"twitter:data2\" content=\"2 minutos\" \/>\n<script type=\"application\/ld+json\" class=\"yoast-schema-graph\">{\"@context\":\"https:\/\/schema.org\",\"@graph\":[{\"@type\":\"Article\",\"@id\":\"https:\/\/radioportoseguro.com.br\/site\/2026\/04\/19\/jovens-sao-curados-em-culto-na-praca-da-se-apos-oracoes-jesus-os-tocou\/#article\",\"isPartOf\":{\"@id\":\"https:\/\/radioportoseguro.com.br\/site\/2026\/04\/19\/jovens-sao-curados-em-culto-na-praca-da-se-apos-oracoes-jesus-os-tocou\/\"},\"author\":{\"name\":\"admin\",\"@id\":\"https:\/\/radioportoseguro.com.br\/site\/#\/schema\/person\/7630acdc320186f13639d3c067ec089b\"},\"headline\":\"Jovens s\u00e3o curados em culto na Pra\u00e7a da S\u00e9 ap\u00f3s ora\u00e7\u00f5es: \u2018Jesus os tocou\u2019\",\"datePublished\":\"2026-04-19T10:31:05+00:00\",\"mainEntityOfPage\":{\"@id\":\"https:\/\/radioportoseguro.com.br\/site\/2026\/04\/19\/jovens-sao-curados-em-culto-na-praca-da-se-apos-oracoes-jesus-os-tocou\/\"},\"wordCount\":494,\"image\":{\"@id\":\"https:\/\/radioportoseguro.com.br\/site\/2026\/04\/19\/jovens-sao-curados-em-culto-na-praca-da-se-apos-oracoes-jesus-os-tocou\/#primaryimage\"},\"thumbnailUrl\":\"https:\/\/radioportoseguro.com.br\/site\/wp-content\/uploads\/2026\/04\/3050176881-muitos-jovens-foram-curados-no-local.jpeg\",\"articleSection\":[\"Destaques\"],\"inLanguage\":\"pt-BR\"},{\"@type\":\"WebPage\",\"@id\":\"https:\/\/radioportoseguro.com.br\/site\/2026\/04\/19\/jovens-sao-curados-em-culto-na-praca-da-se-apos-oracoes-jesus-os-tocou\/\",\"url\":\"https:\/\/radioportoseguro.com.br\/site\/2026\/04\/19\/jovens-sao-curados-em-culto-na-praca-da-se-apos-oracoes-jesus-os-tocou\/\",\"name\":\"Jovens s\u00e3o curados em culto na Pra\u00e7a da S\u00e9 ap\u00f3s ora\u00e7\u00f5es: \u2018Jesus os tocou\u2019 - R\u00e1dio Porto Seguro\",\"isPartOf\":{\"@id\":\"https:\/\/radioportoseguro.com.br\/site\/#website\"},\"primaryImageOfPage\":{\"@id\":\"https:\/\/radioportoseguro.com.br\/site\/2026\/04\/19\/jovens-sao-curados-em-culto-na-praca-da-se-apos-oracoes-jesus-os-tocou\/#primaryimage\"},\"image\":{\"@id\":\"https:\/\/radioportoseguro.com.br\/site\/2026\/04\/19\/jovens-sao-curados-em-culto-na-praca-da-se-apos-oracoes-jesus-os-tocou\/#primaryimage\"},\"thumbnailUrl\":\"https:\/\/radioportoseguro.com.br\/site\/wp-content\/uploads\/2026\/04\/3050176881-muitos-jovens-foram-curados-no-local.jpeg\",\"datePublished\":\"2026-04-19T10:31:05+00:00\",\"author\":{\"@id\":\"https:\/\/radioportoseguro.com.br\/site\/#\/schema\/person\/7630acdc320186f13639d3c067ec089b\"},\"breadcrumb\":{\"@id\":\"https:\/\/radioportoseguro.com.br\/site\/2026\/04\/19\/jovens-sao-curados-em-culto-na-praca-da-se-apos-oracoes-jesus-os-tocou\/#breadcrumb\"},\"inLanguage\":\"pt-BR\",\"potentialAction\":[{\"@type\":\"ReadAction\",\"target\":[\"https:\/\/radioportoseguro.com.br\/site\/2026\/04\/19\/jovens-sao-curados-em-culto-na-praca-da-se-apos-oracoes-jesus-os-tocou\/\"]}]},{\"@type\":\"ImageObject\",\"inLanguage\":\"pt-BR\",\"@id\":\"https:\/\/radioportoseguro.com.br\/site\/2026\/04\/19\/jovens-sao-curados-em-culto-na-praca-da-se-apos-oracoes-jesus-os-tocou\/#primaryimage\",\"url\":\"https:\/\/radioportoseguro.com.br\/site\/wp-content\/uploads\/2026\/04\/3050176881-muitos-jovens-foram-curados-no-local.jpeg\",\"contentUrl\":\"https:\/\/radioportoseguro.com.br\/site\/wp-content\/uploads\/2026\/04\/3050176881-muitos-jovens-foram-curados-no-local.jpeg\",\"width\":1200,\"height\":600},{\"@type\":\"BreadcrumbList\",\"@id\":\"https:\/\/radioportoseguro.com.br\/site\/2026\/04\/19\/jovens-sao-curados-em-culto-na-praca-da-se-apos-oracoes-jesus-os-tocou\/#breadcrumb\",\"itemListElement\":[{\"@type\":\"ListItem\",\"position\":1,\"name\":\"In\u00edcio\",\"item\":\"https:\/\/radioportoseguro.com.br\/site\/\"},{\"@type\":\"ListItem\",\"position\":2,\"name\":\"Jovens s\u00e3o curados em culto na Pra\u00e7a da S\u00e9 ap\u00f3s ora\u00e7\u00f5es: \u2018Jesus os tocou\u2019\"}]},{\"@type\":\"WebSite\",\"@id\":\"https:\/\/radioportoseguro.com.br\/site\/#website\",\"url\":\"https:\/\/radioportoseguro.com.br\/site\/\",\"name\":\"R\u00e1dio Porto Seguro\",\"description\":\"\",\"potentialAction\":[{\"@type\":\"SearchAction\",\"target\":{\"@type\":\"EntryPoint\",\"urlTemplate\":\"https:\/\/radioportoseguro.com.br\/site\/?s={search_term_string}\"},\"query-input\":{\"@type\":\"PropertyValueSpecification\",\"valueRequired\":true,\"valueName\":\"search_term_string\"}}],\"inLanguage\":\"pt-BR\"},{\"@type\":\"Person\",\"@id\":\"https:\/\/radioportoseguro.com.br\/site\/#\/schema\/person\/7630acdc320186f13639d3c067ec089b\",\"name\":\"admin\",\"image\":{\"@type\":\"ImageObject\",\"inLanguage\":\"pt-BR\",\"@id\":\"https:\/\/radioportoseguro.com.br\/site\/#\/schema\/person\/image\/\",\"url\":\"https:\/\/secure.gravatar.com\/avatar\/caacf4dc1eedb68fab0df8e1ed46c448e578b2466351bbcb61e47d2ac0caaef0?s=96&d=mm&r=g\",\"contentUrl\":\"https:\/\/secure.gravatar.com\/avatar\/caacf4dc1eedb68fab0df8e1ed46c448e578b2466351bbcb61e47d2ac0caaef0?s=96&d=mm&r=g\",\"caption\":\"admin\"},\"sameAs\":[\"https:\/\/radioportoseguro.com.br\/site\"],\"url\":\"https:\/\/radioportoseguro.com.br\/site\/author\/hezio\/\"}]}<\/script>\n<!-- \/ Yoast SEO plugin. -->","yoast_head_json":{"title":"Jovens s\u00e3o curados em culto na Pra\u00e7a da S\u00e9 ap\u00f3s ora\u00e7\u00f5es: \u2018Jesus os tocou\u2019 - R\u00e1dio Porto Seguro","robots":{"index":"index","follow":"follow","max-snippet":"max-snippet:-1","max-image-preview":"max-image-preview:large","max-video-preview":"max-video-preview:-1"},"canonical":"https:\/\/radioportoseguro.com.br\/site\/2026\/04\/19\/jovens-sao-curados-em-culto-na-praca-da-se-apos-oracoes-jesus-os-tocou\/","og_locale":"pt_BR","og_type":"article","og_title":"Jovens s\u00e3o curados em culto na Pra\u00e7a da S\u00e9 ap\u00f3s ora\u00e7\u00f5es: \u2018Jesus os tocou\u2019 - R\u00e1dio Porto Seguro","og_description":"Durante um culto evangel\u00edstico ao ar livre na Pra\u00e7a da S\u00e9, um dos principais pontos tur\u00edsticos de S\u00e3o Paulo, muitos jovens testemunharam que foram curados ap\u00f3s receberem ora\u00e7\u00f5es. O evento chamado OVERFLOW \u00e9 um encontro realizado toda segunda ter\u00e7a-feira do m\u00eas na Pra\u00e7a da S\u00e9, em S\u00e3o Paulo. Promovido pelo movimento Over Mission, liderado pelo [&hellip;]","og_url":"https:\/\/radioportoseguro.com.br\/site\/2026\/04\/19\/jovens-sao-curados-em-culto-na-praca-da-se-apos-oracoes-jesus-os-tocou\/","og_site_name":"R\u00e1dio Porto Seguro","article_published_time":"2026-04-19T10:31:05+00:00","og_image":[{"url":"https:\/\/media.guiame.com.br\/archives\/2026\/04\/16\/3050176881-muitos-jovens-foram-curados-no-local.jpeg","type":"","width":"","height":""}],"author":"admin","twitter_card":"summary_large_image","twitter_misc":{"Escrito por":"admin","Est. tempo de leitura":"2 minutos"},"schema":{"@context":"https:\/\/schema.org","@graph":[{"@type":"Article","@id":"https:\/\/radioportoseguro.com.br\/site\/2026\/04\/19\/jovens-sao-curados-em-culto-na-praca-da-se-apos-oracoes-jesus-os-tocou\/#article","isPartOf":{"@id":"https:\/\/radioportoseguro.com.br\/site\/2026\/04\/19\/jovens-sao-curados-em-culto-na-praca-da-se-apos-oracoes-jesus-os-tocou\/"},"author":{"name":"admin","@id":"https:\/\/radioportoseguro.com.br\/site\/#\/schema\/person\/7630acdc320186f13639d3c067ec089b"},"headline":"Jovens s\u00e3o curados em culto na Pra\u00e7a da S\u00e9 ap\u00f3s ora\u00e7\u00f5es: \u2018Jesus os tocou\u2019","datePublished":"2026-04-19T10:31:05+00:00","mainEntityOfPage":{"@id":"https:\/\/radioportoseguro.com.br\/site\/2026\/04\/19\/jovens-sao-curados-em-culto-na-praca-da-se-apos-oracoes-jesus-os-tocou\/"},"wordCount":494,"image":{"@id":"https:\/\/radioportoseguro.com.br\/site\/2026\/04\/19\/jovens-sao-curados-em-culto-na-praca-da-se-apos-oracoes-jesus-os-tocou\/#primaryimage"},"thumbnailUrl":"https:\/\/radioportoseguro.com.br\/site\/wp-content\/uploads\/2026\/04\/3050176881-muitos-jovens-foram-curados-no-local.jpeg","articleSection":["Destaques"],"inLanguage":"pt-BR"},{"@type":"WebPage","@id":"https:\/\/radioportoseguro.com.br\/site\/2026\/04\/19\/jovens-sao-curados-em-culto-na-praca-da-se-apos-oracoes-jesus-os-tocou\/","url":"https:\/\/radioportoseguro.com.br\/site\/2026\/04\/19\/jovens-sao-curados-em-culto-na-praca-da-se-apos-oracoes-jesus-os-tocou\/","name":"Jovens s\u00e3o curados em culto na Pra\u00e7a da S\u00e9 ap\u00f3s ora\u00e7\u00f5es: \u2018Jesus os tocou\u2019 - R\u00e1dio Porto Seguro","isPartOf":{"@id":"https:\/\/radioportoseguro.com.br\/site\/#website"},"primaryImageOfPage":{"@id":"https:\/\/radioportoseguro.com.br\/site\/2026\/04\/19\/jovens-sao-curados-em-culto-na-praca-da-se-apos-oracoes-jesus-os-tocou\/#primaryimage"},"image":{"@id":"https:\/\/radioportoseguro.com.br\/site\/2026\/04\/19\/jovens-sao-curados-em-culto-na-praca-da-se-apos-oracoes-jesus-os-tocou\/#primaryimage"},"thumbnailUrl":"https:\/\/radioportoseguro.com.br\/site\/wp-content\/uploads\/2026\/04\/3050176881-muitos-jovens-foram-curados-no-local.jpeg","datePublished":"2026-04-19T10:31:05+00:00","author":{"@id":"https:\/\/radioportoseguro.com.br\/site\/#\/schema\/person\/7630acdc320186f13639d3c067ec089b"},"breadcrumb":{"@id":"https:\/\/radioportoseguro.com.br\/site\/2026\/04\/19\/jovens-sao-curados-em-culto-na-praca-da-se-apos-oracoes-jesus-os-tocou\/#breadcrumb"},"inLanguage":"pt-BR","potentialAction":[{"@type":"ReadAction","target":["https:\/\/radioportoseguro.com.br\/site\/2026\/04\/19\/jovens-sao-curados-em-culto-na-praca-da-se-apos-oracoes-jesus-os-tocou\/"]}]},{"@type":"ImageObject","inLanguage":"pt-BR","@id":"https:\/\/radioportoseguro.com.br\/site\/2026\/04\/19\/jovens-sao-curados-em-culto-na-praca-da-se-apos-oracoes-jesus-os-tocou\/#primaryimage","url":"https:\/\/radioportoseguro.com.br\/site\/wp-content\/uploads\/2026\/04\/3050176881-muitos-jovens-foram-curados-no-local.jpeg","contentUrl":"https:\/\/radioportoseguro.com.br\/site\/wp-content\/uploads\/2026\/04\/3050176881-muitos-jovens-foram-curados-no-local.jpeg","width":1200,"height":600},{"@type":"BreadcrumbList","@id":"https:\/\/radioportoseguro.com.br\/site\/2026\/04\/19\/jovens-sao-curados-em-culto-na-praca-da-se-apos-oracoes-jesus-os-tocou\/#breadcrumb","itemListElement":[{"@type":"ListItem","position":1,"name":"In\u00edcio","item":"https:\/\/radioportoseguro.com.br\/site\/"},{"@type":"ListItem","position":2,"name":"Jovens s\u00e3o curados em culto na Pra\u00e7a da S\u00e9 ap\u00f3s ora\u00e7\u00f5es: \u2018Jesus os tocou\u2019"}]},{"@type":"WebSite","@id":"https:\/\/radioportoseguro.com.br\/site\/#website","url":"https:\/\/radioportoseguro.com.br\/site\/","name":"R\u00e1dio Porto Seguro","description":"","potentialAction":[{"@type":"SearchAction","target":{"@type":"EntryPoint","urlTemplate":"https:\/\/radioportoseguro.com.br\/site\/?s={search_term_string}"},"query-input":{"@type":"PropertyValueSpecification","valueRequired":true,"valueName":"search_term_string"}}],"inLanguage":"pt-BR"},{"@type":"Person","@id":"https:\/\/radioportoseguro.com.br\/site\/#\/schema\/person\/7630acdc320186f13639d3c067ec089b","name":"admin","image":{"@type":"ImageObject","inLanguage":"pt-BR","@id":"https:\/\/radioportoseguro.com.br\/site\/#\/schema\/person\/image\/","url":"https:\/\/secure.gravatar.com\/avatar\/caacf4dc1eedb68fab0df8e1ed46c448e578b2466351bbcb61e47d2ac0caaef0?s=96&d=mm&r=g","contentUrl":"https:\/\/secure.gravatar.com\/avatar\/caacf4dc1eedb68fab0df8e1ed46c448e578b2466351bbcb61e47d2ac0caaef0?s=96&d=mm&r=g","caption":"admin"},"sameAs":["https:\/\/radioportoseguro.com.br\/site"],"url":"https:\/\/radioportoseguro.com.br\/site\/author\/hezio\/"}]}},"_links":{"self":[{"href":"https:\/\/radioportoseguro.com.br\/site\/wp-json\/wp\/v2\/posts\/6203","targetHints":{"allow":["GET"]}}],"collection":[{"href":"https:\/\/radioportoseguro.com.br\/site\/wp-json\/wp\/v2\/posts"}],"about":[{"href":"https:\/\/radioportoseguro.com.br\/site\/wp-json\/wp\/v2\/types\/post"}],"author":[{"embeddable":true,"href":"https:\/\/radioportoseguro.com.br\/site\/wp-json\/wp\/v2\/users\/1"}],"replies":[{"embeddable":true,"href":"https:\/\/radioportoseguro.com.br\/site\/wp-json\/wp\/v2\/comments?post=6203"}],"version-history":[{"count":0,"href":"https:\/\/radioportoseguro.com.br\/site\/wp-json\/wp\/v2\/posts\/6203\/revisions"}],"wp:featuredmedia":[{"embeddable":true,"href":"https:\/\/radioportoseguro.com.br\/site\/wp-json\/wp\/v2\/media\/6204"}],"wp:attachment":[{"href":"https:\/\/radioportoseguro.com.br\/site\/wp-json\/wp\/v2\/media?parent=6203"}],"wp:term":[{"taxonomy":"category","embeddable":true,"href":"https:\/\/radioportoseguro.com.br\/site\/wp-json\/wp\/v2\/categories?post=6203"},{"taxonomy":"post_tag","embeddable":true,"href":"https:\/\/radioportoseguro.com.br\/site\/wp-json\/wp\/v2\/tags?post=6203"}],"curies":[{"name":"wp","href":"https:\/\/api.w.org\/{rel}","templated":true}]}}