{"id":6213,"date":"2026-04-19T13:41:33","date_gmt":"2026-04-19T16:41:33","guid":{"rendered":"https:\/\/radioportoseguro.com.br\/site\/2026\/04\/19\/igreja-faz-culto-para-pessoas-sem-teto-no-japao-e-registra-curas-pregamos-a-palavra\/"},"modified":"2026-04-19T13:41:33","modified_gmt":"2026-04-19T16:41:33","slug":"igreja-faz-culto-para-pessoas-sem-teto-no-japao-e-registra-curas-pregamos-a-palavra","status":"publish","type":"post","link":"https:\/\/radioportoseguro.com.br\/site\/2026\/04\/19\/igreja-faz-culto-para-pessoas-sem-teto-no-japao-e-registra-curas-pregamos-a-palavra\/","title":{"rendered":"Igreja faz culto para pessoas sem-teto no Jap\u00e3o e registra curas: \u201cPregamos a Palavra\u201d"},"content":{"rendered":"<p><br \/>\n<br \/><\/p>\n<div>\n<p><span style=\"font-weight: 400;\">Uma igreja realizou um culto ao ar livre para moradores de rua no <\/span><span style=\"color: #800000;\"><strong>Jap\u00e3o<\/strong><\/span><span style=\"font-weight: 400;\">, no \u00faltimo domingo (12).<\/span><\/p>\n<p><span style=\"font-weight: 400;\">O encontrou aconteceu em um parque da cidade de Nagoya, promovido pela Igreja Itinerante de Nagoy, liderada pelo ex-lutador de boxe brasileiro e evangelista <\/span><span style=\"color: #800000;\"><strong>Marcos Sogabe<\/strong><\/span><span style=\"font-weight: 400;\">.<\/span><\/p>\n<p><span style=\"font-weight: 400;\">Mais de 50 japoneses em situa\u00e7\u00e3o de rua ou que enfrentam dificuldades econ\u00f4micas se reuniram para adorar a Deus.<\/span><\/p>\n<p><span style=\"font-weight: 400;\">\u201cTivemos um tempo de louvor, ministramos a Palavra, ouvimos um testemunho marcante sobre recome\u00e7ar em Deus\u201d, contou Marcos, em postagem no Instagram.<\/span><\/p>\n<p><span style=\"font-weight: 400;\">Ap\u00f3s a prega\u00e7\u00e3o do Evangelho, os crist\u00e3os oraram, pedindo ao Senhor a cura de enfermidades.<\/span><\/p>\n<p><span style=\"font-weight: 400;\">\u201cDeus realizou tr\u00eas curas instant\u00e2neas de dores no corpo, que fortaleceu a f\u00e9 deles. Foi um momento de esperan\u00e7a, cuidado e presen\u00e7a de Deus\u201d, testemunhou o evangelista.<\/span><\/p>\n<p><span style=\"font-weight: 400;\">Os crist\u00e3os tamb\u00e9m realizaram um momento de comunh\u00e3o com os sem-teto e serviram lanches.<\/span><\/p>\n<blockquote class=\"instagram-media\" style=\"background: #FFF; border: 0; border-radius: 3px; box-shadow: 0 0 1px 0 rgba(0,0,0,0.5),0 1px 10px 0 rgba(0,0,0,0.15); margin: 1px; max-width: 540px; min-width: 326px; padding: 0; width: calc(100% - 2px);\" data-instgrm-captioned=\"\" data-instgrm-permalink=\"https:\/\/www.instagram.com\/reel\/DXEeRQYkllh\/?utm_source=ig_embed&amp;utm_campaign=loading\" data-instgrm-version=\"14\"><p>&#13;<br \/>\n&#13;\n<\/p><\/blockquote>\n<p><span style=\"font-weight: 400;\">A igreja itinerante \u00e9 um projeto evangel\u00edstico criado por Marcos Sogabe, com cultos realizados em diferentes lugares, como academias e em locais p\u00fablicos, e voltados especialmente para moradores de rua, em Nagoya.<\/span><\/p>\n<p><span style=\"font-weight: 400;\">\u201cA igreja Itinerante de Nagoya nasceu com um prop\u00f3sito: levar a Palavra de Deus al\u00e9m das paredes, alcan\u00e7ando vidas onde muitas vezes ningu\u00e9m chega. Estamos em movimento, vivendo o Evangelho de forma simples, verdadeira e pr\u00f3xima\u201d, afirmou a denomina\u00e7\u00e3o.<\/span><\/p>\n<p><span style=\"font-weight: 400;\">Marcos passou de atleta profissional no Jap\u00e3o a mission\u00e1rio, transformando seu foco nos ringues para o cuidado pr\u00e1tico e espiritual com vulner\u00e1veis. Desde ent\u00e3o, ele tem promovido <\/span><span style=\"color: #800000;\"><strong>evangelismos<\/strong><\/span><span style=\"font-weight: 400;\"> e a\u00e7\u00f5es sociais com sem-teto.<\/span><\/p>\n<p><span style=\"font-weight: 400;\">O evangelista j\u00e1 batizou seis japoneses e um estrangeiro no Jap\u00e3o. Os rec\u00e9m convertidos passam primeiro por um discipulado at\u00e9 estarem prontos para o batismo.<\/span><\/p>\n<blockquote class=\"instagram-media\" style=\"background: #FFF; border: 0; border-radius: 3px; box-shadow: 0 0 1px 0 rgba(0,0,0,0.5),0 1px 10px 0 rgba(0,0,0,0.15); margin: 1px; max-width: 540px; min-width: 326px; padding: 0; width: calc(100% - 2px);\" data-instgrm-captioned=\"\" data-instgrm-permalink=\"https:\/\/www.instagram.com\/reel\/DLcXe48vLqC\/?utm_source=ig_embed&amp;utm_campaign=loading\" data-instgrm-version=\"14\"><p>&#13;<br \/>\n&#13;\n<\/p><\/blockquote>\n<p><strong>Miss\u00f5es no Jap\u00e3o<\/strong><\/p>\n<p><span style=\"font-weight: 400;\">Nos \u00faltimos anos, o Jap\u00e3o, um dos pa\u00edses mais resistentes ao Evangelho, est\u00e1 experimentando um crescimento do cristianismo atrav\u00e9s dos chamados mission\u00e1rios dekasseguis (descendentes de japoneses que migram para trabalhar temporariamente no pa\u00eds), incluindo brasileiros.<\/span><\/p>\n<p><span style=\"font-weight: 400;\">Mesmo assim, apenas 1% da popula\u00e7\u00e3o \u00e9 crist\u00e3, incluindo cat\u00f3licos, em um pa\u00eds com 125,8 milh\u00f5es de habitantes. Alguns mission\u00e1rios consideram que os japoneses podem ser classificados como um povo n\u00e3o alcan\u00e7ado.<\/span><\/p>\n<\/div>\n<p><script async src=\"\/\/www.instagram.com\/embed.js\"><\/script><br \/>\n<br \/><br \/>\n<br \/>Fonte: Guiame <\/p>\n","protected":false},"excerpt":{"rendered":"<p>Uma igreja realizou um culto ao ar livre para moradores de rua no Jap\u00e3o, no \u00faltimo domingo (12). O encontrou aconteceu em um parque da cidade de Nagoya, promovido pela Igreja Itinerante de Nagoy, liderada pelo ex-lutador de boxe brasileiro e evangelista Marcos Sogabe. Mais de 50 japoneses em situa\u00e7\u00e3o de rua ou que enfrentam [&hellip;]<\/p>\n","protected":false},"author":1,"featured_media":6214,"comment_status":"","ping_status":"open","sticky":false,"template":"","format":"standard","meta":{"footnotes":""},"categories":[43],"tags":[],"class_list":["post-6213","post","type-post","status-publish","format-standard","has-post-thumbnail","hentry","category-destaques"],"yoast_head":"<!-- This site is optimized with the Yoast SEO plugin v26.8 - https:\/\/yoast.com\/product\/yoast-seo-wordpress\/ -->\n<title>Igreja faz culto para pessoas sem-teto no Jap\u00e3o e registra curas: \u201cPregamos a Palavra\u201d - R\u00e1dio Porto Seguro<\/title>\n<meta name=\"robots\" content=\"index, follow, max-snippet:-1, max-image-preview:large, max-video-preview:-1\" \/>\n<link rel=\"canonical\" href=\"https:\/\/radioportoseguro.com.br\/site\/2026\/04\/19\/igreja-faz-culto-para-pessoas-sem-teto-no-japao-e-registra-curas-pregamos-a-palavra\/\" \/>\n<meta property=\"og:locale\" content=\"pt_BR\" \/>\n<meta property=\"og:type\" content=\"article\" \/>\n<meta property=\"og:title\" content=\"Igreja faz culto para pessoas sem-teto no Jap\u00e3o e registra curas: \u201cPregamos a Palavra\u201d - R\u00e1dio Porto Seguro\" \/>\n<meta property=\"og:description\" content=\"Uma igreja realizou um culto ao ar livre para moradores de rua no Jap\u00e3o, no \u00faltimo domingo (12). O encontrou aconteceu em um parque da cidade de Nagoya, promovido pela Igreja Itinerante de Nagoy, liderada pelo ex-lutador de boxe brasileiro e evangelista Marcos Sogabe. Mais de 50 japoneses em situa\u00e7\u00e3o de rua ou que enfrentam [&hellip;]\" \/>\n<meta property=\"og:url\" content=\"https:\/\/radioportoseguro.com.br\/site\/2026\/04\/19\/igreja-faz-culto-para-pessoas-sem-teto-no-japao-e-registra-curas-pregamos-a-palavra\/\" \/>\n<meta property=\"og:site_name\" content=\"R\u00e1dio Porto Seguro\" \/>\n<meta property=\"article:published_time\" content=\"2026-04-19T16:41:33+00:00\" \/>\n<meta property=\"og:image\" content=\"https:\/\/media.guiame.com.br\/archives\/2026\/04\/15\/1700359267-japao.JPG\" \/>\n<meta name=\"author\" content=\"admin\" \/>\n<meta name=\"twitter:card\" content=\"summary_large_image\" \/>\n<meta name=\"twitter:label1\" content=\"Escrito por\" \/>\n\t<meta name=\"twitter:data1\" content=\"admin\" \/>\n\t<meta name=\"twitter:label2\" content=\"Est. tempo de leitura\" \/>\n\t<meta name=\"twitter:data2\" content=\"2 minutos\" \/>\n<script type=\"application\/ld+json\" class=\"yoast-schema-graph\">{\"@context\":\"https:\/\/schema.org\",\"@graph\":[{\"@type\":\"Article\",\"@id\":\"https:\/\/radioportoseguro.com.br\/site\/2026\/04\/19\/igreja-faz-culto-para-pessoas-sem-teto-no-japao-e-registra-curas-pregamos-a-palavra\/#article\",\"isPartOf\":{\"@id\":\"https:\/\/radioportoseguro.com.br\/site\/2026\/04\/19\/igreja-faz-culto-para-pessoas-sem-teto-no-japao-e-registra-curas-pregamos-a-palavra\/\"},\"author\":{\"name\":\"admin\",\"@id\":\"https:\/\/radioportoseguro.com.br\/site\/#\/schema\/person\/7630acdc320186f13639d3c067ec089b\"},\"headline\":\"Igreja faz culto para pessoas sem-teto no Jap\u00e3o e registra curas: \u201cPregamos a Palavra\u201d\",\"datePublished\":\"2026-04-19T16:41:33+00:00\",\"mainEntityOfPage\":{\"@id\":\"https:\/\/radioportoseguro.com.br\/site\/2026\/04\/19\/igreja-faz-culto-para-pessoas-sem-teto-no-japao-e-registra-curas-pregamos-a-palavra\/\"},\"wordCount\":397,\"image\":{\"@id\":\"https:\/\/radioportoseguro.com.br\/site\/2026\/04\/19\/igreja-faz-culto-para-pessoas-sem-teto-no-japao-e-registra-curas-pregamos-a-palavra\/#primaryimage\"},\"thumbnailUrl\":\"https:\/\/radioportoseguro.com.br\/site\/wp-content\/uploads\/2026\/04\/1700359267-japao.JPG\",\"articleSection\":[\"Destaques\"],\"inLanguage\":\"pt-BR\"},{\"@type\":\"WebPage\",\"@id\":\"https:\/\/radioportoseguro.com.br\/site\/2026\/04\/19\/igreja-faz-culto-para-pessoas-sem-teto-no-japao-e-registra-curas-pregamos-a-palavra\/\",\"url\":\"https:\/\/radioportoseguro.com.br\/site\/2026\/04\/19\/igreja-faz-culto-para-pessoas-sem-teto-no-japao-e-registra-curas-pregamos-a-palavra\/\",\"name\":\"Igreja faz culto para pessoas sem-teto no Jap\u00e3o e registra curas: \u201cPregamos a Palavra\u201d - R\u00e1dio Porto Seguro\",\"isPartOf\":{\"@id\":\"https:\/\/radioportoseguro.com.br\/site\/#website\"},\"primaryImageOfPage\":{\"@id\":\"https:\/\/radioportoseguro.com.br\/site\/2026\/04\/19\/igreja-faz-culto-para-pessoas-sem-teto-no-japao-e-registra-curas-pregamos-a-palavra\/#primaryimage\"},\"image\":{\"@id\":\"https:\/\/radioportoseguro.com.br\/site\/2026\/04\/19\/igreja-faz-culto-para-pessoas-sem-teto-no-japao-e-registra-curas-pregamos-a-palavra\/#primaryimage\"},\"thumbnailUrl\":\"https:\/\/radioportoseguro.com.br\/site\/wp-content\/uploads\/2026\/04\/1700359267-japao.JPG\",\"datePublished\":\"2026-04-19T16:41:33+00:00\",\"author\":{\"@id\":\"https:\/\/radioportoseguro.com.br\/site\/#\/schema\/person\/7630acdc320186f13639d3c067ec089b\"},\"breadcrumb\":{\"@id\":\"https:\/\/radioportoseguro.com.br\/site\/2026\/04\/19\/igreja-faz-culto-para-pessoas-sem-teto-no-japao-e-registra-curas-pregamos-a-palavra\/#breadcrumb\"},\"inLanguage\":\"pt-BR\",\"potentialAction\":[{\"@type\":\"ReadAction\",\"target\":[\"https:\/\/radioportoseguro.com.br\/site\/2026\/04\/19\/igreja-faz-culto-para-pessoas-sem-teto-no-japao-e-registra-curas-pregamos-a-palavra\/\"]}]},{\"@type\":\"ImageObject\",\"inLanguage\":\"pt-BR\",\"@id\":\"https:\/\/radioportoseguro.com.br\/site\/2026\/04\/19\/igreja-faz-culto-para-pessoas-sem-teto-no-japao-e-registra-curas-pregamos-a-palavra\/#primaryimage\",\"url\":\"https:\/\/radioportoseguro.com.br\/site\/wp-content\/uploads\/2026\/04\/1700359267-japao.JPG\",\"contentUrl\":\"https:\/\/radioportoseguro.com.br\/site\/wp-content\/uploads\/2026\/04\/1700359267-japao.JPG\",\"width\":1200,\"height\":600},{\"@type\":\"BreadcrumbList\",\"@id\":\"https:\/\/radioportoseguro.com.br\/site\/2026\/04\/19\/igreja-faz-culto-para-pessoas-sem-teto-no-japao-e-registra-curas-pregamos-a-palavra\/#breadcrumb\",\"itemListElement\":[{\"@type\":\"ListItem\",\"position\":1,\"name\":\"In\u00edcio\",\"item\":\"https:\/\/radioportoseguro.com.br\/site\/\"},{\"@type\":\"ListItem\",\"position\":2,\"name\":\"Igreja faz culto para pessoas sem-teto no Jap\u00e3o e registra curas: \u201cPregamos a Palavra\u201d\"}]},{\"@type\":\"WebSite\",\"@id\":\"https:\/\/radioportoseguro.com.br\/site\/#website\",\"url\":\"https:\/\/radioportoseguro.com.br\/site\/\",\"name\":\"R\u00e1dio Porto Seguro\",\"description\":\"\",\"potentialAction\":[{\"@type\":\"SearchAction\",\"target\":{\"@type\":\"EntryPoint\",\"urlTemplate\":\"https:\/\/radioportoseguro.com.br\/site\/?s={search_term_string}\"},\"query-input\":{\"@type\":\"PropertyValueSpecification\",\"valueRequired\":true,\"valueName\":\"search_term_string\"}}],\"inLanguage\":\"pt-BR\"},{\"@type\":\"Person\",\"@id\":\"https:\/\/radioportoseguro.com.br\/site\/#\/schema\/person\/7630acdc320186f13639d3c067ec089b\",\"name\":\"admin\",\"image\":{\"@type\":\"ImageObject\",\"inLanguage\":\"pt-BR\",\"@id\":\"https:\/\/radioportoseguro.com.br\/site\/#\/schema\/person\/image\/\",\"url\":\"https:\/\/secure.gravatar.com\/avatar\/caacf4dc1eedb68fab0df8e1ed46c448e578b2466351bbcb61e47d2ac0caaef0?s=96&d=mm&r=g\",\"contentUrl\":\"https:\/\/secure.gravatar.com\/avatar\/caacf4dc1eedb68fab0df8e1ed46c448e578b2466351bbcb61e47d2ac0caaef0?s=96&d=mm&r=g\",\"caption\":\"admin\"},\"sameAs\":[\"https:\/\/radioportoseguro.com.br\/site\"],\"url\":\"https:\/\/radioportoseguro.com.br\/site\/author\/hezio\/\"}]}<\/script>\n<!-- \/ Yoast SEO plugin. -->","yoast_head_json":{"title":"Igreja faz culto para pessoas sem-teto no Jap\u00e3o e registra curas: \u201cPregamos a Palavra\u201d - R\u00e1dio Porto Seguro","robots":{"index":"index","follow":"follow","max-snippet":"max-snippet:-1","max-image-preview":"max-image-preview:large","max-video-preview":"max-video-preview:-1"},"canonical":"https:\/\/radioportoseguro.com.br\/site\/2026\/04\/19\/igreja-faz-culto-para-pessoas-sem-teto-no-japao-e-registra-curas-pregamos-a-palavra\/","og_locale":"pt_BR","og_type":"article","og_title":"Igreja faz culto para pessoas sem-teto no Jap\u00e3o e registra curas: \u201cPregamos a Palavra\u201d - R\u00e1dio Porto Seguro","og_description":"Uma igreja realizou um culto ao ar livre para moradores de rua no Jap\u00e3o, no \u00faltimo domingo (12). O encontrou aconteceu em um parque da cidade de Nagoya, promovido pela Igreja Itinerante de Nagoy, liderada pelo ex-lutador de boxe brasileiro e evangelista Marcos Sogabe. Mais de 50 japoneses em situa\u00e7\u00e3o de rua ou que enfrentam [&hellip;]","og_url":"https:\/\/radioportoseguro.com.br\/site\/2026\/04\/19\/igreja-faz-culto-para-pessoas-sem-teto-no-japao-e-registra-curas-pregamos-a-palavra\/","og_site_name":"R\u00e1dio Porto Seguro","article_published_time":"2026-04-19T16:41:33+00:00","og_image":[{"url":"https:\/\/media.guiame.com.br\/archives\/2026\/04\/15\/1700359267-japao.JPG","type":"","width":"","height":""}],"author":"admin","twitter_card":"summary_large_image","twitter_misc":{"Escrito por":"admin","Est. tempo de leitura":"2 minutos"},"schema":{"@context":"https:\/\/schema.org","@graph":[{"@type":"Article","@id":"https:\/\/radioportoseguro.com.br\/site\/2026\/04\/19\/igreja-faz-culto-para-pessoas-sem-teto-no-japao-e-registra-curas-pregamos-a-palavra\/#article","isPartOf":{"@id":"https:\/\/radioportoseguro.com.br\/site\/2026\/04\/19\/igreja-faz-culto-para-pessoas-sem-teto-no-japao-e-registra-curas-pregamos-a-palavra\/"},"author":{"name":"admin","@id":"https:\/\/radioportoseguro.com.br\/site\/#\/schema\/person\/7630acdc320186f13639d3c067ec089b"},"headline":"Igreja faz culto para pessoas sem-teto no Jap\u00e3o e registra curas: \u201cPregamos a Palavra\u201d","datePublished":"2026-04-19T16:41:33+00:00","mainEntityOfPage":{"@id":"https:\/\/radioportoseguro.com.br\/site\/2026\/04\/19\/igreja-faz-culto-para-pessoas-sem-teto-no-japao-e-registra-curas-pregamos-a-palavra\/"},"wordCount":397,"image":{"@id":"https:\/\/radioportoseguro.com.br\/site\/2026\/04\/19\/igreja-faz-culto-para-pessoas-sem-teto-no-japao-e-registra-curas-pregamos-a-palavra\/#primaryimage"},"thumbnailUrl":"https:\/\/radioportoseguro.com.br\/site\/wp-content\/uploads\/2026\/04\/1700359267-japao.JPG","articleSection":["Destaques"],"inLanguage":"pt-BR"},{"@type":"WebPage","@id":"https:\/\/radioportoseguro.com.br\/site\/2026\/04\/19\/igreja-faz-culto-para-pessoas-sem-teto-no-japao-e-registra-curas-pregamos-a-palavra\/","url":"https:\/\/radioportoseguro.com.br\/site\/2026\/04\/19\/igreja-faz-culto-para-pessoas-sem-teto-no-japao-e-registra-curas-pregamos-a-palavra\/","name":"Igreja faz culto para pessoas sem-teto no Jap\u00e3o e registra curas: \u201cPregamos a Palavra\u201d - R\u00e1dio Porto Seguro","isPartOf":{"@id":"https:\/\/radioportoseguro.com.br\/site\/#website"},"primaryImageOfPage":{"@id":"https:\/\/radioportoseguro.com.br\/site\/2026\/04\/19\/igreja-faz-culto-para-pessoas-sem-teto-no-japao-e-registra-curas-pregamos-a-palavra\/#primaryimage"},"image":{"@id":"https:\/\/radioportoseguro.com.br\/site\/2026\/04\/19\/igreja-faz-culto-para-pessoas-sem-teto-no-japao-e-registra-curas-pregamos-a-palavra\/#primaryimage"},"thumbnailUrl":"https:\/\/radioportoseguro.com.br\/site\/wp-content\/uploads\/2026\/04\/1700359267-japao.JPG","datePublished":"2026-04-19T16:41:33+00:00","author":{"@id":"https:\/\/radioportoseguro.com.br\/site\/#\/schema\/person\/7630acdc320186f13639d3c067ec089b"},"breadcrumb":{"@id":"https:\/\/radioportoseguro.com.br\/site\/2026\/04\/19\/igreja-faz-culto-para-pessoas-sem-teto-no-japao-e-registra-curas-pregamos-a-palavra\/#breadcrumb"},"inLanguage":"pt-BR","potentialAction":[{"@type":"ReadAction","target":["https:\/\/radioportoseguro.com.br\/site\/2026\/04\/19\/igreja-faz-culto-para-pessoas-sem-teto-no-japao-e-registra-curas-pregamos-a-palavra\/"]}]},{"@type":"ImageObject","inLanguage":"pt-BR","@id":"https:\/\/radioportoseguro.com.br\/site\/2026\/04\/19\/igreja-faz-culto-para-pessoas-sem-teto-no-japao-e-registra-curas-pregamos-a-palavra\/#primaryimage","url":"https:\/\/radioportoseguro.com.br\/site\/wp-content\/uploads\/2026\/04\/1700359267-japao.JPG","contentUrl":"https:\/\/radioportoseguro.com.br\/site\/wp-content\/uploads\/2026\/04\/1700359267-japao.JPG","width":1200,"height":600},{"@type":"BreadcrumbList","@id":"https:\/\/radioportoseguro.com.br\/site\/2026\/04\/19\/igreja-faz-culto-para-pessoas-sem-teto-no-japao-e-registra-curas-pregamos-a-palavra\/#breadcrumb","itemListElement":[{"@type":"ListItem","position":1,"name":"In\u00edcio","item":"https:\/\/radioportoseguro.com.br\/site\/"},{"@type":"ListItem","position":2,"name":"Igreja faz culto para pessoas sem-teto no Jap\u00e3o e registra curas: \u201cPregamos a Palavra\u201d"}]},{"@type":"WebSite","@id":"https:\/\/radioportoseguro.com.br\/site\/#website","url":"https:\/\/radioportoseguro.com.br\/site\/","name":"R\u00e1dio Porto Seguro","description":"","potentialAction":[{"@type":"SearchAction","target":{"@type":"EntryPoint","urlTemplate":"https:\/\/radioportoseguro.com.br\/site\/?s={search_term_string}"},"query-input":{"@type":"PropertyValueSpecification","valueRequired":true,"valueName":"search_term_string"}}],"inLanguage":"pt-BR"},{"@type":"Person","@id":"https:\/\/radioportoseguro.com.br\/site\/#\/schema\/person\/7630acdc320186f13639d3c067ec089b","name":"admin","image":{"@type":"ImageObject","inLanguage":"pt-BR","@id":"https:\/\/radioportoseguro.com.br\/site\/#\/schema\/person\/image\/","url":"https:\/\/secure.gravatar.com\/avatar\/caacf4dc1eedb68fab0df8e1ed46c448e578b2466351bbcb61e47d2ac0caaef0?s=96&d=mm&r=g","contentUrl":"https:\/\/secure.gravatar.com\/avatar\/caacf4dc1eedb68fab0df8e1ed46c448e578b2466351bbcb61e47d2ac0caaef0?s=96&d=mm&r=g","caption":"admin"},"sameAs":["https:\/\/radioportoseguro.com.br\/site"],"url":"https:\/\/radioportoseguro.com.br\/site\/author\/hezio\/"}]}},"_links":{"self":[{"href":"https:\/\/radioportoseguro.com.br\/site\/wp-json\/wp\/v2\/posts\/6213","targetHints":{"allow":["GET"]}}],"collection":[{"href":"https:\/\/radioportoseguro.com.br\/site\/wp-json\/wp\/v2\/posts"}],"about":[{"href":"https:\/\/radioportoseguro.com.br\/site\/wp-json\/wp\/v2\/types\/post"}],"author":[{"embeddable":true,"href":"https:\/\/radioportoseguro.com.br\/site\/wp-json\/wp\/v2\/users\/1"}],"replies":[{"embeddable":true,"href":"https:\/\/radioportoseguro.com.br\/site\/wp-json\/wp\/v2\/comments?post=6213"}],"version-history":[{"count":0,"href":"https:\/\/radioportoseguro.com.br\/site\/wp-json\/wp\/v2\/posts\/6213\/revisions"}],"wp:featuredmedia":[{"embeddable":true,"href":"https:\/\/radioportoseguro.com.br\/site\/wp-json\/wp\/v2\/media\/6214"}],"wp:attachment":[{"href":"https:\/\/radioportoseguro.com.br\/site\/wp-json\/wp\/v2\/media?parent=6213"}],"wp:term":[{"taxonomy":"category","embeddable":true,"href":"https:\/\/radioportoseguro.com.br\/site\/wp-json\/wp\/v2\/categories?post=6213"},{"taxonomy":"post_tag","embeddable":true,"href":"https:\/\/radioportoseguro.com.br\/site\/wp-json\/wp\/v2\/tags?post=6213"}],"curies":[{"name":"wp","href":"https:\/\/api.w.org\/{rel}","templated":true}]}}