{"id":6225,"date":"2026-04-20T10:37:42","date_gmt":"2026-04-20T13:37:42","guid":{"rendered":"https:\/\/radioportoseguro.com.br\/site\/2026\/04\/20\/assembleia-de-deus-em-pe-e-acusada-de-negar-velorio-a-membro-em-disciplina\/"},"modified":"2026-04-20T10:37:42","modified_gmt":"2026-04-20T13:37:42","slug":"assembleia-de-deus-em-pe-e-acusada-de-negar-velorio-a-membro-em-disciplina","status":"publish","type":"post","link":"https:\/\/radioportoseguro.com.br\/site\/2026\/04\/20\/assembleia-de-deus-em-pe-e-acusada-de-negar-velorio-a-membro-em-disciplina\/","title":{"rendered":"Assembleia de Deus em PE \u00e9 acusada de negar vel\u00f3rio a membro em disciplina"},"content":{"rendered":"<p><br \/>\n<\/p>\n<div>\n<div class=\"td-post-featured-image\">\n<figure><figcaption class=\"wp-caption-text\">Fachada de templo da Assembleia de Deus em Pernambuco (Foto: Reprodu\u00e7\u00e3o)<\/figcaption><\/figure>\n<\/div>\n<p> <!-- A generated by theme --> <\/p>\n<p> <!-- end A --> <\/p>\n<p>A Igreja Evang\u00e9lica\u00a0Assembleia de Deus em Pernambuco\u00a0(IEADPE), na cidade de Ipojuca, enfrenta uma s\u00e9ria acusa\u00e7\u00e3o por parte de familiares de um di\u00e1cono. Segundo relatos, a institui\u00e7\u00e3o religiosa vetou a realiza\u00e7\u00e3o do vel\u00f3rio de um dos filhos do di\u00e1cono nas depend\u00eancias do templo. A justificativa apresentada pela lideran\u00e7a local teria sido o fato de o falecido estar cumprindo disciplina eclesi\u00e1stica na igreja.<\/p>\n<p>A pol\u00eamica ganhou notoriedade ap\u00f3s a divulga\u00e7\u00e3o de um \u00e1udio onde Eliane, irm\u00e3 do falecido e filha do di\u00e1cono, expressa a profunda tristeza do pai. Ela descreve o l\u00edder religioso como \u201cdesolado\u201d pela decis\u00e3o da congrega\u00e7\u00e3o, onde serviu por muitos anos. A fam\u00edlia alega que a igreja baseou sua negativa no argumento de que o membro havia cometido um pecado e, por isso, estaria impedido de ter sua cerim\u00f4nia f\u00fanebre no templo.<\/p>\n<p>As informa\u00e7\u00f5es s\u00e3o do site Fuxico Gospel.<\/p>\n<p>No \u00e1udio divulgado, Eliane questiona a interpreta\u00e7\u00e3o b\u00edblica e a postura da igreja diante da dor da fam\u00edlia enlutada. \u201cInfelizmente o que eu vi ontem foi meu pai desolado porque a igreja se negou a fazer o vel\u00f3rio do meu irm\u00e3o, alegando que ele estava em disciplina\u201d, relatou.<\/p>\n<p>A filha do di\u00e1cono enfatizou que, apesar de reconhecer uma falha cometida pelo irm\u00e3o, a fam\u00edlia esperava um gesto de compaix\u00e3o por parte da institui\u00e7\u00e3o religiosa. \u201cA Igreja dele n\u00e3o acolhe. N\u00e3o acolhe um membro porque est\u00e1 em disciplina, n\u00e3o acolhe a fam\u00edlia, a m\u00e3e e o pai desse membro que est\u00e1 sofrendo tanto pela partida de um filho\u201d, lamentou em uma comunica\u00e7\u00e3o enviada a outros membros da congrega\u00e7\u00e3o.<\/p>\n<p>A IEADPE possui um regimento interno que prev\u00ea normas rigorosas para a disciplina de seus membros, podendo resultar em afastamento de fun\u00e7\u00f5es e atividades. Contudo, o caso em Ipojuca suscita um debate acerca dos limites dessas puni\u00e7\u00f5es, especialmente em momentos de luto e perda familiar. <\/p>\n<p> <!-- A generated by theme --> <\/p>\n<p> <!-- end A --> <\/p>\n<p>At\u00e9 o momento, nem a assessoria da IEADPE e nem a lideran\u00e7a setorial de Ipojuca n\u00e3o emitiram nenhum pronunciamento oficial sobre o ocorrido.<\/p>\n<figure class=\"wp-block-embed is-type-rich is-provider-instagram wp-block-embed-instagram\"\/>\n<p><strong>Fonte: Fuxico Gospel<\/strong><\/p>\n<p> <!-- A generated by theme --> <\/p>\n<p> <!-- end A --> <\/p><\/div>\n<p><script>(function (d, s, id) {\n                var js, fjs = d.getElementsByTagName(s)[0];\n                if (d.getElementById(id)) return;\n                js = d.createElement(s);\n                js.id = id;\n                js.src=\"https:\/\/connect.facebook.net\/pt_BR\/sdk.js#xfbml=1&version=v2.11&appId=264312870658742&autoLogAppEvents=1\";\n                fjs.parentNode.insertBefore(js, fjs);\n            }(document, 'script', 'facebook-jssdk'));<\/script><br \/>\n<br \/><br \/>\n<br \/>Fonte: Folha Gospel<\/p>\n","protected":false},"excerpt":{"rendered":"<p>Fachada de templo da Assembleia de Deus em Pernambuco (Foto: Reprodu\u00e7\u00e3o) A Igreja Evang\u00e9lica\u00a0Assembleia de Deus em Pernambuco\u00a0(IEADPE), na cidade de Ipojuca, enfrenta uma s\u00e9ria acusa\u00e7\u00e3o por parte de familiares de um di\u00e1cono. Segundo relatos, a institui\u00e7\u00e3o religiosa vetou a realiza\u00e7\u00e3o do vel\u00f3rio de um dos filhos do di\u00e1cono nas depend\u00eancias do templo. A justificativa [&hellip;]<\/p>\n","protected":false},"author":1,"featured_media":6226,"comment_status":"","ping_status":"open","sticky":false,"template":"","format":"standard","meta":{"footnotes":""},"categories":[3],"tags":[],"class_list":["post-6225","post","type-post","status-publish","format-standard","has-post-thumbnail","hentry","category-gospel"],"yoast_head":"<!-- This site is optimized with the Yoast SEO plugin v26.8 - https:\/\/yoast.com\/product\/yoast-seo-wordpress\/ -->\n<title>Assembleia de Deus em PE \u00e9 acusada de negar vel\u00f3rio a membro em disciplina - R\u00e1dio Porto Seguro<\/title>\n<meta name=\"robots\" content=\"index, follow, max-snippet:-1, max-image-preview:large, max-video-preview:-1\" \/>\n<link rel=\"canonical\" href=\"https:\/\/radioportoseguro.com.br\/site\/2026\/04\/20\/assembleia-de-deus-em-pe-e-acusada-de-negar-velorio-a-membro-em-disciplina\/\" \/>\n<meta property=\"og:locale\" content=\"pt_BR\" \/>\n<meta property=\"og:type\" content=\"article\" \/>\n<meta property=\"og:title\" content=\"Assembleia de Deus em PE \u00e9 acusada de negar vel\u00f3rio a membro em disciplina - R\u00e1dio Porto Seguro\" \/>\n<meta property=\"og:description\" content=\"Fachada de templo da Assembleia de Deus em Pernambuco (Foto: Reprodu\u00e7\u00e3o) A Igreja Evang\u00e9lica\u00a0Assembleia de Deus em Pernambuco\u00a0(IEADPE), na cidade de Ipojuca, enfrenta uma s\u00e9ria acusa\u00e7\u00e3o por parte de familiares de um di\u00e1cono. Segundo relatos, a institui\u00e7\u00e3o religiosa vetou a realiza\u00e7\u00e3o do vel\u00f3rio de um dos filhos do di\u00e1cono nas depend\u00eancias do templo. A justificativa [&hellip;]\" \/>\n<meta property=\"og:url\" content=\"https:\/\/radioportoseguro.com.br\/site\/2026\/04\/20\/assembleia-de-deus-em-pe-e-acusada-de-negar-velorio-a-membro-em-disciplina\/\" \/>\n<meta property=\"og:site_name\" content=\"R\u00e1dio Porto Seguro\" \/>\n<meta property=\"article:published_time\" content=\"2026-04-20T13:37:42+00:00\" \/>\n<meta property=\"og:image\" content=\"https:\/\/i0.wp.com\/folhagospel.com\/wp-content\/uploads\/2026\/04\/image-21-e1776644118454.png?resize=696%2C343&amp;ssl=1\" \/>\n<meta name=\"author\" content=\"admin\" \/>\n<meta name=\"twitter:card\" content=\"summary_large_image\" \/>\n<meta name=\"twitter:label1\" content=\"Escrito por\" \/>\n\t<meta name=\"twitter:data1\" content=\"admin\" \/>\n\t<meta name=\"twitter:label2\" content=\"Est. tempo de leitura\" \/>\n\t<meta name=\"twitter:data2\" content=\"2 minutos\" \/>\n<script type=\"application\/ld+json\" class=\"yoast-schema-graph\">{\"@context\":\"https:\/\/schema.org\",\"@graph\":[{\"@type\":\"Article\",\"@id\":\"https:\/\/radioportoseguro.com.br\/site\/2026\/04\/20\/assembleia-de-deus-em-pe-e-acusada-de-negar-velorio-a-membro-em-disciplina\/#article\",\"isPartOf\":{\"@id\":\"https:\/\/radioportoseguro.com.br\/site\/2026\/04\/20\/assembleia-de-deus-em-pe-e-acusada-de-negar-velorio-a-membro-em-disciplina\/\"},\"author\":{\"name\":\"admin\",\"@id\":\"https:\/\/radioportoseguro.com.br\/site\/#\/schema\/person\/7630acdc320186f13639d3c067ec089b\"},\"headline\":\"Assembleia de Deus em PE \u00e9 acusada de negar vel\u00f3rio a membro em disciplina\",\"datePublished\":\"2026-04-20T13:37:42+00:00\",\"mainEntityOfPage\":{\"@id\":\"https:\/\/radioportoseguro.com.br\/site\/2026\/04\/20\/assembleia-de-deus-em-pe-e-acusada-de-negar-velorio-a-membro-em-disciplina\/\"},\"wordCount\":405,\"image\":{\"@id\":\"https:\/\/radioportoseguro.com.br\/site\/2026\/04\/20\/assembleia-de-deus-em-pe-e-acusada-de-negar-velorio-a-membro-em-disciplina\/#primaryimage\"},\"thumbnailUrl\":\"https:\/\/radioportoseguro.com.br\/site\/wp-content\/uploads\/2026\/04\/image-21-e1776644118454.png\",\"articleSection\":[\"Gospel\"],\"inLanguage\":\"pt-BR\"},{\"@type\":\"WebPage\",\"@id\":\"https:\/\/radioportoseguro.com.br\/site\/2026\/04\/20\/assembleia-de-deus-em-pe-e-acusada-de-negar-velorio-a-membro-em-disciplina\/\",\"url\":\"https:\/\/radioportoseguro.com.br\/site\/2026\/04\/20\/assembleia-de-deus-em-pe-e-acusada-de-negar-velorio-a-membro-em-disciplina\/\",\"name\":\"Assembleia de Deus em PE \u00e9 acusada de negar vel\u00f3rio a membro em disciplina - R\u00e1dio Porto Seguro\",\"isPartOf\":{\"@id\":\"https:\/\/radioportoseguro.com.br\/site\/#website\"},\"primaryImageOfPage\":{\"@id\":\"https:\/\/radioportoseguro.com.br\/site\/2026\/04\/20\/assembleia-de-deus-em-pe-e-acusada-de-negar-velorio-a-membro-em-disciplina\/#primaryimage\"},\"image\":{\"@id\":\"https:\/\/radioportoseguro.com.br\/site\/2026\/04\/20\/assembleia-de-deus-em-pe-e-acusada-de-negar-velorio-a-membro-em-disciplina\/#primaryimage\"},\"thumbnailUrl\":\"https:\/\/radioportoseguro.com.br\/site\/wp-content\/uploads\/2026\/04\/image-21-e1776644118454.png\",\"datePublished\":\"2026-04-20T13:37:42+00:00\",\"author\":{\"@id\":\"https:\/\/radioportoseguro.com.br\/site\/#\/schema\/person\/7630acdc320186f13639d3c067ec089b\"},\"breadcrumb\":{\"@id\":\"https:\/\/radioportoseguro.com.br\/site\/2026\/04\/20\/assembleia-de-deus-em-pe-e-acusada-de-negar-velorio-a-membro-em-disciplina\/#breadcrumb\"},\"inLanguage\":\"pt-BR\",\"potentialAction\":[{\"@type\":\"ReadAction\",\"target\":[\"https:\/\/radioportoseguro.com.br\/site\/2026\/04\/20\/assembleia-de-deus-em-pe-e-acusada-de-negar-velorio-a-membro-em-disciplina\/\"]}]},{\"@type\":\"ImageObject\",\"inLanguage\":\"pt-BR\",\"@id\":\"https:\/\/radioportoseguro.com.br\/site\/2026\/04\/20\/assembleia-de-deus-em-pe-e-acusada-de-negar-velorio-a-membro-em-disciplina\/#primaryimage\",\"url\":\"https:\/\/radioportoseguro.com.br\/site\/wp-content\/uploads\/2026\/04\/image-21-e1776644118454.png\",\"contentUrl\":\"https:\/\/radioportoseguro.com.br\/site\/wp-content\/uploads\/2026\/04\/image-21-e1776644118454.png\",\"width\":913,\"height\":450},{\"@type\":\"BreadcrumbList\",\"@id\":\"https:\/\/radioportoseguro.com.br\/site\/2026\/04\/20\/assembleia-de-deus-em-pe-e-acusada-de-negar-velorio-a-membro-em-disciplina\/#breadcrumb\",\"itemListElement\":[{\"@type\":\"ListItem\",\"position\":1,\"name\":\"In\u00edcio\",\"item\":\"https:\/\/radioportoseguro.com.br\/site\/\"},{\"@type\":\"ListItem\",\"position\":2,\"name\":\"Assembleia de Deus em PE \u00e9 acusada de negar vel\u00f3rio a membro em disciplina\"}]},{\"@type\":\"WebSite\",\"@id\":\"https:\/\/radioportoseguro.com.br\/site\/#website\",\"url\":\"https:\/\/radioportoseguro.com.br\/site\/\",\"name\":\"R\u00e1dio Porto Seguro\",\"description\":\"\",\"potentialAction\":[{\"@type\":\"SearchAction\",\"target\":{\"@type\":\"EntryPoint\",\"urlTemplate\":\"https:\/\/radioportoseguro.com.br\/site\/?s={search_term_string}\"},\"query-input\":{\"@type\":\"PropertyValueSpecification\",\"valueRequired\":true,\"valueName\":\"search_term_string\"}}],\"inLanguage\":\"pt-BR\"},{\"@type\":\"Person\",\"@id\":\"https:\/\/radioportoseguro.com.br\/site\/#\/schema\/person\/7630acdc320186f13639d3c067ec089b\",\"name\":\"admin\",\"image\":{\"@type\":\"ImageObject\",\"inLanguage\":\"pt-BR\",\"@id\":\"https:\/\/radioportoseguro.com.br\/site\/#\/schema\/person\/image\/\",\"url\":\"https:\/\/secure.gravatar.com\/avatar\/caacf4dc1eedb68fab0df8e1ed46c448e578b2466351bbcb61e47d2ac0caaef0?s=96&d=mm&r=g\",\"contentUrl\":\"https:\/\/secure.gravatar.com\/avatar\/caacf4dc1eedb68fab0df8e1ed46c448e578b2466351bbcb61e47d2ac0caaef0?s=96&d=mm&r=g\",\"caption\":\"admin\"},\"sameAs\":[\"https:\/\/radioportoseguro.com.br\/site\"],\"url\":\"https:\/\/radioportoseguro.com.br\/site\/author\/hezio\/\"}]}<\/script>\n<!-- \/ Yoast SEO plugin. -->","yoast_head_json":{"title":"Assembleia de Deus em PE \u00e9 acusada de negar vel\u00f3rio a membro em disciplina - R\u00e1dio Porto Seguro","robots":{"index":"index","follow":"follow","max-snippet":"max-snippet:-1","max-image-preview":"max-image-preview:large","max-video-preview":"max-video-preview:-1"},"canonical":"https:\/\/radioportoseguro.com.br\/site\/2026\/04\/20\/assembleia-de-deus-em-pe-e-acusada-de-negar-velorio-a-membro-em-disciplina\/","og_locale":"pt_BR","og_type":"article","og_title":"Assembleia de Deus em PE \u00e9 acusada de negar vel\u00f3rio a membro em disciplina - R\u00e1dio Porto Seguro","og_description":"Fachada de templo da Assembleia de Deus em Pernambuco (Foto: Reprodu\u00e7\u00e3o) A Igreja Evang\u00e9lica\u00a0Assembleia de Deus em Pernambuco\u00a0(IEADPE), na cidade de Ipojuca, enfrenta uma s\u00e9ria acusa\u00e7\u00e3o por parte de familiares de um di\u00e1cono. Segundo relatos, a institui\u00e7\u00e3o religiosa vetou a realiza\u00e7\u00e3o do vel\u00f3rio de um dos filhos do di\u00e1cono nas depend\u00eancias do templo. A justificativa [&hellip;]","og_url":"https:\/\/radioportoseguro.com.br\/site\/2026\/04\/20\/assembleia-de-deus-em-pe-e-acusada-de-negar-velorio-a-membro-em-disciplina\/","og_site_name":"R\u00e1dio Porto Seguro","article_published_time":"2026-04-20T13:37:42+00:00","og_image":[{"url":"https:\/\/i0.wp.com\/folhagospel.com\/wp-content\/uploads\/2026\/04\/image-21-e1776644118454.png?resize=696%2C343&amp;ssl=1","type":"","width":"","height":""}],"author":"admin","twitter_card":"summary_large_image","twitter_misc":{"Escrito por":"admin","Est. tempo de leitura":"2 minutos"},"schema":{"@context":"https:\/\/schema.org","@graph":[{"@type":"Article","@id":"https:\/\/radioportoseguro.com.br\/site\/2026\/04\/20\/assembleia-de-deus-em-pe-e-acusada-de-negar-velorio-a-membro-em-disciplina\/#article","isPartOf":{"@id":"https:\/\/radioportoseguro.com.br\/site\/2026\/04\/20\/assembleia-de-deus-em-pe-e-acusada-de-negar-velorio-a-membro-em-disciplina\/"},"author":{"name":"admin","@id":"https:\/\/radioportoseguro.com.br\/site\/#\/schema\/person\/7630acdc320186f13639d3c067ec089b"},"headline":"Assembleia de Deus em PE \u00e9 acusada de negar vel\u00f3rio a membro em disciplina","datePublished":"2026-04-20T13:37:42+00:00","mainEntityOfPage":{"@id":"https:\/\/radioportoseguro.com.br\/site\/2026\/04\/20\/assembleia-de-deus-em-pe-e-acusada-de-negar-velorio-a-membro-em-disciplina\/"},"wordCount":405,"image":{"@id":"https:\/\/radioportoseguro.com.br\/site\/2026\/04\/20\/assembleia-de-deus-em-pe-e-acusada-de-negar-velorio-a-membro-em-disciplina\/#primaryimage"},"thumbnailUrl":"https:\/\/radioportoseguro.com.br\/site\/wp-content\/uploads\/2026\/04\/image-21-e1776644118454.png","articleSection":["Gospel"],"inLanguage":"pt-BR"},{"@type":"WebPage","@id":"https:\/\/radioportoseguro.com.br\/site\/2026\/04\/20\/assembleia-de-deus-em-pe-e-acusada-de-negar-velorio-a-membro-em-disciplina\/","url":"https:\/\/radioportoseguro.com.br\/site\/2026\/04\/20\/assembleia-de-deus-em-pe-e-acusada-de-negar-velorio-a-membro-em-disciplina\/","name":"Assembleia de Deus em PE \u00e9 acusada de negar vel\u00f3rio a membro em disciplina - R\u00e1dio Porto Seguro","isPartOf":{"@id":"https:\/\/radioportoseguro.com.br\/site\/#website"},"primaryImageOfPage":{"@id":"https:\/\/radioportoseguro.com.br\/site\/2026\/04\/20\/assembleia-de-deus-em-pe-e-acusada-de-negar-velorio-a-membro-em-disciplina\/#primaryimage"},"image":{"@id":"https:\/\/radioportoseguro.com.br\/site\/2026\/04\/20\/assembleia-de-deus-em-pe-e-acusada-de-negar-velorio-a-membro-em-disciplina\/#primaryimage"},"thumbnailUrl":"https:\/\/radioportoseguro.com.br\/site\/wp-content\/uploads\/2026\/04\/image-21-e1776644118454.png","datePublished":"2026-04-20T13:37:42+00:00","author":{"@id":"https:\/\/radioportoseguro.com.br\/site\/#\/schema\/person\/7630acdc320186f13639d3c067ec089b"},"breadcrumb":{"@id":"https:\/\/radioportoseguro.com.br\/site\/2026\/04\/20\/assembleia-de-deus-em-pe-e-acusada-de-negar-velorio-a-membro-em-disciplina\/#breadcrumb"},"inLanguage":"pt-BR","potentialAction":[{"@type":"ReadAction","target":["https:\/\/radioportoseguro.com.br\/site\/2026\/04\/20\/assembleia-de-deus-em-pe-e-acusada-de-negar-velorio-a-membro-em-disciplina\/"]}]},{"@type":"ImageObject","inLanguage":"pt-BR","@id":"https:\/\/radioportoseguro.com.br\/site\/2026\/04\/20\/assembleia-de-deus-em-pe-e-acusada-de-negar-velorio-a-membro-em-disciplina\/#primaryimage","url":"https:\/\/radioportoseguro.com.br\/site\/wp-content\/uploads\/2026\/04\/image-21-e1776644118454.png","contentUrl":"https:\/\/radioportoseguro.com.br\/site\/wp-content\/uploads\/2026\/04\/image-21-e1776644118454.png","width":913,"height":450},{"@type":"BreadcrumbList","@id":"https:\/\/radioportoseguro.com.br\/site\/2026\/04\/20\/assembleia-de-deus-em-pe-e-acusada-de-negar-velorio-a-membro-em-disciplina\/#breadcrumb","itemListElement":[{"@type":"ListItem","position":1,"name":"In\u00edcio","item":"https:\/\/radioportoseguro.com.br\/site\/"},{"@type":"ListItem","position":2,"name":"Assembleia de Deus em PE \u00e9 acusada de negar vel\u00f3rio a membro em disciplina"}]},{"@type":"WebSite","@id":"https:\/\/radioportoseguro.com.br\/site\/#website","url":"https:\/\/radioportoseguro.com.br\/site\/","name":"R\u00e1dio Porto Seguro","description":"","potentialAction":[{"@type":"SearchAction","target":{"@type":"EntryPoint","urlTemplate":"https:\/\/radioportoseguro.com.br\/site\/?s={search_term_string}"},"query-input":{"@type":"PropertyValueSpecification","valueRequired":true,"valueName":"search_term_string"}}],"inLanguage":"pt-BR"},{"@type":"Person","@id":"https:\/\/radioportoseguro.com.br\/site\/#\/schema\/person\/7630acdc320186f13639d3c067ec089b","name":"admin","image":{"@type":"ImageObject","inLanguage":"pt-BR","@id":"https:\/\/radioportoseguro.com.br\/site\/#\/schema\/person\/image\/","url":"https:\/\/secure.gravatar.com\/avatar\/caacf4dc1eedb68fab0df8e1ed46c448e578b2466351bbcb61e47d2ac0caaef0?s=96&d=mm&r=g","contentUrl":"https:\/\/secure.gravatar.com\/avatar\/caacf4dc1eedb68fab0df8e1ed46c448e578b2466351bbcb61e47d2ac0caaef0?s=96&d=mm&r=g","caption":"admin"},"sameAs":["https:\/\/radioportoseguro.com.br\/site"],"url":"https:\/\/radioportoseguro.com.br\/site\/author\/hezio\/"}]}},"_links":{"self":[{"href":"https:\/\/radioportoseguro.com.br\/site\/wp-json\/wp\/v2\/posts\/6225","targetHints":{"allow":["GET"]}}],"collection":[{"href":"https:\/\/radioportoseguro.com.br\/site\/wp-json\/wp\/v2\/posts"}],"about":[{"href":"https:\/\/radioportoseguro.com.br\/site\/wp-json\/wp\/v2\/types\/post"}],"author":[{"embeddable":true,"href":"https:\/\/radioportoseguro.com.br\/site\/wp-json\/wp\/v2\/users\/1"}],"replies":[{"embeddable":true,"href":"https:\/\/radioportoseguro.com.br\/site\/wp-json\/wp\/v2\/comments?post=6225"}],"version-history":[{"count":0,"href":"https:\/\/radioportoseguro.com.br\/site\/wp-json\/wp\/v2\/posts\/6225\/revisions"}],"wp:featuredmedia":[{"embeddable":true,"href":"https:\/\/radioportoseguro.com.br\/site\/wp-json\/wp\/v2\/media\/6226"}],"wp:attachment":[{"href":"https:\/\/radioportoseguro.com.br\/site\/wp-json\/wp\/v2\/media?parent=6225"}],"wp:term":[{"taxonomy":"category","embeddable":true,"href":"https:\/\/radioportoseguro.com.br\/site\/wp-json\/wp\/v2\/categories?post=6225"},{"taxonomy":"post_tag","embeddable":true,"href":"https:\/\/radioportoseguro.com.br\/site\/wp-json\/wp\/v2\/tags?post=6225"}],"curies":[{"name":"wp","href":"https:\/\/api.w.org\/{rel}","templated":true}]}}