{"id":6231,"date":"2026-04-20T18:46:52","date_gmt":"2026-04-20T21:46:52","guid":{"rendered":"https:\/\/radioportoseguro.com.br\/site\/2026\/04\/20\/apenas-22-dos-americanos-veem-os-cristaos-como-empaticos-revela-pesquisa\/"},"modified":"2026-04-20T18:46:52","modified_gmt":"2026-04-20T21:46:52","slug":"apenas-22-dos-americanos-veem-os-cristaos-como-empaticos-revela-pesquisa","status":"publish","type":"post","link":"https:\/\/radioportoseguro.com.br\/site\/2026\/04\/20\/apenas-22-dos-americanos-veem-os-cristaos-como-empaticos-revela-pesquisa\/","title":{"rendered":"Apenas 22% dos americanos veem os crist\u00e3os como emp\u00e1ticos, revela pesquisa"},"content":{"rendered":"<p><br \/>\n<\/p>\n<div>\n<div class=\"td-post-featured-image\">\n<figure><figcaption class=\"wp-caption-text\">Pastor pregando (foto: reprodu\u00e7\u00e3o)<\/figcaption><\/figure>\n<\/div>\n<p> <!-- A generated by theme --> <\/p>\n<p> <!-- end A --> <\/p>\n<p>Uma pesquisa recente do instituto Barna aponta um cen\u00e1rio preocupante para a imagem p\u00fablica dos crist\u00e3os nos Estados Unidos. Apenas 22% dos adultos americanos consideram que crist\u00e3os s\u00e3o conhecidos por sua empatia. Essa baixa percep\u00e7\u00e3o sugere um problema mais profundo do que uma simples quest\u00e3o de imagem, indicando que muitos americanos esperam julgamento antes de cuidado.<\/p>\n<p>Dados adicionais da pesquisa Spiritually Open, do mesmo instituto, revelam que quase metade das pessoas sem filia\u00e7\u00e3o religiosa descreve o cristianismo como julgador (48%) ou hip\u00f3crita (49%). Somente 15% expressam respeito pela f\u00e9 crist\u00e3. No quesito empatia, a situa\u00e7\u00e3o \u00e9 igualmente reveladora, com n\u00e3o crist\u00e3os divididos igualmente sobre a capacidade de crist\u00e3os em ouvir ativamente, deixando muitos sem se sentirem ouvidos, cuidados ou compreendidos.<\/p>\n<p>Quando questionados sobre o que esperam de conversas com crist\u00e3os, a resposta principal foi clara: escutar sem julgar. O pastor e presidente da organiza\u00e7\u00e3o Bread for the World, Eugene Cho, enfatiza que o problema n\u00e3o \u00e9 a falta de informa\u00e7\u00e3o, mas sim de empatia.<\/p>\n<p>\u201cO problema n\u00e3o \u00e9 mais informa\u00e7\u00e3o \u2014 \u00e9 empatia\u201d, disse Cho. Ele observa que a situa\u00e7\u00e3o piora quando exemplos negativos isolados s\u00e3o generalizados para representar grupos inteiros. \u201cO que muitas vezes acontece \u00e9 que as pessoas pegam esses exemplos de exce\u00e7\u00e3o e os usam para representar o todo\u201d, explicou Cho. \u201cEsse foco em exce\u00e7\u00f5es negativas alimenta a falta de empatia e cria uma perigosa mentalidade de \u2018eu, meu e mim\u2019.\u201d<\/p>\n<p>Essa disson\u00e2ncia ficou evidente recentemente, quando a resposta da Igreja a quest\u00f5es como\u00a0<strong>opera\u00e7\u00f5es de imigra\u00e7\u00e3o<\/strong>\u00a0foi frequentemente obscurecida, hesitante ou t\u00e3o politizada que prejudicou seu testemunho. Enquanto alguns crist\u00e3os se manifestaram com clareza e coragem, muitos outros n\u00e3o o fizeram, transmitindo uma mensagem de defensividade, distra\u00e7\u00e3o ou aus\u00eancia no momento em que a compaix\u00e3o seria esperada, especialmente por imigrantes e c\u00e9ticos.<\/p>\n<p>A an\u00e1lise sugere que a quest\u00e3o transcende um mero problema de comunica\u00e7\u00e3o ou marketing, apontando para uma falha mais intr\u00ednseca na demonstra\u00e7\u00e3o de empatia. Embora a palavra empatia n\u00e3o apare\u00e7a nas escrituras, o conceito de sentir com o outro \u00e9 central nos Evangelhos, exemplificado nas a\u00e7\u00f5es de Jesus ao curar e ensinar multid\u00f5es por compaix\u00e3o.<\/p>\n<p> <!-- A generated by theme --> <\/p>\n<p> <!-- end A --> <\/p>\n<p>A palavra grega para compaix\u00e3o, *<em>splanchnizomai<\/em>*, derivada de *<em>splanchna<\/em>* (partes internas, entranhas), indica uma empatia visceral e f\u00edsica, um movimento em dire\u00e7\u00e3o \u00e0 dor alheia, mesmo que inconveniente. Essa profundidade de compaix\u00e3o contrasta com a percep\u00e7\u00e3o de uma vers\u00e3o mais fria do cristianismo encontrada atualmente.<\/p>\n<p>Uma explica\u00e7\u00e3o para esse distanciamento pode residir na forma como, em muitos c\u00edrculos crist\u00e3os, a verdade e o amor t\u00eam sido tratados como prioridades conflitantes. A \u00eanfase excessiva na corre\u00e7\u00e3o e na defesa da verdade, por vezes, justifica uma not\u00e1vel falta de ternura, transformando o princ\u00edpio de \u201cfalar a verdade em amor\u201d em um slogan onde a verdade domina e o amor perde espa\u00e7o.<\/p>\n<p>Essa din\u00e2mica dificulta a empatia, pois o outro passa a ser visto n\u00e3o como um pr\u00f3ximo, mas como uma amea\u00e7a, um advers\u00e1rio ou um inimigo a ser vencido. O instinto se torna defensivo e a postura, guardada, dificultando o cuidado genu\u00edno com aqueles que s\u00e3o vistos apenas como opositores.<\/p>\n<p>Cho adiciona que a escassez percebida e a polariza\u00e7\u00e3o intensificam esse instinto. \u201cQuando as pessoas sentem que n\u00e3o h\u00e1 o suficiente para todos, elas entram em modo de sobreviv\u00eancia, e a empatia fica de lado\u201d, disse ele, observando que isso resulta em uma cultura que restringe o c\u00edrculo de preocupa\u00e7\u00e3o, focando em um modelo de \u201ceu, minha fam\u00edlia, meus filhos, meu pequeno grupo\u201d.<\/p>\n<p>Essa postura n\u00e3o distorce apenas a pol\u00edtica, mas tamb\u00e9m o discipulado. O amor ao pr\u00f3ximo pode perder o significado quando os vizinhos se tornam abstratos. \u201cVoc\u00ea n\u00e3o pode amar seu vizinho se voc\u00ea n\u00e3o o conhece\u201d, alertou Cho, considerando o contr\u00e1rio como \u201cgin\u00e1stica teol\u00f3gica\u201d.<\/p>\n<p>A dist\u00e2ncia impede o conhecimento m\u00fatuo, facilitando estere\u00f3tipos e a vis\u00e3o de grupos externos, como imigrantes ou oponentes pol\u00edticos, como problemas a serem resolvidos em vez de indiv\u00edduos a serem ouvidos. Os Evangelhos, por outro lado, mostram Jesus agindo em proximidade, movido pela dor de pessoas reais em situa\u00e7\u00f5es concretas, sem se isolar.<\/p>\n<p>Essa lacuna de empatia representa um problema de credibilidade, pois muitos americanos n\u00e3o est\u00e3o rejeitando cren\u00e7as crist\u00e3s, mas sim a forma como os crist\u00e3os s\u00e3o percebidos em suas intera\u00e7\u00f5es: desinteressados em ouvir, lentos para cuidar e r\u00e1pidos para julgar.<\/p>\n<p>Segundo Cho, a empatia come\u00e7a com uma mudan\u00e7a simples, por\u00e9m custosa, de postura: \u201cAcho que come\u00e7a com ouvir e aprender. Significa fazer um esfor\u00e7o extra para se conectar com pessoas fora de nossos c\u00edrculos habituais.\u201d<\/p>\n<p>Essa conex\u00e3o n\u00e3o elimina desacordos, mas muda o tom deles. \u201cPode n\u00e3o mudar a forma como votamos\u201d, disse Cho, \u201cmas muda a forma como vemos as pessoas.\u201d<\/p>\n<p>A Igreja, portanto, necessita de um testemunho mais aut\u00eantico, com crist\u00e3os reconhecidos n\u00e3o apenas por defender a verdade, mas por tratar as pessoas com dignidade. \u00c9 preciso menos medo, menos posturas defensivas e menos tend\u00eancia a transformar conversas dif\u00edceis em batalhas culturais. Atualmente, muitos fora da Igreja se preparam para serem julgados antes de serem conhecidos, e os dados sugerem que essa expectativa tem fundamento. Embora se possa argumentar que o contexto \u00e9 injusto ou que a Igreja \u00e9 mal compreendida, a disparidade entre a autoimagem dos crist\u00e3os e a experi\u00eancia alheia exige reflex\u00e3o. Para que as mensagens sobre amor, gra\u00e7a e o caminho de Jesus sejam levadas a s\u00e9rio, a empatia deve ser uma pr\u00e1tica vis\u00edvel e central, e n\u00e3o uma habilidade opcional, o que, para muitos americanos, ainda n\u00e3o \u00e9.<\/p>\n<p><strong>Folha Gospel com informa\u00e7\u00f5es de Relevant Magazine<\/strong><\/p>\n<p> <!-- A generated by theme --> <\/p>\n<p> <!-- end A --> <\/p><\/div>\n<p><script>(function (d, s, id) {\n                var js, fjs = d.getElementsByTagName(s)[0];\n                if (d.getElementById(id)) return;\n                js = d.createElement(s);\n                js.id = id;\n                js.src=\"https:\/\/connect.facebook.net\/pt_BR\/sdk.js#xfbml=1&version=v2.11&appId=264312870658742&autoLogAppEvents=1\";\n                fjs.parentNode.insertBefore(js, fjs);\n            }(document, 'script', 'facebook-jssdk'));<\/script><br \/>\n<br \/><br \/>\n<br \/>Fonte: Folha Gospel<\/p>\n","protected":false},"excerpt":{"rendered":"<p>Pastor pregando (foto: reprodu\u00e7\u00e3o) Uma pesquisa recente do instituto Barna aponta um cen\u00e1rio preocupante para a imagem p\u00fablica dos crist\u00e3os nos Estados Unidos. Apenas 22% dos adultos americanos consideram que crist\u00e3os s\u00e3o conhecidos por sua empatia. Essa baixa percep\u00e7\u00e3o sugere um problema mais profundo do que uma simples quest\u00e3o de imagem, indicando que muitos americanos [&hellip;]<\/p>\n","protected":false},"author":1,"featured_media":3624,"comment_status":"","ping_status":"open","sticky":false,"template":"","format":"standard","meta":{"footnotes":""},"categories":[3],"tags":[],"class_list":["post-6231","post","type-post","status-publish","format-standard","has-post-thumbnail","hentry","category-gospel"],"yoast_head":"<!-- This site is optimized with the Yoast SEO plugin v26.8 - https:\/\/yoast.com\/product\/yoast-seo-wordpress\/ -->\n<title>Apenas 22% dos americanos veem os crist\u00e3os como emp\u00e1ticos, revela pesquisa - R\u00e1dio Porto Seguro<\/title>\n<meta name=\"robots\" content=\"index, follow, max-snippet:-1, max-image-preview:large, max-video-preview:-1\" \/>\n<link rel=\"canonical\" href=\"https:\/\/radioportoseguro.com.br\/site\/2026\/04\/20\/apenas-22-dos-americanos-veem-os-cristaos-como-empaticos-revela-pesquisa\/\" \/>\n<meta property=\"og:locale\" content=\"pt_BR\" \/>\n<meta property=\"og:type\" content=\"article\" \/>\n<meta property=\"og:title\" content=\"Apenas 22% dos americanos veem os crist\u00e3os como emp\u00e1ticos, revela pesquisa - R\u00e1dio Porto Seguro\" \/>\n<meta property=\"og:description\" content=\"Pastor pregando (foto: reprodu\u00e7\u00e3o) Uma pesquisa recente do instituto Barna aponta um cen\u00e1rio preocupante para a imagem p\u00fablica dos crist\u00e3os nos Estados Unidos. Apenas 22% dos adultos americanos consideram que crist\u00e3os s\u00e3o conhecidos por sua empatia. Essa baixa percep\u00e7\u00e3o sugere um problema mais profundo do que uma simples quest\u00e3o de imagem, indicando que muitos americanos [&hellip;]\" \/>\n<meta property=\"og:url\" content=\"https:\/\/radioportoseguro.com.br\/site\/2026\/04\/20\/apenas-22-dos-americanos-veem-os-cristaos-como-empaticos-revela-pesquisa\/\" \/>\n<meta property=\"og:site_name\" content=\"R\u00e1dio Porto Seguro\" \/>\n<meta property=\"article:published_time\" content=\"2026-04-20T21:46:52+00:00\" \/>\n<meta property=\"og:image\" content=\"https:\/\/i0.wp.com\/folhagospel.com\/wp-content\/uploads\/2022\/10\/Pastor-pregando.jpg?resize=696%2C497&amp;ssl=1\" \/>\n<meta name=\"author\" content=\"admin\" \/>\n<meta name=\"twitter:card\" content=\"summary_large_image\" \/>\n<meta name=\"twitter:label1\" content=\"Escrito por\" \/>\n\t<meta name=\"twitter:data1\" content=\"admin\" \/>\n\t<meta name=\"twitter:label2\" content=\"Est. tempo de leitura\" \/>\n\t<meta name=\"twitter:data2\" content=\"5 minutos\" \/>\n<script type=\"application\/ld+json\" class=\"yoast-schema-graph\">{\"@context\":\"https:\/\/schema.org\",\"@graph\":[{\"@type\":\"Article\",\"@id\":\"https:\/\/radioportoseguro.com.br\/site\/2026\/04\/20\/apenas-22-dos-americanos-veem-os-cristaos-como-empaticos-revela-pesquisa\/#article\",\"isPartOf\":{\"@id\":\"https:\/\/radioportoseguro.com.br\/site\/2026\/04\/20\/apenas-22-dos-americanos-veem-os-cristaos-como-empaticos-revela-pesquisa\/\"},\"author\":{\"name\":\"admin\",\"@id\":\"https:\/\/radioportoseguro.com.br\/site\/#\/schema\/person\/7630acdc320186f13639d3c067ec089b\"},\"headline\":\"Apenas 22% dos americanos veem os crist\u00e3os como emp\u00e1ticos, revela pesquisa\",\"datePublished\":\"2026-04-20T21:46:52+00:00\",\"mainEntityOfPage\":{\"@id\":\"https:\/\/radioportoseguro.com.br\/site\/2026\/04\/20\/apenas-22-dos-americanos-veem-os-cristaos-como-empaticos-revela-pesquisa\/\"},\"wordCount\":1034,\"image\":{\"@id\":\"https:\/\/radioportoseguro.com.br\/site\/2026\/04\/20\/apenas-22-dos-americanos-veem-os-cristaos-como-empaticos-revela-pesquisa\/#primaryimage\"},\"thumbnailUrl\":\"https:\/\/radioportoseguro.com.br\/site\/wp-content\/uploads\/2026\/01\/Pastor-pregando.jpg\",\"articleSection\":[\"Gospel\"],\"inLanguage\":\"pt-BR\"},{\"@type\":\"WebPage\",\"@id\":\"https:\/\/radioportoseguro.com.br\/site\/2026\/04\/20\/apenas-22-dos-americanos-veem-os-cristaos-como-empaticos-revela-pesquisa\/\",\"url\":\"https:\/\/radioportoseguro.com.br\/site\/2026\/04\/20\/apenas-22-dos-americanos-veem-os-cristaos-como-empaticos-revela-pesquisa\/\",\"name\":\"Apenas 22% dos americanos veem os crist\u00e3os como emp\u00e1ticos, revela pesquisa - R\u00e1dio Porto Seguro\",\"isPartOf\":{\"@id\":\"https:\/\/radioportoseguro.com.br\/site\/#website\"},\"primaryImageOfPage\":{\"@id\":\"https:\/\/radioportoseguro.com.br\/site\/2026\/04\/20\/apenas-22-dos-americanos-veem-os-cristaos-como-empaticos-revela-pesquisa\/#primaryimage\"},\"image\":{\"@id\":\"https:\/\/radioportoseguro.com.br\/site\/2026\/04\/20\/apenas-22-dos-americanos-veem-os-cristaos-como-empaticos-revela-pesquisa\/#primaryimage\"},\"thumbnailUrl\":\"https:\/\/radioportoseguro.com.br\/site\/wp-content\/uploads\/2026\/01\/Pastor-pregando.jpg\",\"datePublished\":\"2026-04-20T21:46:52+00:00\",\"author\":{\"@id\":\"https:\/\/radioportoseguro.com.br\/site\/#\/schema\/person\/7630acdc320186f13639d3c067ec089b\"},\"breadcrumb\":{\"@id\":\"https:\/\/radioportoseguro.com.br\/site\/2026\/04\/20\/apenas-22-dos-americanos-veem-os-cristaos-como-empaticos-revela-pesquisa\/#breadcrumb\"},\"inLanguage\":\"pt-BR\",\"potentialAction\":[{\"@type\":\"ReadAction\",\"target\":[\"https:\/\/radioportoseguro.com.br\/site\/2026\/04\/20\/apenas-22-dos-americanos-veem-os-cristaos-como-empaticos-revela-pesquisa\/\"]}]},{\"@type\":\"ImageObject\",\"inLanguage\":\"pt-BR\",\"@id\":\"https:\/\/radioportoseguro.com.br\/site\/2026\/04\/20\/apenas-22-dos-americanos-veem-os-cristaos-como-empaticos-revela-pesquisa\/#primaryimage\",\"url\":\"https:\/\/radioportoseguro.com.br\/site\/wp-content\/uploads\/2026\/01\/Pastor-pregando.jpg\",\"contentUrl\":\"https:\/\/radioportoseguro.com.br\/site\/wp-content\/uploads\/2026\/01\/Pastor-pregando.jpg\",\"width\":700,\"height\":500},{\"@type\":\"BreadcrumbList\",\"@id\":\"https:\/\/radioportoseguro.com.br\/site\/2026\/04\/20\/apenas-22-dos-americanos-veem-os-cristaos-como-empaticos-revela-pesquisa\/#breadcrumb\",\"itemListElement\":[{\"@type\":\"ListItem\",\"position\":1,\"name\":\"In\u00edcio\",\"item\":\"https:\/\/radioportoseguro.com.br\/site\/\"},{\"@type\":\"ListItem\",\"position\":2,\"name\":\"Apenas 22% dos americanos veem os crist\u00e3os como emp\u00e1ticos, revela pesquisa\"}]},{\"@type\":\"WebSite\",\"@id\":\"https:\/\/radioportoseguro.com.br\/site\/#website\",\"url\":\"https:\/\/radioportoseguro.com.br\/site\/\",\"name\":\"R\u00e1dio Porto Seguro\",\"description\":\"\",\"potentialAction\":[{\"@type\":\"SearchAction\",\"target\":{\"@type\":\"EntryPoint\",\"urlTemplate\":\"https:\/\/radioportoseguro.com.br\/site\/?s={search_term_string}\"},\"query-input\":{\"@type\":\"PropertyValueSpecification\",\"valueRequired\":true,\"valueName\":\"search_term_string\"}}],\"inLanguage\":\"pt-BR\"},{\"@type\":\"Person\",\"@id\":\"https:\/\/radioportoseguro.com.br\/site\/#\/schema\/person\/7630acdc320186f13639d3c067ec089b\",\"name\":\"admin\",\"image\":{\"@type\":\"ImageObject\",\"inLanguage\":\"pt-BR\",\"@id\":\"https:\/\/radioportoseguro.com.br\/site\/#\/schema\/person\/image\/\",\"url\":\"https:\/\/secure.gravatar.com\/avatar\/caacf4dc1eedb68fab0df8e1ed46c448e578b2466351bbcb61e47d2ac0caaef0?s=96&d=mm&r=g\",\"contentUrl\":\"https:\/\/secure.gravatar.com\/avatar\/caacf4dc1eedb68fab0df8e1ed46c448e578b2466351bbcb61e47d2ac0caaef0?s=96&d=mm&r=g\",\"caption\":\"admin\"},\"sameAs\":[\"https:\/\/radioportoseguro.com.br\/site\"],\"url\":\"https:\/\/radioportoseguro.com.br\/site\/author\/hezio\/\"}]}<\/script>\n<!-- \/ Yoast SEO plugin. -->","yoast_head_json":{"title":"Apenas 22% dos americanos veem os crist\u00e3os como emp\u00e1ticos, revela pesquisa - R\u00e1dio Porto Seguro","robots":{"index":"index","follow":"follow","max-snippet":"max-snippet:-1","max-image-preview":"max-image-preview:large","max-video-preview":"max-video-preview:-1"},"canonical":"https:\/\/radioportoseguro.com.br\/site\/2026\/04\/20\/apenas-22-dos-americanos-veem-os-cristaos-como-empaticos-revela-pesquisa\/","og_locale":"pt_BR","og_type":"article","og_title":"Apenas 22% dos americanos veem os crist\u00e3os como emp\u00e1ticos, revela pesquisa - R\u00e1dio Porto Seguro","og_description":"Pastor pregando (foto: reprodu\u00e7\u00e3o) Uma pesquisa recente do instituto Barna aponta um cen\u00e1rio preocupante para a imagem p\u00fablica dos crist\u00e3os nos Estados Unidos. Apenas 22% dos adultos americanos consideram que crist\u00e3os s\u00e3o conhecidos por sua empatia. Essa baixa percep\u00e7\u00e3o sugere um problema mais profundo do que uma simples quest\u00e3o de imagem, indicando que muitos americanos [&hellip;]","og_url":"https:\/\/radioportoseguro.com.br\/site\/2026\/04\/20\/apenas-22-dos-americanos-veem-os-cristaos-como-empaticos-revela-pesquisa\/","og_site_name":"R\u00e1dio Porto Seguro","article_published_time":"2026-04-20T21:46:52+00:00","og_image":[{"url":"https:\/\/i0.wp.com\/folhagospel.com\/wp-content\/uploads\/2022\/10\/Pastor-pregando.jpg?resize=696%2C497&amp;ssl=1","type":"","width":"","height":""}],"author":"admin","twitter_card":"summary_large_image","twitter_misc":{"Escrito por":"admin","Est. tempo de leitura":"5 minutos"},"schema":{"@context":"https:\/\/schema.org","@graph":[{"@type":"Article","@id":"https:\/\/radioportoseguro.com.br\/site\/2026\/04\/20\/apenas-22-dos-americanos-veem-os-cristaos-como-empaticos-revela-pesquisa\/#article","isPartOf":{"@id":"https:\/\/radioportoseguro.com.br\/site\/2026\/04\/20\/apenas-22-dos-americanos-veem-os-cristaos-como-empaticos-revela-pesquisa\/"},"author":{"name":"admin","@id":"https:\/\/radioportoseguro.com.br\/site\/#\/schema\/person\/7630acdc320186f13639d3c067ec089b"},"headline":"Apenas 22% dos americanos veem os crist\u00e3os como emp\u00e1ticos, revela pesquisa","datePublished":"2026-04-20T21:46:52+00:00","mainEntityOfPage":{"@id":"https:\/\/radioportoseguro.com.br\/site\/2026\/04\/20\/apenas-22-dos-americanos-veem-os-cristaos-como-empaticos-revela-pesquisa\/"},"wordCount":1034,"image":{"@id":"https:\/\/radioportoseguro.com.br\/site\/2026\/04\/20\/apenas-22-dos-americanos-veem-os-cristaos-como-empaticos-revela-pesquisa\/#primaryimage"},"thumbnailUrl":"https:\/\/radioportoseguro.com.br\/site\/wp-content\/uploads\/2026\/01\/Pastor-pregando.jpg","articleSection":["Gospel"],"inLanguage":"pt-BR"},{"@type":"WebPage","@id":"https:\/\/radioportoseguro.com.br\/site\/2026\/04\/20\/apenas-22-dos-americanos-veem-os-cristaos-como-empaticos-revela-pesquisa\/","url":"https:\/\/radioportoseguro.com.br\/site\/2026\/04\/20\/apenas-22-dos-americanos-veem-os-cristaos-como-empaticos-revela-pesquisa\/","name":"Apenas 22% dos americanos veem os crist\u00e3os como emp\u00e1ticos, revela pesquisa - R\u00e1dio Porto Seguro","isPartOf":{"@id":"https:\/\/radioportoseguro.com.br\/site\/#website"},"primaryImageOfPage":{"@id":"https:\/\/radioportoseguro.com.br\/site\/2026\/04\/20\/apenas-22-dos-americanos-veem-os-cristaos-como-empaticos-revela-pesquisa\/#primaryimage"},"image":{"@id":"https:\/\/radioportoseguro.com.br\/site\/2026\/04\/20\/apenas-22-dos-americanos-veem-os-cristaos-como-empaticos-revela-pesquisa\/#primaryimage"},"thumbnailUrl":"https:\/\/radioportoseguro.com.br\/site\/wp-content\/uploads\/2026\/01\/Pastor-pregando.jpg","datePublished":"2026-04-20T21:46:52+00:00","author":{"@id":"https:\/\/radioportoseguro.com.br\/site\/#\/schema\/person\/7630acdc320186f13639d3c067ec089b"},"breadcrumb":{"@id":"https:\/\/radioportoseguro.com.br\/site\/2026\/04\/20\/apenas-22-dos-americanos-veem-os-cristaos-como-empaticos-revela-pesquisa\/#breadcrumb"},"inLanguage":"pt-BR","potentialAction":[{"@type":"ReadAction","target":["https:\/\/radioportoseguro.com.br\/site\/2026\/04\/20\/apenas-22-dos-americanos-veem-os-cristaos-como-empaticos-revela-pesquisa\/"]}]},{"@type":"ImageObject","inLanguage":"pt-BR","@id":"https:\/\/radioportoseguro.com.br\/site\/2026\/04\/20\/apenas-22-dos-americanos-veem-os-cristaos-como-empaticos-revela-pesquisa\/#primaryimage","url":"https:\/\/radioportoseguro.com.br\/site\/wp-content\/uploads\/2026\/01\/Pastor-pregando.jpg","contentUrl":"https:\/\/radioportoseguro.com.br\/site\/wp-content\/uploads\/2026\/01\/Pastor-pregando.jpg","width":700,"height":500},{"@type":"BreadcrumbList","@id":"https:\/\/radioportoseguro.com.br\/site\/2026\/04\/20\/apenas-22-dos-americanos-veem-os-cristaos-como-empaticos-revela-pesquisa\/#breadcrumb","itemListElement":[{"@type":"ListItem","position":1,"name":"In\u00edcio","item":"https:\/\/radioportoseguro.com.br\/site\/"},{"@type":"ListItem","position":2,"name":"Apenas 22% dos americanos veem os crist\u00e3os como emp\u00e1ticos, revela pesquisa"}]},{"@type":"WebSite","@id":"https:\/\/radioportoseguro.com.br\/site\/#website","url":"https:\/\/radioportoseguro.com.br\/site\/","name":"R\u00e1dio Porto Seguro","description":"","potentialAction":[{"@type":"SearchAction","target":{"@type":"EntryPoint","urlTemplate":"https:\/\/radioportoseguro.com.br\/site\/?s={search_term_string}"},"query-input":{"@type":"PropertyValueSpecification","valueRequired":true,"valueName":"search_term_string"}}],"inLanguage":"pt-BR"},{"@type":"Person","@id":"https:\/\/radioportoseguro.com.br\/site\/#\/schema\/person\/7630acdc320186f13639d3c067ec089b","name":"admin","image":{"@type":"ImageObject","inLanguage":"pt-BR","@id":"https:\/\/radioportoseguro.com.br\/site\/#\/schema\/person\/image\/","url":"https:\/\/secure.gravatar.com\/avatar\/caacf4dc1eedb68fab0df8e1ed46c448e578b2466351bbcb61e47d2ac0caaef0?s=96&d=mm&r=g","contentUrl":"https:\/\/secure.gravatar.com\/avatar\/caacf4dc1eedb68fab0df8e1ed46c448e578b2466351bbcb61e47d2ac0caaef0?s=96&d=mm&r=g","caption":"admin"},"sameAs":["https:\/\/radioportoseguro.com.br\/site"],"url":"https:\/\/radioportoseguro.com.br\/site\/author\/hezio\/"}]}},"_links":{"self":[{"href":"https:\/\/radioportoseguro.com.br\/site\/wp-json\/wp\/v2\/posts\/6231","targetHints":{"allow":["GET"]}}],"collection":[{"href":"https:\/\/radioportoseguro.com.br\/site\/wp-json\/wp\/v2\/posts"}],"about":[{"href":"https:\/\/radioportoseguro.com.br\/site\/wp-json\/wp\/v2\/types\/post"}],"author":[{"embeddable":true,"href":"https:\/\/radioportoseguro.com.br\/site\/wp-json\/wp\/v2\/users\/1"}],"replies":[{"embeddable":true,"href":"https:\/\/radioportoseguro.com.br\/site\/wp-json\/wp\/v2\/comments?post=6231"}],"version-history":[{"count":0,"href":"https:\/\/radioportoseguro.com.br\/site\/wp-json\/wp\/v2\/posts\/6231\/revisions"}],"wp:featuredmedia":[{"embeddable":true,"href":"https:\/\/radioportoseguro.com.br\/site\/wp-json\/wp\/v2\/media\/3624"}],"wp:attachment":[{"href":"https:\/\/radioportoseguro.com.br\/site\/wp-json\/wp\/v2\/media?parent=6231"}],"wp:term":[{"taxonomy":"category","embeddable":true,"href":"https:\/\/radioportoseguro.com.br\/site\/wp-json\/wp\/v2\/categories?post=6231"},{"taxonomy":"post_tag","embeddable":true,"href":"https:\/\/radioportoseguro.com.br\/site\/wp-json\/wp\/v2\/tags?post=6231"}],"curies":[{"name":"wp","href":"https:\/\/api.w.org\/{rel}","templated":true}]}}